{"id":22866,"date":"2024-08-02T09:56:24","date_gmt":"2024-08-02T08:56:24","guid":{"rendered":"https:\/\/iacrianca.pt\/?p=22866"},"modified":"2024-08-07T12:11:57","modified_gmt":"2024-08-07T11:11:57","slug":"intercambio-nacional-de-criancas-e-jovens-uma-experiencia-inesquecivel","status":"publish","type":"post","link":"https:\/\/iacrianca.pt\/en\/2024\/08\/intercambio-nacional-de-criancas-e-jovens-uma-experiencia-inesquecivel\/","title":{"rendered":"Interc\u00e2mbio Nacional de Crian\u00e7as e Jovens \u2013 uma experi\u00eancia inesquec\u00edvel!"},"content":{"rendered":"<p>Entre os dias 16 e 18 de julho, a Quinta das \u00c1guas F\u00e9rreas, em Cane\u00e7as, acolheu o Interc\u00e2mbio Nacional de Crian\u00e7as e Jovens, uma iniciativa promovida no \u00e2mbito do Projeto da Rede Juvenil Crescer Juntos, este ano com o tema &#8220;Sa\u00fade Mental e Bem-Estar na Adolesc\u00eancia&#8221;.<\/p>\n<p>O Interc\u00e2mbio reuniu 46 participantes (34 crian\u00e7as e jovens e 12 t\u00e9cnicos) de diversos Polos da Rede Construir Juntos \u2013 Braga, Coimbra, Santar\u00e9m, Lisboa, \u00c9vora e Algarve), tendo proporcionado aos jovens uma experi\u00eancia enriquecedora de aprendizagem, intera\u00e7\u00e3o, conv\u00edvio e desenvolvimento de compet\u00eancias interpessoais.<\/p>\n<p>A manh\u00e3 do dia 16 foi dedicada \u00e0 rece\u00e7\u00e3o e acomoda\u00e7\u00e3o dos participantes, seguindo-se \u00e0 tarde din\u00e2micas de apresenta\u00e7\u00e3o e quebra-gelo, que visaram criar um ambiente acolhedor e prop\u00edcio \u00e0 intera\u00e7\u00e3o entre os jovens. Em seguida, os participantes tiveram a oportunidade de apresentar e partilhar os trabalhos que desenvolveram ao longo do ano nos diferentes polos no \u00e2mbito do Projeto. A noite foi marcada pela atividade \u201cTrilha das Emo\u00e7\u00f5es\u201d. Os jovens participaram em jogos e ateliers que os desafiaram a refletir sobre as suas pr\u00f3prias emo\u00e7\u00f5es, o autoconhecimento, a import\u00e2ncia da comunica\u00e7\u00e3o, da coopera\u00e7\u00e3o e da constru\u00e7\u00e3o de rela\u00e7\u00f5es saud\u00e1veis.<\/p>\n<p>O dia 17 foi dedicado a um conjunto de atividades din\u00e2micas e interativas num parque aqu\u00e1tico, onde os jovens realizaram diversas atividades desportivas e jogos aqu\u00e1ticos com o objetivo de promover a sensibiliza\u00e7\u00e3o para os diferentes aspetos da sa\u00fade mental e do bem-estar na adolesc\u00eancia. A noite foi preenchida com o Workshop \u201cDan\u00e7a com Impacto\u201d, no qual os jovens exploraram a express\u00e3o criativa como ferramenta para o autoconhecimento e a promo\u00e7\u00e3o do bem-estar emocional.<\/p>\n<p>Na manh\u00e3 do dia 18, os jovens reuniram-se para apresentar ideias e discutir a tem\u00e1tica a desenvolver no pr\u00f3ximo ano letivo, tendo sido consensual dar continuidade ao tema do Bem-estar na Adolesc\u00eancia. Foi tamb\u00e9m escolhido o novo logo da Rede Juvenil que foi atualizado por sugest\u00e3o dos jovens e passar\u00e1 a constar das iniciativas e documentos desta rede juvenil. O anterior tinha sido elaborado manualmente e n\u00e3o facilitava a sua inser\u00e7\u00e3o em documentos. Assim, foi elaborado um logo em formato digital, respeitando o desenho original, que foi aprovado pelos jovens da Rede Juvenil.<\/p>\n<p>Por fim, seguiu-se a avalia\u00e7\u00e3o do interc\u00e2mbio e a entrega de certificados aos participantes, reconhecendo o seu empenho e participa\u00e7\u00e3o ativa.<\/p>\n<p>Consideramos que o Interc\u00e2mbio Nacional de Crian\u00e7as e Jovens 2024 proporcionou aos participantes uma experi\u00eancia \u00fanica de aprendizagem, intera\u00e7\u00e3o e desenvolvimento pessoal. As imagens s\u00e3o bem elucidativas da forma como os jovens criaram la\u00e7os, fizeram amizades e sa\u00edram mais enriquecidos e fortalecidos com todas as partilhas e experi\u00eancias.<\/p>\n<p>Partilhamos aqui alguns testemunhos:<\/p>\n<p>\u201c\u2026Este parque aventura, situado numa das margens mais bonitas do Rio Tejo, proporcionou um dia repleto de atividades aqu\u00e1ticas e momentos inesquec\u00edveis de divers\u00e3o que jamais ser\u00e3o esquecidos! Essas atividades n\u00e3o s\u00f3 proporcionaram muita<\/p>\n<p>divers\u00e3o, mas tamb\u00e9m importantes li\u00e7\u00f5es sobre o trabalho em equipa, seguran\u00e7a na \u00e1gua e respeito pela natureza. Foi uma oportunidade maravilhosa para os nossos jovens interagirem, aprenderem e se divertirem num ambiente repleto de colabora\u00e7\u00e3o e crescimento m\u00fatuo.\u201d<\/p>\n<p>&#8220;Nestes tr\u00eas dias andei muito alegre e divertida!&#8221;<\/p>\n<p>\u201c(\u2026) Unimo-nos ao testemunho das nossas jovens e parabenizamos a Equipa do IAC, que se dedica \u00e0 programa\u00e7\u00e3o e organiza\u00e7\u00e3o, garantindo toda a log\u00edstica para que o encontro nacional de jovens decorra em seguran\u00e7a, com afeto e muita alegria partilhada, expulsando os medos e ansiedades, nem que tenha sido por tr\u00eas dias, foi uma experi\u00eancia fant\u00e1stica.\u201d<\/p>\n<p><img fetchpriority=\"high\" decoding=\"async\" class=\"alignnone wp-image-22869 size-full\" src=\"https:\/\/iacrianca.pt\/wp-content\/uploads\/intercambio-2.jpeg\" alt=\"\" width=\"1536\" height=\"2048\" srcset=\"https:\/\/iacrianca.pt\/wp-content\/uploads\/intercambio-2.jpeg 1536w, https:\/\/iacrianca.pt\/wp-content\/uploads\/intercambio-2-225x300.jpeg 225w, https:\/\/iacrianca.pt\/wp-content\/uploads\/intercambio-2-768x1024.jpeg 768w, https:\/\/iacrianca.pt\/wp-content\/uploads\/intercambio-2-1152x1536.jpeg 1152w\" sizes=\"(max-width: 1536px) 100vw, 1536px\" \/> <img decoding=\"async\" class=\"alignnone wp-image-22871 size-full\" src=\"https:\/\/iacrianca.pt\/wp-content\/uploads\/intercambio-3.jpeg\" alt=\"\" width=\"2048\" height=\"1536\" srcset=\"https:\/\/iacrianca.pt\/wp-content\/uploads\/intercambio-3.jpeg 2048w, https:\/\/iacrianca.pt\/wp-content\/uploads\/intercambio-3-300x225.jpeg 300w, https:\/\/iacrianca.pt\/wp-content\/uploads\/intercambio-3-1024x768.jpeg 1024w, https:\/\/iacrianca.pt\/wp-content\/uploads\/intercambio-3-768x576.jpeg 768w, https:\/\/iacrianca.pt\/wp-content\/uploads\/intercambio-3-1536x1152.jpeg 1536w\" sizes=\"(max-width: 2048px) 100vw, 2048px\" \/><\/p>\n<p><img decoding=\"async\" class=\"alignnone wp-image-22899 size-full\" src=\"https:\/\/iacrianca.pt\/wp-content\/uploads\/450196767-892328556271100-6132222487272516930-n.jpg\" alt=\"\" width=\"2048\" height=\"2048\" srcset=\"https:\/\/iacrianca.pt\/wp-content\/uploads\/450196767-892328556271100-6132222487272516930-n.jpg 2048w, https:\/\/iacrianca.pt\/wp-content\/uploads\/450196767-892328556271100-6132222487272516930-n-300x300.jpg 300w, https:\/\/iacrianca.pt\/wp-content\/uploads\/450196767-892328556271100-6132222487272516930-n-1024x1024.jpg 1024w, https:\/\/iacrianca.pt\/wp-content\/uploads\/450196767-892328556271100-6132222487272516930-n-150x150.jpg 150w, https:\/\/iacrianca.pt\/wp-content\/uploads\/450196767-892328556271100-6132222487272516930-n-768x768.jpg 768w, https:\/\/iacrianca.pt\/wp-content\/uploads\/450196767-892328556271100-6132222487272516930-n-1536x1536.jpg 1536w\" sizes=\"(max-width: 2048px) 100vw, 2048px\" \/><\/p>\n<p><img loading=\"lazy\" decoding=\"async\" class=\"alignnone wp-image-22905 size-full\" src=\"https:\/\/iacrianca.pt\/wp-content\/uploads\/whatsapp-image-2024-08-05-at-110716.jpeg\" alt=\"\" width=\"1600\" height=\"901\" srcset=\"https:\/\/iacrianca.pt\/wp-content\/uploads\/whatsapp-image-2024-08-05-at-110716.jpeg 1600w, https:\/\/iacrianca.pt\/wp-content\/uploads\/whatsapp-image-2024-08-05-at-110716-300x169.jpeg 300w, https:\/\/iacrianca.pt\/wp-content\/uploads\/whatsapp-image-2024-08-05-at-110716-1024x577.jpeg 1024w, https:\/\/iacrianca.pt\/wp-content\/uploads\/whatsapp-image-2024-08-05-at-110716-768x432.jpeg 768w, https:\/\/iacrianca.pt\/wp-content\/uploads\/whatsapp-image-2024-08-05-at-110716-1536x865.jpeg 1536w\" sizes=\"(max-width: 1600px) 100vw, 1600px\" \/> <img loading=\"lazy\" decoding=\"async\" class=\"alignnone wp-image-22903 size-full\" src=\"https:\/\/iacrianca.pt\/wp-content\/uploads\/whatsapp-image-2024-08-05-at-110716-2.jpeg\" alt=\"\" width=\"1600\" height=\"901\" srcset=\"https:\/\/iacrianca.pt\/wp-content\/uploads\/whatsapp-image-2024-08-05-at-110716-2.jpeg 1600w, https:\/\/iacrianca.pt\/wp-content\/uploads\/whatsapp-image-2024-08-05-at-110716-2-300x169.jpeg 300w, https:\/\/iacrianca.pt\/wp-content\/uploads\/whatsapp-image-2024-08-05-at-110716-2-1024x577.jpeg 1024w, https:\/\/iacrianca.pt\/wp-content\/uploads\/whatsapp-image-2024-08-05-at-110716-2-768x432.jpeg 768w, https:\/\/iacrianca.pt\/wp-content\/uploads\/whatsapp-image-2024-08-05-at-110716-2-1536x865.jpeg 1536w\" sizes=\"(max-width: 1600px) 100vw, 1600px\" \/><\/p>\n<p><img loading=\"lazy\" decoding=\"async\" class=\"alignnone wp-image-22991 size-full\" src=\"https:\/\/iacrianca.pt\/wp-content\/uploads\/whatsapp-image-2024-08-06-at-162932.jpeg\" alt=\"\" width=\"1600\" height=\"1200\" srcset=\"https:\/\/iacrianca.pt\/wp-content\/uploads\/whatsapp-image-2024-08-06-at-162932.jpeg 1600w, https:\/\/iacrianca.pt\/wp-content\/uploads\/whatsapp-image-2024-08-06-at-162932-300x225.jpeg 300w, https:\/\/iacrianca.pt\/wp-content\/uploads\/whatsapp-image-2024-08-06-at-162932-1024x768.jpeg 1024w, https:\/\/iacrianca.pt\/wp-content\/uploads\/whatsapp-image-2024-08-06-at-162932-768x576.jpeg 768w, https:\/\/iacrianca.pt\/wp-content\/uploads\/whatsapp-image-2024-08-06-at-162932-1536x1152.jpeg 1536w\" sizes=\"(max-width: 1600px) 100vw, 1600px\" \/><\/p>\n<p><img loading=\"lazy\" decoding=\"async\" class=\"alignnone wp-image-22994 size-full\" src=\"https:\/\/iacrianca.pt\/wp-content\/uploads\/whatsapp-image-2024-08-07-at-120737.jpeg\" alt=\"\" width=\"1600\" height=\"1200\" srcset=\"https:\/\/iacrianca.pt\/wp-content\/uploads\/whatsapp-image-2024-08-07-at-120737.jpeg 1600w, https:\/\/iacrianca.pt\/wp-content\/uploads\/whatsapp-image-2024-08-07-at-120737-300x225.jpeg 300w, https:\/\/iacrianca.pt\/wp-content\/uploads\/whatsapp-image-2024-08-07-at-120737-1024x768.jpeg 1024w, https:\/\/iacrianca.pt\/wp-content\/uploads\/whatsapp-image-2024-08-07-at-120737-768x576.jpeg 768w, https:\/\/iacrianca.pt\/wp-content\/uploads\/whatsapp-image-2024-08-07-at-120737-1536x1152.jpeg 1536w\" sizes=\"(max-width: 1600px) 100vw, 1600px\" \/><\/p>\n","protected":false},"excerpt":{"rendered":"<p>Entre os dias 16 e 18 de julho, a Quinta das \u00c1guas F\u00e9rreas, em Cane\u00e7as, acolheu o Interc\u00e2mbio Nacional de Crian\u00e7as e Jovens, uma iniciativa promovida no \u00e2mbito do Projeto da Rede Juvenil Crescer Juntos, este ano com o tema &#8220;Sa\u00fade Mental e Bem-Estar na Adolesc\u00eancia&#8221;. O Interc\u00e2mbio reuniu 46 participantes (34 crian\u00e7as e jovens&hellip;<\/p>\n","protected":false},"author":2,"featured_media":22907,"comment_status":"closed","ping_status":"open","sticky":false,"template":"","format":"standard","meta":{"_acf_changed":false,"footnotes":""},"categories":[63],"tags":[],"class_list":["post-22866","post","type-post","status-publish","format-standard","has-post-thumbnail","hentry","category-newsletter","category-63","description-off"],"acf":[],"yoast_head":"<!-- This site is optimized with the Yoast SEO plugin v27.5 - https:\/\/yoast.com\/product\/yoast-seo-wordpress\/ -->\n<title>Interc\u00e2mbio Nacional de Crian\u00e7as e Jovens \u2013 uma experi\u00eancia inesquec\u00edvel! | Instituto de Apoio \u00e0 Crian\u00e7a<\/title>\n<meta name=\"robots\" content=\"index, follow, max-snippet:-1, max-image-preview:large, max-video-preview:-1\" \/>\n<link rel=\"canonical\" href=\"https:\/\/iacrianca.pt\/en\/2024\/08\/intercambio-nacional-de-criancas-e-jovens-uma-experiencia-inesquecivel\/\" \/>\n<meta property=\"og:locale\" content=\"en_US\" \/>\n<meta property=\"og:type\" content=\"article\" \/>\n<meta property=\"og:title\" content=\"Interc\u00e2mbio Nacional de Crian\u00e7as e Jovens \u2013 uma experi\u00eancia inesquec\u00edvel! | Instituto de Apoio \u00e0 Crian\u00e7a\" \/>\n<meta property=\"og:description\" content=\"Entre os dias 16 e 18 de julho, a Quinta das \u00c1guas F\u00e9rreas, em Cane\u00e7as, acolheu o Interc\u00e2mbio Nacional de Crian\u00e7as e Jovens, uma iniciativa promovida no \u00e2mbito do Projeto da Rede Juvenil Crescer Juntos, este ano com o tema &#8220;Sa\u00fade Mental e Bem-Estar na Adolesc\u00eancia&#8221;. O Interc\u00e2mbio reuniu 46 participantes (34 crian\u00e7as e jovens&hellip;\" \/>\n<meta property=\"og:url\" content=\"https:\/\/iacrianca.pt\/en\/2024\/08\/intercambio-nacional-de-criancas-e-jovens-uma-experiencia-inesquecivel\/\" \/>\n<meta property=\"og:site_name\" content=\"Instituto de Apoio \u00e0 Crian\u00e7a\" \/>\n<meta property=\"article:publisher\" content=\"https:\/\/www.facebook.com\/iacinstitutodeapoioacrianca\" \/>\n<meta property=\"article:published_time\" content=\"2024-08-02T08:56:24+00:00\" \/>\n<meta property=\"article:modified_time\" content=\"2024-08-07T11:11:57+00:00\" \/>\n<meta property=\"og:image\" content=\"https:\/\/iacrianca.pt\/wp-content\/uploads\/whatsapp-image-2024-08-05-at-110716-1.jpeg\" \/>\n\t<meta property=\"og:image:width\" content=\"1600\" \/>\n\t<meta property=\"og:image:height\" content=\"901\" \/>\n\t<meta property=\"og:image:type\" content=\"image\/jpeg\" \/>\n<meta name=\"author\" content=\"Administra\u00e7\u00e3o IAC\" \/>\n<meta name=\"twitter:card\" content=\"summary_large_image\" \/>\n<meta name=\"twitter:creator\" content=\"@iacapoiocrianca\" \/>\n<meta name=\"twitter:site\" content=\"@iacapoiocrianca\" \/>\n<meta name=\"twitter:label1\" content=\"Written by\" \/>\n\t<meta name=\"twitter:data1\" content=\"Administra\u00e7\u00e3o IAC\" \/>\n\t<meta name=\"twitter:label2\" content=\"Est. reading time\" \/>\n\t<meta name=\"twitter:data2\" content=\"5 minutes\" \/>\n<script type=\"application\/ld+json\" class=\"yoast-schema-graph\">{\"@context\":\"https:\\\/\\\/schema.org\",\"@graph\":[{\"@type\":\"Article\",\"@id\":\"https:\\\/\\\/iacrianca.pt\\\/en\\\/2024\\\/08\\\/intercambio-nacional-de-criancas-e-jovens-uma-experiencia-inesquecivel\\\/#article\",\"isPartOf\":{\"@id\":\"https:\\\/\\\/iacrianca.pt\\\/en\\\/2024\\\/08\\\/intercambio-nacional-de-criancas-e-jovens-uma-experiencia-inesquecivel\\\/\"},\"author\":{\"name\":\"Administra\u00e7\u00e3o IAC\",\"@id\":\"https:\\\/\\\/iacrianca.pt\\\/en\\\/#\\\/schema\\\/person\\\/1c48c6e4b70d0dc7360e4b28ceaa5f6b\"},\"headline\":\"Interc\u00e2mbio Nacional de Crian\u00e7as e Jovens \u2013 uma experi\u00eancia inesquec\u00edvel!\",\"datePublished\":\"2024-08-02T08:56:24+00:00\",\"dateModified\":\"2024-08-07T11:11:57+00:00\",\"mainEntityOfPage\":{\"@id\":\"https:\\\/\\\/iacrianca.pt\\\/en\\\/2024\\\/08\\\/intercambio-nacional-de-criancas-e-jovens-uma-experiencia-inesquecivel\\\/\"},\"wordCount\":638,\"publisher\":{\"@id\":\"https:\\\/\\\/iacrianca.pt\\\/en\\\/#organization\"},\"image\":{\"@id\":\"https:\\\/\\\/iacrianca.pt\\\/en\\\/2024\\\/08\\\/intercambio-nacional-de-criancas-e-jovens-uma-experiencia-inesquecivel\\\/#primaryimage\"},\"thumbnailUrl\":\"https:\\\/\\\/iacrianca.pt\\\/wp-content\\\/uploads\\\/whatsapp-image-2024-08-05-at-110716-1.jpeg\",\"articleSection\":[\"Newsletter\"],\"inLanguage\":\"en-US\"},{\"@type\":\"WebPage\",\"@id\":\"https:\\\/\\\/iacrianca.pt\\\/en\\\/2024\\\/08\\\/intercambio-nacional-de-criancas-e-jovens-uma-experiencia-inesquecivel\\\/\",\"url\":\"https:\\\/\\\/iacrianca.pt\\\/en\\\/2024\\\/08\\\/intercambio-nacional-de-criancas-e-jovens-uma-experiencia-inesquecivel\\\/\",\"name\":\"Interc\u00e2mbio Nacional de Crian\u00e7as e Jovens \u2013 uma experi\u00eancia inesquec\u00edvel! | Instituto de Apoio \u00e0 Crian\u00e7a\",\"isPartOf\":{\"@id\":\"https:\\\/\\\/iacrianca.pt\\\/en\\\/#website\"},\"primaryImageOfPage\":{\"@id\":\"https:\\\/\\\/iacrianca.pt\\\/en\\\/2024\\\/08\\\/intercambio-nacional-de-criancas-e-jovens-uma-experiencia-inesquecivel\\\/#primaryimage\"},\"image\":{\"@id\":\"https:\\\/\\\/iacrianca.pt\\\/en\\\/2024\\\/08\\\/intercambio-nacional-de-criancas-e-jovens-uma-experiencia-inesquecivel\\\/#primaryimage\"},\"thumbnailUrl\":\"https:\\\/\\\/iacrianca.pt\\\/wp-content\\\/uploads\\\/whatsapp-image-2024-08-05-at-110716-1.jpeg\",\"datePublished\":\"2024-08-02T08:56:24+00:00\",\"dateModified\":\"2024-08-07T11:11:57+00:00\",\"breadcrumb\":{\"@id\":\"https:\\\/\\\/iacrianca.pt\\\/en\\\/2024\\\/08\\\/intercambio-nacional-de-criancas-e-jovens-uma-experiencia-inesquecivel\\\/#breadcrumb\"},\"inLanguage\":\"en-US\",\"potentialAction\":[{\"@type\":\"ReadAction\",\"target\":[\"https:\\\/\\\/iacrianca.pt\\\/en\\\/2024\\\/08\\\/intercambio-nacional-de-criancas-e-jovens-uma-experiencia-inesquecivel\\\/\"]}]},{\"@type\":\"ImageObject\",\"inLanguage\":\"en-US\",\"@id\":\"https:\\\/\\\/iacrianca.pt\\\/en\\\/2024\\\/08\\\/intercambio-nacional-de-criancas-e-jovens-uma-experiencia-inesquecivel\\\/#primaryimage\",\"url\":\"https:\\\/\\\/iacrianca.pt\\\/wp-content\\\/uploads\\\/whatsapp-image-2024-08-05-at-110716-1.jpeg\",\"contentUrl\":\"https:\\\/\\\/iacrianca.pt\\\/wp-content\\\/uploads\\\/whatsapp-image-2024-08-05-at-110716-1.jpeg\",\"width\":1600,\"height\":901},{\"@type\":\"BreadcrumbList\",\"@id\":\"https:\\\/\\\/iacrianca.pt\\\/en\\\/2024\\\/08\\\/intercambio-nacional-de-criancas-e-jovens-uma-experiencia-inesquecivel\\\/#breadcrumb\",\"itemListElement\":[{\"@type\":\"ListItem\",\"position\":1,\"name\":\"In\u00edcio\",\"item\":\"https:\\\/\\\/iacrianca.pt\\\/en\\\/\"},{\"@type\":\"ListItem\",\"position\":2,\"name\":\"Interc\u00e2mbio Nacional de Crian\u00e7as e Jovens \u2013 uma experi\u00eancia inesquec\u00edvel!\"}]},{\"@type\":\"WebSite\",\"@id\":\"https:\\\/\\\/iacrianca.pt\\\/en\\\/#website\",\"url\":\"https:\\\/\\\/iacrianca.pt\\\/en\\\/\",\"name\":\"Instituto de Apoio \u00e0 Crian\u00e7a\",\"description\":\"Desde 1983 na defesa e promo\u00e7\u00e3o dos direitos da crian\u00e7a\",\"publisher\":{\"@id\":\"https:\\\/\\\/iacrianca.pt\\\/en\\\/#organization\"},\"potentialAction\":[{\"@type\":\"SearchAction\",\"target\":{\"@type\":\"EntryPoint\",\"urlTemplate\":\"https:\\\/\\\/iacrianca.pt\\\/en\\\/?s={search_term_string}\"},\"query-input\":{\"@type\":\"PropertyValueSpecification\",\"valueRequired\":true,\"valueName\":\"search_term_string\"}}],\"inLanguage\":\"en-US\"},{\"@type\":\"Organization\",\"@id\":\"https:\\\/\\\/iacrianca.pt\\\/en\\\/#organization\",\"name\":\"Instituto de Apoio \u00e0 Crian\u00e7a\",\"url\":\"https:\\\/\\\/iacrianca.pt\\\/en\\\/\",\"logo\":{\"@type\":\"ImageObject\",\"inLanguage\":\"en-US\",\"@id\":\"https:\\\/\\\/iacrianca.pt\\\/en\\\/#\\\/schema\\\/logo\\\/image\\\/\",\"url\":\"https:\\\/\\\/iacrianca.pt\\\/wp-content\\\/uploads\\\/2020\\\/04\\\/logo-iac-SD.jpg\",\"contentUrl\":\"https:\\\/\\\/iacrianca.pt\\\/wp-content\\\/uploads\\\/2020\\\/04\\\/logo-iac-SD.jpg\",\"width\":152,\"height\":73,\"caption\":\"Instituto de Apoio \u00e0 Crian\u00e7a\"},\"image\":{\"@id\":\"https:\\\/\\\/iacrianca.pt\\\/en\\\/#\\\/schema\\\/logo\\\/image\\\/\"},\"sameAs\":[\"https:\\\/\\\/www.facebook.com\\\/iacinstitutodeapoioacrianca\",\"https:\\\/\\\/x.com\\\/iacapoiocrianca\",\"https:\\\/\\\/www.youtube.com\\\/channel\\\/UC0jjfZ_xkN_59gJf_RQ-ZnQ\",\"https:\\\/\\\/www.linkedin.com\\\/company\\\/instituto-de-apoio--criana\\\/\",\"https:\\\/\\\/www.instagram.com\\\/iacinstitutodeapoioacrianca\\\/\",\"https:\\\/\\\/criancasatortoeadireitos.wordpress.com\\\/\"]},{\"@type\":\"Person\",\"@id\":\"https:\\\/\\\/iacrianca.pt\\\/en\\\/#\\\/schema\\\/person\\\/1c48c6e4b70d0dc7360e4b28ceaa5f6b\",\"name\":\"Administra\u00e7\u00e3o IAC\",\"image\":{\"@type\":\"ImageObject\",\"inLanguage\":\"en-US\",\"@id\":\"https:\\\/\\\/secure.gravatar.com\\\/avatar\\\/60b998c71de37dcc1398fc6d48c6b5ed7533e3ceec837c948055f072e3158ff1?s=96&d=mm&r=g\",\"url\":\"https:\\\/\\\/secure.gravatar.com\\\/avatar\\\/60b998c71de37dcc1398fc6d48c6b5ed7533e3ceec837c948055f072e3158ff1?s=96&d=mm&r=g\",\"contentUrl\":\"https:\\\/\\\/secure.gravatar.com\\\/avatar\\\/60b998c71de37dcc1398fc6d48c6b5ed7533e3ceec837c948055f072e3158ff1?s=96&d=mm&r=g\",\"caption\":\"Administra\u00e7\u00e3o IAC\"}}]}<\/script>\n<!-- \/ Yoast SEO plugin. -->","yoast_head_json":{"title":"Interc\u00e2mbio Nacional de Crian\u00e7as e Jovens \u2013 uma experi\u00eancia inesquec\u00edvel! | Instituto de Apoio \u00e0 Crian\u00e7a","robots":{"index":"index","follow":"follow","max-snippet":"max-snippet:-1","max-image-preview":"max-image-preview:large","max-video-preview":"max-video-preview:-1"},"canonical":"https:\/\/iacrianca.pt\/en\/2024\/08\/intercambio-nacional-de-criancas-e-jovens-uma-experiencia-inesquecivel\/","og_locale":"en_US","og_type":"article","og_title":"Interc\u00e2mbio Nacional de Crian\u00e7as e Jovens \u2013 uma experi\u00eancia inesquec\u00edvel! | Instituto de Apoio \u00e0 Crian\u00e7a","og_description":"Entre os dias 16 e 18 de julho, a Quinta das \u00c1guas F\u00e9rreas, em Cane\u00e7as, acolheu o Interc\u00e2mbio Nacional de Crian\u00e7as e Jovens, uma iniciativa promovida no \u00e2mbito do Projeto da Rede Juvenil Crescer Juntos, este ano com o tema &#8220;Sa\u00fade Mental e Bem-Estar na Adolesc\u00eancia&#8221;. O Interc\u00e2mbio reuniu 46 participantes (34 crian\u00e7as e jovens&hellip;","og_url":"https:\/\/iacrianca.pt\/en\/2024\/08\/intercambio-nacional-de-criancas-e-jovens-uma-experiencia-inesquecivel\/","og_site_name":"Instituto de Apoio \u00e0 Crian\u00e7a","article_publisher":"https:\/\/www.facebook.com\/iacinstitutodeapoioacrianca","article_published_time":"2024-08-02T08:56:24+00:00","article_modified_time":"2024-08-07T11:11:57+00:00","og_image":[{"width":1600,"height":901,"url":"https:\/\/iacrianca.pt\/wp-content\/uploads\/whatsapp-image-2024-08-05-at-110716-1.jpeg","type":"image\/jpeg"}],"author":"Administra\u00e7\u00e3o IAC","twitter_card":"summary_large_image","twitter_creator":"@iacapoiocrianca","twitter_site":"@iacapoiocrianca","twitter_misc":{"Written by":"Administra\u00e7\u00e3o IAC","Est. reading time":"5 minutes"},"schema":{"@context":"https:\/\/schema.org","@graph":[{"@type":"Article","@id":"https:\/\/iacrianca.pt\/en\/2024\/08\/intercambio-nacional-de-criancas-e-jovens-uma-experiencia-inesquecivel\/#article","isPartOf":{"@id":"https:\/\/iacrianca.pt\/en\/2024\/08\/intercambio-nacional-de-criancas-e-jovens-uma-experiencia-inesquecivel\/"},"author":{"name":"Administra\u00e7\u00e3o IAC","@id":"https:\/\/iacrianca.pt\/en\/#\/schema\/person\/1c48c6e4b70d0dc7360e4b28ceaa5f6b"},"headline":"Interc\u00e2mbio Nacional de Crian\u00e7as e Jovens \u2013 uma experi\u00eancia inesquec\u00edvel!","datePublished":"2024-08-02T08:56:24+00:00","dateModified":"2024-08-07T11:11:57+00:00","mainEntityOfPage":{"@id":"https:\/\/iacrianca.pt\/en\/2024\/08\/intercambio-nacional-de-criancas-e-jovens-uma-experiencia-inesquecivel\/"},"wordCount":638,"publisher":{"@id":"https:\/\/iacrianca.pt\/en\/#organization"},"image":{"@id":"https:\/\/iacrianca.pt\/en\/2024\/08\/intercambio-nacional-de-criancas-e-jovens-uma-experiencia-inesquecivel\/#primaryimage"},"thumbnailUrl":"https:\/\/iacrianca.pt\/wp-content\/uploads\/whatsapp-image-2024-08-05-at-110716-1.jpeg","articleSection":["Newsletter"],"inLanguage":"en-US"},{"@type":"WebPage","@id":"https:\/\/iacrianca.pt\/en\/2024\/08\/intercambio-nacional-de-criancas-e-jovens-uma-experiencia-inesquecivel\/","url":"https:\/\/iacrianca.pt\/en\/2024\/08\/intercambio-nacional-de-criancas-e-jovens-uma-experiencia-inesquecivel\/","name":"Interc\u00e2mbio Nacional de Crian\u00e7as e Jovens \u2013 uma experi\u00eancia inesquec\u00edvel! | Instituto de Apoio \u00e0 Crian\u00e7a","isPartOf":{"@id":"https:\/\/iacrianca.pt\/en\/#website"},"primaryImageOfPage":{"@id":"https:\/\/iacrianca.pt\/en\/2024\/08\/intercambio-nacional-de-criancas-e-jovens-uma-experiencia-inesquecivel\/#primaryimage"},"image":{"@id":"https:\/\/iacrianca.pt\/en\/2024\/08\/intercambio-nacional-de-criancas-e-jovens-uma-experiencia-inesquecivel\/#primaryimage"},"thumbnailUrl":"https:\/\/iacrianca.pt\/wp-content\/uploads\/whatsapp-image-2024-08-05-at-110716-1.jpeg","datePublished":"2024-08-02T08:56:24+00:00","dateModified":"2024-08-07T11:11:57+00:00","breadcrumb":{"@id":"https:\/\/iacrianca.pt\/en\/2024\/08\/intercambio-nacional-de-criancas-e-jovens-uma-experiencia-inesquecivel\/#breadcrumb"},"inLanguage":"en-US","potentialAction":[{"@type":"ReadAction","target":["https:\/\/iacrianca.pt\/en\/2024\/08\/intercambio-nacional-de-criancas-e-jovens-uma-experiencia-inesquecivel\/"]}]},{"@type":"ImageObject","inLanguage":"en-US","@id":"https:\/\/iacrianca.pt\/en\/2024\/08\/intercambio-nacional-de-criancas-e-jovens-uma-experiencia-inesquecivel\/#primaryimage","url":"https:\/\/iacrianca.pt\/wp-content\/uploads\/whatsapp-image-2024-08-05-at-110716-1.jpeg","contentUrl":"https:\/\/iacrianca.pt\/wp-content\/uploads\/whatsapp-image-2024-08-05-at-110716-1.jpeg","width":1600,"height":901},{"@type":"BreadcrumbList","@id":"https:\/\/iacrianca.pt\/en\/2024\/08\/intercambio-nacional-de-criancas-e-jovens-uma-experiencia-inesquecivel\/#breadcrumb","itemListElement":[{"@type":"ListItem","position":1,"name":"In\u00edcio","item":"https:\/\/iacrianca.pt\/en\/"},{"@type":"ListItem","position":2,"name":"Interc\u00e2mbio Nacional de Crian\u00e7as e Jovens \u2013 uma experi\u00eancia inesquec\u00edvel!"}]},{"@type":"WebSite","@id":"https:\/\/iacrianca.pt\/en\/#website","url":"https:\/\/iacrianca.pt\/en\/","name":"Instituto de Apoio \u00e0 Crian\u00e7a","description":"Desde 1983 na defesa e promo\u00e7\u00e3o dos direitos da crian\u00e7a","publisher":{"@id":"https:\/\/iacrianca.pt\/en\/#organization"},"potentialAction":[{"@type":"SearchAction","target":{"@type":"EntryPoint","urlTemplate":"https:\/\/iacrianca.pt\/en\/?s={search_term_string}"},"query-input":{"@type":"PropertyValueSpecification","valueRequired":true,"valueName":"search_term_string"}}],"inLanguage":"en-US"},{"@type":"Organization","@id":"https:\/\/iacrianca.pt\/en\/#organization","name":"Instituto de Apoio \u00e0 Crian\u00e7a","url":"https:\/\/iacrianca.pt\/en\/","logo":{"@type":"ImageObject","inLanguage":"en-US","@id":"https:\/\/iacrianca.pt\/en\/#\/schema\/logo\/image\/","url":"https:\/\/iacrianca.pt\/wp-content\/uploads\/2020\/04\/logo-iac-SD.jpg","contentUrl":"https:\/\/iacrianca.pt\/wp-content\/uploads\/2020\/04\/logo-iac-SD.jpg","width":152,"height":73,"caption":"Instituto de Apoio \u00e0 Crian\u00e7a"},"image":{"@id":"https:\/\/iacrianca.pt\/en\/#\/schema\/logo\/image\/"},"sameAs":["https:\/\/www.facebook.com\/iacinstitutodeapoioacrianca","https:\/\/x.com\/iacapoiocrianca","https:\/\/www.youtube.com\/channel\/UC0jjfZ_xkN_59gJf_RQ-ZnQ","https:\/\/www.linkedin.com\/company\/instituto-de-apoio--criana\/","https:\/\/www.instagram.com\/iacinstitutodeapoioacrianca\/","https:\/\/criancasatortoeadireitos.wordpress.com\/"]},{"@type":"Person","@id":"https:\/\/iacrianca.pt\/en\/#\/schema\/person\/1c48c6e4b70d0dc7360e4b28ceaa5f6b","name":"Administra\u00e7\u00e3o IAC","image":{"@type":"ImageObject","inLanguage":"en-US","@id":"https:\/\/secure.gravatar.com\/avatar\/60b998c71de37dcc1398fc6d48c6b5ed7533e3ceec837c948055f072e3158ff1?s=96&d=mm&r=g","url":"https:\/\/secure.gravatar.com\/avatar\/60b998c71de37dcc1398fc6d48c6b5ed7533e3ceec837c948055f072e3158ff1?s=96&d=mm&r=g","contentUrl":"https:\/\/secure.gravatar.com\/avatar\/60b998c71de37dcc1398fc6d48c6b5ed7533e3ceec837c948055f072e3158ff1?s=96&d=mm&r=g","caption":"Administra\u00e7\u00e3o IAC"}}]}},"_links":{"self":[{"href":"https:\/\/iacrianca.pt\/en\/wp-json\/wp\/v2\/posts\/22866","targetHints":{"allow":["GET"]}}],"collection":[{"href":"https:\/\/iacrianca.pt\/en\/wp-json\/wp\/v2\/posts"}],"about":[{"href":"https:\/\/iacrianca.pt\/en\/wp-json\/wp\/v2\/types\/post"}],"author":[{"embeddable":true,"href":"https:\/\/iacrianca.pt\/en\/wp-json\/wp\/v2\/users\/2"}],"replies":[{"embeddable":true,"href":"https:\/\/iacrianca.pt\/en\/wp-json\/wp\/v2\/comments?post=22866"}],"version-history":[{"count":0,"href":"https:\/\/iacrianca.pt\/en\/wp-json\/wp\/v2\/posts\/22866\/revisions"}],"wp:featuredmedia":[{"embeddable":true,"href":"https:\/\/iacrianca.pt\/en\/wp-json\/wp\/v2\/media\/22907"}],"wp:attachment":[{"href":"https:\/\/iacrianca.pt\/en\/wp-json\/wp\/v2\/media?parent=22866"}],"wp:term":[{"taxonomy":"category","embeddable":true,"href":"https:\/\/iacrianca.pt\/en\/wp-json\/wp\/v2\/categories?post=22866"},{"taxonomy":"post_tag","embeddable":true,"href":"https:\/\/iacrianca.pt\/en\/wp-json\/wp\/v2\/tags?post=22866"}],"curies":[{"name":"wp","href":"https:\/\/api.w.org\/{rel}","templated":true}]}}