{"id":23104,"date":"2024-10-03T16:08:19","date_gmt":"2024-10-03T15:08:19","guid":{"rendered":"https:\/\/iacrianca.pt\/?p=23104"},"modified":"2024-10-03T16:12:50","modified_gmt":"2024-10-03T15:12:50","slug":"23104","status":"publish","type":"post","link":"https:\/\/iacrianca.pt\/en\/2024\/10\/23104\/","title":{"rendered":"IAC Premiado pelo Trabalho Desenvolvido"},"content":{"rendered":"<p>Nos dias 25, 26 e 27 de setembro decorreu o 6.\u00ba Congresso da Ordem dos Psic\u00f3logos \/ XIII Congresso Ibero-Americano de Psicologia, em Lisboa, no Centro Cultural de Bel\u00e9m.<\/p>\n<p>O trabalho de investiga\u00e7\u00e3o desenvolvido pelo IAC foi divulgado neste Congresso.<\/p>\n<p>Foram apresentados a comunica\u00e7\u00e3o oral \u00abSer\u00e1 que uma palmada resolve?\u201d: O que pensa a sociedade sobre os castigos corporais\u00bb e o p\u00f3ster \u00abFilho\/a fui. Pai\/M\u00e3e serei: As implica\u00e7\u00f5es das mem\u00f3rias de inf\u00e2ncia para as cren\u00e7as de aceita\u00e7\u00e3o dos castigos corporais e as pr\u00e1ticas educativas\u00bb, ambos da autoria de Fernanda Salvaterra, Rita Amaral e Mara Chora.<\/p>\n<p>O p\u00f3ster foi distinguido com o Pr\u00e9mio de Melhor Poster em Portugu\u00eas XIII Congresso Ibero-Americano de Psicologia, promovido pela FIAP \u2013 Federa\u00e7\u00e3o Ibero-Americana de Associa\u00e7\u00f5es e Col\u00e9gios de Psicologia.<\/p>\n<p>Estes trabalhos est\u00e3o integrados na Campanha do IAC, \u201cNem Mais uma Palmada\u201d, lan\u00e7ada a 22 de fevereiro de 2022. Esta Campanha, na sequ\u00eancia da candidatura ao \u201cPr\u00e9mio FIAP Lucha contra la violencia\u201d, recebeu uma Men\u00e7\u00e3o Honrosa enquanto projeto de destaque e import\u00e2ncia para a sociedade.<\/p>\n<div id=\"attachment_23105\" style=\"width: 1386px\" class=\"wp-caption alignnone\"><img fetchpriority=\"high\" decoding=\"async\" aria-describedby=\"caption-attachment-23105\" class=\"wp-image-23105 size-full\" src=\"https:\/\/iacrianca.pt\/wp-content\/uploads\/mara3.jpg\" alt=\"\" width=\"1376\" height=\"762\" srcset=\"https:\/\/iacrianca.pt\/wp-content\/uploads\/mara3.jpg 1376w, https:\/\/iacrianca.pt\/wp-content\/uploads\/mara3-300x166.jpg 300w, https:\/\/iacrianca.pt\/wp-content\/uploads\/mara3-1024x567.jpg 1024w, https:\/\/iacrianca.pt\/wp-content\/uploads\/mara3-768x425.jpg 768w\" sizes=\"(max-width: 1376px) 100vw, 1376px\" \/><p id=\"caption-attachment-23105\" class=\"wp-caption-text\">Cerim\u00f3nia de entrega do pr\u00e9mio de melhor poster est\u00e3o: Jos\u00e9 Ten\u00f3rio Iglesias (Secret\u00e1rio Geral do Consejo General de Psicolog\u00eda de Espa\u00f1a &#8211; \u00e0 direita), Alfredo Fern\u00e1ndez Herrero (Secret\u00e1rio T\u00e9cnico da Presid\u00eancia do Consejo General de Psicolog\u00eda de Espa\u00f1a &#8211; \u00e0 esquerda) e Marisa Carvalho (Presidente do Conselho de Especialidade de Psicologia da Educa\u00e7\u00e3o da Ordem dos Psic\u00f3logos Portugueses, ao centro).<\/p><\/div>\n<div id=\"attachment_23107\" style=\"width: 1610px\" class=\"wp-caption alignnone\"><img decoding=\"async\" aria-describedby=\"caption-attachment-23107\" class=\"wp-image-23107 size-full\" src=\"https:\/\/iacrianca.pt\/wp-content\/uploads\/fernanda.jpeg\" alt=\"\" width=\"1600\" height=\"1066\" srcset=\"https:\/\/iacrianca.pt\/wp-content\/uploads\/fernanda.jpeg 1600w, https:\/\/iacrianca.pt\/wp-content\/uploads\/fernanda-300x200.jpeg 300w, https:\/\/iacrianca.pt\/wp-content\/uploads\/fernanda-1024x682.jpeg 1024w, https:\/\/iacrianca.pt\/wp-content\/uploads\/fernanda-768x512.jpeg 768w, https:\/\/iacrianca.pt\/wp-content\/uploads\/fernanda-1536x1023.jpeg 1536w\" sizes=\"(max-width: 1600px) 100vw, 1600px\" \/><p id=\"caption-attachment-23107\" class=\"wp-caption-text\">Fernanda Salvaterra a receber a men\u00e7\u00e3o honrosa, est\u00e3o presentes Francisco Miranda Rodrigues, Baston\u00e1rio da Ordem dos Psic\u00f3logos Portugueses e presidente da Federa\u00e7\u00e3o Ibero-Americana de Psicologia (\u00e0 direita), e Francisco Santolaya, Presidente do Consejo General de Psicolog\u00eda de Espa\u00f1a (\u00e0 esquerda).<\/p><\/div>\n<p><img decoding=\"async\" class=\"alignnone wp-image-23111 size-full\" src=\"https:\/\/iacrianca.pt\/wp-content\/uploads\/mara5.jpg\" alt=\"\" width=\"1305\" height=\"787\" srcset=\"https:\/\/iacrianca.pt\/wp-content\/uploads\/mara5.jpg 1305w, https:\/\/iacrianca.pt\/wp-content\/uploads\/mara5-300x181.jpg 300w, https:\/\/iacrianca.pt\/wp-content\/uploads\/mara5-1024x618.jpg 1024w, https:\/\/iacrianca.pt\/wp-content\/uploads\/mara5-768x463.jpg 768w\" sizes=\"(max-width: 1305px) 100vw, 1305px\" \/> <img loading=\"lazy\" decoding=\"async\" class=\"alignnone wp-image-23109 size-full\" src=\"https:\/\/iacrianca.pt\/wp-content\/uploads\/mara4.jpeg\" alt=\"\" width=\"1600\" height=\"1066\" srcset=\"https:\/\/iacrianca.pt\/wp-content\/uploads\/mara4.jpeg 1600w, https:\/\/iacrianca.pt\/wp-content\/uploads\/mara4-300x200.jpeg 300w, https:\/\/iacrianca.pt\/wp-content\/uploads\/mara4-1024x682.jpeg 1024w, https:\/\/iacrianca.pt\/wp-content\/uploads\/mara4-768x512.jpeg 768w, https:\/\/iacrianca.pt\/wp-content\/uploads\/mara4-1536x1023.jpeg 1536w\" sizes=\"(max-width: 1600px) 100vw, 1600px\" \/><\/p>\n","protected":false},"excerpt":{"rendered":"<p>Nos dias 25, 26 e 27 de setembro decorreu o 6.\u00ba Congresso da Ordem dos Psic\u00f3logos \/ XIII Congresso Ibero-Americano de Psicologia, em Lisboa, no Centro Cultural de Bel\u00e9m. O trabalho de investiga\u00e7\u00e3o desenvolvido pelo IAC foi divulgado neste Congresso. Foram apresentados a comunica\u00e7\u00e3o oral \u00abSer\u00e1 que uma palmada resolve?\u201d: O que pensa a sociedade&hellip;<\/p>\n","protected":false},"author":2,"featured_media":23107,"comment_status":"closed","ping_status":"open","sticky":false,"template":"","format":"standard","meta":{"_acf_changed":false,"footnotes":""},"categories":[63],"tags":[],"class_list":["post-23104","post","type-post","status-publish","format-standard","has-post-thumbnail","hentry","category-newsletter","category-63","description-off"],"acf":[],"yoast_head":"<!-- This site is optimized with the Yoast SEO plugin v27.5 - https:\/\/yoast.com\/product\/yoast-seo-wordpress\/ -->\n<title>IAC Premiado pelo Trabalho Desenvolvido | Instituto de Apoio \u00e0 Crian\u00e7a<\/title>\n<meta name=\"robots\" content=\"index, follow, max-snippet:-1, max-image-preview:large, max-video-preview:-1\" \/>\n<link rel=\"canonical\" href=\"https:\/\/iacrianca.pt\/en\/2024\/10\/23104\/\" \/>\n<meta property=\"og:locale\" content=\"en_US\" \/>\n<meta property=\"og:type\" content=\"article\" \/>\n<meta property=\"og:title\" content=\"IAC Premiado pelo Trabalho Desenvolvido | Instituto de Apoio \u00e0 Crian\u00e7a\" \/>\n<meta property=\"og:description\" content=\"Nos dias 25, 26 e 27 de setembro decorreu o 6.\u00ba Congresso da Ordem dos Psic\u00f3logos \/ XIII Congresso Ibero-Americano de Psicologia, em Lisboa, no Centro Cultural de Bel\u00e9m. O trabalho de investiga\u00e7\u00e3o desenvolvido pelo IAC foi divulgado neste Congresso. Foram apresentados a comunica\u00e7\u00e3o oral \u00abSer\u00e1 que uma palmada resolve?\u201d: O que pensa a sociedade&hellip;\" \/>\n<meta property=\"og:url\" content=\"https:\/\/iacrianca.pt\/en\/2024\/10\/23104\/\" \/>\n<meta property=\"og:site_name\" content=\"Instituto de Apoio \u00e0 Crian\u00e7a\" \/>\n<meta property=\"article:publisher\" content=\"https:\/\/www.facebook.com\/iacinstitutodeapoioacrianca\" \/>\n<meta property=\"article:published_time\" content=\"2024-10-03T15:08:19+00:00\" \/>\n<meta property=\"article:modified_time\" content=\"2024-10-03T15:12:50+00:00\" \/>\n<meta property=\"og:image\" content=\"https:\/\/iacrianca.pt\/wp-content\/uploads\/fernanda.jpeg\" \/>\n\t<meta property=\"og:image:width\" content=\"1600\" \/>\n\t<meta property=\"og:image:height\" content=\"1066\" \/>\n\t<meta property=\"og:image:type\" content=\"image\/jpeg\" \/>\n<meta name=\"author\" content=\"Administra\u00e7\u00e3o IAC\" \/>\n<meta name=\"twitter:card\" content=\"summary_large_image\" \/>\n<meta name=\"twitter:creator\" content=\"@iacapoiocrianca\" \/>\n<meta name=\"twitter:site\" content=\"@iacapoiocrianca\" \/>\n<meta name=\"twitter:label1\" content=\"Written by\" \/>\n\t<meta name=\"twitter:data1\" content=\"Administra\u00e7\u00e3o IAC\" \/>\n\t<meta name=\"twitter:label2\" content=\"Est. reading time\" \/>\n\t<meta name=\"twitter:data2\" content=\"3 minutes\" \/>\n<script type=\"application\/ld+json\" class=\"yoast-schema-graph\">{\"@context\":\"https:\\\/\\\/schema.org\",\"@graph\":[{\"@type\":\"Article\",\"@id\":\"https:\\\/\\\/iacrianca.pt\\\/en\\\/2024\\\/10\\\/23104\\\/#article\",\"isPartOf\":{\"@id\":\"https:\\\/\\\/iacrianca.pt\\\/en\\\/2024\\\/10\\\/23104\\\/\"},\"author\":{\"name\":\"Administra\u00e7\u00e3o IAC\",\"@id\":\"https:\\\/\\\/iacrianca.pt\\\/en\\\/#\\\/schema\\\/person\\\/1c48c6e4b70d0dc7360e4b28ceaa5f6b\"},\"headline\":\"IAC Premiado pelo Trabalho Desenvolvido\",\"datePublished\":\"2024-10-03T15:08:19+00:00\",\"dateModified\":\"2024-10-03T15:12:50+00:00\",\"mainEntityOfPage\":{\"@id\":\"https:\\\/\\\/iacrianca.pt\\\/en\\\/2024\\\/10\\\/23104\\\/\"},\"wordCount\":324,\"publisher\":{\"@id\":\"https:\\\/\\\/iacrianca.pt\\\/en\\\/#organization\"},\"image\":{\"@id\":\"https:\\\/\\\/iacrianca.pt\\\/en\\\/2024\\\/10\\\/23104\\\/#primaryimage\"},\"thumbnailUrl\":\"https:\\\/\\\/iacrianca.pt\\\/wp-content\\\/uploads\\\/fernanda.jpeg\",\"articleSection\":[\"Newsletter\"],\"inLanguage\":\"en-US\"},{\"@type\":\"WebPage\",\"@id\":\"https:\\\/\\\/iacrianca.pt\\\/en\\\/2024\\\/10\\\/23104\\\/\",\"url\":\"https:\\\/\\\/iacrianca.pt\\\/en\\\/2024\\\/10\\\/23104\\\/\",\"name\":\"IAC Premiado pelo Trabalho Desenvolvido | Instituto de Apoio \u00e0 Crian\u00e7a\",\"isPartOf\":{\"@id\":\"https:\\\/\\\/iacrianca.pt\\\/en\\\/#website\"},\"primaryImageOfPage\":{\"@id\":\"https:\\\/\\\/iacrianca.pt\\\/en\\\/2024\\\/10\\\/23104\\\/#primaryimage\"},\"image\":{\"@id\":\"https:\\\/\\\/iacrianca.pt\\\/en\\\/2024\\\/10\\\/23104\\\/#primaryimage\"},\"thumbnailUrl\":\"https:\\\/\\\/iacrianca.pt\\\/wp-content\\\/uploads\\\/fernanda.jpeg\",\"datePublished\":\"2024-10-03T15:08:19+00:00\",\"dateModified\":\"2024-10-03T15:12:50+00:00\",\"breadcrumb\":{\"@id\":\"https:\\\/\\\/iacrianca.pt\\\/en\\\/2024\\\/10\\\/23104\\\/#breadcrumb\"},\"inLanguage\":\"en-US\",\"potentialAction\":[{\"@type\":\"ReadAction\",\"target\":[\"https:\\\/\\\/iacrianca.pt\\\/en\\\/2024\\\/10\\\/23104\\\/\"]}]},{\"@type\":\"ImageObject\",\"inLanguage\":\"en-US\",\"@id\":\"https:\\\/\\\/iacrianca.pt\\\/en\\\/2024\\\/10\\\/23104\\\/#primaryimage\",\"url\":\"https:\\\/\\\/iacrianca.pt\\\/wp-content\\\/uploads\\\/fernanda.jpeg\",\"contentUrl\":\"https:\\\/\\\/iacrianca.pt\\\/wp-content\\\/uploads\\\/fernanda.jpeg\",\"width\":1600,\"height\":1066},{\"@type\":\"BreadcrumbList\",\"@id\":\"https:\\\/\\\/iacrianca.pt\\\/en\\\/2024\\\/10\\\/23104\\\/#breadcrumb\",\"itemListElement\":[{\"@type\":\"ListItem\",\"position\":1,\"name\":\"In\u00edcio\",\"item\":\"https:\\\/\\\/iacrianca.pt\\\/en\\\/\"},{\"@type\":\"ListItem\",\"position\":2,\"name\":\"IAC Premiado pelo Trabalho Desenvolvido\"}]},{\"@type\":\"WebSite\",\"@id\":\"https:\\\/\\\/iacrianca.pt\\\/en\\\/#website\",\"url\":\"https:\\\/\\\/iacrianca.pt\\\/en\\\/\",\"name\":\"Instituto de Apoio \u00e0 Crian\u00e7a\",\"description\":\"Desde 1983 na defesa e promo\u00e7\u00e3o dos direitos da crian\u00e7a\",\"publisher\":{\"@id\":\"https:\\\/\\\/iacrianca.pt\\\/en\\\/#organization\"},\"potentialAction\":[{\"@type\":\"SearchAction\",\"target\":{\"@type\":\"EntryPoint\",\"urlTemplate\":\"https:\\\/\\\/iacrianca.pt\\\/en\\\/?s={search_term_string}\"},\"query-input\":{\"@type\":\"PropertyValueSpecification\",\"valueRequired\":true,\"valueName\":\"search_term_string\"}}],\"inLanguage\":\"en-US\"},{\"@type\":\"Organization\",\"@id\":\"https:\\\/\\\/iacrianca.pt\\\/en\\\/#organization\",\"name\":\"Instituto de Apoio \u00e0 Crian\u00e7a\",\"url\":\"https:\\\/\\\/iacrianca.pt\\\/en\\\/\",\"logo\":{\"@type\":\"ImageObject\",\"inLanguage\":\"en-US\",\"@id\":\"https:\\\/\\\/iacrianca.pt\\\/en\\\/#\\\/schema\\\/logo\\\/image\\\/\",\"url\":\"https:\\\/\\\/iacrianca.pt\\\/wp-content\\\/uploads\\\/2020\\\/04\\\/logo-iac-SD.jpg\",\"contentUrl\":\"https:\\\/\\\/iacrianca.pt\\\/wp-content\\\/uploads\\\/2020\\\/04\\\/logo-iac-SD.jpg\",\"width\":152,\"height\":73,\"caption\":\"Instituto de Apoio \u00e0 Crian\u00e7a\"},\"image\":{\"@id\":\"https:\\\/\\\/iacrianca.pt\\\/en\\\/#\\\/schema\\\/logo\\\/image\\\/\"},\"sameAs\":[\"https:\\\/\\\/www.facebook.com\\\/iacinstitutodeapoioacrianca\",\"https:\\\/\\\/x.com\\\/iacapoiocrianca\",\"https:\\\/\\\/www.youtube.com\\\/channel\\\/UC0jjfZ_xkN_59gJf_RQ-ZnQ\",\"https:\\\/\\\/www.linkedin.com\\\/company\\\/instituto-de-apoio--criana\\\/\",\"https:\\\/\\\/www.instagram.com\\\/iacinstitutodeapoioacrianca\\\/\",\"https:\\\/\\\/criancasatortoeadireitos.wordpress.com\\\/\"]},{\"@type\":\"Person\",\"@id\":\"https:\\\/\\\/iacrianca.pt\\\/en\\\/#\\\/schema\\\/person\\\/1c48c6e4b70d0dc7360e4b28ceaa5f6b\",\"name\":\"Administra\u00e7\u00e3o IAC\",\"image\":{\"@type\":\"ImageObject\",\"inLanguage\":\"en-US\",\"@id\":\"https:\\\/\\\/secure.gravatar.com\\\/avatar\\\/60b998c71de37dcc1398fc6d48c6b5ed7533e3ceec837c948055f072e3158ff1?s=96&d=mm&r=g\",\"url\":\"https:\\\/\\\/secure.gravatar.com\\\/avatar\\\/60b998c71de37dcc1398fc6d48c6b5ed7533e3ceec837c948055f072e3158ff1?s=96&d=mm&r=g\",\"contentUrl\":\"https:\\\/\\\/secure.gravatar.com\\\/avatar\\\/60b998c71de37dcc1398fc6d48c6b5ed7533e3ceec837c948055f072e3158ff1?s=96&d=mm&r=g\",\"caption\":\"Administra\u00e7\u00e3o IAC\"}}]}<\/script>\n<!-- \/ Yoast SEO plugin. -->","yoast_head_json":{"title":"IAC Premiado pelo Trabalho Desenvolvido | Instituto de Apoio \u00e0 Crian\u00e7a","robots":{"index":"index","follow":"follow","max-snippet":"max-snippet:-1","max-image-preview":"max-image-preview:large","max-video-preview":"max-video-preview:-1"},"canonical":"https:\/\/iacrianca.pt\/en\/2024\/10\/23104\/","og_locale":"en_US","og_type":"article","og_title":"IAC Premiado pelo Trabalho Desenvolvido | Instituto de Apoio \u00e0 Crian\u00e7a","og_description":"Nos dias 25, 26 e 27 de setembro decorreu o 6.\u00ba Congresso da Ordem dos Psic\u00f3logos \/ XIII Congresso Ibero-Americano de Psicologia, em Lisboa, no Centro Cultural de Bel\u00e9m. O trabalho de investiga\u00e7\u00e3o desenvolvido pelo IAC foi divulgado neste Congresso. Foram apresentados a comunica\u00e7\u00e3o oral \u00abSer\u00e1 que uma palmada resolve?\u201d: O que pensa a sociedade&hellip;","og_url":"https:\/\/iacrianca.pt\/en\/2024\/10\/23104\/","og_site_name":"Instituto de Apoio \u00e0 Crian\u00e7a","article_publisher":"https:\/\/www.facebook.com\/iacinstitutodeapoioacrianca","article_published_time":"2024-10-03T15:08:19+00:00","article_modified_time":"2024-10-03T15:12:50+00:00","og_image":[{"width":1600,"height":1066,"url":"https:\/\/iacrianca.pt\/wp-content\/uploads\/fernanda.jpeg","type":"image\/jpeg"}],"author":"Administra\u00e7\u00e3o IAC","twitter_card":"summary_large_image","twitter_creator":"@iacapoiocrianca","twitter_site":"@iacapoiocrianca","twitter_misc":{"Written by":"Administra\u00e7\u00e3o IAC","Est. reading time":"3 minutes"},"schema":{"@context":"https:\/\/schema.org","@graph":[{"@type":"Article","@id":"https:\/\/iacrianca.pt\/en\/2024\/10\/23104\/#article","isPartOf":{"@id":"https:\/\/iacrianca.pt\/en\/2024\/10\/23104\/"},"author":{"name":"Administra\u00e7\u00e3o IAC","@id":"https:\/\/iacrianca.pt\/en\/#\/schema\/person\/1c48c6e4b70d0dc7360e4b28ceaa5f6b"},"headline":"IAC Premiado pelo Trabalho Desenvolvido","datePublished":"2024-10-03T15:08:19+00:00","dateModified":"2024-10-03T15:12:50+00:00","mainEntityOfPage":{"@id":"https:\/\/iacrianca.pt\/en\/2024\/10\/23104\/"},"wordCount":324,"publisher":{"@id":"https:\/\/iacrianca.pt\/en\/#organization"},"image":{"@id":"https:\/\/iacrianca.pt\/en\/2024\/10\/23104\/#primaryimage"},"thumbnailUrl":"https:\/\/iacrianca.pt\/wp-content\/uploads\/fernanda.jpeg","articleSection":["Newsletter"],"inLanguage":"en-US"},{"@type":"WebPage","@id":"https:\/\/iacrianca.pt\/en\/2024\/10\/23104\/","url":"https:\/\/iacrianca.pt\/en\/2024\/10\/23104\/","name":"IAC Premiado pelo Trabalho Desenvolvido | Instituto de Apoio \u00e0 Crian\u00e7a","isPartOf":{"@id":"https:\/\/iacrianca.pt\/en\/#website"},"primaryImageOfPage":{"@id":"https:\/\/iacrianca.pt\/en\/2024\/10\/23104\/#primaryimage"},"image":{"@id":"https:\/\/iacrianca.pt\/en\/2024\/10\/23104\/#primaryimage"},"thumbnailUrl":"https:\/\/iacrianca.pt\/wp-content\/uploads\/fernanda.jpeg","datePublished":"2024-10-03T15:08:19+00:00","dateModified":"2024-10-03T15:12:50+00:00","breadcrumb":{"@id":"https:\/\/iacrianca.pt\/en\/2024\/10\/23104\/#breadcrumb"},"inLanguage":"en-US","potentialAction":[{"@type":"ReadAction","target":["https:\/\/iacrianca.pt\/en\/2024\/10\/23104\/"]}]},{"@type":"ImageObject","inLanguage":"en-US","@id":"https:\/\/iacrianca.pt\/en\/2024\/10\/23104\/#primaryimage","url":"https:\/\/iacrianca.pt\/wp-content\/uploads\/fernanda.jpeg","contentUrl":"https:\/\/iacrianca.pt\/wp-content\/uploads\/fernanda.jpeg","width":1600,"height":1066},{"@type":"BreadcrumbList","@id":"https:\/\/iacrianca.pt\/en\/2024\/10\/23104\/#breadcrumb","itemListElement":[{"@type":"ListItem","position":1,"name":"In\u00edcio","item":"https:\/\/iacrianca.pt\/en\/"},{"@type":"ListItem","position":2,"name":"IAC Premiado pelo Trabalho Desenvolvido"}]},{"@type":"WebSite","@id":"https:\/\/iacrianca.pt\/en\/#website","url":"https:\/\/iacrianca.pt\/en\/","name":"Instituto de Apoio \u00e0 Crian\u00e7a","description":"Desde 1983 na defesa e promo\u00e7\u00e3o dos direitos da crian\u00e7a","publisher":{"@id":"https:\/\/iacrianca.pt\/en\/#organization"},"potentialAction":[{"@type":"SearchAction","target":{"@type":"EntryPoint","urlTemplate":"https:\/\/iacrianca.pt\/en\/?s={search_term_string}"},"query-input":{"@type":"PropertyValueSpecification","valueRequired":true,"valueName":"search_term_string"}}],"inLanguage":"en-US"},{"@type":"Organization","@id":"https:\/\/iacrianca.pt\/en\/#organization","name":"Instituto de Apoio \u00e0 Crian\u00e7a","url":"https:\/\/iacrianca.pt\/en\/","logo":{"@type":"ImageObject","inLanguage":"en-US","@id":"https:\/\/iacrianca.pt\/en\/#\/schema\/logo\/image\/","url":"https:\/\/iacrianca.pt\/wp-content\/uploads\/2020\/04\/logo-iac-SD.jpg","contentUrl":"https:\/\/iacrianca.pt\/wp-content\/uploads\/2020\/04\/logo-iac-SD.jpg","width":152,"height":73,"caption":"Instituto de Apoio \u00e0 Crian\u00e7a"},"image":{"@id":"https:\/\/iacrianca.pt\/en\/#\/schema\/logo\/image\/"},"sameAs":["https:\/\/www.facebook.com\/iacinstitutodeapoioacrianca","https:\/\/x.com\/iacapoiocrianca","https:\/\/www.youtube.com\/channel\/UC0jjfZ_xkN_59gJf_RQ-ZnQ","https:\/\/www.linkedin.com\/company\/instituto-de-apoio--criana\/","https:\/\/www.instagram.com\/iacinstitutodeapoioacrianca\/","https:\/\/criancasatortoeadireitos.wordpress.com\/"]},{"@type":"Person","@id":"https:\/\/iacrianca.pt\/en\/#\/schema\/person\/1c48c6e4b70d0dc7360e4b28ceaa5f6b","name":"Administra\u00e7\u00e3o IAC","image":{"@type":"ImageObject","inLanguage":"en-US","@id":"https:\/\/secure.gravatar.com\/avatar\/60b998c71de37dcc1398fc6d48c6b5ed7533e3ceec837c948055f072e3158ff1?s=96&d=mm&r=g","url":"https:\/\/secure.gravatar.com\/avatar\/60b998c71de37dcc1398fc6d48c6b5ed7533e3ceec837c948055f072e3158ff1?s=96&d=mm&r=g","contentUrl":"https:\/\/secure.gravatar.com\/avatar\/60b998c71de37dcc1398fc6d48c6b5ed7533e3ceec837c948055f072e3158ff1?s=96&d=mm&r=g","caption":"Administra\u00e7\u00e3o IAC"}}]}},"_links":{"self":[{"href":"https:\/\/iacrianca.pt\/en\/wp-json\/wp\/v2\/posts\/23104","targetHints":{"allow":["GET"]}}],"collection":[{"href":"https:\/\/iacrianca.pt\/en\/wp-json\/wp\/v2\/posts"}],"about":[{"href":"https:\/\/iacrianca.pt\/en\/wp-json\/wp\/v2\/types\/post"}],"author":[{"embeddable":true,"href":"https:\/\/iacrianca.pt\/en\/wp-json\/wp\/v2\/users\/2"}],"replies":[{"embeddable":true,"href":"https:\/\/iacrianca.pt\/en\/wp-json\/wp\/v2\/comments?post=23104"}],"version-history":[{"count":0,"href":"https:\/\/iacrianca.pt\/en\/wp-json\/wp\/v2\/posts\/23104\/revisions"}],"wp:featuredmedia":[{"embeddable":true,"href":"https:\/\/iacrianca.pt\/en\/wp-json\/wp\/v2\/media\/23107"}],"wp:attachment":[{"href":"https:\/\/iacrianca.pt\/en\/wp-json\/wp\/v2\/media?parent=23104"}],"wp:term":[{"taxonomy":"category","embeddable":true,"href":"https:\/\/iacrianca.pt\/en\/wp-json\/wp\/v2\/categories?post=23104"},{"taxonomy":"post_tag","embeddable":true,"href":"https:\/\/iacrianca.pt\/en\/wp-json\/wp\/v2\/tags?post=23104"}],"curies":[{"name":"wp","href":"https:\/\/api.w.org\/{rel}","templated":true}]}}