{"id":23419,"date":"2024-11-06T14:40:20","date_gmt":"2024-11-06T14:40:20","guid":{"rendered":"https:\/\/iacrianca.pt\/?p=23419"},"modified":"2025-09-03T14:54:54","modified_gmt":"2025-09-03T13:54:54","slug":"participacao-da-e2o-no-grupo-de-seguranca-alta-de-lisboa","status":"publish","type":"post","link":"https:\/\/iacrianca.pt\/en\/2024\/11\/participacao-da-e2o-no-grupo-de-seguranca-alta-de-lisboa\/","title":{"rendered":"Participa\u00e7\u00e3o da E2O no Grupo de Seguran\u00e7a Alta de Lisboa"},"content":{"rendered":"<p><span data-contrast=\"auto\">No passado dia 16 de outubro, a Escola de Segunda Oportunidade no territ\u00f3rio do Lumiar e Santa Clara integrou, pela primeira vez, o Grupo de Seguran\u00e7a da Alta de Lisboa. Foi um momento importante em que tivemos oportunidade de conhecer todas as institui\u00e7\u00f5es do territ\u00f3rio que j\u00e1 participam neste trabalho, bem como todos os projetos que t\u00eam vindo a ser desenvolvidos. <\/span><span data-ccp-props=\"{}\">\u00a0<\/span><\/p>\n<p><span data-contrast=\"auto\">A integra\u00e7\u00e3o da E2O neste grupo \u00e9 muito importante pois o mesmo apresenta uma boa din\u00e2mica de envolvimento na comunidade. Percebemos ainda que os jovens da E2O podem integrar algumas das atividades e projetos desenvolvidos por este grupo. <\/span><span data-ccp-props=\"{}\">\u00a0<\/span><\/p>\n<p><span data-contrast=\"auto\">Por outro lado, os jovens da E2O referenciados pelo Agrupamento Alto do Lumiar ir\u00e3o participar no projeto JDL- Jovens Design de Lisboa, que ir\u00e1 trabalhar as compet\u00eancias pessoais e sociais e motivar os jovens a propor algum trabalho de melhoria em prol da comunidade.<\/span><span data-ccp-props=\"{}\">\u00a0<\/span><\/p>\n<p><span data-contrast=\"auto\">Os projetos que envolvem a participa\u00e7\u00e3o juvenil s\u00e3o sempre uma mais-valia face ao crescimento enquanto cidad\u00e3os que ambicionamos para os jovens por n\u00f3s acompanhados.<\/span><span data-ccp-props=\"{}\">\u00a0<\/span><\/p>\n<p>&nbsp;<\/p>\n<p>Projeto financiado pelo PRR &#8211; Plano de Recupera\u00e7\u00e3o e Resili\u00eancia<\/p>\n<p><a href=\"http:\/\/www.recuperarportugal.gov.pt\">http:\/\/www.recuperarportugal.gov.pt<\/a><\/p>\n<p>#ContruirOFuturo #ConstruirFuturos #Recupera\u00e7\u00e3oEmA\u00e7\u00e3o<\/p>\n","protected":false},"excerpt":{"rendered":"<p>No passado dia 16 de outubro, a Escola de Segunda Oportunidade no territ\u00f3rio do Lumiar e Santa Clara integrou, pela primeira vez, o Grupo de Seguran\u00e7a da Alta de Lisboa. Foi um momento importante em que tivemos oportunidade de conhecer todas as institui\u00e7\u00f5es do territ\u00f3rio que j\u00e1 participam neste trabalho, bem como todos os projetos&hellip;<\/p>\n","protected":false},"author":2,"featured_media":0,"comment_status":"closed","ping_status":"open","sticky":false,"template":"","format":"standard","meta":{"_acf_changed":false,"footnotes":""},"categories":[63],"tags":[],"class_list":["post-23419","post","type-post","status-publish","format-standard","hentry","category-newsletter","category-63","description-off"],"acf":[],"yoast_head":"<!-- This site is optimized with the Yoast SEO plugin v27.5 - https:\/\/yoast.com\/product\/yoast-seo-wordpress\/ -->\n<title>Participa\u00e7\u00e3o da E2O no Grupo de Seguran\u00e7a Alta de Lisboa | Instituto de Apoio \u00e0 Crian\u00e7a<\/title>\n<meta name=\"robots\" content=\"index, follow, max-snippet:-1, max-image-preview:large, max-video-preview:-1\" \/>\n<link rel=\"canonical\" href=\"https:\/\/iacrianca.pt\/en\/2024\/11\/participacao-da-e2o-no-grupo-de-seguranca-alta-de-lisboa\/\" \/>\n<meta property=\"og:locale\" content=\"en_US\" \/>\n<meta property=\"og:type\" content=\"article\" \/>\n<meta property=\"og:title\" content=\"Participa\u00e7\u00e3o da E2O no Grupo de Seguran\u00e7a Alta de Lisboa | Instituto de Apoio \u00e0 Crian\u00e7a\" \/>\n<meta property=\"og:description\" content=\"No passado dia 16 de outubro, a Escola de Segunda Oportunidade no territ\u00f3rio do Lumiar e Santa Clara integrou, pela primeira vez, o Grupo de Seguran\u00e7a da Alta de Lisboa. Foi um momento importante em que tivemos oportunidade de conhecer todas as institui\u00e7\u00f5es do territ\u00f3rio que j\u00e1 participam neste trabalho, bem como todos os projetos&hellip;\" \/>\n<meta property=\"og:url\" content=\"https:\/\/iacrianca.pt\/en\/2024\/11\/participacao-da-e2o-no-grupo-de-seguranca-alta-de-lisboa\/\" \/>\n<meta property=\"og:site_name\" content=\"Instituto de Apoio \u00e0 Crian\u00e7a\" \/>\n<meta property=\"article:publisher\" content=\"https:\/\/www.facebook.com\/iacinstitutodeapoioacrianca\" \/>\n<meta property=\"article:published_time\" content=\"2024-11-06T14:40:20+00:00\" \/>\n<meta property=\"article:modified_time\" content=\"2025-09-03T13:54:54+00:00\" \/>\n<meta name=\"author\" content=\"Administra\u00e7\u00e3o IAC\" \/>\n<meta name=\"twitter:card\" content=\"summary_large_image\" \/>\n<meta name=\"twitter:creator\" content=\"@iacapoiocrianca\" \/>\n<meta name=\"twitter:site\" content=\"@iacapoiocrianca\" \/>\n<meta name=\"twitter:label1\" content=\"Written by\" \/>\n\t<meta name=\"twitter:data1\" content=\"Administra\u00e7\u00e3o IAC\" \/>\n\t<meta name=\"twitter:label2\" content=\"Est. reading time\" \/>\n\t<meta name=\"twitter:data2\" content=\"1 minute\" \/>\n<script type=\"application\/ld+json\" class=\"yoast-schema-graph\">{\"@context\":\"https:\\\/\\\/schema.org\",\"@graph\":[{\"@type\":\"Article\",\"@id\":\"https:\\\/\\\/iacrianca.pt\\\/en\\\/2024\\\/11\\\/participacao-da-e2o-no-grupo-de-seguranca-alta-de-lisboa\\\/#article\",\"isPartOf\":{\"@id\":\"https:\\\/\\\/iacrianca.pt\\\/en\\\/2024\\\/11\\\/participacao-da-e2o-no-grupo-de-seguranca-alta-de-lisboa\\\/\"},\"author\":{\"name\":\"Administra\u00e7\u00e3o IAC\",\"@id\":\"https:\\\/\\\/iacrianca.pt\\\/en\\\/#\\\/schema\\\/person\\\/1c48c6e4b70d0dc7360e4b28ceaa5f6b\"},\"headline\":\"Participa\u00e7\u00e3o da E2O no Grupo de Seguran\u00e7a Alta de Lisboa\",\"datePublished\":\"2024-11-06T14:40:20+00:00\",\"dateModified\":\"2025-09-03T13:54:54+00:00\",\"mainEntityOfPage\":{\"@id\":\"https:\\\/\\\/iacrianca.pt\\\/en\\\/2024\\\/11\\\/participacao-da-e2o-no-grupo-de-seguranca-alta-de-lisboa\\\/\"},\"wordCount\":217,\"publisher\":{\"@id\":\"https:\\\/\\\/iacrianca.pt\\\/en\\\/#organization\"},\"articleSection\":[\"Newsletter\"],\"inLanguage\":\"en-US\"},{\"@type\":\"WebPage\",\"@id\":\"https:\\\/\\\/iacrianca.pt\\\/en\\\/2024\\\/11\\\/participacao-da-e2o-no-grupo-de-seguranca-alta-de-lisboa\\\/\",\"url\":\"https:\\\/\\\/iacrianca.pt\\\/en\\\/2024\\\/11\\\/participacao-da-e2o-no-grupo-de-seguranca-alta-de-lisboa\\\/\",\"name\":\"Participa\u00e7\u00e3o da E2O no Grupo de Seguran\u00e7a Alta de Lisboa | Instituto de Apoio \u00e0 Crian\u00e7a\",\"isPartOf\":{\"@id\":\"https:\\\/\\\/iacrianca.pt\\\/en\\\/#website\"},\"datePublished\":\"2024-11-06T14:40:20+00:00\",\"dateModified\":\"2025-09-03T13:54:54+00:00\",\"breadcrumb\":{\"@id\":\"https:\\\/\\\/iacrianca.pt\\\/en\\\/2024\\\/11\\\/participacao-da-e2o-no-grupo-de-seguranca-alta-de-lisboa\\\/#breadcrumb\"},\"inLanguage\":\"en-US\",\"potentialAction\":[{\"@type\":\"ReadAction\",\"target\":[\"https:\\\/\\\/iacrianca.pt\\\/en\\\/2024\\\/11\\\/participacao-da-e2o-no-grupo-de-seguranca-alta-de-lisboa\\\/\"]}]},{\"@type\":\"BreadcrumbList\",\"@id\":\"https:\\\/\\\/iacrianca.pt\\\/en\\\/2024\\\/11\\\/participacao-da-e2o-no-grupo-de-seguranca-alta-de-lisboa\\\/#breadcrumb\",\"itemListElement\":[{\"@type\":\"ListItem\",\"position\":1,\"name\":\"In\u00edcio\",\"item\":\"https:\\\/\\\/iacrianca.pt\\\/en\\\/\"},{\"@type\":\"ListItem\",\"position\":2,\"name\":\"Participa\u00e7\u00e3o da E2O no Grupo de Seguran\u00e7a Alta de Lisboa\"}]},{\"@type\":\"WebSite\",\"@id\":\"https:\\\/\\\/iacrianca.pt\\\/en\\\/#website\",\"url\":\"https:\\\/\\\/iacrianca.pt\\\/en\\\/\",\"name\":\"Instituto de Apoio \u00e0 Crian\u00e7a\",\"description\":\"Desde 1983 na defesa e promo\u00e7\u00e3o dos direitos da crian\u00e7a\",\"publisher\":{\"@id\":\"https:\\\/\\\/iacrianca.pt\\\/en\\\/#organization\"},\"potentialAction\":[{\"@type\":\"SearchAction\",\"target\":{\"@type\":\"EntryPoint\",\"urlTemplate\":\"https:\\\/\\\/iacrianca.pt\\\/en\\\/?s={search_term_string}\"},\"query-input\":{\"@type\":\"PropertyValueSpecification\",\"valueRequired\":true,\"valueName\":\"search_term_string\"}}],\"inLanguage\":\"en-US\"},{\"@type\":\"Organization\",\"@id\":\"https:\\\/\\\/iacrianca.pt\\\/en\\\/#organization\",\"name\":\"Instituto de Apoio \u00e0 Crian\u00e7a\",\"url\":\"https:\\\/\\\/iacrianca.pt\\\/en\\\/\",\"logo\":{\"@type\":\"ImageObject\",\"inLanguage\":\"en-US\",\"@id\":\"https:\\\/\\\/iacrianca.pt\\\/en\\\/#\\\/schema\\\/logo\\\/image\\\/\",\"url\":\"https:\\\/\\\/iacrianca.pt\\\/wp-content\\\/uploads\\\/2020\\\/04\\\/logo-iac-SD.jpg\",\"contentUrl\":\"https:\\\/\\\/iacrianca.pt\\\/wp-content\\\/uploads\\\/2020\\\/04\\\/logo-iac-SD.jpg\",\"width\":152,\"height\":73,\"caption\":\"Instituto de Apoio \u00e0 Crian\u00e7a\"},\"image\":{\"@id\":\"https:\\\/\\\/iacrianca.pt\\\/en\\\/#\\\/schema\\\/logo\\\/image\\\/\"},\"sameAs\":[\"https:\\\/\\\/www.facebook.com\\\/iacinstitutodeapoioacrianca\",\"https:\\\/\\\/x.com\\\/iacapoiocrianca\",\"https:\\\/\\\/www.youtube.com\\\/channel\\\/UC0jjfZ_xkN_59gJf_RQ-ZnQ\",\"https:\\\/\\\/www.linkedin.com\\\/company\\\/instituto-de-apoio--criana\\\/\",\"https:\\\/\\\/www.instagram.com\\\/iacinstitutodeapoioacrianca\\\/\",\"https:\\\/\\\/criancasatortoeadireitos.wordpress.com\\\/\"]},{\"@type\":\"Person\",\"@id\":\"https:\\\/\\\/iacrianca.pt\\\/en\\\/#\\\/schema\\\/person\\\/1c48c6e4b70d0dc7360e4b28ceaa5f6b\",\"name\":\"Administra\u00e7\u00e3o IAC\",\"image\":{\"@type\":\"ImageObject\",\"inLanguage\":\"en-US\",\"@id\":\"https:\\\/\\\/secure.gravatar.com\\\/avatar\\\/60b998c71de37dcc1398fc6d48c6b5ed7533e3ceec837c948055f072e3158ff1?s=96&d=mm&r=g\",\"url\":\"https:\\\/\\\/secure.gravatar.com\\\/avatar\\\/60b998c71de37dcc1398fc6d48c6b5ed7533e3ceec837c948055f072e3158ff1?s=96&d=mm&r=g\",\"contentUrl\":\"https:\\\/\\\/secure.gravatar.com\\\/avatar\\\/60b998c71de37dcc1398fc6d48c6b5ed7533e3ceec837c948055f072e3158ff1?s=96&d=mm&r=g\",\"caption\":\"Administra\u00e7\u00e3o IAC\"}}]}<\/script>\n<!-- \/ Yoast SEO plugin. -->","yoast_head_json":{"title":"Participa\u00e7\u00e3o da E2O no Grupo de Seguran\u00e7a Alta de Lisboa | Instituto de Apoio \u00e0 Crian\u00e7a","robots":{"index":"index","follow":"follow","max-snippet":"max-snippet:-1","max-image-preview":"max-image-preview:large","max-video-preview":"max-video-preview:-1"},"canonical":"https:\/\/iacrianca.pt\/en\/2024\/11\/participacao-da-e2o-no-grupo-de-seguranca-alta-de-lisboa\/","og_locale":"en_US","og_type":"article","og_title":"Participa\u00e7\u00e3o da E2O no Grupo de Seguran\u00e7a Alta de Lisboa | Instituto de Apoio \u00e0 Crian\u00e7a","og_description":"No passado dia 16 de outubro, a Escola de Segunda Oportunidade no territ\u00f3rio do Lumiar e Santa Clara integrou, pela primeira vez, o Grupo de Seguran\u00e7a da Alta de Lisboa. Foi um momento importante em que tivemos oportunidade de conhecer todas as institui\u00e7\u00f5es do territ\u00f3rio que j\u00e1 participam neste trabalho, bem como todos os projetos&hellip;","og_url":"https:\/\/iacrianca.pt\/en\/2024\/11\/participacao-da-e2o-no-grupo-de-seguranca-alta-de-lisboa\/","og_site_name":"Instituto de Apoio \u00e0 Crian\u00e7a","article_publisher":"https:\/\/www.facebook.com\/iacinstitutodeapoioacrianca","article_published_time":"2024-11-06T14:40:20+00:00","article_modified_time":"2025-09-03T13:54:54+00:00","author":"Administra\u00e7\u00e3o IAC","twitter_card":"summary_large_image","twitter_creator":"@iacapoiocrianca","twitter_site":"@iacapoiocrianca","twitter_misc":{"Written by":"Administra\u00e7\u00e3o IAC","Est. reading time":"1 minute"},"schema":{"@context":"https:\/\/schema.org","@graph":[{"@type":"Article","@id":"https:\/\/iacrianca.pt\/en\/2024\/11\/participacao-da-e2o-no-grupo-de-seguranca-alta-de-lisboa\/#article","isPartOf":{"@id":"https:\/\/iacrianca.pt\/en\/2024\/11\/participacao-da-e2o-no-grupo-de-seguranca-alta-de-lisboa\/"},"author":{"name":"Administra\u00e7\u00e3o IAC","@id":"https:\/\/iacrianca.pt\/en\/#\/schema\/person\/1c48c6e4b70d0dc7360e4b28ceaa5f6b"},"headline":"Participa\u00e7\u00e3o da E2O no Grupo de Seguran\u00e7a Alta de Lisboa","datePublished":"2024-11-06T14:40:20+00:00","dateModified":"2025-09-03T13:54:54+00:00","mainEntityOfPage":{"@id":"https:\/\/iacrianca.pt\/en\/2024\/11\/participacao-da-e2o-no-grupo-de-seguranca-alta-de-lisboa\/"},"wordCount":217,"publisher":{"@id":"https:\/\/iacrianca.pt\/en\/#organization"},"articleSection":["Newsletter"],"inLanguage":"en-US"},{"@type":"WebPage","@id":"https:\/\/iacrianca.pt\/en\/2024\/11\/participacao-da-e2o-no-grupo-de-seguranca-alta-de-lisboa\/","url":"https:\/\/iacrianca.pt\/en\/2024\/11\/participacao-da-e2o-no-grupo-de-seguranca-alta-de-lisboa\/","name":"Participa\u00e7\u00e3o da E2O no Grupo de Seguran\u00e7a Alta de Lisboa | Instituto de Apoio \u00e0 Crian\u00e7a","isPartOf":{"@id":"https:\/\/iacrianca.pt\/en\/#website"},"datePublished":"2024-11-06T14:40:20+00:00","dateModified":"2025-09-03T13:54:54+00:00","breadcrumb":{"@id":"https:\/\/iacrianca.pt\/en\/2024\/11\/participacao-da-e2o-no-grupo-de-seguranca-alta-de-lisboa\/#breadcrumb"},"inLanguage":"en-US","potentialAction":[{"@type":"ReadAction","target":["https:\/\/iacrianca.pt\/en\/2024\/11\/participacao-da-e2o-no-grupo-de-seguranca-alta-de-lisboa\/"]}]},{"@type":"BreadcrumbList","@id":"https:\/\/iacrianca.pt\/en\/2024\/11\/participacao-da-e2o-no-grupo-de-seguranca-alta-de-lisboa\/#breadcrumb","itemListElement":[{"@type":"ListItem","position":1,"name":"In\u00edcio","item":"https:\/\/iacrianca.pt\/en\/"},{"@type":"ListItem","position":2,"name":"Participa\u00e7\u00e3o da E2O no Grupo de Seguran\u00e7a Alta de Lisboa"}]},{"@type":"WebSite","@id":"https:\/\/iacrianca.pt\/en\/#website","url":"https:\/\/iacrianca.pt\/en\/","name":"Instituto de Apoio \u00e0 Crian\u00e7a","description":"Desde 1983 na defesa e promo\u00e7\u00e3o dos direitos da crian\u00e7a","publisher":{"@id":"https:\/\/iacrianca.pt\/en\/#organization"},"potentialAction":[{"@type":"SearchAction","target":{"@type":"EntryPoint","urlTemplate":"https:\/\/iacrianca.pt\/en\/?s={search_term_string}"},"query-input":{"@type":"PropertyValueSpecification","valueRequired":true,"valueName":"search_term_string"}}],"inLanguage":"en-US"},{"@type":"Organization","@id":"https:\/\/iacrianca.pt\/en\/#organization","name":"Instituto de Apoio \u00e0 Crian\u00e7a","url":"https:\/\/iacrianca.pt\/en\/","logo":{"@type":"ImageObject","inLanguage":"en-US","@id":"https:\/\/iacrianca.pt\/en\/#\/schema\/logo\/image\/","url":"https:\/\/iacrianca.pt\/wp-content\/uploads\/2020\/04\/logo-iac-SD.jpg","contentUrl":"https:\/\/iacrianca.pt\/wp-content\/uploads\/2020\/04\/logo-iac-SD.jpg","width":152,"height":73,"caption":"Instituto de Apoio \u00e0 Crian\u00e7a"},"image":{"@id":"https:\/\/iacrianca.pt\/en\/#\/schema\/logo\/image\/"},"sameAs":["https:\/\/www.facebook.com\/iacinstitutodeapoioacrianca","https:\/\/x.com\/iacapoiocrianca","https:\/\/www.youtube.com\/channel\/UC0jjfZ_xkN_59gJf_RQ-ZnQ","https:\/\/www.linkedin.com\/company\/instituto-de-apoio--criana\/","https:\/\/www.instagram.com\/iacinstitutodeapoioacrianca\/","https:\/\/criancasatortoeadireitos.wordpress.com\/"]},{"@type":"Person","@id":"https:\/\/iacrianca.pt\/en\/#\/schema\/person\/1c48c6e4b70d0dc7360e4b28ceaa5f6b","name":"Administra\u00e7\u00e3o IAC","image":{"@type":"ImageObject","inLanguage":"en-US","@id":"https:\/\/secure.gravatar.com\/avatar\/60b998c71de37dcc1398fc6d48c6b5ed7533e3ceec837c948055f072e3158ff1?s=96&d=mm&r=g","url":"https:\/\/secure.gravatar.com\/avatar\/60b998c71de37dcc1398fc6d48c6b5ed7533e3ceec837c948055f072e3158ff1?s=96&d=mm&r=g","contentUrl":"https:\/\/secure.gravatar.com\/avatar\/60b998c71de37dcc1398fc6d48c6b5ed7533e3ceec837c948055f072e3158ff1?s=96&d=mm&r=g","caption":"Administra\u00e7\u00e3o IAC"}}]}},"_links":{"self":[{"href":"https:\/\/iacrianca.pt\/en\/wp-json\/wp\/v2\/posts\/23419","targetHints":{"allow":["GET"]}}],"collection":[{"href":"https:\/\/iacrianca.pt\/en\/wp-json\/wp\/v2\/posts"}],"about":[{"href":"https:\/\/iacrianca.pt\/en\/wp-json\/wp\/v2\/types\/post"}],"author":[{"embeddable":true,"href":"https:\/\/iacrianca.pt\/en\/wp-json\/wp\/v2\/users\/2"}],"replies":[{"embeddable":true,"href":"https:\/\/iacrianca.pt\/en\/wp-json\/wp\/v2\/comments?post=23419"}],"version-history":[{"count":0,"href":"https:\/\/iacrianca.pt\/en\/wp-json\/wp\/v2\/posts\/23419\/revisions"}],"wp:attachment":[{"href":"https:\/\/iacrianca.pt\/en\/wp-json\/wp\/v2\/media?parent=23419"}],"wp:term":[{"taxonomy":"category","embeddable":true,"href":"https:\/\/iacrianca.pt\/en\/wp-json\/wp\/v2\/categories?post=23419"},{"taxonomy":"post_tag","embeddable":true,"href":"https:\/\/iacrianca.pt\/en\/wp-json\/wp\/v2\/tags?post=23419"}],"curies":[{"name":"wp","href":"https:\/\/api.w.org\/{rel}","templated":true}]}}