{"id":23762,"date":"2024-12-02T14:51:48","date_gmt":"2024-12-02T14:51:48","guid":{"rendered":"https:\/\/iacrianca.pt\/?p=23762"},"modified":"2024-12-11T13:40:39","modified_gmt":"2024-12-11T13:40:39","slug":"soucriancatenhodireitos","status":"publish","type":"post","link":"https:\/\/iacrianca.pt\/en\/2024\/12\/soucriancatenhodireitos\/","title":{"rendered":"A\u00e7\u00e3o de Sensibiliza\u00e7\u00e3o \u201cSou Crian\u00e7a e tenho Direitos"},"content":{"rendered":"<p>No \u00e2mbito da comemora\u00e7\u00e3o do 35\u00ba anivers\u00e1rio da Conven\u00e7\u00e3o sobre os Direitos da Crian\u00e7a e dando resposta a um pedido do Externato Menino Jesus, em Coimbra, Ana Vicente e Teresa Damas dinamizaram no dia 19 de novembro, a A\u00e7\u00e3o de Sensibiliza\u00e7\u00e3o \u201cSou Crian\u00e7a e tenho Direitos\u201d. Assim, de manh\u00e3, decorreu uma sess\u00e3o para as crian\u00e7as do 3\u00ba e 4\u00baanos e, de tarde, outra sess\u00e3o, desta vez para o 1\u00ba e 2\u00baanos. Ao todo, participaram 60 crian\u00e7as que, de forma l\u00fadica e motivadora, foram sensibilizadas para a necessidade de defesa e promo\u00e7\u00e3o dos seus direitos no nosso pa\u00eds e no mundo. Foi, tamb\u00e9m, uma oportunidade para divulgar a linha 116 111 junto dos mais novos e, numa l\u00f3gica de preven\u00e7\u00e3o, mostrar \u00e0s crian\u00e7as como podem pedir ajuda quando sentirem que os seus direitos n\u00e3o est\u00e3o a ser respeitados.<\/p>\n<p>Ainda neste \u00e2mbito, Pedro Rodrigues dinamizou uma a\u00e7\u00e3o de sensibiliza\u00e7\u00e3o, em sala de aula, para toda a comunidade escolar do Polo de Penela da Escola Tecnol\u00f3gica e Profissional de Sic\u00f3. Posteriormente, os alunos seguiram para o espa\u00e7o exterior da escola para participar no jogo \u201cOs Direitos da Crian\u00e7a\u201d, e montar um puzzle gigante alusivo \u00e0 tem\u00e1tica. O grupo-alvo foi participativo, sendo por isso um balan\u00e7o muito positivo.<\/p>\n<p><img fetchpriority=\"high\" decoding=\"async\" class=\"alignnone wp-image-23765 size-full\" src=\"https:\/\/iacrianca.pt\/wp-content\/uploads\/35-aniversario-CDC3.jpg\" alt=\"\" width=\"2048\" height=\"1536\" srcset=\"https:\/\/iacrianca.pt\/wp-content\/uploads\/35-aniversario-CDC3.jpg 2048w, https:\/\/iacrianca.pt\/wp-content\/uploads\/35-aniversario-CDC3-300x225.jpg 300w, https:\/\/iacrianca.pt\/wp-content\/uploads\/35-aniversario-CDC3-1024x768.jpg 1024w, https:\/\/iacrianca.pt\/wp-content\/uploads\/35-aniversario-CDC3-768x576.jpg 768w, https:\/\/iacrianca.pt\/wp-content\/uploads\/35-aniversario-CDC3-1536x1152.jpg 1536w\" sizes=\"(max-width: 2048px) 100vw, 2048px\" \/> <img decoding=\"async\" class=\"alignnone wp-image-23767 size-full\" src=\"https:\/\/iacrianca.pt\/wp-content\/uploads\/35-aniversario-CDC4.jpg\" alt=\"\" width=\"2048\" height=\"1536\" srcset=\"https:\/\/iacrianca.pt\/wp-content\/uploads\/35-aniversario-CDC4.jpg 2048w, https:\/\/iacrianca.pt\/wp-content\/uploads\/35-aniversario-CDC4-300x225.jpg 300w, https:\/\/iacrianca.pt\/wp-content\/uploads\/35-aniversario-CDC4-1024x768.jpg 1024w, https:\/\/iacrianca.pt\/wp-content\/uploads\/35-aniversario-CDC4-768x576.jpg 768w, https:\/\/iacrianca.pt\/wp-content\/uploads\/35-aniversario-CDC4-1536x1152.jpg 1536w\" sizes=\"(max-width: 2048px) 100vw, 2048px\" \/> <img decoding=\"async\" class=\"alignnone wp-image-23769 size-full\" src=\"https:\/\/iacrianca.pt\/wp-content\/uploads\/35-aniversario-CDC5.jpg\" alt=\"\" width=\"2048\" height=\"1900\" srcset=\"https:\/\/iacrianca.pt\/wp-content\/uploads\/35-aniversario-CDC5.jpg 2048w, https:\/\/iacrianca.pt\/wp-content\/uploads\/35-aniversario-CDC5-300x278.jpg 300w, https:\/\/iacrianca.pt\/wp-content\/uploads\/35-aniversario-CDC5-1024x950.jpg 1024w, https:\/\/iacrianca.pt\/wp-content\/uploads\/35-aniversario-CDC5-768x713.jpg 768w, https:\/\/iacrianca.pt\/wp-content\/uploads\/35-aniversario-CDC5-1536x1425.jpg 1536w\" sizes=\"(max-width: 2048px) 100vw, 2048px\" \/> <img loading=\"lazy\" decoding=\"async\" class=\"alignnone wp-image-23771 size-full\" src=\"https:\/\/iacrianca.pt\/wp-content\/uploads\/thumbnail_35-aniversario-CDC2.jpg\" alt=\"\" width=\"1600\" height=\"1204\" srcset=\"https:\/\/iacrianca.pt\/wp-content\/uploads\/thumbnail_35-aniversario-CDC2.jpg 1600w, https:\/\/iacrianca.pt\/wp-content\/uploads\/thumbnail_35-aniversario-CDC2-300x226.jpg 300w, https:\/\/iacrianca.pt\/wp-content\/uploads\/thumbnail_35-aniversario-CDC2-1024x771.jpg 1024w, https:\/\/iacrianca.pt\/wp-content\/uploads\/thumbnail_35-aniversario-CDC2-768x578.jpg 768w, https:\/\/iacrianca.pt\/wp-content\/uploads\/thumbnail_35-aniversario-CDC2-1536x1156.jpg 1536w\" sizes=\"(max-width: 1600px) 100vw, 1600px\" \/><\/p>\n","protected":false},"excerpt":{"rendered":"<p>No \u00e2mbito da comemora\u00e7\u00e3o do 35\u00ba anivers\u00e1rio da Conven\u00e7\u00e3o sobre os Direitos da Crian\u00e7a e dando resposta a um pedido do Externato Menino Jesus, em Coimbra, Ana Vicente e Teresa Damas dinamizaram no dia 19 de novembro, a A\u00e7\u00e3o de Sensibiliza\u00e7\u00e3o \u201cSou Crian\u00e7a e tenho Direitos\u201d. Assim, de manh\u00e3, decorreu uma sess\u00e3o para as crian\u00e7as&hellip;<\/p>\n","protected":false},"author":2,"featured_media":23763,"comment_status":"closed","ping_status":"open","sticky":false,"template":"","format":"standard","meta":{"_acf_changed":false,"footnotes":""},"categories":[63],"tags":[],"class_list":["post-23762","post","type-post","status-publish","format-standard","has-post-thumbnail","hentry","category-newsletter","category-63","description-off"],"acf":[],"yoast_head":"<!-- This site is optimized with the Yoast SEO plugin v27.4 - https:\/\/yoast.com\/product\/yoast-seo-wordpress\/ -->\n<title>A\u00e7\u00e3o de Sensibiliza\u00e7\u00e3o \u201cSou Crian\u00e7a e tenho Direitos | Instituto de Apoio \u00e0 Crian\u00e7a<\/title>\n<meta name=\"robots\" content=\"index, follow, max-snippet:-1, max-image-preview:large, max-video-preview:-1\" \/>\n<link rel=\"canonical\" href=\"https:\/\/iacrianca.pt\/en\/2024\/12\/soucriancatenhodireitos\/\" \/>\n<meta property=\"og:locale\" content=\"en_US\" \/>\n<meta property=\"og:type\" content=\"article\" \/>\n<meta property=\"og:title\" content=\"A\u00e7\u00e3o de Sensibiliza\u00e7\u00e3o \u201cSou Crian\u00e7a e tenho Direitos | Instituto de Apoio \u00e0 Crian\u00e7a\" \/>\n<meta property=\"og:description\" content=\"No \u00e2mbito da comemora\u00e7\u00e3o do 35\u00ba anivers\u00e1rio da Conven\u00e7\u00e3o sobre os Direitos da Crian\u00e7a e dando resposta a um pedido do Externato Menino Jesus, em Coimbra, Ana Vicente e Teresa Damas dinamizaram no dia 19 de novembro, a A\u00e7\u00e3o de Sensibiliza\u00e7\u00e3o \u201cSou Crian\u00e7a e tenho Direitos\u201d. Assim, de manh\u00e3, decorreu uma sess\u00e3o para as crian\u00e7as&hellip;\" \/>\n<meta property=\"og:url\" content=\"https:\/\/iacrianca.pt\/en\/2024\/12\/soucriancatenhodireitos\/\" \/>\n<meta property=\"og:site_name\" content=\"Instituto de Apoio \u00e0 Crian\u00e7a\" \/>\n<meta property=\"article:publisher\" content=\"https:\/\/www.facebook.com\/iacinstitutodeapoioacrianca\" \/>\n<meta property=\"article:published_time\" content=\"2024-12-02T14:51:48+00:00\" \/>\n<meta property=\"article:modified_time\" content=\"2024-12-11T13:40:39+00:00\" \/>\n<meta property=\"og:image\" content=\"https:\/\/iacrianca.pt\/wp-content\/uploads\/thumbnail_35-aniversario-CDC1.jpg\" \/>\n\t<meta property=\"og:image:width\" content=\"1600\" \/>\n\t<meta property=\"og:image:height\" content=\"1200\" \/>\n\t<meta property=\"og:image:type\" content=\"image\/jpeg\" \/>\n<meta name=\"author\" content=\"Administra\u00e7\u00e3o IAC\" \/>\n<meta name=\"twitter:card\" content=\"summary_large_image\" \/>\n<meta name=\"twitter:creator\" content=\"@iacapoiocrianca\" \/>\n<meta name=\"twitter:site\" content=\"@iacapoiocrianca\" \/>\n<meta name=\"twitter:label1\" content=\"Written by\" \/>\n\t<meta name=\"twitter:data1\" content=\"Administra\u00e7\u00e3o IAC\" \/>\n\t<meta name=\"twitter:label2\" content=\"Est. reading time\" \/>\n\t<meta name=\"twitter:data2\" content=\"3 minutes\" \/>\n<script type=\"application\/ld+json\" class=\"yoast-schema-graph\">{\"@context\":\"https:\\\/\\\/schema.org\",\"@graph\":[{\"@type\":\"Article\",\"@id\":\"https:\\\/\\\/iacrianca.pt\\\/en\\\/2024\\\/12\\\/soucriancatenhodireitos\\\/#article\",\"isPartOf\":{\"@id\":\"https:\\\/\\\/iacrianca.pt\\\/en\\\/2024\\\/12\\\/soucriancatenhodireitos\\\/\"},\"author\":{\"name\":\"Administra\u00e7\u00e3o IAC\",\"@id\":\"https:\\\/\\\/iacrianca.pt\\\/en\\\/#\\\/schema\\\/person\\\/1c48c6e4b70d0dc7360e4b28ceaa5f6b\"},\"headline\":\"A\u00e7\u00e3o de Sensibiliza\u00e7\u00e3o \u201cSou Crian\u00e7a e tenho Direitos\",\"datePublished\":\"2024-12-02T14:51:48+00:00\",\"dateModified\":\"2024-12-11T13:40:39+00:00\",\"mainEntityOfPage\":{\"@id\":\"https:\\\/\\\/iacrianca.pt\\\/en\\\/2024\\\/12\\\/soucriancatenhodireitos\\\/\"},\"wordCount\":234,\"publisher\":{\"@id\":\"https:\\\/\\\/iacrianca.pt\\\/en\\\/#organization\"},\"image\":{\"@id\":\"https:\\\/\\\/iacrianca.pt\\\/en\\\/2024\\\/12\\\/soucriancatenhodireitos\\\/#primaryimage\"},\"thumbnailUrl\":\"https:\\\/\\\/iacrianca.pt\\\/wp-content\\\/uploads\\\/thumbnail_35-aniversario-CDC1.jpg\",\"articleSection\":[\"Newsletter\"],\"inLanguage\":\"en-US\"},{\"@type\":\"WebPage\",\"@id\":\"https:\\\/\\\/iacrianca.pt\\\/en\\\/2024\\\/12\\\/soucriancatenhodireitos\\\/\",\"url\":\"https:\\\/\\\/iacrianca.pt\\\/en\\\/2024\\\/12\\\/soucriancatenhodireitos\\\/\",\"name\":\"A\u00e7\u00e3o de Sensibiliza\u00e7\u00e3o \u201cSou Crian\u00e7a e tenho Direitos | Instituto de Apoio \u00e0 Crian\u00e7a\",\"isPartOf\":{\"@id\":\"https:\\\/\\\/iacrianca.pt\\\/en\\\/#website\"},\"primaryImageOfPage\":{\"@id\":\"https:\\\/\\\/iacrianca.pt\\\/en\\\/2024\\\/12\\\/soucriancatenhodireitos\\\/#primaryimage\"},\"image\":{\"@id\":\"https:\\\/\\\/iacrianca.pt\\\/en\\\/2024\\\/12\\\/soucriancatenhodireitos\\\/#primaryimage\"},\"thumbnailUrl\":\"https:\\\/\\\/iacrianca.pt\\\/wp-content\\\/uploads\\\/thumbnail_35-aniversario-CDC1.jpg\",\"datePublished\":\"2024-12-02T14:51:48+00:00\",\"dateModified\":\"2024-12-11T13:40:39+00:00\",\"breadcrumb\":{\"@id\":\"https:\\\/\\\/iacrianca.pt\\\/en\\\/2024\\\/12\\\/soucriancatenhodireitos\\\/#breadcrumb\"},\"inLanguage\":\"en-US\",\"potentialAction\":[{\"@type\":\"ReadAction\",\"target\":[\"https:\\\/\\\/iacrianca.pt\\\/en\\\/2024\\\/12\\\/soucriancatenhodireitos\\\/\"]}]},{\"@type\":\"ImageObject\",\"inLanguage\":\"en-US\",\"@id\":\"https:\\\/\\\/iacrianca.pt\\\/en\\\/2024\\\/12\\\/soucriancatenhodireitos\\\/#primaryimage\",\"url\":\"https:\\\/\\\/iacrianca.pt\\\/wp-content\\\/uploads\\\/thumbnail_35-aniversario-CDC1.jpg\",\"contentUrl\":\"https:\\\/\\\/iacrianca.pt\\\/wp-content\\\/uploads\\\/thumbnail_35-aniversario-CDC1.jpg\",\"width\":1600,\"height\":1200},{\"@type\":\"BreadcrumbList\",\"@id\":\"https:\\\/\\\/iacrianca.pt\\\/en\\\/2024\\\/12\\\/soucriancatenhodireitos\\\/#breadcrumb\",\"itemListElement\":[{\"@type\":\"ListItem\",\"position\":1,\"name\":\"In\u00edcio\",\"item\":\"https:\\\/\\\/iacrianca.pt\\\/en\\\/\"},{\"@type\":\"ListItem\",\"position\":2,\"name\":\"A\u00e7\u00e3o de Sensibiliza\u00e7\u00e3o \u201cSou Crian\u00e7a e tenho Direitos\"}]},{\"@type\":\"WebSite\",\"@id\":\"https:\\\/\\\/iacrianca.pt\\\/en\\\/#website\",\"url\":\"https:\\\/\\\/iacrianca.pt\\\/en\\\/\",\"name\":\"Instituto de Apoio \u00e0 Crian\u00e7a\",\"description\":\"Desde 1983 na defesa e promo\u00e7\u00e3o dos direitos da crian\u00e7a\",\"publisher\":{\"@id\":\"https:\\\/\\\/iacrianca.pt\\\/en\\\/#organization\"},\"potentialAction\":[{\"@type\":\"SearchAction\",\"target\":{\"@type\":\"EntryPoint\",\"urlTemplate\":\"https:\\\/\\\/iacrianca.pt\\\/en\\\/?s={search_term_string}\"},\"query-input\":{\"@type\":\"PropertyValueSpecification\",\"valueRequired\":true,\"valueName\":\"search_term_string\"}}],\"inLanguage\":\"en-US\"},{\"@type\":\"Organization\",\"@id\":\"https:\\\/\\\/iacrianca.pt\\\/en\\\/#organization\",\"name\":\"Instituto de Apoio \u00e0 Crian\u00e7a\",\"url\":\"https:\\\/\\\/iacrianca.pt\\\/en\\\/\",\"logo\":{\"@type\":\"ImageObject\",\"inLanguage\":\"en-US\",\"@id\":\"https:\\\/\\\/iacrianca.pt\\\/en\\\/#\\\/schema\\\/logo\\\/image\\\/\",\"url\":\"https:\\\/\\\/iacrianca.pt\\\/wp-content\\\/uploads\\\/2020\\\/04\\\/logo-iac-SD.jpg\",\"contentUrl\":\"https:\\\/\\\/iacrianca.pt\\\/wp-content\\\/uploads\\\/2020\\\/04\\\/logo-iac-SD.jpg\",\"width\":152,\"height\":73,\"caption\":\"Instituto de Apoio \u00e0 Crian\u00e7a\"},\"image\":{\"@id\":\"https:\\\/\\\/iacrianca.pt\\\/en\\\/#\\\/schema\\\/logo\\\/image\\\/\"},\"sameAs\":[\"https:\\\/\\\/www.facebook.com\\\/iacinstitutodeapoioacrianca\",\"https:\\\/\\\/x.com\\\/iacapoiocrianca\",\"https:\\\/\\\/www.youtube.com\\\/channel\\\/UC0jjfZ_xkN_59gJf_RQ-ZnQ\",\"https:\\\/\\\/www.linkedin.com\\\/company\\\/instituto-de-apoio--criana\\\/\",\"https:\\\/\\\/www.instagram.com\\\/iacinstitutodeapoioacrianca\\\/\",\"https:\\\/\\\/criancasatortoeadireitos.wordpress.com\\\/\"]},{\"@type\":\"Person\",\"@id\":\"https:\\\/\\\/iacrianca.pt\\\/en\\\/#\\\/schema\\\/person\\\/1c48c6e4b70d0dc7360e4b28ceaa5f6b\",\"name\":\"Administra\u00e7\u00e3o IAC\",\"image\":{\"@type\":\"ImageObject\",\"inLanguage\":\"en-US\",\"@id\":\"https:\\\/\\\/secure.gravatar.com\\\/avatar\\\/60b998c71de37dcc1398fc6d48c6b5ed7533e3ceec837c948055f072e3158ff1?s=96&d=mm&r=g\",\"url\":\"https:\\\/\\\/secure.gravatar.com\\\/avatar\\\/60b998c71de37dcc1398fc6d48c6b5ed7533e3ceec837c948055f072e3158ff1?s=96&d=mm&r=g\",\"contentUrl\":\"https:\\\/\\\/secure.gravatar.com\\\/avatar\\\/60b998c71de37dcc1398fc6d48c6b5ed7533e3ceec837c948055f072e3158ff1?s=96&d=mm&r=g\",\"caption\":\"Administra\u00e7\u00e3o IAC\"}}]}<\/script>\n<!-- \/ Yoast SEO plugin. -->","yoast_head_json":{"title":"A\u00e7\u00e3o de Sensibiliza\u00e7\u00e3o \u201cSou Crian\u00e7a e tenho Direitos | Instituto de Apoio \u00e0 Crian\u00e7a","robots":{"index":"index","follow":"follow","max-snippet":"max-snippet:-1","max-image-preview":"max-image-preview:large","max-video-preview":"max-video-preview:-1"},"canonical":"https:\/\/iacrianca.pt\/en\/2024\/12\/soucriancatenhodireitos\/","og_locale":"en_US","og_type":"article","og_title":"A\u00e7\u00e3o de Sensibiliza\u00e7\u00e3o \u201cSou Crian\u00e7a e tenho Direitos | Instituto de Apoio \u00e0 Crian\u00e7a","og_description":"No \u00e2mbito da comemora\u00e7\u00e3o do 35\u00ba anivers\u00e1rio da Conven\u00e7\u00e3o sobre os Direitos da Crian\u00e7a e dando resposta a um pedido do Externato Menino Jesus, em Coimbra, Ana Vicente e Teresa Damas dinamizaram no dia 19 de novembro, a A\u00e7\u00e3o de Sensibiliza\u00e7\u00e3o \u201cSou Crian\u00e7a e tenho Direitos\u201d. Assim, de manh\u00e3, decorreu uma sess\u00e3o para as crian\u00e7as&hellip;","og_url":"https:\/\/iacrianca.pt\/en\/2024\/12\/soucriancatenhodireitos\/","og_site_name":"Instituto de Apoio \u00e0 Crian\u00e7a","article_publisher":"https:\/\/www.facebook.com\/iacinstitutodeapoioacrianca","article_published_time":"2024-12-02T14:51:48+00:00","article_modified_time":"2024-12-11T13:40:39+00:00","og_image":[{"width":1600,"height":1200,"url":"https:\/\/iacrianca.pt\/wp-content\/uploads\/thumbnail_35-aniversario-CDC1.jpg","type":"image\/jpeg"}],"author":"Administra\u00e7\u00e3o IAC","twitter_card":"summary_large_image","twitter_creator":"@iacapoiocrianca","twitter_site":"@iacapoiocrianca","twitter_misc":{"Written by":"Administra\u00e7\u00e3o IAC","Est. reading time":"3 minutes"},"schema":{"@context":"https:\/\/schema.org","@graph":[{"@type":"Article","@id":"https:\/\/iacrianca.pt\/en\/2024\/12\/soucriancatenhodireitos\/#article","isPartOf":{"@id":"https:\/\/iacrianca.pt\/en\/2024\/12\/soucriancatenhodireitos\/"},"author":{"name":"Administra\u00e7\u00e3o IAC","@id":"https:\/\/iacrianca.pt\/en\/#\/schema\/person\/1c48c6e4b70d0dc7360e4b28ceaa5f6b"},"headline":"A\u00e7\u00e3o de Sensibiliza\u00e7\u00e3o \u201cSou Crian\u00e7a e tenho Direitos","datePublished":"2024-12-02T14:51:48+00:00","dateModified":"2024-12-11T13:40:39+00:00","mainEntityOfPage":{"@id":"https:\/\/iacrianca.pt\/en\/2024\/12\/soucriancatenhodireitos\/"},"wordCount":234,"publisher":{"@id":"https:\/\/iacrianca.pt\/en\/#organization"},"image":{"@id":"https:\/\/iacrianca.pt\/en\/2024\/12\/soucriancatenhodireitos\/#primaryimage"},"thumbnailUrl":"https:\/\/iacrianca.pt\/wp-content\/uploads\/thumbnail_35-aniversario-CDC1.jpg","articleSection":["Newsletter"],"inLanguage":"en-US"},{"@type":"WebPage","@id":"https:\/\/iacrianca.pt\/en\/2024\/12\/soucriancatenhodireitos\/","url":"https:\/\/iacrianca.pt\/en\/2024\/12\/soucriancatenhodireitos\/","name":"A\u00e7\u00e3o de Sensibiliza\u00e7\u00e3o \u201cSou Crian\u00e7a e tenho Direitos | Instituto de Apoio \u00e0 Crian\u00e7a","isPartOf":{"@id":"https:\/\/iacrianca.pt\/en\/#website"},"primaryImageOfPage":{"@id":"https:\/\/iacrianca.pt\/en\/2024\/12\/soucriancatenhodireitos\/#primaryimage"},"image":{"@id":"https:\/\/iacrianca.pt\/en\/2024\/12\/soucriancatenhodireitos\/#primaryimage"},"thumbnailUrl":"https:\/\/iacrianca.pt\/wp-content\/uploads\/thumbnail_35-aniversario-CDC1.jpg","datePublished":"2024-12-02T14:51:48+00:00","dateModified":"2024-12-11T13:40:39+00:00","breadcrumb":{"@id":"https:\/\/iacrianca.pt\/en\/2024\/12\/soucriancatenhodireitos\/#breadcrumb"},"inLanguage":"en-US","potentialAction":[{"@type":"ReadAction","target":["https:\/\/iacrianca.pt\/en\/2024\/12\/soucriancatenhodireitos\/"]}]},{"@type":"ImageObject","inLanguage":"en-US","@id":"https:\/\/iacrianca.pt\/en\/2024\/12\/soucriancatenhodireitos\/#primaryimage","url":"https:\/\/iacrianca.pt\/wp-content\/uploads\/thumbnail_35-aniversario-CDC1.jpg","contentUrl":"https:\/\/iacrianca.pt\/wp-content\/uploads\/thumbnail_35-aniversario-CDC1.jpg","width":1600,"height":1200},{"@type":"BreadcrumbList","@id":"https:\/\/iacrianca.pt\/en\/2024\/12\/soucriancatenhodireitos\/#breadcrumb","itemListElement":[{"@type":"ListItem","position":1,"name":"In\u00edcio","item":"https:\/\/iacrianca.pt\/en\/"},{"@type":"ListItem","position":2,"name":"A\u00e7\u00e3o de Sensibiliza\u00e7\u00e3o \u201cSou Crian\u00e7a e tenho Direitos"}]},{"@type":"WebSite","@id":"https:\/\/iacrianca.pt\/en\/#website","url":"https:\/\/iacrianca.pt\/en\/","name":"Instituto de Apoio \u00e0 Crian\u00e7a","description":"Desde 1983 na defesa e promo\u00e7\u00e3o dos direitos da crian\u00e7a","publisher":{"@id":"https:\/\/iacrianca.pt\/en\/#organization"},"potentialAction":[{"@type":"SearchAction","target":{"@type":"EntryPoint","urlTemplate":"https:\/\/iacrianca.pt\/en\/?s={search_term_string}"},"query-input":{"@type":"PropertyValueSpecification","valueRequired":true,"valueName":"search_term_string"}}],"inLanguage":"en-US"},{"@type":"Organization","@id":"https:\/\/iacrianca.pt\/en\/#organization","name":"Instituto de Apoio \u00e0 Crian\u00e7a","url":"https:\/\/iacrianca.pt\/en\/","logo":{"@type":"ImageObject","inLanguage":"en-US","@id":"https:\/\/iacrianca.pt\/en\/#\/schema\/logo\/image\/","url":"https:\/\/iacrianca.pt\/wp-content\/uploads\/2020\/04\/logo-iac-SD.jpg","contentUrl":"https:\/\/iacrianca.pt\/wp-content\/uploads\/2020\/04\/logo-iac-SD.jpg","width":152,"height":73,"caption":"Instituto de Apoio \u00e0 Crian\u00e7a"},"image":{"@id":"https:\/\/iacrianca.pt\/en\/#\/schema\/logo\/image\/"},"sameAs":["https:\/\/www.facebook.com\/iacinstitutodeapoioacrianca","https:\/\/x.com\/iacapoiocrianca","https:\/\/www.youtube.com\/channel\/UC0jjfZ_xkN_59gJf_RQ-ZnQ","https:\/\/www.linkedin.com\/company\/instituto-de-apoio--criana\/","https:\/\/www.instagram.com\/iacinstitutodeapoioacrianca\/","https:\/\/criancasatortoeadireitos.wordpress.com\/"]},{"@type":"Person","@id":"https:\/\/iacrianca.pt\/en\/#\/schema\/person\/1c48c6e4b70d0dc7360e4b28ceaa5f6b","name":"Administra\u00e7\u00e3o IAC","image":{"@type":"ImageObject","inLanguage":"en-US","@id":"https:\/\/secure.gravatar.com\/avatar\/60b998c71de37dcc1398fc6d48c6b5ed7533e3ceec837c948055f072e3158ff1?s=96&d=mm&r=g","url":"https:\/\/secure.gravatar.com\/avatar\/60b998c71de37dcc1398fc6d48c6b5ed7533e3ceec837c948055f072e3158ff1?s=96&d=mm&r=g","contentUrl":"https:\/\/secure.gravatar.com\/avatar\/60b998c71de37dcc1398fc6d48c6b5ed7533e3ceec837c948055f072e3158ff1?s=96&d=mm&r=g","caption":"Administra\u00e7\u00e3o IAC"}}]}},"_links":{"self":[{"href":"https:\/\/iacrianca.pt\/en\/wp-json\/wp\/v2\/posts\/23762","targetHints":{"allow":["GET"]}}],"collection":[{"href":"https:\/\/iacrianca.pt\/en\/wp-json\/wp\/v2\/posts"}],"about":[{"href":"https:\/\/iacrianca.pt\/en\/wp-json\/wp\/v2\/types\/post"}],"author":[{"embeddable":true,"href":"https:\/\/iacrianca.pt\/en\/wp-json\/wp\/v2\/users\/2"}],"replies":[{"embeddable":true,"href":"https:\/\/iacrianca.pt\/en\/wp-json\/wp\/v2\/comments?post=23762"}],"version-history":[{"count":0,"href":"https:\/\/iacrianca.pt\/en\/wp-json\/wp\/v2\/posts\/23762\/revisions"}],"wp:featuredmedia":[{"embeddable":true,"href":"https:\/\/iacrianca.pt\/en\/wp-json\/wp\/v2\/media\/23763"}],"wp:attachment":[{"href":"https:\/\/iacrianca.pt\/en\/wp-json\/wp\/v2\/media?parent=23762"}],"wp:term":[{"taxonomy":"category","embeddable":true,"href":"https:\/\/iacrianca.pt\/en\/wp-json\/wp\/v2\/categories?post=23762"},{"taxonomy":"post_tag","embeddable":true,"href":"https:\/\/iacrianca.pt\/en\/wp-json\/wp\/v2\/tags?post=23762"}],"curies":[{"name":"wp","href":"https:\/\/api.w.org\/{rel}","templated":true}]}}