{"id":23795,"date":"2024-12-02T15:29:16","date_gmt":"2024-12-02T15:29:16","guid":{"rendered":"https:\/\/iacrianca.pt\/?p=23795"},"modified":"2024-12-11T13:43:21","modified_gmt":"2024-12-11T13:43:21","slug":"gaaf-do-ae-de-silves-organizou-um-webinar-sobre-bullying","status":"publish","type":"post","link":"https:\/\/iacrianca.pt\/en\/2024\/12\/gaaf-do-ae-de-silves-organizou-um-webinar-sobre-bullying\/","title":{"rendered":"GAAF do AE de Silves, organizou um webinar sobre Bullying"},"content":{"rendered":"<p><span data-contrast=\"auto\">No passado dia 12 de Novembro, a convite do GAAF do Agrupamento de Escolas de Silves, o Setor da Humaniza\u00e7\u00e3o do IAC, realizou online uma a\u00e7\u00e3o de sensibiliza\u00e7\u00e3o dirigida a pais e encarregados de educa\u00e7\u00e3o, focada na tem\u00e1tica do bullying, criando-se um espa\u00e7o fundamental de reflex\u00e3o e aprendizagem sobre esta problem\u00e1tica.\u00a0<\/span><span data-ccp-props=\"{}\">\u00a0<\/span><\/p>\n<p><span data-contrast=\"auto\">Uma a\u00e7\u00e3o que, construtivamente, permitiu abordar diferentes dimens\u00f5es relacionadas com o bullying. Nesta, os participantes tiveram a oportunidade de compreender estrat\u00e9gias eficazes de preven\u00e7\u00e3o, de forma a criar ambientes familiares seguros que promovam o respeito m\u00fatuo e a comunica\u00e7\u00e3o aberta entre pais, educadores e crian\u00e7as. Referiu-se, tamb\u00e9m, a import\u00e2ncia do di\u00e1logo, da empatia e do acompanhamento pr\u00f3ximo entre todos no combate ao bullying, sublinhando que a solu\u00e7\u00e3o passa por uma abordagem colaborativa e, acima de tudo, de di\u00e1logo entre pais e filhos. Foi importante para os encarregados de educa\u00e7\u00e3o presentes, no debate que se prolongou para al\u00e9m do trivial, destacar a pertin\u00eancia destas a\u00e7\u00f5es (&#8220;de extrema import\u00e2ncia&#8221;, referiram) que visam unir a comunidade educativa e as fam\u00edlias num objetivo comum: criar uma cultura de respeito, compreens\u00e3o e toler\u00e2ncia zero face ao bullying. <\/span><span data-ccp-props=\"{}\">\u00a0<\/span><\/p>\n<p><a href=\"https:\/\/www.facebook.com\/61561939464314\/videos\/pcb.122126846198397982\/1224635548761150\">V\u00eddeo\u00a0<\/a><\/p>\n<p><img fetchpriority=\"high\" decoding=\"async\" class=\"alignnone wp-image-23798 size-full\" src=\"https:\/\/iacrianca.pt\/wp-content\/uploads\/barros.jpg\" alt=\"\" width=\"2002\" height=\"2048\" \/><\/p>\n","protected":false},"excerpt":{"rendered":"<p>No passado dia 12 de Novembro, a convite do GAAF do Agrupamento de Escolas de Silves, o Setor da Humaniza\u00e7\u00e3o do IAC, realizou online uma a\u00e7\u00e3o de sensibiliza\u00e7\u00e3o dirigida a pais e encarregados de educa\u00e7\u00e3o, focada na tem\u00e1tica do bullying, criando-se um espa\u00e7o fundamental de reflex\u00e3o e aprendizagem sobre esta problem\u00e1tica.\u00a0\u00a0 Uma a\u00e7\u00e3o que, construtivamente,&hellip;<\/p>\n","protected":false},"author":2,"featured_media":23801,"comment_status":"closed","ping_status":"open","sticky":false,"template":"","format":"standard","meta":{"_acf_changed":false,"footnotes":""},"categories":[63],"tags":[],"class_list":["post-23795","post","type-post","status-publish","format-standard","has-post-thumbnail","hentry","category-newsletter","category-63","description-off"],"acf":[],"yoast_head":"<!-- This site is optimized with the Yoast SEO plugin v27.5 - https:\/\/yoast.com\/product\/yoast-seo-wordpress\/ -->\n<title>GAAF do AE de Silves, organizou um webinar sobre Bullying | Instituto de Apoio \u00e0 Crian\u00e7a<\/title>\n<meta name=\"robots\" content=\"index, follow, max-snippet:-1, max-image-preview:large, max-video-preview:-1\" \/>\n<link rel=\"canonical\" href=\"https:\/\/iacrianca.pt\/en\/2024\/12\/gaaf-do-ae-de-silves-organizou-um-webinar-sobre-bullying\/\" \/>\n<meta property=\"og:locale\" content=\"en_US\" \/>\n<meta property=\"og:type\" content=\"article\" \/>\n<meta property=\"og:title\" content=\"GAAF do AE de Silves, organizou um webinar sobre Bullying | Instituto de Apoio \u00e0 Crian\u00e7a\" \/>\n<meta property=\"og:description\" content=\"No passado dia 12 de Novembro, a convite do GAAF do Agrupamento de Escolas de Silves, o Setor da Humaniza\u00e7\u00e3o do IAC, realizou online uma a\u00e7\u00e3o de sensibiliza\u00e7\u00e3o dirigida a pais e encarregados de educa\u00e7\u00e3o, focada na tem\u00e1tica do bullying, criando-se um espa\u00e7o fundamental de reflex\u00e3o e aprendizagem sobre esta problem\u00e1tica.\u00a0\u00a0 Uma a\u00e7\u00e3o que, construtivamente,&hellip;\" \/>\n<meta property=\"og:url\" content=\"https:\/\/iacrianca.pt\/en\/2024\/12\/gaaf-do-ae-de-silves-organizou-um-webinar-sobre-bullying\/\" \/>\n<meta property=\"og:site_name\" content=\"Instituto de Apoio \u00e0 Crian\u00e7a\" \/>\n<meta property=\"article:publisher\" content=\"https:\/\/www.facebook.com\/iacinstitutodeapoioacrianca\" \/>\n<meta property=\"article:published_time\" content=\"2024-12-02T15:29:16+00:00\" \/>\n<meta property=\"article:modified_time\" content=\"2024-12-11T13:43:21+00:00\" \/>\n<meta property=\"og:image\" content=\"https:\/\/iacrianca.pt\/wp-content\/uploads\/bullying1.jpg\" \/>\n\t<meta property=\"og:image:width\" content=\"732\" \/>\n\t<meta property=\"og:image:height\" content=\"502\" \/>\n\t<meta property=\"og:image:type\" content=\"image\/jpeg\" \/>\n<meta name=\"author\" content=\"Administra\u00e7\u00e3o IAC\" \/>\n<meta name=\"twitter:card\" content=\"summary_large_image\" \/>\n<meta name=\"twitter:creator\" content=\"@iacapoiocrianca\" \/>\n<meta name=\"twitter:site\" content=\"@iacapoiocrianca\" \/>\n<meta name=\"twitter:label1\" content=\"Written by\" \/>\n\t<meta name=\"twitter:data1\" content=\"Administra\u00e7\u00e3o IAC\" \/>\n\t<meta name=\"twitter:label2\" content=\"Est. reading time\" \/>\n\t<meta name=\"twitter:data2\" content=\"2 minutes\" \/>\n<script type=\"application\/ld+json\" class=\"yoast-schema-graph\">{\"@context\":\"https:\\\/\\\/schema.org\",\"@graph\":[{\"@type\":\"Article\",\"@id\":\"https:\\\/\\\/iacrianca.pt\\\/en\\\/2024\\\/12\\\/gaaf-do-ae-de-silves-organizou-um-webinar-sobre-bullying\\\/#article\",\"isPartOf\":{\"@id\":\"https:\\\/\\\/iacrianca.pt\\\/en\\\/2024\\\/12\\\/gaaf-do-ae-de-silves-organizou-um-webinar-sobre-bullying\\\/\"},\"author\":{\"name\":\"Administra\u00e7\u00e3o IAC\",\"@id\":\"https:\\\/\\\/iacrianca.pt\\\/en\\\/#\\\/schema\\\/person\\\/1c48c6e4b70d0dc7360e4b28ceaa5f6b\"},\"headline\":\"GAAF do AE de Silves, organizou um webinar sobre Bullying\",\"datePublished\":\"2024-12-02T15:29:16+00:00\",\"dateModified\":\"2024-12-11T13:43:21+00:00\",\"mainEntityOfPage\":{\"@id\":\"https:\\\/\\\/iacrianca.pt\\\/en\\\/2024\\\/12\\\/gaaf-do-ae-de-silves-organizou-um-webinar-sobre-bullying\\\/\"},\"wordCount\":223,\"publisher\":{\"@id\":\"https:\\\/\\\/iacrianca.pt\\\/en\\\/#organization\"},\"image\":{\"@id\":\"https:\\\/\\\/iacrianca.pt\\\/en\\\/2024\\\/12\\\/gaaf-do-ae-de-silves-organizou-um-webinar-sobre-bullying\\\/#primaryimage\"},\"thumbnailUrl\":\"https:\\\/\\\/iacrianca.pt\\\/wp-content\\\/uploads\\\/bullying1.jpg\",\"articleSection\":[\"Newsletter\"],\"inLanguage\":\"en-US\"},{\"@type\":\"WebPage\",\"@id\":\"https:\\\/\\\/iacrianca.pt\\\/en\\\/2024\\\/12\\\/gaaf-do-ae-de-silves-organizou-um-webinar-sobre-bullying\\\/\",\"url\":\"https:\\\/\\\/iacrianca.pt\\\/en\\\/2024\\\/12\\\/gaaf-do-ae-de-silves-organizou-um-webinar-sobre-bullying\\\/\",\"name\":\"GAAF do AE de Silves, organizou um webinar sobre Bullying | Instituto de Apoio \u00e0 Crian\u00e7a\",\"isPartOf\":{\"@id\":\"https:\\\/\\\/iacrianca.pt\\\/en\\\/#website\"},\"primaryImageOfPage\":{\"@id\":\"https:\\\/\\\/iacrianca.pt\\\/en\\\/2024\\\/12\\\/gaaf-do-ae-de-silves-organizou-um-webinar-sobre-bullying\\\/#primaryimage\"},\"image\":{\"@id\":\"https:\\\/\\\/iacrianca.pt\\\/en\\\/2024\\\/12\\\/gaaf-do-ae-de-silves-organizou-um-webinar-sobre-bullying\\\/#primaryimage\"},\"thumbnailUrl\":\"https:\\\/\\\/iacrianca.pt\\\/wp-content\\\/uploads\\\/bullying1.jpg\",\"datePublished\":\"2024-12-02T15:29:16+00:00\",\"dateModified\":\"2024-12-11T13:43:21+00:00\",\"breadcrumb\":{\"@id\":\"https:\\\/\\\/iacrianca.pt\\\/en\\\/2024\\\/12\\\/gaaf-do-ae-de-silves-organizou-um-webinar-sobre-bullying\\\/#breadcrumb\"},\"inLanguage\":\"en-US\",\"potentialAction\":[{\"@type\":\"ReadAction\",\"target\":[\"https:\\\/\\\/iacrianca.pt\\\/en\\\/2024\\\/12\\\/gaaf-do-ae-de-silves-organizou-um-webinar-sobre-bullying\\\/\"]}]},{\"@type\":\"ImageObject\",\"inLanguage\":\"en-US\",\"@id\":\"https:\\\/\\\/iacrianca.pt\\\/en\\\/2024\\\/12\\\/gaaf-do-ae-de-silves-organizou-um-webinar-sobre-bullying\\\/#primaryimage\",\"url\":\"https:\\\/\\\/iacrianca.pt\\\/wp-content\\\/uploads\\\/bullying1.jpg\",\"contentUrl\":\"https:\\\/\\\/iacrianca.pt\\\/wp-content\\\/uploads\\\/bullying1.jpg\",\"width\":732,\"height\":502},{\"@type\":\"BreadcrumbList\",\"@id\":\"https:\\\/\\\/iacrianca.pt\\\/en\\\/2024\\\/12\\\/gaaf-do-ae-de-silves-organizou-um-webinar-sobre-bullying\\\/#breadcrumb\",\"itemListElement\":[{\"@type\":\"ListItem\",\"position\":1,\"name\":\"In\u00edcio\",\"item\":\"https:\\\/\\\/iacrianca.pt\\\/en\\\/\"},{\"@type\":\"ListItem\",\"position\":2,\"name\":\"GAAF do AE de Silves, organizou um webinar sobre Bullying\"}]},{\"@type\":\"WebSite\",\"@id\":\"https:\\\/\\\/iacrianca.pt\\\/en\\\/#website\",\"url\":\"https:\\\/\\\/iacrianca.pt\\\/en\\\/\",\"name\":\"Instituto de Apoio \u00e0 Crian\u00e7a\",\"description\":\"Desde 1983 na defesa e promo\u00e7\u00e3o dos direitos da crian\u00e7a\",\"publisher\":{\"@id\":\"https:\\\/\\\/iacrianca.pt\\\/en\\\/#organization\"},\"potentialAction\":[{\"@type\":\"SearchAction\",\"target\":{\"@type\":\"EntryPoint\",\"urlTemplate\":\"https:\\\/\\\/iacrianca.pt\\\/en\\\/?s={search_term_string}\"},\"query-input\":{\"@type\":\"PropertyValueSpecification\",\"valueRequired\":true,\"valueName\":\"search_term_string\"}}],\"inLanguage\":\"en-US\"},{\"@type\":\"Organization\",\"@id\":\"https:\\\/\\\/iacrianca.pt\\\/en\\\/#organization\",\"name\":\"Instituto de Apoio \u00e0 Crian\u00e7a\",\"url\":\"https:\\\/\\\/iacrianca.pt\\\/en\\\/\",\"logo\":{\"@type\":\"ImageObject\",\"inLanguage\":\"en-US\",\"@id\":\"https:\\\/\\\/iacrianca.pt\\\/en\\\/#\\\/schema\\\/logo\\\/image\\\/\",\"url\":\"https:\\\/\\\/iacrianca.pt\\\/wp-content\\\/uploads\\\/2020\\\/04\\\/logo-iac-SD.jpg\",\"contentUrl\":\"https:\\\/\\\/iacrianca.pt\\\/wp-content\\\/uploads\\\/2020\\\/04\\\/logo-iac-SD.jpg\",\"width\":152,\"height\":73,\"caption\":\"Instituto de Apoio \u00e0 Crian\u00e7a\"},\"image\":{\"@id\":\"https:\\\/\\\/iacrianca.pt\\\/en\\\/#\\\/schema\\\/logo\\\/image\\\/\"},\"sameAs\":[\"https:\\\/\\\/www.facebook.com\\\/iacinstitutodeapoioacrianca\",\"https:\\\/\\\/x.com\\\/iacapoiocrianca\",\"https:\\\/\\\/www.youtube.com\\\/channel\\\/UC0jjfZ_xkN_59gJf_RQ-ZnQ\",\"https:\\\/\\\/www.linkedin.com\\\/company\\\/instituto-de-apoio--criana\\\/\",\"https:\\\/\\\/www.instagram.com\\\/iacinstitutodeapoioacrianca\\\/\",\"https:\\\/\\\/criancasatortoeadireitos.wordpress.com\\\/\"]},{\"@type\":\"Person\",\"@id\":\"https:\\\/\\\/iacrianca.pt\\\/en\\\/#\\\/schema\\\/person\\\/1c48c6e4b70d0dc7360e4b28ceaa5f6b\",\"name\":\"Administra\u00e7\u00e3o IAC\",\"image\":{\"@type\":\"ImageObject\",\"inLanguage\":\"en-US\",\"@id\":\"https:\\\/\\\/secure.gravatar.com\\\/avatar\\\/60b998c71de37dcc1398fc6d48c6b5ed7533e3ceec837c948055f072e3158ff1?s=96&d=mm&r=g\",\"url\":\"https:\\\/\\\/secure.gravatar.com\\\/avatar\\\/60b998c71de37dcc1398fc6d48c6b5ed7533e3ceec837c948055f072e3158ff1?s=96&d=mm&r=g\",\"contentUrl\":\"https:\\\/\\\/secure.gravatar.com\\\/avatar\\\/60b998c71de37dcc1398fc6d48c6b5ed7533e3ceec837c948055f072e3158ff1?s=96&d=mm&r=g\",\"caption\":\"Administra\u00e7\u00e3o IAC\"}}]}<\/script>\n<!-- \/ Yoast SEO plugin. -->","yoast_head_json":{"title":"GAAF do AE de Silves, organizou um webinar sobre Bullying | Instituto de Apoio \u00e0 Crian\u00e7a","robots":{"index":"index","follow":"follow","max-snippet":"max-snippet:-1","max-image-preview":"max-image-preview:large","max-video-preview":"max-video-preview:-1"},"canonical":"https:\/\/iacrianca.pt\/en\/2024\/12\/gaaf-do-ae-de-silves-organizou-um-webinar-sobre-bullying\/","og_locale":"en_US","og_type":"article","og_title":"GAAF do AE de Silves, organizou um webinar sobre Bullying | Instituto de Apoio \u00e0 Crian\u00e7a","og_description":"No passado dia 12 de Novembro, a convite do GAAF do Agrupamento de Escolas de Silves, o Setor da Humaniza\u00e7\u00e3o do IAC, realizou online uma a\u00e7\u00e3o de sensibiliza\u00e7\u00e3o dirigida a pais e encarregados de educa\u00e7\u00e3o, focada na tem\u00e1tica do bullying, criando-se um espa\u00e7o fundamental de reflex\u00e3o e aprendizagem sobre esta problem\u00e1tica.\u00a0\u00a0 Uma a\u00e7\u00e3o que, construtivamente,&hellip;","og_url":"https:\/\/iacrianca.pt\/en\/2024\/12\/gaaf-do-ae-de-silves-organizou-um-webinar-sobre-bullying\/","og_site_name":"Instituto de Apoio \u00e0 Crian\u00e7a","article_publisher":"https:\/\/www.facebook.com\/iacinstitutodeapoioacrianca","article_published_time":"2024-12-02T15:29:16+00:00","article_modified_time":"2024-12-11T13:43:21+00:00","og_image":[{"width":732,"height":502,"url":"https:\/\/iacrianca.pt\/wp-content\/uploads\/bullying1.jpg","type":"image\/jpeg"}],"author":"Administra\u00e7\u00e3o IAC","twitter_card":"summary_large_image","twitter_creator":"@iacapoiocrianca","twitter_site":"@iacapoiocrianca","twitter_misc":{"Written by":"Administra\u00e7\u00e3o IAC","Est. reading time":"2 minutes"},"schema":{"@context":"https:\/\/schema.org","@graph":[{"@type":"Article","@id":"https:\/\/iacrianca.pt\/en\/2024\/12\/gaaf-do-ae-de-silves-organizou-um-webinar-sobre-bullying\/#article","isPartOf":{"@id":"https:\/\/iacrianca.pt\/en\/2024\/12\/gaaf-do-ae-de-silves-organizou-um-webinar-sobre-bullying\/"},"author":{"name":"Administra\u00e7\u00e3o IAC","@id":"https:\/\/iacrianca.pt\/en\/#\/schema\/person\/1c48c6e4b70d0dc7360e4b28ceaa5f6b"},"headline":"GAAF do AE de Silves, organizou um webinar sobre Bullying","datePublished":"2024-12-02T15:29:16+00:00","dateModified":"2024-12-11T13:43:21+00:00","mainEntityOfPage":{"@id":"https:\/\/iacrianca.pt\/en\/2024\/12\/gaaf-do-ae-de-silves-organizou-um-webinar-sobre-bullying\/"},"wordCount":223,"publisher":{"@id":"https:\/\/iacrianca.pt\/en\/#organization"},"image":{"@id":"https:\/\/iacrianca.pt\/en\/2024\/12\/gaaf-do-ae-de-silves-organizou-um-webinar-sobre-bullying\/#primaryimage"},"thumbnailUrl":"https:\/\/iacrianca.pt\/wp-content\/uploads\/bullying1.jpg","articleSection":["Newsletter"],"inLanguage":"en-US"},{"@type":"WebPage","@id":"https:\/\/iacrianca.pt\/en\/2024\/12\/gaaf-do-ae-de-silves-organizou-um-webinar-sobre-bullying\/","url":"https:\/\/iacrianca.pt\/en\/2024\/12\/gaaf-do-ae-de-silves-organizou-um-webinar-sobre-bullying\/","name":"GAAF do AE de Silves, organizou um webinar sobre Bullying | Instituto de Apoio \u00e0 Crian\u00e7a","isPartOf":{"@id":"https:\/\/iacrianca.pt\/en\/#website"},"primaryImageOfPage":{"@id":"https:\/\/iacrianca.pt\/en\/2024\/12\/gaaf-do-ae-de-silves-organizou-um-webinar-sobre-bullying\/#primaryimage"},"image":{"@id":"https:\/\/iacrianca.pt\/en\/2024\/12\/gaaf-do-ae-de-silves-organizou-um-webinar-sobre-bullying\/#primaryimage"},"thumbnailUrl":"https:\/\/iacrianca.pt\/wp-content\/uploads\/bullying1.jpg","datePublished":"2024-12-02T15:29:16+00:00","dateModified":"2024-12-11T13:43:21+00:00","breadcrumb":{"@id":"https:\/\/iacrianca.pt\/en\/2024\/12\/gaaf-do-ae-de-silves-organizou-um-webinar-sobre-bullying\/#breadcrumb"},"inLanguage":"en-US","potentialAction":[{"@type":"ReadAction","target":["https:\/\/iacrianca.pt\/en\/2024\/12\/gaaf-do-ae-de-silves-organizou-um-webinar-sobre-bullying\/"]}]},{"@type":"ImageObject","inLanguage":"en-US","@id":"https:\/\/iacrianca.pt\/en\/2024\/12\/gaaf-do-ae-de-silves-organizou-um-webinar-sobre-bullying\/#primaryimage","url":"https:\/\/iacrianca.pt\/wp-content\/uploads\/bullying1.jpg","contentUrl":"https:\/\/iacrianca.pt\/wp-content\/uploads\/bullying1.jpg","width":732,"height":502},{"@type":"BreadcrumbList","@id":"https:\/\/iacrianca.pt\/en\/2024\/12\/gaaf-do-ae-de-silves-organizou-um-webinar-sobre-bullying\/#breadcrumb","itemListElement":[{"@type":"ListItem","position":1,"name":"In\u00edcio","item":"https:\/\/iacrianca.pt\/en\/"},{"@type":"ListItem","position":2,"name":"GAAF do AE de Silves, organizou um webinar sobre Bullying"}]},{"@type":"WebSite","@id":"https:\/\/iacrianca.pt\/en\/#website","url":"https:\/\/iacrianca.pt\/en\/","name":"Instituto de Apoio \u00e0 Crian\u00e7a","description":"Desde 1983 na defesa e promo\u00e7\u00e3o dos direitos da crian\u00e7a","publisher":{"@id":"https:\/\/iacrianca.pt\/en\/#organization"},"potentialAction":[{"@type":"SearchAction","target":{"@type":"EntryPoint","urlTemplate":"https:\/\/iacrianca.pt\/en\/?s={search_term_string}"},"query-input":{"@type":"PropertyValueSpecification","valueRequired":true,"valueName":"search_term_string"}}],"inLanguage":"en-US"},{"@type":"Organization","@id":"https:\/\/iacrianca.pt\/en\/#organization","name":"Instituto de Apoio \u00e0 Crian\u00e7a","url":"https:\/\/iacrianca.pt\/en\/","logo":{"@type":"ImageObject","inLanguage":"en-US","@id":"https:\/\/iacrianca.pt\/en\/#\/schema\/logo\/image\/","url":"https:\/\/iacrianca.pt\/wp-content\/uploads\/2020\/04\/logo-iac-SD.jpg","contentUrl":"https:\/\/iacrianca.pt\/wp-content\/uploads\/2020\/04\/logo-iac-SD.jpg","width":152,"height":73,"caption":"Instituto de Apoio \u00e0 Crian\u00e7a"},"image":{"@id":"https:\/\/iacrianca.pt\/en\/#\/schema\/logo\/image\/"},"sameAs":["https:\/\/www.facebook.com\/iacinstitutodeapoioacrianca","https:\/\/x.com\/iacapoiocrianca","https:\/\/www.youtube.com\/channel\/UC0jjfZ_xkN_59gJf_RQ-ZnQ","https:\/\/www.linkedin.com\/company\/instituto-de-apoio--criana\/","https:\/\/www.instagram.com\/iacinstitutodeapoioacrianca\/","https:\/\/criancasatortoeadireitos.wordpress.com\/"]},{"@type":"Person","@id":"https:\/\/iacrianca.pt\/en\/#\/schema\/person\/1c48c6e4b70d0dc7360e4b28ceaa5f6b","name":"Administra\u00e7\u00e3o IAC","image":{"@type":"ImageObject","inLanguage":"en-US","@id":"https:\/\/secure.gravatar.com\/avatar\/60b998c71de37dcc1398fc6d48c6b5ed7533e3ceec837c948055f072e3158ff1?s=96&d=mm&r=g","url":"https:\/\/secure.gravatar.com\/avatar\/60b998c71de37dcc1398fc6d48c6b5ed7533e3ceec837c948055f072e3158ff1?s=96&d=mm&r=g","contentUrl":"https:\/\/secure.gravatar.com\/avatar\/60b998c71de37dcc1398fc6d48c6b5ed7533e3ceec837c948055f072e3158ff1?s=96&d=mm&r=g","caption":"Administra\u00e7\u00e3o IAC"}}]}},"_links":{"self":[{"href":"https:\/\/iacrianca.pt\/en\/wp-json\/wp\/v2\/posts\/23795","targetHints":{"allow":["GET"]}}],"collection":[{"href":"https:\/\/iacrianca.pt\/en\/wp-json\/wp\/v2\/posts"}],"about":[{"href":"https:\/\/iacrianca.pt\/en\/wp-json\/wp\/v2\/types\/post"}],"author":[{"embeddable":true,"href":"https:\/\/iacrianca.pt\/en\/wp-json\/wp\/v2\/users\/2"}],"replies":[{"embeddable":true,"href":"https:\/\/iacrianca.pt\/en\/wp-json\/wp\/v2\/comments?post=23795"}],"version-history":[{"count":0,"href":"https:\/\/iacrianca.pt\/en\/wp-json\/wp\/v2\/posts\/23795\/revisions"}],"wp:featuredmedia":[{"embeddable":true,"href":"https:\/\/iacrianca.pt\/en\/wp-json\/wp\/v2\/media\/23801"}],"wp:attachment":[{"href":"https:\/\/iacrianca.pt\/en\/wp-json\/wp\/v2\/media?parent=23795"}],"wp:term":[{"taxonomy":"category","embeddable":true,"href":"https:\/\/iacrianca.pt\/en\/wp-json\/wp\/v2\/categories?post=23795"},{"taxonomy":"post_tag","embeddable":true,"href":"https:\/\/iacrianca.pt\/en\/wp-json\/wp\/v2\/tags?post=23795"}],"curies":[{"name":"wp","href":"https:\/\/api.w.org\/{rel}","templated":true}]}}