{"id":23803,"date":"2024-12-02T15:39:56","date_gmt":"2024-12-02T15:39:56","guid":{"rendered":"https:\/\/iacrianca.pt\/?p=23803"},"modified":"2024-12-11T13:45:36","modified_gmt":"2024-12-11T13:45:36","slug":"conferencia-a-cidade-como-motor-de-transformacao-social","status":"publish","type":"post","link":"https:\/\/iacrianca.pt\/en\/2024\/12\/conferencia-a-cidade-como-motor-de-transformacao-social\/","title":{"rendered":"Confer\u00eancia \u201cA cidade como motor de transforma\u00e7\u00e3o social\u201d"},"content":{"rendered":"<p><b><span data-contrast=\"auto\">A R\u00e1dio Renascen\u00e7a e o Munic\u00edpio de Pa\u00e7os de Ferreira organizaram, a prop\u00f3sito do Dia das Cidades Educadoras, a confer\u00eancia \u201cA cidade como motor de transforma\u00e7\u00e3o social\u201d.\u00a0 Ana Louren\u00e7o participou no 1\u00ba painel do evento dedicado ao papel das pol\u00edticas p\u00fablicas e locais na transforma\u00e7\u00e3o social.<\/span><\/b><span data-ccp-props=\"{}\">\u00a0<\/span><\/p>\n<p><span data-contrast=\"auto\">A confer\u00eancia teve lugar no dia 29 de novembro, no Sal\u00e3o Nobre dos Pa\u00e7os do Concelho de Pa\u00e7os de Ferreira, e contou com a modera\u00e7\u00e3o do jornalista Jos\u00e9 Pedro Fraz\u00e3o. <\/span><span data-ccp-props=\"{}\">\u00a0<\/span><\/p>\n<p><span data-contrast=\"auto\">Consulte as not\u00edcias sobre o evento em:<\/span><span data-ccp-props=\"{}\">\u00a0<\/span><\/p>\n<p><a href=\"https:\/\/rr.sapo.pt\/noticia\/pais\/2024\/11\/29\/e-preciso-uma-cidade-inteira-para-educar-uma-crianca-mas-nao-estamos-a-deixa-las-explorar\/403701\/\"><span data-contrast=\"none\">&#8220;\u00c9 preciso uma cidade inteira para educar uma crian\u00e7a&#8221; mas n\u00e3o estamos a deix\u00e1-las explorar &#8211; Renascen\u00e7a<\/span><\/a><span data-ccp-props=\"{}\">\u00a0<\/span><\/p>\n<p><a href=\"https:\/\/rr.sapo.pt\/noticia\/pais\/2024\/11\/29\/migracoes-pais-tem-de-investir-na-aprendizagem-da-lingua-nas-escolas\/403724\/\"><span data-contrast=\"none\">Migra\u00e7\u00f5es. Pa\u00eds tem de investir na aprendizagem da l\u00edngua nas escolas &#8211; Renascen\u00e7a<\/span><\/a><span data-ccp-props=\"{}\">\u00a0<\/span><\/p>\n<p><span data-contrast=\"auto\">Aceda ao v\u00eddeo completo da confer\u00eancia em <\/span><a href=\"https:\/\/youtu.be\/bCNtYJEk_Io\"><span data-contrast=\"none\">https:\/\/youtu.be\/bCNtYJEk_Io<\/span><\/a><span data-ccp-props=\"{}\">\u00a0<\/span><\/p>\n<p><span data-contrast=\"auto\">O Dia das Cidades Educadoras celebra-se anualmente a 30 de novembro e, em 2024, o mote das celebra\u00e7\u00f5es foi \u201cA Cidade Educadora como laborat\u00f3rio de aprendizagens, cidadania e transforma\u00e7\u00e3o social\u201d. O prop\u00f3sito do estabelecimento desta data \u00e9 refletir sobre como a educa\u00e7\u00e3o pode transcender os limites da escola, utilizando as ruas, pra\u00e7as, parques e equipamentos urbanos para fomentar o conhecimento, a conviv\u00eancia e o respeito pela diversidade.<\/span><span data-ccp-props=\"{}\">\u00a0<\/span><\/p>\n","protected":false},"excerpt":{"rendered":"<p>A R\u00e1dio Renascen\u00e7a e o Munic\u00edpio de Pa\u00e7os de Ferreira organizaram, a prop\u00f3sito do Dia das Cidades Educadoras, a confer\u00eancia \u201cA cidade como motor de transforma\u00e7\u00e3o social\u201d.\u00a0 Ana Louren\u00e7o participou no 1\u00ba painel do evento dedicado ao papel das pol\u00edticas p\u00fablicas e locais na transforma\u00e7\u00e3o social.\u00a0 A confer\u00eancia teve lugar no dia 29 de novembro,&hellip;<\/p>\n","protected":false},"author":2,"featured_media":23804,"comment_status":"closed","ping_status":"open","sticky":false,"template":"","format":"standard","meta":{"_acf_changed":false,"footnotes":""},"categories":[63],"tags":[],"class_list":["post-23803","post","type-post","status-publish","format-standard","has-post-thumbnail","hentry","category-newsletter","category-63","description-off"],"acf":[],"yoast_head":"<!-- This site is optimized with the Yoast SEO plugin v27.5 - https:\/\/yoast.com\/product\/yoast-seo-wordpress\/ -->\n<title>Confer\u00eancia \u201cA cidade como motor de transforma\u00e7\u00e3o social\u201d | Instituto de Apoio \u00e0 Crian\u00e7a<\/title>\n<meta name=\"robots\" content=\"index, follow, max-snippet:-1, max-image-preview:large, max-video-preview:-1\" \/>\n<link rel=\"canonical\" href=\"https:\/\/iacrianca.pt\/en\/2024\/12\/conferencia-a-cidade-como-motor-de-transformacao-social\/\" \/>\n<meta property=\"og:locale\" content=\"en_US\" \/>\n<meta property=\"og:type\" content=\"article\" \/>\n<meta property=\"og:title\" content=\"Confer\u00eancia \u201cA cidade como motor de transforma\u00e7\u00e3o social\u201d | Instituto de Apoio \u00e0 Crian\u00e7a\" \/>\n<meta property=\"og:description\" content=\"A R\u00e1dio Renascen\u00e7a e o Munic\u00edpio de Pa\u00e7os de Ferreira organizaram, a prop\u00f3sito do Dia das Cidades Educadoras, a confer\u00eancia \u201cA cidade como motor de transforma\u00e7\u00e3o social\u201d.\u00a0 Ana Louren\u00e7o participou no 1\u00ba painel do evento dedicado ao papel das pol\u00edticas p\u00fablicas e locais na transforma\u00e7\u00e3o social.\u00a0 A confer\u00eancia teve lugar no dia 29 de novembro,&hellip;\" \/>\n<meta property=\"og:url\" content=\"https:\/\/iacrianca.pt\/en\/2024\/12\/conferencia-a-cidade-como-motor-de-transformacao-social\/\" \/>\n<meta property=\"og:site_name\" content=\"Instituto de Apoio \u00e0 Crian\u00e7a\" \/>\n<meta property=\"article:publisher\" content=\"https:\/\/www.facebook.com\/iacinstitutodeapoioacrianca\" \/>\n<meta property=\"article:published_time\" content=\"2024-12-02T15:39:56+00:00\" \/>\n<meta property=\"article:modified_time\" content=\"2024-12-11T13:45:36+00:00\" \/>\n<meta property=\"og:image\" content=\"https:\/\/iacrianca.pt\/wp-content\/uploads\/conf_rr.jpg\" \/>\n\t<meta property=\"og:image:width\" content=\"840\" \/>\n\t<meta property=\"og:image:height\" content=\"471\" \/>\n\t<meta property=\"og:image:type\" content=\"image\/jpeg\" \/>\n<meta name=\"author\" content=\"Administra\u00e7\u00e3o IAC\" \/>\n<meta name=\"twitter:card\" content=\"summary_large_image\" \/>\n<meta name=\"twitter:creator\" content=\"@iacapoiocrianca\" \/>\n<meta name=\"twitter:site\" content=\"@iacapoiocrianca\" \/>\n<meta name=\"twitter:label1\" content=\"Written by\" \/>\n\t<meta name=\"twitter:data1\" content=\"Administra\u00e7\u00e3o IAC\" \/>\n\t<meta name=\"twitter:label2\" content=\"Est. reading time\" \/>\n\t<meta name=\"twitter:data2\" content=\"2 minutes\" \/>\n<script type=\"application\/ld+json\" class=\"yoast-schema-graph\">{\"@context\":\"https:\\\/\\\/schema.org\",\"@graph\":[{\"@type\":\"Article\",\"@id\":\"https:\\\/\\\/iacrianca.pt\\\/en\\\/2024\\\/12\\\/conferencia-a-cidade-como-motor-de-transformacao-social\\\/#article\",\"isPartOf\":{\"@id\":\"https:\\\/\\\/iacrianca.pt\\\/en\\\/2024\\\/12\\\/conferencia-a-cidade-como-motor-de-transformacao-social\\\/\"},\"author\":{\"name\":\"Administra\u00e7\u00e3o IAC\",\"@id\":\"https:\\\/\\\/iacrianca.pt\\\/en\\\/#\\\/schema\\\/person\\\/1c48c6e4b70d0dc7360e4b28ceaa5f6b\"},\"headline\":\"Confer\u00eancia \u201cA cidade como motor de transforma\u00e7\u00e3o social\u201d\",\"datePublished\":\"2024-12-02T15:39:56+00:00\",\"dateModified\":\"2024-12-11T13:45:36+00:00\",\"mainEntityOfPage\":{\"@id\":\"https:\\\/\\\/iacrianca.pt\\\/en\\\/2024\\\/12\\\/conferencia-a-cidade-como-motor-de-transformacao-social\\\/\"},\"wordCount\":231,\"publisher\":{\"@id\":\"https:\\\/\\\/iacrianca.pt\\\/en\\\/#organization\"},\"image\":{\"@id\":\"https:\\\/\\\/iacrianca.pt\\\/en\\\/2024\\\/12\\\/conferencia-a-cidade-como-motor-de-transformacao-social\\\/#primaryimage\"},\"thumbnailUrl\":\"https:\\\/\\\/iacrianca.pt\\\/wp-content\\\/uploads\\\/conf_rr.jpg\",\"articleSection\":[\"Newsletter\"],\"inLanguage\":\"en-US\"},{\"@type\":\"WebPage\",\"@id\":\"https:\\\/\\\/iacrianca.pt\\\/en\\\/2024\\\/12\\\/conferencia-a-cidade-como-motor-de-transformacao-social\\\/\",\"url\":\"https:\\\/\\\/iacrianca.pt\\\/en\\\/2024\\\/12\\\/conferencia-a-cidade-como-motor-de-transformacao-social\\\/\",\"name\":\"Confer\u00eancia \u201cA cidade como motor de transforma\u00e7\u00e3o social\u201d | Instituto de Apoio \u00e0 Crian\u00e7a\",\"isPartOf\":{\"@id\":\"https:\\\/\\\/iacrianca.pt\\\/en\\\/#website\"},\"primaryImageOfPage\":{\"@id\":\"https:\\\/\\\/iacrianca.pt\\\/en\\\/2024\\\/12\\\/conferencia-a-cidade-como-motor-de-transformacao-social\\\/#primaryimage\"},\"image\":{\"@id\":\"https:\\\/\\\/iacrianca.pt\\\/en\\\/2024\\\/12\\\/conferencia-a-cidade-como-motor-de-transformacao-social\\\/#primaryimage\"},\"thumbnailUrl\":\"https:\\\/\\\/iacrianca.pt\\\/wp-content\\\/uploads\\\/conf_rr.jpg\",\"datePublished\":\"2024-12-02T15:39:56+00:00\",\"dateModified\":\"2024-12-11T13:45:36+00:00\",\"breadcrumb\":{\"@id\":\"https:\\\/\\\/iacrianca.pt\\\/en\\\/2024\\\/12\\\/conferencia-a-cidade-como-motor-de-transformacao-social\\\/#breadcrumb\"},\"inLanguage\":\"en-US\",\"potentialAction\":[{\"@type\":\"ReadAction\",\"target\":[\"https:\\\/\\\/iacrianca.pt\\\/en\\\/2024\\\/12\\\/conferencia-a-cidade-como-motor-de-transformacao-social\\\/\"]}]},{\"@type\":\"ImageObject\",\"inLanguage\":\"en-US\",\"@id\":\"https:\\\/\\\/iacrianca.pt\\\/en\\\/2024\\\/12\\\/conferencia-a-cidade-como-motor-de-transformacao-social\\\/#primaryimage\",\"url\":\"https:\\\/\\\/iacrianca.pt\\\/wp-content\\\/uploads\\\/conf_rr.jpg\",\"contentUrl\":\"https:\\\/\\\/iacrianca.pt\\\/wp-content\\\/uploads\\\/conf_rr.jpg\",\"width\":840,\"height\":471},{\"@type\":\"BreadcrumbList\",\"@id\":\"https:\\\/\\\/iacrianca.pt\\\/en\\\/2024\\\/12\\\/conferencia-a-cidade-como-motor-de-transformacao-social\\\/#breadcrumb\",\"itemListElement\":[{\"@type\":\"ListItem\",\"position\":1,\"name\":\"In\u00edcio\",\"item\":\"https:\\\/\\\/iacrianca.pt\\\/en\\\/\"},{\"@type\":\"ListItem\",\"position\":2,\"name\":\"Confer\u00eancia \u201cA cidade como motor de transforma\u00e7\u00e3o social\u201d\"}]},{\"@type\":\"WebSite\",\"@id\":\"https:\\\/\\\/iacrianca.pt\\\/en\\\/#website\",\"url\":\"https:\\\/\\\/iacrianca.pt\\\/en\\\/\",\"name\":\"Instituto de Apoio \u00e0 Crian\u00e7a\",\"description\":\"Desde 1983 na defesa e promo\u00e7\u00e3o dos direitos da crian\u00e7a\",\"publisher\":{\"@id\":\"https:\\\/\\\/iacrianca.pt\\\/en\\\/#organization\"},\"potentialAction\":[{\"@type\":\"SearchAction\",\"target\":{\"@type\":\"EntryPoint\",\"urlTemplate\":\"https:\\\/\\\/iacrianca.pt\\\/en\\\/?s={search_term_string}\"},\"query-input\":{\"@type\":\"PropertyValueSpecification\",\"valueRequired\":true,\"valueName\":\"search_term_string\"}}],\"inLanguage\":\"en-US\"},{\"@type\":\"Organization\",\"@id\":\"https:\\\/\\\/iacrianca.pt\\\/en\\\/#organization\",\"name\":\"Instituto de Apoio \u00e0 Crian\u00e7a\",\"url\":\"https:\\\/\\\/iacrianca.pt\\\/en\\\/\",\"logo\":{\"@type\":\"ImageObject\",\"inLanguage\":\"en-US\",\"@id\":\"https:\\\/\\\/iacrianca.pt\\\/en\\\/#\\\/schema\\\/logo\\\/image\\\/\",\"url\":\"https:\\\/\\\/iacrianca.pt\\\/wp-content\\\/uploads\\\/2020\\\/04\\\/logo-iac-SD.jpg\",\"contentUrl\":\"https:\\\/\\\/iacrianca.pt\\\/wp-content\\\/uploads\\\/2020\\\/04\\\/logo-iac-SD.jpg\",\"width\":152,\"height\":73,\"caption\":\"Instituto de Apoio \u00e0 Crian\u00e7a\"},\"image\":{\"@id\":\"https:\\\/\\\/iacrianca.pt\\\/en\\\/#\\\/schema\\\/logo\\\/image\\\/\"},\"sameAs\":[\"https:\\\/\\\/www.facebook.com\\\/iacinstitutodeapoioacrianca\",\"https:\\\/\\\/x.com\\\/iacapoiocrianca\",\"https:\\\/\\\/www.youtube.com\\\/channel\\\/UC0jjfZ_xkN_59gJf_RQ-ZnQ\",\"https:\\\/\\\/www.linkedin.com\\\/company\\\/instituto-de-apoio--criana\\\/\",\"https:\\\/\\\/www.instagram.com\\\/iacinstitutodeapoioacrianca\\\/\",\"https:\\\/\\\/criancasatortoeadireitos.wordpress.com\\\/\"]},{\"@type\":\"Person\",\"@id\":\"https:\\\/\\\/iacrianca.pt\\\/en\\\/#\\\/schema\\\/person\\\/1c48c6e4b70d0dc7360e4b28ceaa5f6b\",\"name\":\"Administra\u00e7\u00e3o IAC\",\"image\":{\"@type\":\"ImageObject\",\"inLanguage\":\"en-US\",\"@id\":\"https:\\\/\\\/secure.gravatar.com\\\/avatar\\\/60b998c71de37dcc1398fc6d48c6b5ed7533e3ceec837c948055f072e3158ff1?s=96&d=mm&r=g\",\"url\":\"https:\\\/\\\/secure.gravatar.com\\\/avatar\\\/60b998c71de37dcc1398fc6d48c6b5ed7533e3ceec837c948055f072e3158ff1?s=96&d=mm&r=g\",\"contentUrl\":\"https:\\\/\\\/secure.gravatar.com\\\/avatar\\\/60b998c71de37dcc1398fc6d48c6b5ed7533e3ceec837c948055f072e3158ff1?s=96&d=mm&r=g\",\"caption\":\"Administra\u00e7\u00e3o IAC\"}}]}<\/script>\n<!-- \/ Yoast SEO plugin. -->","yoast_head_json":{"title":"Confer\u00eancia \u201cA cidade como motor de transforma\u00e7\u00e3o social\u201d | Instituto de Apoio \u00e0 Crian\u00e7a","robots":{"index":"index","follow":"follow","max-snippet":"max-snippet:-1","max-image-preview":"max-image-preview:large","max-video-preview":"max-video-preview:-1"},"canonical":"https:\/\/iacrianca.pt\/en\/2024\/12\/conferencia-a-cidade-como-motor-de-transformacao-social\/","og_locale":"en_US","og_type":"article","og_title":"Confer\u00eancia \u201cA cidade como motor de transforma\u00e7\u00e3o social\u201d | Instituto de Apoio \u00e0 Crian\u00e7a","og_description":"A R\u00e1dio Renascen\u00e7a e o Munic\u00edpio de Pa\u00e7os de Ferreira organizaram, a prop\u00f3sito do Dia das Cidades Educadoras, a confer\u00eancia \u201cA cidade como motor de transforma\u00e7\u00e3o social\u201d.\u00a0 Ana Louren\u00e7o participou no 1\u00ba painel do evento dedicado ao papel das pol\u00edticas p\u00fablicas e locais na transforma\u00e7\u00e3o social.\u00a0 A confer\u00eancia teve lugar no dia 29 de novembro,&hellip;","og_url":"https:\/\/iacrianca.pt\/en\/2024\/12\/conferencia-a-cidade-como-motor-de-transformacao-social\/","og_site_name":"Instituto de Apoio \u00e0 Crian\u00e7a","article_publisher":"https:\/\/www.facebook.com\/iacinstitutodeapoioacrianca","article_published_time":"2024-12-02T15:39:56+00:00","article_modified_time":"2024-12-11T13:45:36+00:00","og_image":[{"width":840,"height":471,"url":"https:\/\/iacrianca.pt\/wp-content\/uploads\/conf_rr.jpg","type":"image\/jpeg"}],"author":"Administra\u00e7\u00e3o IAC","twitter_card":"summary_large_image","twitter_creator":"@iacapoiocrianca","twitter_site":"@iacapoiocrianca","twitter_misc":{"Written by":"Administra\u00e7\u00e3o IAC","Est. reading time":"2 minutes"},"schema":{"@context":"https:\/\/schema.org","@graph":[{"@type":"Article","@id":"https:\/\/iacrianca.pt\/en\/2024\/12\/conferencia-a-cidade-como-motor-de-transformacao-social\/#article","isPartOf":{"@id":"https:\/\/iacrianca.pt\/en\/2024\/12\/conferencia-a-cidade-como-motor-de-transformacao-social\/"},"author":{"name":"Administra\u00e7\u00e3o IAC","@id":"https:\/\/iacrianca.pt\/en\/#\/schema\/person\/1c48c6e4b70d0dc7360e4b28ceaa5f6b"},"headline":"Confer\u00eancia \u201cA cidade como motor de transforma\u00e7\u00e3o social\u201d","datePublished":"2024-12-02T15:39:56+00:00","dateModified":"2024-12-11T13:45:36+00:00","mainEntityOfPage":{"@id":"https:\/\/iacrianca.pt\/en\/2024\/12\/conferencia-a-cidade-como-motor-de-transformacao-social\/"},"wordCount":231,"publisher":{"@id":"https:\/\/iacrianca.pt\/en\/#organization"},"image":{"@id":"https:\/\/iacrianca.pt\/en\/2024\/12\/conferencia-a-cidade-como-motor-de-transformacao-social\/#primaryimage"},"thumbnailUrl":"https:\/\/iacrianca.pt\/wp-content\/uploads\/conf_rr.jpg","articleSection":["Newsletter"],"inLanguage":"en-US"},{"@type":"WebPage","@id":"https:\/\/iacrianca.pt\/en\/2024\/12\/conferencia-a-cidade-como-motor-de-transformacao-social\/","url":"https:\/\/iacrianca.pt\/en\/2024\/12\/conferencia-a-cidade-como-motor-de-transformacao-social\/","name":"Confer\u00eancia \u201cA cidade como motor de transforma\u00e7\u00e3o social\u201d | Instituto de Apoio \u00e0 Crian\u00e7a","isPartOf":{"@id":"https:\/\/iacrianca.pt\/en\/#website"},"primaryImageOfPage":{"@id":"https:\/\/iacrianca.pt\/en\/2024\/12\/conferencia-a-cidade-como-motor-de-transformacao-social\/#primaryimage"},"image":{"@id":"https:\/\/iacrianca.pt\/en\/2024\/12\/conferencia-a-cidade-como-motor-de-transformacao-social\/#primaryimage"},"thumbnailUrl":"https:\/\/iacrianca.pt\/wp-content\/uploads\/conf_rr.jpg","datePublished":"2024-12-02T15:39:56+00:00","dateModified":"2024-12-11T13:45:36+00:00","breadcrumb":{"@id":"https:\/\/iacrianca.pt\/en\/2024\/12\/conferencia-a-cidade-como-motor-de-transformacao-social\/#breadcrumb"},"inLanguage":"en-US","potentialAction":[{"@type":"ReadAction","target":["https:\/\/iacrianca.pt\/en\/2024\/12\/conferencia-a-cidade-como-motor-de-transformacao-social\/"]}]},{"@type":"ImageObject","inLanguage":"en-US","@id":"https:\/\/iacrianca.pt\/en\/2024\/12\/conferencia-a-cidade-como-motor-de-transformacao-social\/#primaryimage","url":"https:\/\/iacrianca.pt\/wp-content\/uploads\/conf_rr.jpg","contentUrl":"https:\/\/iacrianca.pt\/wp-content\/uploads\/conf_rr.jpg","width":840,"height":471},{"@type":"BreadcrumbList","@id":"https:\/\/iacrianca.pt\/en\/2024\/12\/conferencia-a-cidade-como-motor-de-transformacao-social\/#breadcrumb","itemListElement":[{"@type":"ListItem","position":1,"name":"In\u00edcio","item":"https:\/\/iacrianca.pt\/en\/"},{"@type":"ListItem","position":2,"name":"Confer\u00eancia \u201cA cidade como motor de transforma\u00e7\u00e3o social\u201d"}]},{"@type":"WebSite","@id":"https:\/\/iacrianca.pt\/en\/#website","url":"https:\/\/iacrianca.pt\/en\/","name":"Instituto de Apoio \u00e0 Crian\u00e7a","description":"Desde 1983 na defesa e promo\u00e7\u00e3o dos direitos da crian\u00e7a","publisher":{"@id":"https:\/\/iacrianca.pt\/en\/#organization"},"potentialAction":[{"@type":"SearchAction","target":{"@type":"EntryPoint","urlTemplate":"https:\/\/iacrianca.pt\/en\/?s={search_term_string}"},"query-input":{"@type":"PropertyValueSpecification","valueRequired":true,"valueName":"search_term_string"}}],"inLanguage":"en-US"},{"@type":"Organization","@id":"https:\/\/iacrianca.pt\/en\/#organization","name":"Instituto de Apoio \u00e0 Crian\u00e7a","url":"https:\/\/iacrianca.pt\/en\/","logo":{"@type":"ImageObject","inLanguage":"en-US","@id":"https:\/\/iacrianca.pt\/en\/#\/schema\/logo\/image\/","url":"https:\/\/iacrianca.pt\/wp-content\/uploads\/2020\/04\/logo-iac-SD.jpg","contentUrl":"https:\/\/iacrianca.pt\/wp-content\/uploads\/2020\/04\/logo-iac-SD.jpg","width":152,"height":73,"caption":"Instituto de Apoio \u00e0 Crian\u00e7a"},"image":{"@id":"https:\/\/iacrianca.pt\/en\/#\/schema\/logo\/image\/"},"sameAs":["https:\/\/www.facebook.com\/iacinstitutodeapoioacrianca","https:\/\/x.com\/iacapoiocrianca","https:\/\/www.youtube.com\/channel\/UC0jjfZ_xkN_59gJf_RQ-ZnQ","https:\/\/www.linkedin.com\/company\/instituto-de-apoio--criana\/","https:\/\/www.instagram.com\/iacinstitutodeapoioacrianca\/","https:\/\/criancasatortoeadireitos.wordpress.com\/"]},{"@type":"Person","@id":"https:\/\/iacrianca.pt\/en\/#\/schema\/person\/1c48c6e4b70d0dc7360e4b28ceaa5f6b","name":"Administra\u00e7\u00e3o IAC","image":{"@type":"ImageObject","inLanguage":"en-US","@id":"https:\/\/secure.gravatar.com\/avatar\/60b998c71de37dcc1398fc6d48c6b5ed7533e3ceec837c948055f072e3158ff1?s=96&d=mm&r=g","url":"https:\/\/secure.gravatar.com\/avatar\/60b998c71de37dcc1398fc6d48c6b5ed7533e3ceec837c948055f072e3158ff1?s=96&d=mm&r=g","contentUrl":"https:\/\/secure.gravatar.com\/avatar\/60b998c71de37dcc1398fc6d48c6b5ed7533e3ceec837c948055f072e3158ff1?s=96&d=mm&r=g","caption":"Administra\u00e7\u00e3o IAC"}}]}},"_links":{"self":[{"href":"https:\/\/iacrianca.pt\/en\/wp-json\/wp\/v2\/posts\/23803","targetHints":{"allow":["GET"]}}],"collection":[{"href":"https:\/\/iacrianca.pt\/en\/wp-json\/wp\/v2\/posts"}],"about":[{"href":"https:\/\/iacrianca.pt\/en\/wp-json\/wp\/v2\/types\/post"}],"author":[{"embeddable":true,"href":"https:\/\/iacrianca.pt\/en\/wp-json\/wp\/v2\/users\/2"}],"replies":[{"embeddable":true,"href":"https:\/\/iacrianca.pt\/en\/wp-json\/wp\/v2\/comments?post=23803"}],"version-history":[{"count":0,"href":"https:\/\/iacrianca.pt\/en\/wp-json\/wp\/v2\/posts\/23803\/revisions"}],"wp:featuredmedia":[{"embeddable":true,"href":"https:\/\/iacrianca.pt\/en\/wp-json\/wp\/v2\/media\/23804"}],"wp:attachment":[{"href":"https:\/\/iacrianca.pt\/en\/wp-json\/wp\/v2\/media?parent=23803"}],"wp:term":[{"taxonomy":"category","embeddable":true,"href":"https:\/\/iacrianca.pt\/en\/wp-json\/wp\/v2\/categories?post=23803"},{"taxonomy":"post_tag","embeddable":true,"href":"https:\/\/iacrianca.pt\/en\/wp-json\/wp\/v2\/tags?post=23803"}],"curies":[{"name":"wp","href":"https:\/\/api.w.org\/{rel}","templated":true}]}}