{"id":23807,"date":"2024-12-02T15:49:48","date_gmt":"2024-12-02T15:49:48","guid":{"rendered":"https:\/\/iacrianca.pt\/?p=23807"},"modified":"2024-12-11T13:46:52","modified_gmt":"2024-12-11T13:46:52","slug":"o-iac-representado-no-evento-da-cpcj-de-sesimbra-viver-sem-violencia-domestica","status":"publish","type":"post","link":"https:\/\/iacrianca.pt\/en\/2024\/12\/o-iac-representado-no-evento-da-cpcj-de-sesimbra-viver-sem-violencia-domestica\/","title":{"rendered":"O IAC representado no evento da CPCJ de Sesimbra \u201cViver (sem) Viol\u00eancia Dom\u00e9stica\u201d"},"content":{"rendered":"<p><span data-contrast=\"auto\">A convite da CPCJ de Sesimbra, a Coordenadora do Setor da Humaniza\u00e7\u00e3o dos Servi\u00e7os de Atendimento \u00e0 Crian\u00e7a, Melanie Tavares, esteve presente como moderadora do Encontro Viver (sem) Viol\u00eancia Dom\u00e9stica, que aconteceu no dia 25 de novembro.<\/span><span data-ccp-props=\"{&quot;335551550&quot;:6,&quot;335551620&quot;:6}\">\u00a0<\/span><\/p>\n<p><span data-contrast=\"auto\">Estiveram representados elementos das for\u00e7as de Seguran\u00e7a, Sa\u00fade e Organiza\u00e7\u00f5es da sociedade civil a debater o tema da viol\u00eancia no geral e, em particular, da viol\u00eancia dom\u00e9stica que tem sido um fen\u00f3meno crescente no nosso pa\u00eds e transversal \u00e0s v\u00e1rias classes sociais, idade e g\u00e9nero.<\/span><span data-ccp-props=\"{&quot;335551550&quot;:6,&quot;335551620&quot;:6}\">\u00a0<\/span><\/p>\n<p><span data-contrast=\"auto\">Foi gratificante assistir \u00e0 participa\u00e7\u00e3o de jovens (elementos do Grupo de teatro <\/span><i><span data-contrast=\"auto\">Entre Palcos)<\/span><\/i><span data-contrast=\"auto\"> na dinamiza\u00e7\u00e3o de uma pe\u00e7a de teatro de interven\u00e7\u00e3o, que abordou a problem\u00e1tica do Cyberbullying e viol\u00eancia no namoro.<\/span><span data-ccp-props=\"{&quot;335551550&quot;:6,&quot;335551620&quot;:6}\">\u00a0<\/span><\/p>\n","protected":false},"excerpt":{"rendered":"<p>A convite da CPCJ de Sesimbra, a Coordenadora do Setor da Humaniza\u00e7\u00e3o dos Servi\u00e7os de Atendimento \u00e0 Crian\u00e7a, Melanie Tavares, esteve presente como moderadora do Encontro Viver (sem) Viol\u00eancia Dom\u00e9stica, que aconteceu no dia 25 de novembro.\u00a0 Estiveram representados elementos das for\u00e7as de Seguran\u00e7a, Sa\u00fade e Organiza\u00e7\u00f5es da sociedade civil a debater o tema da&hellip;<\/p>\n","protected":false},"author":2,"featured_media":23808,"comment_status":"closed","ping_status":"open","sticky":false,"template":"","format":"standard","meta":{"_acf_changed":false,"footnotes":""},"categories":[63],"tags":[],"class_list":["post-23807","post","type-post","status-publish","format-standard","has-post-thumbnail","hentry","category-newsletter","category-63","description-off"],"acf":[],"yoast_head":"<!-- This site is optimized with the Yoast SEO plugin v27.5 - https:\/\/yoast.com\/product\/yoast-seo-wordpress\/ -->\n<title>O IAC representado no evento da CPCJ de Sesimbra \u201cViver (sem) Viol\u00eancia Dom\u00e9stica\u201d | Instituto de Apoio \u00e0 Crian\u00e7a<\/title>\n<meta name=\"robots\" content=\"index, follow, max-snippet:-1, max-image-preview:large, max-video-preview:-1\" \/>\n<link rel=\"canonical\" href=\"https:\/\/iacrianca.pt\/en\/2024\/12\/o-iac-representado-no-evento-da-cpcj-de-sesimbra-viver-sem-violencia-domestica\/\" \/>\n<meta property=\"og:locale\" content=\"en_US\" \/>\n<meta property=\"og:type\" content=\"article\" \/>\n<meta property=\"og:title\" content=\"O IAC representado no evento da CPCJ de Sesimbra \u201cViver (sem) Viol\u00eancia Dom\u00e9stica\u201d | Instituto de Apoio \u00e0 Crian\u00e7a\" \/>\n<meta property=\"og:description\" content=\"A convite da CPCJ de Sesimbra, a Coordenadora do Setor da Humaniza\u00e7\u00e3o dos Servi\u00e7os de Atendimento \u00e0 Crian\u00e7a, Melanie Tavares, esteve presente como moderadora do Encontro Viver (sem) Viol\u00eancia Dom\u00e9stica, que aconteceu no dia 25 de novembro.\u00a0 Estiveram representados elementos das for\u00e7as de Seguran\u00e7a, Sa\u00fade e Organiza\u00e7\u00f5es da sociedade civil a debater o tema da&hellip;\" \/>\n<meta property=\"og:url\" content=\"https:\/\/iacrianca.pt\/en\/2024\/12\/o-iac-representado-no-evento-da-cpcj-de-sesimbra-viver-sem-violencia-domestica\/\" \/>\n<meta property=\"og:site_name\" content=\"Instituto de Apoio \u00e0 Crian\u00e7a\" \/>\n<meta property=\"article:publisher\" content=\"https:\/\/www.facebook.com\/iacinstitutodeapoioacrianca\" \/>\n<meta property=\"article:published_time\" content=\"2024-12-02T15:49:48+00:00\" \/>\n<meta property=\"article:modified_time\" content=\"2024-12-11T13:46:52+00:00\" \/>\n<meta property=\"og:image\" content=\"https:\/\/iacrianca.pt\/wp-content\/uploads\/FOTO-CPCJ.jpg\" \/>\n\t<meta property=\"og:image:width\" content=\"1600\" \/>\n\t<meta property=\"og:image:height\" content=\"773\" \/>\n\t<meta property=\"og:image:type\" content=\"image\/jpeg\" \/>\n<meta name=\"author\" content=\"Administra\u00e7\u00e3o IAC\" \/>\n<meta name=\"twitter:card\" content=\"summary_large_image\" \/>\n<meta name=\"twitter:creator\" content=\"@iacapoiocrianca\" \/>\n<meta name=\"twitter:site\" content=\"@iacapoiocrianca\" \/>\n<meta name=\"twitter:label1\" content=\"Written by\" \/>\n\t<meta name=\"twitter:data1\" content=\"Administra\u00e7\u00e3o IAC\" \/>\n\t<meta name=\"twitter:label2\" content=\"Est. reading time\" \/>\n\t<meta name=\"twitter:data2\" content=\"1 minute\" \/>\n<script type=\"application\/ld+json\" class=\"yoast-schema-graph\">{\"@context\":\"https:\\\/\\\/schema.org\",\"@graph\":[{\"@type\":\"Article\",\"@id\":\"https:\\\/\\\/iacrianca.pt\\\/en\\\/2024\\\/12\\\/o-iac-representado-no-evento-da-cpcj-de-sesimbra-viver-sem-violencia-domestica\\\/#article\",\"isPartOf\":{\"@id\":\"https:\\\/\\\/iacrianca.pt\\\/en\\\/2024\\\/12\\\/o-iac-representado-no-evento-da-cpcj-de-sesimbra-viver-sem-violencia-domestica\\\/\"},\"author\":{\"name\":\"Administra\u00e7\u00e3o IAC\",\"@id\":\"https:\\\/\\\/iacrianca.pt\\\/en\\\/#\\\/schema\\\/person\\\/1c48c6e4b70d0dc7360e4b28ceaa5f6b\"},\"headline\":\"O IAC representado no evento da CPCJ de Sesimbra \u201cViver (sem) Viol\u00eancia Dom\u00e9stica\u201d\",\"datePublished\":\"2024-12-02T15:49:48+00:00\",\"dateModified\":\"2024-12-11T13:46:52+00:00\",\"mainEntityOfPage\":{\"@id\":\"https:\\\/\\\/iacrianca.pt\\\/en\\\/2024\\\/12\\\/o-iac-representado-no-evento-da-cpcj-de-sesimbra-viver-sem-violencia-domestica\\\/\"},\"wordCount\":149,\"publisher\":{\"@id\":\"https:\\\/\\\/iacrianca.pt\\\/en\\\/#organization\"},\"image\":{\"@id\":\"https:\\\/\\\/iacrianca.pt\\\/en\\\/2024\\\/12\\\/o-iac-representado-no-evento-da-cpcj-de-sesimbra-viver-sem-violencia-domestica\\\/#primaryimage\"},\"thumbnailUrl\":\"https:\\\/\\\/iacrianca.pt\\\/wp-content\\\/uploads\\\/FOTO-CPCJ.jpg\",\"articleSection\":[\"Newsletter\"],\"inLanguage\":\"en-US\"},{\"@type\":\"WebPage\",\"@id\":\"https:\\\/\\\/iacrianca.pt\\\/en\\\/2024\\\/12\\\/o-iac-representado-no-evento-da-cpcj-de-sesimbra-viver-sem-violencia-domestica\\\/\",\"url\":\"https:\\\/\\\/iacrianca.pt\\\/en\\\/2024\\\/12\\\/o-iac-representado-no-evento-da-cpcj-de-sesimbra-viver-sem-violencia-domestica\\\/\",\"name\":\"O IAC representado no evento da CPCJ de Sesimbra \u201cViver (sem) Viol\u00eancia Dom\u00e9stica\u201d | Instituto de Apoio \u00e0 Crian\u00e7a\",\"isPartOf\":{\"@id\":\"https:\\\/\\\/iacrianca.pt\\\/en\\\/#website\"},\"primaryImageOfPage\":{\"@id\":\"https:\\\/\\\/iacrianca.pt\\\/en\\\/2024\\\/12\\\/o-iac-representado-no-evento-da-cpcj-de-sesimbra-viver-sem-violencia-domestica\\\/#primaryimage\"},\"image\":{\"@id\":\"https:\\\/\\\/iacrianca.pt\\\/en\\\/2024\\\/12\\\/o-iac-representado-no-evento-da-cpcj-de-sesimbra-viver-sem-violencia-domestica\\\/#primaryimage\"},\"thumbnailUrl\":\"https:\\\/\\\/iacrianca.pt\\\/wp-content\\\/uploads\\\/FOTO-CPCJ.jpg\",\"datePublished\":\"2024-12-02T15:49:48+00:00\",\"dateModified\":\"2024-12-11T13:46:52+00:00\",\"breadcrumb\":{\"@id\":\"https:\\\/\\\/iacrianca.pt\\\/en\\\/2024\\\/12\\\/o-iac-representado-no-evento-da-cpcj-de-sesimbra-viver-sem-violencia-domestica\\\/#breadcrumb\"},\"inLanguage\":\"en-US\",\"potentialAction\":[{\"@type\":\"ReadAction\",\"target\":[\"https:\\\/\\\/iacrianca.pt\\\/en\\\/2024\\\/12\\\/o-iac-representado-no-evento-da-cpcj-de-sesimbra-viver-sem-violencia-domestica\\\/\"]}]},{\"@type\":\"ImageObject\",\"inLanguage\":\"en-US\",\"@id\":\"https:\\\/\\\/iacrianca.pt\\\/en\\\/2024\\\/12\\\/o-iac-representado-no-evento-da-cpcj-de-sesimbra-viver-sem-violencia-domestica\\\/#primaryimage\",\"url\":\"https:\\\/\\\/iacrianca.pt\\\/wp-content\\\/uploads\\\/FOTO-CPCJ.jpg\",\"contentUrl\":\"https:\\\/\\\/iacrianca.pt\\\/wp-content\\\/uploads\\\/FOTO-CPCJ.jpg\",\"width\":1600,\"height\":773},{\"@type\":\"BreadcrumbList\",\"@id\":\"https:\\\/\\\/iacrianca.pt\\\/en\\\/2024\\\/12\\\/o-iac-representado-no-evento-da-cpcj-de-sesimbra-viver-sem-violencia-domestica\\\/#breadcrumb\",\"itemListElement\":[{\"@type\":\"ListItem\",\"position\":1,\"name\":\"In\u00edcio\",\"item\":\"https:\\\/\\\/iacrianca.pt\\\/en\\\/\"},{\"@type\":\"ListItem\",\"position\":2,\"name\":\"O IAC representado no evento da CPCJ de Sesimbra \u201cViver (sem) Viol\u00eancia Dom\u00e9stica\u201d\"}]},{\"@type\":\"WebSite\",\"@id\":\"https:\\\/\\\/iacrianca.pt\\\/en\\\/#website\",\"url\":\"https:\\\/\\\/iacrianca.pt\\\/en\\\/\",\"name\":\"Instituto de Apoio \u00e0 Crian\u00e7a\",\"description\":\"Desde 1983 na defesa e promo\u00e7\u00e3o dos direitos da crian\u00e7a\",\"publisher\":{\"@id\":\"https:\\\/\\\/iacrianca.pt\\\/en\\\/#organization\"},\"potentialAction\":[{\"@type\":\"SearchAction\",\"target\":{\"@type\":\"EntryPoint\",\"urlTemplate\":\"https:\\\/\\\/iacrianca.pt\\\/en\\\/?s={search_term_string}\"},\"query-input\":{\"@type\":\"PropertyValueSpecification\",\"valueRequired\":true,\"valueName\":\"search_term_string\"}}],\"inLanguage\":\"en-US\"},{\"@type\":\"Organization\",\"@id\":\"https:\\\/\\\/iacrianca.pt\\\/en\\\/#organization\",\"name\":\"Instituto de Apoio \u00e0 Crian\u00e7a\",\"url\":\"https:\\\/\\\/iacrianca.pt\\\/en\\\/\",\"logo\":{\"@type\":\"ImageObject\",\"inLanguage\":\"en-US\",\"@id\":\"https:\\\/\\\/iacrianca.pt\\\/en\\\/#\\\/schema\\\/logo\\\/image\\\/\",\"url\":\"https:\\\/\\\/iacrianca.pt\\\/wp-content\\\/uploads\\\/2020\\\/04\\\/logo-iac-SD.jpg\",\"contentUrl\":\"https:\\\/\\\/iacrianca.pt\\\/wp-content\\\/uploads\\\/2020\\\/04\\\/logo-iac-SD.jpg\",\"width\":152,\"height\":73,\"caption\":\"Instituto de Apoio \u00e0 Crian\u00e7a\"},\"image\":{\"@id\":\"https:\\\/\\\/iacrianca.pt\\\/en\\\/#\\\/schema\\\/logo\\\/image\\\/\"},\"sameAs\":[\"https:\\\/\\\/www.facebook.com\\\/iacinstitutodeapoioacrianca\",\"https:\\\/\\\/x.com\\\/iacapoiocrianca\",\"https:\\\/\\\/www.youtube.com\\\/channel\\\/UC0jjfZ_xkN_59gJf_RQ-ZnQ\",\"https:\\\/\\\/www.linkedin.com\\\/company\\\/instituto-de-apoio--criana\\\/\",\"https:\\\/\\\/www.instagram.com\\\/iacinstitutodeapoioacrianca\\\/\",\"https:\\\/\\\/criancasatortoeadireitos.wordpress.com\\\/\"]},{\"@type\":\"Person\",\"@id\":\"https:\\\/\\\/iacrianca.pt\\\/en\\\/#\\\/schema\\\/person\\\/1c48c6e4b70d0dc7360e4b28ceaa5f6b\",\"name\":\"Administra\u00e7\u00e3o IAC\",\"image\":{\"@type\":\"ImageObject\",\"inLanguage\":\"en-US\",\"@id\":\"https:\\\/\\\/secure.gravatar.com\\\/avatar\\\/60b998c71de37dcc1398fc6d48c6b5ed7533e3ceec837c948055f072e3158ff1?s=96&d=mm&r=g\",\"url\":\"https:\\\/\\\/secure.gravatar.com\\\/avatar\\\/60b998c71de37dcc1398fc6d48c6b5ed7533e3ceec837c948055f072e3158ff1?s=96&d=mm&r=g\",\"contentUrl\":\"https:\\\/\\\/secure.gravatar.com\\\/avatar\\\/60b998c71de37dcc1398fc6d48c6b5ed7533e3ceec837c948055f072e3158ff1?s=96&d=mm&r=g\",\"caption\":\"Administra\u00e7\u00e3o IAC\"}}]}<\/script>\n<!-- \/ Yoast SEO plugin. -->","yoast_head_json":{"title":"O IAC representado no evento da CPCJ de Sesimbra \u201cViver (sem) Viol\u00eancia Dom\u00e9stica\u201d | Instituto de Apoio \u00e0 Crian\u00e7a","robots":{"index":"index","follow":"follow","max-snippet":"max-snippet:-1","max-image-preview":"max-image-preview:large","max-video-preview":"max-video-preview:-1"},"canonical":"https:\/\/iacrianca.pt\/en\/2024\/12\/o-iac-representado-no-evento-da-cpcj-de-sesimbra-viver-sem-violencia-domestica\/","og_locale":"en_US","og_type":"article","og_title":"O IAC representado no evento da CPCJ de Sesimbra \u201cViver (sem) Viol\u00eancia Dom\u00e9stica\u201d | Instituto de Apoio \u00e0 Crian\u00e7a","og_description":"A convite da CPCJ de Sesimbra, a Coordenadora do Setor da Humaniza\u00e7\u00e3o dos Servi\u00e7os de Atendimento \u00e0 Crian\u00e7a, Melanie Tavares, esteve presente como moderadora do Encontro Viver (sem) Viol\u00eancia Dom\u00e9stica, que aconteceu no dia 25 de novembro.\u00a0 Estiveram representados elementos das for\u00e7as de Seguran\u00e7a, Sa\u00fade e Organiza\u00e7\u00f5es da sociedade civil a debater o tema da&hellip;","og_url":"https:\/\/iacrianca.pt\/en\/2024\/12\/o-iac-representado-no-evento-da-cpcj-de-sesimbra-viver-sem-violencia-domestica\/","og_site_name":"Instituto de Apoio \u00e0 Crian\u00e7a","article_publisher":"https:\/\/www.facebook.com\/iacinstitutodeapoioacrianca","article_published_time":"2024-12-02T15:49:48+00:00","article_modified_time":"2024-12-11T13:46:52+00:00","og_image":[{"width":1600,"height":773,"url":"https:\/\/iacrianca.pt\/wp-content\/uploads\/FOTO-CPCJ.jpg","type":"image\/jpeg"}],"author":"Administra\u00e7\u00e3o IAC","twitter_card":"summary_large_image","twitter_creator":"@iacapoiocrianca","twitter_site":"@iacapoiocrianca","twitter_misc":{"Written by":"Administra\u00e7\u00e3o IAC","Est. reading time":"1 minute"},"schema":{"@context":"https:\/\/schema.org","@graph":[{"@type":"Article","@id":"https:\/\/iacrianca.pt\/en\/2024\/12\/o-iac-representado-no-evento-da-cpcj-de-sesimbra-viver-sem-violencia-domestica\/#article","isPartOf":{"@id":"https:\/\/iacrianca.pt\/en\/2024\/12\/o-iac-representado-no-evento-da-cpcj-de-sesimbra-viver-sem-violencia-domestica\/"},"author":{"name":"Administra\u00e7\u00e3o IAC","@id":"https:\/\/iacrianca.pt\/en\/#\/schema\/person\/1c48c6e4b70d0dc7360e4b28ceaa5f6b"},"headline":"O IAC representado no evento da CPCJ de Sesimbra \u201cViver (sem) Viol\u00eancia Dom\u00e9stica\u201d","datePublished":"2024-12-02T15:49:48+00:00","dateModified":"2024-12-11T13:46:52+00:00","mainEntityOfPage":{"@id":"https:\/\/iacrianca.pt\/en\/2024\/12\/o-iac-representado-no-evento-da-cpcj-de-sesimbra-viver-sem-violencia-domestica\/"},"wordCount":149,"publisher":{"@id":"https:\/\/iacrianca.pt\/en\/#organization"},"image":{"@id":"https:\/\/iacrianca.pt\/en\/2024\/12\/o-iac-representado-no-evento-da-cpcj-de-sesimbra-viver-sem-violencia-domestica\/#primaryimage"},"thumbnailUrl":"https:\/\/iacrianca.pt\/wp-content\/uploads\/FOTO-CPCJ.jpg","articleSection":["Newsletter"],"inLanguage":"en-US"},{"@type":"WebPage","@id":"https:\/\/iacrianca.pt\/en\/2024\/12\/o-iac-representado-no-evento-da-cpcj-de-sesimbra-viver-sem-violencia-domestica\/","url":"https:\/\/iacrianca.pt\/en\/2024\/12\/o-iac-representado-no-evento-da-cpcj-de-sesimbra-viver-sem-violencia-domestica\/","name":"O IAC representado no evento da CPCJ de Sesimbra \u201cViver (sem) Viol\u00eancia Dom\u00e9stica\u201d | Instituto de Apoio \u00e0 Crian\u00e7a","isPartOf":{"@id":"https:\/\/iacrianca.pt\/en\/#website"},"primaryImageOfPage":{"@id":"https:\/\/iacrianca.pt\/en\/2024\/12\/o-iac-representado-no-evento-da-cpcj-de-sesimbra-viver-sem-violencia-domestica\/#primaryimage"},"image":{"@id":"https:\/\/iacrianca.pt\/en\/2024\/12\/o-iac-representado-no-evento-da-cpcj-de-sesimbra-viver-sem-violencia-domestica\/#primaryimage"},"thumbnailUrl":"https:\/\/iacrianca.pt\/wp-content\/uploads\/FOTO-CPCJ.jpg","datePublished":"2024-12-02T15:49:48+00:00","dateModified":"2024-12-11T13:46:52+00:00","breadcrumb":{"@id":"https:\/\/iacrianca.pt\/en\/2024\/12\/o-iac-representado-no-evento-da-cpcj-de-sesimbra-viver-sem-violencia-domestica\/#breadcrumb"},"inLanguage":"en-US","potentialAction":[{"@type":"ReadAction","target":["https:\/\/iacrianca.pt\/en\/2024\/12\/o-iac-representado-no-evento-da-cpcj-de-sesimbra-viver-sem-violencia-domestica\/"]}]},{"@type":"ImageObject","inLanguage":"en-US","@id":"https:\/\/iacrianca.pt\/en\/2024\/12\/o-iac-representado-no-evento-da-cpcj-de-sesimbra-viver-sem-violencia-domestica\/#primaryimage","url":"https:\/\/iacrianca.pt\/wp-content\/uploads\/FOTO-CPCJ.jpg","contentUrl":"https:\/\/iacrianca.pt\/wp-content\/uploads\/FOTO-CPCJ.jpg","width":1600,"height":773},{"@type":"BreadcrumbList","@id":"https:\/\/iacrianca.pt\/en\/2024\/12\/o-iac-representado-no-evento-da-cpcj-de-sesimbra-viver-sem-violencia-domestica\/#breadcrumb","itemListElement":[{"@type":"ListItem","position":1,"name":"In\u00edcio","item":"https:\/\/iacrianca.pt\/en\/"},{"@type":"ListItem","position":2,"name":"O IAC representado no evento da CPCJ de Sesimbra \u201cViver (sem) Viol\u00eancia Dom\u00e9stica\u201d"}]},{"@type":"WebSite","@id":"https:\/\/iacrianca.pt\/en\/#website","url":"https:\/\/iacrianca.pt\/en\/","name":"Instituto de Apoio \u00e0 Crian\u00e7a","description":"Desde 1983 na defesa e promo\u00e7\u00e3o dos direitos da crian\u00e7a","publisher":{"@id":"https:\/\/iacrianca.pt\/en\/#organization"},"potentialAction":[{"@type":"SearchAction","target":{"@type":"EntryPoint","urlTemplate":"https:\/\/iacrianca.pt\/en\/?s={search_term_string}"},"query-input":{"@type":"PropertyValueSpecification","valueRequired":true,"valueName":"search_term_string"}}],"inLanguage":"en-US"},{"@type":"Organization","@id":"https:\/\/iacrianca.pt\/en\/#organization","name":"Instituto de Apoio \u00e0 Crian\u00e7a","url":"https:\/\/iacrianca.pt\/en\/","logo":{"@type":"ImageObject","inLanguage":"en-US","@id":"https:\/\/iacrianca.pt\/en\/#\/schema\/logo\/image\/","url":"https:\/\/iacrianca.pt\/wp-content\/uploads\/2020\/04\/logo-iac-SD.jpg","contentUrl":"https:\/\/iacrianca.pt\/wp-content\/uploads\/2020\/04\/logo-iac-SD.jpg","width":152,"height":73,"caption":"Instituto de Apoio \u00e0 Crian\u00e7a"},"image":{"@id":"https:\/\/iacrianca.pt\/en\/#\/schema\/logo\/image\/"},"sameAs":["https:\/\/www.facebook.com\/iacinstitutodeapoioacrianca","https:\/\/x.com\/iacapoiocrianca","https:\/\/www.youtube.com\/channel\/UC0jjfZ_xkN_59gJf_RQ-ZnQ","https:\/\/www.linkedin.com\/company\/instituto-de-apoio--criana\/","https:\/\/www.instagram.com\/iacinstitutodeapoioacrianca\/","https:\/\/criancasatortoeadireitos.wordpress.com\/"]},{"@type":"Person","@id":"https:\/\/iacrianca.pt\/en\/#\/schema\/person\/1c48c6e4b70d0dc7360e4b28ceaa5f6b","name":"Administra\u00e7\u00e3o IAC","image":{"@type":"ImageObject","inLanguage":"en-US","@id":"https:\/\/secure.gravatar.com\/avatar\/60b998c71de37dcc1398fc6d48c6b5ed7533e3ceec837c948055f072e3158ff1?s=96&d=mm&r=g","url":"https:\/\/secure.gravatar.com\/avatar\/60b998c71de37dcc1398fc6d48c6b5ed7533e3ceec837c948055f072e3158ff1?s=96&d=mm&r=g","contentUrl":"https:\/\/secure.gravatar.com\/avatar\/60b998c71de37dcc1398fc6d48c6b5ed7533e3ceec837c948055f072e3158ff1?s=96&d=mm&r=g","caption":"Administra\u00e7\u00e3o IAC"}}]}},"_links":{"self":[{"href":"https:\/\/iacrianca.pt\/en\/wp-json\/wp\/v2\/posts\/23807","targetHints":{"allow":["GET"]}}],"collection":[{"href":"https:\/\/iacrianca.pt\/en\/wp-json\/wp\/v2\/posts"}],"about":[{"href":"https:\/\/iacrianca.pt\/en\/wp-json\/wp\/v2\/types\/post"}],"author":[{"embeddable":true,"href":"https:\/\/iacrianca.pt\/en\/wp-json\/wp\/v2\/users\/2"}],"replies":[{"embeddable":true,"href":"https:\/\/iacrianca.pt\/en\/wp-json\/wp\/v2\/comments?post=23807"}],"version-history":[{"count":0,"href":"https:\/\/iacrianca.pt\/en\/wp-json\/wp\/v2\/posts\/23807\/revisions"}],"wp:featuredmedia":[{"embeddable":true,"href":"https:\/\/iacrianca.pt\/en\/wp-json\/wp\/v2\/media\/23808"}],"wp:attachment":[{"href":"https:\/\/iacrianca.pt\/en\/wp-json\/wp\/v2\/media?parent=23807"}],"wp:term":[{"taxonomy":"category","embeddable":true,"href":"https:\/\/iacrianca.pt\/en\/wp-json\/wp\/v2\/categories?post=23807"},{"taxonomy":"post_tag","embeddable":true,"href":"https:\/\/iacrianca.pt\/en\/wp-json\/wp\/v2\/tags?post=23807"}],"curies":[{"name":"wp","href":"https:\/\/api.w.org\/{rel}","templated":true}]}}