{"id":23893,"date":"2024-12-06T15:00:49","date_gmt":"2024-12-06T15:00:49","guid":{"rendered":"https:\/\/iacrianca.pt\/?p=23893"},"modified":"2024-12-11T16:27:29","modified_gmt":"2024-12-11T16:27:29","slug":"exposicao-fotografica-you-hand-me-maos-que-transformam-vidas","status":"publish","type":"post","link":"https:\/\/iacrianca.pt\/en\/2024\/12\/exposicao-fotografica-you-hand-me-maos-que-transformam-vidas\/","title":{"rendered":"Exposi\u00e7\u00e3o Fotogr\u00e1fica YOU HAND ME &#8220;M\u00e3os que Transformam Vidas&#8221;"},"content":{"rendered":"<div>\n<p style=\"text-align: center;\">COMUNICADO DE IMPRENSA<\/p>\n<p style=\"text-align: center;\">EXPOSI\u00c7\u00c3O YOU HAND ME<\/p>\n<\/div>\n<div style=\"text-align: center;\">Instituto de Apoio \u00e0 Crian\u00e7a d\u00e1 destaque \u00e0s hist\u00f3rias e \u00e0s imagens das M\u00e3os que Transformam Vidas.<\/div>\n<div><\/div>\n<div style=\"text-align: center;\">Exposi\u00e7\u00e3o de fotografia, livro e m\u00fasica pretendem sensibilizar o p\u00fablico para a import\u00e2ncia dos direitos das crian\u00e7as e o papel crucial do Instituto de Apoio \u00e0 Crian\u00e7a (IAC).<\/div>\n<div>\n<div id=\"attachment_23941\" style=\"width: 310px\" class=\"wp-caption aligncenter\"><img fetchpriority=\"high\" decoding=\"async\" aria-describedby=\"caption-attachment-23941\" class=\"wp-image-23941 size-medium\" src=\"https:\/\/iacrianca.pt\/wp-content\/uploads\/me-300x201.png\" alt=\"Fotografia Oficial da Exposi\u00e7\u00e3o YOU HAND ME \u2013 Clara de Sousa (Jornalista)\" width=\"300\" height=\"201\" srcset=\"https:\/\/iacrianca.pt\/wp-content\/uploads\/me-300x201.png 300w, https:\/\/iacrianca.pt\/wp-content\/uploads\/me.png 441w\" sizes=\"(max-width: 300px) 100vw, 300px\" \/><p id=\"caption-attachment-23941\" class=\"wp-caption-text\">Fotografia Oficial da Exposi\u00e7\u00e3o YOU HAND ME \u2013 Clara de Sousa (Jornalista)<\/p><\/div>\n<\/div>\n<div><\/div>\n<div>\n<p><strong>Lisboa, 6 de dezembro de 2024<\/strong> \u2013 O que t\u00eam em comum as crian\u00e7as, jovens e adolescentes apoiados pelo Instituto de Apoio \u00e0 Crian\u00e7a (IAC) e Afonso Cruz, Carlos Moedas, Clara de Sousa, Daniel Sampaio, Dino D\u2019Santiago, \u00c9der Lopes, Guilherme d\u2019Oliveira Martins, Joana Marques, Jo\u00e3o S\u00f3, L\u00facia Moniz, Lu\u00edsa Ducla Soares, Manuel Lu\u00eds Goucha, Marisa Liz, Marta Atalaya, Ruben Matay, Mel\u00e2nia Gomes, Ricardo Pereira, Rita Blanco, T\u00e2nia Ribas de Oliveira e Victoria Guerra? Todos fazem parte da exposi\u00e7\u00e3o fotogr\u00e1fica <strong>\u201cYou Hand Me \u2013 M\u00e3os que transformam vidas\u201d<\/strong>, uma iniciativa do IAC que conta com o Alto Patroc\u00ednio de Sua Excel\u00eancia o Presidente da Rep\u00fablica e que inaugurou ontem, dia 5 de dezembro de 2024, na Galeria de Arte Moderna da Sociedade Nacional de Belas Artes, em Lisboa.<\/p>\n<p>A exposi\u00e7\u00e3o apresenta retratos das crian\u00e7as e jovens apoiadas pelo IAC, com idades entre os 10 e os 20 anos e provenientes de bairros vulner\u00e1veis da \u00c1rea Metropolitana de Lisboa, de m\u00e3os dadas com figuras p\u00fablicas &#8211; escolhidas por \u2018darem a m\u00e3o\u2019 a quem precisa &#8211; e dar\u00e1 origem a um livro, a lan\u00e7ar em 2025, cujas receitas revertem para os programas do IAC. O objetivo \u00e9 sensibilizar o p\u00fablico para a import\u00e2ncia da prote\u00e7\u00e3o dos direitos das crian\u00e7as e o papel crucial da entidade fundada por Manuela Ramalho Eanes e presidida por Dulce Rocha que, ao longo dos \u00faltimos 40 anos, tem dado a sua m\u00e3o a milhares de crian\u00e7as e de jovens.<\/p>\n<p>\u201cNos \u00faltimos 40 anos passaram por n\u00f3s milhares de crian\u00e7as, atrav\u00e9s da Linha SOS Crian\u00e7a, de programas de interven\u00e7\u00e3o comunit\u00e1ria, com as equipas do Projecto Rua, e mais recentemente com o Consult\u00f3rio Social na cidade de Lisboa. A nossa interven\u00e7\u00e3o distingue-se pelo afeto e proximidade com que acompanhamos as crian\u00e7as e os jovens a n\u00edvel social, psicol\u00f3gico e jur\u00eddico. As fotografias de Ricardo Pereira da Silva s\u00e3o uma met\u00e1fora sobre a import\u00e2ncia que a ajuda e a solidariedade podem ter na vida das crian\u00e7as. O conceito estava totalmente alinhado com o IAC, porque n\u00e3o haver\u00e1<\/p>\n<p>outra entidade a apoiar crian\u00e7as e jovens em situa\u00e7\u00e3o de vulnerabilidade, de uma forma t\u00e3o hol\u00edstica, envolvendo todos os que, de alguma forma, impactam na vida da crian\u00e7a, incluindo decisores pol\u00edticos\u201d.<\/p>\n<p>Ideia, conceito e concretiza\u00e7\u00e3o partiram de Ricardo Pereira da Silva, fot\u00f3grafo e fundador da RAWPH\u00d8TO com uma longa carreira como marketeer, estratega e criativo publicit\u00e1rio: \u201cTantas vezes conhecemos as caras que nos entram pela televis\u00e3o e pela imprensa, mas desconhecemos as m\u00e3os dessas pessoas: as m\u00e3os que escrevem uma lei ou a letra de uma can\u00e7\u00e3o; que agarram uma bola de futebol para marcar um livre direto; que seguram um gui\u00e3o, dias a fio; que carregam num bot\u00e3o que define o vencedor de um concurso; que pegam nos filhos ao colo; que seguram as m\u00e3os dos seus pais, como quem n\u00e3o as quer largar. Porque todos nos lembramos do dia em que algu\u00e9m que admiramos olhou para n\u00f3s, mas jamais esqueceremos o momento em que essa pessoa nos deu a m\u00e3o.\u201d<\/p>\n<p>No dia da inaugura\u00e7\u00e3o, onde estiveram presentes diversos respons\u00e1veis pelo projeto, como Dulce Rocha (Presidente do IAC), Matilde Sirgado (Dire\u00e7\u00e3o IAC) e Ricardo Pereira da Silva, foi tamb\u00e9m apresentado o hino \u201cAs M\u00e3os\u201d, da autoria de Jo\u00e3o S\u00f3, sobre o poema de Manuel Alegre, dispon\u00edvel desde hoje em todas as plataformas (Spotify, Amazon, Tito, iTunes, Youtube, Instagram).<\/p>\n<p>Exposi\u00e7\u00e3o e livro contaram com o apoio da C\u00e2mara Municipal de Lisboa, Funda\u00e7\u00e3o Montepio\u2060, Funda\u00e7\u00e3o Calouste Gulbenkian\u2060, Sociedade Nacional de Belas Artes\u2060, al\u00e9m do apoio da Mustard, Burson Portugal\u2060, Nobre Filmes\u2060, That\u2019s Mint e Dimens\u00e3o Global\u2060.<\/p>\n<p><a href=\"https:\/\/youhandme.iacrianca.pt\/\">https:\/\/youhandme.iacrianca.pt\/<\/a><\/p>\n<p>Fotografias do fot\u00f3grafo <a href=\"https:\/\/www.guilhermecostaphotography.com\/aboutme\">Guilherme Costa<\/a><\/p>\n<p><img decoding=\"async\" class=\"alignnone wp-image-24105 size-full\" src=\"https:\/\/iacrianca.pt\/wp-content\/uploads\/iac-54-1.jpg\" alt=\"\" width=\"2048\" height=\"1365\" srcset=\"https:\/\/iacrianca.pt\/wp-content\/uploads\/iac-54-1.jpg 2048w, https:\/\/iacrianca.pt\/wp-content\/uploads\/iac-54-1-300x200.jpg 300w, https:\/\/iacrianca.pt\/wp-content\/uploads\/iac-54-1-1024x683.jpg 1024w, https:\/\/iacrianca.pt\/wp-content\/uploads\/iac-54-1-768x512.jpg 768w, https:\/\/iacrianca.pt\/wp-content\/uploads\/iac-54-1-1536x1024.jpg 1536w\" sizes=\"(max-width: 2048px) 100vw, 2048px\" \/><\/p>\n<\/div>\n<p><img decoding=\"async\" class=\"alignnone wp-image-24083 size-full\" src=\"https:\/\/iacrianca.pt\/wp-content\/uploads\/iac-22.jpg\" alt=\"\" width=\"2048\" height=\"1365\" srcset=\"https:\/\/iacrianca.pt\/wp-content\/uploads\/iac-22.jpg 2048w, https:\/\/iacrianca.pt\/wp-content\/uploads\/iac-22-300x200.jpg 300w, https:\/\/iacrianca.pt\/wp-content\/uploads\/iac-22-1024x683.jpg 1024w, https:\/\/iacrianca.pt\/wp-content\/uploads\/iac-22-768x512.jpg 768w, https:\/\/iacrianca.pt\/wp-content\/uploads\/iac-22-1536x1024.jpg 1536w\" sizes=\"(max-width: 2048px) 100vw, 2048px\" \/><\/p>\n<p><img loading=\"lazy\" decoding=\"async\" class=\"alignnone wp-image-24123 size-full\" src=\"https:\/\/iacrianca.pt\/wp-content\/uploads\/iac-116.jpg\" alt=\"\" width=\"2048\" height=\"1365\" srcset=\"https:\/\/iacrianca.pt\/wp-content\/uploads\/iac-116.jpg 2048w, https:\/\/iacrianca.pt\/wp-content\/uploads\/iac-116-300x200.jpg 300w, https:\/\/iacrianca.pt\/wp-content\/uploads\/iac-116-1024x683.jpg 1024w, https:\/\/iacrianca.pt\/wp-content\/uploads\/iac-116-768x512.jpg 768w, https:\/\/iacrianca.pt\/wp-content\/uploads\/iac-116-1536x1024.jpg 1536w\" sizes=\"(max-width: 2048px) 100vw, 2048px\" \/><\/p>\n<p><img loading=\"lazy\" decoding=\"async\" class=\"alignnone wp-image-24085 size-full\" src=\"https:\/\/iacrianca.pt\/wp-content\/uploads\/iac-24.jpg\" alt=\"\" width=\"2048\" height=\"1365\" srcset=\"https:\/\/iacrianca.pt\/wp-content\/uploads\/iac-24.jpg 2048w, https:\/\/iacrianca.pt\/wp-content\/uploads\/iac-24-300x200.jpg 300w, https:\/\/iacrianca.pt\/wp-content\/uploads\/iac-24-1024x683.jpg 1024w, https:\/\/iacrianca.pt\/wp-content\/uploads\/iac-24-768x512.jpg 768w, https:\/\/iacrianca.pt\/wp-content\/uploads\/iac-24-1536x1024.jpg 1536w\" sizes=\"(max-width: 2048px) 100vw, 2048px\" \/> <img loading=\"lazy\" decoding=\"async\" class=\"alignnone wp-image-24087 size-full\" src=\"https:\/\/iacrianca.pt\/wp-content\/uploads\/iac-26.jpg\" alt=\"\" width=\"2048\" height=\"1365\" srcset=\"https:\/\/iacrianca.pt\/wp-content\/uploads\/iac-26.jpg 2048w, https:\/\/iacrianca.pt\/wp-content\/uploads\/iac-26-300x200.jpg 300w, https:\/\/iacrianca.pt\/wp-content\/uploads\/iac-26-1024x683.jpg 1024w, https:\/\/iacrianca.pt\/wp-content\/uploads\/iac-26-768x512.jpg 768w, https:\/\/iacrianca.pt\/wp-content\/uploads\/iac-26-1536x1024.jpg 1536w\" sizes=\"(max-width: 2048px) 100vw, 2048px\" \/> <img loading=\"lazy\" decoding=\"async\" class=\"alignnone wp-image-24091 size-full\" src=\"https:\/\/iacrianca.pt\/wp-content\/uploads\/iac-30.jpg\" alt=\"\" width=\"2048\" height=\"1365\" srcset=\"https:\/\/iacrianca.pt\/wp-content\/uploads\/iac-30.jpg 2048w, https:\/\/iacrianca.pt\/wp-content\/uploads\/iac-30-300x200.jpg 300w, https:\/\/iacrianca.pt\/wp-content\/uploads\/iac-30-1024x683.jpg 1024w, https:\/\/iacrianca.pt\/wp-content\/uploads\/iac-30-768x512.jpg 768w, https:\/\/iacrianca.pt\/wp-content\/uploads\/iac-30-1536x1024.jpg 1536w\" sizes=\"(max-width: 2048px) 100vw, 2048px\" \/> <img loading=\"lazy\" decoding=\"async\" class=\"alignnone wp-image-24093 size-full\" src=\"https:\/\/iacrianca.pt\/wp-content\/uploads\/iac-32.jpg\" alt=\"\" width=\"2048\" height=\"1365\" srcset=\"https:\/\/iacrianca.pt\/wp-content\/uploads\/iac-32.jpg 2048w, https:\/\/iacrianca.pt\/wp-content\/uploads\/iac-32-300x200.jpg 300w, https:\/\/iacrianca.pt\/wp-content\/uploads\/iac-32-1024x683.jpg 1024w, https:\/\/iacrianca.pt\/wp-content\/uploads\/iac-32-768x512.jpg 768w, https:\/\/iacrianca.pt\/wp-content\/uploads\/iac-32-1536x1024.jpg 1536w\" sizes=\"(max-width: 2048px) 100vw, 2048px\" \/> <img loading=\"lazy\" decoding=\"async\" class=\"alignnone wp-image-24095 size-full\" src=\"https:\/\/iacrianca.pt\/wp-content\/uploads\/iac-38.jpg\" alt=\"\" width=\"2048\" height=\"1365\" srcset=\"https:\/\/iacrianca.pt\/wp-content\/uploads\/iac-38.jpg 2048w, https:\/\/iacrianca.pt\/wp-content\/uploads\/iac-38-300x200.jpg 300w, https:\/\/iacrianca.pt\/wp-content\/uploads\/iac-38-1024x683.jpg 1024w, https:\/\/iacrianca.pt\/wp-content\/uploads\/iac-38-768x512.jpg 768w, https:\/\/iacrianca.pt\/wp-content\/uploads\/iac-38-1536x1024.jpg 1536w\" sizes=\"(max-width: 2048px) 100vw, 2048px\" \/> <img loading=\"lazy\" decoding=\"async\" class=\"alignnone wp-image-24097 size-full\" src=\"https:\/\/iacrianca.pt\/wp-content\/uploads\/iac-46.jpg\" alt=\"\" width=\"2048\" height=\"1365\" srcset=\"https:\/\/iacrianca.pt\/wp-content\/uploads\/iac-46.jpg 2048w, https:\/\/iacrianca.pt\/wp-content\/uploads\/iac-46-300x200.jpg 300w, https:\/\/iacrianca.pt\/wp-content\/uploads\/iac-46-1024x683.jpg 1024w, https:\/\/iacrianca.pt\/wp-content\/uploads\/iac-46-768x512.jpg 768w, https:\/\/iacrianca.pt\/wp-content\/uploads\/iac-46-1536x1024.jpg 1536w\" sizes=\"(max-width: 2048px) 100vw, 2048px\" \/> <img loading=\"lazy\" decoding=\"async\" class=\"alignnone wp-image-24099 size-full\" src=\"https:\/\/iacrianca.pt\/wp-content\/uploads\/iac-48.jpg\" alt=\"\" width=\"2048\" height=\"1365\" srcset=\"https:\/\/iacrianca.pt\/wp-content\/uploads\/iac-48.jpg 2048w, https:\/\/iacrianca.pt\/wp-content\/uploads\/iac-48-300x200.jpg 300w, https:\/\/iacrianca.pt\/wp-content\/uploads\/iac-48-1024x683.jpg 1024w, https:\/\/iacrianca.pt\/wp-content\/uploads\/iac-48-768x512.jpg 768w, https:\/\/iacrianca.pt\/wp-content\/uploads\/iac-48-1536x1024.jpg 1536w\" sizes=\"(max-width: 2048px) 100vw, 2048px\" \/> <img loading=\"lazy\" decoding=\"async\" class=\"alignnone wp-image-24103 size-full\" src=\"https:\/\/iacrianca.pt\/wp-content\/uploads\/iac-58.jpg\" alt=\"\" width=\"2048\" height=\"1365\" srcset=\"https:\/\/iacrianca.pt\/wp-content\/uploads\/iac-58.jpg 2048w, https:\/\/iacrianca.pt\/wp-content\/uploads\/iac-58-300x200.jpg 300w, https:\/\/iacrianca.pt\/wp-content\/uploads\/iac-58-1024x683.jpg 1024w, https:\/\/iacrianca.pt\/wp-content\/uploads\/iac-58-768x512.jpg 768w, https:\/\/iacrianca.pt\/wp-content\/uploads\/iac-58-1536x1024.jpg 1536w\" sizes=\"(max-width: 2048px) 100vw, 2048px\" \/><\/p>\n<p><img loading=\"lazy\" decoding=\"async\" class=\"alignnone wp-image-24107 size-full\" src=\"https:\/\/iacrianca.pt\/wp-content\/uploads\/iac-72.jpg\" alt=\"\" width=\"2048\" height=\"1365\" srcset=\"https:\/\/iacrianca.pt\/wp-content\/uploads\/iac-72.jpg 2048w, https:\/\/iacrianca.pt\/wp-content\/uploads\/iac-72-300x200.jpg 300w, https:\/\/iacrianca.pt\/wp-content\/uploads\/iac-72-1024x683.jpg 1024w, https:\/\/iacrianca.pt\/wp-content\/uploads\/iac-72-768x512.jpg 768w, https:\/\/iacrianca.pt\/wp-content\/uploads\/iac-72-1536x1024.jpg 1536w\" sizes=\"(max-width: 2048px) 100vw, 2048px\" \/> <img loading=\"lazy\" decoding=\"async\" class=\"alignnone wp-image-24109 size-full\" src=\"https:\/\/iacrianca.pt\/wp-content\/uploads\/iac-78.jpg\" alt=\"\" width=\"2048\" height=\"1365\" srcset=\"https:\/\/iacrianca.pt\/wp-content\/uploads\/iac-78.jpg 2048w, https:\/\/iacrianca.pt\/wp-content\/uploads\/iac-78-300x200.jpg 300w, https:\/\/iacrianca.pt\/wp-content\/uploads\/iac-78-1024x683.jpg 1024w, https:\/\/iacrianca.pt\/wp-content\/uploads\/iac-78-768x512.jpg 768w, https:\/\/iacrianca.pt\/wp-content\/uploads\/iac-78-1536x1024.jpg 1536w\" sizes=\"(max-width: 2048px) 100vw, 2048px\" \/> <img loading=\"lazy\" decoding=\"async\" class=\"alignnone wp-image-24111 size-full\" src=\"https:\/\/iacrianca.pt\/wp-content\/uploads\/iac-80.jpg\" alt=\"\" width=\"2048\" height=\"1365\" srcset=\"https:\/\/iacrianca.pt\/wp-content\/uploads\/iac-80.jpg 2048w, https:\/\/iacrianca.pt\/wp-content\/uploads\/iac-80-300x200.jpg 300w, https:\/\/iacrianca.pt\/wp-content\/uploads\/iac-80-1024x683.jpg 1024w, https:\/\/iacrianca.pt\/wp-content\/uploads\/iac-80-768x512.jpg 768w, https:\/\/iacrianca.pt\/wp-content\/uploads\/iac-80-1536x1024.jpg 1536w\" sizes=\"(max-width: 2048px) 100vw, 2048px\" \/> <img loading=\"lazy\" decoding=\"async\" class=\"alignnone wp-image-24113 size-full\" src=\"https:\/\/iacrianca.pt\/wp-content\/uploads\/iac-82.jpg\" alt=\"\" width=\"2048\" height=\"1365\" srcset=\"https:\/\/iacrianca.pt\/wp-content\/uploads\/iac-82.jpg 2048w, https:\/\/iacrianca.pt\/wp-content\/uploads\/iac-82-300x200.jpg 300w, https:\/\/iacrianca.pt\/wp-content\/uploads\/iac-82-1024x683.jpg 1024w, https:\/\/iacrianca.pt\/wp-content\/uploads\/iac-82-768x512.jpg 768w, https:\/\/iacrianca.pt\/wp-content\/uploads\/iac-82-1536x1024.jpg 1536w\" sizes=\"(max-width: 2048px) 100vw, 2048px\" \/> <img loading=\"lazy\" decoding=\"async\" class=\"alignnone wp-image-24115 size-full\" src=\"https:\/\/iacrianca.pt\/wp-content\/uploads\/iac-98.jpg\" alt=\"\" width=\"2048\" height=\"1365\" srcset=\"https:\/\/iacrianca.pt\/wp-content\/uploads\/iac-98.jpg 2048w, https:\/\/iacrianca.pt\/wp-content\/uploads\/iac-98-300x200.jpg 300w, https:\/\/iacrianca.pt\/wp-content\/uploads\/iac-98-1024x683.jpg 1024w, https:\/\/iacrianca.pt\/wp-content\/uploads\/iac-98-768x512.jpg 768w, https:\/\/iacrianca.pt\/wp-content\/uploads\/iac-98-1536x1024.jpg 1536w\" sizes=\"(max-width: 2048px) 100vw, 2048px\" \/> <img loading=\"lazy\" decoding=\"async\" class=\"alignnone wp-image-24119 size-full\" src=\"https:\/\/iacrianca.pt\/wp-content\/uploads\/iac-110.jpg\" alt=\"\" width=\"2048\" height=\"1365\" srcset=\"https:\/\/iacrianca.pt\/wp-content\/uploads\/iac-110.jpg 2048w, https:\/\/iacrianca.pt\/wp-content\/uploads\/iac-110-300x200.jpg 300w, https:\/\/iacrianca.pt\/wp-content\/uploads\/iac-110-1024x683.jpg 1024w, https:\/\/iacrianca.pt\/wp-content\/uploads\/iac-110-768x512.jpg 768w, https:\/\/iacrianca.pt\/wp-content\/uploads\/iac-110-1536x1024.jpg 1536w\" sizes=\"(max-width: 2048px) 100vw, 2048px\" \/> <img loading=\"lazy\" decoding=\"async\" class=\"alignnone wp-image-24121 size-full\" src=\"https:\/\/iacrianca.pt\/wp-content\/uploads\/iac-114.jpg\" alt=\"\" width=\"2048\" height=\"1365\" srcset=\"https:\/\/iacrianca.pt\/wp-content\/uploads\/iac-114.jpg 2048w, https:\/\/iacrianca.pt\/wp-content\/uploads\/iac-114-300x200.jpg 300w, https:\/\/iacrianca.pt\/wp-content\/uploads\/iac-114-1024x683.jpg 1024w, https:\/\/iacrianca.pt\/wp-content\/uploads\/iac-114-768x512.jpg 768w, https:\/\/iacrianca.pt\/wp-content\/uploads\/iac-114-1536x1024.jpg 1536w\" sizes=\"(max-width: 2048px) 100vw, 2048px\" \/> <img loading=\"lazy\" decoding=\"async\" class=\"alignnone wp-image-24125 size-full\" src=\"https:\/\/iacrianca.pt\/wp-content\/uploads\/iac-127.jpg\" alt=\"\" width=\"2048\" height=\"1365\" srcset=\"https:\/\/iacrianca.pt\/wp-content\/uploads\/iac-127.jpg 2048w, https:\/\/iacrianca.pt\/wp-content\/uploads\/iac-127-300x200.jpg 300w, https:\/\/iacrianca.pt\/wp-content\/uploads\/iac-127-1024x683.jpg 1024w, https:\/\/iacrianca.pt\/wp-content\/uploads\/iac-127-768x512.jpg 768w, https:\/\/iacrianca.pt\/wp-content\/uploads\/iac-127-1536x1024.jpg 1536w\" sizes=\"(max-width: 2048px) 100vw, 2048px\" \/> <img loading=\"lazy\" decoding=\"async\" class=\"alignnone wp-image-24127 size-full\" src=\"https:\/\/iacrianca.pt\/wp-content\/uploads\/iac-128.jpg\" alt=\"\" width=\"2048\" height=\"1365\" srcset=\"https:\/\/iacrianca.pt\/wp-content\/uploads\/iac-128.jpg 2048w, https:\/\/iacrianca.pt\/wp-content\/uploads\/iac-128-300x200.jpg 300w, https:\/\/iacrianca.pt\/wp-content\/uploads\/iac-128-1024x683.jpg 1024w, https:\/\/iacrianca.pt\/wp-content\/uploads\/iac-128-768x512.jpg 768w, https:\/\/iacrianca.pt\/wp-content\/uploads\/iac-128-1536x1024.jpg 1536w\" sizes=\"(max-width: 2048px) 100vw, 2048px\" \/> <img loading=\"lazy\" decoding=\"async\" class=\"alignnone wp-image-24129 size-full\" src=\"https:\/\/iacrianca.pt\/wp-content\/uploads\/iac-132.jpg\" alt=\"\" width=\"2048\" height=\"1365\" srcset=\"https:\/\/iacrianca.pt\/wp-content\/uploads\/iac-132.jpg 2048w, https:\/\/iacrianca.pt\/wp-content\/uploads\/iac-132-300x200.jpg 300w, https:\/\/iacrianca.pt\/wp-content\/uploads\/iac-132-1024x683.jpg 1024w, https:\/\/iacrianca.pt\/wp-content\/uploads\/iac-132-768x512.jpg 768w, https:\/\/iacrianca.pt\/wp-content\/uploads\/iac-132-1536x1024.jpg 1536w\" sizes=\"(max-width: 2048px) 100vw, 2048px\" \/> <img loading=\"lazy\" decoding=\"async\" class=\"alignnone wp-image-24131 size-full\" src=\"https:\/\/iacrianca.pt\/wp-content\/uploads\/iac-144.jpg\" alt=\"\" width=\"2048\" height=\"1365\" srcset=\"https:\/\/iacrianca.pt\/wp-content\/uploads\/iac-144.jpg 2048w, https:\/\/iacrianca.pt\/wp-content\/uploads\/iac-144-300x200.jpg 300w, https:\/\/iacrianca.pt\/wp-content\/uploads\/iac-144-1024x683.jpg 1024w, https:\/\/iacrianca.pt\/wp-content\/uploads\/iac-144-768x512.jpg 768w, https:\/\/iacrianca.pt\/wp-content\/uploads\/iac-144-1536x1024.jpg 1536w\" sizes=\"(max-width: 2048px) 100vw, 2048px\" \/> <img loading=\"lazy\" decoding=\"async\" class=\"alignnone wp-image-24133 size-full\" src=\"https:\/\/iacrianca.pt\/wp-content\/uploads\/iac-146.jpg\" alt=\"\" width=\"2048\" height=\"1365\" srcset=\"https:\/\/iacrianca.pt\/wp-content\/uploads\/iac-146.jpg 2048w, https:\/\/iacrianca.pt\/wp-content\/uploads\/iac-146-300x200.jpg 300w, https:\/\/iacrianca.pt\/wp-content\/uploads\/iac-146-1024x683.jpg 1024w, https:\/\/iacrianca.pt\/wp-content\/uploads\/iac-146-768x512.jpg 768w, https:\/\/iacrianca.pt\/wp-content\/uploads\/iac-146-1536x1024.jpg 1536w\" sizes=\"(max-width: 2048px) 100vw, 2048px\" \/><\/p>\n<p>Em cima fotografias do fot\u00f3grafo <a href=\"https:\/\/www.guilhermecostaphotography.com\/aboutme\">Guilherme Costa<\/a><\/p>\n<p>Em baixo fotografias do IAC<\/p>\n<div>\n<p><img loading=\"lazy\" decoding=\"async\" class=\"alignnone wp-image-23947 size-full\" src=\"https:\/\/iacrianca.pt\/wp-content\/uploads\/whatsapp-image-2024-12-05-at-225031.jpeg\" alt=\"\" width=\"1200\" height=\"1600\" srcset=\"https:\/\/iacrianca.pt\/wp-content\/uploads\/whatsapp-image-2024-12-05-at-225031.jpeg 1200w, https:\/\/iacrianca.pt\/wp-content\/uploads\/whatsapp-image-2024-12-05-at-225031-225x300.jpeg 225w, https:\/\/iacrianca.pt\/wp-content\/uploads\/whatsapp-image-2024-12-05-at-225031-768x1024.jpeg 768w, https:\/\/iacrianca.pt\/wp-content\/uploads\/whatsapp-image-2024-12-05-at-225031-1152x1536.jpeg 1152w\" sizes=\"(max-width: 1200px) 100vw, 1200px\" \/><\/p>\n<p><img loading=\"lazy\" decoding=\"async\" class=\"alignnone wp-image-23953 size-full\" src=\"https:\/\/iacrianca.pt\/wp-content\/uploads\/whatsapp-image-2024-12-05-at-224931.jpeg\" alt=\"\" width=\"2048\" height=\"1536\" srcset=\"https:\/\/iacrianca.pt\/wp-content\/uploads\/whatsapp-image-2024-12-05-at-224931.jpeg 2048w, https:\/\/iacrianca.pt\/wp-content\/uploads\/whatsapp-image-2024-12-05-at-224931-300x225.jpeg 300w, https:\/\/iacrianca.pt\/wp-content\/uploads\/whatsapp-image-2024-12-05-at-224931-1024x768.jpeg 1024w, https:\/\/iacrianca.pt\/wp-content\/uploads\/whatsapp-image-2024-12-05-at-224931-768x576.jpeg 768w, https:\/\/iacrianca.pt\/wp-content\/uploads\/whatsapp-image-2024-12-05-at-224931-1536x1152.jpeg 1536w\" sizes=\"(max-width: 2048px) 100vw, 2048px\" \/><\/p>\n<p><img loading=\"lazy\" decoding=\"async\" class=\"alignnone wp-image-23951 size-full\" src=\"https:\/\/iacrianca.pt\/wp-content\/uploads\/whatsapp-image-2024-12-05-at-224945.jpeg\" alt=\"\" width=\"1536\" height=\"2048\" srcset=\"https:\/\/iacrianca.pt\/wp-content\/uploads\/whatsapp-image-2024-12-05-at-224945.jpeg 1536w, https:\/\/iacrianca.pt\/wp-content\/uploads\/whatsapp-image-2024-12-05-at-224945-225x300.jpeg 225w, https:\/\/iacrianca.pt\/wp-content\/uploads\/whatsapp-image-2024-12-05-at-224945-768x1024.jpeg 768w, https:\/\/iacrianca.pt\/wp-content\/uploads\/whatsapp-image-2024-12-05-at-224945-1152x1536.jpeg 1152w\" sizes=\"(max-width: 1536px) 100vw, 1536px\" \/><\/p>\n<p>&nbsp;<\/p>\n<p><img loading=\"lazy\" decoding=\"async\" class=\"alignnone wp-image-23949 size-full\" src=\"https:\/\/iacrianca.pt\/wp-content\/uploads\/whatsapp-image-2024-12-05-at-225141.jpeg\" alt=\"\" width=\"1200\" height=\"1600\" srcset=\"https:\/\/iacrianca.pt\/wp-content\/uploads\/whatsapp-image-2024-12-05-at-225141.jpeg 1200w, https:\/\/iacrianca.pt\/wp-content\/uploads\/whatsapp-image-2024-12-05-at-225141-225x300.jpeg 225w, https:\/\/iacrianca.pt\/wp-content\/uploads\/whatsapp-image-2024-12-05-at-225141-768x1024.jpeg 768w, https:\/\/iacrianca.pt\/wp-content\/uploads\/whatsapp-image-2024-12-05-at-225141-1152x1536.jpeg 1152w\" sizes=\"(max-width: 1200px) 100vw, 1200px\" \/><\/p>\n<p><img loading=\"lazy\" decoding=\"async\" class=\"alignnone wp-image-23955 size-full\" src=\"https:\/\/iacrianca.pt\/wp-content\/uploads\/whatsapp-image-2024-12-05-at-224918.jpeg\" alt=\"\" width=\"1518\" height=\"2048\" srcset=\"https:\/\/iacrianca.pt\/wp-content\/uploads\/whatsapp-image-2024-12-05-at-224918.jpeg 1518w, https:\/\/iacrianca.pt\/wp-content\/uploads\/whatsapp-image-2024-12-05-at-224918-222x300.jpeg 222w, https:\/\/iacrianca.pt\/wp-content\/uploads\/whatsapp-image-2024-12-05-at-224918-759x1024.jpeg 759w, https:\/\/iacrianca.pt\/wp-content\/uploads\/whatsapp-image-2024-12-05-at-224918-768x1036.jpeg 768w, https:\/\/iacrianca.pt\/wp-content\/uploads\/whatsapp-image-2024-12-05-at-224918-1139x1536.jpeg 1139w\" sizes=\"(max-width: 1518px) 100vw, 1518px\" \/><\/p>\n<\/div>\n","protected":false},"excerpt":{"rendered":"<p>COMUNICADO DE IMPRENSA EXPOSI\u00c7\u00c3O YOU HAND ME Instituto de Apoio \u00e0 Crian\u00e7a d\u00e1 destaque \u00e0s hist\u00f3rias e \u00e0s imagens das M\u00e3os que Transformam Vidas. Exposi\u00e7\u00e3o de fotografia, livro e m\u00fasica pretendem sensibilizar o p\u00fablico para a import\u00e2ncia dos direitos das crian\u00e7as e o papel crucial do Instituto de Apoio \u00e0 Crian\u00e7a (IAC). Lisboa, 6 de&hellip;<\/p>\n","protected":false},"author":2,"featured_media":23894,"comment_status":"closed","ping_status":"open","sticky":false,"template":"","format":"standard","meta":{"_acf_changed":false,"footnotes":""},"categories":[1],"tags":[],"class_list":["post-23893","post","type-post","status-publish","format-standard","has-post-thumbnail","hentry","category-noticias","category-1","description-off"],"acf":[],"yoast_head":"<!-- This site is optimized with the Yoast SEO plugin v27.5 - https:\/\/yoast.com\/product\/yoast-seo-wordpress\/ -->\n<title>Exposi\u00e7\u00e3o Fotogr\u00e1fica YOU HAND ME &quot;M\u00e3os que Transformam Vidas&quot; | Instituto de Apoio \u00e0 Crian\u00e7a<\/title>\n<meta name=\"robots\" content=\"index, follow, max-snippet:-1, max-image-preview:large, max-video-preview:-1\" \/>\n<link rel=\"canonical\" href=\"https:\/\/iacrianca.pt\/en\/2024\/12\/exposicao-fotografica-you-hand-me-maos-que-transformam-vidas\/\" \/>\n<meta property=\"og:locale\" content=\"en_US\" \/>\n<meta property=\"og:type\" content=\"article\" \/>\n<meta property=\"og:title\" content=\"Exposi\u00e7\u00e3o Fotogr\u00e1fica YOU HAND ME &quot;M\u00e3os que Transformam Vidas&quot; | Instituto de Apoio \u00e0 Crian\u00e7a\" \/>\n<meta property=\"og:description\" content=\"COMUNICADO DE IMPRENSA EXPOSI\u00c7\u00c3O YOU HAND ME Instituto de Apoio \u00e0 Crian\u00e7a d\u00e1 destaque \u00e0s hist\u00f3rias e \u00e0s imagens das M\u00e3os que Transformam Vidas. Exposi\u00e7\u00e3o de fotografia, livro e m\u00fasica pretendem sensibilizar o p\u00fablico para a import\u00e2ncia dos direitos das crian\u00e7as e o papel crucial do Instituto de Apoio \u00e0 Crian\u00e7a (IAC). Lisboa, 6 de&hellip;\" \/>\n<meta property=\"og:url\" content=\"https:\/\/iacrianca.pt\/en\/2024\/12\/exposicao-fotografica-you-hand-me-maos-que-transformam-vidas\/\" \/>\n<meta property=\"og:site_name\" content=\"Instituto de Apoio \u00e0 Crian\u00e7a\" \/>\n<meta property=\"article:publisher\" content=\"https:\/\/www.facebook.com\/iacinstitutodeapoioacrianca\" \/>\n<meta property=\"article:published_time\" content=\"2024-12-06T15:00:49+00:00\" \/>\n<meta property=\"article:modified_time\" content=\"2024-12-11T16:27:29+00:00\" \/>\n<meta property=\"og:image\" content=\"https:\/\/iacrianca.pt\/wp-content\/uploads\/maos.jpg\" \/>\n\t<meta property=\"og:image:width\" content=\"2048\" \/>\n\t<meta property=\"og:image:height\" content=\"1152\" \/>\n\t<meta property=\"og:image:type\" content=\"image\/jpeg\" \/>\n<meta name=\"author\" content=\"Administra\u00e7\u00e3o IAC\" \/>\n<meta name=\"twitter:card\" content=\"summary_large_image\" \/>\n<meta name=\"twitter:creator\" content=\"@iacapoiocrianca\" \/>\n<meta name=\"twitter:site\" content=\"@iacapoiocrianca\" \/>\n<meta name=\"twitter:label1\" content=\"Written by\" \/>\n\t<meta name=\"twitter:data1\" content=\"Administra\u00e7\u00e3o IAC\" \/>\n\t<meta name=\"twitter:label2\" content=\"Est. reading time\" \/>\n\t<meta name=\"twitter:data2\" content=\"6 minutes\" \/>\n<script type=\"application\/ld+json\" class=\"yoast-schema-graph\">{\"@context\":\"https:\\\/\\\/schema.org\",\"@graph\":[{\"@type\":\"Article\",\"@id\":\"https:\\\/\\\/iacrianca.pt\\\/en\\\/2024\\\/12\\\/exposicao-fotografica-you-hand-me-maos-que-transformam-vidas\\\/#article\",\"isPartOf\":{\"@id\":\"https:\\\/\\\/iacrianca.pt\\\/en\\\/2024\\\/12\\\/exposicao-fotografica-you-hand-me-maos-que-transformam-vidas\\\/\"},\"author\":{\"name\":\"Administra\u00e7\u00e3o IAC\",\"@id\":\"https:\\\/\\\/iacrianca.pt\\\/en\\\/#\\\/schema\\\/person\\\/1c48c6e4b70d0dc7360e4b28ceaa5f6b\"},\"headline\":\"Exposi\u00e7\u00e3o Fotogr\u00e1fica YOU HAND ME &#8220;M\u00e3os que Transformam Vidas&#8221;\",\"datePublished\":\"2024-12-06T15:00:49+00:00\",\"dateModified\":\"2024-12-11T16:27:29+00:00\",\"mainEntityOfPage\":{\"@id\":\"https:\\\/\\\/iacrianca.pt\\\/en\\\/2024\\\/12\\\/exposicao-fotografica-you-hand-me-maos-que-transformam-vidas\\\/\"},\"wordCount\":775,\"publisher\":{\"@id\":\"https:\\\/\\\/iacrianca.pt\\\/en\\\/#organization\"},\"image\":{\"@id\":\"https:\\\/\\\/iacrianca.pt\\\/en\\\/2024\\\/12\\\/exposicao-fotografica-you-hand-me-maos-que-transformam-vidas\\\/#primaryimage\"},\"thumbnailUrl\":\"https:\\\/\\\/iacrianca.pt\\\/wp-content\\\/uploads\\\/maos.jpg\",\"articleSection\":[\"Not\u00edcias\"],\"inLanguage\":\"en-US\"},{\"@type\":\"WebPage\",\"@id\":\"https:\\\/\\\/iacrianca.pt\\\/en\\\/2024\\\/12\\\/exposicao-fotografica-you-hand-me-maos-que-transformam-vidas\\\/\",\"url\":\"https:\\\/\\\/iacrianca.pt\\\/en\\\/2024\\\/12\\\/exposicao-fotografica-you-hand-me-maos-que-transformam-vidas\\\/\",\"name\":\"Exposi\u00e7\u00e3o Fotogr\u00e1fica YOU HAND ME \\\"M\u00e3os que Transformam Vidas\\\" | Instituto de Apoio \u00e0 Crian\u00e7a\",\"isPartOf\":{\"@id\":\"https:\\\/\\\/iacrianca.pt\\\/en\\\/#website\"},\"primaryImageOfPage\":{\"@id\":\"https:\\\/\\\/iacrianca.pt\\\/en\\\/2024\\\/12\\\/exposicao-fotografica-you-hand-me-maos-que-transformam-vidas\\\/#primaryimage\"},\"image\":{\"@id\":\"https:\\\/\\\/iacrianca.pt\\\/en\\\/2024\\\/12\\\/exposicao-fotografica-you-hand-me-maos-que-transformam-vidas\\\/#primaryimage\"},\"thumbnailUrl\":\"https:\\\/\\\/iacrianca.pt\\\/wp-content\\\/uploads\\\/maos.jpg\",\"datePublished\":\"2024-12-06T15:00:49+00:00\",\"dateModified\":\"2024-12-11T16:27:29+00:00\",\"breadcrumb\":{\"@id\":\"https:\\\/\\\/iacrianca.pt\\\/en\\\/2024\\\/12\\\/exposicao-fotografica-you-hand-me-maos-que-transformam-vidas\\\/#breadcrumb\"},\"inLanguage\":\"en-US\",\"potentialAction\":[{\"@type\":\"ReadAction\",\"target\":[\"https:\\\/\\\/iacrianca.pt\\\/en\\\/2024\\\/12\\\/exposicao-fotografica-you-hand-me-maos-que-transformam-vidas\\\/\"]}]},{\"@type\":\"ImageObject\",\"inLanguage\":\"en-US\",\"@id\":\"https:\\\/\\\/iacrianca.pt\\\/en\\\/2024\\\/12\\\/exposicao-fotografica-you-hand-me-maos-que-transformam-vidas\\\/#primaryimage\",\"url\":\"https:\\\/\\\/iacrianca.pt\\\/wp-content\\\/uploads\\\/maos.jpg\",\"contentUrl\":\"https:\\\/\\\/iacrianca.pt\\\/wp-content\\\/uploads\\\/maos.jpg\",\"width\":2048,\"height\":1152},{\"@type\":\"BreadcrumbList\",\"@id\":\"https:\\\/\\\/iacrianca.pt\\\/en\\\/2024\\\/12\\\/exposicao-fotografica-you-hand-me-maos-que-transformam-vidas\\\/#breadcrumb\",\"itemListElement\":[{\"@type\":\"ListItem\",\"position\":1,\"name\":\"In\u00edcio\",\"item\":\"https:\\\/\\\/iacrianca.pt\\\/en\\\/\"},{\"@type\":\"ListItem\",\"position\":2,\"name\":\"Exposi\u00e7\u00e3o Fotogr\u00e1fica YOU HAND ME &#8220;M\u00e3os que Transformam Vidas&#8221;\"}]},{\"@type\":\"WebSite\",\"@id\":\"https:\\\/\\\/iacrianca.pt\\\/en\\\/#website\",\"url\":\"https:\\\/\\\/iacrianca.pt\\\/en\\\/\",\"name\":\"Instituto de Apoio \u00e0 Crian\u00e7a\",\"description\":\"Desde 1983 na defesa e promo\u00e7\u00e3o dos direitos da crian\u00e7a\",\"publisher\":{\"@id\":\"https:\\\/\\\/iacrianca.pt\\\/en\\\/#organization\"},\"potentialAction\":[{\"@type\":\"SearchAction\",\"target\":{\"@type\":\"EntryPoint\",\"urlTemplate\":\"https:\\\/\\\/iacrianca.pt\\\/en\\\/?s={search_term_string}\"},\"query-input\":{\"@type\":\"PropertyValueSpecification\",\"valueRequired\":true,\"valueName\":\"search_term_string\"}}],\"inLanguage\":\"en-US\"},{\"@type\":\"Organization\",\"@id\":\"https:\\\/\\\/iacrianca.pt\\\/en\\\/#organization\",\"name\":\"Instituto de Apoio \u00e0 Crian\u00e7a\",\"url\":\"https:\\\/\\\/iacrianca.pt\\\/en\\\/\",\"logo\":{\"@type\":\"ImageObject\",\"inLanguage\":\"en-US\",\"@id\":\"https:\\\/\\\/iacrianca.pt\\\/en\\\/#\\\/schema\\\/logo\\\/image\\\/\",\"url\":\"https:\\\/\\\/iacrianca.pt\\\/wp-content\\\/uploads\\\/2020\\\/04\\\/logo-iac-SD.jpg\",\"contentUrl\":\"https:\\\/\\\/iacrianca.pt\\\/wp-content\\\/uploads\\\/2020\\\/04\\\/logo-iac-SD.jpg\",\"width\":152,\"height\":73,\"caption\":\"Instituto de Apoio \u00e0 Crian\u00e7a\"},\"image\":{\"@id\":\"https:\\\/\\\/iacrianca.pt\\\/en\\\/#\\\/schema\\\/logo\\\/image\\\/\"},\"sameAs\":[\"https:\\\/\\\/www.facebook.com\\\/iacinstitutodeapoioacrianca\",\"https:\\\/\\\/x.com\\\/iacapoiocrianca\",\"https:\\\/\\\/www.youtube.com\\\/channel\\\/UC0jjfZ_xkN_59gJf_RQ-ZnQ\",\"https:\\\/\\\/www.linkedin.com\\\/company\\\/instituto-de-apoio--criana\\\/\",\"https:\\\/\\\/www.instagram.com\\\/iacinstitutodeapoioacrianca\\\/\",\"https:\\\/\\\/criancasatortoeadireitos.wordpress.com\\\/\"]},{\"@type\":\"Person\",\"@id\":\"https:\\\/\\\/iacrianca.pt\\\/en\\\/#\\\/schema\\\/person\\\/1c48c6e4b70d0dc7360e4b28ceaa5f6b\",\"name\":\"Administra\u00e7\u00e3o IAC\",\"image\":{\"@type\":\"ImageObject\",\"inLanguage\":\"en-US\",\"@id\":\"https:\\\/\\\/secure.gravatar.com\\\/avatar\\\/60b998c71de37dcc1398fc6d48c6b5ed7533e3ceec837c948055f072e3158ff1?s=96&d=mm&r=g\",\"url\":\"https:\\\/\\\/secure.gravatar.com\\\/avatar\\\/60b998c71de37dcc1398fc6d48c6b5ed7533e3ceec837c948055f072e3158ff1?s=96&d=mm&r=g\",\"contentUrl\":\"https:\\\/\\\/secure.gravatar.com\\\/avatar\\\/60b998c71de37dcc1398fc6d48c6b5ed7533e3ceec837c948055f072e3158ff1?s=96&d=mm&r=g\",\"caption\":\"Administra\u00e7\u00e3o IAC\"}}]}<\/script>\n<!-- \/ Yoast SEO plugin. -->","yoast_head_json":{"title":"Exposi\u00e7\u00e3o Fotogr\u00e1fica YOU HAND ME \"M\u00e3os que Transformam Vidas\" | Instituto de Apoio \u00e0 Crian\u00e7a","robots":{"index":"index","follow":"follow","max-snippet":"max-snippet:-1","max-image-preview":"max-image-preview:large","max-video-preview":"max-video-preview:-1"},"canonical":"https:\/\/iacrianca.pt\/en\/2024\/12\/exposicao-fotografica-you-hand-me-maos-que-transformam-vidas\/","og_locale":"en_US","og_type":"article","og_title":"Exposi\u00e7\u00e3o Fotogr\u00e1fica YOU HAND ME \"M\u00e3os que Transformam Vidas\" | Instituto de Apoio \u00e0 Crian\u00e7a","og_description":"COMUNICADO DE IMPRENSA EXPOSI\u00c7\u00c3O YOU HAND ME Instituto de Apoio \u00e0 Crian\u00e7a d\u00e1 destaque \u00e0s hist\u00f3rias e \u00e0s imagens das M\u00e3os que Transformam Vidas. Exposi\u00e7\u00e3o de fotografia, livro e m\u00fasica pretendem sensibilizar o p\u00fablico para a import\u00e2ncia dos direitos das crian\u00e7as e o papel crucial do Instituto de Apoio \u00e0 Crian\u00e7a (IAC). Lisboa, 6 de&hellip;","og_url":"https:\/\/iacrianca.pt\/en\/2024\/12\/exposicao-fotografica-you-hand-me-maos-que-transformam-vidas\/","og_site_name":"Instituto de Apoio \u00e0 Crian\u00e7a","article_publisher":"https:\/\/www.facebook.com\/iacinstitutodeapoioacrianca","article_published_time":"2024-12-06T15:00:49+00:00","article_modified_time":"2024-12-11T16:27:29+00:00","og_image":[{"width":2048,"height":1152,"url":"https:\/\/iacrianca.pt\/wp-content\/uploads\/maos.jpg","type":"image\/jpeg"}],"author":"Administra\u00e7\u00e3o IAC","twitter_card":"summary_large_image","twitter_creator":"@iacapoiocrianca","twitter_site":"@iacapoiocrianca","twitter_misc":{"Written by":"Administra\u00e7\u00e3o IAC","Est. reading time":"6 minutes"},"schema":{"@context":"https:\/\/schema.org","@graph":[{"@type":"Article","@id":"https:\/\/iacrianca.pt\/en\/2024\/12\/exposicao-fotografica-you-hand-me-maos-que-transformam-vidas\/#article","isPartOf":{"@id":"https:\/\/iacrianca.pt\/en\/2024\/12\/exposicao-fotografica-you-hand-me-maos-que-transformam-vidas\/"},"author":{"name":"Administra\u00e7\u00e3o IAC","@id":"https:\/\/iacrianca.pt\/en\/#\/schema\/person\/1c48c6e4b70d0dc7360e4b28ceaa5f6b"},"headline":"Exposi\u00e7\u00e3o Fotogr\u00e1fica YOU HAND ME &#8220;M\u00e3os que Transformam Vidas&#8221;","datePublished":"2024-12-06T15:00:49+00:00","dateModified":"2024-12-11T16:27:29+00:00","mainEntityOfPage":{"@id":"https:\/\/iacrianca.pt\/en\/2024\/12\/exposicao-fotografica-you-hand-me-maos-que-transformam-vidas\/"},"wordCount":775,"publisher":{"@id":"https:\/\/iacrianca.pt\/en\/#organization"},"image":{"@id":"https:\/\/iacrianca.pt\/en\/2024\/12\/exposicao-fotografica-you-hand-me-maos-que-transformam-vidas\/#primaryimage"},"thumbnailUrl":"https:\/\/iacrianca.pt\/wp-content\/uploads\/maos.jpg","articleSection":["Not\u00edcias"],"inLanguage":"en-US"},{"@type":"WebPage","@id":"https:\/\/iacrianca.pt\/en\/2024\/12\/exposicao-fotografica-you-hand-me-maos-que-transformam-vidas\/","url":"https:\/\/iacrianca.pt\/en\/2024\/12\/exposicao-fotografica-you-hand-me-maos-que-transformam-vidas\/","name":"Exposi\u00e7\u00e3o Fotogr\u00e1fica YOU HAND ME \"M\u00e3os que Transformam Vidas\" | Instituto de Apoio \u00e0 Crian\u00e7a","isPartOf":{"@id":"https:\/\/iacrianca.pt\/en\/#website"},"primaryImageOfPage":{"@id":"https:\/\/iacrianca.pt\/en\/2024\/12\/exposicao-fotografica-you-hand-me-maos-que-transformam-vidas\/#primaryimage"},"image":{"@id":"https:\/\/iacrianca.pt\/en\/2024\/12\/exposicao-fotografica-you-hand-me-maos-que-transformam-vidas\/#primaryimage"},"thumbnailUrl":"https:\/\/iacrianca.pt\/wp-content\/uploads\/maos.jpg","datePublished":"2024-12-06T15:00:49+00:00","dateModified":"2024-12-11T16:27:29+00:00","breadcrumb":{"@id":"https:\/\/iacrianca.pt\/en\/2024\/12\/exposicao-fotografica-you-hand-me-maos-que-transformam-vidas\/#breadcrumb"},"inLanguage":"en-US","potentialAction":[{"@type":"ReadAction","target":["https:\/\/iacrianca.pt\/en\/2024\/12\/exposicao-fotografica-you-hand-me-maos-que-transformam-vidas\/"]}]},{"@type":"ImageObject","inLanguage":"en-US","@id":"https:\/\/iacrianca.pt\/en\/2024\/12\/exposicao-fotografica-you-hand-me-maos-que-transformam-vidas\/#primaryimage","url":"https:\/\/iacrianca.pt\/wp-content\/uploads\/maos.jpg","contentUrl":"https:\/\/iacrianca.pt\/wp-content\/uploads\/maos.jpg","width":2048,"height":1152},{"@type":"BreadcrumbList","@id":"https:\/\/iacrianca.pt\/en\/2024\/12\/exposicao-fotografica-you-hand-me-maos-que-transformam-vidas\/#breadcrumb","itemListElement":[{"@type":"ListItem","position":1,"name":"In\u00edcio","item":"https:\/\/iacrianca.pt\/en\/"},{"@type":"ListItem","position":2,"name":"Exposi\u00e7\u00e3o Fotogr\u00e1fica YOU HAND ME &#8220;M\u00e3os que Transformam Vidas&#8221;"}]},{"@type":"WebSite","@id":"https:\/\/iacrianca.pt\/en\/#website","url":"https:\/\/iacrianca.pt\/en\/","name":"Instituto de Apoio \u00e0 Crian\u00e7a","description":"Desde 1983 na defesa e promo\u00e7\u00e3o dos direitos da crian\u00e7a","publisher":{"@id":"https:\/\/iacrianca.pt\/en\/#organization"},"potentialAction":[{"@type":"SearchAction","target":{"@type":"EntryPoint","urlTemplate":"https:\/\/iacrianca.pt\/en\/?s={search_term_string}"},"query-input":{"@type":"PropertyValueSpecification","valueRequired":true,"valueName":"search_term_string"}}],"inLanguage":"en-US"},{"@type":"Organization","@id":"https:\/\/iacrianca.pt\/en\/#organization","name":"Instituto de Apoio \u00e0 Crian\u00e7a","url":"https:\/\/iacrianca.pt\/en\/","logo":{"@type":"ImageObject","inLanguage":"en-US","@id":"https:\/\/iacrianca.pt\/en\/#\/schema\/logo\/image\/","url":"https:\/\/iacrianca.pt\/wp-content\/uploads\/2020\/04\/logo-iac-SD.jpg","contentUrl":"https:\/\/iacrianca.pt\/wp-content\/uploads\/2020\/04\/logo-iac-SD.jpg","width":152,"height":73,"caption":"Instituto de Apoio \u00e0 Crian\u00e7a"},"image":{"@id":"https:\/\/iacrianca.pt\/en\/#\/schema\/logo\/image\/"},"sameAs":["https:\/\/www.facebook.com\/iacinstitutodeapoioacrianca","https:\/\/x.com\/iacapoiocrianca","https:\/\/www.youtube.com\/channel\/UC0jjfZ_xkN_59gJf_RQ-ZnQ","https:\/\/www.linkedin.com\/company\/instituto-de-apoio--criana\/","https:\/\/www.instagram.com\/iacinstitutodeapoioacrianca\/","https:\/\/criancasatortoeadireitos.wordpress.com\/"]},{"@type":"Person","@id":"https:\/\/iacrianca.pt\/en\/#\/schema\/person\/1c48c6e4b70d0dc7360e4b28ceaa5f6b","name":"Administra\u00e7\u00e3o IAC","image":{"@type":"ImageObject","inLanguage":"en-US","@id":"https:\/\/secure.gravatar.com\/avatar\/60b998c71de37dcc1398fc6d48c6b5ed7533e3ceec837c948055f072e3158ff1?s=96&d=mm&r=g","url":"https:\/\/secure.gravatar.com\/avatar\/60b998c71de37dcc1398fc6d48c6b5ed7533e3ceec837c948055f072e3158ff1?s=96&d=mm&r=g","contentUrl":"https:\/\/secure.gravatar.com\/avatar\/60b998c71de37dcc1398fc6d48c6b5ed7533e3ceec837c948055f072e3158ff1?s=96&d=mm&r=g","caption":"Administra\u00e7\u00e3o IAC"}}]}},"_links":{"self":[{"href":"https:\/\/iacrianca.pt\/en\/wp-json\/wp\/v2\/posts\/23893","targetHints":{"allow":["GET"]}}],"collection":[{"href":"https:\/\/iacrianca.pt\/en\/wp-json\/wp\/v2\/posts"}],"about":[{"href":"https:\/\/iacrianca.pt\/en\/wp-json\/wp\/v2\/types\/post"}],"author":[{"embeddable":true,"href":"https:\/\/iacrianca.pt\/en\/wp-json\/wp\/v2\/users\/2"}],"replies":[{"embeddable":true,"href":"https:\/\/iacrianca.pt\/en\/wp-json\/wp\/v2\/comments?post=23893"}],"version-history":[{"count":0,"href":"https:\/\/iacrianca.pt\/en\/wp-json\/wp\/v2\/posts\/23893\/revisions"}],"wp:featuredmedia":[{"embeddable":true,"href":"https:\/\/iacrianca.pt\/en\/wp-json\/wp\/v2\/media\/23894"}],"wp:attachment":[{"href":"https:\/\/iacrianca.pt\/en\/wp-json\/wp\/v2\/media?parent=23893"}],"wp:term":[{"taxonomy":"category","embeddable":true,"href":"https:\/\/iacrianca.pt\/en\/wp-json\/wp\/v2\/categories?post=23893"},{"taxonomy":"post_tag","embeddable":true,"href":"https:\/\/iacrianca.pt\/en\/wp-json\/wp\/v2\/tags?post=23893"}],"curies":[{"name":"wp","href":"https:\/\/api.w.org\/{rel}","templated":true}]}}