{"id":24265,"date":"2025-01-06T16:11:42","date_gmt":"2025-01-06T16:11:42","guid":{"rendered":"https:\/\/iacrianca.pt\/?p=24265"},"modified":"2025-01-06T16:11:42","modified_gmt":"2025-01-06T16:11:42","slug":"atividades-natalicias-no-bairro-do-condado","status":"publish","type":"post","link":"https:\/\/iacrianca.pt\/en\/2025\/01\/atividades-natalicias-no-bairro-do-condado\/","title":{"rendered":"Atividades natal\u00edcias no Bairro do Condado"},"content":{"rendered":"<div>\n<p><span data-contrast=\"auto\">Este ano, a \u00e9poca festiva do Natal chegou bem cedo ao Bairro do Condado!<\/span><span data-ccp-props=\"{}\">\u00a0<\/span><\/p>\n<p><span data-contrast=\"auto\">Logo no in\u00edcio de dezembro, um grupo de crian\u00e7as e jovens teve a oportunidade de fazer um passeio pelo rio Tejo num veleiro \u2013 fruto de uma gentil oferta de uma empresa. Embora a temperatura n\u00e3o fosse muito convidativa, a alegria, o conv\u00edvio e a magia das luzes de Natal da cidade sobrepuseram-se ao frio e foi uma experi\u00eancia \u00fanica.<\/span><span data-ccp-props=\"{&quot;335551550&quot;:6,&quot;335551620&quot;:6}\">\u00a0<\/span><\/p>\n<p><span data-contrast=\"auto\">Depois, foi a vez dos pais usufru\u00edrem de um atelier de constru\u00e7\u00e3o de um centro de mesa. Estiveram presentes 7 pais e m\u00e3es num agrad\u00e1vel conv\u00edvio natal\u00edcio em que as conversas flu\u00edram enquanto decoravam o seu centro de mesa com os variados materiais que tinham \u00e0 disposi\u00e7\u00e3o. Todos revelaram grandes dotes art\u00edsticos, pois os seus trabalhos ficaram fant\u00e1sticos. Houve ainda espa\u00e7o para visualizarem um v\u00eddeo com fotos dos seus filhos em atividades e um lanche natal\u00edcio. Por fim, veio a surpresa: cada fam\u00edlia recebeu uma foto dos seus filhos.<\/span><span data-ccp-props=\"{&quot;335551550&quot;:6,&quot;335551620&quot;:6}\">\u00a0<\/span><\/p>\n<p><span data-contrast=\"auto\">Tamb\u00e9m em fam\u00edlia, puderam ainda beneficiar de uma ida ao espet\u00e1culo do Aladino do Gelo, bem como ao Circo no Coliseu \u2013 tudo fruto da grande generosidade de empresas que escolheram ajudar a causa do IAC.\u00a0<\/span><span data-ccp-props=\"{&quot;335551550&quot;:6,&quot;335551620&quot;:6}\">\u00a0<\/span><\/p>\n<p><span data-contrast=\"auto\">E porque as crian\u00e7as e jovens s\u00e3o os grandes protagonistas, a equipa realizou dois almo\u00e7os de Natal, um para o grupo dos Aventureiros e outro para o grupo das crian\u00e7as do 1\u00ba ciclo.<\/span><span data-ccp-props=\"{&quot;335551550&quot;:6,&quot;335551620&quot;:6}\">\u00a0<\/span><\/p>\n<p><span data-contrast=\"auto\">\u00c9 o momento em que todos convivem, brincam e p\u00f5em as conversas em dia, especialmente aqueles que, devido aos hor\u00e1rios escolares, s\u00f3 se encontram nas pausas letivas.<\/span><span data-ccp-props=\"{&quot;335551550&quot;:6,&quot;335551620&quot;:6}\">\u00a0<\/span><\/p>\n<p><span data-contrast=\"auto\">O almo\u00e7o do 1\u00ba ciclo teve ainda uma surpresa especial: todas as crian\u00e7as receberam um presente oferecido pelos funcion\u00e1rios do BPI. Pelas 14h30, representantes deste Banco, entraram no espa\u00e7o que nem pai Natal pela Chamin\u00e9! Foi uma grande alegria, como poder\u00e3o imaginar!<\/span><span data-ccp-props=\"{&quot;335551550&quot;:6,&quot;335551620&quot;:6}\">\u00a0<\/span><\/p>\n<p><span data-contrast=\"auto\">Para fechar com chave de ouro, as crian\u00e7as do 1\u00ba ciclo foram ao cinema, com direito a pipocas e tudo!<\/span><span data-ccp-props=\"{&quot;335551550&quot;:6,&quot;335551620&quot;:6}\">\u00a0<\/span><\/p>\n<p><span data-contrast=\"auto\">E foi assim que estes dias passaram a correr, em grande az\u00e1fama, muitas atividades, muito empenho da equipa em dar resposta \u00e0s variadas solicita\u00e7\u00f5es. Mas, no fim, tudo compensa quando vemos a alegria e a emo\u00e7\u00e3o estampadas no rosto das crian\u00e7as e jovens. \u00c9 para isso que existimos: para fazer as crian\u00e7as felizes!<\/span><span data-ccp-props=\"{&quot;335551550&quot;:6,&quot;335551620&quot;:6}\">\u00a0<\/span><\/p>\n<p><span data-ccp-props=\"{&quot;335551550&quot;:6,&quot;335551620&quot;:6}\">\u00a0<\/span><a href=\"https:\/\/iacrianca.pt\/wp-content\/uploads\/cac-atividades-natalicias-no-bairro-do-condado-1.heic\"><img decoding=\"async\" class=\"alignnone size-medium wp-image-24268\" src=\"https:\/\/iacrianca.pt\/wp-content\/uploads\/cac-atividades-natalicias-no-bairro-do-condado-1.heic\" alt=\"\" width=\"1\" height=\"1\" \/><\/a> <img fetchpriority=\"high\" decoding=\"async\" class=\"alignnone wp-image-24272 size-full\" src=\"https:\/\/iacrianca.pt\/wp-content\/uploads\/cac-atividades-natalicias-no-bairro-do-condado-4-scaled.jpg\" alt=\"\" width=\"2560\" height=\"1920\" srcset=\"https:\/\/iacrianca.pt\/wp-content\/uploads\/cac-atividades-natalicias-no-bairro-do-condado-4-scaled.jpg 2560w, https:\/\/iacrianca.pt\/wp-content\/uploads\/cac-atividades-natalicias-no-bairro-do-condado-4-300x225.jpg 300w, https:\/\/iacrianca.pt\/wp-content\/uploads\/cac-atividades-natalicias-no-bairro-do-condado-4-1024x768.jpg 1024w, https:\/\/iacrianca.pt\/wp-content\/uploads\/cac-atividades-natalicias-no-bairro-do-condado-4-768x576.jpg 768w, https:\/\/iacrianca.pt\/wp-content\/uploads\/cac-atividades-natalicias-no-bairro-do-condado-4-1536x1152.jpg 1536w, https:\/\/iacrianca.pt\/wp-content\/uploads\/cac-atividades-natalicias-no-bairro-do-condado-4-2048x1536.jpg 2048w\" sizes=\"(max-width: 2560px) 100vw, 2560px\" \/> <img decoding=\"async\" class=\"alignnone wp-image-24274 size-full\" src=\"https:\/\/iacrianca.pt\/wp-content\/uploads\/cac-atividades-natalicias-no-bairro-do-condado-5-scaled.jpg\" alt=\"\" width=\"1920\" height=\"2560\" srcset=\"https:\/\/iacrianca.pt\/wp-content\/uploads\/cac-atividades-natalicias-no-bairro-do-condado-5-scaled.jpg 1920w, https:\/\/iacrianca.pt\/wp-content\/uploads\/cac-atividades-natalicias-no-bairro-do-condado-5-225x300.jpg 225w, https:\/\/iacrianca.pt\/wp-content\/uploads\/cac-atividades-natalicias-no-bairro-do-condado-5-768x1024.jpg 768w, https:\/\/iacrianca.pt\/wp-content\/uploads\/cac-atividades-natalicias-no-bairro-do-condado-5-1152x1536.jpg 1152w, https:\/\/iacrianca.pt\/wp-content\/uploads\/cac-atividades-natalicias-no-bairro-do-condado-5-1536x2048.jpg 1536w\" sizes=\"(max-width: 1920px) 100vw, 1920px\" \/> <img loading=\"lazy\" decoding=\"async\" class=\"alignnone wp-image-24276 size-full\" src=\"https:\/\/iacrianca.pt\/wp-content\/uploads\/cac-atividades-natalicias-no-bairro-do-condado-6-scaled.jpg\" alt=\"\" width=\"1920\" height=\"2560\" srcset=\"https:\/\/iacrianca.pt\/wp-content\/uploads\/cac-atividades-natalicias-no-bairro-do-condado-6-scaled.jpg 1920w, https:\/\/iacrianca.pt\/wp-content\/uploads\/cac-atividades-natalicias-no-bairro-do-condado-6-225x300.jpg 225w, https:\/\/iacrianca.pt\/wp-content\/uploads\/cac-atividades-natalicias-no-bairro-do-condado-6-768x1024.jpg 768w, https:\/\/iacrianca.pt\/wp-content\/uploads\/cac-atividades-natalicias-no-bairro-do-condado-6-1152x1536.jpg 1152w, https:\/\/iacrianca.pt\/wp-content\/uploads\/cac-atividades-natalicias-no-bairro-do-condado-6-1536x2048.jpg 1536w\" sizes=\"(max-width: 1920px) 100vw, 1920px\" \/> <img loading=\"lazy\" decoding=\"async\" class=\"alignnone size-medium wp-image-24278\" src=\"https:\/\/iacrianca.pt\/wp-content\/uploads\/cac-atividades-natalicias-no-bairro-do-condado-7.heic\" alt=\"\" width=\"1\" height=\"1\" \/><img loading=\"lazy\" decoding=\"async\" class=\"alignnone wp-image-24280 size-full\" src=\"https:\/\/iacrianca.pt\/wp-content\/uploads\/natalicias.jpg\" alt=\"\" width=\"1087\" height=\"755\" srcset=\"https:\/\/iacrianca.pt\/wp-content\/uploads\/natalicias.jpg 1087w, https:\/\/iacrianca.pt\/wp-content\/uploads\/natalicias-300x208.jpg 300w, https:\/\/iacrianca.pt\/wp-content\/uploads\/natalicias-1024x711.jpg 1024w, https:\/\/iacrianca.pt\/wp-content\/uploads\/natalicias-768x533.jpg 768w\" sizes=\"(max-width: 1087px) 100vw, 1087px\" \/> <img loading=\"lazy\" decoding=\"async\" class=\"alignnone wp-image-24266 size-full\" src=\"https:\/\/iacrianca.pt\/wp-content\/uploads\/cac-atividades-natalicias-no-bairro-do-condado-2-scaled.jpg\" alt=\"\" width=\"2560\" height=\"1920\" srcset=\"https:\/\/iacrianca.pt\/wp-content\/uploads\/cac-atividades-natalicias-no-bairro-do-condado-2-scaled.jpg 2560w, https:\/\/iacrianca.pt\/wp-content\/uploads\/cac-atividades-natalicias-no-bairro-do-condado-2-300x225.jpg 300w, https:\/\/iacrianca.pt\/wp-content\/uploads\/cac-atividades-natalicias-no-bairro-do-condado-2-1024x768.jpg 1024w, https:\/\/iacrianca.pt\/wp-content\/uploads\/cac-atividades-natalicias-no-bairro-do-condado-2-768x576.jpg 768w, https:\/\/iacrianca.pt\/wp-content\/uploads\/cac-atividades-natalicias-no-bairro-do-condado-2-1536x1152.jpg 1536w, https:\/\/iacrianca.pt\/wp-content\/uploads\/cac-atividades-natalicias-no-bairro-do-condado-2-2048x1536.jpg 2048w\" sizes=\"(max-width: 2560px) 100vw, 2560px\" \/><\/p>\n<\/div>\n<p><a href=\"https:\/\/iacrianca.pt\/wp-content\/uploads\/cdij-uma-viagem-de-emocoes.heic\"><img decoding=\"async\" class=\"alignnone size-full wp-image-24252\" src=\"https:\/\/iacrianca.pt\/wp-content\/uploads\/cdij-uma-viagem-de-emocoes.heic\" alt=\"\" \/><\/a><\/p>\n","protected":false},"excerpt":{"rendered":"<p>Este ano, a \u00e9poca festiva do Natal chegou bem cedo ao Bairro do Condado!\u00a0 Logo no in\u00edcio de dezembro, um grupo de crian\u00e7as e jovens teve a oportunidade de fazer um passeio pelo rio Tejo num veleiro \u2013 fruto de uma gentil oferta de uma empresa. Embora a temperatura n\u00e3o fosse muito convidativa, a alegria,&hellip;<\/p>\n","protected":false},"author":2,"featured_media":24282,"comment_status":"closed","ping_status":"open","sticky":false,"template":"","format":"standard","meta":{"_acf_changed":false,"footnotes":""},"categories":[63],"tags":[],"class_list":["post-24265","post","type-post","status-publish","format-standard","has-post-thumbnail","hentry","category-newsletter","category-63","description-off"],"acf":[],"yoast_head":"<!-- This site is optimized with the Yoast SEO plugin v27.5 - https:\/\/yoast.com\/product\/yoast-seo-wordpress\/ -->\n<title>Atividades natal\u00edcias no Bairro do Condado | Instituto de Apoio \u00e0 Crian\u00e7a<\/title>\n<meta name=\"robots\" content=\"index, follow, max-snippet:-1, max-image-preview:large, max-video-preview:-1\" \/>\n<link rel=\"canonical\" href=\"https:\/\/iacrianca.pt\/en\/2025\/01\/atividades-natalicias-no-bairro-do-condado\/\" \/>\n<meta property=\"og:locale\" content=\"en_US\" \/>\n<meta property=\"og:type\" content=\"article\" \/>\n<meta property=\"og:title\" content=\"Atividades natal\u00edcias no Bairro do Condado | Instituto de Apoio \u00e0 Crian\u00e7a\" \/>\n<meta property=\"og:description\" content=\"Este ano, a \u00e9poca festiva do Natal chegou bem cedo ao Bairro do Condado!\u00a0 Logo no in\u00edcio de dezembro, um grupo de crian\u00e7as e jovens teve a oportunidade de fazer um passeio pelo rio Tejo num veleiro \u2013 fruto de uma gentil oferta de uma empresa. Embora a temperatura n\u00e3o fosse muito convidativa, a alegria,&hellip;\" \/>\n<meta property=\"og:url\" content=\"https:\/\/iacrianca.pt\/en\/2025\/01\/atividades-natalicias-no-bairro-do-condado\/\" \/>\n<meta property=\"og:site_name\" content=\"Instituto de Apoio \u00e0 Crian\u00e7a\" \/>\n<meta property=\"article:publisher\" content=\"https:\/\/www.facebook.com\/iacinstitutodeapoioacrianca\" \/>\n<meta property=\"article:published_time\" content=\"2025-01-06T16:11:42+00:00\" \/>\n<meta property=\"og:image\" content=\"https:\/\/iacrianca.pt\/wp-content\/uploads\/cac-atividades-natalicias-no-bairro-do-condado-3-1.jpg\" \/>\n\t<meta property=\"og:image:width\" content=\"1536\" \/>\n\t<meta property=\"og:image:height\" content=\"1617\" \/>\n\t<meta property=\"og:image:type\" content=\"image\/jpeg\" \/>\n<meta name=\"author\" content=\"Administra\u00e7\u00e3o IAC\" \/>\n<meta name=\"twitter:card\" content=\"summary_large_image\" \/>\n<meta name=\"twitter:creator\" content=\"@iacapoiocrianca\" \/>\n<meta name=\"twitter:site\" content=\"@iacapoiocrianca\" \/>\n<meta name=\"twitter:label1\" content=\"Written by\" \/>\n\t<meta name=\"twitter:data1\" content=\"Administra\u00e7\u00e3o IAC\" \/>\n\t<meta name=\"twitter:label2\" content=\"Est. reading time\" \/>\n\t<meta name=\"twitter:data2\" content=\"4 minutes\" \/>\n<script type=\"application\/ld+json\" class=\"yoast-schema-graph\">{\"@context\":\"https:\\\/\\\/schema.org\",\"@graph\":[{\"@type\":\"Article\",\"@id\":\"https:\\\/\\\/iacrianca.pt\\\/en\\\/2025\\\/01\\\/atividades-natalicias-no-bairro-do-condado\\\/#article\",\"isPartOf\":{\"@id\":\"https:\\\/\\\/iacrianca.pt\\\/en\\\/2025\\\/01\\\/atividades-natalicias-no-bairro-do-condado\\\/\"},\"author\":{\"name\":\"Administra\u00e7\u00e3o IAC\",\"@id\":\"https:\\\/\\\/iacrianca.pt\\\/en\\\/#\\\/schema\\\/person\\\/1c48c6e4b70d0dc7360e4b28ceaa5f6b\"},\"headline\":\"Atividades natal\u00edcias no Bairro do Condado\",\"datePublished\":\"2025-01-06T16:11:42+00:00\",\"mainEntityOfPage\":{\"@id\":\"https:\\\/\\\/iacrianca.pt\\\/en\\\/2025\\\/01\\\/atividades-natalicias-no-bairro-do-condado\\\/\"},\"wordCount\":411,\"publisher\":{\"@id\":\"https:\\\/\\\/iacrianca.pt\\\/en\\\/#organization\"},\"image\":{\"@id\":\"https:\\\/\\\/iacrianca.pt\\\/en\\\/2025\\\/01\\\/atividades-natalicias-no-bairro-do-condado\\\/#primaryimage\"},\"thumbnailUrl\":\"https:\\\/\\\/iacrianca.pt\\\/wp-content\\\/uploads\\\/cac-atividades-natalicias-no-bairro-do-condado-3-1.jpg\",\"articleSection\":[\"Newsletter\"],\"inLanguage\":\"en-US\"},{\"@type\":\"WebPage\",\"@id\":\"https:\\\/\\\/iacrianca.pt\\\/en\\\/2025\\\/01\\\/atividades-natalicias-no-bairro-do-condado\\\/\",\"url\":\"https:\\\/\\\/iacrianca.pt\\\/en\\\/2025\\\/01\\\/atividades-natalicias-no-bairro-do-condado\\\/\",\"name\":\"Atividades natal\u00edcias no Bairro do Condado | Instituto de Apoio \u00e0 Crian\u00e7a\",\"isPartOf\":{\"@id\":\"https:\\\/\\\/iacrianca.pt\\\/en\\\/#website\"},\"primaryImageOfPage\":{\"@id\":\"https:\\\/\\\/iacrianca.pt\\\/en\\\/2025\\\/01\\\/atividades-natalicias-no-bairro-do-condado\\\/#primaryimage\"},\"image\":{\"@id\":\"https:\\\/\\\/iacrianca.pt\\\/en\\\/2025\\\/01\\\/atividades-natalicias-no-bairro-do-condado\\\/#primaryimage\"},\"thumbnailUrl\":\"https:\\\/\\\/iacrianca.pt\\\/wp-content\\\/uploads\\\/cac-atividades-natalicias-no-bairro-do-condado-3-1.jpg\",\"datePublished\":\"2025-01-06T16:11:42+00:00\",\"breadcrumb\":{\"@id\":\"https:\\\/\\\/iacrianca.pt\\\/en\\\/2025\\\/01\\\/atividades-natalicias-no-bairro-do-condado\\\/#breadcrumb\"},\"inLanguage\":\"en-US\",\"potentialAction\":[{\"@type\":\"ReadAction\",\"target\":[\"https:\\\/\\\/iacrianca.pt\\\/en\\\/2025\\\/01\\\/atividades-natalicias-no-bairro-do-condado\\\/\"]}]},{\"@type\":\"ImageObject\",\"inLanguage\":\"en-US\",\"@id\":\"https:\\\/\\\/iacrianca.pt\\\/en\\\/2025\\\/01\\\/atividades-natalicias-no-bairro-do-condado\\\/#primaryimage\",\"url\":\"https:\\\/\\\/iacrianca.pt\\\/wp-content\\\/uploads\\\/cac-atividades-natalicias-no-bairro-do-condado-3-1.jpg\",\"contentUrl\":\"https:\\\/\\\/iacrianca.pt\\\/wp-content\\\/uploads\\\/cac-atividades-natalicias-no-bairro-do-condado-3-1.jpg\",\"width\":1536,\"height\":1617},{\"@type\":\"BreadcrumbList\",\"@id\":\"https:\\\/\\\/iacrianca.pt\\\/en\\\/2025\\\/01\\\/atividades-natalicias-no-bairro-do-condado\\\/#breadcrumb\",\"itemListElement\":[{\"@type\":\"ListItem\",\"position\":1,\"name\":\"In\u00edcio\",\"item\":\"https:\\\/\\\/iacrianca.pt\\\/en\\\/\"},{\"@type\":\"ListItem\",\"position\":2,\"name\":\"Atividades natal\u00edcias no Bairro do Condado\"}]},{\"@type\":\"WebSite\",\"@id\":\"https:\\\/\\\/iacrianca.pt\\\/en\\\/#website\",\"url\":\"https:\\\/\\\/iacrianca.pt\\\/en\\\/\",\"name\":\"Instituto de Apoio \u00e0 Crian\u00e7a\",\"description\":\"Desde 1983 na defesa e promo\u00e7\u00e3o dos direitos da crian\u00e7a\",\"publisher\":{\"@id\":\"https:\\\/\\\/iacrianca.pt\\\/en\\\/#organization\"},\"potentialAction\":[{\"@type\":\"SearchAction\",\"target\":{\"@type\":\"EntryPoint\",\"urlTemplate\":\"https:\\\/\\\/iacrianca.pt\\\/en\\\/?s={search_term_string}\"},\"query-input\":{\"@type\":\"PropertyValueSpecification\",\"valueRequired\":true,\"valueName\":\"search_term_string\"}}],\"inLanguage\":\"en-US\"},{\"@type\":\"Organization\",\"@id\":\"https:\\\/\\\/iacrianca.pt\\\/en\\\/#organization\",\"name\":\"Instituto de Apoio \u00e0 Crian\u00e7a\",\"url\":\"https:\\\/\\\/iacrianca.pt\\\/en\\\/\",\"logo\":{\"@type\":\"ImageObject\",\"inLanguage\":\"en-US\",\"@id\":\"https:\\\/\\\/iacrianca.pt\\\/en\\\/#\\\/schema\\\/logo\\\/image\\\/\",\"url\":\"https:\\\/\\\/iacrianca.pt\\\/wp-content\\\/uploads\\\/2020\\\/04\\\/logo-iac-SD.jpg\",\"contentUrl\":\"https:\\\/\\\/iacrianca.pt\\\/wp-content\\\/uploads\\\/2020\\\/04\\\/logo-iac-SD.jpg\",\"width\":152,\"height\":73,\"caption\":\"Instituto de Apoio \u00e0 Crian\u00e7a\"},\"image\":{\"@id\":\"https:\\\/\\\/iacrianca.pt\\\/en\\\/#\\\/schema\\\/logo\\\/image\\\/\"},\"sameAs\":[\"https:\\\/\\\/www.facebook.com\\\/iacinstitutodeapoioacrianca\",\"https:\\\/\\\/x.com\\\/iacapoiocrianca\",\"https:\\\/\\\/www.youtube.com\\\/channel\\\/UC0jjfZ_xkN_59gJf_RQ-ZnQ\",\"https:\\\/\\\/www.linkedin.com\\\/company\\\/instituto-de-apoio--criana\\\/\",\"https:\\\/\\\/www.instagram.com\\\/iacinstitutodeapoioacrianca\\\/\",\"https:\\\/\\\/criancasatortoeadireitos.wordpress.com\\\/\"]},{\"@type\":\"Person\",\"@id\":\"https:\\\/\\\/iacrianca.pt\\\/en\\\/#\\\/schema\\\/person\\\/1c48c6e4b70d0dc7360e4b28ceaa5f6b\",\"name\":\"Administra\u00e7\u00e3o IAC\",\"image\":{\"@type\":\"ImageObject\",\"inLanguage\":\"en-US\",\"@id\":\"https:\\\/\\\/secure.gravatar.com\\\/avatar\\\/60b998c71de37dcc1398fc6d48c6b5ed7533e3ceec837c948055f072e3158ff1?s=96&d=mm&r=g\",\"url\":\"https:\\\/\\\/secure.gravatar.com\\\/avatar\\\/60b998c71de37dcc1398fc6d48c6b5ed7533e3ceec837c948055f072e3158ff1?s=96&d=mm&r=g\",\"contentUrl\":\"https:\\\/\\\/secure.gravatar.com\\\/avatar\\\/60b998c71de37dcc1398fc6d48c6b5ed7533e3ceec837c948055f072e3158ff1?s=96&d=mm&r=g\",\"caption\":\"Administra\u00e7\u00e3o IAC\"}}]}<\/script>\n<!-- \/ Yoast SEO plugin. -->","yoast_head_json":{"title":"Atividades natal\u00edcias no Bairro do Condado | Instituto de Apoio \u00e0 Crian\u00e7a","robots":{"index":"index","follow":"follow","max-snippet":"max-snippet:-1","max-image-preview":"max-image-preview:large","max-video-preview":"max-video-preview:-1"},"canonical":"https:\/\/iacrianca.pt\/en\/2025\/01\/atividades-natalicias-no-bairro-do-condado\/","og_locale":"en_US","og_type":"article","og_title":"Atividades natal\u00edcias no Bairro do Condado | Instituto de Apoio \u00e0 Crian\u00e7a","og_description":"Este ano, a \u00e9poca festiva do Natal chegou bem cedo ao Bairro do Condado!\u00a0 Logo no in\u00edcio de dezembro, um grupo de crian\u00e7as e jovens teve a oportunidade de fazer um passeio pelo rio Tejo num veleiro \u2013 fruto de uma gentil oferta de uma empresa. Embora a temperatura n\u00e3o fosse muito convidativa, a alegria,&hellip;","og_url":"https:\/\/iacrianca.pt\/en\/2025\/01\/atividades-natalicias-no-bairro-do-condado\/","og_site_name":"Instituto de Apoio \u00e0 Crian\u00e7a","article_publisher":"https:\/\/www.facebook.com\/iacinstitutodeapoioacrianca","article_published_time":"2025-01-06T16:11:42+00:00","og_image":[{"width":1536,"height":1617,"url":"https:\/\/iacrianca.pt\/wp-content\/uploads\/cac-atividades-natalicias-no-bairro-do-condado-3-1.jpg","type":"image\/jpeg"}],"author":"Administra\u00e7\u00e3o IAC","twitter_card":"summary_large_image","twitter_creator":"@iacapoiocrianca","twitter_site":"@iacapoiocrianca","twitter_misc":{"Written by":"Administra\u00e7\u00e3o IAC","Est. reading time":"4 minutes"},"schema":{"@context":"https:\/\/schema.org","@graph":[{"@type":"Article","@id":"https:\/\/iacrianca.pt\/en\/2025\/01\/atividades-natalicias-no-bairro-do-condado\/#article","isPartOf":{"@id":"https:\/\/iacrianca.pt\/en\/2025\/01\/atividades-natalicias-no-bairro-do-condado\/"},"author":{"name":"Administra\u00e7\u00e3o IAC","@id":"https:\/\/iacrianca.pt\/en\/#\/schema\/person\/1c48c6e4b70d0dc7360e4b28ceaa5f6b"},"headline":"Atividades natal\u00edcias no Bairro do Condado","datePublished":"2025-01-06T16:11:42+00:00","mainEntityOfPage":{"@id":"https:\/\/iacrianca.pt\/en\/2025\/01\/atividades-natalicias-no-bairro-do-condado\/"},"wordCount":411,"publisher":{"@id":"https:\/\/iacrianca.pt\/en\/#organization"},"image":{"@id":"https:\/\/iacrianca.pt\/en\/2025\/01\/atividades-natalicias-no-bairro-do-condado\/#primaryimage"},"thumbnailUrl":"https:\/\/iacrianca.pt\/wp-content\/uploads\/cac-atividades-natalicias-no-bairro-do-condado-3-1.jpg","articleSection":["Newsletter"],"inLanguage":"en-US"},{"@type":"WebPage","@id":"https:\/\/iacrianca.pt\/en\/2025\/01\/atividades-natalicias-no-bairro-do-condado\/","url":"https:\/\/iacrianca.pt\/en\/2025\/01\/atividades-natalicias-no-bairro-do-condado\/","name":"Atividades natal\u00edcias no Bairro do Condado | Instituto de Apoio \u00e0 Crian\u00e7a","isPartOf":{"@id":"https:\/\/iacrianca.pt\/en\/#website"},"primaryImageOfPage":{"@id":"https:\/\/iacrianca.pt\/en\/2025\/01\/atividades-natalicias-no-bairro-do-condado\/#primaryimage"},"image":{"@id":"https:\/\/iacrianca.pt\/en\/2025\/01\/atividades-natalicias-no-bairro-do-condado\/#primaryimage"},"thumbnailUrl":"https:\/\/iacrianca.pt\/wp-content\/uploads\/cac-atividades-natalicias-no-bairro-do-condado-3-1.jpg","datePublished":"2025-01-06T16:11:42+00:00","breadcrumb":{"@id":"https:\/\/iacrianca.pt\/en\/2025\/01\/atividades-natalicias-no-bairro-do-condado\/#breadcrumb"},"inLanguage":"en-US","potentialAction":[{"@type":"ReadAction","target":["https:\/\/iacrianca.pt\/en\/2025\/01\/atividades-natalicias-no-bairro-do-condado\/"]}]},{"@type":"ImageObject","inLanguage":"en-US","@id":"https:\/\/iacrianca.pt\/en\/2025\/01\/atividades-natalicias-no-bairro-do-condado\/#primaryimage","url":"https:\/\/iacrianca.pt\/wp-content\/uploads\/cac-atividades-natalicias-no-bairro-do-condado-3-1.jpg","contentUrl":"https:\/\/iacrianca.pt\/wp-content\/uploads\/cac-atividades-natalicias-no-bairro-do-condado-3-1.jpg","width":1536,"height":1617},{"@type":"BreadcrumbList","@id":"https:\/\/iacrianca.pt\/en\/2025\/01\/atividades-natalicias-no-bairro-do-condado\/#breadcrumb","itemListElement":[{"@type":"ListItem","position":1,"name":"In\u00edcio","item":"https:\/\/iacrianca.pt\/en\/"},{"@type":"ListItem","position":2,"name":"Atividades natal\u00edcias no Bairro do Condado"}]},{"@type":"WebSite","@id":"https:\/\/iacrianca.pt\/en\/#website","url":"https:\/\/iacrianca.pt\/en\/","name":"Instituto de Apoio \u00e0 Crian\u00e7a","description":"Desde 1983 na defesa e promo\u00e7\u00e3o dos direitos da crian\u00e7a","publisher":{"@id":"https:\/\/iacrianca.pt\/en\/#organization"},"potentialAction":[{"@type":"SearchAction","target":{"@type":"EntryPoint","urlTemplate":"https:\/\/iacrianca.pt\/en\/?s={search_term_string}"},"query-input":{"@type":"PropertyValueSpecification","valueRequired":true,"valueName":"search_term_string"}}],"inLanguage":"en-US"},{"@type":"Organization","@id":"https:\/\/iacrianca.pt\/en\/#organization","name":"Instituto de Apoio \u00e0 Crian\u00e7a","url":"https:\/\/iacrianca.pt\/en\/","logo":{"@type":"ImageObject","inLanguage":"en-US","@id":"https:\/\/iacrianca.pt\/en\/#\/schema\/logo\/image\/","url":"https:\/\/iacrianca.pt\/wp-content\/uploads\/2020\/04\/logo-iac-SD.jpg","contentUrl":"https:\/\/iacrianca.pt\/wp-content\/uploads\/2020\/04\/logo-iac-SD.jpg","width":152,"height":73,"caption":"Instituto de Apoio \u00e0 Crian\u00e7a"},"image":{"@id":"https:\/\/iacrianca.pt\/en\/#\/schema\/logo\/image\/"},"sameAs":["https:\/\/www.facebook.com\/iacinstitutodeapoioacrianca","https:\/\/x.com\/iacapoiocrianca","https:\/\/www.youtube.com\/channel\/UC0jjfZ_xkN_59gJf_RQ-ZnQ","https:\/\/www.linkedin.com\/company\/instituto-de-apoio--criana\/","https:\/\/www.instagram.com\/iacinstitutodeapoioacrianca\/","https:\/\/criancasatortoeadireitos.wordpress.com\/"]},{"@type":"Person","@id":"https:\/\/iacrianca.pt\/en\/#\/schema\/person\/1c48c6e4b70d0dc7360e4b28ceaa5f6b","name":"Administra\u00e7\u00e3o IAC","image":{"@type":"ImageObject","inLanguage":"en-US","@id":"https:\/\/secure.gravatar.com\/avatar\/60b998c71de37dcc1398fc6d48c6b5ed7533e3ceec837c948055f072e3158ff1?s=96&d=mm&r=g","url":"https:\/\/secure.gravatar.com\/avatar\/60b998c71de37dcc1398fc6d48c6b5ed7533e3ceec837c948055f072e3158ff1?s=96&d=mm&r=g","contentUrl":"https:\/\/secure.gravatar.com\/avatar\/60b998c71de37dcc1398fc6d48c6b5ed7533e3ceec837c948055f072e3158ff1?s=96&d=mm&r=g","caption":"Administra\u00e7\u00e3o IAC"}}]}},"_links":{"self":[{"href":"https:\/\/iacrianca.pt\/en\/wp-json\/wp\/v2\/posts\/24265","targetHints":{"allow":["GET"]}}],"collection":[{"href":"https:\/\/iacrianca.pt\/en\/wp-json\/wp\/v2\/posts"}],"about":[{"href":"https:\/\/iacrianca.pt\/en\/wp-json\/wp\/v2\/types\/post"}],"author":[{"embeddable":true,"href":"https:\/\/iacrianca.pt\/en\/wp-json\/wp\/v2\/users\/2"}],"replies":[{"embeddable":true,"href":"https:\/\/iacrianca.pt\/en\/wp-json\/wp\/v2\/comments?post=24265"}],"version-history":[{"count":0,"href":"https:\/\/iacrianca.pt\/en\/wp-json\/wp\/v2\/posts\/24265\/revisions"}],"wp:featuredmedia":[{"embeddable":true,"href":"https:\/\/iacrianca.pt\/en\/wp-json\/wp\/v2\/media\/24282"}],"wp:attachment":[{"href":"https:\/\/iacrianca.pt\/en\/wp-json\/wp\/v2\/media?parent=24265"}],"wp:term":[{"taxonomy":"category","embeddable":true,"href":"https:\/\/iacrianca.pt\/en\/wp-json\/wp\/v2\/categories?post=24265"},{"taxonomy":"post_tag","embeddable":true,"href":"https:\/\/iacrianca.pt\/en\/wp-json\/wp\/v2\/tags?post=24265"}],"curies":[{"name":"wp","href":"https:\/\/api.w.org\/{rel}","templated":true}]}}