{"id":24289,"date":"2025-01-06T16:26:37","date_gmt":"2025-01-06T16:26:37","guid":{"rendered":"https:\/\/iacrianca.pt\/?p=24289"},"modified":"2025-01-06T16:26:37","modified_gmt":"2025-01-06T16:26:37","slug":"a-magia-de-dezembro","status":"publish","type":"post","link":"https:\/\/iacrianca.pt\/en\/2025\/01\/a-magia-de-dezembro\/","title":{"rendered":"A Magia de Dezembro"},"content":{"rendered":"<p><span data-contrast=\"auto\">Dezembro foi um m\u00eas repleto de anima\u00e7\u00e3o e magia. Um grupo de crian\u00e7as, jovens e suas fam\u00edlias partiram \u00e1 descoberta de v\u00e1rias aventuras. O encanto come\u00e7ou abordo de um veleiro, num passeio ao entardecer pelo rio Tejo.\u202f Os tripulantes tiveram oportunidade de se deslumbrar, com a majestosa \u00e1rvore de Natal, na Pra\u00e7a do Com\u00e9rcio. A vista noturna da cidade iluminada foi um espet\u00e1culo inesquec\u00edvel, as luzes brilhavam intensamente, refletindo-se nas \u00e1guas do rio e enchendo os cora\u00e7\u00f5es de todos com o esp\u00edrito natal\u00edcio.\u202f<\/span><span data-ccp-props=\"{&quot;201341983&quot;:0,&quot;335551550&quot;:6,&quot;335551620&quot;:6,&quot;335559740&quot;:276}\">\u00a0<\/span><\/p>\n<p><span data-contrast=\"auto\">As crian\u00e7as e os jovens envolvidos no projeto &#8220;YOUHANDME&#8221; foram convidadas para a inaugura\u00e7\u00e3o da exposi\u00e7\u00e3o de fotografia que decorreu na Sociedade Portuguesa de Belas Artes. As imagens contam hist\u00f3rias de solidariedade e de uni\u00e3o, tocando profundamente cada um dos pequenos visitantes. Estes ficaram maravilhados com as fotografias e sentiram-se felizes e orgulhos pelo protagonismo que tiveram nesta &#8220;vernissage\u201d.\u202f<\/span><span data-ccp-props=\"{&quot;201341983&quot;:0,&quot;335551550&quot;:6,&quot;335551620&quot;:6,&quot;335559740&quot;:276}\">\u00a0<\/span><\/p>\n<p><span data-contrast=\"auto\">A festa de Natal, constituiu um dos momentos mais importantes, uma vez que reuniu a equipa, as crian\u00e7as, os jovens e as fam\u00edlias. Foi dinamizado um atelier, onde tiveram a oportunidade de fazer e decorar cart\u00f5es \u00fanicos e personalizados alusivos ao Natal. Foi uma experi\u00eancia que estimulou a criatividade e fortaleceu os la\u00e7os familiares.\u202f<\/span><span data-ccp-props=\"{&quot;201341983&quot;:0,&quot;335551550&quot;:6,&quot;335551620&quot;:6,&quot;335559740&quot;:276}\">\u00a0<\/span><\/p>\n<p><span data-contrast=\"auto\">Seguiu-se um almo\u00e7o conv\u00edvio, a mesa estava repleta de diferentes iguarias e o ambiente foi de alegria e confraterniza\u00e7\u00e3o. Risos e hist\u00f3rias foram partilhados, criando mem\u00f3rias que ser\u00e3o guardadas para sempre.\u202f<\/span><span data-ccp-props=\"{&quot;201341983&quot;:0,&quot;335551550&quot;:6,&quot;335551620&quot;:6,&quot;335559740&quot;:276}\">\u00a0<\/span><\/p>\n<p><span data-contrast=\"auto\">Ainda no m\u00eas de dezembro fam\u00edlias e jovens puderam assistir a 3 espet\u00e1culos.\u202f<\/span><span data-ccp-props=\"{&quot;201341983&quot;:0,&quot;335551550&quot;:6,&quot;335551620&quot;:6,&quot;335559740&quot;:276}\">\u00a0<\/span><\/p>\n<p><span data-contrast=\"auto\">\u201cA Casa do Horrores\u201d, que foi uma experi\u00eancia teatral \u00fanica e envolvente, com um elenco talentoso e uma produ\u00e7\u00e3o impressionante. A pe\u00e7a levou os espectadores a uma jornada de entusiasmo, medo e tens\u00e3o. A envolv\u00eancia de cen\u00e1rios, m\u00fasicas e uma narrativa cativante faz deste espet\u00e1culo uma atra\u00e7\u00e3o imperd\u00edvel.\u202f\u202f<\/span><span data-ccp-props=\"{&quot;201341983&quot;:0,&quot;335551550&quot;:6,&quot;335551620&quot;:6,&quot;335559740&quot;:276}\">\u00a0<\/span><\/p>\n<p><span data-contrast=\"auto\">O \u201cAladino no Gelo\u201d encantou crian\u00e7as e fam\u00edlias. Com uma produ\u00e7\u00e3o deslumbrante e performances emocionantes, o espet\u00e1culo transportou o p\u00fablico para o mundo m\u00e1gico de Aladino, repleto de aventuras e surpresas. Atores deslizaram pelo gelo, trazendo \u00e0 vida personagens ic\u00f4nicos e cenas inesquec\u00edveis. A combina\u00e7\u00e3o de m\u00fasica, luzes e coreografias deixou todos emocionados e com um brilho nos olhos.\u202f<\/span><span data-ccp-props=\"{&quot;201341983&quot;:0,&quot;335551550&quot;:6,&quot;335551620&quot;:6,&quot;335559740&quot;:276}\">\u00a0<\/span><\/p>\n<p><span data-contrast=\"auto\">O m\u00eas m\u00e1gico culminou com uma visita ao circo, o espet\u00e1culo foi uma explos\u00e3o de cores, risos e surpresas. Palha\u00e7os, acrobatas e m\u00e1gicos encantaram, deixando todos maravilhados e cheios de sonhos.\u202f<\/span><span data-ccp-props=\"{&quot;201341983&quot;:0,&quot;335551550&quot;:6,&quot;335551620&quot;:6,&quot;335559740&quot;:276}\">\u00a0<\/span><\/p>\n<p><span data-contrast=\"auto\">E assim, com cora\u00e7\u00f5es aquecidos e sorrisos no rosto, levaram consigo a magia do Natal e a certeza de que os momentos compartilhados s\u00e3o os mais preciosos de todos. O Natal vai al\u00e9m dos presentes e das decora\u00e7\u00f5es, est\u00e1 nas mem\u00f3rias criadas e nos la\u00e7os estabelecidos.\u202f<\/span><span data-ccp-props=\"{&quot;201341983&quot;:0,&quot;335551550&quot;:6,&quot;335551620&quot;:6,&quot;335559740&quot;:276}\">\u00a0<\/span><\/p>\n<p><img fetchpriority=\"high\" decoding=\"async\" class=\"alignnone wp-image-24290 size-full\" src=\"https:\/\/iacrianca.pt\/wp-content\/uploads\/cdij-a-magia-do-natal-1.jpg\" alt=\"\" width=\"2048\" height=\"1536\" srcset=\"https:\/\/iacrianca.pt\/wp-content\/uploads\/cdij-a-magia-do-natal-1.jpg 2048w, https:\/\/iacrianca.pt\/wp-content\/uploads\/cdij-a-magia-do-natal-1-300x225.jpg 300w, https:\/\/iacrianca.pt\/wp-content\/uploads\/cdij-a-magia-do-natal-1-1024x768.jpg 1024w, https:\/\/iacrianca.pt\/wp-content\/uploads\/cdij-a-magia-do-natal-1-768x576.jpg 768w, https:\/\/iacrianca.pt\/wp-content\/uploads\/cdij-a-magia-do-natal-1-1536x1152.jpg 1536w\" sizes=\"(max-width: 2048px) 100vw, 2048px\" \/><\/p>\n<p><img decoding=\"async\" class=\"alignnone wp-image-24294 size-full\" src=\"https:\/\/iacrianca.pt\/wp-content\/uploads\/magia.jpg\" alt=\"\" width=\"612\" height=\"610\" srcset=\"https:\/\/iacrianca.pt\/wp-content\/uploads\/magia.jpg 612w, https:\/\/iacrianca.pt\/wp-content\/uploads\/magia-300x300.jpg 300w, https:\/\/iacrianca.pt\/wp-content\/uploads\/magia-150x150.jpg 150w\" sizes=\"(max-width: 612px) 100vw, 612px\" \/> <img decoding=\"async\" class=\"alignnone wp-image-24296 size-full\" src=\"https:\/\/iacrianca.pt\/wp-content\/uploads\/magia2.jpg\" alt=\"\" width=\"611\" height=\"751\" srcset=\"https:\/\/iacrianca.pt\/wp-content\/uploads\/magia2.jpg 611w, https:\/\/iacrianca.pt\/wp-content\/uploads\/magia2-244x300.jpg 244w\" sizes=\"(max-width: 611px) 100vw, 611px\" \/> <img loading=\"lazy\" decoding=\"async\" class=\"alignnone wp-image-24298 size-full\" src=\"https:\/\/iacrianca.pt\/wp-content\/uploads\/magia3.jpg\" alt=\"\" width=\"607\" height=\"803\" srcset=\"https:\/\/iacrianca.pt\/wp-content\/uploads\/magia3.jpg 607w, https:\/\/iacrianca.pt\/wp-content\/uploads\/magia3-227x300.jpg 227w\" sizes=\"(max-width: 607px) 100vw, 607px\" \/><\/p>\n","protected":false},"excerpt":{"rendered":"<p>Dezembro foi um m\u00eas repleto de anima\u00e7\u00e3o e magia. Um grupo de crian\u00e7as, jovens e suas fam\u00edlias partiram \u00e1 descoberta de v\u00e1rias aventuras. O encanto come\u00e7ou abordo de um veleiro, num passeio ao entardecer pelo rio Tejo.\u202f Os tripulantes tiveram oportunidade de se deslumbrar, com a majestosa \u00e1rvore de Natal, na Pra\u00e7a do Com\u00e9rcio. A&hellip;<\/p>\n","protected":false},"author":2,"featured_media":24292,"comment_status":"closed","ping_status":"open","sticky":false,"template":"","format":"standard","meta":{"_acf_changed":false,"footnotes":""},"categories":[63],"tags":[],"class_list":["post-24289","post","type-post","status-publish","format-standard","has-post-thumbnail","hentry","category-newsletter","category-63","description-off"],"acf":[],"yoast_head":"<!-- This site is optimized with the Yoast SEO plugin v27.5 - https:\/\/yoast.com\/product\/yoast-seo-wordpress\/ -->\n<title>A Magia de Dezembro | Instituto de Apoio \u00e0 Crian\u00e7a<\/title>\n<meta name=\"robots\" content=\"index, follow, max-snippet:-1, max-image-preview:large, max-video-preview:-1\" \/>\n<link rel=\"canonical\" href=\"https:\/\/iacrianca.pt\/en\/2025\/01\/a-magia-de-dezembro\/\" \/>\n<meta property=\"og:locale\" content=\"en_US\" \/>\n<meta property=\"og:type\" content=\"article\" \/>\n<meta property=\"og:title\" content=\"A Magia de Dezembro | Instituto de Apoio \u00e0 Crian\u00e7a\" \/>\n<meta property=\"og:description\" content=\"Dezembro foi um m\u00eas repleto de anima\u00e7\u00e3o e magia. Um grupo de crian\u00e7as, jovens e suas fam\u00edlias partiram \u00e1 descoberta de v\u00e1rias aventuras. O encanto come\u00e7ou abordo de um veleiro, num passeio ao entardecer pelo rio Tejo.\u202f Os tripulantes tiveram oportunidade de se deslumbrar, com a majestosa \u00e1rvore de Natal, na Pra\u00e7a do Com\u00e9rcio. A&hellip;\" \/>\n<meta property=\"og:url\" content=\"https:\/\/iacrianca.pt\/en\/2025\/01\/a-magia-de-dezembro\/\" \/>\n<meta property=\"og:site_name\" content=\"Instituto de Apoio \u00e0 Crian\u00e7a\" \/>\n<meta property=\"article:publisher\" content=\"https:\/\/www.facebook.com\/iacinstitutodeapoioacrianca\" \/>\n<meta property=\"article:published_time\" content=\"2025-01-06T16:26:37+00:00\" \/>\n<meta property=\"og:image\" content=\"https:\/\/iacrianca.pt\/wp-content\/uploads\/cdij-a-magia-do-natal-2.jpg\" \/>\n\t<meta property=\"og:image:width\" content=\"1600\" \/>\n\t<meta property=\"og:image:height\" content=\"1200\" \/>\n\t<meta property=\"og:image:type\" content=\"image\/jpeg\" \/>\n<meta name=\"author\" content=\"Administra\u00e7\u00e3o IAC\" \/>\n<meta name=\"twitter:card\" content=\"summary_large_image\" \/>\n<meta name=\"twitter:creator\" content=\"@iacapoiocrianca\" \/>\n<meta name=\"twitter:site\" content=\"@iacapoiocrianca\" \/>\n<meta name=\"twitter:label1\" content=\"Written by\" \/>\n\t<meta name=\"twitter:data1\" content=\"Administra\u00e7\u00e3o IAC\" \/>\n\t<meta name=\"twitter:label2\" content=\"Est. reading time\" \/>\n\t<meta name=\"twitter:data2\" content=\"4 minutes\" \/>\n<script type=\"application\/ld+json\" class=\"yoast-schema-graph\">{\"@context\":\"https:\\\/\\\/schema.org\",\"@graph\":[{\"@type\":\"Article\",\"@id\":\"https:\\\/\\\/iacrianca.pt\\\/en\\\/2025\\\/01\\\/a-magia-de-dezembro\\\/#article\",\"isPartOf\":{\"@id\":\"https:\\\/\\\/iacrianca.pt\\\/en\\\/2025\\\/01\\\/a-magia-de-dezembro\\\/\"},\"author\":{\"name\":\"Administra\u00e7\u00e3o IAC\",\"@id\":\"https:\\\/\\\/iacrianca.pt\\\/en\\\/#\\\/schema\\\/person\\\/1c48c6e4b70d0dc7360e4b28ceaa5f6b\"},\"headline\":\"A Magia de Dezembro\",\"datePublished\":\"2025-01-06T16:26:37+00:00\",\"mainEntityOfPage\":{\"@id\":\"https:\\\/\\\/iacrianca.pt\\\/en\\\/2025\\\/01\\\/a-magia-de-dezembro\\\/\"},\"wordCount\":489,\"publisher\":{\"@id\":\"https:\\\/\\\/iacrianca.pt\\\/en\\\/#organization\"},\"image\":{\"@id\":\"https:\\\/\\\/iacrianca.pt\\\/en\\\/2025\\\/01\\\/a-magia-de-dezembro\\\/#primaryimage\"},\"thumbnailUrl\":\"https:\\\/\\\/iacrianca.pt\\\/wp-content\\\/uploads\\\/cdij-a-magia-do-natal-2.jpg\",\"articleSection\":[\"Newsletter\"],\"inLanguage\":\"en-US\"},{\"@type\":\"WebPage\",\"@id\":\"https:\\\/\\\/iacrianca.pt\\\/en\\\/2025\\\/01\\\/a-magia-de-dezembro\\\/\",\"url\":\"https:\\\/\\\/iacrianca.pt\\\/en\\\/2025\\\/01\\\/a-magia-de-dezembro\\\/\",\"name\":\"A Magia de Dezembro | Instituto de Apoio \u00e0 Crian\u00e7a\",\"isPartOf\":{\"@id\":\"https:\\\/\\\/iacrianca.pt\\\/en\\\/#website\"},\"primaryImageOfPage\":{\"@id\":\"https:\\\/\\\/iacrianca.pt\\\/en\\\/2025\\\/01\\\/a-magia-de-dezembro\\\/#primaryimage\"},\"image\":{\"@id\":\"https:\\\/\\\/iacrianca.pt\\\/en\\\/2025\\\/01\\\/a-magia-de-dezembro\\\/#primaryimage\"},\"thumbnailUrl\":\"https:\\\/\\\/iacrianca.pt\\\/wp-content\\\/uploads\\\/cdij-a-magia-do-natal-2.jpg\",\"datePublished\":\"2025-01-06T16:26:37+00:00\",\"breadcrumb\":{\"@id\":\"https:\\\/\\\/iacrianca.pt\\\/en\\\/2025\\\/01\\\/a-magia-de-dezembro\\\/#breadcrumb\"},\"inLanguage\":\"en-US\",\"potentialAction\":[{\"@type\":\"ReadAction\",\"target\":[\"https:\\\/\\\/iacrianca.pt\\\/en\\\/2025\\\/01\\\/a-magia-de-dezembro\\\/\"]}]},{\"@type\":\"ImageObject\",\"inLanguage\":\"en-US\",\"@id\":\"https:\\\/\\\/iacrianca.pt\\\/en\\\/2025\\\/01\\\/a-magia-de-dezembro\\\/#primaryimage\",\"url\":\"https:\\\/\\\/iacrianca.pt\\\/wp-content\\\/uploads\\\/cdij-a-magia-do-natal-2.jpg\",\"contentUrl\":\"https:\\\/\\\/iacrianca.pt\\\/wp-content\\\/uploads\\\/cdij-a-magia-do-natal-2.jpg\",\"width\":1600,\"height\":1200},{\"@type\":\"BreadcrumbList\",\"@id\":\"https:\\\/\\\/iacrianca.pt\\\/en\\\/2025\\\/01\\\/a-magia-de-dezembro\\\/#breadcrumb\",\"itemListElement\":[{\"@type\":\"ListItem\",\"position\":1,\"name\":\"In\u00edcio\",\"item\":\"https:\\\/\\\/iacrianca.pt\\\/en\\\/\"},{\"@type\":\"ListItem\",\"position\":2,\"name\":\"A Magia de Dezembro\"}]},{\"@type\":\"WebSite\",\"@id\":\"https:\\\/\\\/iacrianca.pt\\\/en\\\/#website\",\"url\":\"https:\\\/\\\/iacrianca.pt\\\/en\\\/\",\"name\":\"Instituto de Apoio \u00e0 Crian\u00e7a\",\"description\":\"Desde 1983 na defesa e promo\u00e7\u00e3o dos direitos da crian\u00e7a\",\"publisher\":{\"@id\":\"https:\\\/\\\/iacrianca.pt\\\/en\\\/#organization\"},\"potentialAction\":[{\"@type\":\"SearchAction\",\"target\":{\"@type\":\"EntryPoint\",\"urlTemplate\":\"https:\\\/\\\/iacrianca.pt\\\/en\\\/?s={search_term_string}\"},\"query-input\":{\"@type\":\"PropertyValueSpecification\",\"valueRequired\":true,\"valueName\":\"search_term_string\"}}],\"inLanguage\":\"en-US\"},{\"@type\":\"Organization\",\"@id\":\"https:\\\/\\\/iacrianca.pt\\\/en\\\/#organization\",\"name\":\"Instituto de Apoio \u00e0 Crian\u00e7a\",\"url\":\"https:\\\/\\\/iacrianca.pt\\\/en\\\/\",\"logo\":{\"@type\":\"ImageObject\",\"inLanguage\":\"en-US\",\"@id\":\"https:\\\/\\\/iacrianca.pt\\\/en\\\/#\\\/schema\\\/logo\\\/image\\\/\",\"url\":\"https:\\\/\\\/iacrianca.pt\\\/wp-content\\\/uploads\\\/2020\\\/04\\\/logo-iac-SD.jpg\",\"contentUrl\":\"https:\\\/\\\/iacrianca.pt\\\/wp-content\\\/uploads\\\/2020\\\/04\\\/logo-iac-SD.jpg\",\"width\":152,\"height\":73,\"caption\":\"Instituto de Apoio \u00e0 Crian\u00e7a\"},\"image\":{\"@id\":\"https:\\\/\\\/iacrianca.pt\\\/en\\\/#\\\/schema\\\/logo\\\/image\\\/\"},\"sameAs\":[\"https:\\\/\\\/www.facebook.com\\\/iacinstitutodeapoioacrianca\",\"https:\\\/\\\/x.com\\\/iacapoiocrianca\",\"https:\\\/\\\/www.youtube.com\\\/channel\\\/UC0jjfZ_xkN_59gJf_RQ-ZnQ\",\"https:\\\/\\\/www.linkedin.com\\\/company\\\/instituto-de-apoio--criana\\\/\",\"https:\\\/\\\/www.instagram.com\\\/iacinstitutodeapoioacrianca\\\/\",\"https:\\\/\\\/criancasatortoeadireitos.wordpress.com\\\/\"]},{\"@type\":\"Person\",\"@id\":\"https:\\\/\\\/iacrianca.pt\\\/en\\\/#\\\/schema\\\/person\\\/1c48c6e4b70d0dc7360e4b28ceaa5f6b\",\"name\":\"Administra\u00e7\u00e3o IAC\",\"image\":{\"@type\":\"ImageObject\",\"inLanguage\":\"en-US\",\"@id\":\"https:\\\/\\\/secure.gravatar.com\\\/avatar\\\/60b998c71de37dcc1398fc6d48c6b5ed7533e3ceec837c948055f072e3158ff1?s=96&d=mm&r=g\",\"url\":\"https:\\\/\\\/secure.gravatar.com\\\/avatar\\\/60b998c71de37dcc1398fc6d48c6b5ed7533e3ceec837c948055f072e3158ff1?s=96&d=mm&r=g\",\"contentUrl\":\"https:\\\/\\\/secure.gravatar.com\\\/avatar\\\/60b998c71de37dcc1398fc6d48c6b5ed7533e3ceec837c948055f072e3158ff1?s=96&d=mm&r=g\",\"caption\":\"Administra\u00e7\u00e3o IAC\"}}]}<\/script>\n<!-- \/ Yoast SEO plugin. -->","yoast_head_json":{"title":"A Magia de Dezembro | Instituto de Apoio \u00e0 Crian\u00e7a","robots":{"index":"index","follow":"follow","max-snippet":"max-snippet:-1","max-image-preview":"max-image-preview:large","max-video-preview":"max-video-preview:-1"},"canonical":"https:\/\/iacrianca.pt\/en\/2025\/01\/a-magia-de-dezembro\/","og_locale":"en_US","og_type":"article","og_title":"A Magia de Dezembro | Instituto de Apoio \u00e0 Crian\u00e7a","og_description":"Dezembro foi um m\u00eas repleto de anima\u00e7\u00e3o e magia. Um grupo de crian\u00e7as, jovens e suas fam\u00edlias partiram \u00e1 descoberta de v\u00e1rias aventuras. O encanto come\u00e7ou abordo de um veleiro, num passeio ao entardecer pelo rio Tejo.\u202f Os tripulantes tiveram oportunidade de se deslumbrar, com a majestosa \u00e1rvore de Natal, na Pra\u00e7a do Com\u00e9rcio. A&hellip;","og_url":"https:\/\/iacrianca.pt\/en\/2025\/01\/a-magia-de-dezembro\/","og_site_name":"Instituto de Apoio \u00e0 Crian\u00e7a","article_publisher":"https:\/\/www.facebook.com\/iacinstitutodeapoioacrianca","article_published_time":"2025-01-06T16:26:37+00:00","og_image":[{"width":1600,"height":1200,"url":"https:\/\/iacrianca.pt\/wp-content\/uploads\/cdij-a-magia-do-natal-2.jpg","type":"image\/jpeg"}],"author":"Administra\u00e7\u00e3o IAC","twitter_card":"summary_large_image","twitter_creator":"@iacapoiocrianca","twitter_site":"@iacapoiocrianca","twitter_misc":{"Written by":"Administra\u00e7\u00e3o IAC","Est. reading time":"4 minutes"},"schema":{"@context":"https:\/\/schema.org","@graph":[{"@type":"Article","@id":"https:\/\/iacrianca.pt\/en\/2025\/01\/a-magia-de-dezembro\/#article","isPartOf":{"@id":"https:\/\/iacrianca.pt\/en\/2025\/01\/a-magia-de-dezembro\/"},"author":{"name":"Administra\u00e7\u00e3o IAC","@id":"https:\/\/iacrianca.pt\/en\/#\/schema\/person\/1c48c6e4b70d0dc7360e4b28ceaa5f6b"},"headline":"A Magia de Dezembro","datePublished":"2025-01-06T16:26:37+00:00","mainEntityOfPage":{"@id":"https:\/\/iacrianca.pt\/en\/2025\/01\/a-magia-de-dezembro\/"},"wordCount":489,"publisher":{"@id":"https:\/\/iacrianca.pt\/en\/#organization"},"image":{"@id":"https:\/\/iacrianca.pt\/en\/2025\/01\/a-magia-de-dezembro\/#primaryimage"},"thumbnailUrl":"https:\/\/iacrianca.pt\/wp-content\/uploads\/cdij-a-magia-do-natal-2.jpg","articleSection":["Newsletter"],"inLanguage":"en-US"},{"@type":"WebPage","@id":"https:\/\/iacrianca.pt\/en\/2025\/01\/a-magia-de-dezembro\/","url":"https:\/\/iacrianca.pt\/en\/2025\/01\/a-magia-de-dezembro\/","name":"A Magia de Dezembro | Instituto de Apoio \u00e0 Crian\u00e7a","isPartOf":{"@id":"https:\/\/iacrianca.pt\/en\/#website"},"primaryImageOfPage":{"@id":"https:\/\/iacrianca.pt\/en\/2025\/01\/a-magia-de-dezembro\/#primaryimage"},"image":{"@id":"https:\/\/iacrianca.pt\/en\/2025\/01\/a-magia-de-dezembro\/#primaryimage"},"thumbnailUrl":"https:\/\/iacrianca.pt\/wp-content\/uploads\/cdij-a-magia-do-natal-2.jpg","datePublished":"2025-01-06T16:26:37+00:00","breadcrumb":{"@id":"https:\/\/iacrianca.pt\/en\/2025\/01\/a-magia-de-dezembro\/#breadcrumb"},"inLanguage":"en-US","potentialAction":[{"@type":"ReadAction","target":["https:\/\/iacrianca.pt\/en\/2025\/01\/a-magia-de-dezembro\/"]}]},{"@type":"ImageObject","inLanguage":"en-US","@id":"https:\/\/iacrianca.pt\/en\/2025\/01\/a-magia-de-dezembro\/#primaryimage","url":"https:\/\/iacrianca.pt\/wp-content\/uploads\/cdij-a-magia-do-natal-2.jpg","contentUrl":"https:\/\/iacrianca.pt\/wp-content\/uploads\/cdij-a-magia-do-natal-2.jpg","width":1600,"height":1200},{"@type":"BreadcrumbList","@id":"https:\/\/iacrianca.pt\/en\/2025\/01\/a-magia-de-dezembro\/#breadcrumb","itemListElement":[{"@type":"ListItem","position":1,"name":"In\u00edcio","item":"https:\/\/iacrianca.pt\/en\/"},{"@type":"ListItem","position":2,"name":"A Magia de Dezembro"}]},{"@type":"WebSite","@id":"https:\/\/iacrianca.pt\/en\/#website","url":"https:\/\/iacrianca.pt\/en\/","name":"Instituto de Apoio \u00e0 Crian\u00e7a","description":"Desde 1983 na defesa e promo\u00e7\u00e3o dos direitos da crian\u00e7a","publisher":{"@id":"https:\/\/iacrianca.pt\/en\/#organization"},"potentialAction":[{"@type":"SearchAction","target":{"@type":"EntryPoint","urlTemplate":"https:\/\/iacrianca.pt\/en\/?s={search_term_string}"},"query-input":{"@type":"PropertyValueSpecification","valueRequired":true,"valueName":"search_term_string"}}],"inLanguage":"en-US"},{"@type":"Organization","@id":"https:\/\/iacrianca.pt\/en\/#organization","name":"Instituto de Apoio \u00e0 Crian\u00e7a","url":"https:\/\/iacrianca.pt\/en\/","logo":{"@type":"ImageObject","inLanguage":"en-US","@id":"https:\/\/iacrianca.pt\/en\/#\/schema\/logo\/image\/","url":"https:\/\/iacrianca.pt\/wp-content\/uploads\/2020\/04\/logo-iac-SD.jpg","contentUrl":"https:\/\/iacrianca.pt\/wp-content\/uploads\/2020\/04\/logo-iac-SD.jpg","width":152,"height":73,"caption":"Instituto de Apoio \u00e0 Crian\u00e7a"},"image":{"@id":"https:\/\/iacrianca.pt\/en\/#\/schema\/logo\/image\/"},"sameAs":["https:\/\/www.facebook.com\/iacinstitutodeapoioacrianca","https:\/\/x.com\/iacapoiocrianca","https:\/\/www.youtube.com\/channel\/UC0jjfZ_xkN_59gJf_RQ-ZnQ","https:\/\/www.linkedin.com\/company\/instituto-de-apoio--criana\/","https:\/\/www.instagram.com\/iacinstitutodeapoioacrianca\/","https:\/\/criancasatortoeadireitos.wordpress.com\/"]},{"@type":"Person","@id":"https:\/\/iacrianca.pt\/en\/#\/schema\/person\/1c48c6e4b70d0dc7360e4b28ceaa5f6b","name":"Administra\u00e7\u00e3o IAC","image":{"@type":"ImageObject","inLanguage":"en-US","@id":"https:\/\/secure.gravatar.com\/avatar\/60b998c71de37dcc1398fc6d48c6b5ed7533e3ceec837c948055f072e3158ff1?s=96&d=mm&r=g","url":"https:\/\/secure.gravatar.com\/avatar\/60b998c71de37dcc1398fc6d48c6b5ed7533e3ceec837c948055f072e3158ff1?s=96&d=mm&r=g","contentUrl":"https:\/\/secure.gravatar.com\/avatar\/60b998c71de37dcc1398fc6d48c6b5ed7533e3ceec837c948055f072e3158ff1?s=96&d=mm&r=g","caption":"Administra\u00e7\u00e3o IAC"}}]}},"_links":{"self":[{"href":"https:\/\/iacrianca.pt\/en\/wp-json\/wp\/v2\/posts\/24289","targetHints":{"allow":["GET"]}}],"collection":[{"href":"https:\/\/iacrianca.pt\/en\/wp-json\/wp\/v2\/posts"}],"about":[{"href":"https:\/\/iacrianca.pt\/en\/wp-json\/wp\/v2\/types\/post"}],"author":[{"embeddable":true,"href":"https:\/\/iacrianca.pt\/en\/wp-json\/wp\/v2\/users\/2"}],"replies":[{"embeddable":true,"href":"https:\/\/iacrianca.pt\/en\/wp-json\/wp\/v2\/comments?post=24289"}],"version-history":[{"count":0,"href":"https:\/\/iacrianca.pt\/en\/wp-json\/wp\/v2\/posts\/24289\/revisions"}],"wp:featuredmedia":[{"embeddable":true,"href":"https:\/\/iacrianca.pt\/en\/wp-json\/wp\/v2\/media\/24292"}],"wp:attachment":[{"href":"https:\/\/iacrianca.pt\/en\/wp-json\/wp\/v2\/media?parent=24289"}],"wp:term":[{"taxonomy":"category","embeddable":true,"href":"https:\/\/iacrianca.pt\/en\/wp-json\/wp\/v2\/categories?post=24289"},{"taxonomy":"post_tag","embeddable":true,"href":"https:\/\/iacrianca.pt\/en\/wp-json\/wp\/v2\/tags?post=24289"}],"curies":[{"name":"wp","href":"https:\/\/api.w.org\/{rel}","templated":true}]}}