{"id":24301,"date":"2025-01-06T16:34:48","date_gmt":"2025-01-06T16:34:48","guid":{"rendered":"https:\/\/iacrianca.pt\/?p=24301"},"modified":"2025-09-03T14:51:06","modified_gmt":"2025-09-03T13:51:06","slug":"a-escola-de-segunda-oportunidade-de-lumiar-e-santa-clara-promove-almoco-de-natal","status":"publish","type":"post","link":"https:\/\/iacrianca.pt\/en\/2025\/01\/a-escola-de-segunda-oportunidade-de-lumiar-e-santa-clara-promove-almoco-de-natal\/","title":{"rendered":"A Escola de Segunda Oportunidade de Lumiar e Santa Clara promove almo\u00e7o de Natal"},"content":{"rendered":"<p><span data-contrast=\"none\">Na \u00faltima semana de aulas do 1\u00ba per\u00edodo, a Escola de Segunda Oportunidade dos territ\u00f3rios do Lumiar e Santa Clara, realizou um Almo\u00e7o de Natal que reuniu alunos, professores, t\u00e9cnicos, membros da dire\u00e7\u00e3o dos Agrupamentos e parceiros da comunidade.\u00a0<\/span><span data-ccp-props=\"{&quot;134233117&quot;:false,&quot;134233118&quot;:false,&quot;335551550&quot;:6,&quot;335551620&quot;:6,&quot;335557856&quot;:16777215,&quot;335559731&quot;:0,&quot;335559738&quot;:0,&quot;335559739&quot;:0}\">\u00a0<\/span><\/p>\n<p><span data-contrast=\"none\">O evento foi marcado por momentos de confraterniza\u00e7\u00e3o, atividades culturais e a uni\u00e3o de esfor\u00e7os para preparar um dia especial.<\/span><span data-ccp-props=\"{&quot;134233117&quot;:false,&quot;134233118&quot;:false,&quot;335551550&quot;:6,&quot;335551620&quot;:6,&quot;335557856&quot;:16777215,&quot;335559731&quot;:0,&quot;335559738&quot;:0,&quot;335559739&quot;:0}\">\u00a0<\/span><\/p>\n<p><span data-contrast=\"none\">A refei\u00e7\u00e3o natal\u00edcia foi confecionada com o envolvimento dos jovens que, em conjunto com a equipa t\u00e9cnica-pedag\u00f3gica, prepararam os pratos escolhidos: pizzas, p\u00e3o com chouri\u00e7o, mousse de Oreo, baba de camelo, salame de chocolate entre outras iguarias que deixaram todos de \u00e1gua na boca.\u00a0<\/span><span data-ccp-props=\"{&quot;134233117&quot;:false,&quot;134233118&quot;:false,&quot;335551550&quot;:6,&quot;335551620&quot;:6,&quot;335557856&quot;:16777215,&quot;335559738&quot;:0,&quot;335559739&quot;:0}\">\u00a0<\/span><\/p>\n<p><span data-contrast=\"none\">Destacamos que, ao longo da refei\u00e7\u00e3o, o esp\u00edrito de Natal tomou conta do ambiente, criando uma atmosfera de uni\u00e3o, confraterniza\u00e7\u00e3o e alegria.<\/span><span data-ccp-props=\"{&quot;134233117&quot;:false,&quot;134233118&quot;:false,&quot;335551550&quot;:6,&quot;335551620&quot;:6,&quot;335557856&quot;:16777215,&quot;335559738&quot;:0,&quot;335559739&quot;:0}\">\u00a0<\/span><\/p>\n<p><span data-contrast=\"none\">Al\u00e9m do almo\u00e7o, este dia incluiu um workshop de dan\u00e7a dinamizada pela Associa\u00e7\u00e3o \u201cDan\u00e7a com impacto\u201d, que muito animou os jovens. Para os mais competitivos, foi ainda realizado um torneio de matraquilhos que trouxe momentos de divers\u00e3o e intera\u00e7\u00e3o entre todos os presentes.<\/span><span data-ccp-props=\"{&quot;134233117&quot;:false,&quot;134233118&quot;:false,&quot;335551550&quot;:6,&quot;335551620&quot;:6,&quot;335557856&quot;:16777215,&quot;335559738&quot;:0,&quot;335559739&quot;:0}\">\u00a0<\/span><\/p>\n<p><span data-contrast=\"none\">Este evento destacou a import\u00e2ncia da rela\u00e7\u00e3o entre os jovens e os t\u00e9cnicos e professores, promovendo n\u00e3o apenas a celebra\u00e7\u00e3o do Natal, mas tamb\u00e9m o fortalecimento dos la\u00e7os de conviv\u00eancia e coopera\u00e7\u00e3o. Foi um momento muito especial para todos.<\/span><span data-ccp-props=\"{&quot;134233117&quot;:false,&quot;134233118&quot;:false,&quot;335551550&quot;:6,&quot;335551620&quot;:6,&quot;335557856&quot;:16777215,&quot;335559738&quot;:0,&quot;335559739&quot;:0}\">\u00a0<\/span><\/p>\n<p><span data-contrast=\"none\">O apoio dos parceiros e o envolvimento da comunidade escolar fizeram toda a diferen\u00e7a!<\/span><span data-ccp-props=\"{&quot;134233117&quot;:false,&quot;134233118&quot;:false,&quot;335551550&quot;:6,&quot;335551620&quot;:6,&quot;335557856&quot;:16777215,&quot;335559738&quot;:0,&quot;335559739&quot;:0}\">\u00a0<\/span><\/p>\n<p><span data-contrast=\"none\">O Almo\u00e7o de Natal da Escola de Segunda Oportunidade foi um sucesso e deixou a expectativa de que eventos como este continuem a ser realizados ao longo do ano letivo, refor\u00e7ando o esp\u00edrito de uni\u00e3o e solidariedade caracter\u00edstico desta \u00e9poca do ano.<\/span><span data-ccp-props=\"{&quot;134233117&quot;:false,&quot;134233118&quot;:false,&quot;335551550&quot;:6,&quot;335551620&quot;:6,&quot;335557856&quot;:16777215,&quot;335559738&quot;:0,&quot;335559739&quot;:0}\">\u00a0<\/span><\/p>\n<p>&nbsp;<\/p>\n<p>Projeto financiado pelo PRR &#8211; Plano de Recupera\u00e7\u00e3o e Resili\u00eancia<\/p>\n<p><a href=\"http:\/\/www.recuperarportugal.gov.pt\">http:\/\/www.recuperarportugal.gov.pt<\/a><\/p>\n<p>#ContruirOFuturo #ConstruirFuturos #Recupera\u00e7\u00e3oEmA\u00e7\u00e3o<\/p>\n<p><span data-ccp-props=\"{&quot;335551550&quot;:6,&quot;335551620&quot;:6}\"> <img fetchpriority=\"high\" decoding=\"async\" class=\"alignnone wp-image-24304 size-full\" src=\"https:\/\/iacrianca.pt\/wp-content\/uploads\/almoco.jpg\" alt=\"\" width=\"747\" height=\"576\" srcset=\"https:\/\/iacrianca.pt\/wp-content\/uploads\/almoco.jpg 747w, https:\/\/iacrianca.pt\/wp-content\/uploads\/almoco-300x231.jpg 300w\" sizes=\"(max-width: 747px) 100vw, 747px\" \/> <img decoding=\"async\" class=\"alignnone wp-image-24306 size-full\" src=\"https:\/\/iacrianca.pt\/wp-content\/uploads\/almoco2.jpg\" alt=\"\" width=\"847\" height=\"412\" srcset=\"https:\/\/iacrianca.pt\/wp-content\/uploads\/almoco2.jpg 847w, https:\/\/iacrianca.pt\/wp-content\/uploads\/almoco2-300x146.jpg 300w, https:\/\/iacrianca.pt\/wp-content\/uploads\/almoco2-768x374.jpg 768w\" sizes=\"(max-width: 847px) 100vw, 847px\" \/><\/span><\/p>\n","protected":false},"excerpt":{"rendered":"<p>Na \u00faltima semana de aulas do 1\u00ba per\u00edodo, a Escola de Segunda Oportunidade dos territ\u00f3rios do Lumiar e Santa Clara, realizou um Almo\u00e7o de Natal que reuniu alunos, professores, t\u00e9cnicos, membros da dire\u00e7\u00e3o dos Agrupamentos e parceiros da comunidade.\u00a0\u00a0 O evento foi marcado por momentos de confraterniza\u00e7\u00e3o, atividades culturais e a uni\u00e3o de esfor\u00e7os para&hellip;<\/p>\n","protected":false},"author":2,"featured_media":24302,"comment_status":"closed","ping_status":"open","sticky":false,"template":"","format":"standard","meta":{"_acf_changed":false,"footnotes":""},"categories":[63],"tags":[],"class_list":["post-24301","post","type-post","status-publish","format-standard","has-post-thumbnail","hentry","category-newsletter","category-63","description-off"],"acf":[],"yoast_head":"<!-- This site is optimized with the Yoast SEO plugin v27.5 - https:\/\/yoast.com\/product\/yoast-seo-wordpress\/ -->\n<title>A Escola de Segunda Oportunidade de Lumiar e Santa Clara promove almo\u00e7o de Natal | Instituto de Apoio \u00e0 Crian\u00e7a<\/title>\n<meta name=\"robots\" content=\"index, follow, max-snippet:-1, max-image-preview:large, max-video-preview:-1\" \/>\n<link rel=\"canonical\" href=\"https:\/\/iacrianca.pt\/en\/2025\/01\/a-escola-de-segunda-oportunidade-de-lumiar-e-santa-clara-promove-almoco-de-natal\/\" \/>\n<meta property=\"og:locale\" content=\"en_US\" \/>\n<meta property=\"og:type\" content=\"article\" \/>\n<meta property=\"og:title\" content=\"A Escola de Segunda Oportunidade de Lumiar e Santa Clara promove almo\u00e7o de Natal | Instituto de Apoio \u00e0 Crian\u00e7a\" \/>\n<meta property=\"og:description\" content=\"Na \u00faltima semana de aulas do 1\u00ba per\u00edodo, a Escola de Segunda Oportunidade dos territ\u00f3rios do Lumiar e Santa Clara, realizou um Almo\u00e7o de Natal que reuniu alunos, professores, t\u00e9cnicos, membros da dire\u00e7\u00e3o dos Agrupamentos e parceiros da comunidade.\u00a0\u00a0 O evento foi marcado por momentos de confraterniza\u00e7\u00e3o, atividades culturais e a uni\u00e3o de esfor\u00e7os para&hellip;\" \/>\n<meta property=\"og:url\" content=\"https:\/\/iacrianca.pt\/en\/2025\/01\/a-escola-de-segunda-oportunidade-de-lumiar-e-santa-clara-promove-almoco-de-natal\/\" \/>\n<meta property=\"og:site_name\" content=\"Instituto de Apoio \u00e0 Crian\u00e7a\" \/>\n<meta property=\"article:publisher\" content=\"https:\/\/www.facebook.com\/iacinstitutodeapoioacrianca\" \/>\n<meta property=\"article:published_time\" content=\"2025-01-06T16:34:48+00:00\" \/>\n<meta property=\"article:modified_time\" content=\"2025-09-03T13:51:06+00:00\" \/>\n<meta property=\"og:image\" content=\"https:\/\/iacrianca.pt\/wp-content\/uploads\/almoco3.jpg\" \/>\n\t<meta property=\"og:image:width\" content=\"1317\" \/>\n\t<meta property=\"og:image:height\" content=\"555\" \/>\n\t<meta property=\"og:image:type\" content=\"image\/jpeg\" \/>\n<meta name=\"author\" content=\"Administra\u00e7\u00e3o IAC\" \/>\n<meta name=\"twitter:card\" content=\"summary_large_image\" \/>\n<meta name=\"twitter:creator\" content=\"@iacapoiocrianca\" \/>\n<meta name=\"twitter:site\" content=\"@iacapoiocrianca\" \/>\n<meta name=\"twitter:label1\" content=\"Written by\" \/>\n\t<meta name=\"twitter:data1\" content=\"Administra\u00e7\u00e3o IAC\" \/>\n\t<meta name=\"twitter:label2\" content=\"Est. reading time\" \/>\n\t<meta name=\"twitter:data2\" content=\"3 minutes\" \/>\n<script type=\"application\/ld+json\" class=\"yoast-schema-graph\">{\"@context\":\"https:\\\/\\\/schema.org\",\"@graph\":[{\"@type\":\"Article\",\"@id\":\"https:\\\/\\\/iacrianca.pt\\\/en\\\/2025\\\/01\\\/a-escola-de-segunda-oportunidade-de-lumiar-e-santa-clara-promove-almoco-de-natal\\\/#article\",\"isPartOf\":{\"@id\":\"https:\\\/\\\/iacrianca.pt\\\/en\\\/2025\\\/01\\\/a-escola-de-segunda-oportunidade-de-lumiar-e-santa-clara-promove-almoco-de-natal\\\/\"},\"author\":{\"name\":\"Administra\u00e7\u00e3o IAC\",\"@id\":\"https:\\\/\\\/iacrianca.pt\\\/en\\\/#\\\/schema\\\/person\\\/1c48c6e4b70d0dc7360e4b28ceaa5f6b\"},\"headline\":\"A Escola de Segunda Oportunidade de Lumiar e Santa Clara promove almo\u00e7o de Natal\",\"datePublished\":\"2025-01-06T16:34:48+00:00\",\"dateModified\":\"2025-09-03T13:51:06+00:00\",\"mainEntityOfPage\":{\"@id\":\"https:\\\/\\\/iacrianca.pt\\\/en\\\/2025\\\/01\\\/a-escola-de-segunda-oportunidade-de-lumiar-e-santa-clara-promove-almoco-de-natal\\\/\"},\"wordCount\":340,\"publisher\":{\"@id\":\"https:\\\/\\\/iacrianca.pt\\\/en\\\/#organization\"},\"image\":{\"@id\":\"https:\\\/\\\/iacrianca.pt\\\/en\\\/2025\\\/01\\\/a-escola-de-segunda-oportunidade-de-lumiar-e-santa-clara-promove-almoco-de-natal\\\/#primaryimage\"},\"thumbnailUrl\":\"https:\\\/\\\/iacrianca.pt\\\/wp-content\\\/uploads\\\/almoco3.jpg\",\"articleSection\":[\"Newsletter\"],\"inLanguage\":\"en-US\"},{\"@type\":\"WebPage\",\"@id\":\"https:\\\/\\\/iacrianca.pt\\\/en\\\/2025\\\/01\\\/a-escola-de-segunda-oportunidade-de-lumiar-e-santa-clara-promove-almoco-de-natal\\\/\",\"url\":\"https:\\\/\\\/iacrianca.pt\\\/en\\\/2025\\\/01\\\/a-escola-de-segunda-oportunidade-de-lumiar-e-santa-clara-promove-almoco-de-natal\\\/\",\"name\":\"A Escola de Segunda Oportunidade de Lumiar e Santa Clara promove almo\u00e7o de Natal | Instituto de Apoio \u00e0 Crian\u00e7a\",\"isPartOf\":{\"@id\":\"https:\\\/\\\/iacrianca.pt\\\/en\\\/#website\"},\"primaryImageOfPage\":{\"@id\":\"https:\\\/\\\/iacrianca.pt\\\/en\\\/2025\\\/01\\\/a-escola-de-segunda-oportunidade-de-lumiar-e-santa-clara-promove-almoco-de-natal\\\/#primaryimage\"},\"image\":{\"@id\":\"https:\\\/\\\/iacrianca.pt\\\/en\\\/2025\\\/01\\\/a-escola-de-segunda-oportunidade-de-lumiar-e-santa-clara-promove-almoco-de-natal\\\/#primaryimage\"},\"thumbnailUrl\":\"https:\\\/\\\/iacrianca.pt\\\/wp-content\\\/uploads\\\/almoco3.jpg\",\"datePublished\":\"2025-01-06T16:34:48+00:00\",\"dateModified\":\"2025-09-03T13:51:06+00:00\",\"breadcrumb\":{\"@id\":\"https:\\\/\\\/iacrianca.pt\\\/en\\\/2025\\\/01\\\/a-escola-de-segunda-oportunidade-de-lumiar-e-santa-clara-promove-almoco-de-natal\\\/#breadcrumb\"},\"inLanguage\":\"en-US\",\"potentialAction\":[{\"@type\":\"ReadAction\",\"target\":[\"https:\\\/\\\/iacrianca.pt\\\/en\\\/2025\\\/01\\\/a-escola-de-segunda-oportunidade-de-lumiar-e-santa-clara-promove-almoco-de-natal\\\/\"]}]},{\"@type\":\"ImageObject\",\"inLanguage\":\"en-US\",\"@id\":\"https:\\\/\\\/iacrianca.pt\\\/en\\\/2025\\\/01\\\/a-escola-de-segunda-oportunidade-de-lumiar-e-santa-clara-promove-almoco-de-natal\\\/#primaryimage\",\"url\":\"https:\\\/\\\/iacrianca.pt\\\/wp-content\\\/uploads\\\/almoco3.jpg\",\"contentUrl\":\"https:\\\/\\\/iacrianca.pt\\\/wp-content\\\/uploads\\\/almoco3.jpg\",\"width\":1317,\"height\":555},{\"@type\":\"BreadcrumbList\",\"@id\":\"https:\\\/\\\/iacrianca.pt\\\/en\\\/2025\\\/01\\\/a-escola-de-segunda-oportunidade-de-lumiar-e-santa-clara-promove-almoco-de-natal\\\/#breadcrumb\",\"itemListElement\":[{\"@type\":\"ListItem\",\"position\":1,\"name\":\"In\u00edcio\",\"item\":\"https:\\\/\\\/iacrianca.pt\\\/en\\\/\"},{\"@type\":\"ListItem\",\"position\":2,\"name\":\"A Escola de Segunda Oportunidade de Lumiar e Santa Clara promove almo\u00e7o de Natal\"}]},{\"@type\":\"WebSite\",\"@id\":\"https:\\\/\\\/iacrianca.pt\\\/en\\\/#website\",\"url\":\"https:\\\/\\\/iacrianca.pt\\\/en\\\/\",\"name\":\"Instituto de Apoio \u00e0 Crian\u00e7a\",\"description\":\"Desde 1983 na defesa e promo\u00e7\u00e3o dos direitos da crian\u00e7a\",\"publisher\":{\"@id\":\"https:\\\/\\\/iacrianca.pt\\\/en\\\/#organization\"},\"potentialAction\":[{\"@type\":\"SearchAction\",\"target\":{\"@type\":\"EntryPoint\",\"urlTemplate\":\"https:\\\/\\\/iacrianca.pt\\\/en\\\/?s={search_term_string}\"},\"query-input\":{\"@type\":\"PropertyValueSpecification\",\"valueRequired\":true,\"valueName\":\"search_term_string\"}}],\"inLanguage\":\"en-US\"},{\"@type\":\"Organization\",\"@id\":\"https:\\\/\\\/iacrianca.pt\\\/en\\\/#organization\",\"name\":\"Instituto de Apoio \u00e0 Crian\u00e7a\",\"url\":\"https:\\\/\\\/iacrianca.pt\\\/en\\\/\",\"logo\":{\"@type\":\"ImageObject\",\"inLanguage\":\"en-US\",\"@id\":\"https:\\\/\\\/iacrianca.pt\\\/en\\\/#\\\/schema\\\/logo\\\/image\\\/\",\"url\":\"https:\\\/\\\/iacrianca.pt\\\/wp-content\\\/uploads\\\/2020\\\/04\\\/logo-iac-SD.jpg\",\"contentUrl\":\"https:\\\/\\\/iacrianca.pt\\\/wp-content\\\/uploads\\\/2020\\\/04\\\/logo-iac-SD.jpg\",\"width\":152,\"height\":73,\"caption\":\"Instituto de Apoio \u00e0 Crian\u00e7a\"},\"image\":{\"@id\":\"https:\\\/\\\/iacrianca.pt\\\/en\\\/#\\\/schema\\\/logo\\\/image\\\/\"},\"sameAs\":[\"https:\\\/\\\/www.facebook.com\\\/iacinstitutodeapoioacrianca\",\"https:\\\/\\\/x.com\\\/iacapoiocrianca\",\"https:\\\/\\\/www.youtube.com\\\/channel\\\/UC0jjfZ_xkN_59gJf_RQ-ZnQ\",\"https:\\\/\\\/www.linkedin.com\\\/company\\\/instituto-de-apoio--criana\\\/\",\"https:\\\/\\\/www.instagram.com\\\/iacinstitutodeapoioacrianca\\\/\",\"https:\\\/\\\/criancasatortoeadireitos.wordpress.com\\\/\"]},{\"@type\":\"Person\",\"@id\":\"https:\\\/\\\/iacrianca.pt\\\/en\\\/#\\\/schema\\\/person\\\/1c48c6e4b70d0dc7360e4b28ceaa5f6b\",\"name\":\"Administra\u00e7\u00e3o IAC\",\"image\":{\"@type\":\"ImageObject\",\"inLanguage\":\"en-US\",\"@id\":\"https:\\\/\\\/secure.gravatar.com\\\/avatar\\\/60b998c71de37dcc1398fc6d48c6b5ed7533e3ceec837c948055f072e3158ff1?s=96&d=mm&r=g\",\"url\":\"https:\\\/\\\/secure.gravatar.com\\\/avatar\\\/60b998c71de37dcc1398fc6d48c6b5ed7533e3ceec837c948055f072e3158ff1?s=96&d=mm&r=g\",\"contentUrl\":\"https:\\\/\\\/secure.gravatar.com\\\/avatar\\\/60b998c71de37dcc1398fc6d48c6b5ed7533e3ceec837c948055f072e3158ff1?s=96&d=mm&r=g\",\"caption\":\"Administra\u00e7\u00e3o IAC\"}}]}<\/script>\n<!-- \/ Yoast SEO plugin. -->","yoast_head_json":{"title":"A Escola de Segunda Oportunidade de Lumiar e Santa Clara promove almo\u00e7o de Natal | Instituto de Apoio \u00e0 Crian\u00e7a","robots":{"index":"index","follow":"follow","max-snippet":"max-snippet:-1","max-image-preview":"max-image-preview:large","max-video-preview":"max-video-preview:-1"},"canonical":"https:\/\/iacrianca.pt\/en\/2025\/01\/a-escola-de-segunda-oportunidade-de-lumiar-e-santa-clara-promove-almoco-de-natal\/","og_locale":"en_US","og_type":"article","og_title":"A Escola de Segunda Oportunidade de Lumiar e Santa Clara promove almo\u00e7o de Natal | Instituto de Apoio \u00e0 Crian\u00e7a","og_description":"Na \u00faltima semana de aulas do 1\u00ba per\u00edodo, a Escola de Segunda Oportunidade dos territ\u00f3rios do Lumiar e Santa Clara, realizou um Almo\u00e7o de Natal que reuniu alunos, professores, t\u00e9cnicos, membros da dire\u00e7\u00e3o dos Agrupamentos e parceiros da comunidade.\u00a0\u00a0 O evento foi marcado por momentos de confraterniza\u00e7\u00e3o, atividades culturais e a uni\u00e3o de esfor\u00e7os para&hellip;","og_url":"https:\/\/iacrianca.pt\/en\/2025\/01\/a-escola-de-segunda-oportunidade-de-lumiar-e-santa-clara-promove-almoco-de-natal\/","og_site_name":"Instituto de Apoio \u00e0 Crian\u00e7a","article_publisher":"https:\/\/www.facebook.com\/iacinstitutodeapoioacrianca","article_published_time":"2025-01-06T16:34:48+00:00","article_modified_time":"2025-09-03T13:51:06+00:00","og_image":[{"width":1317,"height":555,"url":"https:\/\/iacrianca.pt\/wp-content\/uploads\/almoco3.jpg","type":"image\/jpeg"}],"author":"Administra\u00e7\u00e3o IAC","twitter_card":"summary_large_image","twitter_creator":"@iacapoiocrianca","twitter_site":"@iacapoiocrianca","twitter_misc":{"Written by":"Administra\u00e7\u00e3o IAC","Est. reading time":"3 minutes"},"schema":{"@context":"https:\/\/schema.org","@graph":[{"@type":"Article","@id":"https:\/\/iacrianca.pt\/en\/2025\/01\/a-escola-de-segunda-oportunidade-de-lumiar-e-santa-clara-promove-almoco-de-natal\/#article","isPartOf":{"@id":"https:\/\/iacrianca.pt\/en\/2025\/01\/a-escola-de-segunda-oportunidade-de-lumiar-e-santa-clara-promove-almoco-de-natal\/"},"author":{"name":"Administra\u00e7\u00e3o IAC","@id":"https:\/\/iacrianca.pt\/en\/#\/schema\/person\/1c48c6e4b70d0dc7360e4b28ceaa5f6b"},"headline":"A Escola de Segunda Oportunidade de Lumiar e Santa Clara promove almo\u00e7o de Natal","datePublished":"2025-01-06T16:34:48+00:00","dateModified":"2025-09-03T13:51:06+00:00","mainEntityOfPage":{"@id":"https:\/\/iacrianca.pt\/en\/2025\/01\/a-escola-de-segunda-oportunidade-de-lumiar-e-santa-clara-promove-almoco-de-natal\/"},"wordCount":340,"publisher":{"@id":"https:\/\/iacrianca.pt\/en\/#organization"},"image":{"@id":"https:\/\/iacrianca.pt\/en\/2025\/01\/a-escola-de-segunda-oportunidade-de-lumiar-e-santa-clara-promove-almoco-de-natal\/#primaryimage"},"thumbnailUrl":"https:\/\/iacrianca.pt\/wp-content\/uploads\/almoco3.jpg","articleSection":["Newsletter"],"inLanguage":"en-US"},{"@type":"WebPage","@id":"https:\/\/iacrianca.pt\/en\/2025\/01\/a-escola-de-segunda-oportunidade-de-lumiar-e-santa-clara-promove-almoco-de-natal\/","url":"https:\/\/iacrianca.pt\/en\/2025\/01\/a-escola-de-segunda-oportunidade-de-lumiar-e-santa-clara-promove-almoco-de-natal\/","name":"A Escola de Segunda Oportunidade de Lumiar e Santa Clara promove almo\u00e7o de Natal | Instituto de Apoio \u00e0 Crian\u00e7a","isPartOf":{"@id":"https:\/\/iacrianca.pt\/en\/#website"},"primaryImageOfPage":{"@id":"https:\/\/iacrianca.pt\/en\/2025\/01\/a-escola-de-segunda-oportunidade-de-lumiar-e-santa-clara-promove-almoco-de-natal\/#primaryimage"},"image":{"@id":"https:\/\/iacrianca.pt\/en\/2025\/01\/a-escola-de-segunda-oportunidade-de-lumiar-e-santa-clara-promove-almoco-de-natal\/#primaryimage"},"thumbnailUrl":"https:\/\/iacrianca.pt\/wp-content\/uploads\/almoco3.jpg","datePublished":"2025-01-06T16:34:48+00:00","dateModified":"2025-09-03T13:51:06+00:00","breadcrumb":{"@id":"https:\/\/iacrianca.pt\/en\/2025\/01\/a-escola-de-segunda-oportunidade-de-lumiar-e-santa-clara-promove-almoco-de-natal\/#breadcrumb"},"inLanguage":"en-US","potentialAction":[{"@type":"ReadAction","target":["https:\/\/iacrianca.pt\/en\/2025\/01\/a-escola-de-segunda-oportunidade-de-lumiar-e-santa-clara-promove-almoco-de-natal\/"]}]},{"@type":"ImageObject","inLanguage":"en-US","@id":"https:\/\/iacrianca.pt\/en\/2025\/01\/a-escola-de-segunda-oportunidade-de-lumiar-e-santa-clara-promove-almoco-de-natal\/#primaryimage","url":"https:\/\/iacrianca.pt\/wp-content\/uploads\/almoco3.jpg","contentUrl":"https:\/\/iacrianca.pt\/wp-content\/uploads\/almoco3.jpg","width":1317,"height":555},{"@type":"BreadcrumbList","@id":"https:\/\/iacrianca.pt\/en\/2025\/01\/a-escola-de-segunda-oportunidade-de-lumiar-e-santa-clara-promove-almoco-de-natal\/#breadcrumb","itemListElement":[{"@type":"ListItem","position":1,"name":"In\u00edcio","item":"https:\/\/iacrianca.pt\/en\/"},{"@type":"ListItem","position":2,"name":"A Escola de Segunda Oportunidade de Lumiar e Santa Clara promove almo\u00e7o de Natal"}]},{"@type":"WebSite","@id":"https:\/\/iacrianca.pt\/en\/#website","url":"https:\/\/iacrianca.pt\/en\/","name":"Instituto de Apoio \u00e0 Crian\u00e7a","description":"Desde 1983 na defesa e promo\u00e7\u00e3o dos direitos da crian\u00e7a","publisher":{"@id":"https:\/\/iacrianca.pt\/en\/#organization"},"potentialAction":[{"@type":"SearchAction","target":{"@type":"EntryPoint","urlTemplate":"https:\/\/iacrianca.pt\/en\/?s={search_term_string}"},"query-input":{"@type":"PropertyValueSpecification","valueRequired":true,"valueName":"search_term_string"}}],"inLanguage":"en-US"},{"@type":"Organization","@id":"https:\/\/iacrianca.pt\/en\/#organization","name":"Instituto de Apoio \u00e0 Crian\u00e7a","url":"https:\/\/iacrianca.pt\/en\/","logo":{"@type":"ImageObject","inLanguage":"en-US","@id":"https:\/\/iacrianca.pt\/en\/#\/schema\/logo\/image\/","url":"https:\/\/iacrianca.pt\/wp-content\/uploads\/2020\/04\/logo-iac-SD.jpg","contentUrl":"https:\/\/iacrianca.pt\/wp-content\/uploads\/2020\/04\/logo-iac-SD.jpg","width":152,"height":73,"caption":"Instituto de Apoio \u00e0 Crian\u00e7a"},"image":{"@id":"https:\/\/iacrianca.pt\/en\/#\/schema\/logo\/image\/"},"sameAs":["https:\/\/www.facebook.com\/iacinstitutodeapoioacrianca","https:\/\/x.com\/iacapoiocrianca","https:\/\/www.youtube.com\/channel\/UC0jjfZ_xkN_59gJf_RQ-ZnQ","https:\/\/www.linkedin.com\/company\/instituto-de-apoio--criana\/","https:\/\/www.instagram.com\/iacinstitutodeapoioacrianca\/","https:\/\/criancasatortoeadireitos.wordpress.com\/"]},{"@type":"Person","@id":"https:\/\/iacrianca.pt\/en\/#\/schema\/person\/1c48c6e4b70d0dc7360e4b28ceaa5f6b","name":"Administra\u00e7\u00e3o IAC","image":{"@type":"ImageObject","inLanguage":"en-US","@id":"https:\/\/secure.gravatar.com\/avatar\/60b998c71de37dcc1398fc6d48c6b5ed7533e3ceec837c948055f072e3158ff1?s=96&d=mm&r=g","url":"https:\/\/secure.gravatar.com\/avatar\/60b998c71de37dcc1398fc6d48c6b5ed7533e3ceec837c948055f072e3158ff1?s=96&d=mm&r=g","contentUrl":"https:\/\/secure.gravatar.com\/avatar\/60b998c71de37dcc1398fc6d48c6b5ed7533e3ceec837c948055f072e3158ff1?s=96&d=mm&r=g","caption":"Administra\u00e7\u00e3o IAC"}}]}},"_links":{"self":[{"href":"https:\/\/iacrianca.pt\/en\/wp-json\/wp\/v2\/posts\/24301","targetHints":{"allow":["GET"]}}],"collection":[{"href":"https:\/\/iacrianca.pt\/en\/wp-json\/wp\/v2\/posts"}],"about":[{"href":"https:\/\/iacrianca.pt\/en\/wp-json\/wp\/v2\/types\/post"}],"author":[{"embeddable":true,"href":"https:\/\/iacrianca.pt\/en\/wp-json\/wp\/v2\/users\/2"}],"replies":[{"embeddable":true,"href":"https:\/\/iacrianca.pt\/en\/wp-json\/wp\/v2\/comments?post=24301"}],"version-history":[{"count":0,"href":"https:\/\/iacrianca.pt\/en\/wp-json\/wp\/v2\/posts\/24301\/revisions"}],"wp:featuredmedia":[{"embeddable":true,"href":"https:\/\/iacrianca.pt\/en\/wp-json\/wp\/v2\/media\/24302"}],"wp:attachment":[{"href":"https:\/\/iacrianca.pt\/en\/wp-json\/wp\/v2\/media?parent=24301"}],"wp:term":[{"taxonomy":"category","embeddable":true,"href":"https:\/\/iacrianca.pt\/en\/wp-json\/wp\/v2\/categories?post=24301"},{"taxonomy":"post_tag","embeddable":true,"href":"https:\/\/iacrianca.pt\/en\/wp-json\/wp\/v2\/tags?post=24301"}],"curies":[{"name":"wp","href":"https:\/\/api.w.org\/{rel}","templated":true}]}}