{"id":24311,"date":"2025-01-06T16:44:33","date_gmt":"2025-01-06T16:44:33","guid":{"rendered":"https:\/\/iacrianca.pt\/?p=24311"},"modified":"2025-09-03T14:50:21","modified_gmt":"2025-09-03T13:50:21","slug":"e-natal-na-e2o-de-marvila","status":"publish","type":"post","link":"https:\/\/iacrianca.pt\/en\/2025\/01\/e-natal-na-e2o-de-marvila\/","title":{"rendered":"\u00c9 Natal na E2O de Marvila"},"content":{"rendered":"<p><span data-contrast=\"auto\">O Natal \u00e9 uma \u00e9poca de encontros, de renovar a esperan\u00e7a e de acreditar num mundo melhor! As tradi\u00e7\u00f5es de Natal envolvem almo\u00e7os e jantares de fam\u00edlia e trocas de prendas.\u00a0<\/span><span data-ccp-props=\"{}\">\u00a0<\/span><\/p>\n<p><span data-contrast=\"auto\">No passado dia 13, os jovens da E2O do territ\u00f3rio de Marvila tiveram o seu almo\u00e7o de Natal que decorreu num clima tranquilo de conv\u00edvio e conversa informal. Ajudaram a preparar as sobremesas, as saladas e o bacalhau do almo\u00e7o, disfrutaram do mesmo e tamb\u00e9m de um workshop de dan\u00e7a dinamizado pela Associa\u00e7\u00e3o \u201cDan\u00e7a com impacto\u201d.<\/span><span data-ccp-props=\"{}\">\u00a0<\/span><\/p>\n<p><span data-contrast=\"auto\">Porque no Natal tamb\u00e9m h\u00e1 a tradi\u00e7\u00e3o de ir ao circo em fam\u00edlia, os nossos jovens puderam disfrutar do Circo do Coliseu no dia 16, gra\u00e7as \u00e0 gentil oferta da Junta de Freguesia de Arroios e, tamb\u00e9m, de um saboroso almo\u00e7o de pizzas oferecidas pelo grupo Ibersol- Pizza Hut do Saldanha.<\/span><span data-ccp-props=\"{}\">\u00a0<\/span><\/p>\n<p><span data-contrast=\"auto\">Os jovens disfrutaram destes momentos com esp\u00edrito de camaradagem e amizade, celebrando a \u00e9poca de forma animada!<\/span><span data-ccp-props=\"{}\">\u00a0<\/span><\/p>\n<p>&nbsp;<\/p>\n<p>Projeto financiado pelo PRR &#8211; Plano de Recupera\u00e7\u00e3o e Resili\u00eancia<\/p>\n<p><a href=\"http:\/\/www.recuperarportugal.gov.pt\">http:\/\/www.recuperarportugal.gov.pt<\/a><\/p>\n<p>#ContruirOFuturo #ConstruirFuturos #Recupera\u00e7\u00e3oEmA\u00e7\u00e3o<\/p>\n<p><img fetchpriority=\"high\" decoding=\"async\" class=\"alignnone wp-image-24312 size-full\" src=\"https:\/\/iacrianca.pt\/wp-content\/uploads\/cef-e-natal-na-e2o-de-marvila-2.jpg\" alt=\"\" width=\"1200\" height=\"1600\" srcset=\"https:\/\/iacrianca.pt\/wp-content\/uploads\/cef-e-natal-na-e2o-de-marvila-2.jpg 1200w, https:\/\/iacrianca.pt\/wp-content\/uploads\/cef-e-natal-na-e2o-de-marvila-2-225x300.jpg 225w, https:\/\/iacrianca.pt\/wp-content\/uploads\/cef-e-natal-na-e2o-de-marvila-2-768x1024.jpg 768w, https:\/\/iacrianca.pt\/wp-content\/uploads\/cef-e-natal-na-e2o-de-marvila-2-1152x1536.jpg 1152w\" sizes=\"(max-width: 1200px) 100vw, 1200px\" \/><\/p>\n","protected":false},"excerpt":{"rendered":"<p>O Natal \u00e9 uma \u00e9poca de encontros, de renovar a esperan\u00e7a e de acreditar num mundo melhor! As tradi\u00e7\u00f5es de Natal envolvem almo\u00e7os e jantares de fam\u00edlia e trocas de prendas.\u00a0\u00a0 No passado dia 13, os jovens da E2O do territ\u00f3rio de Marvila tiveram o seu almo\u00e7o de Natal que decorreu num clima tranquilo de&hellip;<\/p>\n","protected":false},"author":2,"featured_media":24316,"comment_status":"closed","ping_status":"open","sticky":false,"template":"","format":"standard","meta":{"_acf_changed":false,"footnotes":""},"categories":[63],"tags":[],"class_list":["post-24311","post","type-post","status-publish","format-standard","has-post-thumbnail","hentry","category-newsletter","category-63","description-off"],"acf":[],"yoast_head":"<!-- This site is optimized with the Yoast SEO plugin v27.5 - https:\/\/yoast.com\/product\/yoast-seo-wordpress\/ -->\n<title>\u00c9 Natal na E2O de Marvila | Instituto de Apoio \u00e0 Crian\u00e7a<\/title>\n<meta name=\"robots\" content=\"index, follow, max-snippet:-1, max-image-preview:large, max-video-preview:-1\" \/>\n<link rel=\"canonical\" href=\"https:\/\/iacrianca.pt\/en\/2025\/01\/e-natal-na-e2o-de-marvila\/\" \/>\n<meta property=\"og:locale\" content=\"en_US\" \/>\n<meta property=\"og:type\" content=\"article\" \/>\n<meta property=\"og:title\" content=\"\u00c9 Natal na E2O de Marvila | Instituto de Apoio \u00e0 Crian\u00e7a\" \/>\n<meta property=\"og:description\" content=\"O Natal \u00e9 uma \u00e9poca de encontros, de renovar a esperan\u00e7a e de acreditar num mundo melhor! As tradi\u00e7\u00f5es de Natal envolvem almo\u00e7os e jantares de fam\u00edlia e trocas de prendas.\u00a0\u00a0 No passado dia 13, os jovens da E2O do territ\u00f3rio de Marvila tiveram o seu almo\u00e7o de Natal que decorreu num clima tranquilo de&hellip;\" \/>\n<meta property=\"og:url\" content=\"https:\/\/iacrianca.pt\/en\/2025\/01\/e-natal-na-e2o-de-marvila\/\" \/>\n<meta property=\"og:site_name\" content=\"Instituto de Apoio \u00e0 Crian\u00e7a\" \/>\n<meta property=\"article:publisher\" content=\"https:\/\/www.facebook.com\/iacinstitutodeapoioacrianca\" \/>\n<meta property=\"article:published_time\" content=\"2025-01-06T16:44:33+00:00\" \/>\n<meta property=\"article:modified_time\" content=\"2025-09-03T13:50:21+00:00\" \/>\n<meta property=\"og:image\" content=\"https:\/\/iacrianca.pt\/wp-content\/uploads\/cef-e-natal-na-e2o-de-marvila-1-1.jpg\" \/>\n\t<meta property=\"og:image:width\" content=\"2048\" \/>\n\t<meta property=\"og:image:height\" content=\"884\" \/>\n\t<meta property=\"og:image:type\" content=\"image\/jpeg\" \/>\n<meta name=\"author\" content=\"Administra\u00e7\u00e3o IAC\" \/>\n<meta name=\"twitter:card\" content=\"summary_large_image\" \/>\n<meta name=\"twitter:creator\" content=\"@iacapoiocrianca\" \/>\n<meta name=\"twitter:site\" content=\"@iacapoiocrianca\" \/>\n<meta name=\"twitter:label1\" content=\"Written by\" \/>\n\t<meta name=\"twitter:data1\" content=\"Administra\u00e7\u00e3o IAC\" \/>\n\t<meta name=\"twitter:label2\" content=\"Est. reading time\" \/>\n\t<meta name=\"twitter:data2\" content=\"2 minutes\" \/>\n<script type=\"application\/ld+json\" class=\"yoast-schema-graph\">{\"@context\":\"https:\\\/\\\/schema.org\",\"@graph\":[{\"@type\":\"Article\",\"@id\":\"https:\\\/\\\/iacrianca.pt\\\/en\\\/2025\\\/01\\\/e-natal-na-e2o-de-marvila\\\/#article\",\"isPartOf\":{\"@id\":\"https:\\\/\\\/iacrianca.pt\\\/en\\\/2025\\\/01\\\/e-natal-na-e2o-de-marvila\\\/\"},\"author\":{\"name\":\"Administra\u00e7\u00e3o IAC\",\"@id\":\"https:\\\/\\\/iacrianca.pt\\\/en\\\/#\\\/schema\\\/person\\\/1c48c6e4b70d0dc7360e4b28ceaa5f6b\"},\"headline\":\"\u00c9 Natal na E2O de Marvila\",\"datePublished\":\"2025-01-06T16:44:33+00:00\",\"dateModified\":\"2025-09-03T13:50:21+00:00\",\"mainEntityOfPage\":{\"@id\":\"https:\\\/\\\/iacrianca.pt\\\/en\\\/2025\\\/01\\\/e-natal-na-e2o-de-marvila\\\/\"},\"wordCount\":200,\"publisher\":{\"@id\":\"https:\\\/\\\/iacrianca.pt\\\/en\\\/#organization\"},\"image\":{\"@id\":\"https:\\\/\\\/iacrianca.pt\\\/en\\\/2025\\\/01\\\/e-natal-na-e2o-de-marvila\\\/#primaryimage\"},\"thumbnailUrl\":\"https:\\\/\\\/iacrianca.pt\\\/wp-content\\\/uploads\\\/cef-e-natal-na-e2o-de-marvila-1-1.jpg\",\"articleSection\":[\"Newsletter\"],\"inLanguage\":\"en-US\"},{\"@type\":\"WebPage\",\"@id\":\"https:\\\/\\\/iacrianca.pt\\\/en\\\/2025\\\/01\\\/e-natal-na-e2o-de-marvila\\\/\",\"url\":\"https:\\\/\\\/iacrianca.pt\\\/en\\\/2025\\\/01\\\/e-natal-na-e2o-de-marvila\\\/\",\"name\":\"\u00c9 Natal na E2O de Marvila | Instituto de Apoio \u00e0 Crian\u00e7a\",\"isPartOf\":{\"@id\":\"https:\\\/\\\/iacrianca.pt\\\/en\\\/#website\"},\"primaryImageOfPage\":{\"@id\":\"https:\\\/\\\/iacrianca.pt\\\/en\\\/2025\\\/01\\\/e-natal-na-e2o-de-marvila\\\/#primaryimage\"},\"image\":{\"@id\":\"https:\\\/\\\/iacrianca.pt\\\/en\\\/2025\\\/01\\\/e-natal-na-e2o-de-marvila\\\/#primaryimage\"},\"thumbnailUrl\":\"https:\\\/\\\/iacrianca.pt\\\/wp-content\\\/uploads\\\/cef-e-natal-na-e2o-de-marvila-1-1.jpg\",\"datePublished\":\"2025-01-06T16:44:33+00:00\",\"dateModified\":\"2025-09-03T13:50:21+00:00\",\"breadcrumb\":{\"@id\":\"https:\\\/\\\/iacrianca.pt\\\/en\\\/2025\\\/01\\\/e-natal-na-e2o-de-marvila\\\/#breadcrumb\"},\"inLanguage\":\"en-US\",\"potentialAction\":[{\"@type\":\"ReadAction\",\"target\":[\"https:\\\/\\\/iacrianca.pt\\\/en\\\/2025\\\/01\\\/e-natal-na-e2o-de-marvila\\\/\"]}]},{\"@type\":\"ImageObject\",\"inLanguage\":\"en-US\",\"@id\":\"https:\\\/\\\/iacrianca.pt\\\/en\\\/2025\\\/01\\\/e-natal-na-e2o-de-marvila\\\/#primaryimage\",\"url\":\"https:\\\/\\\/iacrianca.pt\\\/wp-content\\\/uploads\\\/cef-e-natal-na-e2o-de-marvila-1-1.jpg\",\"contentUrl\":\"https:\\\/\\\/iacrianca.pt\\\/wp-content\\\/uploads\\\/cef-e-natal-na-e2o-de-marvila-1-1.jpg\",\"width\":2048,\"height\":884},{\"@type\":\"BreadcrumbList\",\"@id\":\"https:\\\/\\\/iacrianca.pt\\\/en\\\/2025\\\/01\\\/e-natal-na-e2o-de-marvila\\\/#breadcrumb\",\"itemListElement\":[{\"@type\":\"ListItem\",\"position\":1,\"name\":\"In\u00edcio\",\"item\":\"https:\\\/\\\/iacrianca.pt\\\/en\\\/\"},{\"@type\":\"ListItem\",\"position\":2,\"name\":\"\u00c9 Natal na E2O de Marvila\"}]},{\"@type\":\"WebSite\",\"@id\":\"https:\\\/\\\/iacrianca.pt\\\/en\\\/#website\",\"url\":\"https:\\\/\\\/iacrianca.pt\\\/en\\\/\",\"name\":\"Instituto de Apoio \u00e0 Crian\u00e7a\",\"description\":\"Desde 1983 na defesa e promo\u00e7\u00e3o dos direitos da crian\u00e7a\",\"publisher\":{\"@id\":\"https:\\\/\\\/iacrianca.pt\\\/en\\\/#organization\"},\"potentialAction\":[{\"@type\":\"SearchAction\",\"target\":{\"@type\":\"EntryPoint\",\"urlTemplate\":\"https:\\\/\\\/iacrianca.pt\\\/en\\\/?s={search_term_string}\"},\"query-input\":{\"@type\":\"PropertyValueSpecification\",\"valueRequired\":true,\"valueName\":\"search_term_string\"}}],\"inLanguage\":\"en-US\"},{\"@type\":\"Organization\",\"@id\":\"https:\\\/\\\/iacrianca.pt\\\/en\\\/#organization\",\"name\":\"Instituto de Apoio \u00e0 Crian\u00e7a\",\"url\":\"https:\\\/\\\/iacrianca.pt\\\/en\\\/\",\"logo\":{\"@type\":\"ImageObject\",\"inLanguage\":\"en-US\",\"@id\":\"https:\\\/\\\/iacrianca.pt\\\/en\\\/#\\\/schema\\\/logo\\\/image\\\/\",\"url\":\"https:\\\/\\\/iacrianca.pt\\\/wp-content\\\/uploads\\\/2020\\\/04\\\/logo-iac-SD.jpg\",\"contentUrl\":\"https:\\\/\\\/iacrianca.pt\\\/wp-content\\\/uploads\\\/2020\\\/04\\\/logo-iac-SD.jpg\",\"width\":152,\"height\":73,\"caption\":\"Instituto de Apoio \u00e0 Crian\u00e7a\"},\"image\":{\"@id\":\"https:\\\/\\\/iacrianca.pt\\\/en\\\/#\\\/schema\\\/logo\\\/image\\\/\"},\"sameAs\":[\"https:\\\/\\\/www.facebook.com\\\/iacinstitutodeapoioacrianca\",\"https:\\\/\\\/x.com\\\/iacapoiocrianca\",\"https:\\\/\\\/www.youtube.com\\\/channel\\\/UC0jjfZ_xkN_59gJf_RQ-ZnQ\",\"https:\\\/\\\/www.linkedin.com\\\/company\\\/instituto-de-apoio--criana\\\/\",\"https:\\\/\\\/www.instagram.com\\\/iacinstitutodeapoioacrianca\\\/\",\"https:\\\/\\\/criancasatortoeadireitos.wordpress.com\\\/\"]},{\"@type\":\"Person\",\"@id\":\"https:\\\/\\\/iacrianca.pt\\\/en\\\/#\\\/schema\\\/person\\\/1c48c6e4b70d0dc7360e4b28ceaa5f6b\",\"name\":\"Administra\u00e7\u00e3o IAC\",\"image\":{\"@type\":\"ImageObject\",\"inLanguage\":\"en-US\",\"@id\":\"https:\\\/\\\/secure.gravatar.com\\\/avatar\\\/60b998c71de37dcc1398fc6d48c6b5ed7533e3ceec837c948055f072e3158ff1?s=96&d=mm&r=g\",\"url\":\"https:\\\/\\\/secure.gravatar.com\\\/avatar\\\/60b998c71de37dcc1398fc6d48c6b5ed7533e3ceec837c948055f072e3158ff1?s=96&d=mm&r=g\",\"contentUrl\":\"https:\\\/\\\/secure.gravatar.com\\\/avatar\\\/60b998c71de37dcc1398fc6d48c6b5ed7533e3ceec837c948055f072e3158ff1?s=96&d=mm&r=g\",\"caption\":\"Administra\u00e7\u00e3o IAC\"}}]}<\/script>\n<!-- \/ Yoast SEO plugin. -->","yoast_head_json":{"title":"\u00c9 Natal na E2O de Marvila | Instituto de Apoio \u00e0 Crian\u00e7a","robots":{"index":"index","follow":"follow","max-snippet":"max-snippet:-1","max-image-preview":"max-image-preview:large","max-video-preview":"max-video-preview:-1"},"canonical":"https:\/\/iacrianca.pt\/en\/2025\/01\/e-natal-na-e2o-de-marvila\/","og_locale":"en_US","og_type":"article","og_title":"\u00c9 Natal na E2O de Marvila | Instituto de Apoio \u00e0 Crian\u00e7a","og_description":"O Natal \u00e9 uma \u00e9poca de encontros, de renovar a esperan\u00e7a e de acreditar num mundo melhor! As tradi\u00e7\u00f5es de Natal envolvem almo\u00e7os e jantares de fam\u00edlia e trocas de prendas.\u00a0\u00a0 No passado dia 13, os jovens da E2O do territ\u00f3rio de Marvila tiveram o seu almo\u00e7o de Natal que decorreu num clima tranquilo de&hellip;","og_url":"https:\/\/iacrianca.pt\/en\/2025\/01\/e-natal-na-e2o-de-marvila\/","og_site_name":"Instituto de Apoio \u00e0 Crian\u00e7a","article_publisher":"https:\/\/www.facebook.com\/iacinstitutodeapoioacrianca","article_published_time":"2025-01-06T16:44:33+00:00","article_modified_time":"2025-09-03T13:50:21+00:00","og_image":[{"width":2048,"height":884,"url":"https:\/\/iacrianca.pt\/wp-content\/uploads\/cef-e-natal-na-e2o-de-marvila-1-1.jpg","type":"image\/jpeg"}],"author":"Administra\u00e7\u00e3o IAC","twitter_card":"summary_large_image","twitter_creator":"@iacapoiocrianca","twitter_site":"@iacapoiocrianca","twitter_misc":{"Written by":"Administra\u00e7\u00e3o IAC","Est. reading time":"2 minutes"},"schema":{"@context":"https:\/\/schema.org","@graph":[{"@type":"Article","@id":"https:\/\/iacrianca.pt\/en\/2025\/01\/e-natal-na-e2o-de-marvila\/#article","isPartOf":{"@id":"https:\/\/iacrianca.pt\/en\/2025\/01\/e-natal-na-e2o-de-marvila\/"},"author":{"name":"Administra\u00e7\u00e3o IAC","@id":"https:\/\/iacrianca.pt\/en\/#\/schema\/person\/1c48c6e4b70d0dc7360e4b28ceaa5f6b"},"headline":"\u00c9 Natal na E2O de Marvila","datePublished":"2025-01-06T16:44:33+00:00","dateModified":"2025-09-03T13:50:21+00:00","mainEntityOfPage":{"@id":"https:\/\/iacrianca.pt\/en\/2025\/01\/e-natal-na-e2o-de-marvila\/"},"wordCount":200,"publisher":{"@id":"https:\/\/iacrianca.pt\/en\/#organization"},"image":{"@id":"https:\/\/iacrianca.pt\/en\/2025\/01\/e-natal-na-e2o-de-marvila\/#primaryimage"},"thumbnailUrl":"https:\/\/iacrianca.pt\/wp-content\/uploads\/cef-e-natal-na-e2o-de-marvila-1-1.jpg","articleSection":["Newsletter"],"inLanguage":"en-US"},{"@type":"WebPage","@id":"https:\/\/iacrianca.pt\/en\/2025\/01\/e-natal-na-e2o-de-marvila\/","url":"https:\/\/iacrianca.pt\/en\/2025\/01\/e-natal-na-e2o-de-marvila\/","name":"\u00c9 Natal na E2O de Marvila | Instituto de Apoio \u00e0 Crian\u00e7a","isPartOf":{"@id":"https:\/\/iacrianca.pt\/en\/#website"},"primaryImageOfPage":{"@id":"https:\/\/iacrianca.pt\/en\/2025\/01\/e-natal-na-e2o-de-marvila\/#primaryimage"},"image":{"@id":"https:\/\/iacrianca.pt\/en\/2025\/01\/e-natal-na-e2o-de-marvila\/#primaryimage"},"thumbnailUrl":"https:\/\/iacrianca.pt\/wp-content\/uploads\/cef-e-natal-na-e2o-de-marvila-1-1.jpg","datePublished":"2025-01-06T16:44:33+00:00","dateModified":"2025-09-03T13:50:21+00:00","breadcrumb":{"@id":"https:\/\/iacrianca.pt\/en\/2025\/01\/e-natal-na-e2o-de-marvila\/#breadcrumb"},"inLanguage":"en-US","potentialAction":[{"@type":"ReadAction","target":["https:\/\/iacrianca.pt\/en\/2025\/01\/e-natal-na-e2o-de-marvila\/"]}]},{"@type":"ImageObject","inLanguage":"en-US","@id":"https:\/\/iacrianca.pt\/en\/2025\/01\/e-natal-na-e2o-de-marvila\/#primaryimage","url":"https:\/\/iacrianca.pt\/wp-content\/uploads\/cef-e-natal-na-e2o-de-marvila-1-1.jpg","contentUrl":"https:\/\/iacrianca.pt\/wp-content\/uploads\/cef-e-natal-na-e2o-de-marvila-1-1.jpg","width":2048,"height":884},{"@type":"BreadcrumbList","@id":"https:\/\/iacrianca.pt\/en\/2025\/01\/e-natal-na-e2o-de-marvila\/#breadcrumb","itemListElement":[{"@type":"ListItem","position":1,"name":"In\u00edcio","item":"https:\/\/iacrianca.pt\/en\/"},{"@type":"ListItem","position":2,"name":"\u00c9 Natal na E2O de Marvila"}]},{"@type":"WebSite","@id":"https:\/\/iacrianca.pt\/en\/#website","url":"https:\/\/iacrianca.pt\/en\/","name":"Instituto de Apoio \u00e0 Crian\u00e7a","description":"Desde 1983 na defesa e promo\u00e7\u00e3o dos direitos da crian\u00e7a","publisher":{"@id":"https:\/\/iacrianca.pt\/en\/#organization"},"potentialAction":[{"@type":"SearchAction","target":{"@type":"EntryPoint","urlTemplate":"https:\/\/iacrianca.pt\/en\/?s={search_term_string}"},"query-input":{"@type":"PropertyValueSpecification","valueRequired":true,"valueName":"search_term_string"}}],"inLanguage":"en-US"},{"@type":"Organization","@id":"https:\/\/iacrianca.pt\/en\/#organization","name":"Instituto de Apoio \u00e0 Crian\u00e7a","url":"https:\/\/iacrianca.pt\/en\/","logo":{"@type":"ImageObject","inLanguage":"en-US","@id":"https:\/\/iacrianca.pt\/en\/#\/schema\/logo\/image\/","url":"https:\/\/iacrianca.pt\/wp-content\/uploads\/2020\/04\/logo-iac-SD.jpg","contentUrl":"https:\/\/iacrianca.pt\/wp-content\/uploads\/2020\/04\/logo-iac-SD.jpg","width":152,"height":73,"caption":"Instituto de Apoio \u00e0 Crian\u00e7a"},"image":{"@id":"https:\/\/iacrianca.pt\/en\/#\/schema\/logo\/image\/"},"sameAs":["https:\/\/www.facebook.com\/iacinstitutodeapoioacrianca","https:\/\/x.com\/iacapoiocrianca","https:\/\/www.youtube.com\/channel\/UC0jjfZ_xkN_59gJf_RQ-ZnQ","https:\/\/www.linkedin.com\/company\/instituto-de-apoio--criana\/","https:\/\/www.instagram.com\/iacinstitutodeapoioacrianca\/","https:\/\/criancasatortoeadireitos.wordpress.com\/"]},{"@type":"Person","@id":"https:\/\/iacrianca.pt\/en\/#\/schema\/person\/1c48c6e4b70d0dc7360e4b28ceaa5f6b","name":"Administra\u00e7\u00e3o IAC","image":{"@type":"ImageObject","inLanguage":"en-US","@id":"https:\/\/secure.gravatar.com\/avatar\/60b998c71de37dcc1398fc6d48c6b5ed7533e3ceec837c948055f072e3158ff1?s=96&d=mm&r=g","url":"https:\/\/secure.gravatar.com\/avatar\/60b998c71de37dcc1398fc6d48c6b5ed7533e3ceec837c948055f072e3158ff1?s=96&d=mm&r=g","contentUrl":"https:\/\/secure.gravatar.com\/avatar\/60b998c71de37dcc1398fc6d48c6b5ed7533e3ceec837c948055f072e3158ff1?s=96&d=mm&r=g","caption":"Administra\u00e7\u00e3o IAC"}}]}},"_links":{"self":[{"href":"https:\/\/iacrianca.pt\/en\/wp-json\/wp\/v2\/posts\/24311","targetHints":{"allow":["GET"]}}],"collection":[{"href":"https:\/\/iacrianca.pt\/en\/wp-json\/wp\/v2\/posts"}],"about":[{"href":"https:\/\/iacrianca.pt\/en\/wp-json\/wp\/v2\/types\/post"}],"author":[{"embeddable":true,"href":"https:\/\/iacrianca.pt\/en\/wp-json\/wp\/v2\/users\/2"}],"replies":[{"embeddable":true,"href":"https:\/\/iacrianca.pt\/en\/wp-json\/wp\/v2\/comments?post=24311"}],"version-history":[{"count":0,"href":"https:\/\/iacrianca.pt\/en\/wp-json\/wp\/v2\/posts\/24311\/revisions"}],"wp:featuredmedia":[{"embeddable":true,"href":"https:\/\/iacrianca.pt\/en\/wp-json\/wp\/v2\/media\/24316"}],"wp:attachment":[{"href":"https:\/\/iacrianca.pt\/en\/wp-json\/wp\/v2\/media?parent=24311"}],"wp:term":[{"taxonomy":"category","embeddable":true,"href":"https:\/\/iacrianca.pt\/en\/wp-json\/wp\/v2\/categories?post=24311"},{"taxonomy":"post_tag","embeddable":true,"href":"https:\/\/iacrianca.pt\/en\/wp-json\/wp\/v2\/tags?post=24311"}],"curies":[{"name":"wp","href":"https:\/\/api.w.org\/{rel}","templated":true}]}}