{"id":24498,"date":"2025-01-17T16:19:34","date_gmt":"2025-01-17T16:19:34","guid":{"rendered":"https:\/\/iacrianca.pt\/?p=24498"},"modified":"2025-01-17T16:33:56","modified_gmt":"2025-01-17T16:33:56","slug":"11a-edicao-do-premio-de-jornalismo-os-direitos-da-crianca-em-noticia","status":"publish","type":"post","link":"https:\/\/iacrianca.pt\/en\/2025\/01\/11a-edicao-do-premio-de-jornalismo-os-direitos-da-crianca-em-noticia\/","title":{"rendered":"11\u00aa Edi\u00e7\u00e3o do Pr\u00e9mio de Jornalismo Os Direitos da Crian\u00e7a em Not\u00edcia"},"content":{"rendered":"<p>Encontram-se abertas as candidaturas \u00e0 11\u00aa edi\u00e7\u00e3o do Pr\u00e9mio de Jornalismo \u201cOs Direitos da Crian\u00e7a em Not\u00edcia\u201d.<br \/>\nPodem concorrer trabalhos divulgados na Imprensa Nacional e Regional\/Online, R\u00e1dio e Televis\u00e3o, durante o ano de 2024, que tenham em conta a promo\u00e7\u00e3o e divulga\u00e7\u00e3o dos direitos da crian\u00e7a, numa perspetiva cr\u00edtica, pluralista e inclusiva, \u00e0 luz da Conven\u00e7\u00e3o sobre os Direitos da Crian\u00e7a.<\/p>\n<p>Este pr\u00e9mio \u00e9 promovido pelo F\u00f3rum sobre os Direitos das Crian\u00e7as e dos Jovens, do qual o Instituto de Apoio \u00e0 Crian\u00e7a \u00e9 membro desde a sua cria\u00e7\u00e3o em 2011, e tem o apoio da SPA- Sociedade Portuguesa de Autores.<\/p>\n<p>\u27a1\ufe0f As candidaturas decorrem at\u00e9 29 de fevereiro. Participe!<br \/>\nPara mais informa\u00e7\u00f5es consulte: https:\/\/www.cnpdpcj.gov.pt\/noticias?newsId=137115<\/p>\n","protected":false},"excerpt":{"rendered":"<p>Encontram-se abertas as candidaturas \u00e0 11\u00aa edi\u00e7\u00e3o do Pr\u00e9mio de Jornalismo \u201cOs Direitos da Crian\u00e7a em Not\u00edcia\u201d. Podem concorrer trabalhos divulgados na Imprensa Nacional e Regional\/Online, R\u00e1dio e Televis\u00e3o, durante o ano de 2024, que tenham em conta a promo\u00e7\u00e3o e divulga\u00e7\u00e3o dos direitos da crian\u00e7a, numa perspetiva cr\u00edtica, pluralista e inclusiva, \u00e0 luz da&hellip;<\/p>\n","protected":false},"author":2,"featured_media":24503,"comment_status":"open","ping_status":"open","sticky":false,"template":"","format":"standard","meta":{"_acf_changed":false,"footnotes":""},"categories":[1],"tags":[],"class_list":["post-24498","post","type-post","status-publish","format-standard","has-post-thumbnail","hentry","category-noticias","category-1","description-off"],"acf":[],"yoast_head":"<!-- This site is optimized with the Yoast SEO plugin v27.4 - https:\/\/yoast.com\/product\/yoast-seo-wordpress\/ -->\n<title>11\u00aa Edi\u00e7\u00e3o do Pr\u00e9mio de Jornalismo Os Direitos da Crian\u00e7a em Not\u00edcia | Instituto de Apoio \u00e0 Crian\u00e7a<\/title>\n<meta name=\"robots\" content=\"index, follow, max-snippet:-1, max-image-preview:large, max-video-preview:-1\" \/>\n<link rel=\"canonical\" href=\"https:\/\/iacrianca.pt\/en\/2025\/01\/11a-edicao-do-premio-de-jornalismo-os-direitos-da-crianca-em-noticia\/\" \/>\n<meta property=\"og:locale\" content=\"en_US\" \/>\n<meta property=\"og:type\" content=\"article\" \/>\n<meta property=\"og:title\" content=\"11\u00aa Edi\u00e7\u00e3o do Pr\u00e9mio de Jornalismo Os Direitos da Crian\u00e7a em Not\u00edcia | Instituto de Apoio \u00e0 Crian\u00e7a\" \/>\n<meta property=\"og:description\" content=\"Encontram-se abertas as candidaturas \u00e0 11\u00aa edi\u00e7\u00e3o do Pr\u00e9mio de Jornalismo \u201cOs Direitos da Crian\u00e7a em Not\u00edcia\u201d. Podem concorrer trabalhos divulgados na Imprensa Nacional e Regional\/Online, R\u00e1dio e Televis\u00e3o, durante o ano de 2024, que tenham em conta a promo\u00e7\u00e3o e divulga\u00e7\u00e3o dos direitos da crian\u00e7a, numa perspetiva cr\u00edtica, pluralista e inclusiva, \u00e0 luz da&hellip;\" \/>\n<meta property=\"og:url\" content=\"https:\/\/iacrianca.pt\/en\/2025\/01\/11a-edicao-do-premio-de-jornalismo-os-direitos-da-crianca-em-noticia\/\" \/>\n<meta property=\"og:site_name\" content=\"Instituto de Apoio \u00e0 Crian\u00e7a\" \/>\n<meta property=\"article:publisher\" content=\"https:\/\/www.facebook.com\/iacinstitutodeapoioacrianca\" \/>\n<meta property=\"article:published_time\" content=\"2025-01-17T16:19:34+00:00\" \/>\n<meta property=\"article:modified_time\" content=\"2025-01-17T16:33:56+00:00\" \/>\n<meta property=\"og:image\" content=\"https:\/\/iacrianca.pt\/wp-content\/uploads\/whatsapp-image-2025-01-17-at-161724.jpeg\" \/>\n\t<meta property=\"og:image:width\" content=\"1080\" \/>\n\t<meta property=\"og:image:height\" content=\"1080\" \/>\n\t<meta property=\"og:image:type\" content=\"image\/jpeg\" \/>\n<meta name=\"author\" content=\"Administra\u00e7\u00e3o IAC\" \/>\n<meta name=\"twitter:card\" content=\"summary_large_image\" \/>\n<meta name=\"twitter:creator\" content=\"@iacapoiocrianca\" \/>\n<meta name=\"twitter:site\" content=\"@iacapoiocrianca\" \/>\n<meta name=\"twitter:label1\" content=\"Written by\" \/>\n\t<meta name=\"twitter:data1\" content=\"Administra\u00e7\u00e3o IAC\" \/>\n\t<meta name=\"twitter:label2\" content=\"Est. reading time\" \/>\n\t<meta name=\"twitter:data2\" content=\"1 minute\" \/>\n<script type=\"application\/ld+json\" class=\"yoast-schema-graph\">{\"@context\":\"https:\\\/\\\/schema.org\",\"@graph\":[{\"@type\":\"Article\",\"@id\":\"https:\\\/\\\/iacrianca.pt\\\/en\\\/2025\\\/01\\\/11a-edicao-do-premio-de-jornalismo-os-direitos-da-crianca-em-noticia\\\/#article\",\"isPartOf\":{\"@id\":\"https:\\\/\\\/iacrianca.pt\\\/en\\\/2025\\\/01\\\/11a-edicao-do-premio-de-jornalismo-os-direitos-da-crianca-em-noticia\\\/\"},\"author\":{\"name\":\"Administra\u00e7\u00e3o IAC\",\"@id\":\"https:\\\/\\\/iacrianca.pt\\\/en\\\/#\\\/schema\\\/person\\\/1c48c6e4b70d0dc7360e4b28ceaa5f6b\"},\"headline\":\"11\u00aa Edi\u00e7\u00e3o do Pr\u00e9mio de Jornalismo Os Direitos da Crian\u00e7a em Not\u00edcia\",\"datePublished\":\"2025-01-17T16:19:34+00:00\",\"dateModified\":\"2025-01-17T16:33:56+00:00\",\"mainEntityOfPage\":{\"@id\":\"https:\\\/\\\/iacrianca.pt\\\/en\\\/2025\\\/01\\\/11a-edicao-do-premio-de-jornalismo-os-direitos-da-crianca-em-noticia\\\/\"},\"wordCount\":145,\"commentCount\":0,\"publisher\":{\"@id\":\"https:\\\/\\\/iacrianca.pt\\\/en\\\/#organization\"},\"image\":{\"@id\":\"https:\\\/\\\/iacrianca.pt\\\/en\\\/2025\\\/01\\\/11a-edicao-do-premio-de-jornalismo-os-direitos-da-crianca-em-noticia\\\/#primaryimage\"},\"thumbnailUrl\":\"https:\\\/\\\/iacrianca.pt\\\/wp-content\\\/uploads\\\/whatsapp-image-2025-01-17-at-161724.jpeg\",\"articleSection\":[\"Not\u00edcias\"],\"inLanguage\":\"en-US\",\"potentialAction\":[{\"@type\":\"CommentAction\",\"name\":\"Comment\",\"target\":[\"https:\\\/\\\/iacrianca.pt\\\/en\\\/2025\\\/01\\\/11a-edicao-do-premio-de-jornalismo-os-direitos-da-crianca-em-noticia\\\/#respond\"]}]},{\"@type\":\"WebPage\",\"@id\":\"https:\\\/\\\/iacrianca.pt\\\/en\\\/2025\\\/01\\\/11a-edicao-do-premio-de-jornalismo-os-direitos-da-crianca-em-noticia\\\/\",\"url\":\"https:\\\/\\\/iacrianca.pt\\\/en\\\/2025\\\/01\\\/11a-edicao-do-premio-de-jornalismo-os-direitos-da-crianca-em-noticia\\\/\",\"name\":\"11\u00aa Edi\u00e7\u00e3o do Pr\u00e9mio de Jornalismo Os Direitos da Crian\u00e7a em Not\u00edcia | Instituto de Apoio \u00e0 Crian\u00e7a\",\"isPartOf\":{\"@id\":\"https:\\\/\\\/iacrianca.pt\\\/en\\\/#website\"},\"primaryImageOfPage\":{\"@id\":\"https:\\\/\\\/iacrianca.pt\\\/en\\\/2025\\\/01\\\/11a-edicao-do-premio-de-jornalismo-os-direitos-da-crianca-em-noticia\\\/#primaryimage\"},\"image\":{\"@id\":\"https:\\\/\\\/iacrianca.pt\\\/en\\\/2025\\\/01\\\/11a-edicao-do-premio-de-jornalismo-os-direitos-da-crianca-em-noticia\\\/#primaryimage\"},\"thumbnailUrl\":\"https:\\\/\\\/iacrianca.pt\\\/wp-content\\\/uploads\\\/whatsapp-image-2025-01-17-at-161724.jpeg\",\"datePublished\":\"2025-01-17T16:19:34+00:00\",\"dateModified\":\"2025-01-17T16:33:56+00:00\",\"breadcrumb\":{\"@id\":\"https:\\\/\\\/iacrianca.pt\\\/en\\\/2025\\\/01\\\/11a-edicao-do-premio-de-jornalismo-os-direitos-da-crianca-em-noticia\\\/#breadcrumb\"},\"inLanguage\":\"en-US\",\"potentialAction\":[{\"@type\":\"ReadAction\",\"target\":[\"https:\\\/\\\/iacrianca.pt\\\/en\\\/2025\\\/01\\\/11a-edicao-do-premio-de-jornalismo-os-direitos-da-crianca-em-noticia\\\/\"]}]},{\"@type\":\"ImageObject\",\"inLanguage\":\"en-US\",\"@id\":\"https:\\\/\\\/iacrianca.pt\\\/en\\\/2025\\\/01\\\/11a-edicao-do-premio-de-jornalismo-os-direitos-da-crianca-em-noticia\\\/#primaryimage\",\"url\":\"https:\\\/\\\/iacrianca.pt\\\/wp-content\\\/uploads\\\/whatsapp-image-2025-01-17-at-161724.jpeg\",\"contentUrl\":\"https:\\\/\\\/iacrianca.pt\\\/wp-content\\\/uploads\\\/whatsapp-image-2025-01-17-at-161724.jpeg\",\"width\":1080,\"height\":1080},{\"@type\":\"BreadcrumbList\",\"@id\":\"https:\\\/\\\/iacrianca.pt\\\/en\\\/2025\\\/01\\\/11a-edicao-do-premio-de-jornalismo-os-direitos-da-crianca-em-noticia\\\/#breadcrumb\",\"itemListElement\":[{\"@type\":\"ListItem\",\"position\":1,\"name\":\"In\u00edcio\",\"item\":\"https:\\\/\\\/iacrianca.pt\\\/en\\\/\"},{\"@type\":\"ListItem\",\"position\":2,\"name\":\"11\u00aa Edi\u00e7\u00e3o do Pr\u00e9mio de Jornalismo Os Direitos da Crian\u00e7a em Not\u00edcia\"}]},{\"@type\":\"WebSite\",\"@id\":\"https:\\\/\\\/iacrianca.pt\\\/en\\\/#website\",\"url\":\"https:\\\/\\\/iacrianca.pt\\\/en\\\/\",\"name\":\"Instituto de Apoio \u00e0 Crian\u00e7a\",\"description\":\"Desde 1983 na defesa e promo\u00e7\u00e3o dos direitos da crian\u00e7a\",\"publisher\":{\"@id\":\"https:\\\/\\\/iacrianca.pt\\\/en\\\/#organization\"},\"potentialAction\":[{\"@type\":\"SearchAction\",\"target\":{\"@type\":\"EntryPoint\",\"urlTemplate\":\"https:\\\/\\\/iacrianca.pt\\\/en\\\/?s={search_term_string}\"},\"query-input\":{\"@type\":\"PropertyValueSpecification\",\"valueRequired\":true,\"valueName\":\"search_term_string\"}}],\"inLanguage\":\"en-US\"},{\"@type\":\"Organization\",\"@id\":\"https:\\\/\\\/iacrianca.pt\\\/en\\\/#organization\",\"name\":\"Instituto de Apoio \u00e0 Crian\u00e7a\",\"url\":\"https:\\\/\\\/iacrianca.pt\\\/en\\\/\",\"logo\":{\"@type\":\"ImageObject\",\"inLanguage\":\"en-US\",\"@id\":\"https:\\\/\\\/iacrianca.pt\\\/en\\\/#\\\/schema\\\/logo\\\/image\\\/\",\"url\":\"https:\\\/\\\/iacrianca.pt\\\/wp-content\\\/uploads\\\/2020\\\/04\\\/logo-iac-SD.jpg\",\"contentUrl\":\"https:\\\/\\\/iacrianca.pt\\\/wp-content\\\/uploads\\\/2020\\\/04\\\/logo-iac-SD.jpg\",\"width\":152,\"height\":73,\"caption\":\"Instituto de Apoio \u00e0 Crian\u00e7a\"},\"image\":{\"@id\":\"https:\\\/\\\/iacrianca.pt\\\/en\\\/#\\\/schema\\\/logo\\\/image\\\/\"},\"sameAs\":[\"https:\\\/\\\/www.facebook.com\\\/iacinstitutodeapoioacrianca\",\"https:\\\/\\\/x.com\\\/iacapoiocrianca\",\"https:\\\/\\\/www.youtube.com\\\/channel\\\/UC0jjfZ_xkN_59gJf_RQ-ZnQ\",\"https:\\\/\\\/www.linkedin.com\\\/company\\\/instituto-de-apoio--criana\\\/\",\"https:\\\/\\\/www.instagram.com\\\/iacinstitutodeapoioacrianca\\\/\",\"https:\\\/\\\/criancasatortoeadireitos.wordpress.com\\\/\"]},{\"@type\":\"Person\",\"@id\":\"https:\\\/\\\/iacrianca.pt\\\/en\\\/#\\\/schema\\\/person\\\/1c48c6e4b70d0dc7360e4b28ceaa5f6b\",\"name\":\"Administra\u00e7\u00e3o IAC\",\"image\":{\"@type\":\"ImageObject\",\"inLanguage\":\"en-US\",\"@id\":\"https:\\\/\\\/secure.gravatar.com\\\/avatar\\\/60b998c71de37dcc1398fc6d48c6b5ed7533e3ceec837c948055f072e3158ff1?s=96&d=mm&r=g\",\"url\":\"https:\\\/\\\/secure.gravatar.com\\\/avatar\\\/60b998c71de37dcc1398fc6d48c6b5ed7533e3ceec837c948055f072e3158ff1?s=96&d=mm&r=g\",\"contentUrl\":\"https:\\\/\\\/secure.gravatar.com\\\/avatar\\\/60b998c71de37dcc1398fc6d48c6b5ed7533e3ceec837c948055f072e3158ff1?s=96&d=mm&r=g\",\"caption\":\"Administra\u00e7\u00e3o IAC\"}}]}<\/script>\n<!-- \/ Yoast SEO plugin. -->","yoast_head_json":{"title":"11\u00aa Edi\u00e7\u00e3o do Pr\u00e9mio de Jornalismo Os Direitos da Crian\u00e7a em Not\u00edcia | Instituto de Apoio \u00e0 Crian\u00e7a","robots":{"index":"index","follow":"follow","max-snippet":"max-snippet:-1","max-image-preview":"max-image-preview:large","max-video-preview":"max-video-preview:-1"},"canonical":"https:\/\/iacrianca.pt\/en\/2025\/01\/11a-edicao-do-premio-de-jornalismo-os-direitos-da-crianca-em-noticia\/","og_locale":"en_US","og_type":"article","og_title":"11\u00aa Edi\u00e7\u00e3o do Pr\u00e9mio de Jornalismo Os Direitos da Crian\u00e7a em Not\u00edcia | Instituto de Apoio \u00e0 Crian\u00e7a","og_description":"Encontram-se abertas as candidaturas \u00e0 11\u00aa edi\u00e7\u00e3o do Pr\u00e9mio de Jornalismo \u201cOs Direitos da Crian\u00e7a em Not\u00edcia\u201d. Podem concorrer trabalhos divulgados na Imprensa Nacional e Regional\/Online, R\u00e1dio e Televis\u00e3o, durante o ano de 2024, que tenham em conta a promo\u00e7\u00e3o e divulga\u00e7\u00e3o dos direitos da crian\u00e7a, numa perspetiva cr\u00edtica, pluralista e inclusiva, \u00e0 luz da&hellip;","og_url":"https:\/\/iacrianca.pt\/en\/2025\/01\/11a-edicao-do-premio-de-jornalismo-os-direitos-da-crianca-em-noticia\/","og_site_name":"Instituto de Apoio \u00e0 Crian\u00e7a","article_publisher":"https:\/\/www.facebook.com\/iacinstitutodeapoioacrianca","article_published_time":"2025-01-17T16:19:34+00:00","article_modified_time":"2025-01-17T16:33:56+00:00","og_image":[{"width":1080,"height":1080,"url":"https:\/\/iacrianca.pt\/wp-content\/uploads\/whatsapp-image-2025-01-17-at-161724.jpeg","type":"image\/jpeg"}],"author":"Administra\u00e7\u00e3o IAC","twitter_card":"summary_large_image","twitter_creator":"@iacapoiocrianca","twitter_site":"@iacapoiocrianca","twitter_misc":{"Written by":"Administra\u00e7\u00e3o IAC","Est. reading time":"1 minute"},"schema":{"@context":"https:\/\/schema.org","@graph":[{"@type":"Article","@id":"https:\/\/iacrianca.pt\/en\/2025\/01\/11a-edicao-do-premio-de-jornalismo-os-direitos-da-crianca-em-noticia\/#article","isPartOf":{"@id":"https:\/\/iacrianca.pt\/en\/2025\/01\/11a-edicao-do-premio-de-jornalismo-os-direitos-da-crianca-em-noticia\/"},"author":{"name":"Administra\u00e7\u00e3o IAC","@id":"https:\/\/iacrianca.pt\/en\/#\/schema\/person\/1c48c6e4b70d0dc7360e4b28ceaa5f6b"},"headline":"11\u00aa Edi\u00e7\u00e3o do Pr\u00e9mio de Jornalismo Os Direitos da Crian\u00e7a em Not\u00edcia","datePublished":"2025-01-17T16:19:34+00:00","dateModified":"2025-01-17T16:33:56+00:00","mainEntityOfPage":{"@id":"https:\/\/iacrianca.pt\/en\/2025\/01\/11a-edicao-do-premio-de-jornalismo-os-direitos-da-crianca-em-noticia\/"},"wordCount":145,"commentCount":0,"publisher":{"@id":"https:\/\/iacrianca.pt\/en\/#organization"},"image":{"@id":"https:\/\/iacrianca.pt\/en\/2025\/01\/11a-edicao-do-premio-de-jornalismo-os-direitos-da-crianca-em-noticia\/#primaryimage"},"thumbnailUrl":"https:\/\/iacrianca.pt\/wp-content\/uploads\/whatsapp-image-2025-01-17-at-161724.jpeg","articleSection":["Not\u00edcias"],"inLanguage":"en-US","potentialAction":[{"@type":"CommentAction","name":"Comment","target":["https:\/\/iacrianca.pt\/en\/2025\/01\/11a-edicao-do-premio-de-jornalismo-os-direitos-da-crianca-em-noticia\/#respond"]}]},{"@type":"WebPage","@id":"https:\/\/iacrianca.pt\/en\/2025\/01\/11a-edicao-do-premio-de-jornalismo-os-direitos-da-crianca-em-noticia\/","url":"https:\/\/iacrianca.pt\/en\/2025\/01\/11a-edicao-do-premio-de-jornalismo-os-direitos-da-crianca-em-noticia\/","name":"11\u00aa Edi\u00e7\u00e3o do Pr\u00e9mio de Jornalismo Os Direitos da Crian\u00e7a em Not\u00edcia | Instituto de Apoio \u00e0 Crian\u00e7a","isPartOf":{"@id":"https:\/\/iacrianca.pt\/en\/#website"},"primaryImageOfPage":{"@id":"https:\/\/iacrianca.pt\/en\/2025\/01\/11a-edicao-do-premio-de-jornalismo-os-direitos-da-crianca-em-noticia\/#primaryimage"},"image":{"@id":"https:\/\/iacrianca.pt\/en\/2025\/01\/11a-edicao-do-premio-de-jornalismo-os-direitos-da-crianca-em-noticia\/#primaryimage"},"thumbnailUrl":"https:\/\/iacrianca.pt\/wp-content\/uploads\/whatsapp-image-2025-01-17-at-161724.jpeg","datePublished":"2025-01-17T16:19:34+00:00","dateModified":"2025-01-17T16:33:56+00:00","breadcrumb":{"@id":"https:\/\/iacrianca.pt\/en\/2025\/01\/11a-edicao-do-premio-de-jornalismo-os-direitos-da-crianca-em-noticia\/#breadcrumb"},"inLanguage":"en-US","potentialAction":[{"@type":"ReadAction","target":["https:\/\/iacrianca.pt\/en\/2025\/01\/11a-edicao-do-premio-de-jornalismo-os-direitos-da-crianca-em-noticia\/"]}]},{"@type":"ImageObject","inLanguage":"en-US","@id":"https:\/\/iacrianca.pt\/en\/2025\/01\/11a-edicao-do-premio-de-jornalismo-os-direitos-da-crianca-em-noticia\/#primaryimage","url":"https:\/\/iacrianca.pt\/wp-content\/uploads\/whatsapp-image-2025-01-17-at-161724.jpeg","contentUrl":"https:\/\/iacrianca.pt\/wp-content\/uploads\/whatsapp-image-2025-01-17-at-161724.jpeg","width":1080,"height":1080},{"@type":"BreadcrumbList","@id":"https:\/\/iacrianca.pt\/en\/2025\/01\/11a-edicao-do-premio-de-jornalismo-os-direitos-da-crianca-em-noticia\/#breadcrumb","itemListElement":[{"@type":"ListItem","position":1,"name":"In\u00edcio","item":"https:\/\/iacrianca.pt\/en\/"},{"@type":"ListItem","position":2,"name":"11\u00aa Edi\u00e7\u00e3o do Pr\u00e9mio de Jornalismo Os Direitos da Crian\u00e7a em Not\u00edcia"}]},{"@type":"WebSite","@id":"https:\/\/iacrianca.pt\/en\/#website","url":"https:\/\/iacrianca.pt\/en\/","name":"Instituto de Apoio \u00e0 Crian\u00e7a","description":"Desde 1983 na defesa e promo\u00e7\u00e3o dos direitos da crian\u00e7a","publisher":{"@id":"https:\/\/iacrianca.pt\/en\/#organization"},"potentialAction":[{"@type":"SearchAction","target":{"@type":"EntryPoint","urlTemplate":"https:\/\/iacrianca.pt\/en\/?s={search_term_string}"},"query-input":{"@type":"PropertyValueSpecification","valueRequired":true,"valueName":"search_term_string"}}],"inLanguage":"en-US"},{"@type":"Organization","@id":"https:\/\/iacrianca.pt\/en\/#organization","name":"Instituto de Apoio \u00e0 Crian\u00e7a","url":"https:\/\/iacrianca.pt\/en\/","logo":{"@type":"ImageObject","inLanguage":"en-US","@id":"https:\/\/iacrianca.pt\/en\/#\/schema\/logo\/image\/","url":"https:\/\/iacrianca.pt\/wp-content\/uploads\/2020\/04\/logo-iac-SD.jpg","contentUrl":"https:\/\/iacrianca.pt\/wp-content\/uploads\/2020\/04\/logo-iac-SD.jpg","width":152,"height":73,"caption":"Instituto de Apoio \u00e0 Crian\u00e7a"},"image":{"@id":"https:\/\/iacrianca.pt\/en\/#\/schema\/logo\/image\/"},"sameAs":["https:\/\/www.facebook.com\/iacinstitutodeapoioacrianca","https:\/\/x.com\/iacapoiocrianca","https:\/\/www.youtube.com\/channel\/UC0jjfZ_xkN_59gJf_RQ-ZnQ","https:\/\/www.linkedin.com\/company\/instituto-de-apoio--criana\/","https:\/\/www.instagram.com\/iacinstitutodeapoioacrianca\/","https:\/\/criancasatortoeadireitos.wordpress.com\/"]},{"@type":"Person","@id":"https:\/\/iacrianca.pt\/en\/#\/schema\/person\/1c48c6e4b70d0dc7360e4b28ceaa5f6b","name":"Administra\u00e7\u00e3o IAC","image":{"@type":"ImageObject","inLanguage":"en-US","@id":"https:\/\/secure.gravatar.com\/avatar\/60b998c71de37dcc1398fc6d48c6b5ed7533e3ceec837c948055f072e3158ff1?s=96&d=mm&r=g","url":"https:\/\/secure.gravatar.com\/avatar\/60b998c71de37dcc1398fc6d48c6b5ed7533e3ceec837c948055f072e3158ff1?s=96&d=mm&r=g","contentUrl":"https:\/\/secure.gravatar.com\/avatar\/60b998c71de37dcc1398fc6d48c6b5ed7533e3ceec837c948055f072e3158ff1?s=96&d=mm&r=g","caption":"Administra\u00e7\u00e3o IAC"}}]}},"_links":{"self":[{"href":"https:\/\/iacrianca.pt\/en\/wp-json\/wp\/v2\/posts\/24498","targetHints":{"allow":["GET"]}}],"collection":[{"href":"https:\/\/iacrianca.pt\/en\/wp-json\/wp\/v2\/posts"}],"about":[{"href":"https:\/\/iacrianca.pt\/en\/wp-json\/wp\/v2\/types\/post"}],"author":[{"embeddable":true,"href":"https:\/\/iacrianca.pt\/en\/wp-json\/wp\/v2\/users\/2"}],"replies":[{"embeddable":true,"href":"https:\/\/iacrianca.pt\/en\/wp-json\/wp\/v2\/comments?post=24498"}],"version-history":[{"count":0,"href":"https:\/\/iacrianca.pt\/en\/wp-json\/wp\/v2\/posts\/24498\/revisions"}],"wp:featuredmedia":[{"embeddable":true,"href":"https:\/\/iacrianca.pt\/en\/wp-json\/wp\/v2\/media\/24503"}],"wp:attachment":[{"href":"https:\/\/iacrianca.pt\/en\/wp-json\/wp\/v2\/media?parent=24498"}],"wp:term":[{"taxonomy":"category","embeddable":true,"href":"https:\/\/iacrianca.pt\/en\/wp-json\/wp\/v2\/categories?post=24498"},{"taxonomy":"post_tag","embeddable":true,"href":"https:\/\/iacrianca.pt\/en\/wp-json\/wp\/v2\/tags?post=24498"}],"curies":[{"name":"wp","href":"https:\/\/api.w.org\/{rel}","templated":true}]}}