{"id":24545,"date":"2025-01-24T23:18:15","date_gmt":"2025-01-24T23:18:15","guid":{"rendered":"https:\/\/iacrianca.pt\/?p=24545"},"modified":"2025-01-24T23:31:00","modified_gmt":"2025-01-24T23:31:00","slug":"semana-convivencia-escolar-2025","status":"publish","type":"post","link":"https:\/\/iacrianca.pt\/en\/2025\/01\/semana-convivencia-escolar-2025\/","title":{"rendered":"Semana da Conviv\u00eancia Escolar 2025: Promover Ambientes Seguros e Saud\u00e1veis nas Escolas Portuguesas"},"content":{"rendered":"<div class=\"x_elementToProof\"><span data-olk-copy-source=\"MessageBody\">De 27 a 31 de janeiro, vai decorrer a Semana da Conviv\u00eancia Escolar, com o objetivo de\u00a0<\/span>sensibilizar a comunidade escolar para a import\u00e2ncia de promover um ambiente saud\u00e1vel, seguro e inclusivo nas escolas. Durante esta semana, ser\u00e3o realizadas diversas atividades que procuram refletir sobre boas pr\u00e1ticas de conviv\u00eancia e o papel da educa\u00e7\u00e3o na constru\u00e7\u00e3o de um espa\u00e7o escolar mais seguro e saud\u00e1vel.<\/div>\n<div class=\"x_elementToProof\">Esta iniciativa insere-se no \u00e2mbito do Observat\u00f3rio da Conviv\u00eancia Escolar, criado em conjunto pela Federa\u00e7\u00e3o Nacional da Educa\u00e7\u00e3o (FNE), a Confedera\u00e7\u00e3o Nacional das Associa\u00e7\u00f5es de Pais (CONFAP), a Associa\u00e7\u00e3o Nacional de Diretores de Agrupamentos e Escolas P\u00fablicas (ANDAEP), a Associa\u00e7\u00e3o para a Forma\u00e7\u00e3o e Investiga\u00e7\u00e3o em Educa\u00e7\u00e3o e Trabalho (AFIET), a Ordem dos Psic\u00f3logos Portugueses e o Instituto de Apoio \u00e0 Crian\u00e7a (IAC), e que tem como objetivo monitorizar e melhorar a qualidade da conviv\u00eancia nas escolas em todo o pa\u00eds.<\/div>\n<div class=\"x_elementToProof\">Atrav\u00e9s do Observat\u00f3rio, \u00e9 poss\u00edvel tamb\u00e9m registar boas pr\u00e1ticas e relatar incidentes relacionados com a conviv\u00eancia escolar, contribuindo para a cria\u00e7\u00e3o de pol\u00edticas educativas mais eficazes na preven\u00e7\u00e3o da viol\u00eancia e no apoio a alunos, educadores e fam\u00edlias. O projeto procura, assim, fomentar uma \u201ctoler\u00e2ncia zero\u201d \u00e0 indisciplina e \u00e0 viol\u00eancia nas escolas, assegurando que todos os alunos tenham um espa\u00e7o onde se sintam seguros e respeitados.<\/div>\n<div>A Semana da Conviv\u00eancia Escolar \u00e9 um passo importante na constru\u00e7\u00e3o de uma escola onde o respeito, a empatia e a colabora\u00e7\u00e3o sejam os pilares da conviv\u00eancia entre todos os membros da comunidade educativa.<\/div>\n<div><\/div>\n<div>Veja programa completo <a href=\"https:\/\/iacrianca.pt\/wp-content\/uploads\/cartaz-semana-convivencia-escolar-2025-final.pdf\">aqui<\/a>.<\/div>\n<div>Inscri\u00e7\u00f5es:<\/div>\n<div>Dia 28 &#8211; <a href=\"https:\/\/us02web.zoom.us\/webinar\/register\/WN_JeB1IJRMS1apVXKc9Fr0eQ#\/registration\">Webinar &#8220;A IA e os riscos de viol\u00eancia nos espa\u00e7os digitais&#8221;\u00a0<\/a><\/div>\n<div>\n<div>De 28 a 31 &#8211;\u00a0<a href=\"https:\/\/todospintamoscontraobullying.com\/\">Sess\u00f5es de Sensibiliza\u00e7\u00e3o &#8220;Todos Pintamos contra o Bullying&#8221;<\/a><\/div>\n<div>Dia 29 &#8211;\u00a0<a href=\"https:\/\/docs.google.com\/forms\/d\/e\/1FAIpQLSctIKjPBAu0PbLEKES-2HToJFKxQAxSY4GGyFp9Eak8uSZjyA\/viewform\">Webinar &#8220;Faz-te ouvir! Uma abordagem \u00e0 preven\u00e7\u00e3o e combate ao bullying escolar&#8221;<\/a><\/div>\n<div class=\"x_elementToProof\">Dia 30 &#8211;\u00a0<a href=\"https:\/\/forms.gle\/3FSar1eJPQFmRJbm7\">Confer\u00eancia &#8220;Conviv\u00eancia Escolar&#8221; <\/a><\/div>\n<p>Dia 31 &#8211; <a href=\"https:\/\/docs.google.com\/forms\/d\/e\/1FAIpQLSfyTAw6jtaTp37ojAAxJDOJAt16IMlZ2rF0yrtMaT8M52FhaQ\/viewform\">Semin\u00e1rio &#8220;Na escola aprender a conviver&#8221;<\/a><\/div>\n<div><\/div>\n<div class=\"x_elementToProof\">Mais informa\u00e7\u00f5es sobre a Semana da Conviv\u00eancia Escolar 2025 em\u00a0<a id=\"LPlnk921944\" title=\"https:\/\/fne.pt\/pt\/noticias\/go\/acontece-observatorio-da-convivencia-escolar-promove-semana-da-convivencia-escolar\" href=\"https:\/\/fne.pt\/pt\/noticias\/go\/acontece-observatorio-da-convivencia-escolar-promove-semana-da-convivencia-escolar\" target=\"_blank\" rel=\"noopener noreferrer\" data-auth=\"NotApplicable\" data-linkindex=\"0\">https:\/\/fne.pt\/pt\/noticias\/go\/acontece-observatorio-da-convivencia-escolar-promove-semana-da-convivencia-escolar<\/a><\/div>\n<div>\n<div><\/div>\n<\/div>\n<div class=\"x_elementToProof\">Mais sobre o Observat\u00f3rio da Conviv\u00eancia Escolar:\u00a0<a id=\"LPlnk\" title=\"https:\/\/convivenciaescolar.pt\/\" href=\"https:\/\/convivenciaescolar.pt\/\" target=\"_blank\" rel=\"noopener noreferrer\" data-auth=\"NotApplicable\" data-linkindex=\"1\">https:\/\/convivenciaescolar.pt\/<\/a><\/div>\n<div><\/div>\n","protected":false},"excerpt":{"rendered":"<p>De 27 a 31 de janeiro, vai decorrer a Semana da Conviv\u00eancia Escolar, com o objetivo de\u00a0sensibilizar a comunidade escolar para a import\u00e2ncia de promover um ambiente saud\u00e1vel, seguro e inclusivo nas escolas. Durante esta semana, ser\u00e3o realizadas diversas atividades que procuram refletir sobre boas pr\u00e1ticas de conviv\u00eancia e o papel da educa\u00e7\u00e3o na constru\u00e7\u00e3o&hellip;<\/p>\n","protected":false},"author":2,"featured_media":24546,"comment_status":"open","ping_status":"open","sticky":false,"template":"","format":"standard","meta":{"_acf_changed":false,"footnotes":""},"categories":[1],"tags":[],"class_list":["post-24545","post","type-post","status-publish","format-standard","has-post-thumbnail","hentry","category-noticias","category-1","description-off"],"acf":[],"yoast_head":"<!-- This site is optimized with the Yoast SEO plugin v27.5 - https:\/\/yoast.com\/product\/yoast-seo-wordpress\/ -->\n<title>Semana da Conviv\u00eancia Escolar 2025: Promover Ambientes Seguros e Saud\u00e1veis nas Escolas Portuguesas | Instituto de Apoio \u00e0 Crian\u00e7a<\/title>\n<meta name=\"robots\" content=\"index, follow, max-snippet:-1, max-image-preview:large, max-video-preview:-1\" \/>\n<link rel=\"canonical\" href=\"https:\/\/iacrianca.pt\/en\/2025\/01\/semana-convivencia-escolar-2025\/\" \/>\n<meta property=\"og:locale\" content=\"en_US\" \/>\n<meta property=\"og:type\" content=\"article\" \/>\n<meta property=\"og:title\" content=\"Semana da Conviv\u00eancia Escolar 2025: Promover Ambientes Seguros e Saud\u00e1veis nas Escolas Portuguesas | Instituto de Apoio \u00e0 Crian\u00e7a\" \/>\n<meta property=\"og:description\" content=\"De 27 a 31 de janeiro, vai decorrer a Semana da Conviv\u00eancia Escolar, com o objetivo de\u00a0sensibilizar a comunidade escolar para a import\u00e2ncia de promover um ambiente saud\u00e1vel, seguro e inclusivo nas escolas. Durante esta semana, ser\u00e3o realizadas diversas atividades que procuram refletir sobre boas pr\u00e1ticas de conviv\u00eancia e o papel da educa\u00e7\u00e3o na constru\u00e7\u00e3o&hellip;\" \/>\n<meta property=\"og:url\" content=\"https:\/\/iacrianca.pt\/en\/2025\/01\/semana-convivencia-escolar-2025\/\" \/>\n<meta property=\"og:site_name\" content=\"Instituto de Apoio \u00e0 Crian\u00e7a\" \/>\n<meta property=\"article:publisher\" content=\"https:\/\/www.facebook.com\/iacinstitutodeapoioacrianca\" \/>\n<meta property=\"article:published_time\" content=\"2025-01-24T23:18:15+00:00\" \/>\n<meta property=\"article:modified_time\" content=\"2025-01-24T23:31:00+00:00\" \/>\n<meta property=\"og:image\" content=\"https:\/\/iacrianca.pt\/wp-content\/uploads\/imagem-feed.jpg\" \/>\n\t<meta property=\"og:image:width\" content=\"2362\" \/>\n\t<meta property=\"og:image:height\" content=\"2362\" \/>\n\t<meta property=\"og:image:type\" content=\"image\/jpeg\" \/>\n<meta name=\"author\" content=\"Administra\u00e7\u00e3o IAC\" \/>\n<meta name=\"twitter:card\" content=\"summary_large_image\" \/>\n<meta name=\"twitter:creator\" content=\"@iacapoiocrianca\" \/>\n<meta name=\"twitter:site\" content=\"@iacapoiocrianca\" \/>\n<meta name=\"twitter:label1\" content=\"Written by\" \/>\n\t<meta name=\"twitter:data1\" content=\"Administra\u00e7\u00e3o IAC\" \/>\n\t<meta name=\"twitter:label2\" content=\"Est. reading time\" \/>\n\t<meta name=\"twitter:data2\" content=\"2 minutes\" \/>\n<script type=\"application\/ld+json\" class=\"yoast-schema-graph\">{\"@context\":\"https:\\\/\\\/schema.org\",\"@graph\":[{\"@type\":\"Article\",\"@id\":\"https:\\\/\\\/iacrianca.pt\\\/en\\\/2025\\\/01\\\/semana-convivencia-escolar-2025\\\/#article\",\"isPartOf\":{\"@id\":\"https:\\\/\\\/iacrianca.pt\\\/en\\\/2025\\\/01\\\/semana-convivencia-escolar-2025\\\/\"},\"author\":{\"name\":\"Administra\u00e7\u00e3o IAC\",\"@id\":\"https:\\\/\\\/iacrianca.pt\\\/en\\\/#\\\/schema\\\/person\\\/1c48c6e4b70d0dc7360e4b28ceaa5f6b\"},\"headline\":\"Semana da Conviv\u00eancia Escolar 2025: Promover Ambientes Seguros e Saud\u00e1veis nas Escolas Portuguesas\",\"datePublished\":\"2025-01-24T23:18:15+00:00\",\"dateModified\":\"2025-01-24T23:31:00+00:00\",\"mainEntityOfPage\":{\"@id\":\"https:\\\/\\\/iacrianca.pt\\\/en\\\/2025\\\/01\\\/semana-convivencia-escolar-2025\\\/\"},\"wordCount\":391,\"commentCount\":0,\"publisher\":{\"@id\":\"https:\\\/\\\/iacrianca.pt\\\/en\\\/#organization\"},\"image\":{\"@id\":\"https:\\\/\\\/iacrianca.pt\\\/en\\\/2025\\\/01\\\/semana-convivencia-escolar-2025\\\/#primaryimage\"},\"thumbnailUrl\":\"https:\\\/\\\/iacrianca.pt\\\/wp-content\\\/uploads\\\/imagem-feed.jpg\",\"articleSection\":[\"Not\u00edcias\"],\"inLanguage\":\"en-US\",\"potentialAction\":[{\"@type\":\"CommentAction\",\"name\":\"Comment\",\"target\":[\"https:\\\/\\\/iacrianca.pt\\\/en\\\/2025\\\/01\\\/semana-convivencia-escolar-2025\\\/#respond\"]}]},{\"@type\":\"WebPage\",\"@id\":\"https:\\\/\\\/iacrianca.pt\\\/en\\\/2025\\\/01\\\/semana-convivencia-escolar-2025\\\/\",\"url\":\"https:\\\/\\\/iacrianca.pt\\\/en\\\/2025\\\/01\\\/semana-convivencia-escolar-2025\\\/\",\"name\":\"Semana da Conviv\u00eancia Escolar 2025: Promover Ambientes Seguros e Saud\u00e1veis nas Escolas Portuguesas | Instituto de Apoio \u00e0 Crian\u00e7a\",\"isPartOf\":{\"@id\":\"https:\\\/\\\/iacrianca.pt\\\/en\\\/#website\"},\"primaryImageOfPage\":{\"@id\":\"https:\\\/\\\/iacrianca.pt\\\/en\\\/2025\\\/01\\\/semana-convivencia-escolar-2025\\\/#primaryimage\"},\"image\":{\"@id\":\"https:\\\/\\\/iacrianca.pt\\\/en\\\/2025\\\/01\\\/semana-convivencia-escolar-2025\\\/#primaryimage\"},\"thumbnailUrl\":\"https:\\\/\\\/iacrianca.pt\\\/wp-content\\\/uploads\\\/imagem-feed.jpg\",\"datePublished\":\"2025-01-24T23:18:15+00:00\",\"dateModified\":\"2025-01-24T23:31:00+00:00\",\"breadcrumb\":{\"@id\":\"https:\\\/\\\/iacrianca.pt\\\/en\\\/2025\\\/01\\\/semana-convivencia-escolar-2025\\\/#breadcrumb\"},\"inLanguage\":\"en-US\",\"potentialAction\":[{\"@type\":\"ReadAction\",\"target\":[\"https:\\\/\\\/iacrianca.pt\\\/en\\\/2025\\\/01\\\/semana-convivencia-escolar-2025\\\/\"]}]},{\"@type\":\"ImageObject\",\"inLanguage\":\"en-US\",\"@id\":\"https:\\\/\\\/iacrianca.pt\\\/en\\\/2025\\\/01\\\/semana-convivencia-escolar-2025\\\/#primaryimage\",\"url\":\"https:\\\/\\\/iacrianca.pt\\\/wp-content\\\/uploads\\\/imagem-feed.jpg\",\"contentUrl\":\"https:\\\/\\\/iacrianca.pt\\\/wp-content\\\/uploads\\\/imagem-feed.jpg\",\"width\":2362,\"height\":2362},{\"@type\":\"BreadcrumbList\",\"@id\":\"https:\\\/\\\/iacrianca.pt\\\/en\\\/2025\\\/01\\\/semana-convivencia-escolar-2025\\\/#breadcrumb\",\"itemListElement\":[{\"@type\":\"ListItem\",\"position\":1,\"name\":\"In\u00edcio\",\"item\":\"https:\\\/\\\/iacrianca.pt\\\/en\\\/\"},{\"@type\":\"ListItem\",\"position\":2,\"name\":\"Semana da Conviv\u00eancia Escolar 2025: Promover Ambientes Seguros e Saud\u00e1veis nas Escolas Portuguesas\"}]},{\"@type\":\"WebSite\",\"@id\":\"https:\\\/\\\/iacrianca.pt\\\/en\\\/#website\",\"url\":\"https:\\\/\\\/iacrianca.pt\\\/en\\\/\",\"name\":\"Instituto de Apoio \u00e0 Crian\u00e7a\",\"description\":\"Desde 1983 na defesa e promo\u00e7\u00e3o dos direitos da crian\u00e7a\",\"publisher\":{\"@id\":\"https:\\\/\\\/iacrianca.pt\\\/en\\\/#organization\"},\"potentialAction\":[{\"@type\":\"SearchAction\",\"target\":{\"@type\":\"EntryPoint\",\"urlTemplate\":\"https:\\\/\\\/iacrianca.pt\\\/en\\\/?s={search_term_string}\"},\"query-input\":{\"@type\":\"PropertyValueSpecification\",\"valueRequired\":true,\"valueName\":\"search_term_string\"}}],\"inLanguage\":\"en-US\"},{\"@type\":\"Organization\",\"@id\":\"https:\\\/\\\/iacrianca.pt\\\/en\\\/#organization\",\"name\":\"Instituto de Apoio \u00e0 Crian\u00e7a\",\"url\":\"https:\\\/\\\/iacrianca.pt\\\/en\\\/\",\"logo\":{\"@type\":\"ImageObject\",\"inLanguage\":\"en-US\",\"@id\":\"https:\\\/\\\/iacrianca.pt\\\/en\\\/#\\\/schema\\\/logo\\\/image\\\/\",\"url\":\"https:\\\/\\\/iacrianca.pt\\\/wp-content\\\/uploads\\\/2020\\\/04\\\/logo-iac-SD.jpg\",\"contentUrl\":\"https:\\\/\\\/iacrianca.pt\\\/wp-content\\\/uploads\\\/2020\\\/04\\\/logo-iac-SD.jpg\",\"width\":152,\"height\":73,\"caption\":\"Instituto de Apoio \u00e0 Crian\u00e7a\"},\"image\":{\"@id\":\"https:\\\/\\\/iacrianca.pt\\\/en\\\/#\\\/schema\\\/logo\\\/image\\\/\"},\"sameAs\":[\"https:\\\/\\\/www.facebook.com\\\/iacinstitutodeapoioacrianca\",\"https:\\\/\\\/x.com\\\/iacapoiocrianca\",\"https:\\\/\\\/www.youtube.com\\\/channel\\\/UC0jjfZ_xkN_59gJf_RQ-ZnQ\",\"https:\\\/\\\/www.linkedin.com\\\/company\\\/instituto-de-apoio--criana\\\/\",\"https:\\\/\\\/www.instagram.com\\\/iacinstitutodeapoioacrianca\\\/\",\"https:\\\/\\\/criancasatortoeadireitos.wordpress.com\\\/\"]},{\"@type\":\"Person\",\"@id\":\"https:\\\/\\\/iacrianca.pt\\\/en\\\/#\\\/schema\\\/person\\\/1c48c6e4b70d0dc7360e4b28ceaa5f6b\",\"name\":\"Administra\u00e7\u00e3o IAC\",\"image\":{\"@type\":\"ImageObject\",\"inLanguage\":\"en-US\",\"@id\":\"https:\\\/\\\/secure.gravatar.com\\\/avatar\\\/60b998c71de37dcc1398fc6d48c6b5ed7533e3ceec837c948055f072e3158ff1?s=96&d=mm&r=g\",\"url\":\"https:\\\/\\\/secure.gravatar.com\\\/avatar\\\/60b998c71de37dcc1398fc6d48c6b5ed7533e3ceec837c948055f072e3158ff1?s=96&d=mm&r=g\",\"contentUrl\":\"https:\\\/\\\/secure.gravatar.com\\\/avatar\\\/60b998c71de37dcc1398fc6d48c6b5ed7533e3ceec837c948055f072e3158ff1?s=96&d=mm&r=g\",\"caption\":\"Administra\u00e7\u00e3o IAC\"}}]}<\/script>\n<!-- \/ Yoast SEO plugin. -->","yoast_head_json":{"title":"Semana da Conviv\u00eancia Escolar 2025: Promover Ambientes Seguros e Saud\u00e1veis nas Escolas Portuguesas | Instituto de Apoio \u00e0 Crian\u00e7a","robots":{"index":"index","follow":"follow","max-snippet":"max-snippet:-1","max-image-preview":"max-image-preview:large","max-video-preview":"max-video-preview:-1"},"canonical":"https:\/\/iacrianca.pt\/en\/2025\/01\/semana-convivencia-escolar-2025\/","og_locale":"en_US","og_type":"article","og_title":"Semana da Conviv\u00eancia Escolar 2025: Promover Ambientes Seguros e Saud\u00e1veis nas Escolas Portuguesas | Instituto de Apoio \u00e0 Crian\u00e7a","og_description":"De 27 a 31 de janeiro, vai decorrer a Semana da Conviv\u00eancia Escolar, com o objetivo de\u00a0sensibilizar a comunidade escolar para a import\u00e2ncia de promover um ambiente saud\u00e1vel, seguro e inclusivo nas escolas. Durante esta semana, ser\u00e3o realizadas diversas atividades que procuram refletir sobre boas pr\u00e1ticas de conviv\u00eancia e o papel da educa\u00e7\u00e3o na constru\u00e7\u00e3o&hellip;","og_url":"https:\/\/iacrianca.pt\/en\/2025\/01\/semana-convivencia-escolar-2025\/","og_site_name":"Instituto de Apoio \u00e0 Crian\u00e7a","article_publisher":"https:\/\/www.facebook.com\/iacinstitutodeapoioacrianca","article_published_time":"2025-01-24T23:18:15+00:00","article_modified_time":"2025-01-24T23:31:00+00:00","og_image":[{"width":2362,"height":2362,"url":"https:\/\/iacrianca.pt\/wp-content\/uploads\/imagem-feed.jpg","type":"image\/jpeg"}],"author":"Administra\u00e7\u00e3o IAC","twitter_card":"summary_large_image","twitter_creator":"@iacapoiocrianca","twitter_site":"@iacapoiocrianca","twitter_misc":{"Written by":"Administra\u00e7\u00e3o IAC","Est. reading time":"2 minutes"},"schema":{"@context":"https:\/\/schema.org","@graph":[{"@type":"Article","@id":"https:\/\/iacrianca.pt\/en\/2025\/01\/semana-convivencia-escolar-2025\/#article","isPartOf":{"@id":"https:\/\/iacrianca.pt\/en\/2025\/01\/semana-convivencia-escolar-2025\/"},"author":{"name":"Administra\u00e7\u00e3o IAC","@id":"https:\/\/iacrianca.pt\/en\/#\/schema\/person\/1c48c6e4b70d0dc7360e4b28ceaa5f6b"},"headline":"Semana da Conviv\u00eancia Escolar 2025: Promover Ambientes Seguros e Saud\u00e1veis nas Escolas Portuguesas","datePublished":"2025-01-24T23:18:15+00:00","dateModified":"2025-01-24T23:31:00+00:00","mainEntityOfPage":{"@id":"https:\/\/iacrianca.pt\/en\/2025\/01\/semana-convivencia-escolar-2025\/"},"wordCount":391,"commentCount":0,"publisher":{"@id":"https:\/\/iacrianca.pt\/en\/#organization"},"image":{"@id":"https:\/\/iacrianca.pt\/en\/2025\/01\/semana-convivencia-escolar-2025\/#primaryimage"},"thumbnailUrl":"https:\/\/iacrianca.pt\/wp-content\/uploads\/imagem-feed.jpg","articleSection":["Not\u00edcias"],"inLanguage":"en-US","potentialAction":[{"@type":"CommentAction","name":"Comment","target":["https:\/\/iacrianca.pt\/en\/2025\/01\/semana-convivencia-escolar-2025\/#respond"]}]},{"@type":"WebPage","@id":"https:\/\/iacrianca.pt\/en\/2025\/01\/semana-convivencia-escolar-2025\/","url":"https:\/\/iacrianca.pt\/en\/2025\/01\/semana-convivencia-escolar-2025\/","name":"Semana da Conviv\u00eancia Escolar 2025: Promover Ambientes Seguros e Saud\u00e1veis nas Escolas Portuguesas | Instituto de Apoio \u00e0 Crian\u00e7a","isPartOf":{"@id":"https:\/\/iacrianca.pt\/en\/#website"},"primaryImageOfPage":{"@id":"https:\/\/iacrianca.pt\/en\/2025\/01\/semana-convivencia-escolar-2025\/#primaryimage"},"image":{"@id":"https:\/\/iacrianca.pt\/en\/2025\/01\/semana-convivencia-escolar-2025\/#primaryimage"},"thumbnailUrl":"https:\/\/iacrianca.pt\/wp-content\/uploads\/imagem-feed.jpg","datePublished":"2025-01-24T23:18:15+00:00","dateModified":"2025-01-24T23:31:00+00:00","breadcrumb":{"@id":"https:\/\/iacrianca.pt\/en\/2025\/01\/semana-convivencia-escolar-2025\/#breadcrumb"},"inLanguage":"en-US","potentialAction":[{"@type":"ReadAction","target":["https:\/\/iacrianca.pt\/en\/2025\/01\/semana-convivencia-escolar-2025\/"]}]},{"@type":"ImageObject","inLanguage":"en-US","@id":"https:\/\/iacrianca.pt\/en\/2025\/01\/semana-convivencia-escolar-2025\/#primaryimage","url":"https:\/\/iacrianca.pt\/wp-content\/uploads\/imagem-feed.jpg","contentUrl":"https:\/\/iacrianca.pt\/wp-content\/uploads\/imagem-feed.jpg","width":2362,"height":2362},{"@type":"BreadcrumbList","@id":"https:\/\/iacrianca.pt\/en\/2025\/01\/semana-convivencia-escolar-2025\/#breadcrumb","itemListElement":[{"@type":"ListItem","position":1,"name":"In\u00edcio","item":"https:\/\/iacrianca.pt\/en\/"},{"@type":"ListItem","position":2,"name":"Semana da Conviv\u00eancia Escolar 2025: Promover Ambientes Seguros e Saud\u00e1veis nas Escolas Portuguesas"}]},{"@type":"WebSite","@id":"https:\/\/iacrianca.pt\/en\/#website","url":"https:\/\/iacrianca.pt\/en\/","name":"Instituto de Apoio \u00e0 Crian\u00e7a","description":"Desde 1983 na defesa e promo\u00e7\u00e3o dos direitos da crian\u00e7a","publisher":{"@id":"https:\/\/iacrianca.pt\/en\/#organization"},"potentialAction":[{"@type":"SearchAction","target":{"@type":"EntryPoint","urlTemplate":"https:\/\/iacrianca.pt\/en\/?s={search_term_string}"},"query-input":{"@type":"PropertyValueSpecification","valueRequired":true,"valueName":"search_term_string"}}],"inLanguage":"en-US"},{"@type":"Organization","@id":"https:\/\/iacrianca.pt\/en\/#organization","name":"Instituto de Apoio \u00e0 Crian\u00e7a","url":"https:\/\/iacrianca.pt\/en\/","logo":{"@type":"ImageObject","inLanguage":"en-US","@id":"https:\/\/iacrianca.pt\/en\/#\/schema\/logo\/image\/","url":"https:\/\/iacrianca.pt\/wp-content\/uploads\/2020\/04\/logo-iac-SD.jpg","contentUrl":"https:\/\/iacrianca.pt\/wp-content\/uploads\/2020\/04\/logo-iac-SD.jpg","width":152,"height":73,"caption":"Instituto de Apoio \u00e0 Crian\u00e7a"},"image":{"@id":"https:\/\/iacrianca.pt\/en\/#\/schema\/logo\/image\/"},"sameAs":["https:\/\/www.facebook.com\/iacinstitutodeapoioacrianca","https:\/\/x.com\/iacapoiocrianca","https:\/\/www.youtube.com\/channel\/UC0jjfZ_xkN_59gJf_RQ-ZnQ","https:\/\/www.linkedin.com\/company\/instituto-de-apoio--criana\/","https:\/\/www.instagram.com\/iacinstitutodeapoioacrianca\/","https:\/\/criancasatortoeadireitos.wordpress.com\/"]},{"@type":"Person","@id":"https:\/\/iacrianca.pt\/en\/#\/schema\/person\/1c48c6e4b70d0dc7360e4b28ceaa5f6b","name":"Administra\u00e7\u00e3o IAC","image":{"@type":"ImageObject","inLanguage":"en-US","@id":"https:\/\/secure.gravatar.com\/avatar\/60b998c71de37dcc1398fc6d48c6b5ed7533e3ceec837c948055f072e3158ff1?s=96&d=mm&r=g","url":"https:\/\/secure.gravatar.com\/avatar\/60b998c71de37dcc1398fc6d48c6b5ed7533e3ceec837c948055f072e3158ff1?s=96&d=mm&r=g","contentUrl":"https:\/\/secure.gravatar.com\/avatar\/60b998c71de37dcc1398fc6d48c6b5ed7533e3ceec837c948055f072e3158ff1?s=96&d=mm&r=g","caption":"Administra\u00e7\u00e3o IAC"}}]}},"_links":{"self":[{"href":"https:\/\/iacrianca.pt\/en\/wp-json\/wp\/v2\/posts\/24545","targetHints":{"allow":["GET"]}}],"collection":[{"href":"https:\/\/iacrianca.pt\/en\/wp-json\/wp\/v2\/posts"}],"about":[{"href":"https:\/\/iacrianca.pt\/en\/wp-json\/wp\/v2\/types\/post"}],"author":[{"embeddable":true,"href":"https:\/\/iacrianca.pt\/en\/wp-json\/wp\/v2\/users\/2"}],"replies":[{"embeddable":true,"href":"https:\/\/iacrianca.pt\/en\/wp-json\/wp\/v2\/comments?post=24545"}],"version-history":[{"count":0,"href":"https:\/\/iacrianca.pt\/en\/wp-json\/wp\/v2\/posts\/24545\/revisions"}],"wp:featuredmedia":[{"embeddable":true,"href":"https:\/\/iacrianca.pt\/en\/wp-json\/wp\/v2\/media\/24546"}],"wp:attachment":[{"href":"https:\/\/iacrianca.pt\/en\/wp-json\/wp\/v2\/media?parent=24545"}],"wp:term":[{"taxonomy":"category","embeddable":true,"href":"https:\/\/iacrianca.pt\/en\/wp-json\/wp\/v2\/categories?post=24545"},{"taxonomy":"post_tag","embeddable":true,"href":"https:\/\/iacrianca.pt\/en\/wp-json\/wp\/v2\/tags?post=24545"}],"curies":[{"name":"wp","href":"https:\/\/api.w.org\/{rel}","templated":true}]}}