{"id":24566,"date":"2025-01-30T12:01:07","date_gmt":"2025-01-30T12:01:07","guid":{"rendered":"https:\/\/iacrianca.pt\/?p=24566"},"modified":"2025-02-12T10:18:15","modified_gmt":"2025-02-12T10:18:15","slug":"formacao-liberdade-de-brincar-2","status":"publish","type":"post","link":"https:\/\/iacrianca.pt\/en\/2025\/01\/formacao-liberdade-de-brincar-2\/","title":{"rendered":"Forma\u00e7\u00e3o \u201cLiberdade de Brincar\u201d"},"content":{"rendered":"<p><span data-contrast=\"auto\">Mais de 60 Assistentes Operacionais participaram na a\u00e7\u00e3o de Forma\u00e7\u00e3o \u201cLiberdade de Brincar\u201d.<\/span><span data-ccp-props=\"{&quot;335551550&quot;:6,&quot;335551620&quot;:6}\">\u00a0<\/span><\/p>\n<p><span data-contrast=\"auto\">Durante as \u00faltimas semanas, o Setor da Atividade L\u00fadica ministrou 4 a\u00e7\u00f5es de forma\u00e7\u00e3o para 3 organismos p\u00fablicos e privados: Col\u00e9gio do Bom Sucesso, Munic\u00edpio de Almada e Munic\u00edpio de Benavente. <\/span><span data-ccp-props=\"{&quot;335551550&quot;:6,&quot;335551620&quot;:6}\">\u00a0<\/span><\/p>\n<p><span data-contrast=\"auto\">Foram mais de 60 Assistentes Operacionais que participaram ativamente na forma\u00e7\u00e3o que tem por objetivo sensibilizar para a import\u00e2ncia do cumprimento do Direito a brincar em contexto escolar.\u00a0<\/span><span data-ccp-props=\"{&quot;335551550&quot;:6,&quot;335551620&quot;:6}\">\u00a0<\/span><\/p>\n<p><span data-contrast=\"auto\">Nestas a\u00e7\u00f5es, al\u00e9m dos conte\u00fados te\u00f3ricos sobre a import\u00e2ncia do brincar no desenvolvimento da crian\u00e7a, d\u00e1-se oportunidade para que os participantes possam recuar \u00e0s suas inf\u00e2ncias e eles pr\u00f3prios experimentem as din\u00e2micas e materiais que lhes s\u00e3o propostos.<\/span><span data-ccp-props=\"{&quot;335551550&quot;:6,&quot;335551620&quot;:6}\">\u00a0<\/span><\/p>\n<p><span data-contrast=\"auto\">Assim, deixamos n\u00e3o s\u00f3 a experi\u00eancia do qu\u00e3o divertido e agrad\u00e1vel \u00e9 brincar como partilhamos dezenas de propostas para que possam p\u00f4r em pr\u00e1tica em contexto de recreio.<\/span><span data-ccp-props=\"{&quot;335551550&quot;:6,&quot;335551620&quot;:6}\">\u00a0<\/span><\/p>\n<p><img fetchpriority=\"high\" decoding=\"async\" class=\"alignnone wp-image-24569 size-full\" src=\"https:\/\/iacrianca.pt\/wp-content\/uploads\/whatsapp-image-2025-01-30-at-114954-1.jpeg\" alt=\"\" width=\"1600\" height=\"1200\" srcset=\"https:\/\/iacrianca.pt\/wp-content\/uploads\/whatsapp-image-2025-01-30-at-114954-1.jpeg 1600w, https:\/\/iacrianca.pt\/wp-content\/uploads\/whatsapp-image-2025-01-30-at-114954-1-300x225.jpeg 300w, https:\/\/iacrianca.pt\/wp-content\/uploads\/whatsapp-image-2025-01-30-at-114954-1-1024x768.jpeg 1024w, https:\/\/iacrianca.pt\/wp-content\/uploads\/whatsapp-image-2025-01-30-at-114954-1-768x576.jpeg 768w, https:\/\/iacrianca.pt\/wp-content\/uploads\/whatsapp-image-2025-01-30-at-114954-1-1536x1152.jpeg 1536w\" sizes=\"(max-width: 1600px) 100vw, 1600px\" \/> <img decoding=\"async\" class=\"alignnone wp-image-24573 size-full\" src=\"https:\/\/iacrianca.pt\/wp-content\/uploads\/whatsapp-image-2025-01-30-at-114955.jpeg\" alt=\"\" width=\"1200\" height=\"1600\" srcset=\"https:\/\/iacrianca.pt\/wp-content\/uploads\/whatsapp-image-2025-01-30-at-114955.jpeg 1200w, https:\/\/iacrianca.pt\/wp-content\/uploads\/whatsapp-image-2025-01-30-at-114955-225x300.jpeg 225w, https:\/\/iacrianca.pt\/wp-content\/uploads\/whatsapp-image-2025-01-30-at-114955-768x1024.jpeg 768w, https:\/\/iacrianca.pt\/wp-content\/uploads\/whatsapp-image-2025-01-30-at-114955-1152x1536.jpeg 1152w\" sizes=\"(max-width: 1200px) 100vw, 1200px\" \/><\/p>\n<p><img decoding=\"async\" class=\"alignnone wp-image-24575 size-full\" src=\"https:\/\/iacrianca.pt\/wp-content\/uploads\/whatsapp-image-2025-01-30-at-115523.jpeg\" alt=\"\" width=\"2048\" height=\"1536\" srcset=\"https:\/\/iacrianca.pt\/wp-content\/uploads\/whatsapp-image-2025-01-30-at-115523.jpeg 2048w, https:\/\/iacrianca.pt\/wp-content\/uploads\/whatsapp-image-2025-01-30-at-115523-300x225.jpeg 300w, https:\/\/iacrianca.pt\/wp-content\/uploads\/whatsapp-image-2025-01-30-at-115523-1024x768.jpeg 1024w, https:\/\/iacrianca.pt\/wp-content\/uploads\/whatsapp-image-2025-01-30-at-115523-768x576.jpeg 768w, https:\/\/iacrianca.pt\/wp-content\/uploads\/whatsapp-image-2025-01-30-at-115523-1536x1152.jpeg 1536w\" sizes=\"(max-width: 2048px) 100vw, 2048px\" \/> <img loading=\"lazy\" decoding=\"async\" class=\"alignnone wp-image-24577 size-full\" src=\"https:\/\/iacrianca.pt\/wp-content\/uploads\/whatsapp-image-2025-01-30-at-115611.jpeg\" alt=\"\" width=\"1600\" height=\"1200\" srcset=\"https:\/\/iacrianca.pt\/wp-content\/uploads\/whatsapp-image-2025-01-30-at-115611.jpeg 1600w, https:\/\/iacrianca.pt\/wp-content\/uploads\/whatsapp-image-2025-01-30-at-115611-300x225.jpeg 300w, https:\/\/iacrianca.pt\/wp-content\/uploads\/whatsapp-image-2025-01-30-at-115611-1024x768.jpeg 1024w, https:\/\/iacrianca.pt\/wp-content\/uploads\/whatsapp-image-2025-01-30-at-115611-768x576.jpeg 768w, https:\/\/iacrianca.pt\/wp-content\/uploads\/whatsapp-image-2025-01-30-at-115611-1536x1152.jpeg 1536w\" sizes=\"(max-width: 1600px) 100vw, 1600px\" \/><\/p>\n<p><img loading=\"lazy\" decoding=\"async\" class=\"alignnone wp-image-24579 size-full\" src=\"https:\/\/iacrianca.pt\/wp-content\/uploads\/whatsapp-image-2025-01-30-at-115806.jpeg\" alt=\"\" width=\"1600\" height=\"1200\" srcset=\"https:\/\/iacrianca.pt\/wp-content\/uploads\/whatsapp-image-2025-01-30-at-115806.jpeg 1600w, https:\/\/iacrianca.pt\/wp-content\/uploads\/whatsapp-image-2025-01-30-at-115806-300x225.jpeg 300w, https:\/\/iacrianca.pt\/wp-content\/uploads\/whatsapp-image-2025-01-30-at-115806-1024x768.jpeg 1024w, https:\/\/iacrianca.pt\/wp-content\/uploads\/whatsapp-image-2025-01-30-at-115806-768x576.jpeg 768w, https:\/\/iacrianca.pt\/wp-content\/uploads\/whatsapp-image-2025-01-30-at-115806-1536x1152.jpeg 1536w\" sizes=\"(max-width: 1600px) 100vw, 1600px\" \/><\/p>\n<p>&nbsp;<\/p>\n","protected":false},"excerpt":{"rendered":"<p>Mais de 60 Assistentes Operacionais participaram na a\u00e7\u00e3o de Forma\u00e7\u00e3o \u201cLiberdade de Brincar\u201d.\u00a0 Durante as \u00faltimas semanas, o Setor da Atividade L\u00fadica ministrou 4 a\u00e7\u00f5es de forma\u00e7\u00e3o para 3 organismos p\u00fablicos e privados: Col\u00e9gio do Bom Sucesso, Munic\u00edpio de Almada e Munic\u00edpio de Benavente. \u00a0 Foram mais de 60 Assistentes Operacionais que participaram ativamente na&hellip;<\/p>\n","protected":false},"author":2,"featured_media":24567,"comment_status":"closed","ping_status":"open","sticky":false,"template":"","format":"standard","meta":{"_acf_changed":false,"footnotes":""},"categories":[63],"tags":[],"class_list":["post-24566","post","type-post","status-publish","format-standard","has-post-thumbnail","hentry","category-newsletter","category-63","description-off"],"acf":[],"yoast_head":"<!-- This site is optimized with the Yoast SEO plugin v27.5 - https:\/\/yoast.com\/product\/yoast-seo-wordpress\/ -->\n<title>Forma\u00e7\u00e3o \u201cLiberdade de Brincar\u201d | Instituto de Apoio \u00e0 Crian\u00e7a<\/title>\n<meta name=\"robots\" content=\"index, follow, max-snippet:-1, max-image-preview:large, max-video-preview:-1\" \/>\n<link rel=\"canonical\" href=\"https:\/\/iacrianca.pt\/en\/2025\/01\/formacao-liberdade-de-brincar-2\/\" \/>\n<meta property=\"og:locale\" content=\"en_US\" \/>\n<meta property=\"og:type\" content=\"article\" \/>\n<meta property=\"og:title\" content=\"Forma\u00e7\u00e3o \u201cLiberdade de Brincar\u201d | Instituto de Apoio \u00e0 Crian\u00e7a\" \/>\n<meta property=\"og:description\" content=\"Mais de 60 Assistentes Operacionais participaram na a\u00e7\u00e3o de Forma\u00e7\u00e3o \u201cLiberdade de Brincar\u201d.\u00a0 Durante as \u00faltimas semanas, o Setor da Atividade L\u00fadica ministrou 4 a\u00e7\u00f5es de forma\u00e7\u00e3o para 3 organismos p\u00fablicos e privados: Col\u00e9gio do Bom Sucesso, Munic\u00edpio de Almada e Munic\u00edpio de Benavente. \u00a0 Foram mais de 60 Assistentes Operacionais que participaram ativamente na&hellip;\" \/>\n<meta property=\"og:url\" content=\"https:\/\/iacrianca.pt\/en\/2025\/01\/formacao-liberdade-de-brincar-2\/\" \/>\n<meta property=\"og:site_name\" content=\"Instituto de Apoio \u00e0 Crian\u00e7a\" \/>\n<meta property=\"article:publisher\" content=\"https:\/\/www.facebook.com\/iacinstitutodeapoioacrianca\" \/>\n<meta property=\"article:published_time\" content=\"2025-01-30T12:01:07+00:00\" \/>\n<meta property=\"article:modified_time\" content=\"2025-02-12T10:18:15+00:00\" \/>\n<meta property=\"og:image\" content=\"https:\/\/iacrianca.pt\/wp-content\/uploads\/whatsapp-image-2025-01-30-at-114953.jpeg\" \/>\n\t<meta property=\"og:image:width\" content=\"1200\" \/>\n\t<meta property=\"og:image:height\" content=\"1600\" \/>\n\t<meta property=\"og:image:type\" content=\"image\/jpeg\" \/>\n<meta name=\"author\" content=\"Administra\u00e7\u00e3o IAC\" \/>\n<meta name=\"twitter:card\" content=\"summary_large_image\" \/>\n<meta name=\"twitter:creator\" content=\"@iacapoiocrianca\" \/>\n<meta name=\"twitter:site\" content=\"@iacapoiocrianca\" \/>\n<meta name=\"twitter:label1\" content=\"Written by\" \/>\n\t<meta name=\"twitter:data1\" content=\"Administra\u00e7\u00e3o IAC\" \/>\n\t<meta name=\"twitter:label2\" content=\"Est. reading time\" \/>\n\t<meta name=\"twitter:data2\" content=\"2 minutes\" \/>\n<script type=\"application\/ld+json\" class=\"yoast-schema-graph\">{\"@context\":\"https:\\\/\\\/schema.org\",\"@graph\":[{\"@type\":\"Article\",\"@id\":\"https:\\\/\\\/iacrianca.pt\\\/en\\\/2025\\\/01\\\/formacao-liberdade-de-brincar-2\\\/#article\",\"isPartOf\":{\"@id\":\"https:\\\/\\\/iacrianca.pt\\\/en\\\/2025\\\/01\\\/formacao-liberdade-de-brincar-2\\\/\"},\"author\":{\"name\":\"Administra\u00e7\u00e3o IAC\",\"@id\":\"https:\\\/\\\/iacrianca.pt\\\/en\\\/#\\\/schema\\\/person\\\/1c48c6e4b70d0dc7360e4b28ceaa5f6b\"},\"headline\":\"Forma\u00e7\u00e3o \u201cLiberdade de Brincar\u201d\",\"datePublished\":\"2025-01-30T12:01:07+00:00\",\"dateModified\":\"2025-02-12T10:18:15+00:00\",\"mainEntityOfPage\":{\"@id\":\"https:\\\/\\\/iacrianca.pt\\\/en\\\/2025\\\/01\\\/formacao-liberdade-de-brincar-2\\\/\"},\"wordCount\":167,\"publisher\":{\"@id\":\"https:\\\/\\\/iacrianca.pt\\\/en\\\/#organization\"},\"image\":{\"@id\":\"https:\\\/\\\/iacrianca.pt\\\/en\\\/2025\\\/01\\\/formacao-liberdade-de-brincar-2\\\/#primaryimage\"},\"thumbnailUrl\":\"https:\\\/\\\/iacrianca.pt\\\/wp-content\\\/uploads\\\/whatsapp-image-2025-01-30-at-114953.jpeg\",\"articleSection\":[\"Newsletter\"],\"inLanguage\":\"en-US\"},{\"@type\":\"WebPage\",\"@id\":\"https:\\\/\\\/iacrianca.pt\\\/en\\\/2025\\\/01\\\/formacao-liberdade-de-brincar-2\\\/\",\"url\":\"https:\\\/\\\/iacrianca.pt\\\/en\\\/2025\\\/01\\\/formacao-liberdade-de-brincar-2\\\/\",\"name\":\"Forma\u00e7\u00e3o \u201cLiberdade de Brincar\u201d | Instituto de Apoio \u00e0 Crian\u00e7a\",\"isPartOf\":{\"@id\":\"https:\\\/\\\/iacrianca.pt\\\/en\\\/#website\"},\"primaryImageOfPage\":{\"@id\":\"https:\\\/\\\/iacrianca.pt\\\/en\\\/2025\\\/01\\\/formacao-liberdade-de-brincar-2\\\/#primaryimage\"},\"image\":{\"@id\":\"https:\\\/\\\/iacrianca.pt\\\/en\\\/2025\\\/01\\\/formacao-liberdade-de-brincar-2\\\/#primaryimage\"},\"thumbnailUrl\":\"https:\\\/\\\/iacrianca.pt\\\/wp-content\\\/uploads\\\/whatsapp-image-2025-01-30-at-114953.jpeg\",\"datePublished\":\"2025-01-30T12:01:07+00:00\",\"dateModified\":\"2025-02-12T10:18:15+00:00\",\"breadcrumb\":{\"@id\":\"https:\\\/\\\/iacrianca.pt\\\/en\\\/2025\\\/01\\\/formacao-liberdade-de-brincar-2\\\/#breadcrumb\"},\"inLanguage\":\"en-US\",\"potentialAction\":[{\"@type\":\"ReadAction\",\"target\":[\"https:\\\/\\\/iacrianca.pt\\\/en\\\/2025\\\/01\\\/formacao-liberdade-de-brincar-2\\\/\"]}]},{\"@type\":\"ImageObject\",\"inLanguage\":\"en-US\",\"@id\":\"https:\\\/\\\/iacrianca.pt\\\/en\\\/2025\\\/01\\\/formacao-liberdade-de-brincar-2\\\/#primaryimage\",\"url\":\"https:\\\/\\\/iacrianca.pt\\\/wp-content\\\/uploads\\\/whatsapp-image-2025-01-30-at-114953.jpeg\",\"contentUrl\":\"https:\\\/\\\/iacrianca.pt\\\/wp-content\\\/uploads\\\/whatsapp-image-2025-01-30-at-114953.jpeg\",\"width\":1200,\"height\":1600},{\"@type\":\"BreadcrumbList\",\"@id\":\"https:\\\/\\\/iacrianca.pt\\\/en\\\/2025\\\/01\\\/formacao-liberdade-de-brincar-2\\\/#breadcrumb\",\"itemListElement\":[{\"@type\":\"ListItem\",\"position\":1,\"name\":\"In\u00edcio\",\"item\":\"https:\\\/\\\/iacrianca.pt\\\/en\\\/\"},{\"@type\":\"ListItem\",\"position\":2,\"name\":\"Forma\u00e7\u00e3o \u201cLiberdade de Brincar\u201d\"}]},{\"@type\":\"WebSite\",\"@id\":\"https:\\\/\\\/iacrianca.pt\\\/en\\\/#website\",\"url\":\"https:\\\/\\\/iacrianca.pt\\\/en\\\/\",\"name\":\"Instituto de Apoio \u00e0 Crian\u00e7a\",\"description\":\"Desde 1983 na defesa e promo\u00e7\u00e3o dos direitos da crian\u00e7a\",\"publisher\":{\"@id\":\"https:\\\/\\\/iacrianca.pt\\\/en\\\/#organization\"},\"potentialAction\":[{\"@type\":\"SearchAction\",\"target\":{\"@type\":\"EntryPoint\",\"urlTemplate\":\"https:\\\/\\\/iacrianca.pt\\\/en\\\/?s={search_term_string}\"},\"query-input\":{\"@type\":\"PropertyValueSpecification\",\"valueRequired\":true,\"valueName\":\"search_term_string\"}}],\"inLanguage\":\"en-US\"},{\"@type\":\"Organization\",\"@id\":\"https:\\\/\\\/iacrianca.pt\\\/en\\\/#organization\",\"name\":\"Instituto de Apoio \u00e0 Crian\u00e7a\",\"url\":\"https:\\\/\\\/iacrianca.pt\\\/en\\\/\",\"logo\":{\"@type\":\"ImageObject\",\"inLanguage\":\"en-US\",\"@id\":\"https:\\\/\\\/iacrianca.pt\\\/en\\\/#\\\/schema\\\/logo\\\/image\\\/\",\"url\":\"https:\\\/\\\/iacrianca.pt\\\/wp-content\\\/uploads\\\/2020\\\/04\\\/logo-iac-SD.jpg\",\"contentUrl\":\"https:\\\/\\\/iacrianca.pt\\\/wp-content\\\/uploads\\\/2020\\\/04\\\/logo-iac-SD.jpg\",\"width\":152,\"height\":73,\"caption\":\"Instituto de Apoio \u00e0 Crian\u00e7a\"},\"image\":{\"@id\":\"https:\\\/\\\/iacrianca.pt\\\/en\\\/#\\\/schema\\\/logo\\\/image\\\/\"},\"sameAs\":[\"https:\\\/\\\/www.facebook.com\\\/iacinstitutodeapoioacrianca\",\"https:\\\/\\\/x.com\\\/iacapoiocrianca\",\"https:\\\/\\\/www.youtube.com\\\/channel\\\/UC0jjfZ_xkN_59gJf_RQ-ZnQ\",\"https:\\\/\\\/www.linkedin.com\\\/company\\\/instituto-de-apoio--criana\\\/\",\"https:\\\/\\\/www.instagram.com\\\/iacinstitutodeapoioacrianca\\\/\",\"https:\\\/\\\/criancasatortoeadireitos.wordpress.com\\\/\"]},{\"@type\":\"Person\",\"@id\":\"https:\\\/\\\/iacrianca.pt\\\/en\\\/#\\\/schema\\\/person\\\/1c48c6e4b70d0dc7360e4b28ceaa5f6b\",\"name\":\"Administra\u00e7\u00e3o IAC\",\"image\":{\"@type\":\"ImageObject\",\"inLanguage\":\"en-US\",\"@id\":\"https:\\\/\\\/secure.gravatar.com\\\/avatar\\\/60b998c71de37dcc1398fc6d48c6b5ed7533e3ceec837c948055f072e3158ff1?s=96&d=mm&r=g\",\"url\":\"https:\\\/\\\/secure.gravatar.com\\\/avatar\\\/60b998c71de37dcc1398fc6d48c6b5ed7533e3ceec837c948055f072e3158ff1?s=96&d=mm&r=g\",\"contentUrl\":\"https:\\\/\\\/secure.gravatar.com\\\/avatar\\\/60b998c71de37dcc1398fc6d48c6b5ed7533e3ceec837c948055f072e3158ff1?s=96&d=mm&r=g\",\"caption\":\"Administra\u00e7\u00e3o IAC\"}}]}<\/script>\n<!-- \/ Yoast SEO plugin. -->","yoast_head_json":{"title":"Forma\u00e7\u00e3o \u201cLiberdade de Brincar\u201d | Instituto de Apoio \u00e0 Crian\u00e7a","robots":{"index":"index","follow":"follow","max-snippet":"max-snippet:-1","max-image-preview":"max-image-preview:large","max-video-preview":"max-video-preview:-1"},"canonical":"https:\/\/iacrianca.pt\/en\/2025\/01\/formacao-liberdade-de-brincar-2\/","og_locale":"en_US","og_type":"article","og_title":"Forma\u00e7\u00e3o \u201cLiberdade de Brincar\u201d | Instituto de Apoio \u00e0 Crian\u00e7a","og_description":"Mais de 60 Assistentes Operacionais participaram na a\u00e7\u00e3o de Forma\u00e7\u00e3o \u201cLiberdade de Brincar\u201d.\u00a0 Durante as \u00faltimas semanas, o Setor da Atividade L\u00fadica ministrou 4 a\u00e7\u00f5es de forma\u00e7\u00e3o para 3 organismos p\u00fablicos e privados: Col\u00e9gio do Bom Sucesso, Munic\u00edpio de Almada e Munic\u00edpio de Benavente. \u00a0 Foram mais de 60 Assistentes Operacionais que participaram ativamente na&hellip;","og_url":"https:\/\/iacrianca.pt\/en\/2025\/01\/formacao-liberdade-de-brincar-2\/","og_site_name":"Instituto de Apoio \u00e0 Crian\u00e7a","article_publisher":"https:\/\/www.facebook.com\/iacinstitutodeapoioacrianca","article_published_time":"2025-01-30T12:01:07+00:00","article_modified_time":"2025-02-12T10:18:15+00:00","og_image":[{"width":1200,"height":1600,"url":"https:\/\/iacrianca.pt\/wp-content\/uploads\/whatsapp-image-2025-01-30-at-114953.jpeg","type":"image\/jpeg"}],"author":"Administra\u00e7\u00e3o IAC","twitter_card":"summary_large_image","twitter_creator":"@iacapoiocrianca","twitter_site":"@iacapoiocrianca","twitter_misc":{"Written by":"Administra\u00e7\u00e3o IAC","Est. reading time":"2 minutes"},"schema":{"@context":"https:\/\/schema.org","@graph":[{"@type":"Article","@id":"https:\/\/iacrianca.pt\/en\/2025\/01\/formacao-liberdade-de-brincar-2\/#article","isPartOf":{"@id":"https:\/\/iacrianca.pt\/en\/2025\/01\/formacao-liberdade-de-brincar-2\/"},"author":{"name":"Administra\u00e7\u00e3o IAC","@id":"https:\/\/iacrianca.pt\/en\/#\/schema\/person\/1c48c6e4b70d0dc7360e4b28ceaa5f6b"},"headline":"Forma\u00e7\u00e3o \u201cLiberdade de Brincar\u201d","datePublished":"2025-01-30T12:01:07+00:00","dateModified":"2025-02-12T10:18:15+00:00","mainEntityOfPage":{"@id":"https:\/\/iacrianca.pt\/en\/2025\/01\/formacao-liberdade-de-brincar-2\/"},"wordCount":167,"publisher":{"@id":"https:\/\/iacrianca.pt\/en\/#organization"},"image":{"@id":"https:\/\/iacrianca.pt\/en\/2025\/01\/formacao-liberdade-de-brincar-2\/#primaryimage"},"thumbnailUrl":"https:\/\/iacrianca.pt\/wp-content\/uploads\/whatsapp-image-2025-01-30-at-114953.jpeg","articleSection":["Newsletter"],"inLanguage":"en-US"},{"@type":"WebPage","@id":"https:\/\/iacrianca.pt\/en\/2025\/01\/formacao-liberdade-de-brincar-2\/","url":"https:\/\/iacrianca.pt\/en\/2025\/01\/formacao-liberdade-de-brincar-2\/","name":"Forma\u00e7\u00e3o \u201cLiberdade de Brincar\u201d | Instituto de Apoio \u00e0 Crian\u00e7a","isPartOf":{"@id":"https:\/\/iacrianca.pt\/en\/#website"},"primaryImageOfPage":{"@id":"https:\/\/iacrianca.pt\/en\/2025\/01\/formacao-liberdade-de-brincar-2\/#primaryimage"},"image":{"@id":"https:\/\/iacrianca.pt\/en\/2025\/01\/formacao-liberdade-de-brincar-2\/#primaryimage"},"thumbnailUrl":"https:\/\/iacrianca.pt\/wp-content\/uploads\/whatsapp-image-2025-01-30-at-114953.jpeg","datePublished":"2025-01-30T12:01:07+00:00","dateModified":"2025-02-12T10:18:15+00:00","breadcrumb":{"@id":"https:\/\/iacrianca.pt\/en\/2025\/01\/formacao-liberdade-de-brincar-2\/#breadcrumb"},"inLanguage":"en-US","potentialAction":[{"@type":"ReadAction","target":["https:\/\/iacrianca.pt\/en\/2025\/01\/formacao-liberdade-de-brincar-2\/"]}]},{"@type":"ImageObject","inLanguage":"en-US","@id":"https:\/\/iacrianca.pt\/en\/2025\/01\/formacao-liberdade-de-brincar-2\/#primaryimage","url":"https:\/\/iacrianca.pt\/wp-content\/uploads\/whatsapp-image-2025-01-30-at-114953.jpeg","contentUrl":"https:\/\/iacrianca.pt\/wp-content\/uploads\/whatsapp-image-2025-01-30-at-114953.jpeg","width":1200,"height":1600},{"@type":"BreadcrumbList","@id":"https:\/\/iacrianca.pt\/en\/2025\/01\/formacao-liberdade-de-brincar-2\/#breadcrumb","itemListElement":[{"@type":"ListItem","position":1,"name":"In\u00edcio","item":"https:\/\/iacrianca.pt\/en\/"},{"@type":"ListItem","position":2,"name":"Forma\u00e7\u00e3o \u201cLiberdade de Brincar\u201d"}]},{"@type":"WebSite","@id":"https:\/\/iacrianca.pt\/en\/#website","url":"https:\/\/iacrianca.pt\/en\/","name":"Instituto de Apoio \u00e0 Crian\u00e7a","description":"Desde 1983 na defesa e promo\u00e7\u00e3o dos direitos da crian\u00e7a","publisher":{"@id":"https:\/\/iacrianca.pt\/en\/#organization"},"potentialAction":[{"@type":"SearchAction","target":{"@type":"EntryPoint","urlTemplate":"https:\/\/iacrianca.pt\/en\/?s={search_term_string}"},"query-input":{"@type":"PropertyValueSpecification","valueRequired":true,"valueName":"search_term_string"}}],"inLanguage":"en-US"},{"@type":"Organization","@id":"https:\/\/iacrianca.pt\/en\/#organization","name":"Instituto de Apoio \u00e0 Crian\u00e7a","url":"https:\/\/iacrianca.pt\/en\/","logo":{"@type":"ImageObject","inLanguage":"en-US","@id":"https:\/\/iacrianca.pt\/en\/#\/schema\/logo\/image\/","url":"https:\/\/iacrianca.pt\/wp-content\/uploads\/2020\/04\/logo-iac-SD.jpg","contentUrl":"https:\/\/iacrianca.pt\/wp-content\/uploads\/2020\/04\/logo-iac-SD.jpg","width":152,"height":73,"caption":"Instituto de Apoio \u00e0 Crian\u00e7a"},"image":{"@id":"https:\/\/iacrianca.pt\/en\/#\/schema\/logo\/image\/"},"sameAs":["https:\/\/www.facebook.com\/iacinstitutodeapoioacrianca","https:\/\/x.com\/iacapoiocrianca","https:\/\/www.youtube.com\/channel\/UC0jjfZ_xkN_59gJf_RQ-ZnQ","https:\/\/www.linkedin.com\/company\/instituto-de-apoio--criana\/","https:\/\/www.instagram.com\/iacinstitutodeapoioacrianca\/","https:\/\/criancasatortoeadireitos.wordpress.com\/"]},{"@type":"Person","@id":"https:\/\/iacrianca.pt\/en\/#\/schema\/person\/1c48c6e4b70d0dc7360e4b28ceaa5f6b","name":"Administra\u00e7\u00e3o IAC","image":{"@type":"ImageObject","inLanguage":"en-US","@id":"https:\/\/secure.gravatar.com\/avatar\/60b998c71de37dcc1398fc6d48c6b5ed7533e3ceec837c948055f072e3158ff1?s=96&d=mm&r=g","url":"https:\/\/secure.gravatar.com\/avatar\/60b998c71de37dcc1398fc6d48c6b5ed7533e3ceec837c948055f072e3158ff1?s=96&d=mm&r=g","contentUrl":"https:\/\/secure.gravatar.com\/avatar\/60b998c71de37dcc1398fc6d48c6b5ed7533e3ceec837c948055f072e3158ff1?s=96&d=mm&r=g","caption":"Administra\u00e7\u00e3o IAC"}}]}},"_links":{"self":[{"href":"https:\/\/iacrianca.pt\/en\/wp-json\/wp\/v2\/posts\/24566","targetHints":{"allow":["GET"]}}],"collection":[{"href":"https:\/\/iacrianca.pt\/en\/wp-json\/wp\/v2\/posts"}],"about":[{"href":"https:\/\/iacrianca.pt\/en\/wp-json\/wp\/v2\/types\/post"}],"author":[{"embeddable":true,"href":"https:\/\/iacrianca.pt\/en\/wp-json\/wp\/v2\/users\/2"}],"replies":[{"embeddable":true,"href":"https:\/\/iacrianca.pt\/en\/wp-json\/wp\/v2\/comments?post=24566"}],"version-history":[{"count":0,"href":"https:\/\/iacrianca.pt\/en\/wp-json\/wp\/v2\/posts\/24566\/revisions"}],"wp:featuredmedia":[{"embeddable":true,"href":"https:\/\/iacrianca.pt\/en\/wp-json\/wp\/v2\/media\/24567"}],"wp:attachment":[{"href":"https:\/\/iacrianca.pt\/en\/wp-json\/wp\/v2\/media?parent=24566"}],"wp:term":[{"taxonomy":"category","embeddable":true,"href":"https:\/\/iacrianca.pt\/en\/wp-json\/wp\/v2\/categories?post=24566"},{"taxonomy":"post_tag","embeddable":true,"href":"https:\/\/iacrianca.pt\/en\/wp-json\/wp\/v2\/tags?post=24566"}],"curies":[{"name":"wp","href":"https:\/\/api.w.org\/{rel}","templated":true}]}}