{"id":24635,"date":"2025-02-05T11:23:56","date_gmt":"2025-02-05T11:23:56","guid":{"rendered":"https:\/\/iacrianca.pt\/?p=24635"},"modified":"2025-02-12T10:14:12","modified_gmt":"2025-02-12T10:14:12","slug":"iac-na-rede-de-marvila-do-programa-proinfancia-promovido-pela-fundacao-la-caixa","status":"publish","type":"post","link":"https:\/\/iacrianca.pt\/en\/2025\/02\/iac-na-rede-de-marvila-do-programa-proinfancia-promovido-pela-fundacao-la-caixa\/","title":{"rendered":"IAC na Rede de Marvila do Programa Proinf\u00e2ncia promovido pela Funda\u00e7\u00e3o \u201cla Caixa\u201d"},"content":{"rendered":"<p><span data-contrast=\"auto\">O Programa Proinf\u00e2ncia, promovido pela Funda\u00e7\u00e3o \u201cla Caixa\u201d, tem como objetivo quebrar o ciclo da pobreza de pais e filhos, garantindo o acesso a oportunidades educativas de qualidade.<\/span><span data-ccp-props=\"{&quot;335551550&quot;:6,&quot;335551620&quot;:6}\">\u00a0<\/span><\/p>\n<p><span data-contrast=\"auto\">O IAC assinou o primeiro Acordo de Colabora\u00e7\u00e3o com o referido Programa em outubro de 2021 e, desde ent\u00e3o, \u00e9 uma das entidades colaboradoras que constituem a Rede de Marvila e da qual fazem parte outras entidades, nomeadamente: a Nuclisol Jean Piaget \u2013 que \u00e9 a entidade coordenadora; a Associa\u00e7\u00e3o Tempo de Mudar para o Desenvolvimento do Bairro dos L\u00f3ios e o Centro Social e Paroquial S\u00e3o Maximiliano Kolbe.<\/span><span data-ccp-props=\"{&quot;335551550&quot;:6,&quot;335551620&quot;:6}\">\u00a0<\/span><\/p>\n<p><span data-contrast=\"auto\">Tendo em conta o territ\u00f3rio, este Programa est\u00e1 a ser implementado pela equipa do Centro de Apoio Comunit\u00e1rio que desenvolve a sua interven\u00e7\u00e3o no Bairro do Condado, na freguesia de Marvila, em estreita articula\u00e7\u00e3o com o Consult\u00f3rio Social (em particular, no que respeita \u00e0 \u00e1rea da Psicologia).<\/span><span data-ccp-props=\"{&quot;335551550&quot;:6,&quot;335551620&quot;:6}\">\u00a0<\/span><\/p>\n<p><span data-contrast=\"auto\">Este \u00e9 o quarto ano de desenvolvimento deste Programa e tem sido uma experi\u00eancia muito enriquecedora e de muita aprendizagem. Trata-se de um modelo de trabalho inovador, assente numa a\u00e7\u00e3o socioeducativa que visa garantir a efic\u00e1cia e efici\u00eancia dos resultados, bem como a replica\u00e7\u00e3o das sinergias entre os diferentes agentes socioeducativos que trabalham para as mesmas finalidades do Programa. Este tem sido o desafio das entidades que comp\u00f5em a Rede de Marvila: cada uma, com a sua especificidade, conhecimento e experi\u00eancia, tem trabalhado em conjunto, na sinaliza\u00e7\u00e3o de fam\u00edlias, na avalia\u00e7\u00e3o dos fatores de risco, na proposta dos servi\u00e7os a integrar, bem como na monitoriza\u00e7\u00e3o dos planos de trabalho.\u00a0<\/span><span data-ccp-props=\"{&quot;335551550&quot;:6,&quot;335551620&quot;:6}\">\u00a0<\/span><\/p>\n<p><span data-contrast=\"auto\">De acordo com a interven\u00e7\u00e3o desenvolvida no Bairro do Condado, bem como dos objetivos definidos para a equipa do Centro de Apoio Comunit\u00e1rio, o IAC tem vindo a desenvolver em cada ano letivo, os seguintes subprogramas:<\/span><span data-ccp-props=\"{&quot;335551550&quot;:6,&quot;335551620&quot;:6}\">\u00a0<\/span><\/p>\n<p><span data-contrast=\"auto\">&#8211;\u00a0 O Refor\u00e7o Educativo (com atividades de apoio ao estudo);<\/span><span data-ccp-props=\"{&quot;335551550&quot;:6,&quot;335551620&quot;:6}\">\u00a0<\/span><\/p>\n<p><span data-contrast=\"auto\">&#8211; A Educa\u00e7\u00e3o N\u00e3o Formal e Tempos Livres (Centro Aberto durante o per\u00edodo letivo; col\u00f3nias Abertas e acampamento nas pausas letivas); e<\/span><span data-ccp-props=\"{&quot;335551550&quot;:6,&quot;335551620&quot;:6}\">\u00a0<\/span><\/p>\n<p><span data-contrast=\"auto\">&#8211; Apoio Psicoterap\u00eautico a Crian\u00e7as (diagn\u00f3stico e apoio psicoterap\u00eautico individual)<\/span><span data-ccp-props=\"{&quot;335551550&quot;:6,&quot;335551620&quot;:6}\">\u00a0<\/span><\/p>\n<p><span data-contrast=\"auto\">Em jeito de balan\u00e7o, e no que diz respeito \u00e0 interven\u00e7\u00e3o do IAC na Rede de Marvila durante os 3 \u00faltimos anos letivos, beneficiaram deste Programa 25 fam\u00edlias e 35 crian\u00e7as e jovens, com os quais foi desenvolvido um trabalho articulado entre \u201cfam\u00edlia, escola e comunidade\u201d, tendo em vista a melhoria das situa\u00e7\u00f5es de vulnerabilidade e de risco de exclus\u00e3o a que estas fam\u00edlias est\u00e3o sujeitas.\u00a0<\/span><\/p>\n<p><span data-ccp-props=\"{&quot;335551550&quot;:6,&quot;335551620&quot;:6}\"><img fetchpriority=\"high\" decoding=\"async\" class=\"alignnone wp-image-24638 size-full\" src=\"https:\/\/iacrianca.pt\/wp-content\/uploads\/proinfancia-cac-1-scaled.jpg\" alt=\"\" width=\"2560\" height=\"1922\" srcset=\"https:\/\/iacrianca.pt\/wp-content\/uploads\/proinfancia-cac-1-scaled.jpg 2560w, https:\/\/iacrianca.pt\/wp-content\/uploads\/proinfancia-cac-1-300x225.jpg 300w, https:\/\/iacrianca.pt\/wp-content\/uploads\/proinfancia-cac-1-1024x769.jpg 1024w, https:\/\/iacrianca.pt\/wp-content\/uploads\/proinfancia-cac-1-768x577.jpg 768w, https:\/\/iacrianca.pt\/wp-content\/uploads\/proinfancia-cac-1-1536x1153.jpg 1536w, https:\/\/iacrianca.pt\/wp-content\/uploads\/proinfancia-cac-1-2048x1538.jpg 2048w\" sizes=\"(max-width: 2560px) 100vw, 2560px\" \/> <img decoding=\"async\" class=\"alignnone wp-image-24640 size-full\" src=\"https:\/\/iacrianca.pt\/wp-content\/uploads\/proinfancia-cac-3.jpg\" alt=\"\" width=\"1200\" height=\"1600\" srcset=\"https:\/\/iacrianca.pt\/wp-content\/uploads\/proinfancia-cac-3.jpg 1200w, https:\/\/iacrianca.pt\/wp-content\/uploads\/proinfancia-cac-3-225x300.jpg 225w, https:\/\/iacrianca.pt\/wp-content\/uploads\/proinfancia-cac-3-768x1024.jpg 768w, https:\/\/iacrianca.pt\/wp-content\/uploads\/proinfancia-cac-3-1152x1536.jpg 1152w\" sizes=\"(max-width: 1200px) 100vw, 1200px\" \/> <img decoding=\"async\" class=\"alignnone wp-image-24642 size-full\" src=\"https:\/\/iacrianca.pt\/wp-content\/uploads\/proinfancia-cac-4-scaled.jpg\" alt=\"\" width=\"1920\" height=\"2560\" srcset=\"https:\/\/iacrianca.pt\/wp-content\/uploads\/proinfancia-cac-4-scaled.jpg 1920w, https:\/\/iacrianca.pt\/wp-content\/uploads\/proinfancia-cac-4-225x300.jpg 225w, https:\/\/iacrianca.pt\/wp-content\/uploads\/proinfancia-cac-4-768x1024.jpg 768w, https:\/\/iacrianca.pt\/wp-content\/uploads\/proinfancia-cac-4-1152x1536.jpg 1152w, https:\/\/iacrianca.pt\/wp-content\/uploads\/proinfancia-cac-4-1536x2048.jpg 1536w\" sizes=\"(max-width: 1920px) 100vw, 1920px\" \/>\u00a0<\/span><\/p>\n","protected":false},"excerpt":{"rendered":"<p>O Programa Proinf\u00e2ncia, promovido pela Funda\u00e7\u00e3o \u201cla Caixa\u201d, tem como objetivo quebrar o ciclo da pobreza de pais e filhos, garantindo o acesso a oportunidades educativas de qualidade.\u00a0 O IAC assinou o primeiro Acordo de Colabora\u00e7\u00e3o com o referido Programa em outubro de 2021 e, desde ent\u00e3o, \u00e9 uma das entidades colaboradoras que constituem a&hellip;<\/p>\n","protected":false},"author":2,"featured_media":24636,"comment_status":"closed","ping_status":"open","sticky":false,"template":"","format":"standard","meta":{"_acf_changed":false,"footnotes":""},"categories":[63],"tags":[],"class_list":["post-24635","post","type-post","status-publish","format-standard","has-post-thumbnail","hentry","category-newsletter","category-63","description-off"],"acf":[],"yoast_head":"<!-- This site is optimized with the Yoast SEO plugin v27.4 - https:\/\/yoast.com\/product\/yoast-seo-wordpress\/ -->\n<title>IAC na Rede de Marvila do Programa Proinf\u00e2ncia promovido pela Funda\u00e7\u00e3o \u201cla Caixa\u201d | Instituto de Apoio \u00e0 Crian\u00e7a<\/title>\n<meta name=\"robots\" content=\"index, follow, max-snippet:-1, max-image-preview:large, max-video-preview:-1\" \/>\n<link rel=\"canonical\" href=\"https:\/\/iacrianca.pt\/en\/2025\/02\/iac-na-rede-de-marvila-do-programa-proinfancia-promovido-pela-fundacao-la-caixa\/\" \/>\n<meta property=\"og:locale\" content=\"en_US\" \/>\n<meta property=\"og:type\" content=\"article\" \/>\n<meta property=\"og:title\" content=\"IAC na Rede de Marvila do Programa Proinf\u00e2ncia promovido pela Funda\u00e7\u00e3o \u201cla Caixa\u201d | Instituto de Apoio \u00e0 Crian\u00e7a\" \/>\n<meta property=\"og:description\" content=\"O Programa Proinf\u00e2ncia, promovido pela Funda\u00e7\u00e3o \u201cla Caixa\u201d, tem como objetivo quebrar o ciclo da pobreza de pais e filhos, garantindo o acesso a oportunidades educativas de qualidade.\u00a0 O IAC assinou o primeiro Acordo de Colabora\u00e7\u00e3o com o referido Programa em outubro de 2021 e, desde ent\u00e3o, \u00e9 uma das entidades colaboradoras que constituem a&hellip;\" \/>\n<meta property=\"og:url\" content=\"https:\/\/iacrianca.pt\/en\/2025\/02\/iac-na-rede-de-marvila-do-programa-proinfancia-promovido-pela-fundacao-la-caixa\/\" \/>\n<meta property=\"og:site_name\" content=\"Instituto de Apoio \u00e0 Crian\u00e7a\" \/>\n<meta property=\"article:publisher\" content=\"https:\/\/www.facebook.com\/iacinstitutodeapoioacrianca\" \/>\n<meta property=\"article:published_time\" content=\"2025-02-05T11:23:56+00:00\" \/>\n<meta property=\"article:modified_time\" content=\"2025-02-12T10:14:12+00:00\" \/>\n<meta property=\"og:image\" content=\"https:\/\/iacrianca.pt\/wp-content\/uploads\/proinfancia-cac-2-scaled.jpg\" \/>\n\t<meta property=\"og:image:width\" content=\"2560\" \/>\n\t<meta property=\"og:image:height\" content=\"1920\" \/>\n\t<meta property=\"og:image:type\" content=\"image\/jpeg\" \/>\n<meta name=\"author\" content=\"Administra\u00e7\u00e3o IAC\" \/>\n<meta name=\"twitter:card\" content=\"summary_large_image\" \/>\n<meta name=\"twitter:creator\" content=\"@iacapoiocrianca\" \/>\n<meta name=\"twitter:site\" content=\"@iacapoiocrianca\" \/>\n<meta name=\"twitter:label1\" content=\"Written by\" \/>\n\t<meta name=\"twitter:data1\" content=\"Administra\u00e7\u00e3o IAC\" \/>\n\t<meta name=\"twitter:label2\" content=\"Est. reading time\" \/>\n\t<meta name=\"twitter:data2\" content=\"3 minutes\" \/>\n<script type=\"application\/ld+json\" class=\"yoast-schema-graph\">{\"@context\":\"https:\\\/\\\/schema.org\",\"@graph\":[{\"@type\":\"Article\",\"@id\":\"https:\\\/\\\/iacrianca.pt\\\/en\\\/2025\\\/02\\\/iac-na-rede-de-marvila-do-programa-proinfancia-promovido-pela-fundacao-la-caixa\\\/#article\",\"isPartOf\":{\"@id\":\"https:\\\/\\\/iacrianca.pt\\\/en\\\/2025\\\/02\\\/iac-na-rede-de-marvila-do-programa-proinfancia-promovido-pela-fundacao-la-caixa\\\/\"},\"author\":{\"name\":\"Administra\u00e7\u00e3o IAC\",\"@id\":\"https:\\\/\\\/iacrianca.pt\\\/en\\\/#\\\/schema\\\/person\\\/1c48c6e4b70d0dc7360e4b28ceaa5f6b\"},\"headline\":\"IAC na Rede de Marvila do Programa Proinf\u00e2ncia promovido pela Funda\u00e7\u00e3o \u201cla Caixa\u201d\",\"datePublished\":\"2025-02-05T11:23:56+00:00\",\"dateModified\":\"2025-02-12T10:14:12+00:00\",\"mainEntityOfPage\":{\"@id\":\"https:\\\/\\\/iacrianca.pt\\\/en\\\/2025\\\/02\\\/iac-na-rede-de-marvila-do-programa-proinfancia-promovido-pela-fundacao-la-caixa\\\/\"},\"wordCount\":446,\"publisher\":{\"@id\":\"https:\\\/\\\/iacrianca.pt\\\/en\\\/#organization\"},\"image\":{\"@id\":\"https:\\\/\\\/iacrianca.pt\\\/en\\\/2025\\\/02\\\/iac-na-rede-de-marvila-do-programa-proinfancia-promovido-pela-fundacao-la-caixa\\\/#primaryimage\"},\"thumbnailUrl\":\"https:\\\/\\\/iacrianca.pt\\\/wp-content\\\/uploads\\\/proinfancia-cac-2-scaled.jpg\",\"articleSection\":[\"Newsletter\"],\"inLanguage\":\"en-US\"},{\"@type\":\"WebPage\",\"@id\":\"https:\\\/\\\/iacrianca.pt\\\/en\\\/2025\\\/02\\\/iac-na-rede-de-marvila-do-programa-proinfancia-promovido-pela-fundacao-la-caixa\\\/\",\"url\":\"https:\\\/\\\/iacrianca.pt\\\/en\\\/2025\\\/02\\\/iac-na-rede-de-marvila-do-programa-proinfancia-promovido-pela-fundacao-la-caixa\\\/\",\"name\":\"IAC na Rede de Marvila do Programa Proinf\u00e2ncia promovido pela Funda\u00e7\u00e3o \u201cla Caixa\u201d | Instituto de Apoio \u00e0 Crian\u00e7a\",\"isPartOf\":{\"@id\":\"https:\\\/\\\/iacrianca.pt\\\/en\\\/#website\"},\"primaryImageOfPage\":{\"@id\":\"https:\\\/\\\/iacrianca.pt\\\/en\\\/2025\\\/02\\\/iac-na-rede-de-marvila-do-programa-proinfancia-promovido-pela-fundacao-la-caixa\\\/#primaryimage\"},\"image\":{\"@id\":\"https:\\\/\\\/iacrianca.pt\\\/en\\\/2025\\\/02\\\/iac-na-rede-de-marvila-do-programa-proinfancia-promovido-pela-fundacao-la-caixa\\\/#primaryimage\"},\"thumbnailUrl\":\"https:\\\/\\\/iacrianca.pt\\\/wp-content\\\/uploads\\\/proinfancia-cac-2-scaled.jpg\",\"datePublished\":\"2025-02-05T11:23:56+00:00\",\"dateModified\":\"2025-02-12T10:14:12+00:00\",\"breadcrumb\":{\"@id\":\"https:\\\/\\\/iacrianca.pt\\\/en\\\/2025\\\/02\\\/iac-na-rede-de-marvila-do-programa-proinfancia-promovido-pela-fundacao-la-caixa\\\/#breadcrumb\"},\"inLanguage\":\"en-US\",\"potentialAction\":[{\"@type\":\"ReadAction\",\"target\":[\"https:\\\/\\\/iacrianca.pt\\\/en\\\/2025\\\/02\\\/iac-na-rede-de-marvila-do-programa-proinfancia-promovido-pela-fundacao-la-caixa\\\/\"]}]},{\"@type\":\"ImageObject\",\"inLanguage\":\"en-US\",\"@id\":\"https:\\\/\\\/iacrianca.pt\\\/en\\\/2025\\\/02\\\/iac-na-rede-de-marvila-do-programa-proinfancia-promovido-pela-fundacao-la-caixa\\\/#primaryimage\",\"url\":\"https:\\\/\\\/iacrianca.pt\\\/wp-content\\\/uploads\\\/proinfancia-cac-2-scaled.jpg\",\"contentUrl\":\"https:\\\/\\\/iacrianca.pt\\\/wp-content\\\/uploads\\\/proinfancia-cac-2-scaled.jpg\",\"width\":2560,\"height\":1920},{\"@type\":\"BreadcrumbList\",\"@id\":\"https:\\\/\\\/iacrianca.pt\\\/en\\\/2025\\\/02\\\/iac-na-rede-de-marvila-do-programa-proinfancia-promovido-pela-fundacao-la-caixa\\\/#breadcrumb\",\"itemListElement\":[{\"@type\":\"ListItem\",\"position\":1,\"name\":\"In\u00edcio\",\"item\":\"https:\\\/\\\/iacrianca.pt\\\/en\\\/\"},{\"@type\":\"ListItem\",\"position\":2,\"name\":\"IAC na Rede de Marvila do Programa Proinf\u00e2ncia promovido pela Funda\u00e7\u00e3o \u201cla Caixa\u201d\"}]},{\"@type\":\"WebSite\",\"@id\":\"https:\\\/\\\/iacrianca.pt\\\/en\\\/#website\",\"url\":\"https:\\\/\\\/iacrianca.pt\\\/en\\\/\",\"name\":\"Instituto de Apoio \u00e0 Crian\u00e7a\",\"description\":\"Desde 1983 na defesa e promo\u00e7\u00e3o dos direitos da crian\u00e7a\",\"publisher\":{\"@id\":\"https:\\\/\\\/iacrianca.pt\\\/en\\\/#organization\"},\"potentialAction\":[{\"@type\":\"SearchAction\",\"target\":{\"@type\":\"EntryPoint\",\"urlTemplate\":\"https:\\\/\\\/iacrianca.pt\\\/en\\\/?s={search_term_string}\"},\"query-input\":{\"@type\":\"PropertyValueSpecification\",\"valueRequired\":true,\"valueName\":\"search_term_string\"}}],\"inLanguage\":\"en-US\"},{\"@type\":\"Organization\",\"@id\":\"https:\\\/\\\/iacrianca.pt\\\/en\\\/#organization\",\"name\":\"Instituto de Apoio \u00e0 Crian\u00e7a\",\"url\":\"https:\\\/\\\/iacrianca.pt\\\/en\\\/\",\"logo\":{\"@type\":\"ImageObject\",\"inLanguage\":\"en-US\",\"@id\":\"https:\\\/\\\/iacrianca.pt\\\/en\\\/#\\\/schema\\\/logo\\\/image\\\/\",\"url\":\"https:\\\/\\\/iacrianca.pt\\\/wp-content\\\/uploads\\\/2020\\\/04\\\/logo-iac-SD.jpg\",\"contentUrl\":\"https:\\\/\\\/iacrianca.pt\\\/wp-content\\\/uploads\\\/2020\\\/04\\\/logo-iac-SD.jpg\",\"width\":152,\"height\":73,\"caption\":\"Instituto de Apoio \u00e0 Crian\u00e7a\"},\"image\":{\"@id\":\"https:\\\/\\\/iacrianca.pt\\\/en\\\/#\\\/schema\\\/logo\\\/image\\\/\"},\"sameAs\":[\"https:\\\/\\\/www.facebook.com\\\/iacinstitutodeapoioacrianca\",\"https:\\\/\\\/x.com\\\/iacapoiocrianca\",\"https:\\\/\\\/www.youtube.com\\\/channel\\\/UC0jjfZ_xkN_59gJf_RQ-ZnQ\",\"https:\\\/\\\/www.linkedin.com\\\/company\\\/instituto-de-apoio--criana\\\/\",\"https:\\\/\\\/www.instagram.com\\\/iacinstitutodeapoioacrianca\\\/\",\"https:\\\/\\\/criancasatortoeadireitos.wordpress.com\\\/\"]},{\"@type\":\"Person\",\"@id\":\"https:\\\/\\\/iacrianca.pt\\\/en\\\/#\\\/schema\\\/person\\\/1c48c6e4b70d0dc7360e4b28ceaa5f6b\",\"name\":\"Administra\u00e7\u00e3o IAC\",\"image\":{\"@type\":\"ImageObject\",\"inLanguage\":\"en-US\",\"@id\":\"https:\\\/\\\/secure.gravatar.com\\\/avatar\\\/60b998c71de37dcc1398fc6d48c6b5ed7533e3ceec837c948055f072e3158ff1?s=96&d=mm&r=g\",\"url\":\"https:\\\/\\\/secure.gravatar.com\\\/avatar\\\/60b998c71de37dcc1398fc6d48c6b5ed7533e3ceec837c948055f072e3158ff1?s=96&d=mm&r=g\",\"contentUrl\":\"https:\\\/\\\/secure.gravatar.com\\\/avatar\\\/60b998c71de37dcc1398fc6d48c6b5ed7533e3ceec837c948055f072e3158ff1?s=96&d=mm&r=g\",\"caption\":\"Administra\u00e7\u00e3o IAC\"}}]}<\/script>\n<!-- \/ Yoast SEO plugin. -->","yoast_head_json":{"title":"IAC na Rede de Marvila do Programa Proinf\u00e2ncia promovido pela Funda\u00e7\u00e3o \u201cla Caixa\u201d | Instituto de Apoio \u00e0 Crian\u00e7a","robots":{"index":"index","follow":"follow","max-snippet":"max-snippet:-1","max-image-preview":"max-image-preview:large","max-video-preview":"max-video-preview:-1"},"canonical":"https:\/\/iacrianca.pt\/en\/2025\/02\/iac-na-rede-de-marvila-do-programa-proinfancia-promovido-pela-fundacao-la-caixa\/","og_locale":"en_US","og_type":"article","og_title":"IAC na Rede de Marvila do Programa Proinf\u00e2ncia promovido pela Funda\u00e7\u00e3o \u201cla Caixa\u201d | Instituto de Apoio \u00e0 Crian\u00e7a","og_description":"O Programa Proinf\u00e2ncia, promovido pela Funda\u00e7\u00e3o \u201cla Caixa\u201d, tem como objetivo quebrar o ciclo da pobreza de pais e filhos, garantindo o acesso a oportunidades educativas de qualidade.\u00a0 O IAC assinou o primeiro Acordo de Colabora\u00e7\u00e3o com o referido Programa em outubro de 2021 e, desde ent\u00e3o, \u00e9 uma das entidades colaboradoras que constituem a&hellip;","og_url":"https:\/\/iacrianca.pt\/en\/2025\/02\/iac-na-rede-de-marvila-do-programa-proinfancia-promovido-pela-fundacao-la-caixa\/","og_site_name":"Instituto de Apoio \u00e0 Crian\u00e7a","article_publisher":"https:\/\/www.facebook.com\/iacinstitutodeapoioacrianca","article_published_time":"2025-02-05T11:23:56+00:00","article_modified_time":"2025-02-12T10:14:12+00:00","og_image":[{"width":2560,"height":1920,"url":"https:\/\/iacrianca.pt\/wp-content\/uploads\/proinfancia-cac-2-scaled.jpg","type":"image\/jpeg"}],"author":"Administra\u00e7\u00e3o IAC","twitter_card":"summary_large_image","twitter_creator":"@iacapoiocrianca","twitter_site":"@iacapoiocrianca","twitter_misc":{"Written by":"Administra\u00e7\u00e3o IAC","Est. reading time":"3 minutes"},"schema":{"@context":"https:\/\/schema.org","@graph":[{"@type":"Article","@id":"https:\/\/iacrianca.pt\/en\/2025\/02\/iac-na-rede-de-marvila-do-programa-proinfancia-promovido-pela-fundacao-la-caixa\/#article","isPartOf":{"@id":"https:\/\/iacrianca.pt\/en\/2025\/02\/iac-na-rede-de-marvila-do-programa-proinfancia-promovido-pela-fundacao-la-caixa\/"},"author":{"name":"Administra\u00e7\u00e3o IAC","@id":"https:\/\/iacrianca.pt\/en\/#\/schema\/person\/1c48c6e4b70d0dc7360e4b28ceaa5f6b"},"headline":"IAC na Rede de Marvila do Programa Proinf\u00e2ncia promovido pela Funda\u00e7\u00e3o \u201cla Caixa\u201d","datePublished":"2025-02-05T11:23:56+00:00","dateModified":"2025-02-12T10:14:12+00:00","mainEntityOfPage":{"@id":"https:\/\/iacrianca.pt\/en\/2025\/02\/iac-na-rede-de-marvila-do-programa-proinfancia-promovido-pela-fundacao-la-caixa\/"},"wordCount":446,"publisher":{"@id":"https:\/\/iacrianca.pt\/en\/#organization"},"image":{"@id":"https:\/\/iacrianca.pt\/en\/2025\/02\/iac-na-rede-de-marvila-do-programa-proinfancia-promovido-pela-fundacao-la-caixa\/#primaryimage"},"thumbnailUrl":"https:\/\/iacrianca.pt\/wp-content\/uploads\/proinfancia-cac-2-scaled.jpg","articleSection":["Newsletter"],"inLanguage":"en-US"},{"@type":"WebPage","@id":"https:\/\/iacrianca.pt\/en\/2025\/02\/iac-na-rede-de-marvila-do-programa-proinfancia-promovido-pela-fundacao-la-caixa\/","url":"https:\/\/iacrianca.pt\/en\/2025\/02\/iac-na-rede-de-marvila-do-programa-proinfancia-promovido-pela-fundacao-la-caixa\/","name":"IAC na Rede de Marvila do Programa Proinf\u00e2ncia promovido pela Funda\u00e7\u00e3o \u201cla Caixa\u201d | Instituto de Apoio \u00e0 Crian\u00e7a","isPartOf":{"@id":"https:\/\/iacrianca.pt\/en\/#website"},"primaryImageOfPage":{"@id":"https:\/\/iacrianca.pt\/en\/2025\/02\/iac-na-rede-de-marvila-do-programa-proinfancia-promovido-pela-fundacao-la-caixa\/#primaryimage"},"image":{"@id":"https:\/\/iacrianca.pt\/en\/2025\/02\/iac-na-rede-de-marvila-do-programa-proinfancia-promovido-pela-fundacao-la-caixa\/#primaryimage"},"thumbnailUrl":"https:\/\/iacrianca.pt\/wp-content\/uploads\/proinfancia-cac-2-scaled.jpg","datePublished":"2025-02-05T11:23:56+00:00","dateModified":"2025-02-12T10:14:12+00:00","breadcrumb":{"@id":"https:\/\/iacrianca.pt\/en\/2025\/02\/iac-na-rede-de-marvila-do-programa-proinfancia-promovido-pela-fundacao-la-caixa\/#breadcrumb"},"inLanguage":"en-US","potentialAction":[{"@type":"ReadAction","target":["https:\/\/iacrianca.pt\/en\/2025\/02\/iac-na-rede-de-marvila-do-programa-proinfancia-promovido-pela-fundacao-la-caixa\/"]}]},{"@type":"ImageObject","inLanguage":"en-US","@id":"https:\/\/iacrianca.pt\/en\/2025\/02\/iac-na-rede-de-marvila-do-programa-proinfancia-promovido-pela-fundacao-la-caixa\/#primaryimage","url":"https:\/\/iacrianca.pt\/wp-content\/uploads\/proinfancia-cac-2-scaled.jpg","contentUrl":"https:\/\/iacrianca.pt\/wp-content\/uploads\/proinfancia-cac-2-scaled.jpg","width":2560,"height":1920},{"@type":"BreadcrumbList","@id":"https:\/\/iacrianca.pt\/en\/2025\/02\/iac-na-rede-de-marvila-do-programa-proinfancia-promovido-pela-fundacao-la-caixa\/#breadcrumb","itemListElement":[{"@type":"ListItem","position":1,"name":"In\u00edcio","item":"https:\/\/iacrianca.pt\/en\/"},{"@type":"ListItem","position":2,"name":"IAC na Rede de Marvila do Programa Proinf\u00e2ncia promovido pela Funda\u00e7\u00e3o \u201cla Caixa\u201d"}]},{"@type":"WebSite","@id":"https:\/\/iacrianca.pt\/en\/#website","url":"https:\/\/iacrianca.pt\/en\/","name":"Instituto de Apoio \u00e0 Crian\u00e7a","description":"Desde 1983 na defesa e promo\u00e7\u00e3o dos direitos da crian\u00e7a","publisher":{"@id":"https:\/\/iacrianca.pt\/en\/#organization"},"potentialAction":[{"@type":"SearchAction","target":{"@type":"EntryPoint","urlTemplate":"https:\/\/iacrianca.pt\/en\/?s={search_term_string}"},"query-input":{"@type":"PropertyValueSpecification","valueRequired":true,"valueName":"search_term_string"}}],"inLanguage":"en-US"},{"@type":"Organization","@id":"https:\/\/iacrianca.pt\/en\/#organization","name":"Instituto de Apoio \u00e0 Crian\u00e7a","url":"https:\/\/iacrianca.pt\/en\/","logo":{"@type":"ImageObject","inLanguage":"en-US","@id":"https:\/\/iacrianca.pt\/en\/#\/schema\/logo\/image\/","url":"https:\/\/iacrianca.pt\/wp-content\/uploads\/2020\/04\/logo-iac-SD.jpg","contentUrl":"https:\/\/iacrianca.pt\/wp-content\/uploads\/2020\/04\/logo-iac-SD.jpg","width":152,"height":73,"caption":"Instituto de Apoio \u00e0 Crian\u00e7a"},"image":{"@id":"https:\/\/iacrianca.pt\/en\/#\/schema\/logo\/image\/"},"sameAs":["https:\/\/www.facebook.com\/iacinstitutodeapoioacrianca","https:\/\/x.com\/iacapoiocrianca","https:\/\/www.youtube.com\/channel\/UC0jjfZ_xkN_59gJf_RQ-ZnQ","https:\/\/www.linkedin.com\/company\/instituto-de-apoio--criana\/","https:\/\/www.instagram.com\/iacinstitutodeapoioacrianca\/","https:\/\/criancasatortoeadireitos.wordpress.com\/"]},{"@type":"Person","@id":"https:\/\/iacrianca.pt\/en\/#\/schema\/person\/1c48c6e4b70d0dc7360e4b28ceaa5f6b","name":"Administra\u00e7\u00e3o IAC","image":{"@type":"ImageObject","inLanguage":"en-US","@id":"https:\/\/secure.gravatar.com\/avatar\/60b998c71de37dcc1398fc6d48c6b5ed7533e3ceec837c948055f072e3158ff1?s=96&d=mm&r=g","url":"https:\/\/secure.gravatar.com\/avatar\/60b998c71de37dcc1398fc6d48c6b5ed7533e3ceec837c948055f072e3158ff1?s=96&d=mm&r=g","contentUrl":"https:\/\/secure.gravatar.com\/avatar\/60b998c71de37dcc1398fc6d48c6b5ed7533e3ceec837c948055f072e3158ff1?s=96&d=mm&r=g","caption":"Administra\u00e7\u00e3o IAC"}}]}},"_links":{"self":[{"href":"https:\/\/iacrianca.pt\/en\/wp-json\/wp\/v2\/posts\/24635","targetHints":{"allow":["GET"]}}],"collection":[{"href":"https:\/\/iacrianca.pt\/en\/wp-json\/wp\/v2\/posts"}],"about":[{"href":"https:\/\/iacrianca.pt\/en\/wp-json\/wp\/v2\/types\/post"}],"author":[{"embeddable":true,"href":"https:\/\/iacrianca.pt\/en\/wp-json\/wp\/v2\/users\/2"}],"replies":[{"embeddable":true,"href":"https:\/\/iacrianca.pt\/en\/wp-json\/wp\/v2\/comments?post=24635"}],"version-history":[{"count":0,"href":"https:\/\/iacrianca.pt\/en\/wp-json\/wp\/v2\/posts\/24635\/revisions"}],"wp:featuredmedia":[{"embeddable":true,"href":"https:\/\/iacrianca.pt\/en\/wp-json\/wp\/v2\/media\/24636"}],"wp:attachment":[{"href":"https:\/\/iacrianca.pt\/en\/wp-json\/wp\/v2\/media?parent=24635"}],"wp:term":[{"taxonomy":"category","embeddable":true,"href":"https:\/\/iacrianca.pt\/en\/wp-json\/wp\/v2\/categories?post=24635"},{"taxonomy":"post_tag","embeddable":true,"href":"https:\/\/iacrianca.pt\/en\/wp-json\/wp\/v2\/tags?post=24635"}],"curies":[{"name":"wp","href":"https:\/\/api.w.org\/{rel}","templated":true}]}}