{"id":24674,"date":"2025-02-06T14:43:31","date_gmt":"2025-02-06T14:43:31","guid":{"rendered":"https:\/\/iacrianca.pt\/?p=24674"},"modified":"2025-02-12T10:16:33","modified_gmt":"2025-02-12T10:16:33","slug":"horizontes-de-esperanca","status":"publish","type":"post","link":"https:\/\/iacrianca.pt\/en\/2025\/02\/horizontes-de-esperanca\/","title":{"rendered":"Horizontes de Esperan\u00e7a"},"content":{"rendered":"<p><span data-contrast=\"auto\">No \u00e2mbito da interven\u00e7\u00e3o que desenvolvemos com os jovens, pretendemos promover e refor\u00e7ar diversas compet\u00eancias.\u00a0<\/span><span data-ccp-props=\"{&quot;335551550&quot;:6,&quot;335551620&quot;:6}\">\u00a0<\/span><\/p>\n<p><span data-contrast=\"auto\">Estrategicamente recorremos a atividades l\u00fadico pedag\u00f3gicas, pois estas apresentam-se como facilitadoras dessa aquisi\u00e7\u00e3o. O l\u00fadico gera um espa\u00e7o para experimentar, estabelecer pontes entre o que j\u00e1 se &#8221; conhece e o novo&#8221;, compreender o meio, aprofundar conhecimentos e estimular a criatividade. Para os jovens, a aventura, o risco e a viv\u00eancia de experi\u00eancias em grupo potenciam a descoberta de si mesmos e contribuem para que partilhem ideias, encontrem em conjunto solu\u00e7\u00f5es e superem obst\u00e1culos.\u00a0 V\u00e1rios s\u00e3o os desportos que congregam estes v\u00e1rios desafios. O mar, al\u00e9m de oferecer in\u00fameras oportunidades para a pr\u00e1tica de modalidades como a nata\u00e7\u00e3o, o surf, o mergulho e a vela, pode proporcionar um ambiente de tranquilidade e paz. <\/span><span data-ccp-props=\"{&quot;335551550&quot;:6,&quot;335551620&quot;:6}\">\u00a0<\/span><\/p>\n<p><span data-contrast=\"auto\">No \u00e2mbito do protocolo estabelecido entre o IAC e a Hypafamily, nove navegadores acompanhados pela equipa do Consult\u00f3rio Social, participaram numa aula experimental do programa \u201cEducar \u00e0 Vela\u201d. Este tem como prop\u00f3sito, possibilitar a todos os jovens a pr\u00e1tica da vela, desenvolvendo v\u00e1rias compet\u00eancias como as pessoais, sociais e at\u00e9 profissionais, tirando partido das condi\u00e7\u00f5es favor\u00e1veis da cidade com \u00e1guas seguras e ventos constantes.\u00a0\u00a0<\/span><span data-ccp-props=\"{&quot;335551550&quot;:6,&quot;335551620&quot;:6}\">\u00a0<\/span><\/p>\n<p><span data-contrast=\"auto\">Este programa ensina n\u00e3o s\u00f3 as habilidades t\u00e9cnicas da navega\u00e7\u00e3o, mas tamb\u00e9m valores importantes como o compromisso, o respeito pelo pr\u00f3ximo e pelo meio ambiente, a confian\u00e7a, a supera\u00e7\u00e3o pessoal, a dedica\u00e7\u00e3o e a coopera\u00e7\u00e3o.\u00a0<\/span><span data-ccp-props=\"{&quot;335551550&quot;:6,&quot;335551620&quot;:6}\">\u00a0<\/span><\/p>\n<p><span data-contrast=\"auto\">Atrav\u00e9s da pr\u00e1tica da vela, os participantes aprendem a trabalhar em equipa, a tomar decis\u00f5es sob press\u00e3o e a desenvolver uma maior consci\u00eancia de que as suas atitudes s\u00e3o importantes para o sucesso da miss\u00e3o.\u00a0<\/span><span data-ccp-props=\"{&quot;335551550&quot;:6,&quot;335551620&quot;:6}\">\u00a0<\/span><\/p>\n<p><span data-contrast=\"auto\">Esta primeira experi\u00eancia proporcionou a partilha de recorda\u00e7\u00f5es, pois alguns dos jovens nos seus pa\u00edses de origem tinham um contacto muito pr\u00f3ximo com o mar, promoveu a autoestima, pois estar ao leme \u00e9 um desafio e uma responsabilidade. P\u00f4s \u00e0 prova a uni\u00e3o do grupo no manejo da vela, permitiu a aquisi\u00e7\u00e3o de conhecimentos e a valoriza\u00e7\u00e3o dos descobridores portugueses na expans\u00e3o mar\u00edtima.\u00a0 A for\u00e7a do vento \u00e9 como o poder dos sonhos, bem orientado, leva-nos longe!\u00a0 H\u00e1 que saber contornar os obst\u00e1culos, antecipar as dificuldades, corrigir a rota e desfrutar da viagem.\u00a0 <\/span><span data-ccp-props=\"{&quot;335551550&quot;:6,&quot;335551620&quot;:6}\">\u00a0<\/span><\/p>\n<p><span data-contrast=\"auto\">Nesta primeira experi\u00eancia, duas jovens demonstraram particular interesse em usufruir da totalidade do programa. \u00c9 intens\u00e3o da equipa facultar um leque variado de atividades para que cada um descubra e encontre aquela que o cativa e mobiliza para a conquista de &#8220;novos mundos.&#8221; <\/span><span data-ccp-props=\"{&quot;335551550&quot;:6,&quot;335551620&quot;:6}\">\u00a0<\/span><\/p>\n<p><span data-ccp-props=\"{}\"> <img fetchpriority=\"high\" decoding=\"async\" class=\"alignnone wp-image-24683 size-full\" src=\"https:\/\/iacrianca.pt\/wp-content\/uploads\/cdij-horizontes-de-esperanca-1.jpg\" alt=\"\" width=\"1536\" height=\"2048\" srcset=\"https:\/\/iacrianca.pt\/wp-content\/uploads\/cdij-horizontes-de-esperanca-1.jpg 1536w, https:\/\/iacrianca.pt\/wp-content\/uploads\/cdij-horizontes-de-esperanca-1-225x300.jpg 225w, https:\/\/iacrianca.pt\/wp-content\/uploads\/cdij-horizontes-de-esperanca-1-768x1024.jpg 768w, https:\/\/iacrianca.pt\/wp-content\/uploads\/cdij-horizontes-de-esperanca-1-1152x1536.jpg 1152w\" sizes=\"(max-width: 1536px) 100vw, 1536px\" \/><img decoding=\"async\" class=\"alignnone wp-image-24679 size-full\" src=\"https:\/\/iacrianca.pt\/wp-content\/uploads\/cdij-horizontes-de-esperanca-2-1.jpg\" alt=\"\" width=\"1536\" height=\"2048\" srcset=\"https:\/\/iacrianca.pt\/wp-content\/uploads\/cdij-horizontes-de-esperanca-2-1.jpg 1536w, https:\/\/iacrianca.pt\/wp-content\/uploads\/cdij-horizontes-de-esperanca-2-1-225x300.jpg 225w, https:\/\/iacrianca.pt\/wp-content\/uploads\/cdij-horizontes-de-esperanca-2-1-768x1024.jpg 768w, https:\/\/iacrianca.pt\/wp-content\/uploads\/cdij-horizontes-de-esperanca-2-1-1152x1536.jpg 1152w\" sizes=\"(max-width: 1536px) 100vw, 1536px\" \/> <img decoding=\"async\" class=\"alignnone wp-image-24687 size-full\" src=\"https:\/\/iacrianca.pt\/wp-content\/uploads\/horizon.png\" alt=\"\" width=\"446\" height=\"470\" srcset=\"https:\/\/iacrianca.pt\/wp-content\/uploads\/horizon.png 446w, https:\/\/iacrianca.pt\/wp-content\/uploads\/horizon-285x300.png 285w\" sizes=\"(max-width: 446px) 100vw, 446px\" \/><\/span><\/p>\n","protected":false},"excerpt":{"rendered":"<p>No \u00e2mbito da interven\u00e7\u00e3o que desenvolvemos com os jovens, pretendemos promover e refor\u00e7ar diversas compet\u00eancias.\u00a0\u00a0 Estrategicamente recorremos a atividades l\u00fadico pedag\u00f3gicas, pois estas apresentam-se como facilitadoras dessa aquisi\u00e7\u00e3o. O l\u00fadico gera um espa\u00e7o para experimentar, estabelecer pontes entre o que j\u00e1 se &#8221; conhece e o novo&#8221;, compreender o meio, aprofundar conhecimentos e estimular a&hellip;<\/p>\n","protected":false},"author":2,"featured_media":24685,"comment_status":"closed","ping_status":"open","sticky":false,"template":"","format":"standard","meta":{"_acf_changed":false,"footnotes":""},"categories":[63],"tags":[],"class_list":["post-24674","post","type-post","status-publish","format-standard","has-post-thumbnail","hentry","category-newsletter","category-63","description-off"],"acf":[],"yoast_head":"<!-- This site is optimized with the Yoast SEO plugin v27.5 - https:\/\/yoast.com\/product\/yoast-seo-wordpress\/ -->\n<title>Horizontes de Esperan\u00e7a | Instituto de Apoio \u00e0 Crian\u00e7a<\/title>\n<meta name=\"robots\" content=\"index, follow, max-snippet:-1, max-image-preview:large, max-video-preview:-1\" \/>\n<link rel=\"canonical\" href=\"https:\/\/iacrianca.pt\/en\/2025\/02\/horizontes-de-esperanca\/\" \/>\n<meta property=\"og:locale\" content=\"en_US\" \/>\n<meta property=\"og:type\" content=\"article\" \/>\n<meta property=\"og:title\" content=\"Horizontes de Esperan\u00e7a | Instituto de Apoio \u00e0 Crian\u00e7a\" \/>\n<meta property=\"og:description\" content=\"No \u00e2mbito da interven\u00e7\u00e3o que desenvolvemos com os jovens, pretendemos promover e refor\u00e7ar diversas compet\u00eancias.\u00a0\u00a0 Estrategicamente recorremos a atividades l\u00fadico pedag\u00f3gicas, pois estas apresentam-se como facilitadoras dessa aquisi\u00e7\u00e3o. O l\u00fadico gera um espa\u00e7o para experimentar, estabelecer pontes entre o que j\u00e1 se &#8221; conhece e o novo&#8221;, compreender o meio, aprofundar conhecimentos e estimular a&hellip;\" \/>\n<meta property=\"og:url\" content=\"https:\/\/iacrianca.pt\/en\/2025\/02\/horizontes-de-esperanca\/\" \/>\n<meta property=\"og:site_name\" content=\"Instituto de Apoio \u00e0 Crian\u00e7a\" \/>\n<meta property=\"article:publisher\" content=\"https:\/\/www.facebook.com\/iacinstitutodeapoioacrianca\" \/>\n<meta property=\"article:published_time\" content=\"2025-02-06T14:43:31+00:00\" \/>\n<meta property=\"article:modified_time\" content=\"2025-02-12T10:16:33+00:00\" \/>\n<meta property=\"og:image\" content=\"https:\/\/iacrianca.pt\/wp-content\/uploads\/horizontes3.png\" \/>\n\t<meta property=\"og:image:width\" content=\"705\" \/>\n\t<meta property=\"og:image:height\" content=\"538\" \/>\n\t<meta property=\"og:image:type\" content=\"image\/png\" \/>\n<meta name=\"author\" content=\"Administra\u00e7\u00e3o IAC\" \/>\n<meta name=\"twitter:card\" content=\"summary_large_image\" \/>\n<meta name=\"twitter:creator\" content=\"@iacapoiocrianca\" \/>\n<meta name=\"twitter:site\" content=\"@iacapoiocrianca\" \/>\n<meta name=\"twitter:label1\" content=\"Written by\" \/>\n\t<meta name=\"twitter:data1\" content=\"Administra\u00e7\u00e3o IAC\" \/>\n\t<meta name=\"twitter:label2\" content=\"Est. reading time\" \/>\n\t<meta name=\"twitter:data2\" content=\"3 minutes\" \/>\n<script type=\"application\/ld+json\" class=\"yoast-schema-graph\">{\"@context\":\"https:\\\/\\\/schema.org\",\"@graph\":[{\"@type\":\"Article\",\"@id\":\"https:\\\/\\\/iacrianca.pt\\\/en\\\/2025\\\/02\\\/horizontes-de-esperanca\\\/#article\",\"isPartOf\":{\"@id\":\"https:\\\/\\\/iacrianca.pt\\\/en\\\/2025\\\/02\\\/horizontes-de-esperanca\\\/\"},\"author\":{\"name\":\"Administra\u00e7\u00e3o IAC\",\"@id\":\"https:\\\/\\\/iacrianca.pt\\\/en\\\/#\\\/schema\\\/person\\\/1c48c6e4b70d0dc7360e4b28ceaa5f6b\"},\"headline\":\"Horizontes de Esperan\u00e7a\",\"datePublished\":\"2025-02-06T14:43:31+00:00\",\"dateModified\":\"2025-02-12T10:16:33+00:00\",\"mainEntityOfPage\":{\"@id\":\"https:\\\/\\\/iacrianca.pt\\\/en\\\/2025\\\/02\\\/horizontes-de-esperanca\\\/\"},\"wordCount\":452,\"publisher\":{\"@id\":\"https:\\\/\\\/iacrianca.pt\\\/en\\\/#organization\"},\"image\":{\"@id\":\"https:\\\/\\\/iacrianca.pt\\\/en\\\/2025\\\/02\\\/horizontes-de-esperanca\\\/#primaryimage\"},\"thumbnailUrl\":\"https:\\\/\\\/iacrianca.pt\\\/wp-content\\\/uploads\\\/horizontes3.png\",\"articleSection\":[\"Newsletter\"],\"inLanguage\":\"en-US\"},{\"@type\":\"WebPage\",\"@id\":\"https:\\\/\\\/iacrianca.pt\\\/en\\\/2025\\\/02\\\/horizontes-de-esperanca\\\/\",\"url\":\"https:\\\/\\\/iacrianca.pt\\\/en\\\/2025\\\/02\\\/horizontes-de-esperanca\\\/\",\"name\":\"Horizontes de Esperan\u00e7a | Instituto de Apoio \u00e0 Crian\u00e7a\",\"isPartOf\":{\"@id\":\"https:\\\/\\\/iacrianca.pt\\\/en\\\/#website\"},\"primaryImageOfPage\":{\"@id\":\"https:\\\/\\\/iacrianca.pt\\\/en\\\/2025\\\/02\\\/horizontes-de-esperanca\\\/#primaryimage\"},\"image\":{\"@id\":\"https:\\\/\\\/iacrianca.pt\\\/en\\\/2025\\\/02\\\/horizontes-de-esperanca\\\/#primaryimage\"},\"thumbnailUrl\":\"https:\\\/\\\/iacrianca.pt\\\/wp-content\\\/uploads\\\/horizontes3.png\",\"datePublished\":\"2025-02-06T14:43:31+00:00\",\"dateModified\":\"2025-02-12T10:16:33+00:00\",\"breadcrumb\":{\"@id\":\"https:\\\/\\\/iacrianca.pt\\\/en\\\/2025\\\/02\\\/horizontes-de-esperanca\\\/#breadcrumb\"},\"inLanguage\":\"en-US\",\"potentialAction\":[{\"@type\":\"ReadAction\",\"target\":[\"https:\\\/\\\/iacrianca.pt\\\/en\\\/2025\\\/02\\\/horizontes-de-esperanca\\\/\"]}]},{\"@type\":\"ImageObject\",\"inLanguage\":\"en-US\",\"@id\":\"https:\\\/\\\/iacrianca.pt\\\/en\\\/2025\\\/02\\\/horizontes-de-esperanca\\\/#primaryimage\",\"url\":\"https:\\\/\\\/iacrianca.pt\\\/wp-content\\\/uploads\\\/horizontes3.png\",\"contentUrl\":\"https:\\\/\\\/iacrianca.pt\\\/wp-content\\\/uploads\\\/horizontes3.png\",\"width\":705,\"height\":538},{\"@type\":\"BreadcrumbList\",\"@id\":\"https:\\\/\\\/iacrianca.pt\\\/en\\\/2025\\\/02\\\/horizontes-de-esperanca\\\/#breadcrumb\",\"itemListElement\":[{\"@type\":\"ListItem\",\"position\":1,\"name\":\"In\u00edcio\",\"item\":\"https:\\\/\\\/iacrianca.pt\\\/en\\\/\"},{\"@type\":\"ListItem\",\"position\":2,\"name\":\"Horizontes de Esperan\u00e7a\"}]},{\"@type\":\"WebSite\",\"@id\":\"https:\\\/\\\/iacrianca.pt\\\/en\\\/#website\",\"url\":\"https:\\\/\\\/iacrianca.pt\\\/en\\\/\",\"name\":\"Instituto de Apoio \u00e0 Crian\u00e7a\",\"description\":\"Desde 1983 na defesa e promo\u00e7\u00e3o dos direitos da crian\u00e7a\",\"publisher\":{\"@id\":\"https:\\\/\\\/iacrianca.pt\\\/en\\\/#organization\"},\"potentialAction\":[{\"@type\":\"SearchAction\",\"target\":{\"@type\":\"EntryPoint\",\"urlTemplate\":\"https:\\\/\\\/iacrianca.pt\\\/en\\\/?s={search_term_string}\"},\"query-input\":{\"@type\":\"PropertyValueSpecification\",\"valueRequired\":true,\"valueName\":\"search_term_string\"}}],\"inLanguage\":\"en-US\"},{\"@type\":\"Organization\",\"@id\":\"https:\\\/\\\/iacrianca.pt\\\/en\\\/#organization\",\"name\":\"Instituto de Apoio \u00e0 Crian\u00e7a\",\"url\":\"https:\\\/\\\/iacrianca.pt\\\/en\\\/\",\"logo\":{\"@type\":\"ImageObject\",\"inLanguage\":\"en-US\",\"@id\":\"https:\\\/\\\/iacrianca.pt\\\/en\\\/#\\\/schema\\\/logo\\\/image\\\/\",\"url\":\"https:\\\/\\\/iacrianca.pt\\\/wp-content\\\/uploads\\\/2020\\\/04\\\/logo-iac-SD.jpg\",\"contentUrl\":\"https:\\\/\\\/iacrianca.pt\\\/wp-content\\\/uploads\\\/2020\\\/04\\\/logo-iac-SD.jpg\",\"width\":152,\"height\":73,\"caption\":\"Instituto de Apoio \u00e0 Crian\u00e7a\"},\"image\":{\"@id\":\"https:\\\/\\\/iacrianca.pt\\\/en\\\/#\\\/schema\\\/logo\\\/image\\\/\"},\"sameAs\":[\"https:\\\/\\\/www.facebook.com\\\/iacinstitutodeapoioacrianca\",\"https:\\\/\\\/x.com\\\/iacapoiocrianca\",\"https:\\\/\\\/www.youtube.com\\\/channel\\\/UC0jjfZ_xkN_59gJf_RQ-ZnQ\",\"https:\\\/\\\/www.linkedin.com\\\/company\\\/instituto-de-apoio--criana\\\/\",\"https:\\\/\\\/www.instagram.com\\\/iacinstitutodeapoioacrianca\\\/\",\"https:\\\/\\\/criancasatortoeadireitos.wordpress.com\\\/\"]},{\"@type\":\"Person\",\"@id\":\"https:\\\/\\\/iacrianca.pt\\\/en\\\/#\\\/schema\\\/person\\\/1c48c6e4b70d0dc7360e4b28ceaa5f6b\",\"name\":\"Administra\u00e7\u00e3o IAC\",\"image\":{\"@type\":\"ImageObject\",\"inLanguage\":\"en-US\",\"@id\":\"https:\\\/\\\/secure.gravatar.com\\\/avatar\\\/60b998c71de37dcc1398fc6d48c6b5ed7533e3ceec837c948055f072e3158ff1?s=96&d=mm&r=g\",\"url\":\"https:\\\/\\\/secure.gravatar.com\\\/avatar\\\/60b998c71de37dcc1398fc6d48c6b5ed7533e3ceec837c948055f072e3158ff1?s=96&d=mm&r=g\",\"contentUrl\":\"https:\\\/\\\/secure.gravatar.com\\\/avatar\\\/60b998c71de37dcc1398fc6d48c6b5ed7533e3ceec837c948055f072e3158ff1?s=96&d=mm&r=g\",\"caption\":\"Administra\u00e7\u00e3o IAC\"}}]}<\/script>\n<!-- \/ Yoast SEO plugin. -->","yoast_head_json":{"title":"Horizontes de Esperan\u00e7a | Instituto de Apoio \u00e0 Crian\u00e7a","robots":{"index":"index","follow":"follow","max-snippet":"max-snippet:-1","max-image-preview":"max-image-preview:large","max-video-preview":"max-video-preview:-1"},"canonical":"https:\/\/iacrianca.pt\/en\/2025\/02\/horizontes-de-esperanca\/","og_locale":"en_US","og_type":"article","og_title":"Horizontes de Esperan\u00e7a | Instituto de Apoio \u00e0 Crian\u00e7a","og_description":"No \u00e2mbito da interven\u00e7\u00e3o que desenvolvemos com os jovens, pretendemos promover e refor\u00e7ar diversas compet\u00eancias.\u00a0\u00a0 Estrategicamente recorremos a atividades l\u00fadico pedag\u00f3gicas, pois estas apresentam-se como facilitadoras dessa aquisi\u00e7\u00e3o. O l\u00fadico gera um espa\u00e7o para experimentar, estabelecer pontes entre o que j\u00e1 se &#8221; conhece e o novo&#8221;, compreender o meio, aprofundar conhecimentos e estimular a&hellip;","og_url":"https:\/\/iacrianca.pt\/en\/2025\/02\/horizontes-de-esperanca\/","og_site_name":"Instituto de Apoio \u00e0 Crian\u00e7a","article_publisher":"https:\/\/www.facebook.com\/iacinstitutodeapoioacrianca","article_published_time":"2025-02-06T14:43:31+00:00","article_modified_time":"2025-02-12T10:16:33+00:00","og_image":[{"width":705,"height":538,"url":"https:\/\/iacrianca.pt\/wp-content\/uploads\/horizontes3.png","type":"image\/png"}],"author":"Administra\u00e7\u00e3o IAC","twitter_card":"summary_large_image","twitter_creator":"@iacapoiocrianca","twitter_site":"@iacapoiocrianca","twitter_misc":{"Written by":"Administra\u00e7\u00e3o IAC","Est. reading time":"3 minutes"},"schema":{"@context":"https:\/\/schema.org","@graph":[{"@type":"Article","@id":"https:\/\/iacrianca.pt\/en\/2025\/02\/horizontes-de-esperanca\/#article","isPartOf":{"@id":"https:\/\/iacrianca.pt\/en\/2025\/02\/horizontes-de-esperanca\/"},"author":{"name":"Administra\u00e7\u00e3o IAC","@id":"https:\/\/iacrianca.pt\/en\/#\/schema\/person\/1c48c6e4b70d0dc7360e4b28ceaa5f6b"},"headline":"Horizontes de Esperan\u00e7a","datePublished":"2025-02-06T14:43:31+00:00","dateModified":"2025-02-12T10:16:33+00:00","mainEntityOfPage":{"@id":"https:\/\/iacrianca.pt\/en\/2025\/02\/horizontes-de-esperanca\/"},"wordCount":452,"publisher":{"@id":"https:\/\/iacrianca.pt\/en\/#organization"},"image":{"@id":"https:\/\/iacrianca.pt\/en\/2025\/02\/horizontes-de-esperanca\/#primaryimage"},"thumbnailUrl":"https:\/\/iacrianca.pt\/wp-content\/uploads\/horizontes3.png","articleSection":["Newsletter"],"inLanguage":"en-US"},{"@type":"WebPage","@id":"https:\/\/iacrianca.pt\/en\/2025\/02\/horizontes-de-esperanca\/","url":"https:\/\/iacrianca.pt\/en\/2025\/02\/horizontes-de-esperanca\/","name":"Horizontes de Esperan\u00e7a | Instituto de Apoio \u00e0 Crian\u00e7a","isPartOf":{"@id":"https:\/\/iacrianca.pt\/en\/#website"},"primaryImageOfPage":{"@id":"https:\/\/iacrianca.pt\/en\/2025\/02\/horizontes-de-esperanca\/#primaryimage"},"image":{"@id":"https:\/\/iacrianca.pt\/en\/2025\/02\/horizontes-de-esperanca\/#primaryimage"},"thumbnailUrl":"https:\/\/iacrianca.pt\/wp-content\/uploads\/horizontes3.png","datePublished":"2025-02-06T14:43:31+00:00","dateModified":"2025-02-12T10:16:33+00:00","breadcrumb":{"@id":"https:\/\/iacrianca.pt\/en\/2025\/02\/horizontes-de-esperanca\/#breadcrumb"},"inLanguage":"en-US","potentialAction":[{"@type":"ReadAction","target":["https:\/\/iacrianca.pt\/en\/2025\/02\/horizontes-de-esperanca\/"]}]},{"@type":"ImageObject","inLanguage":"en-US","@id":"https:\/\/iacrianca.pt\/en\/2025\/02\/horizontes-de-esperanca\/#primaryimage","url":"https:\/\/iacrianca.pt\/wp-content\/uploads\/horizontes3.png","contentUrl":"https:\/\/iacrianca.pt\/wp-content\/uploads\/horizontes3.png","width":705,"height":538},{"@type":"BreadcrumbList","@id":"https:\/\/iacrianca.pt\/en\/2025\/02\/horizontes-de-esperanca\/#breadcrumb","itemListElement":[{"@type":"ListItem","position":1,"name":"In\u00edcio","item":"https:\/\/iacrianca.pt\/en\/"},{"@type":"ListItem","position":2,"name":"Horizontes de Esperan\u00e7a"}]},{"@type":"WebSite","@id":"https:\/\/iacrianca.pt\/en\/#website","url":"https:\/\/iacrianca.pt\/en\/","name":"Instituto de Apoio \u00e0 Crian\u00e7a","description":"Desde 1983 na defesa e promo\u00e7\u00e3o dos direitos da crian\u00e7a","publisher":{"@id":"https:\/\/iacrianca.pt\/en\/#organization"},"potentialAction":[{"@type":"SearchAction","target":{"@type":"EntryPoint","urlTemplate":"https:\/\/iacrianca.pt\/en\/?s={search_term_string}"},"query-input":{"@type":"PropertyValueSpecification","valueRequired":true,"valueName":"search_term_string"}}],"inLanguage":"en-US"},{"@type":"Organization","@id":"https:\/\/iacrianca.pt\/en\/#organization","name":"Instituto de Apoio \u00e0 Crian\u00e7a","url":"https:\/\/iacrianca.pt\/en\/","logo":{"@type":"ImageObject","inLanguage":"en-US","@id":"https:\/\/iacrianca.pt\/en\/#\/schema\/logo\/image\/","url":"https:\/\/iacrianca.pt\/wp-content\/uploads\/2020\/04\/logo-iac-SD.jpg","contentUrl":"https:\/\/iacrianca.pt\/wp-content\/uploads\/2020\/04\/logo-iac-SD.jpg","width":152,"height":73,"caption":"Instituto de Apoio \u00e0 Crian\u00e7a"},"image":{"@id":"https:\/\/iacrianca.pt\/en\/#\/schema\/logo\/image\/"},"sameAs":["https:\/\/www.facebook.com\/iacinstitutodeapoioacrianca","https:\/\/x.com\/iacapoiocrianca","https:\/\/www.youtube.com\/channel\/UC0jjfZ_xkN_59gJf_RQ-ZnQ","https:\/\/www.linkedin.com\/company\/instituto-de-apoio--criana\/","https:\/\/www.instagram.com\/iacinstitutodeapoioacrianca\/","https:\/\/criancasatortoeadireitos.wordpress.com\/"]},{"@type":"Person","@id":"https:\/\/iacrianca.pt\/en\/#\/schema\/person\/1c48c6e4b70d0dc7360e4b28ceaa5f6b","name":"Administra\u00e7\u00e3o IAC","image":{"@type":"ImageObject","inLanguage":"en-US","@id":"https:\/\/secure.gravatar.com\/avatar\/60b998c71de37dcc1398fc6d48c6b5ed7533e3ceec837c948055f072e3158ff1?s=96&d=mm&r=g","url":"https:\/\/secure.gravatar.com\/avatar\/60b998c71de37dcc1398fc6d48c6b5ed7533e3ceec837c948055f072e3158ff1?s=96&d=mm&r=g","contentUrl":"https:\/\/secure.gravatar.com\/avatar\/60b998c71de37dcc1398fc6d48c6b5ed7533e3ceec837c948055f072e3158ff1?s=96&d=mm&r=g","caption":"Administra\u00e7\u00e3o IAC"}}]}},"_links":{"self":[{"href":"https:\/\/iacrianca.pt\/en\/wp-json\/wp\/v2\/posts\/24674","targetHints":{"allow":["GET"]}}],"collection":[{"href":"https:\/\/iacrianca.pt\/en\/wp-json\/wp\/v2\/posts"}],"about":[{"href":"https:\/\/iacrianca.pt\/en\/wp-json\/wp\/v2\/types\/post"}],"author":[{"embeddable":true,"href":"https:\/\/iacrianca.pt\/en\/wp-json\/wp\/v2\/users\/2"}],"replies":[{"embeddable":true,"href":"https:\/\/iacrianca.pt\/en\/wp-json\/wp\/v2\/comments?post=24674"}],"version-history":[{"count":0,"href":"https:\/\/iacrianca.pt\/en\/wp-json\/wp\/v2\/posts\/24674\/revisions"}],"wp:featuredmedia":[{"embeddable":true,"href":"https:\/\/iacrianca.pt\/en\/wp-json\/wp\/v2\/media\/24685"}],"wp:attachment":[{"href":"https:\/\/iacrianca.pt\/en\/wp-json\/wp\/v2\/media?parent=24674"}],"wp:term":[{"taxonomy":"category","embeddable":true,"href":"https:\/\/iacrianca.pt\/en\/wp-json\/wp\/v2\/categories?post=24674"},{"taxonomy":"post_tag","embeddable":true,"href":"https:\/\/iacrianca.pt\/en\/wp-json\/wp\/v2\/tags?post=24674"}],"curies":[{"name":"wp","href":"https:\/\/api.w.org\/{rel}","templated":true}]}}