{"id":24937,"date":"2025-03-06T15:47:50","date_gmt":"2025-03-06T15:47:50","guid":{"rendered":"https:\/\/iacrianca.pt\/?p=24937"},"modified":"2025-09-03T14:45:18","modified_gmt":"2025-09-03T13:45:18","slug":"participacao-no-projeto-jdl-escola-de-segunda-oportunidade-territorio-do-lumiar","status":"publish","type":"post","link":"https:\/\/iacrianca.pt\/en\/2025\/03\/participacao-no-projeto-jdl-escola-de-segunda-oportunidade-territorio-do-lumiar\/","title":{"rendered":"Participa\u00e7\u00e3o no projeto JDL- Escola de Segunda Oportunidade-territ\u00f3rio do Lumiar"},"content":{"rendered":"<p><span data-contrast=\"none\">Os jovens da\u00a0 <\/span><b><span data-contrast=\"none\">E2O<\/span><\/b><span data-contrast=\"none\"> &#8211; <\/span><b><span data-contrast=\"none\">Escola de Segunda Oportunidade-territ\u00f3rio do Lumiar,<\/span><\/b><span data-contrast=\"none\"> est\u00e3o a participar ativamente no projeto <\/span><b><span data-contrast=\"none\">JDL &#8211; Jovem Design de Lisboa. <\/span><\/b><span data-contrast=\"none\">Esta \u00e9 uma iniciativa promovida pela <\/span><b><span data-contrast=\"none\">Pol\u00edcia Municipal de Lisboa<\/span><\/b><span data-contrast=\"none\">\u00a0que pretende envolver os jovens e a policia no desenho de comunidades seguras, com o objetivo de fortalecer a rela\u00e7\u00e3o entre os jovens e a pol\u00edcia, atrav\u00e9s do desenvolvimento de um conjunto de solu\u00e7\u00f5es para desafios identificados no seu territ\u00f3rio.\u00a0<\/span><span data-ccp-props=\"{&quot;134233117&quot;:false,&quot;134233118&quot;:false,&quot;335557856&quot;:16777215,&quot;335559738&quot;:0,&quot;335559739&quot;:0}\">\u00a0<\/span><\/p>\n<p><span data-contrast=\"none\">Neste projeto participam quatro equipas, cada equipa \u00e9 constitu\u00edda por um policia mentor, dois monitores e os jovens que est\u00e3o a representar um territ\u00f3rio, que, no nosso caso, s\u00e3o os jovens integrados na E2O, desenvolvida em parceria com o <\/span><b><span data-contrast=\"none\">Agrupamento de Escolas do Alto do Lumiar<\/span><\/b><span data-contrast=\"none\">.\u00a0\u00a0<\/span><span data-ccp-props=\"{&quot;134233117&quot;:false,&quot;134233118&quot;:false,&quot;335557856&quot;:16777215,&quot;335559738&quot;:225,&quot;335559739&quot;:225}\">\u00a0<\/span><\/p>\n<p><span data-contrast=\"none\">O projeto desenvolve-se ao longo de doze semanas e, nesse per\u00edodo, dinamizam-se as sess\u00f5es semanais que garantem os avan\u00e7os do projeto, sempre na presen\u00e7a do pol\u00edcia mentor, monitores e os jovens. Ao longo desta linha temporal, existem alguns momentos chave, nomeadamente, a sess\u00e3o de abertura, a avalia\u00e7\u00e3o intercalar do projeto e o evento final, com a apresenta\u00e7\u00e3o \u00e0 comunidade das propostas de resolu\u00e7\u00e3o aos problemas identificados. Estes momentos s\u00e3o pensados para promover as interrela\u00e7\u00f5es entre os pares, as partilhas e, tamb\u00e9m momentos de divers\u00e3o entre todos os envolvidos.<\/span><span data-ccp-props=\"{&quot;134233117&quot;:false,&quot;134233118&quot;:false,&quot;335557856&quot;:16777215,&quot;335559738&quot;:225,&quot;335559739&quot;:225}\">\u00a0<\/span><\/p>\n<p><span data-contrast=\"none\">Os jovens da E2O, encontram-se bastante empolgados no desenvolvimento da sua ideia, que, por agora, \u00e9 segredo! <\/span><span data-ccp-props=\"{&quot;134233117&quot;:false,&quot;134233118&quot;:false,&quot;335557856&quot;:16777215,&quot;335559738&quot;:225,&quot;335559739&quot;:225}\">\u00a0<\/span><\/p>\n<p><span data-contrast=\"none\">Podemos no entanto, divulgar o nome da nossa equipa que \u00e9 <\/span><b><span data-contrast=\"none\">&#8220;School Force&#8221;<\/span><\/b><span data-contrast=\"none\">.\u00a0<\/span><span data-ccp-props=\"{&quot;134233117&quot;:false,&quot;134233118&quot;:false,&quot;335557856&quot;:16777215,&quot;335559738&quot;:225,&quot;335559739&quot;:225}\">\u00a0<\/span><\/p>\n<p><span data-contrast=\"none\">At\u00e9 ao momento, j\u00e1 foram desenvolvidas quatro sess\u00f5es. Neste per\u00edodo, foi poss\u00edvel definir, o nome da equipa, regras, identificar alguns problemas e poss\u00edveis solu\u00e7\u00f5es, fazer o log\u00f3tipo, preparar entrevistas, mas, acima de tudo, real\u00e7amos o empenho e o comprometimento dos nossos jovens para com o sucesso desta miss\u00e3o, a rela\u00e7\u00e3o saud\u00e1vel\u00a0 e de confian\u00e7a com o pol\u00edcia mentor e, por outro lado, o facto de se sentirem ouvidos e as suas ideias validadas.<\/span><span data-ccp-props=\"{&quot;134233117&quot;:false,&quot;134233118&quot;:false,&quot;335557856&quot;:16777215,&quot;335559738&quot;:225,&quot;335559739&quot;:225}\">\u00a0<\/span><\/p>\n<p><span data-contrast=\"none\">N\u00e3o poder\u00edamos estar mais satisfeitos, por participar no projeto da <\/span><b><span data-contrast=\"none\">JDL<\/span><\/b><span data-contrast=\"none\">, que, ao longo destas sess\u00f5es, tem vindo a ajudar a desconstruir preconceitos e estigmas aumentando os la\u00e7os de confian\u00e7a entre os jovens e a pol\u00edcia.<\/span><span data-ccp-props=\"{&quot;134233117&quot;:false,&quot;134233118&quot;:false,&quot;335557856&quot;:16777215,&quot;335559738&quot;:225,&quot;335559739&quot;:225}\">\u00a0<\/span><\/p>\n<p>&nbsp;<\/p>\n<p>Projeto financiado pelo PRR &#8211; Plano de Recupera\u00e7\u00e3o e Resili\u00eancia<\/p>\n<p><a href=\"http:\/\/www.recuperarportugal.gov.pt\">http:\/\/www.recuperarportugal.gov.pt<\/a><\/p>\n<p>#ContruirOFuturo #ConstruirFuturos #Recupera\u00e7\u00e3oEmA\u00e7\u00e3o<\/p>\n<p><img fetchpriority=\"high\" decoding=\"async\" class=\"alignnone wp-image-24940 size-full\" src=\"https:\/\/iacrianca.pt\/wp-content\/uploads\/cef-2.jpg\" alt=\"\" width=\"1227\" height=\"806\" srcset=\"https:\/\/iacrianca.pt\/wp-content\/uploads\/cef-2.jpg 1227w, https:\/\/iacrianca.pt\/wp-content\/uploads\/cef-2-300x197.jpg 300w, https:\/\/iacrianca.pt\/wp-content\/uploads\/cef-2-1024x673.jpg 1024w, https:\/\/iacrianca.pt\/wp-content\/uploads\/cef-2-768x504.jpg 768w\" sizes=\"(max-width: 1227px) 100vw, 1227px\" \/><\/p>\n<p><img decoding=\"async\" class=\"alignnone wp-image-24938 size-full\" src=\"https:\/\/iacrianca.pt\/wp-content\/uploads\/cef3.jpg\" alt=\"\" width=\"1225\" height=\"710\" srcset=\"https:\/\/iacrianca.pt\/wp-content\/uploads\/cef3.jpg 1225w, https:\/\/iacrianca.pt\/wp-content\/uploads\/cef3-300x174.jpg 300w, https:\/\/iacrianca.pt\/wp-content\/uploads\/cef3-1024x594.jpg 1024w, https:\/\/iacrianca.pt\/wp-content\/uploads\/cef3-768x445.jpg 768w\" sizes=\"(max-width: 1225px) 100vw, 1225px\" \/><\/p>\n","protected":false},"excerpt":{"rendered":"<p>Os jovens da\u00a0 E2O &#8211; Escola de Segunda Oportunidade-territ\u00f3rio do Lumiar, est\u00e3o a participar ativamente no projeto JDL &#8211; Jovem Design de Lisboa. Esta \u00e9 uma iniciativa promovida pela Pol\u00edcia Municipal de Lisboa\u00a0que pretende envolver os jovens e a policia no desenho de comunidades seguras, com o objetivo de fortalecer a rela\u00e7\u00e3o entre os jovens&hellip;<\/p>\n","protected":false},"author":2,"featured_media":24942,"comment_status":"closed","ping_status":"open","sticky":false,"template":"","format":"standard","meta":{"_acf_changed":false,"footnotes":""},"categories":[63],"tags":[],"class_list":["post-24937","post","type-post","status-publish","format-standard","has-post-thumbnail","hentry","category-newsletter","category-63","description-off"],"acf":[],"yoast_head":"<!-- This site is optimized with the Yoast SEO plugin v27.5 - https:\/\/yoast.com\/product\/yoast-seo-wordpress\/ -->\n<title>Participa\u00e7\u00e3o no projeto JDL- Escola de Segunda Oportunidade-territ\u00f3rio do Lumiar | Instituto de Apoio \u00e0 Crian\u00e7a<\/title>\n<meta name=\"robots\" content=\"index, follow, max-snippet:-1, max-image-preview:large, max-video-preview:-1\" \/>\n<link rel=\"canonical\" href=\"https:\/\/iacrianca.pt\/en\/2025\/03\/participacao-no-projeto-jdl-escola-de-segunda-oportunidade-territorio-do-lumiar\/\" \/>\n<meta property=\"og:locale\" content=\"en_US\" \/>\n<meta property=\"og:type\" content=\"article\" \/>\n<meta property=\"og:title\" content=\"Participa\u00e7\u00e3o no projeto JDL- Escola de Segunda Oportunidade-territ\u00f3rio do Lumiar | Instituto de Apoio \u00e0 Crian\u00e7a\" \/>\n<meta property=\"og:description\" content=\"Os jovens da\u00a0 E2O &#8211; Escola de Segunda Oportunidade-territ\u00f3rio do Lumiar, est\u00e3o a participar ativamente no projeto JDL &#8211; Jovem Design de Lisboa. Esta \u00e9 uma iniciativa promovida pela Pol\u00edcia Municipal de Lisboa\u00a0que pretende envolver os jovens e a policia no desenho de comunidades seguras, com o objetivo de fortalecer a rela\u00e7\u00e3o entre os jovens&hellip;\" \/>\n<meta property=\"og:url\" content=\"https:\/\/iacrianca.pt\/en\/2025\/03\/participacao-no-projeto-jdl-escola-de-segunda-oportunidade-territorio-do-lumiar\/\" \/>\n<meta property=\"og:site_name\" content=\"Instituto de Apoio \u00e0 Crian\u00e7a\" \/>\n<meta property=\"article:publisher\" content=\"https:\/\/www.facebook.com\/iacinstitutodeapoioacrianca\" \/>\n<meta property=\"article:published_time\" content=\"2025-03-06T15:47:50+00:00\" \/>\n<meta property=\"article:modified_time\" content=\"2025-09-03T13:45:18+00:00\" \/>\n<meta property=\"og:image\" content=\"https:\/\/iacrianca.pt\/wp-content\/uploads\/cef2-1.jpg\" \/>\n\t<meta property=\"og:image:width\" content=\"1207\" \/>\n\t<meta property=\"og:image:height\" content=\"702\" \/>\n\t<meta property=\"og:image:type\" content=\"image\/jpeg\" \/>\n<meta name=\"author\" content=\"Administra\u00e7\u00e3o IAC\" \/>\n<meta name=\"twitter:card\" content=\"summary_large_image\" \/>\n<meta name=\"twitter:creator\" content=\"@iacapoiocrianca\" \/>\n<meta name=\"twitter:site\" content=\"@iacapoiocrianca\" \/>\n<meta name=\"twitter:label1\" content=\"Written by\" \/>\n\t<meta name=\"twitter:data1\" content=\"Administra\u00e7\u00e3o IAC\" \/>\n\t<meta name=\"twitter:label2\" content=\"Est. reading time\" \/>\n\t<meta name=\"twitter:data2\" content=\"3 minutes\" \/>\n<script type=\"application\/ld+json\" class=\"yoast-schema-graph\">{\"@context\":\"https:\\\/\\\/schema.org\",\"@graph\":[{\"@type\":\"Article\",\"@id\":\"https:\\\/\\\/iacrianca.pt\\\/en\\\/2025\\\/03\\\/participacao-no-projeto-jdl-escola-de-segunda-oportunidade-territorio-do-lumiar\\\/#article\",\"isPartOf\":{\"@id\":\"https:\\\/\\\/iacrianca.pt\\\/en\\\/2025\\\/03\\\/participacao-no-projeto-jdl-escola-de-segunda-oportunidade-territorio-do-lumiar\\\/\"},\"author\":{\"name\":\"Administra\u00e7\u00e3o IAC\",\"@id\":\"https:\\\/\\\/iacrianca.pt\\\/en\\\/#\\\/schema\\\/person\\\/1c48c6e4b70d0dc7360e4b28ceaa5f6b\"},\"headline\":\"Participa\u00e7\u00e3o no projeto JDL- Escola de Segunda Oportunidade-territ\u00f3rio do Lumiar\",\"datePublished\":\"2025-03-06T15:47:50+00:00\",\"dateModified\":\"2025-09-03T13:45:18+00:00\",\"mainEntityOfPage\":{\"@id\":\"https:\\\/\\\/iacrianca.pt\\\/en\\\/2025\\\/03\\\/participacao-no-projeto-jdl-escola-de-segunda-oportunidade-territorio-do-lumiar\\\/\"},\"wordCount\":422,\"publisher\":{\"@id\":\"https:\\\/\\\/iacrianca.pt\\\/en\\\/#organization\"},\"image\":{\"@id\":\"https:\\\/\\\/iacrianca.pt\\\/en\\\/2025\\\/03\\\/participacao-no-projeto-jdl-escola-de-segunda-oportunidade-territorio-do-lumiar\\\/#primaryimage\"},\"thumbnailUrl\":\"https:\\\/\\\/iacrianca.pt\\\/wp-content\\\/uploads\\\/cef2-1.jpg\",\"articleSection\":[\"Newsletter\"],\"inLanguage\":\"en-US\"},{\"@type\":\"WebPage\",\"@id\":\"https:\\\/\\\/iacrianca.pt\\\/en\\\/2025\\\/03\\\/participacao-no-projeto-jdl-escola-de-segunda-oportunidade-territorio-do-lumiar\\\/\",\"url\":\"https:\\\/\\\/iacrianca.pt\\\/en\\\/2025\\\/03\\\/participacao-no-projeto-jdl-escola-de-segunda-oportunidade-territorio-do-lumiar\\\/\",\"name\":\"Participa\u00e7\u00e3o no projeto JDL- Escola de Segunda Oportunidade-territ\u00f3rio do Lumiar | Instituto de Apoio \u00e0 Crian\u00e7a\",\"isPartOf\":{\"@id\":\"https:\\\/\\\/iacrianca.pt\\\/en\\\/#website\"},\"primaryImageOfPage\":{\"@id\":\"https:\\\/\\\/iacrianca.pt\\\/en\\\/2025\\\/03\\\/participacao-no-projeto-jdl-escola-de-segunda-oportunidade-territorio-do-lumiar\\\/#primaryimage\"},\"image\":{\"@id\":\"https:\\\/\\\/iacrianca.pt\\\/en\\\/2025\\\/03\\\/participacao-no-projeto-jdl-escola-de-segunda-oportunidade-territorio-do-lumiar\\\/#primaryimage\"},\"thumbnailUrl\":\"https:\\\/\\\/iacrianca.pt\\\/wp-content\\\/uploads\\\/cef2-1.jpg\",\"datePublished\":\"2025-03-06T15:47:50+00:00\",\"dateModified\":\"2025-09-03T13:45:18+00:00\",\"breadcrumb\":{\"@id\":\"https:\\\/\\\/iacrianca.pt\\\/en\\\/2025\\\/03\\\/participacao-no-projeto-jdl-escola-de-segunda-oportunidade-territorio-do-lumiar\\\/#breadcrumb\"},\"inLanguage\":\"en-US\",\"potentialAction\":[{\"@type\":\"ReadAction\",\"target\":[\"https:\\\/\\\/iacrianca.pt\\\/en\\\/2025\\\/03\\\/participacao-no-projeto-jdl-escola-de-segunda-oportunidade-territorio-do-lumiar\\\/\"]}]},{\"@type\":\"ImageObject\",\"inLanguage\":\"en-US\",\"@id\":\"https:\\\/\\\/iacrianca.pt\\\/en\\\/2025\\\/03\\\/participacao-no-projeto-jdl-escola-de-segunda-oportunidade-territorio-do-lumiar\\\/#primaryimage\",\"url\":\"https:\\\/\\\/iacrianca.pt\\\/wp-content\\\/uploads\\\/cef2-1.jpg\",\"contentUrl\":\"https:\\\/\\\/iacrianca.pt\\\/wp-content\\\/uploads\\\/cef2-1.jpg\",\"width\":1207,\"height\":702},{\"@type\":\"BreadcrumbList\",\"@id\":\"https:\\\/\\\/iacrianca.pt\\\/en\\\/2025\\\/03\\\/participacao-no-projeto-jdl-escola-de-segunda-oportunidade-territorio-do-lumiar\\\/#breadcrumb\",\"itemListElement\":[{\"@type\":\"ListItem\",\"position\":1,\"name\":\"In\u00edcio\",\"item\":\"https:\\\/\\\/iacrianca.pt\\\/en\\\/\"},{\"@type\":\"ListItem\",\"position\":2,\"name\":\"Participa\u00e7\u00e3o no projeto JDL- Escola de Segunda Oportunidade-territ\u00f3rio do Lumiar\"}]},{\"@type\":\"WebSite\",\"@id\":\"https:\\\/\\\/iacrianca.pt\\\/en\\\/#website\",\"url\":\"https:\\\/\\\/iacrianca.pt\\\/en\\\/\",\"name\":\"Instituto de Apoio \u00e0 Crian\u00e7a\",\"description\":\"Desde 1983 na defesa e promo\u00e7\u00e3o dos direitos da crian\u00e7a\",\"publisher\":{\"@id\":\"https:\\\/\\\/iacrianca.pt\\\/en\\\/#organization\"},\"potentialAction\":[{\"@type\":\"SearchAction\",\"target\":{\"@type\":\"EntryPoint\",\"urlTemplate\":\"https:\\\/\\\/iacrianca.pt\\\/en\\\/?s={search_term_string}\"},\"query-input\":{\"@type\":\"PropertyValueSpecification\",\"valueRequired\":true,\"valueName\":\"search_term_string\"}}],\"inLanguage\":\"en-US\"},{\"@type\":\"Organization\",\"@id\":\"https:\\\/\\\/iacrianca.pt\\\/en\\\/#organization\",\"name\":\"Instituto de Apoio \u00e0 Crian\u00e7a\",\"url\":\"https:\\\/\\\/iacrianca.pt\\\/en\\\/\",\"logo\":{\"@type\":\"ImageObject\",\"inLanguage\":\"en-US\",\"@id\":\"https:\\\/\\\/iacrianca.pt\\\/en\\\/#\\\/schema\\\/logo\\\/image\\\/\",\"url\":\"https:\\\/\\\/iacrianca.pt\\\/wp-content\\\/uploads\\\/2020\\\/04\\\/logo-iac-SD.jpg\",\"contentUrl\":\"https:\\\/\\\/iacrianca.pt\\\/wp-content\\\/uploads\\\/2020\\\/04\\\/logo-iac-SD.jpg\",\"width\":152,\"height\":73,\"caption\":\"Instituto de Apoio \u00e0 Crian\u00e7a\"},\"image\":{\"@id\":\"https:\\\/\\\/iacrianca.pt\\\/en\\\/#\\\/schema\\\/logo\\\/image\\\/\"},\"sameAs\":[\"https:\\\/\\\/www.facebook.com\\\/iacinstitutodeapoioacrianca\",\"https:\\\/\\\/x.com\\\/iacapoiocrianca\",\"https:\\\/\\\/www.youtube.com\\\/channel\\\/UC0jjfZ_xkN_59gJf_RQ-ZnQ\",\"https:\\\/\\\/www.linkedin.com\\\/company\\\/instituto-de-apoio--criana\\\/\",\"https:\\\/\\\/www.instagram.com\\\/iacinstitutodeapoioacrianca\\\/\",\"https:\\\/\\\/criancasatortoeadireitos.wordpress.com\\\/\"]},{\"@type\":\"Person\",\"@id\":\"https:\\\/\\\/iacrianca.pt\\\/en\\\/#\\\/schema\\\/person\\\/1c48c6e4b70d0dc7360e4b28ceaa5f6b\",\"name\":\"Administra\u00e7\u00e3o IAC\",\"image\":{\"@type\":\"ImageObject\",\"inLanguage\":\"en-US\",\"@id\":\"https:\\\/\\\/secure.gravatar.com\\\/avatar\\\/60b998c71de37dcc1398fc6d48c6b5ed7533e3ceec837c948055f072e3158ff1?s=96&d=mm&r=g\",\"url\":\"https:\\\/\\\/secure.gravatar.com\\\/avatar\\\/60b998c71de37dcc1398fc6d48c6b5ed7533e3ceec837c948055f072e3158ff1?s=96&d=mm&r=g\",\"contentUrl\":\"https:\\\/\\\/secure.gravatar.com\\\/avatar\\\/60b998c71de37dcc1398fc6d48c6b5ed7533e3ceec837c948055f072e3158ff1?s=96&d=mm&r=g\",\"caption\":\"Administra\u00e7\u00e3o IAC\"}}]}<\/script>\n<!-- \/ Yoast SEO plugin. -->","yoast_head_json":{"title":"Participa\u00e7\u00e3o no projeto JDL- Escola de Segunda Oportunidade-territ\u00f3rio do Lumiar | Instituto de Apoio \u00e0 Crian\u00e7a","robots":{"index":"index","follow":"follow","max-snippet":"max-snippet:-1","max-image-preview":"max-image-preview:large","max-video-preview":"max-video-preview:-1"},"canonical":"https:\/\/iacrianca.pt\/en\/2025\/03\/participacao-no-projeto-jdl-escola-de-segunda-oportunidade-territorio-do-lumiar\/","og_locale":"en_US","og_type":"article","og_title":"Participa\u00e7\u00e3o no projeto JDL- Escola de Segunda Oportunidade-territ\u00f3rio do Lumiar | Instituto de Apoio \u00e0 Crian\u00e7a","og_description":"Os jovens da\u00a0 E2O &#8211; Escola de Segunda Oportunidade-territ\u00f3rio do Lumiar, est\u00e3o a participar ativamente no projeto JDL &#8211; Jovem Design de Lisboa. Esta \u00e9 uma iniciativa promovida pela Pol\u00edcia Municipal de Lisboa\u00a0que pretende envolver os jovens e a policia no desenho de comunidades seguras, com o objetivo de fortalecer a rela\u00e7\u00e3o entre os jovens&hellip;","og_url":"https:\/\/iacrianca.pt\/en\/2025\/03\/participacao-no-projeto-jdl-escola-de-segunda-oportunidade-territorio-do-lumiar\/","og_site_name":"Instituto de Apoio \u00e0 Crian\u00e7a","article_publisher":"https:\/\/www.facebook.com\/iacinstitutodeapoioacrianca","article_published_time":"2025-03-06T15:47:50+00:00","article_modified_time":"2025-09-03T13:45:18+00:00","og_image":[{"width":1207,"height":702,"url":"https:\/\/iacrianca.pt\/wp-content\/uploads\/cef2-1.jpg","type":"image\/jpeg"}],"author":"Administra\u00e7\u00e3o IAC","twitter_card":"summary_large_image","twitter_creator":"@iacapoiocrianca","twitter_site":"@iacapoiocrianca","twitter_misc":{"Written by":"Administra\u00e7\u00e3o IAC","Est. reading time":"3 minutes"},"schema":{"@context":"https:\/\/schema.org","@graph":[{"@type":"Article","@id":"https:\/\/iacrianca.pt\/en\/2025\/03\/participacao-no-projeto-jdl-escola-de-segunda-oportunidade-territorio-do-lumiar\/#article","isPartOf":{"@id":"https:\/\/iacrianca.pt\/en\/2025\/03\/participacao-no-projeto-jdl-escola-de-segunda-oportunidade-territorio-do-lumiar\/"},"author":{"name":"Administra\u00e7\u00e3o IAC","@id":"https:\/\/iacrianca.pt\/en\/#\/schema\/person\/1c48c6e4b70d0dc7360e4b28ceaa5f6b"},"headline":"Participa\u00e7\u00e3o no projeto JDL- Escola de Segunda Oportunidade-territ\u00f3rio do Lumiar","datePublished":"2025-03-06T15:47:50+00:00","dateModified":"2025-09-03T13:45:18+00:00","mainEntityOfPage":{"@id":"https:\/\/iacrianca.pt\/en\/2025\/03\/participacao-no-projeto-jdl-escola-de-segunda-oportunidade-territorio-do-lumiar\/"},"wordCount":422,"publisher":{"@id":"https:\/\/iacrianca.pt\/en\/#organization"},"image":{"@id":"https:\/\/iacrianca.pt\/en\/2025\/03\/participacao-no-projeto-jdl-escola-de-segunda-oportunidade-territorio-do-lumiar\/#primaryimage"},"thumbnailUrl":"https:\/\/iacrianca.pt\/wp-content\/uploads\/cef2-1.jpg","articleSection":["Newsletter"],"inLanguage":"en-US"},{"@type":"WebPage","@id":"https:\/\/iacrianca.pt\/en\/2025\/03\/participacao-no-projeto-jdl-escola-de-segunda-oportunidade-territorio-do-lumiar\/","url":"https:\/\/iacrianca.pt\/en\/2025\/03\/participacao-no-projeto-jdl-escola-de-segunda-oportunidade-territorio-do-lumiar\/","name":"Participa\u00e7\u00e3o no projeto JDL- Escola de Segunda Oportunidade-territ\u00f3rio do Lumiar | Instituto de Apoio \u00e0 Crian\u00e7a","isPartOf":{"@id":"https:\/\/iacrianca.pt\/en\/#website"},"primaryImageOfPage":{"@id":"https:\/\/iacrianca.pt\/en\/2025\/03\/participacao-no-projeto-jdl-escola-de-segunda-oportunidade-territorio-do-lumiar\/#primaryimage"},"image":{"@id":"https:\/\/iacrianca.pt\/en\/2025\/03\/participacao-no-projeto-jdl-escola-de-segunda-oportunidade-territorio-do-lumiar\/#primaryimage"},"thumbnailUrl":"https:\/\/iacrianca.pt\/wp-content\/uploads\/cef2-1.jpg","datePublished":"2025-03-06T15:47:50+00:00","dateModified":"2025-09-03T13:45:18+00:00","breadcrumb":{"@id":"https:\/\/iacrianca.pt\/en\/2025\/03\/participacao-no-projeto-jdl-escola-de-segunda-oportunidade-territorio-do-lumiar\/#breadcrumb"},"inLanguage":"en-US","potentialAction":[{"@type":"ReadAction","target":["https:\/\/iacrianca.pt\/en\/2025\/03\/participacao-no-projeto-jdl-escola-de-segunda-oportunidade-territorio-do-lumiar\/"]}]},{"@type":"ImageObject","inLanguage":"en-US","@id":"https:\/\/iacrianca.pt\/en\/2025\/03\/participacao-no-projeto-jdl-escola-de-segunda-oportunidade-territorio-do-lumiar\/#primaryimage","url":"https:\/\/iacrianca.pt\/wp-content\/uploads\/cef2-1.jpg","contentUrl":"https:\/\/iacrianca.pt\/wp-content\/uploads\/cef2-1.jpg","width":1207,"height":702},{"@type":"BreadcrumbList","@id":"https:\/\/iacrianca.pt\/en\/2025\/03\/participacao-no-projeto-jdl-escola-de-segunda-oportunidade-territorio-do-lumiar\/#breadcrumb","itemListElement":[{"@type":"ListItem","position":1,"name":"In\u00edcio","item":"https:\/\/iacrianca.pt\/en\/"},{"@type":"ListItem","position":2,"name":"Participa\u00e7\u00e3o no projeto JDL- Escola de Segunda Oportunidade-territ\u00f3rio do Lumiar"}]},{"@type":"WebSite","@id":"https:\/\/iacrianca.pt\/en\/#website","url":"https:\/\/iacrianca.pt\/en\/","name":"Instituto de Apoio \u00e0 Crian\u00e7a","description":"Desde 1983 na defesa e promo\u00e7\u00e3o dos direitos da crian\u00e7a","publisher":{"@id":"https:\/\/iacrianca.pt\/en\/#organization"},"potentialAction":[{"@type":"SearchAction","target":{"@type":"EntryPoint","urlTemplate":"https:\/\/iacrianca.pt\/en\/?s={search_term_string}"},"query-input":{"@type":"PropertyValueSpecification","valueRequired":true,"valueName":"search_term_string"}}],"inLanguage":"en-US"},{"@type":"Organization","@id":"https:\/\/iacrianca.pt\/en\/#organization","name":"Instituto de Apoio \u00e0 Crian\u00e7a","url":"https:\/\/iacrianca.pt\/en\/","logo":{"@type":"ImageObject","inLanguage":"en-US","@id":"https:\/\/iacrianca.pt\/en\/#\/schema\/logo\/image\/","url":"https:\/\/iacrianca.pt\/wp-content\/uploads\/2020\/04\/logo-iac-SD.jpg","contentUrl":"https:\/\/iacrianca.pt\/wp-content\/uploads\/2020\/04\/logo-iac-SD.jpg","width":152,"height":73,"caption":"Instituto de Apoio \u00e0 Crian\u00e7a"},"image":{"@id":"https:\/\/iacrianca.pt\/en\/#\/schema\/logo\/image\/"},"sameAs":["https:\/\/www.facebook.com\/iacinstitutodeapoioacrianca","https:\/\/x.com\/iacapoiocrianca","https:\/\/www.youtube.com\/channel\/UC0jjfZ_xkN_59gJf_RQ-ZnQ","https:\/\/www.linkedin.com\/company\/instituto-de-apoio--criana\/","https:\/\/www.instagram.com\/iacinstitutodeapoioacrianca\/","https:\/\/criancasatortoeadireitos.wordpress.com\/"]},{"@type":"Person","@id":"https:\/\/iacrianca.pt\/en\/#\/schema\/person\/1c48c6e4b70d0dc7360e4b28ceaa5f6b","name":"Administra\u00e7\u00e3o IAC","image":{"@type":"ImageObject","inLanguage":"en-US","@id":"https:\/\/secure.gravatar.com\/avatar\/60b998c71de37dcc1398fc6d48c6b5ed7533e3ceec837c948055f072e3158ff1?s=96&d=mm&r=g","url":"https:\/\/secure.gravatar.com\/avatar\/60b998c71de37dcc1398fc6d48c6b5ed7533e3ceec837c948055f072e3158ff1?s=96&d=mm&r=g","contentUrl":"https:\/\/secure.gravatar.com\/avatar\/60b998c71de37dcc1398fc6d48c6b5ed7533e3ceec837c948055f072e3158ff1?s=96&d=mm&r=g","caption":"Administra\u00e7\u00e3o IAC"}}]}},"_links":{"self":[{"href":"https:\/\/iacrianca.pt\/en\/wp-json\/wp\/v2\/posts\/24937","targetHints":{"allow":["GET"]}}],"collection":[{"href":"https:\/\/iacrianca.pt\/en\/wp-json\/wp\/v2\/posts"}],"about":[{"href":"https:\/\/iacrianca.pt\/en\/wp-json\/wp\/v2\/types\/post"}],"author":[{"embeddable":true,"href":"https:\/\/iacrianca.pt\/en\/wp-json\/wp\/v2\/users\/2"}],"replies":[{"embeddable":true,"href":"https:\/\/iacrianca.pt\/en\/wp-json\/wp\/v2\/comments?post=24937"}],"version-history":[{"count":0,"href":"https:\/\/iacrianca.pt\/en\/wp-json\/wp\/v2\/posts\/24937\/revisions"}],"wp:featuredmedia":[{"embeddable":true,"href":"https:\/\/iacrianca.pt\/en\/wp-json\/wp\/v2\/media\/24942"}],"wp:attachment":[{"href":"https:\/\/iacrianca.pt\/en\/wp-json\/wp\/v2\/media?parent=24937"}],"wp:term":[{"taxonomy":"category","embeddable":true,"href":"https:\/\/iacrianca.pt\/en\/wp-json\/wp\/v2\/categories?post=24937"},{"taxonomy":"post_tag","embeddable":true,"href":"https:\/\/iacrianca.pt\/en\/wp-json\/wp\/v2\/tags?post=24937"}],"curies":[{"name":"wp","href":"https:\/\/api.w.org\/{rel}","templated":true}]}}