{"id":24959,"date":"2025-03-06T15:59:42","date_gmt":"2025-03-06T15:59:42","guid":{"rendered":"https:\/\/iacrianca.pt\/?p=24959"},"modified":"2025-09-03T14:43:53","modified_gmt":"2025-09-03T13:43:53","slug":"visita-a-oficina-do-cego-pelos-jovens-da-e2o-de-lumiar-e-santa-clara","status":"publish","type":"post","link":"https:\/\/iacrianca.pt\/en\/2025\/03\/visita-a-oficina-do-cego-pelos-jovens-da-e2o-de-lumiar-e-santa-clara\/","title":{"rendered":"Visita \u00e0 Oficina do Cego pelos jovens da E2O de Lumiar e Santa Clara"},"content":{"rendered":"<p><span data-contrast=\"none\">No passado dia 10 de Fevereiro a Escola de Segunda Oportunidade \u2013 Educar e Formar para Inserir \u2013 Lisboa \u2013 Territ\u00f3rio do Lumiar e Santa Clara, levou os jovens em visita de estudo \u00e0 Oficina do Cego &#8211; Associa\u00e7\u00e3o de Artes Gr\u00e1ficas. Por esta altura, o projecto em curso era dedicado \u00e0s \u2018Tecnologias\u2019 e, no \u00e2mbito da \u00e1rea de Artes Visuais, debru\u00e7aram-se sobre a reflex\u00e3o e experimenta\u00e7\u00e3o de tecnologias de impress\u00e3o tradicionais.<\/span><span data-ccp-props=\"{&quot;134233117&quot;:false,&quot;134233118&quot;:false,&quot;201341983&quot;:0,&quot;335557856&quot;:16777215,&quot;335559738&quot;:0,&quot;335559739&quot;:160,&quot;335559740&quot;:235}\">\u00a0<\/span><\/p>\n<p><span data-contrast=\"none\">Os alunos vestiram batas, cal\u00e7aram luvas, arrega\u00e7aram mangas e puseram as m\u00e3os na tinta, ou melhor, nos rolos, rodos (ou racletes) e tipos, para experienciar a impress\u00e3o com recurso \u00e0s t\u00e9cnicas de stencil, serigrafia e tipografia de caracteres m\u00f3veis. Foi uma manh\u00e3 bem passada da qual resultaram cartazes muito coloridos, com uma matriz comum, mas personalizados pela intui\u00e7\u00e3o e gosto dos intervenientes.<\/span><span data-ccp-props=\"{&quot;134233117&quot;:false,&quot;134233118&quot;:false,&quot;201341983&quot;:0,&quot;335557856&quot;:16777215,&quot;335559738&quot;:0,&quot;335559739&quot;:160,&quot;335559740&quot;:235}\">\u00a0<\/span><\/p>\n<p><span data-contrast=\"none\">A Oficina do Cego \u00e9 uma associa\u00e7\u00e3o sem fins lucrativos, fundada em 2009 por um grupo de entusiastas das artes, da impress\u00e3o e do livro. Dedica-se \u00e0 cria\u00e7\u00e3o de objectos gr\u00e1ficos, como posters, livros ou cadernos, todos eles constru\u00eddos numa l\u00f3gica de colectivo ou de \u201cm\u00e3os na massa\u201d. Por outro lado, tem uma voca\u00e7\u00e3o inerente para o ensino, a partilha, a pedagogia de disciplinas gr\u00e1ficas, tais como a serigrafia, tipografia, cianotipia, gravura, mas tamb\u00e9m encaderna\u00e7\u00e3o, artes do papel e muitas outras dimens\u00f5es associadas a estas \u00e1reas.<\/span><span data-ccp-props=\"{&quot;134233117&quot;:false,&quot;134233118&quot;:false,&quot;201341983&quot;:0,&quot;335557856&quot;:16777215,&quot;335559738&quot;:0,&quot;335559739&quot;:160,&quot;335559740&quot;:235}\">\u00a0<\/span><\/p>\n<p><span data-contrast=\"none\">A Escola de Segunda Oportunidade, agradece \u00e0 Oficina do Cego a possibilidade de visita e partilha com os nossos jovens.<\/span><span data-ccp-props=\"{&quot;134233117&quot;:false,&quot;134233118&quot;:false,&quot;201341983&quot;:0,&quot;335557856&quot;:16777215,&quot;335559738&quot;:0,&quot;335559739&quot;:160,&quot;335559740&quot;:235}\">\u00a0<\/span><\/p>\n<p>&nbsp;<\/p>\n<p>Projeto financiado pelo PRR &#8211; Plano de Recupera\u00e7\u00e3o e Resili\u00eancia<\/p>\n<p><a href=\"http:\/\/www.recuperarportugal.gov.pt\">http:\/\/www.recuperarportugal.gov.pt<\/a><\/p>\n<p>#ContruirOFuturo #ConstruirFuturos #Recupera\u00e7\u00e3oEmA\u00e7\u00e3o<\/p>\n<p><img fetchpriority=\"high\" decoding=\"async\" class=\"alignnone wp-image-24960 size-full\" src=\"https:\/\/iacrianca.pt\/wp-content\/uploads\/cef-visita-a-oficina-do-cego-2.jpg\" alt=\"\" width=\"923\" height=\"2048\" srcset=\"https:\/\/iacrianca.pt\/wp-content\/uploads\/cef-visita-a-oficina-do-cego-2.jpg 923w, https:\/\/iacrianca.pt\/wp-content\/uploads\/cef-visita-a-oficina-do-cego-2-135x300.jpg 135w, https:\/\/iacrianca.pt\/wp-content\/uploads\/cef-visita-a-oficina-do-cego-2-462x1024.jpg 462w, https:\/\/iacrianca.pt\/wp-content\/uploads\/cef-visita-a-oficina-do-cego-2-768x1704.jpg 768w, https:\/\/iacrianca.pt\/wp-content\/uploads\/cef-visita-a-oficina-do-cego-2-692x1536.jpg 692w\" sizes=\"(max-width: 923px) 100vw, 923px\" \/><\/p>\n","protected":false},"excerpt":{"rendered":"<p>No passado dia 10 de Fevereiro a Escola de Segunda Oportunidade \u2013 Educar e Formar para Inserir \u2013 Lisboa \u2013 Territ\u00f3rio do Lumiar e Santa Clara, levou os jovens em visita de estudo \u00e0 Oficina do Cego &#8211; Associa\u00e7\u00e3o de Artes Gr\u00e1ficas. Por esta altura, o projecto em curso era dedicado \u00e0s \u2018Tecnologias\u2019 e, no&hellip;<\/p>\n","protected":false},"author":2,"featured_media":24962,"comment_status":"closed","ping_status":"open","sticky":false,"template":"","format":"standard","meta":{"_acf_changed":false,"footnotes":""},"categories":[63],"tags":[],"class_list":["post-24959","post","type-post","status-publish","format-standard","has-post-thumbnail","hentry","category-newsletter","category-63","description-off"],"acf":[],"yoast_head":"<!-- This site is optimized with the Yoast SEO plugin v27.5 - https:\/\/yoast.com\/product\/yoast-seo-wordpress\/ -->\n<title>Visita \u00e0 Oficina do Cego pelos jovens da E2O de Lumiar e Santa Clara | Instituto de Apoio \u00e0 Crian\u00e7a<\/title>\n<meta name=\"robots\" content=\"index, follow, max-snippet:-1, max-image-preview:large, max-video-preview:-1\" \/>\n<link rel=\"canonical\" href=\"https:\/\/iacrianca.pt\/en\/2025\/03\/visita-a-oficina-do-cego-pelos-jovens-da-e2o-de-lumiar-e-santa-clara\/\" \/>\n<meta property=\"og:locale\" content=\"en_US\" \/>\n<meta property=\"og:type\" content=\"article\" \/>\n<meta property=\"og:title\" content=\"Visita \u00e0 Oficina do Cego pelos jovens da E2O de Lumiar e Santa Clara | Instituto de Apoio \u00e0 Crian\u00e7a\" \/>\n<meta property=\"og:description\" content=\"No passado dia 10 de Fevereiro a Escola de Segunda Oportunidade \u2013 Educar e Formar para Inserir \u2013 Lisboa \u2013 Territ\u00f3rio do Lumiar e Santa Clara, levou os jovens em visita de estudo \u00e0 Oficina do Cego &#8211; Associa\u00e7\u00e3o de Artes Gr\u00e1ficas. Por esta altura, o projecto em curso era dedicado \u00e0s \u2018Tecnologias\u2019 e, no&hellip;\" \/>\n<meta property=\"og:url\" content=\"https:\/\/iacrianca.pt\/en\/2025\/03\/visita-a-oficina-do-cego-pelos-jovens-da-e2o-de-lumiar-e-santa-clara\/\" \/>\n<meta property=\"og:site_name\" content=\"Instituto de Apoio \u00e0 Crian\u00e7a\" \/>\n<meta property=\"article:publisher\" content=\"https:\/\/www.facebook.com\/iacinstitutodeapoioacrianca\" \/>\n<meta property=\"article:published_time\" content=\"2025-03-06T15:59:42+00:00\" \/>\n<meta property=\"article:modified_time\" content=\"2025-09-03T13:43:53+00:00\" \/>\n<meta property=\"og:image\" content=\"https:\/\/iacrianca.pt\/wp-content\/uploads\/cef-visita-a-oficina-do-cego-1.jpg\" \/>\n\t<meta property=\"og:image:width\" content=\"923\" \/>\n\t<meta property=\"og:image:height\" content=\"2048\" \/>\n\t<meta property=\"og:image:type\" content=\"image\/jpeg\" \/>\n<meta name=\"author\" content=\"Administra\u00e7\u00e3o IAC\" \/>\n<meta name=\"twitter:card\" content=\"summary_large_image\" \/>\n<meta name=\"twitter:creator\" content=\"@iacapoiocrianca\" \/>\n<meta name=\"twitter:site\" content=\"@iacapoiocrianca\" \/>\n<meta name=\"twitter:label1\" content=\"Written by\" \/>\n\t<meta name=\"twitter:data1\" content=\"Administra\u00e7\u00e3o IAC\" \/>\n\t<meta name=\"twitter:label2\" content=\"Est. reading time\" \/>\n\t<meta name=\"twitter:data2\" content=\"2 minutes\" \/>\n<script type=\"application\/ld+json\" class=\"yoast-schema-graph\">{\"@context\":\"https:\\\/\\\/schema.org\",\"@graph\":[{\"@type\":\"Article\",\"@id\":\"https:\\\/\\\/iacrianca.pt\\\/en\\\/2025\\\/03\\\/visita-a-oficina-do-cego-pelos-jovens-da-e2o-de-lumiar-e-santa-clara\\\/#article\",\"isPartOf\":{\"@id\":\"https:\\\/\\\/iacrianca.pt\\\/en\\\/2025\\\/03\\\/visita-a-oficina-do-cego-pelos-jovens-da-e2o-de-lumiar-e-santa-clara\\\/\"},\"author\":{\"name\":\"Administra\u00e7\u00e3o IAC\",\"@id\":\"https:\\\/\\\/iacrianca.pt\\\/en\\\/#\\\/schema\\\/person\\\/1c48c6e4b70d0dc7360e4b28ceaa5f6b\"},\"headline\":\"Visita \u00e0 Oficina do Cego pelos jovens da E2O de Lumiar e Santa Clara\",\"datePublished\":\"2025-03-06T15:59:42+00:00\",\"dateModified\":\"2025-09-03T13:43:53+00:00\",\"mainEntityOfPage\":{\"@id\":\"https:\\\/\\\/iacrianca.pt\\\/en\\\/2025\\\/03\\\/visita-a-oficina-do-cego-pelos-jovens-da-e2o-de-lumiar-e-santa-clara\\\/\"},\"wordCount\":294,\"publisher\":{\"@id\":\"https:\\\/\\\/iacrianca.pt\\\/en\\\/#organization\"},\"image\":{\"@id\":\"https:\\\/\\\/iacrianca.pt\\\/en\\\/2025\\\/03\\\/visita-a-oficina-do-cego-pelos-jovens-da-e2o-de-lumiar-e-santa-clara\\\/#primaryimage\"},\"thumbnailUrl\":\"https:\\\/\\\/iacrianca.pt\\\/wp-content\\\/uploads\\\/cef-visita-a-oficina-do-cego-1.jpg\",\"articleSection\":[\"Newsletter\"],\"inLanguage\":\"en-US\"},{\"@type\":\"WebPage\",\"@id\":\"https:\\\/\\\/iacrianca.pt\\\/en\\\/2025\\\/03\\\/visita-a-oficina-do-cego-pelos-jovens-da-e2o-de-lumiar-e-santa-clara\\\/\",\"url\":\"https:\\\/\\\/iacrianca.pt\\\/en\\\/2025\\\/03\\\/visita-a-oficina-do-cego-pelos-jovens-da-e2o-de-lumiar-e-santa-clara\\\/\",\"name\":\"Visita \u00e0 Oficina do Cego pelos jovens da E2O de Lumiar e Santa Clara | Instituto de Apoio \u00e0 Crian\u00e7a\",\"isPartOf\":{\"@id\":\"https:\\\/\\\/iacrianca.pt\\\/en\\\/#website\"},\"primaryImageOfPage\":{\"@id\":\"https:\\\/\\\/iacrianca.pt\\\/en\\\/2025\\\/03\\\/visita-a-oficina-do-cego-pelos-jovens-da-e2o-de-lumiar-e-santa-clara\\\/#primaryimage\"},\"image\":{\"@id\":\"https:\\\/\\\/iacrianca.pt\\\/en\\\/2025\\\/03\\\/visita-a-oficina-do-cego-pelos-jovens-da-e2o-de-lumiar-e-santa-clara\\\/#primaryimage\"},\"thumbnailUrl\":\"https:\\\/\\\/iacrianca.pt\\\/wp-content\\\/uploads\\\/cef-visita-a-oficina-do-cego-1.jpg\",\"datePublished\":\"2025-03-06T15:59:42+00:00\",\"dateModified\":\"2025-09-03T13:43:53+00:00\",\"breadcrumb\":{\"@id\":\"https:\\\/\\\/iacrianca.pt\\\/en\\\/2025\\\/03\\\/visita-a-oficina-do-cego-pelos-jovens-da-e2o-de-lumiar-e-santa-clara\\\/#breadcrumb\"},\"inLanguage\":\"en-US\",\"potentialAction\":[{\"@type\":\"ReadAction\",\"target\":[\"https:\\\/\\\/iacrianca.pt\\\/en\\\/2025\\\/03\\\/visita-a-oficina-do-cego-pelos-jovens-da-e2o-de-lumiar-e-santa-clara\\\/\"]}]},{\"@type\":\"ImageObject\",\"inLanguage\":\"en-US\",\"@id\":\"https:\\\/\\\/iacrianca.pt\\\/en\\\/2025\\\/03\\\/visita-a-oficina-do-cego-pelos-jovens-da-e2o-de-lumiar-e-santa-clara\\\/#primaryimage\",\"url\":\"https:\\\/\\\/iacrianca.pt\\\/wp-content\\\/uploads\\\/cef-visita-a-oficina-do-cego-1.jpg\",\"contentUrl\":\"https:\\\/\\\/iacrianca.pt\\\/wp-content\\\/uploads\\\/cef-visita-a-oficina-do-cego-1.jpg\",\"width\":923,\"height\":2048},{\"@type\":\"BreadcrumbList\",\"@id\":\"https:\\\/\\\/iacrianca.pt\\\/en\\\/2025\\\/03\\\/visita-a-oficina-do-cego-pelos-jovens-da-e2o-de-lumiar-e-santa-clara\\\/#breadcrumb\",\"itemListElement\":[{\"@type\":\"ListItem\",\"position\":1,\"name\":\"In\u00edcio\",\"item\":\"https:\\\/\\\/iacrianca.pt\\\/en\\\/\"},{\"@type\":\"ListItem\",\"position\":2,\"name\":\"Visita \u00e0 Oficina do Cego pelos jovens da E2O de Lumiar e Santa Clara\"}]},{\"@type\":\"WebSite\",\"@id\":\"https:\\\/\\\/iacrianca.pt\\\/en\\\/#website\",\"url\":\"https:\\\/\\\/iacrianca.pt\\\/en\\\/\",\"name\":\"Instituto de Apoio \u00e0 Crian\u00e7a\",\"description\":\"Desde 1983 na defesa e promo\u00e7\u00e3o dos direitos da crian\u00e7a\",\"publisher\":{\"@id\":\"https:\\\/\\\/iacrianca.pt\\\/en\\\/#organization\"},\"potentialAction\":[{\"@type\":\"SearchAction\",\"target\":{\"@type\":\"EntryPoint\",\"urlTemplate\":\"https:\\\/\\\/iacrianca.pt\\\/en\\\/?s={search_term_string}\"},\"query-input\":{\"@type\":\"PropertyValueSpecification\",\"valueRequired\":true,\"valueName\":\"search_term_string\"}}],\"inLanguage\":\"en-US\"},{\"@type\":\"Organization\",\"@id\":\"https:\\\/\\\/iacrianca.pt\\\/en\\\/#organization\",\"name\":\"Instituto de Apoio \u00e0 Crian\u00e7a\",\"url\":\"https:\\\/\\\/iacrianca.pt\\\/en\\\/\",\"logo\":{\"@type\":\"ImageObject\",\"inLanguage\":\"en-US\",\"@id\":\"https:\\\/\\\/iacrianca.pt\\\/en\\\/#\\\/schema\\\/logo\\\/image\\\/\",\"url\":\"https:\\\/\\\/iacrianca.pt\\\/wp-content\\\/uploads\\\/2020\\\/04\\\/logo-iac-SD.jpg\",\"contentUrl\":\"https:\\\/\\\/iacrianca.pt\\\/wp-content\\\/uploads\\\/2020\\\/04\\\/logo-iac-SD.jpg\",\"width\":152,\"height\":73,\"caption\":\"Instituto de Apoio \u00e0 Crian\u00e7a\"},\"image\":{\"@id\":\"https:\\\/\\\/iacrianca.pt\\\/en\\\/#\\\/schema\\\/logo\\\/image\\\/\"},\"sameAs\":[\"https:\\\/\\\/www.facebook.com\\\/iacinstitutodeapoioacrianca\",\"https:\\\/\\\/x.com\\\/iacapoiocrianca\",\"https:\\\/\\\/www.youtube.com\\\/channel\\\/UC0jjfZ_xkN_59gJf_RQ-ZnQ\",\"https:\\\/\\\/www.linkedin.com\\\/company\\\/instituto-de-apoio--criana\\\/\",\"https:\\\/\\\/www.instagram.com\\\/iacinstitutodeapoioacrianca\\\/\",\"https:\\\/\\\/criancasatortoeadireitos.wordpress.com\\\/\"]},{\"@type\":\"Person\",\"@id\":\"https:\\\/\\\/iacrianca.pt\\\/en\\\/#\\\/schema\\\/person\\\/1c48c6e4b70d0dc7360e4b28ceaa5f6b\",\"name\":\"Administra\u00e7\u00e3o IAC\",\"image\":{\"@type\":\"ImageObject\",\"inLanguage\":\"en-US\",\"@id\":\"https:\\\/\\\/secure.gravatar.com\\\/avatar\\\/60b998c71de37dcc1398fc6d48c6b5ed7533e3ceec837c948055f072e3158ff1?s=96&d=mm&r=g\",\"url\":\"https:\\\/\\\/secure.gravatar.com\\\/avatar\\\/60b998c71de37dcc1398fc6d48c6b5ed7533e3ceec837c948055f072e3158ff1?s=96&d=mm&r=g\",\"contentUrl\":\"https:\\\/\\\/secure.gravatar.com\\\/avatar\\\/60b998c71de37dcc1398fc6d48c6b5ed7533e3ceec837c948055f072e3158ff1?s=96&d=mm&r=g\",\"caption\":\"Administra\u00e7\u00e3o IAC\"}}]}<\/script>\n<!-- \/ Yoast SEO plugin. -->","yoast_head_json":{"title":"Visita \u00e0 Oficina do Cego pelos jovens da E2O de Lumiar e Santa Clara | Instituto de Apoio \u00e0 Crian\u00e7a","robots":{"index":"index","follow":"follow","max-snippet":"max-snippet:-1","max-image-preview":"max-image-preview:large","max-video-preview":"max-video-preview:-1"},"canonical":"https:\/\/iacrianca.pt\/en\/2025\/03\/visita-a-oficina-do-cego-pelos-jovens-da-e2o-de-lumiar-e-santa-clara\/","og_locale":"en_US","og_type":"article","og_title":"Visita \u00e0 Oficina do Cego pelos jovens da E2O de Lumiar e Santa Clara | Instituto de Apoio \u00e0 Crian\u00e7a","og_description":"No passado dia 10 de Fevereiro a Escola de Segunda Oportunidade \u2013 Educar e Formar para Inserir \u2013 Lisboa \u2013 Territ\u00f3rio do Lumiar e Santa Clara, levou os jovens em visita de estudo \u00e0 Oficina do Cego &#8211; Associa\u00e7\u00e3o de Artes Gr\u00e1ficas. Por esta altura, o projecto em curso era dedicado \u00e0s \u2018Tecnologias\u2019 e, no&hellip;","og_url":"https:\/\/iacrianca.pt\/en\/2025\/03\/visita-a-oficina-do-cego-pelos-jovens-da-e2o-de-lumiar-e-santa-clara\/","og_site_name":"Instituto de Apoio \u00e0 Crian\u00e7a","article_publisher":"https:\/\/www.facebook.com\/iacinstitutodeapoioacrianca","article_published_time":"2025-03-06T15:59:42+00:00","article_modified_time":"2025-09-03T13:43:53+00:00","og_image":[{"width":923,"height":2048,"url":"https:\/\/iacrianca.pt\/wp-content\/uploads\/cef-visita-a-oficina-do-cego-1.jpg","type":"image\/jpeg"}],"author":"Administra\u00e7\u00e3o IAC","twitter_card":"summary_large_image","twitter_creator":"@iacapoiocrianca","twitter_site":"@iacapoiocrianca","twitter_misc":{"Written by":"Administra\u00e7\u00e3o IAC","Est. reading time":"2 minutes"},"schema":{"@context":"https:\/\/schema.org","@graph":[{"@type":"Article","@id":"https:\/\/iacrianca.pt\/en\/2025\/03\/visita-a-oficina-do-cego-pelos-jovens-da-e2o-de-lumiar-e-santa-clara\/#article","isPartOf":{"@id":"https:\/\/iacrianca.pt\/en\/2025\/03\/visita-a-oficina-do-cego-pelos-jovens-da-e2o-de-lumiar-e-santa-clara\/"},"author":{"name":"Administra\u00e7\u00e3o IAC","@id":"https:\/\/iacrianca.pt\/en\/#\/schema\/person\/1c48c6e4b70d0dc7360e4b28ceaa5f6b"},"headline":"Visita \u00e0 Oficina do Cego pelos jovens da E2O de Lumiar e Santa Clara","datePublished":"2025-03-06T15:59:42+00:00","dateModified":"2025-09-03T13:43:53+00:00","mainEntityOfPage":{"@id":"https:\/\/iacrianca.pt\/en\/2025\/03\/visita-a-oficina-do-cego-pelos-jovens-da-e2o-de-lumiar-e-santa-clara\/"},"wordCount":294,"publisher":{"@id":"https:\/\/iacrianca.pt\/en\/#organization"},"image":{"@id":"https:\/\/iacrianca.pt\/en\/2025\/03\/visita-a-oficina-do-cego-pelos-jovens-da-e2o-de-lumiar-e-santa-clara\/#primaryimage"},"thumbnailUrl":"https:\/\/iacrianca.pt\/wp-content\/uploads\/cef-visita-a-oficina-do-cego-1.jpg","articleSection":["Newsletter"],"inLanguage":"en-US"},{"@type":"WebPage","@id":"https:\/\/iacrianca.pt\/en\/2025\/03\/visita-a-oficina-do-cego-pelos-jovens-da-e2o-de-lumiar-e-santa-clara\/","url":"https:\/\/iacrianca.pt\/en\/2025\/03\/visita-a-oficina-do-cego-pelos-jovens-da-e2o-de-lumiar-e-santa-clara\/","name":"Visita \u00e0 Oficina do Cego pelos jovens da E2O de Lumiar e Santa Clara | Instituto de Apoio \u00e0 Crian\u00e7a","isPartOf":{"@id":"https:\/\/iacrianca.pt\/en\/#website"},"primaryImageOfPage":{"@id":"https:\/\/iacrianca.pt\/en\/2025\/03\/visita-a-oficina-do-cego-pelos-jovens-da-e2o-de-lumiar-e-santa-clara\/#primaryimage"},"image":{"@id":"https:\/\/iacrianca.pt\/en\/2025\/03\/visita-a-oficina-do-cego-pelos-jovens-da-e2o-de-lumiar-e-santa-clara\/#primaryimage"},"thumbnailUrl":"https:\/\/iacrianca.pt\/wp-content\/uploads\/cef-visita-a-oficina-do-cego-1.jpg","datePublished":"2025-03-06T15:59:42+00:00","dateModified":"2025-09-03T13:43:53+00:00","breadcrumb":{"@id":"https:\/\/iacrianca.pt\/en\/2025\/03\/visita-a-oficina-do-cego-pelos-jovens-da-e2o-de-lumiar-e-santa-clara\/#breadcrumb"},"inLanguage":"en-US","potentialAction":[{"@type":"ReadAction","target":["https:\/\/iacrianca.pt\/en\/2025\/03\/visita-a-oficina-do-cego-pelos-jovens-da-e2o-de-lumiar-e-santa-clara\/"]}]},{"@type":"ImageObject","inLanguage":"en-US","@id":"https:\/\/iacrianca.pt\/en\/2025\/03\/visita-a-oficina-do-cego-pelos-jovens-da-e2o-de-lumiar-e-santa-clara\/#primaryimage","url":"https:\/\/iacrianca.pt\/wp-content\/uploads\/cef-visita-a-oficina-do-cego-1.jpg","contentUrl":"https:\/\/iacrianca.pt\/wp-content\/uploads\/cef-visita-a-oficina-do-cego-1.jpg","width":923,"height":2048},{"@type":"BreadcrumbList","@id":"https:\/\/iacrianca.pt\/en\/2025\/03\/visita-a-oficina-do-cego-pelos-jovens-da-e2o-de-lumiar-e-santa-clara\/#breadcrumb","itemListElement":[{"@type":"ListItem","position":1,"name":"In\u00edcio","item":"https:\/\/iacrianca.pt\/en\/"},{"@type":"ListItem","position":2,"name":"Visita \u00e0 Oficina do Cego pelos jovens da E2O de Lumiar e Santa Clara"}]},{"@type":"WebSite","@id":"https:\/\/iacrianca.pt\/en\/#website","url":"https:\/\/iacrianca.pt\/en\/","name":"Instituto de Apoio \u00e0 Crian\u00e7a","description":"Desde 1983 na defesa e promo\u00e7\u00e3o dos direitos da crian\u00e7a","publisher":{"@id":"https:\/\/iacrianca.pt\/en\/#organization"},"potentialAction":[{"@type":"SearchAction","target":{"@type":"EntryPoint","urlTemplate":"https:\/\/iacrianca.pt\/en\/?s={search_term_string}"},"query-input":{"@type":"PropertyValueSpecification","valueRequired":true,"valueName":"search_term_string"}}],"inLanguage":"en-US"},{"@type":"Organization","@id":"https:\/\/iacrianca.pt\/en\/#organization","name":"Instituto de Apoio \u00e0 Crian\u00e7a","url":"https:\/\/iacrianca.pt\/en\/","logo":{"@type":"ImageObject","inLanguage":"en-US","@id":"https:\/\/iacrianca.pt\/en\/#\/schema\/logo\/image\/","url":"https:\/\/iacrianca.pt\/wp-content\/uploads\/2020\/04\/logo-iac-SD.jpg","contentUrl":"https:\/\/iacrianca.pt\/wp-content\/uploads\/2020\/04\/logo-iac-SD.jpg","width":152,"height":73,"caption":"Instituto de Apoio \u00e0 Crian\u00e7a"},"image":{"@id":"https:\/\/iacrianca.pt\/en\/#\/schema\/logo\/image\/"},"sameAs":["https:\/\/www.facebook.com\/iacinstitutodeapoioacrianca","https:\/\/x.com\/iacapoiocrianca","https:\/\/www.youtube.com\/channel\/UC0jjfZ_xkN_59gJf_RQ-ZnQ","https:\/\/www.linkedin.com\/company\/instituto-de-apoio--criana\/","https:\/\/www.instagram.com\/iacinstitutodeapoioacrianca\/","https:\/\/criancasatortoeadireitos.wordpress.com\/"]},{"@type":"Person","@id":"https:\/\/iacrianca.pt\/en\/#\/schema\/person\/1c48c6e4b70d0dc7360e4b28ceaa5f6b","name":"Administra\u00e7\u00e3o IAC","image":{"@type":"ImageObject","inLanguage":"en-US","@id":"https:\/\/secure.gravatar.com\/avatar\/60b998c71de37dcc1398fc6d48c6b5ed7533e3ceec837c948055f072e3158ff1?s=96&d=mm&r=g","url":"https:\/\/secure.gravatar.com\/avatar\/60b998c71de37dcc1398fc6d48c6b5ed7533e3ceec837c948055f072e3158ff1?s=96&d=mm&r=g","contentUrl":"https:\/\/secure.gravatar.com\/avatar\/60b998c71de37dcc1398fc6d48c6b5ed7533e3ceec837c948055f072e3158ff1?s=96&d=mm&r=g","caption":"Administra\u00e7\u00e3o IAC"}}]}},"_links":{"self":[{"href":"https:\/\/iacrianca.pt\/en\/wp-json\/wp\/v2\/posts\/24959","targetHints":{"allow":["GET"]}}],"collection":[{"href":"https:\/\/iacrianca.pt\/en\/wp-json\/wp\/v2\/posts"}],"about":[{"href":"https:\/\/iacrianca.pt\/en\/wp-json\/wp\/v2\/types\/post"}],"author":[{"embeddable":true,"href":"https:\/\/iacrianca.pt\/en\/wp-json\/wp\/v2\/users\/2"}],"replies":[{"embeddable":true,"href":"https:\/\/iacrianca.pt\/en\/wp-json\/wp\/v2\/comments?post=24959"}],"version-history":[{"count":0,"href":"https:\/\/iacrianca.pt\/en\/wp-json\/wp\/v2\/posts\/24959\/revisions"}],"wp:featuredmedia":[{"embeddable":true,"href":"https:\/\/iacrianca.pt\/en\/wp-json\/wp\/v2\/media\/24962"}],"wp:attachment":[{"href":"https:\/\/iacrianca.pt\/en\/wp-json\/wp\/v2\/media?parent=24959"}],"wp:term":[{"taxonomy":"category","embeddable":true,"href":"https:\/\/iacrianca.pt\/en\/wp-json\/wp\/v2\/categories?post=24959"},{"taxonomy":"post_tag","embeddable":true,"href":"https:\/\/iacrianca.pt\/en\/wp-json\/wp\/v2\/tags?post=24959"}],"curies":[{"name":"wp","href":"https:\/\/api.w.org\/{rel}","templated":true}]}}