{"id":25062,"date":"2025-03-31T16:39:43","date_gmt":"2025-03-31T15:39:43","guid":{"rendered":"https:\/\/iacrianca.pt\/?p=25062"},"modified":"2025-04-10T14:40:05","modified_gmt":"2025-04-10T13:40:05","slug":"acoes-de-sensibilizacao-em-contexto-escolar","status":"publish","type":"post","link":"https:\/\/iacrianca.pt\/en\/2025\/03\/acoes-de-sensibilizacao-em-contexto-escolar\/","title":{"rendered":"A\u00e7\u00f5es de sensibiliza\u00e7\u00e3o em contexto escolar"},"content":{"rendered":"<p>No \u00e2mbito do projeto de Media\u00e7\u00e3o Escolar, a convite do GAAF do Agrupamento de Escolas de Santa Cruz da Trapa, Ana Vicente, dinamizou, de forma presencial, no dia 5 de mar\u00e7o, a a\u00e7\u00e3o de sensibiliza\u00e7\u00e3o, \u201cCaminho para uma Comunica\u00e7\u00e3o Assertiva\u201d, dirigida a 15 assistentes operacionais e t\u00e9cnicos daquele agrupamento. Foi uma sess\u00e3o muito participada, refletida e que permitiu partilhar algumas experi\u00eancias e boas pr\u00e1ticas. No final, reconheceu-se a necessidade de estarmos atentos \u00e0 forma como comunicamos com os outros, ao tom de voz empregue, \u00e0 comunica\u00e7\u00e3o n\u00e3o verbal apresentada pelo nosso interlocutor, \u00e0 empatia para com o outro.<\/p>\n<p>No dia 11 de mar\u00e7o, a t\u00e9cnica Teresa Damas e a estagi\u00e1ria de psicologia, Eliana Lopes, dinamizaram duas sess\u00f5es de sensibiliza\u00e7\u00e3o com a tem\u00e1tica &#8220;A Magia e o Poder da Empatia&#8221; na Escola E. B. 1 de S. Jo\u00e3o do Campo. O objetivo foi promover a compreens\u00e3o e a pr\u00e1tica da empatia entre as crian\u00e7as do 1.\u00ba ciclo, incentivando comportamentos mais ajustados e rela\u00e7\u00f5es mais saud\u00e1veis. Participaram 50 crian\u00e7as e 6 adultos (professores e assistentes operacionais). A a\u00e7\u00e3o teve como foco a import\u00e2ncia de se colocar no lugar do outro, ouvir e respeitar, compreender sentimentos e necessidades, n\u00e3o discriminar nem fazer julgamentos, de modo a promover um ambiente de amizade, de colabora\u00e7\u00e3o e respeito m\u00fatuo. Foram realizadas din\u00e2micas interativas, exibidos v\u00eddeos inspiradores e explorada a hist\u00f3ria infantil &#8220;O pequeno livro da empatia&#8221;, que permitiram \u00e0s crian\u00e7as uma reflex\u00e3o sobre a import\u00e2ncia de agir com empatia no seu dia a dia.<\/p>\n<p>No dia 13 e 25 de mar\u00e7o, a t\u00e9cnica Ana Vicente dinamizou, em formato online e presencial, a sess\u00e3o intitulada \u201cVamos construir uma escola melhor! Consciencializar para a indisciplina e o conflito!\u201d. A iniciativa contou com a participa\u00e7\u00e3o de 26 crian\u00e7as do 2\u00ba ciclo do Agrupamento de Escolas de Vila Verde (online) e 22 alunos, de uma turma do 11\u00ba ano do Agrupamento de Escolas de Pombal. Partindo da quest\u00e3o \u201cO que precisamos para uma escola melhor?\u201d, refletiu-se sobre a import\u00e2ncia de desenvolver compet\u00eancias socioemocionais que promovam o Saber Estar e o Saber Ser, fortalecendo, assim, o sentimento de perten\u00e7a \u00e0 escola. Foram abordados temas essenciais como o respeito pelas regras, a import\u00e2ncia de dar o exemplo, a assertividade e a empatia, a valoriza\u00e7\u00e3o da diferen\u00e7a e a responsabilidade individual nas rela\u00e7\u00f5es interpessoais. Sublinhou-se ainda que os conflitos fazem parte do quotidiano escolar e devem ser encarados de forma positiva, como oportunidades de crescimento e de aprendizagem. Neste sentido, destacou-se a relev\u00e2ncia de uma comunica\u00e7\u00e3o eficaz e assertiva, bem como do reconhecimento e gest\u00e3o das emo\u00e7\u00f5es. Com estas sess\u00f5es, procurou-se sensibilizar os alunos para o seu papel ativo na constru\u00e7\u00e3o de um ambiente escolar mais harmonioso e inclusivo, onde todos possam aprender e crescer em seguran\u00e7a e respeito m\u00fatuo.<\/p>\n<p>No dia 25 de mar\u00e7o de 2025, o IAC &#8211; Polo de Coimbra fazendo-se representar pelo t\u00e9cnico Jos\u00e9 Coelho, dinamizou cinco sess\u00f5es de sensibiliza\u00e7\u00e3o, intituladas de \u201cSomos todos diferentes!\u201d, para alunos dos 9\u00bas anos de escolaridade, no Agrupamento de Escolas de Miranda do Corvo. Estas sess\u00f5es que contaram com a presen\u00e7a de 88 alunos visam estimular o relacionamento interpessoal e a coopera\u00e7\u00e3o entre alunos, que tiveram a oportunidade de refletir sobre tem\u00e1ticas como a intoler\u00e2ncia, o preconceito e discrimina\u00e7\u00e3o, alertando para a import\u00e2ncia da inclus\u00e3o de todos e do papel ativo e interventivo de cada um para uma sociedade mais s\u00e3 e mais justa. Os alunos participaram em din\u00e2micas que potenciam a cria\u00e7\u00e3o de la\u00e7os e que permitem o desenvolvimento de um esp\u00edrito mais emp\u00e1tico e altru\u00edsta. Salienta-se, segundo a opini\u00e3o dos presentes, o cariz din\u00e2mico e pertinente desta a\u00e7\u00e3o de sensibiliza\u00e7\u00e3o.<\/p>\n<p>No passado dia 26 de mar\u00e7o, In\u00eas Vieria dinamizou uma sess\u00e3o de forma\u00e7\u00e3o sobre &#8220;Como fortalecer a comunica\u00e7\u00e3o com as crian\u00e7as&#8221;, destinada a pais e encarregados de educa\u00e7\u00e3o do Agrupamento de Escolas de Aba\u00e7\u00e3o. A iniciativa contou com a participa\u00e7\u00e3o de 9 pais e decorreu no \u00e2mbito do trabalho desenvolvido pelos Gabinetes de Apoio ao Aluno e \u00e0 Fam\u00edlia (GAAF). A sess\u00e3o teve como objetivo proporcionar estrat\u00e9gias pr\u00e1ticas e reflexivas para melhorar a comunica\u00e7\u00e3o entre pais e filhos, promovendo rela\u00e7\u00f5es mais pr\u00f3ximas, respeitosas e eficazes. Foram abordados temas essenciais como a escuta ativa, a import\u00e2ncia do di\u00e1logo positivo, a gest\u00e3o de emo\u00e7\u00f5es nas intera\u00e7\u00f5es familiares e o impacto do refor\u00e7o positivo na autoestima das crian\u00e7as. Os participantes tiveram a oportunidade de partilhar experi\u00eancias, esclarecer d\u00favidas e explorar novas abordagens para lidar com os desafios do dia a dia na educa\u00e7\u00e3o dos filhos. A forma\u00e7\u00e3o foi marcada por momentos de envolvimento e intera\u00e7\u00e3o, refor\u00e7ando a import\u00e2ncia do apoio parental para o desenvolvimento saud\u00e1vel das crian\u00e7as.<\/p>\n<p><img fetchpriority=\"high\" decoding=\"async\" class=\"alignnone wp-image-25065 size-full\" src=\"https:\/\/iacrianca.pt\/wp-content\/uploads\/contexto-escolar-1.jpeg\" alt=\"\" width=\"1200\" height=\"1600\" srcset=\"https:\/\/iacrianca.pt\/wp-content\/uploads\/contexto-escolar-1.jpeg 1200w, https:\/\/iacrianca.pt\/wp-content\/uploads\/contexto-escolar-1-225x300.jpeg 225w, https:\/\/iacrianca.pt\/wp-content\/uploads\/contexto-escolar-1-768x1024.jpeg 768w, https:\/\/iacrianca.pt\/wp-content\/uploads\/contexto-escolar-1-1152x1536.jpeg 1152w\" sizes=\"(max-width: 1200px) 100vw, 1200px\" \/> <img decoding=\"async\" class=\"alignnone wp-image-25067 size-full\" src=\"https:\/\/iacrianca.pt\/wp-content\/uploads\/contexto-escolar-3.jpg\" alt=\"\" width=\"2000\" height=\"1500\" srcset=\"https:\/\/iacrianca.pt\/wp-content\/uploads\/contexto-escolar-3.jpg 2000w, https:\/\/iacrianca.pt\/wp-content\/uploads\/contexto-escolar-3-300x225.jpg 300w, https:\/\/iacrianca.pt\/wp-content\/uploads\/contexto-escolar-3-1024x768.jpg 1024w, https:\/\/iacrianca.pt\/wp-content\/uploads\/contexto-escolar-3-768x576.jpg 768w, https:\/\/iacrianca.pt\/wp-content\/uploads\/contexto-escolar-3-1536x1152.jpg 1536w\" sizes=\"(max-width: 2000px) 100vw, 2000px\" \/><\/p>\n","protected":false},"excerpt":{"rendered":"<p>No \u00e2mbito do projeto de Media\u00e7\u00e3o Escolar, a convite do GAAF do Agrupamento de Escolas de Santa Cruz da Trapa, Ana Vicente, dinamizou, de forma presencial, no dia 5 de mar\u00e7o, a a\u00e7\u00e3o de sensibiliza\u00e7\u00e3o, \u201cCaminho para uma Comunica\u00e7\u00e3o Assertiva\u201d, dirigida a 15 assistentes operacionais e t\u00e9cnicos daquele agrupamento. Foi uma sess\u00e3o muito participada, refletida&hellip;<\/p>\n","protected":false},"author":2,"featured_media":25063,"comment_status":"closed","ping_status":"open","sticky":false,"template":"","format":"standard","meta":{"_acf_changed":false,"footnotes":""},"categories":[63],"tags":[],"class_list":["post-25062","post","type-post","status-publish","format-standard","has-post-thumbnail","hentry","category-newsletter","category-63","description-off"],"acf":[],"yoast_head":"<!-- This site is optimized with the Yoast SEO plugin v27.4 - https:\/\/yoast.com\/product\/yoast-seo-wordpress\/ -->\n<title>A\u00e7\u00f5es de sensibiliza\u00e7\u00e3o em contexto escolar | Instituto de Apoio \u00e0 Crian\u00e7a<\/title>\n<meta name=\"robots\" content=\"index, follow, max-snippet:-1, max-image-preview:large, max-video-preview:-1\" \/>\n<link rel=\"canonical\" href=\"https:\/\/iacrianca.pt\/en\/2025\/03\/acoes-de-sensibilizacao-em-contexto-escolar\/\" \/>\n<meta property=\"og:locale\" content=\"en_US\" \/>\n<meta property=\"og:type\" content=\"article\" \/>\n<meta property=\"og:title\" content=\"A\u00e7\u00f5es de sensibiliza\u00e7\u00e3o em contexto escolar | Instituto de Apoio \u00e0 Crian\u00e7a\" \/>\n<meta property=\"og:description\" content=\"No \u00e2mbito do projeto de Media\u00e7\u00e3o Escolar, a convite do GAAF do Agrupamento de Escolas de Santa Cruz da Trapa, Ana Vicente, dinamizou, de forma presencial, no dia 5 de mar\u00e7o, a a\u00e7\u00e3o de sensibiliza\u00e7\u00e3o, \u201cCaminho para uma Comunica\u00e7\u00e3o Assertiva\u201d, dirigida a 15 assistentes operacionais e t\u00e9cnicos daquele agrupamento. Foi uma sess\u00e3o muito participada, refletida&hellip;\" \/>\n<meta property=\"og:url\" content=\"https:\/\/iacrianca.pt\/en\/2025\/03\/acoes-de-sensibilizacao-em-contexto-escolar\/\" \/>\n<meta property=\"og:site_name\" content=\"Instituto de Apoio \u00e0 Crian\u00e7a\" \/>\n<meta property=\"article:publisher\" content=\"https:\/\/www.facebook.com\/iacinstitutodeapoioacrianca\" \/>\n<meta property=\"article:published_time\" content=\"2025-03-31T15:39:43+00:00\" \/>\n<meta property=\"article:modified_time\" content=\"2025-04-10T13:40:05+00:00\" \/>\n<meta property=\"og:image\" content=\"https:\/\/iacrianca.pt\/wp-content\/uploads\/contexto-escolar-2.jpg\" \/>\n\t<meta property=\"og:image:width\" content=\"1536\" \/>\n\t<meta property=\"og:image:height\" content=\"2048\" \/>\n\t<meta property=\"og:image:type\" content=\"image\/jpeg\" \/>\n<meta name=\"author\" content=\"Administra\u00e7\u00e3o IAC\" \/>\n<meta name=\"twitter:card\" content=\"summary_large_image\" \/>\n<meta name=\"twitter:creator\" content=\"@iacapoiocrianca\" \/>\n<meta name=\"twitter:site\" content=\"@iacapoiocrianca\" \/>\n<meta name=\"twitter:label1\" content=\"Written by\" \/>\n\t<meta name=\"twitter:data1\" content=\"Administra\u00e7\u00e3o IAC\" \/>\n\t<meta name=\"twitter:label2\" content=\"Est. reading time\" \/>\n\t<meta name=\"twitter:data2\" content=\"5 minutes\" \/>\n<script type=\"application\/ld+json\" class=\"yoast-schema-graph\">{\"@context\":\"https:\\\/\\\/schema.org\",\"@graph\":[{\"@type\":\"Article\",\"@id\":\"https:\\\/\\\/iacrianca.pt\\\/en\\\/2025\\\/03\\\/acoes-de-sensibilizacao-em-contexto-escolar\\\/#article\",\"isPartOf\":{\"@id\":\"https:\\\/\\\/iacrianca.pt\\\/en\\\/2025\\\/03\\\/acoes-de-sensibilizacao-em-contexto-escolar\\\/\"},\"author\":{\"name\":\"Administra\u00e7\u00e3o IAC\",\"@id\":\"https:\\\/\\\/iacrianca.pt\\\/en\\\/#\\\/schema\\\/person\\\/1c48c6e4b70d0dc7360e4b28ceaa5f6b\"},\"headline\":\"A\u00e7\u00f5es de sensibiliza\u00e7\u00e3o em contexto escolar\",\"datePublished\":\"2025-03-31T15:39:43+00:00\",\"dateModified\":\"2025-04-10T13:40:05+00:00\",\"mainEntityOfPage\":{\"@id\":\"https:\\\/\\\/iacrianca.pt\\\/en\\\/2025\\\/03\\\/acoes-de-sensibilizacao-em-contexto-escolar\\\/\"},\"wordCount\":858,\"publisher\":{\"@id\":\"https:\\\/\\\/iacrianca.pt\\\/en\\\/#organization\"},\"image\":{\"@id\":\"https:\\\/\\\/iacrianca.pt\\\/en\\\/2025\\\/03\\\/acoes-de-sensibilizacao-em-contexto-escolar\\\/#primaryimage\"},\"thumbnailUrl\":\"https:\\\/\\\/iacrianca.pt\\\/wp-content\\\/uploads\\\/contexto-escolar-2.jpg\",\"articleSection\":[\"Newsletter\"],\"inLanguage\":\"en-US\"},{\"@type\":\"WebPage\",\"@id\":\"https:\\\/\\\/iacrianca.pt\\\/en\\\/2025\\\/03\\\/acoes-de-sensibilizacao-em-contexto-escolar\\\/\",\"url\":\"https:\\\/\\\/iacrianca.pt\\\/en\\\/2025\\\/03\\\/acoes-de-sensibilizacao-em-contexto-escolar\\\/\",\"name\":\"A\u00e7\u00f5es de sensibiliza\u00e7\u00e3o em contexto escolar | Instituto de Apoio \u00e0 Crian\u00e7a\",\"isPartOf\":{\"@id\":\"https:\\\/\\\/iacrianca.pt\\\/en\\\/#website\"},\"primaryImageOfPage\":{\"@id\":\"https:\\\/\\\/iacrianca.pt\\\/en\\\/2025\\\/03\\\/acoes-de-sensibilizacao-em-contexto-escolar\\\/#primaryimage\"},\"image\":{\"@id\":\"https:\\\/\\\/iacrianca.pt\\\/en\\\/2025\\\/03\\\/acoes-de-sensibilizacao-em-contexto-escolar\\\/#primaryimage\"},\"thumbnailUrl\":\"https:\\\/\\\/iacrianca.pt\\\/wp-content\\\/uploads\\\/contexto-escolar-2.jpg\",\"datePublished\":\"2025-03-31T15:39:43+00:00\",\"dateModified\":\"2025-04-10T13:40:05+00:00\",\"breadcrumb\":{\"@id\":\"https:\\\/\\\/iacrianca.pt\\\/en\\\/2025\\\/03\\\/acoes-de-sensibilizacao-em-contexto-escolar\\\/#breadcrumb\"},\"inLanguage\":\"en-US\",\"potentialAction\":[{\"@type\":\"ReadAction\",\"target\":[\"https:\\\/\\\/iacrianca.pt\\\/en\\\/2025\\\/03\\\/acoes-de-sensibilizacao-em-contexto-escolar\\\/\"]}]},{\"@type\":\"ImageObject\",\"inLanguage\":\"en-US\",\"@id\":\"https:\\\/\\\/iacrianca.pt\\\/en\\\/2025\\\/03\\\/acoes-de-sensibilizacao-em-contexto-escolar\\\/#primaryimage\",\"url\":\"https:\\\/\\\/iacrianca.pt\\\/wp-content\\\/uploads\\\/contexto-escolar-2.jpg\",\"contentUrl\":\"https:\\\/\\\/iacrianca.pt\\\/wp-content\\\/uploads\\\/contexto-escolar-2.jpg\",\"width\":1536,\"height\":2048},{\"@type\":\"BreadcrumbList\",\"@id\":\"https:\\\/\\\/iacrianca.pt\\\/en\\\/2025\\\/03\\\/acoes-de-sensibilizacao-em-contexto-escolar\\\/#breadcrumb\",\"itemListElement\":[{\"@type\":\"ListItem\",\"position\":1,\"name\":\"In\u00edcio\",\"item\":\"https:\\\/\\\/iacrianca.pt\\\/en\\\/\"},{\"@type\":\"ListItem\",\"position\":2,\"name\":\"A\u00e7\u00f5es de sensibiliza\u00e7\u00e3o em contexto escolar\"}]},{\"@type\":\"WebSite\",\"@id\":\"https:\\\/\\\/iacrianca.pt\\\/en\\\/#website\",\"url\":\"https:\\\/\\\/iacrianca.pt\\\/en\\\/\",\"name\":\"Instituto de Apoio \u00e0 Crian\u00e7a\",\"description\":\"Desde 1983 na defesa e promo\u00e7\u00e3o dos direitos da crian\u00e7a\",\"publisher\":{\"@id\":\"https:\\\/\\\/iacrianca.pt\\\/en\\\/#organization\"},\"potentialAction\":[{\"@type\":\"SearchAction\",\"target\":{\"@type\":\"EntryPoint\",\"urlTemplate\":\"https:\\\/\\\/iacrianca.pt\\\/en\\\/?s={search_term_string}\"},\"query-input\":{\"@type\":\"PropertyValueSpecification\",\"valueRequired\":true,\"valueName\":\"search_term_string\"}}],\"inLanguage\":\"en-US\"},{\"@type\":\"Organization\",\"@id\":\"https:\\\/\\\/iacrianca.pt\\\/en\\\/#organization\",\"name\":\"Instituto de Apoio \u00e0 Crian\u00e7a\",\"url\":\"https:\\\/\\\/iacrianca.pt\\\/en\\\/\",\"logo\":{\"@type\":\"ImageObject\",\"inLanguage\":\"en-US\",\"@id\":\"https:\\\/\\\/iacrianca.pt\\\/en\\\/#\\\/schema\\\/logo\\\/image\\\/\",\"url\":\"https:\\\/\\\/iacrianca.pt\\\/wp-content\\\/uploads\\\/2020\\\/04\\\/logo-iac-SD.jpg\",\"contentUrl\":\"https:\\\/\\\/iacrianca.pt\\\/wp-content\\\/uploads\\\/2020\\\/04\\\/logo-iac-SD.jpg\",\"width\":152,\"height\":73,\"caption\":\"Instituto de Apoio \u00e0 Crian\u00e7a\"},\"image\":{\"@id\":\"https:\\\/\\\/iacrianca.pt\\\/en\\\/#\\\/schema\\\/logo\\\/image\\\/\"},\"sameAs\":[\"https:\\\/\\\/www.facebook.com\\\/iacinstitutodeapoioacrianca\",\"https:\\\/\\\/x.com\\\/iacapoiocrianca\",\"https:\\\/\\\/www.youtube.com\\\/channel\\\/UC0jjfZ_xkN_59gJf_RQ-ZnQ\",\"https:\\\/\\\/www.linkedin.com\\\/company\\\/instituto-de-apoio--criana\\\/\",\"https:\\\/\\\/www.instagram.com\\\/iacinstitutodeapoioacrianca\\\/\",\"https:\\\/\\\/criancasatortoeadireitos.wordpress.com\\\/\"]},{\"@type\":\"Person\",\"@id\":\"https:\\\/\\\/iacrianca.pt\\\/en\\\/#\\\/schema\\\/person\\\/1c48c6e4b70d0dc7360e4b28ceaa5f6b\",\"name\":\"Administra\u00e7\u00e3o IAC\",\"image\":{\"@type\":\"ImageObject\",\"inLanguage\":\"en-US\",\"@id\":\"https:\\\/\\\/secure.gravatar.com\\\/avatar\\\/60b998c71de37dcc1398fc6d48c6b5ed7533e3ceec837c948055f072e3158ff1?s=96&d=mm&r=g\",\"url\":\"https:\\\/\\\/secure.gravatar.com\\\/avatar\\\/60b998c71de37dcc1398fc6d48c6b5ed7533e3ceec837c948055f072e3158ff1?s=96&d=mm&r=g\",\"contentUrl\":\"https:\\\/\\\/secure.gravatar.com\\\/avatar\\\/60b998c71de37dcc1398fc6d48c6b5ed7533e3ceec837c948055f072e3158ff1?s=96&d=mm&r=g\",\"caption\":\"Administra\u00e7\u00e3o IAC\"}}]}<\/script>\n<!-- \/ Yoast SEO plugin. -->","yoast_head_json":{"title":"A\u00e7\u00f5es de sensibiliza\u00e7\u00e3o em contexto escolar | Instituto de Apoio \u00e0 Crian\u00e7a","robots":{"index":"index","follow":"follow","max-snippet":"max-snippet:-1","max-image-preview":"max-image-preview:large","max-video-preview":"max-video-preview:-1"},"canonical":"https:\/\/iacrianca.pt\/en\/2025\/03\/acoes-de-sensibilizacao-em-contexto-escolar\/","og_locale":"en_US","og_type":"article","og_title":"A\u00e7\u00f5es de sensibiliza\u00e7\u00e3o em contexto escolar | Instituto de Apoio \u00e0 Crian\u00e7a","og_description":"No \u00e2mbito do projeto de Media\u00e7\u00e3o Escolar, a convite do GAAF do Agrupamento de Escolas de Santa Cruz da Trapa, Ana Vicente, dinamizou, de forma presencial, no dia 5 de mar\u00e7o, a a\u00e7\u00e3o de sensibiliza\u00e7\u00e3o, \u201cCaminho para uma Comunica\u00e7\u00e3o Assertiva\u201d, dirigida a 15 assistentes operacionais e t\u00e9cnicos daquele agrupamento. Foi uma sess\u00e3o muito participada, refletida&hellip;","og_url":"https:\/\/iacrianca.pt\/en\/2025\/03\/acoes-de-sensibilizacao-em-contexto-escolar\/","og_site_name":"Instituto de Apoio \u00e0 Crian\u00e7a","article_publisher":"https:\/\/www.facebook.com\/iacinstitutodeapoioacrianca","article_published_time":"2025-03-31T15:39:43+00:00","article_modified_time":"2025-04-10T13:40:05+00:00","og_image":[{"width":1536,"height":2048,"url":"https:\/\/iacrianca.pt\/wp-content\/uploads\/contexto-escolar-2.jpg","type":"image\/jpeg"}],"author":"Administra\u00e7\u00e3o IAC","twitter_card":"summary_large_image","twitter_creator":"@iacapoiocrianca","twitter_site":"@iacapoiocrianca","twitter_misc":{"Written by":"Administra\u00e7\u00e3o IAC","Est. reading time":"5 minutes"},"schema":{"@context":"https:\/\/schema.org","@graph":[{"@type":"Article","@id":"https:\/\/iacrianca.pt\/en\/2025\/03\/acoes-de-sensibilizacao-em-contexto-escolar\/#article","isPartOf":{"@id":"https:\/\/iacrianca.pt\/en\/2025\/03\/acoes-de-sensibilizacao-em-contexto-escolar\/"},"author":{"name":"Administra\u00e7\u00e3o IAC","@id":"https:\/\/iacrianca.pt\/en\/#\/schema\/person\/1c48c6e4b70d0dc7360e4b28ceaa5f6b"},"headline":"A\u00e7\u00f5es de sensibiliza\u00e7\u00e3o em contexto escolar","datePublished":"2025-03-31T15:39:43+00:00","dateModified":"2025-04-10T13:40:05+00:00","mainEntityOfPage":{"@id":"https:\/\/iacrianca.pt\/en\/2025\/03\/acoes-de-sensibilizacao-em-contexto-escolar\/"},"wordCount":858,"publisher":{"@id":"https:\/\/iacrianca.pt\/en\/#organization"},"image":{"@id":"https:\/\/iacrianca.pt\/en\/2025\/03\/acoes-de-sensibilizacao-em-contexto-escolar\/#primaryimage"},"thumbnailUrl":"https:\/\/iacrianca.pt\/wp-content\/uploads\/contexto-escolar-2.jpg","articleSection":["Newsletter"],"inLanguage":"en-US"},{"@type":"WebPage","@id":"https:\/\/iacrianca.pt\/en\/2025\/03\/acoes-de-sensibilizacao-em-contexto-escolar\/","url":"https:\/\/iacrianca.pt\/en\/2025\/03\/acoes-de-sensibilizacao-em-contexto-escolar\/","name":"A\u00e7\u00f5es de sensibiliza\u00e7\u00e3o em contexto escolar | Instituto de Apoio \u00e0 Crian\u00e7a","isPartOf":{"@id":"https:\/\/iacrianca.pt\/en\/#website"},"primaryImageOfPage":{"@id":"https:\/\/iacrianca.pt\/en\/2025\/03\/acoes-de-sensibilizacao-em-contexto-escolar\/#primaryimage"},"image":{"@id":"https:\/\/iacrianca.pt\/en\/2025\/03\/acoes-de-sensibilizacao-em-contexto-escolar\/#primaryimage"},"thumbnailUrl":"https:\/\/iacrianca.pt\/wp-content\/uploads\/contexto-escolar-2.jpg","datePublished":"2025-03-31T15:39:43+00:00","dateModified":"2025-04-10T13:40:05+00:00","breadcrumb":{"@id":"https:\/\/iacrianca.pt\/en\/2025\/03\/acoes-de-sensibilizacao-em-contexto-escolar\/#breadcrumb"},"inLanguage":"en-US","potentialAction":[{"@type":"ReadAction","target":["https:\/\/iacrianca.pt\/en\/2025\/03\/acoes-de-sensibilizacao-em-contexto-escolar\/"]}]},{"@type":"ImageObject","inLanguage":"en-US","@id":"https:\/\/iacrianca.pt\/en\/2025\/03\/acoes-de-sensibilizacao-em-contexto-escolar\/#primaryimage","url":"https:\/\/iacrianca.pt\/wp-content\/uploads\/contexto-escolar-2.jpg","contentUrl":"https:\/\/iacrianca.pt\/wp-content\/uploads\/contexto-escolar-2.jpg","width":1536,"height":2048},{"@type":"BreadcrumbList","@id":"https:\/\/iacrianca.pt\/en\/2025\/03\/acoes-de-sensibilizacao-em-contexto-escolar\/#breadcrumb","itemListElement":[{"@type":"ListItem","position":1,"name":"In\u00edcio","item":"https:\/\/iacrianca.pt\/en\/"},{"@type":"ListItem","position":2,"name":"A\u00e7\u00f5es de sensibiliza\u00e7\u00e3o em contexto escolar"}]},{"@type":"WebSite","@id":"https:\/\/iacrianca.pt\/en\/#website","url":"https:\/\/iacrianca.pt\/en\/","name":"Instituto de Apoio \u00e0 Crian\u00e7a","description":"Desde 1983 na defesa e promo\u00e7\u00e3o dos direitos da crian\u00e7a","publisher":{"@id":"https:\/\/iacrianca.pt\/en\/#organization"},"potentialAction":[{"@type":"SearchAction","target":{"@type":"EntryPoint","urlTemplate":"https:\/\/iacrianca.pt\/en\/?s={search_term_string}"},"query-input":{"@type":"PropertyValueSpecification","valueRequired":true,"valueName":"search_term_string"}}],"inLanguage":"en-US"},{"@type":"Organization","@id":"https:\/\/iacrianca.pt\/en\/#organization","name":"Instituto de Apoio \u00e0 Crian\u00e7a","url":"https:\/\/iacrianca.pt\/en\/","logo":{"@type":"ImageObject","inLanguage":"en-US","@id":"https:\/\/iacrianca.pt\/en\/#\/schema\/logo\/image\/","url":"https:\/\/iacrianca.pt\/wp-content\/uploads\/2020\/04\/logo-iac-SD.jpg","contentUrl":"https:\/\/iacrianca.pt\/wp-content\/uploads\/2020\/04\/logo-iac-SD.jpg","width":152,"height":73,"caption":"Instituto de Apoio \u00e0 Crian\u00e7a"},"image":{"@id":"https:\/\/iacrianca.pt\/en\/#\/schema\/logo\/image\/"},"sameAs":["https:\/\/www.facebook.com\/iacinstitutodeapoioacrianca","https:\/\/x.com\/iacapoiocrianca","https:\/\/www.youtube.com\/channel\/UC0jjfZ_xkN_59gJf_RQ-ZnQ","https:\/\/www.linkedin.com\/company\/instituto-de-apoio--criana\/","https:\/\/www.instagram.com\/iacinstitutodeapoioacrianca\/","https:\/\/criancasatortoeadireitos.wordpress.com\/"]},{"@type":"Person","@id":"https:\/\/iacrianca.pt\/en\/#\/schema\/person\/1c48c6e4b70d0dc7360e4b28ceaa5f6b","name":"Administra\u00e7\u00e3o IAC","image":{"@type":"ImageObject","inLanguage":"en-US","@id":"https:\/\/secure.gravatar.com\/avatar\/60b998c71de37dcc1398fc6d48c6b5ed7533e3ceec837c948055f072e3158ff1?s=96&d=mm&r=g","url":"https:\/\/secure.gravatar.com\/avatar\/60b998c71de37dcc1398fc6d48c6b5ed7533e3ceec837c948055f072e3158ff1?s=96&d=mm&r=g","contentUrl":"https:\/\/secure.gravatar.com\/avatar\/60b998c71de37dcc1398fc6d48c6b5ed7533e3ceec837c948055f072e3158ff1?s=96&d=mm&r=g","caption":"Administra\u00e7\u00e3o IAC"}}]}},"_links":{"self":[{"href":"https:\/\/iacrianca.pt\/en\/wp-json\/wp\/v2\/posts\/25062","targetHints":{"allow":["GET"]}}],"collection":[{"href":"https:\/\/iacrianca.pt\/en\/wp-json\/wp\/v2\/posts"}],"about":[{"href":"https:\/\/iacrianca.pt\/en\/wp-json\/wp\/v2\/types\/post"}],"author":[{"embeddable":true,"href":"https:\/\/iacrianca.pt\/en\/wp-json\/wp\/v2\/users\/2"}],"replies":[{"embeddable":true,"href":"https:\/\/iacrianca.pt\/en\/wp-json\/wp\/v2\/comments?post=25062"}],"version-history":[{"count":0,"href":"https:\/\/iacrianca.pt\/en\/wp-json\/wp\/v2\/posts\/25062\/revisions"}],"wp:featuredmedia":[{"embeddable":true,"href":"https:\/\/iacrianca.pt\/en\/wp-json\/wp\/v2\/media\/25063"}],"wp:attachment":[{"href":"https:\/\/iacrianca.pt\/en\/wp-json\/wp\/v2\/media?parent=25062"}],"wp:term":[{"taxonomy":"category","embeddable":true,"href":"https:\/\/iacrianca.pt\/en\/wp-json\/wp\/v2\/categories?post=25062"},{"taxonomy":"post_tag","embeddable":true,"href":"https:\/\/iacrianca.pt\/en\/wp-json\/wp\/v2\/tags?post=25062"}],"curies":[{"name":"wp","href":"https:\/\/api.w.org\/{rel}","templated":true}]}}