{"id":25070,"date":"2025-03-31T17:03:24","date_gmt":"2025-03-31T16:03:24","guid":{"rendered":"https:\/\/iacrianca.pt\/?p=25070"},"modified":"2025-04-10T13:56:12","modified_gmt":"2025-04-10T12:56:12","slug":"encontro-nacional-de-gaaf-educar-para-o-bem-estar","status":"publish","type":"post","link":"https:\/\/iacrianca.pt\/en\/2025\/03\/encontro-nacional-de-gaaf-educar-para-o-bem-estar\/","title":{"rendered":"Encontro Nacional de GAAF \u201cEducar para o bem-estar\u201d"},"content":{"rendered":"<p>Decorreu no dia 19 de mar\u00e7o de 2025, em formato Webinar, o Encontro Nacional de GAAF \u201cEducar para o bem-estar\u201d. Este Encontro que se enquadra no \u00e2mbito do projeto de Media\u00e7\u00e3o Escolar do IAC, contou com a participa\u00e7\u00e3o de psic\u00f3logos, assistentes sociais, docentes, investigadores, estudantes, entre outros, num total de 377 participantes.<\/p>\n<p>Desde 1998, o IAC interv\u00e9m nas escolas atrav\u00e9s da implementa\u00e7\u00e3o dos Gabinetes de Apoio ao Aluno e \u00e0 Fam\u00edlia (GAAF), no \u00e2mbito do Projeto de Media\u00e7\u00e3o Escolar, com o objetivo de auxiliar os alunos na procura de resolu\u00e7\u00e3o dos seus problemas quotidianos, combater o absentismo e o abandono escolar e estabelecer estrat\u00e9gias de interven\u00e7\u00e3o de combate \u00e0 exclus\u00e3o social dos alunos e suas fam\u00edlias.<\/p>\n<p>Este encontro, para al\u00e9m de divulgar o trabalho do IAC na \u00e1rea da Media\u00e7\u00e3o Escolar, pretendeu capacitar as equipas dos GAAF no sentido de melhor responder aos desafios que enfrentam diariamente.<\/p>\n<p>Manuel Coutinho, Presidente do Instituto de Apoio \u00e0 Crian\u00e7a, come\u00e7ou por salientar a pertin\u00eancia da tem\u00e1tica e a import\u00e2ncia que o Instituto de Apoio \u00e0 Crian\u00e7a, ao longo da sua exist\u00eancia, tem atribu\u00eddo \u00e0 Educa\u00e7\u00e3o. Referiu o papel que os GAAF, no \u00e2mbito do Projeto de Media\u00e7\u00e3o Escolar, t\u00eam desempenhado na Escola, na manuten\u00e7\u00e3o dos valores democr\u00e1ticos, inclusivos e de cidadania e do seu contributo para o desenvolvimento integral do ser humano.<\/p>\n<p>\u201cOs direitos da Crian\u00e7a e o papel das ONG na sua concretiza\u00e7\u00e3o\u201d, foi o tema da comunica\u00e7\u00e3o de Dulce Rocha que destacou o papel do Instituto de Apoio \u00e0 Crian\u00e7a, procurando em cada momento ser a Voz que chama a aten\u00e7\u00e3o, pressiona, atua, realiza a\u00e7\u00f5es que ajudem a que mais Crian\u00e7as vivam com alegria o tempo de ser Crian\u00e7as.<\/p>\n<p>Margarida Gaspar de Matos, respons\u00e1vel pelo Observat\u00f3rio da Sa\u00fade Psicol\u00f3gica e do Bem-estar, destacou alguns dados relacionados com a sa\u00fade psicol\u00f3gica e bem-estar nas escolas portuguesas e a consequente defini\u00e7\u00e3o de pol\u00edticas p\u00fablicas. Referiu ainda a necessidade de implementar nas escolas, programas de promo\u00e7\u00e3o de compet\u00eancias socio emocionais dirigidos a crian\u00e7as e jovens, dando destaque \u00e0 import\u00e2ncia da conex\u00e3o destes com a fam\u00edlia, com os amigos e com a escola.<\/p>\n<p>Jorge Rio Cardoso abordou a tem\u00e1tica \u201cComo educar no s\u00e9culo XXI\u201d, valorizando a import\u00e2ncia da rela\u00e7\u00e3o entre professor e aluno e do modelo formar como modelo fundamental na educa\u00e7\u00e3o. Na sua abordagem, Jorge Rio Cardoso destacou ainda a necessidade do envolvimento parental como chave para o sucesso escolar das crian\u00e7as e dos jovens.<\/p>\n<p>Este encontro foi mais uma iniciativa que possibilitou a oportunidade formativa para as equipas GAAF, parceiros do Projeto de Media\u00e7\u00e3o Escolar do IAC, de norte a sul do pa\u00eds. Consideramos que foi um momento formativo de enorme pertin\u00eancia e muito atual, pela oportunidade de refletir sobre os desafios atuais da Escola, enfatizando a necessidade de preparar os jovens para um futuro em constante transforma\u00e7\u00e3o, mantendo o foco no bem-estar psicol\u00f3gico e, sobretudo, na sua felicidade.<\/p>\n","protected":false},"excerpt":{"rendered":"<p>Decorreu no dia 19 de mar\u00e7o de 2025, em formato Webinar, o Encontro Nacional de GAAF \u201cEducar para o bem-estar\u201d. Este Encontro que se enquadra no \u00e2mbito do projeto de Media\u00e7\u00e3o Escolar do IAC, contou com a participa\u00e7\u00e3o de psic\u00f3logos, assistentes sociais, docentes, investigadores, estudantes, entre outros, num total de 377 participantes. Desde 1998, o&hellip;<\/p>\n","protected":false},"author":2,"featured_media":24837,"comment_status":"closed","ping_status":"open","sticky":false,"template":"","format":"standard","meta":{"_acf_changed":false,"footnotes":""},"categories":[63],"tags":[],"class_list":["post-25070","post","type-post","status-publish","format-standard","has-post-thumbnail","hentry","category-newsletter","category-63","description-off"],"acf":[],"yoast_head":"<!-- This site is optimized with the Yoast SEO plugin v27.5 - https:\/\/yoast.com\/product\/yoast-seo-wordpress\/ -->\n<title>Encontro Nacional de GAAF \u201cEducar para o bem-estar\u201d | Instituto de Apoio \u00e0 Crian\u00e7a<\/title>\n<meta name=\"robots\" content=\"index, follow, max-snippet:-1, max-image-preview:large, max-video-preview:-1\" \/>\n<link rel=\"canonical\" href=\"https:\/\/iacrianca.pt\/en\/2025\/03\/encontro-nacional-de-gaaf-educar-para-o-bem-estar\/\" \/>\n<meta property=\"og:locale\" content=\"en_US\" \/>\n<meta property=\"og:type\" content=\"article\" \/>\n<meta property=\"og:title\" content=\"Encontro Nacional de GAAF \u201cEducar para o bem-estar\u201d | Instituto de Apoio \u00e0 Crian\u00e7a\" \/>\n<meta property=\"og:description\" content=\"Decorreu no dia 19 de mar\u00e7o de 2025, em formato Webinar, o Encontro Nacional de GAAF \u201cEducar para o bem-estar\u201d. Este Encontro que se enquadra no \u00e2mbito do projeto de Media\u00e7\u00e3o Escolar do IAC, contou com a participa\u00e7\u00e3o de psic\u00f3logos, assistentes sociais, docentes, investigadores, estudantes, entre outros, num total de 377 participantes. Desde 1998, o&hellip;\" \/>\n<meta property=\"og:url\" content=\"https:\/\/iacrianca.pt\/en\/2025\/03\/encontro-nacional-de-gaaf-educar-para-o-bem-estar\/\" \/>\n<meta property=\"og:site_name\" content=\"Instituto de Apoio \u00e0 Crian\u00e7a\" \/>\n<meta property=\"article:publisher\" content=\"https:\/\/www.facebook.com\/iacinstitutodeapoioacrianca\" \/>\n<meta property=\"article:published_time\" content=\"2025-03-31T16:03:24+00:00\" \/>\n<meta property=\"article:modified_time\" content=\"2025-04-10T12:56:12+00:00\" \/>\n<meta property=\"og:image\" content=\"https:\/\/iacrianca.pt\/wp-content\/uploads\/whatsapp-image-2025-03-05-at-102811.jpeg\" \/>\n\t<meta property=\"og:image:width\" content=\"1600\" \/>\n\t<meta property=\"og:image:height\" content=\"1600\" \/>\n\t<meta property=\"og:image:type\" content=\"image\/jpeg\" \/>\n<meta name=\"author\" content=\"Administra\u00e7\u00e3o IAC\" \/>\n<meta name=\"twitter:card\" content=\"summary_large_image\" \/>\n<meta name=\"twitter:creator\" content=\"@iacapoiocrianca\" \/>\n<meta name=\"twitter:site\" content=\"@iacapoiocrianca\" \/>\n<meta name=\"twitter:label1\" content=\"Written by\" \/>\n\t<meta name=\"twitter:data1\" content=\"Administra\u00e7\u00e3o IAC\" \/>\n\t<meta name=\"twitter:label2\" content=\"Est. reading time\" \/>\n\t<meta name=\"twitter:data2\" content=\"3 minutes\" \/>\n<script type=\"application\/ld+json\" class=\"yoast-schema-graph\">{\"@context\":\"https:\\\/\\\/schema.org\",\"@graph\":[{\"@type\":\"Article\",\"@id\":\"https:\\\/\\\/iacrianca.pt\\\/en\\\/2025\\\/03\\\/encontro-nacional-de-gaaf-educar-para-o-bem-estar\\\/#article\",\"isPartOf\":{\"@id\":\"https:\\\/\\\/iacrianca.pt\\\/en\\\/2025\\\/03\\\/encontro-nacional-de-gaaf-educar-para-o-bem-estar\\\/\"},\"author\":{\"name\":\"Administra\u00e7\u00e3o IAC\",\"@id\":\"https:\\\/\\\/iacrianca.pt\\\/en\\\/#\\\/schema\\\/person\\\/1c48c6e4b70d0dc7360e4b28ceaa5f6b\"},\"headline\":\"Encontro Nacional de GAAF \u201cEducar para o bem-estar\u201d\",\"datePublished\":\"2025-03-31T16:03:24+00:00\",\"dateModified\":\"2025-04-10T12:56:12+00:00\",\"mainEntityOfPage\":{\"@id\":\"https:\\\/\\\/iacrianca.pt\\\/en\\\/2025\\\/03\\\/encontro-nacional-de-gaaf-educar-para-o-bem-estar\\\/\"},\"wordCount\":536,\"publisher\":{\"@id\":\"https:\\\/\\\/iacrianca.pt\\\/en\\\/#organization\"},\"image\":{\"@id\":\"https:\\\/\\\/iacrianca.pt\\\/en\\\/2025\\\/03\\\/encontro-nacional-de-gaaf-educar-para-o-bem-estar\\\/#primaryimage\"},\"thumbnailUrl\":\"https:\\\/\\\/iacrianca.pt\\\/wp-content\\\/uploads\\\/whatsapp-image-2025-03-05-at-102811.jpeg\",\"articleSection\":[\"Newsletter\"],\"inLanguage\":\"en-US\"},{\"@type\":\"WebPage\",\"@id\":\"https:\\\/\\\/iacrianca.pt\\\/en\\\/2025\\\/03\\\/encontro-nacional-de-gaaf-educar-para-o-bem-estar\\\/\",\"url\":\"https:\\\/\\\/iacrianca.pt\\\/en\\\/2025\\\/03\\\/encontro-nacional-de-gaaf-educar-para-o-bem-estar\\\/\",\"name\":\"Encontro Nacional de GAAF \u201cEducar para o bem-estar\u201d | Instituto de Apoio \u00e0 Crian\u00e7a\",\"isPartOf\":{\"@id\":\"https:\\\/\\\/iacrianca.pt\\\/en\\\/#website\"},\"primaryImageOfPage\":{\"@id\":\"https:\\\/\\\/iacrianca.pt\\\/en\\\/2025\\\/03\\\/encontro-nacional-de-gaaf-educar-para-o-bem-estar\\\/#primaryimage\"},\"image\":{\"@id\":\"https:\\\/\\\/iacrianca.pt\\\/en\\\/2025\\\/03\\\/encontro-nacional-de-gaaf-educar-para-o-bem-estar\\\/#primaryimage\"},\"thumbnailUrl\":\"https:\\\/\\\/iacrianca.pt\\\/wp-content\\\/uploads\\\/whatsapp-image-2025-03-05-at-102811.jpeg\",\"datePublished\":\"2025-03-31T16:03:24+00:00\",\"dateModified\":\"2025-04-10T12:56:12+00:00\",\"breadcrumb\":{\"@id\":\"https:\\\/\\\/iacrianca.pt\\\/en\\\/2025\\\/03\\\/encontro-nacional-de-gaaf-educar-para-o-bem-estar\\\/#breadcrumb\"},\"inLanguage\":\"en-US\",\"potentialAction\":[{\"@type\":\"ReadAction\",\"target\":[\"https:\\\/\\\/iacrianca.pt\\\/en\\\/2025\\\/03\\\/encontro-nacional-de-gaaf-educar-para-o-bem-estar\\\/\"]}]},{\"@type\":\"ImageObject\",\"inLanguage\":\"en-US\",\"@id\":\"https:\\\/\\\/iacrianca.pt\\\/en\\\/2025\\\/03\\\/encontro-nacional-de-gaaf-educar-para-o-bem-estar\\\/#primaryimage\",\"url\":\"https:\\\/\\\/iacrianca.pt\\\/wp-content\\\/uploads\\\/whatsapp-image-2025-03-05-at-102811.jpeg\",\"contentUrl\":\"https:\\\/\\\/iacrianca.pt\\\/wp-content\\\/uploads\\\/whatsapp-image-2025-03-05-at-102811.jpeg\",\"width\":1600,\"height\":1600},{\"@type\":\"BreadcrumbList\",\"@id\":\"https:\\\/\\\/iacrianca.pt\\\/en\\\/2025\\\/03\\\/encontro-nacional-de-gaaf-educar-para-o-bem-estar\\\/#breadcrumb\",\"itemListElement\":[{\"@type\":\"ListItem\",\"position\":1,\"name\":\"In\u00edcio\",\"item\":\"https:\\\/\\\/iacrianca.pt\\\/en\\\/\"},{\"@type\":\"ListItem\",\"position\":2,\"name\":\"Encontro Nacional de GAAF \u201cEducar para o bem-estar\u201d\"}]},{\"@type\":\"WebSite\",\"@id\":\"https:\\\/\\\/iacrianca.pt\\\/en\\\/#website\",\"url\":\"https:\\\/\\\/iacrianca.pt\\\/en\\\/\",\"name\":\"Instituto de Apoio \u00e0 Crian\u00e7a\",\"description\":\"Desde 1983 na defesa e promo\u00e7\u00e3o dos direitos da crian\u00e7a\",\"publisher\":{\"@id\":\"https:\\\/\\\/iacrianca.pt\\\/en\\\/#organization\"},\"potentialAction\":[{\"@type\":\"SearchAction\",\"target\":{\"@type\":\"EntryPoint\",\"urlTemplate\":\"https:\\\/\\\/iacrianca.pt\\\/en\\\/?s={search_term_string}\"},\"query-input\":{\"@type\":\"PropertyValueSpecification\",\"valueRequired\":true,\"valueName\":\"search_term_string\"}}],\"inLanguage\":\"en-US\"},{\"@type\":\"Organization\",\"@id\":\"https:\\\/\\\/iacrianca.pt\\\/en\\\/#organization\",\"name\":\"Instituto de Apoio \u00e0 Crian\u00e7a\",\"url\":\"https:\\\/\\\/iacrianca.pt\\\/en\\\/\",\"logo\":{\"@type\":\"ImageObject\",\"inLanguage\":\"en-US\",\"@id\":\"https:\\\/\\\/iacrianca.pt\\\/en\\\/#\\\/schema\\\/logo\\\/image\\\/\",\"url\":\"https:\\\/\\\/iacrianca.pt\\\/wp-content\\\/uploads\\\/2020\\\/04\\\/logo-iac-SD.jpg\",\"contentUrl\":\"https:\\\/\\\/iacrianca.pt\\\/wp-content\\\/uploads\\\/2020\\\/04\\\/logo-iac-SD.jpg\",\"width\":152,\"height\":73,\"caption\":\"Instituto de Apoio \u00e0 Crian\u00e7a\"},\"image\":{\"@id\":\"https:\\\/\\\/iacrianca.pt\\\/en\\\/#\\\/schema\\\/logo\\\/image\\\/\"},\"sameAs\":[\"https:\\\/\\\/www.facebook.com\\\/iacinstitutodeapoioacrianca\",\"https:\\\/\\\/x.com\\\/iacapoiocrianca\",\"https:\\\/\\\/www.youtube.com\\\/channel\\\/UC0jjfZ_xkN_59gJf_RQ-ZnQ\",\"https:\\\/\\\/www.linkedin.com\\\/company\\\/instituto-de-apoio--criana\\\/\",\"https:\\\/\\\/www.instagram.com\\\/iacinstitutodeapoioacrianca\\\/\",\"https:\\\/\\\/criancasatortoeadireitos.wordpress.com\\\/\"]},{\"@type\":\"Person\",\"@id\":\"https:\\\/\\\/iacrianca.pt\\\/en\\\/#\\\/schema\\\/person\\\/1c48c6e4b70d0dc7360e4b28ceaa5f6b\",\"name\":\"Administra\u00e7\u00e3o IAC\",\"image\":{\"@type\":\"ImageObject\",\"inLanguage\":\"en-US\",\"@id\":\"https:\\\/\\\/secure.gravatar.com\\\/avatar\\\/60b998c71de37dcc1398fc6d48c6b5ed7533e3ceec837c948055f072e3158ff1?s=96&d=mm&r=g\",\"url\":\"https:\\\/\\\/secure.gravatar.com\\\/avatar\\\/60b998c71de37dcc1398fc6d48c6b5ed7533e3ceec837c948055f072e3158ff1?s=96&d=mm&r=g\",\"contentUrl\":\"https:\\\/\\\/secure.gravatar.com\\\/avatar\\\/60b998c71de37dcc1398fc6d48c6b5ed7533e3ceec837c948055f072e3158ff1?s=96&d=mm&r=g\",\"caption\":\"Administra\u00e7\u00e3o IAC\"}}]}<\/script>\n<!-- \/ Yoast SEO plugin. -->","yoast_head_json":{"title":"Encontro Nacional de GAAF \u201cEducar para o bem-estar\u201d | Instituto de Apoio \u00e0 Crian\u00e7a","robots":{"index":"index","follow":"follow","max-snippet":"max-snippet:-1","max-image-preview":"max-image-preview:large","max-video-preview":"max-video-preview:-1"},"canonical":"https:\/\/iacrianca.pt\/en\/2025\/03\/encontro-nacional-de-gaaf-educar-para-o-bem-estar\/","og_locale":"en_US","og_type":"article","og_title":"Encontro Nacional de GAAF \u201cEducar para o bem-estar\u201d | Instituto de Apoio \u00e0 Crian\u00e7a","og_description":"Decorreu no dia 19 de mar\u00e7o de 2025, em formato Webinar, o Encontro Nacional de GAAF \u201cEducar para o bem-estar\u201d. Este Encontro que se enquadra no \u00e2mbito do projeto de Media\u00e7\u00e3o Escolar do IAC, contou com a participa\u00e7\u00e3o de psic\u00f3logos, assistentes sociais, docentes, investigadores, estudantes, entre outros, num total de 377 participantes. Desde 1998, o&hellip;","og_url":"https:\/\/iacrianca.pt\/en\/2025\/03\/encontro-nacional-de-gaaf-educar-para-o-bem-estar\/","og_site_name":"Instituto de Apoio \u00e0 Crian\u00e7a","article_publisher":"https:\/\/www.facebook.com\/iacinstitutodeapoioacrianca","article_published_time":"2025-03-31T16:03:24+00:00","article_modified_time":"2025-04-10T12:56:12+00:00","og_image":[{"width":1600,"height":1600,"url":"https:\/\/iacrianca.pt\/wp-content\/uploads\/whatsapp-image-2025-03-05-at-102811.jpeg","type":"image\/jpeg"}],"author":"Administra\u00e7\u00e3o IAC","twitter_card":"summary_large_image","twitter_creator":"@iacapoiocrianca","twitter_site":"@iacapoiocrianca","twitter_misc":{"Written by":"Administra\u00e7\u00e3o IAC","Est. reading time":"3 minutes"},"schema":{"@context":"https:\/\/schema.org","@graph":[{"@type":"Article","@id":"https:\/\/iacrianca.pt\/en\/2025\/03\/encontro-nacional-de-gaaf-educar-para-o-bem-estar\/#article","isPartOf":{"@id":"https:\/\/iacrianca.pt\/en\/2025\/03\/encontro-nacional-de-gaaf-educar-para-o-bem-estar\/"},"author":{"name":"Administra\u00e7\u00e3o IAC","@id":"https:\/\/iacrianca.pt\/en\/#\/schema\/person\/1c48c6e4b70d0dc7360e4b28ceaa5f6b"},"headline":"Encontro Nacional de GAAF \u201cEducar para o bem-estar\u201d","datePublished":"2025-03-31T16:03:24+00:00","dateModified":"2025-04-10T12:56:12+00:00","mainEntityOfPage":{"@id":"https:\/\/iacrianca.pt\/en\/2025\/03\/encontro-nacional-de-gaaf-educar-para-o-bem-estar\/"},"wordCount":536,"publisher":{"@id":"https:\/\/iacrianca.pt\/en\/#organization"},"image":{"@id":"https:\/\/iacrianca.pt\/en\/2025\/03\/encontro-nacional-de-gaaf-educar-para-o-bem-estar\/#primaryimage"},"thumbnailUrl":"https:\/\/iacrianca.pt\/wp-content\/uploads\/whatsapp-image-2025-03-05-at-102811.jpeg","articleSection":["Newsletter"],"inLanguage":"en-US"},{"@type":"WebPage","@id":"https:\/\/iacrianca.pt\/en\/2025\/03\/encontro-nacional-de-gaaf-educar-para-o-bem-estar\/","url":"https:\/\/iacrianca.pt\/en\/2025\/03\/encontro-nacional-de-gaaf-educar-para-o-bem-estar\/","name":"Encontro Nacional de GAAF \u201cEducar para o bem-estar\u201d | Instituto de Apoio \u00e0 Crian\u00e7a","isPartOf":{"@id":"https:\/\/iacrianca.pt\/en\/#website"},"primaryImageOfPage":{"@id":"https:\/\/iacrianca.pt\/en\/2025\/03\/encontro-nacional-de-gaaf-educar-para-o-bem-estar\/#primaryimage"},"image":{"@id":"https:\/\/iacrianca.pt\/en\/2025\/03\/encontro-nacional-de-gaaf-educar-para-o-bem-estar\/#primaryimage"},"thumbnailUrl":"https:\/\/iacrianca.pt\/wp-content\/uploads\/whatsapp-image-2025-03-05-at-102811.jpeg","datePublished":"2025-03-31T16:03:24+00:00","dateModified":"2025-04-10T12:56:12+00:00","breadcrumb":{"@id":"https:\/\/iacrianca.pt\/en\/2025\/03\/encontro-nacional-de-gaaf-educar-para-o-bem-estar\/#breadcrumb"},"inLanguage":"en-US","potentialAction":[{"@type":"ReadAction","target":["https:\/\/iacrianca.pt\/en\/2025\/03\/encontro-nacional-de-gaaf-educar-para-o-bem-estar\/"]}]},{"@type":"ImageObject","inLanguage":"en-US","@id":"https:\/\/iacrianca.pt\/en\/2025\/03\/encontro-nacional-de-gaaf-educar-para-o-bem-estar\/#primaryimage","url":"https:\/\/iacrianca.pt\/wp-content\/uploads\/whatsapp-image-2025-03-05-at-102811.jpeg","contentUrl":"https:\/\/iacrianca.pt\/wp-content\/uploads\/whatsapp-image-2025-03-05-at-102811.jpeg","width":1600,"height":1600},{"@type":"BreadcrumbList","@id":"https:\/\/iacrianca.pt\/en\/2025\/03\/encontro-nacional-de-gaaf-educar-para-o-bem-estar\/#breadcrumb","itemListElement":[{"@type":"ListItem","position":1,"name":"In\u00edcio","item":"https:\/\/iacrianca.pt\/en\/"},{"@type":"ListItem","position":2,"name":"Encontro Nacional de GAAF \u201cEducar para o bem-estar\u201d"}]},{"@type":"WebSite","@id":"https:\/\/iacrianca.pt\/en\/#website","url":"https:\/\/iacrianca.pt\/en\/","name":"Instituto de Apoio \u00e0 Crian\u00e7a","description":"Desde 1983 na defesa e promo\u00e7\u00e3o dos direitos da crian\u00e7a","publisher":{"@id":"https:\/\/iacrianca.pt\/en\/#organization"},"potentialAction":[{"@type":"SearchAction","target":{"@type":"EntryPoint","urlTemplate":"https:\/\/iacrianca.pt\/en\/?s={search_term_string}"},"query-input":{"@type":"PropertyValueSpecification","valueRequired":true,"valueName":"search_term_string"}}],"inLanguage":"en-US"},{"@type":"Organization","@id":"https:\/\/iacrianca.pt\/en\/#organization","name":"Instituto de Apoio \u00e0 Crian\u00e7a","url":"https:\/\/iacrianca.pt\/en\/","logo":{"@type":"ImageObject","inLanguage":"en-US","@id":"https:\/\/iacrianca.pt\/en\/#\/schema\/logo\/image\/","url":"https:\/\/iacrianca.pt\/wp-content\/uploads\/2020\/04\/logo-iac-SD.jpg","contentUrl":"https:\/\/iacrianca.pt\/wp-content\/uploads\/2020\/04\/logo-iac-SD.jpg","width":152,"height":73,"caption":"Instituto de Apoio \u00e0 Crian\u00e7a"},"image":{"@id":"https:\/\/iacrianca.pt\/en\/#\/schema\/logo\/image\/"},"sameAs":["https:\/\/www.facebook.com\/iacinstitutodeapoioacrianca","https:\/\/x.com\/iacapoiocrianca","https:\/\/www.youtube.com\/channel\/UC0jjfZ_xkN_59gJf_RQ-ZnQ","https:\/\/www.linkedin.com\/company\/instituto-de-apoio--criana\/","https:\/\/www.instagram.com\/iacinstitutodeapoioacrianca\/","https:\/\/criancasatortoeadireitos.wordpress.com\/"]},{"@type":"Person","@id":"https:\/\/iacrianca.pt\/en\/#\/schema\/person\/1c48c6e4b70d0dc7360e4b28ceaa5f6b","name":"Administra\u00e7\u00e3o IAC","image":{"@type":"ImageObject","inLanguage":"en-US","@id":"https:\/\/secure.gravatar.com\/avatar\/60b998c71de37dcc1398fc6d48c6b5ed7533e3ceec837c948055f072e3158ff1?s=96&d=mm&r=g","url":"https:\/\/secure.gravatar.com\/avatar\/60b998c71de37dcc1398fc6d48c6b5ed7533e3ceec837c948055f072e3158ff1?s=96&d=mm&r=g","contentUrl":"https:\/\/secure.gravatar.com\/avatar\/60b998c71de37dcc1398fc6d48c6b5ed7533e3ceec837c948055f072e3158ff1?s=96&d=mm&r=g","caption":"Administra\u00e7\u00e3o IAC"}}]}},"_links":{"self":[{"href":"https:\/\/iacrianca.pt\/en\/wp-json\/wp\/v2\/posts\/25070","targetHints":{"allow":["GET"]}}],"collection":[{"href":"https:\/\/iacrianca.pt\/en\/wp-json\/wp\/v2\/posts"}],"about":[{"href":"https:\/\/iacrianca.pt\/en\/wp-json\/wp\/v2\/types\/post"}],"author":[{"embeddable":true,"href":"https:\/\/iacrianca.pt\/en\/wp-json\/wp\/v2\/users\/2"}],"replies":[{"embeddable":true,"href":"https:\/\/iacrianca.pt\/en\/wp-json\/wp\/v2\/comments?post=25070"}],"version-history":[{"count":0,"href":"https:\/\/iacrianca.pt\/en\/wp-json\/wp\/v2\/posts\/25070\/revisions"}],"wp:featuredmedia":[{"embeddable":true,"href":"https:\/\/iacrianca.pt\/en\/wp-json\/wp\/v2\/media\/24837"}],"wp:attachment":[{"href":"https:\/\/iacrianca.pt\/en\/wp-json\/wp\/v2\/media?parent=25070"}],"wp:term":[{"taxonomy":"category","embeddable":true,"href":"https:\/\/iacrianca.pt\/en\/wp-json\/wp\/v2\/categories?post=25070"},{"taxonomy":"post_tag","embeddable":true,"href":"https:\/\/iacrianca.pt\/en\/wp-json\/wp\/v2\/tags?post=25070"}],"curies":[{"name":"wp","href":"https:\/\/api.w.org\/{rel}","templated":true}]}}