{"id":25178,"date":"2025-04-03T11:45:56","date_gmt":"2025-04-03T10:45:56","guid":{"rendered":"https:\/\/iacrianca.pt\/?p=25178"},"modified":"2025-09-03T15:33:51","modified_gmt":"2025-09-03T14:33:51","slug":"laco-azul-criancas-escola-alfaiate-aprendem-a-prevenir-os-maus-tratos","status":"publish","type":"post","link":"https:\/\/iacrianca.pt\/en\/2025\/04\/laco-azul-criancas-escola-alfaiate-aprendem-a-prevenir-os-maus-tratos\/","title":{"rendered":"La\u00e7o Azul \u2013 Crian\u00e7as Escola Alfaiate Aprendem a Prevenir os Maus Tratos"},"content":{"rendered":"<p>A Escola Alfaiate tem vindo a desenvolver, ao longo do m\u00eas de mar\u00e7o, sess\u00f5es em sala de aula dedicadas \u00e0 Preven\u00e7\u00e3o dos Maus-Tratos na Inf\u00e2ncia, promovendo a sensibiliza\u00e7\u00e3o das crian\u00e7as para a import\u00e2ncia da seguran\u00e7a, do respeito e do direito a serem bem tratadas.<\/p>\n<p>Durante as sess\u00f5es, as crian\u00e7as ouviram a hist\u00f3ria do la\u00e7o azul, um s\u00edmbolo que surgiu para alertar para a realidade dos maus-tratos infantis. Atrav\u00e9s deste relato, refletiram sobre a import\u00e2ncia de reconhecer e combater situa\u00e7\u00f5es de viol\u00eancia contra crian\u00e7as.<\/p>\n<p>Fal\u00e1mos sobre o que s\u00e3o maus-tratos infantis, identificando os diferentes tipos: f\u00edsico, emocional, neglig\u00eancia e abuso sexual. Foi-lhes explicado que qualquer crian\u00e7a tem o direito de ser protegida e que, caso se sintam em perigo ou desconfort\u00e1veis, devem pedir ajuda a um adulto de confian\u00e7a.<\/p>\n<p>As crian\u00e7as participaram ativamente, partilhando d\u00favidas e pensamentos, e compreenderam que a seguran\u00e7a come\u00e7a no respeito por si mesmas e pelos outros. Como forma de simbolizar este compromisso, cada crian\u00e7a pintou um la\u00e7o azul, refor\u00e7ando a import\u00e2ncia de estarmos todos atentos e de protegermos quem mais precisa.<\/p>\n<p>Com estas sess\u00f5es, as crian\u00e7as da Escola Alfaiate aprenderam que nenhuma crian\u00e7a est\u00e1 sozinha e que t\u00eam o direito de crescer num ambiente seguro, onde s\u00e3o tratadas com carinho e respeito.<\/p>\n<p>&nbsp;<\/p>\n<p>Projeto financiado pelo PRR &#8211; Plano de Recupera\u00e7\u00e3o e Resili\u00eancia<\/p>\n<p><a href=\"http:\/\/www.recuperarportugal.gov.pt\">http:\/\/www.recuperarportugal.gov.pt<\/a><\/p>\n<p>#ContruirOFuturo #ConstruirFuturos #Recupera\u00e7\u00e3oEmA\u00e7\u00e3o<\/p>\n<p><img fetchpriority=\"high\" decoding=\"async\" class=\"alignnone wp-image-25181 size-full\" src=\"https:\/\/iacrianca.pt\/wp-content\/uploads\/laco.jpeg\" alt=\"\" width=\"1600\" height=\"1450\" srcset=\"https:\/\/iacrianca.pt\/wp-content\/uploads\/laco.jpeg 1600w, https:\/\/iacrianca.pt\/wp-content\/uploads\/laco-300x272.jpeg 300w, https:\/\/iacrianca.pt\/wp-content\/uploads\/laco-1024x928.jpeg 1024w, https:\/\/iacrianca.pt\/wp-content\/uploads\/laco-768x696.jpeg 768w, https:\/\/iacrianca.pt\/wp-content\/uploads\/laco-1536x1392.jpeg 1536w\" sizes=\"(max-width: 1600px) 100vw, 1600px\" \/> <img decoding=\"async\" class=\"alignnone wp-image-25183 size-full\" src=\"https:\/\/iacrianca.pt\/wp-content\/uploads\/laco3.jpeg\" alt=\"\" width=\"1200\" height=\"1600\" srcset=\"https:\/\/iacrianca.pt\/wp-content\/uploads\/laco3.jpeg 1200w, https:\/\/iacrianca.pt\/wp-content\/uploads\/laco3-225x300.jpeg 225w, https:\/\/iacrianca.pt\/wp-content\/uploads\/laco3-768x1024.jpeg 768w, https:\/\/iacrianca.pt\/wp-content\/uploads\/laco3-1152x1536.jpeg 1152w\" sizes=\"(max-width: 1200px) 100vw, 1200px\" \/> <img decoding=\"async\" class=\"alignnone wp-image-25185 size-full\" src=\"https:\/\/iacrianca.pt\/wp-content\/uploads\/laco4.jpg\" alt=\"\" width=\"1187\" height=\"1262\" srcset=\"https:\/\/iacrianca.pt\/wp-content\/uploads\/laco4.jpg 1187w, https:\/\/iacrianca.pt\/wp-content\/uploads\/laco4-282x300.jpg 282w, https:\/\/iacrianca.pt\/wp-content\/uploads\/laco4-963x1024.jpg 963w, https:\/\/iacrianca.pt\/wp-content\/uploads\/laco4-768x817.jpg 768w\" sizes=\"(max-width: 1187px) 100vw, 1187px\" \/><\/p>\n<p>&nbsp;<\/p>\n","protected":false},"excerpt":{"rendered":"<p>A Escola Alfaiate tem vindo a desenvolver, ao longo do m\u00eas de mar\u00e7o, sess\u00f5es em sala de aula dedicadas \u00e0 Preven\u00e7\u00e3o dos Maus-Tratos na Inf\u00e2ncia, promovendo a sensibiliza\u00e7\u00e3o das crian\u00e7as para a import\u00e2ncia da seguran\u00e7a, do respeito e do direito a serem bem tratadas. Durante as sess\u00f5es, as crian\u00e7as ouviram a hist\u00f3ria do la\u00e7o azul,&hellip;<\/p>\n","protected":false},"author":2,"featured_media":25179,"comment_status":"closed","ping_status":"open","sticky":false,"template":"","format":"standard","meta":{"_acf_changed":false,"footnotes":""},"categories":[63],"tags":[],"class_list":["post-25178","post","type-post","status-publish","format-standard","has-post-thumbnail","hentry","category-newsletter","category-63","description-off"],"acf":[],"yoast_head":"<!-- This site is optimized with the Yoast SEO plugin v27.5 - https:\/\/yoast.com\/product\/yoast-seo-wordpress\/ -->\n<title>La\u00e7o Azul \u2013 Crian\u00e7as Escola Alfaiate Aprendem a Prevenir os Maus Tratos | Instituto de Apoio \u00e0 Crian\u00e7a<\/title>\n<meta name=\"robots\" content=\"index, follow, max-snippet:-1, max-image-preview:large, max-video-preview:-1\" \/>\n<link rel=\"canonical\" href=\"https:\/\/iacrianca.pt\/en\/2025\/04\/laco-azul-criancas-escola-alfaiate-aprendem-a-prevenir-os-maus-tratos\/\" \/>\n<meta property=\"og:locale\" content=\"en_US\" \/>\n<meta property=\"og:type\" content=\"article\" \/>\n<meta property=\"og:title\" content=\"La\u00e7o Azul \u2013 Crian\u00e7as Escola Alfaiate Aprendem a Prevenir os Maus Tratos | Instituto de Apoio \u00e0 Crian\u00e7a\" \/>\n<meta property=\"og:description\" content=\"A Escola Alfaiate tem vindo a desenvolver, ao longo do m\u00eas de mar\u00e7o, sess\u00f5es em sala de aula dedicadas \u00e0 Preven\u00e7\u00e3o dos Maus-Tratos na Inf\u00e2ncia, promovendo a sensibiliza\u00e7\u00e3o das crian\u00e7as para a import\u00e2ncia da seguran\u00e7a, do respeito e do direito a serem bem tratadas. Durante as sess\u00f5es, as crian\u00e7as ouviram a hist\u00f3ria do la\u00e7o azul,&hellip;\" \/>\n<meta property=\"og:url\" content=\"https:\/\/iacrianca.pt\/en\/2025\/04\/laco-azul-criancas-escola-alfaiate-aprendem-a-prevenir-os-maus-tratos\/\" \/>\n<meta property=\"og:site_name\" content=\"Instituto de Apoio \u00e0 Crian\u00e7a\" \/>\n<meta property=\"article:publisher\" content=\"https:\/\/www.facebook.com\/iacinstitutodeapoioacrianca\" \/>\n<meta property=\"article:published_time\" content=\"2025-04-03T10:45:56+00:00\" \/>\n<meta property=\"article:modified_time\" content=\"2025-09-03T14:33:51+00:00\" \/>\n<meta property=\"og:image\" content=\"https:\/\/iacrianca.pt\/wp-content\/uploads\/laco2.jpeg\" \/>\n\t<meta property=\"og:image:width\" content=\"1927\" \/>\n\t<meta property=\"og:image:height\" content=\"1142\" \/>\n\t<meta property=\"og:image:type\" content=\"image\/jpeg\" \/>\n<meta name=\"author\" content=\"Administra\u00e7\u00e3o IAC\" \/>\n<meta name=\"twitter:card\" content=\"summary_large_image\" \/>\n<meta name=\"twitter:creator\" content=\"@iacapoiocrianca\" \/>\n<meta name=\"twitter:site\" content=\"@iacapoiocrianca\" \/>\n<meta name=\"twitter:label1\" content=\"Written by\" \/>\n\t<meta name=\"twitter:data1\" content=\"Administra\u00e7\u00e3o IAC\" \/>\n\t<meta name=\"twitter:label2\" content=\"Est. reading time\" \/>\n\t<meta name=\"twitter:data2\" content=\"2 minutes\" \/>\n<script type=\"application\/ld+json\" class=\"yoast-schema-graph\">{\"@context\":\"https:\\\/\\\/schema.org\",\"@graph\":[{\"@type\":\"Article\",\"@id\":\"https:\\\/\\\/iacrianca.pt\\\/en\\\/2025\\\/04\\\/laco-azul-criancas-escola-alfaiate-aprendem-a-prevenir-os-maus-tratos\\\/#article\",\"isPartOf\":{\"@id\":\"https:\\\/\\\/iacrianca.pt\\\/en\\\/2025\\\/04\\\/laco-azul-criancas-escola-alfaiate-aprendem-a-prevenir-os-maus-tratos\\\/\"},\"author\":{\"name\":\"Administra\u00e7\u00e3o IAC\",\"@id\":\"https:\\\/\\\/iacrianca.pt\\\/en\\\/#\\\/schema\\\/person\\\/1c48c6e4b70d0dc7360e4b28ceaa5f6b\"},\"headline\":\"La\u00e7o Azul \u2013 Crian\u00e7as Escola Alfaiate Aprendem a Prevenir os Maus Tratos\",\"datePublished\":\"2025-04-03T10:45:56+00:00\",\"dateModified\":\"2025-09-03T14:33:51+00:00\",\"mainEntityOfPage\":{\"@id\":\"https:\\\/\\\/iacrianca.pt\\\/en\\\/2025\\\/04\\\/laco-azul-criancas-escola-alfaiate-aprendem-a-prevenir-os-maus-tratos\\\/\"},\"wordCount\":281,\"publisher\":{\"@id\":\"https:\\\/\\\/iacrianca.pt\\\/en\\\/#organization\"},\"image\":{\"@id\":\"https:\\\/\\\/iacrianca.pt\\\/en\\\/2025\\\/04\\\/laco-azul-criancas-escola-alfaiate-aprendem-a-prevenir-os-maus-tratos\\\/#primaryimage\"},\"thumbnailUrl\":\"https:\\\/\\\/iacrianca.pt\\\/wp-content\\\/uploads\\\/laco2.jpeg\",\"articleSection\":[\"Newsletter\"],\"inLanguage\":\"en-US\"},{\"@type\":\"WebPage\",\"@id\":\"https:\\\/\\\/iacrianca.pt\\\/en\\\/2025\\\/04\\\/laco-azul-criancas-escola-alfaiate-aprendem-a-prevenir-os-maus-tratos\\\/\",\"url\":\"https:\\\/\\\/iacrianca.pt\\\/en\\\/2025\\\/04\\\/laco-azul-criancas-escola-alfaiate-aprendem-a-prevenir-os-maus-tratos\\\/\",\"name\":\"La\u00e7o Azul \u2013 Crian\u00e7as Escola Alfaiate Aprendem a Prevenir os Maus Tratos | Instituto de Apoio \u00e0 Crian\u00e7a\",\"isPartOf\":{\"@id\":\"https:\\\/\\\/iacrianca.pt\\\/en\\\/#website\"},\"primaryImageOfPage\":{\"@id\":\"https:\\\/\\\/iacrianca.pt\\\/en\\\/2025\\\/04\\\/laco-azul-criancas-escola-alfaiate-aprendem-a-prevenir-os-maus-tratos\\\/#primaryimage\"},\"image\":{\"@id\":\"https:\\\/\\\/iacrianca.pt\\\/en\\\/2025\\\/04\\\/laco-azul-criancas-escola-alfaiate-aprendem-a-prevenir-os-maus-tratos\\\/#primaryimage\"},\"thumbnailUrl\":\"https:\\\/\\\/iacrianca.pt\\\/wp-content\\\/uploads\\\/laco2.jpeg\",\"datePublished\":\"2025-04-03T10:45:56+00:00\",\"dateModified\":\"2025-09-03T14:33:51+00:00\",\"breadcrumb\":{\"@id\":\"https:\\\/\\\/iacrianca.pt\\\/en\\\/2025\\\/04\\\/laco-azul-criancas-escola-alfaiate-aprendem-a-prevenir-os-maus-tratos\\\/#breadcrumb\"},\"inLanguage\":\"en-US\",\"potentialAction\":[{\"@type\":\"ReadAction\",\"target\":[\"https:\\\/\\\/iacrianca.pt\\\/en\\\/2025\\\/04\\\/laco-azul-criancas-escola-alfaiate-aprendem-a-prevenir-os-maus-tratos\\\/\"]}]},{\"@type\":\"ImageObject\",\"inLanguage\":\"en-US\",\"@id\":\"https:\\\/\\\/iacrianca.pt\\\/en\\\/2025\\\/04\\\/laco-azul-criancas-escola-alfaiate-aprendem-a-prevenir-os-maus-tratos\\\/#primaryimage\",\"url\":\"https:\\\/\\\/iacrianca.pt\\\/wp-content\\\/uploads\\\/laco2.jpeg\",\"contentUrl\":\"https:\\\/\\\/iacrianca.pt\\\/wp-content\\\/uploads\\\/laco2.jpeg\",\"width\":1927,\"height\":1142},{\"@type\":\"BreadcrumbList\",\"@id\":\"https:\\\/\\\/iacrianca.pt\\\/en\\\/2025\\\/04\\\/laco-azul-criancas-escola-alfaiate-aprendem-a-prevenir-os-maus-tratos\\\/#breadcrumb\",\"itemListElement\":[{\"@type\":\"ListItem\",\"position\":1,\"name\":\"In\u00edcio\",\"item\":\"https:\\\/\\\/iacrianca.pt\\\/en\\\/\"},{\"@type\":\"ListItem\",\"position\":2,\"name\":\"La\u00e7o Azul \u2013 Crian\u00e7as Escola Alfaiate Aprendem a Prevenir os Maus Tratos\"}]},{\"@type\":\"WebSite\",\"@id\":\"https:\\\/\\\/iacrianca.pt\\\/en\\\/#website\",\"url\":\"https:\\\/\\\/iacrianca.pt\\\/en\\\/\",\"name\":\"Instituto de Apoio \u00e0 Crian\u00e7a\",\"description\":\"Desde 1983 na defesa e promo\u00e7\u00e3o dos direitos da crian\u00e7a\",\"publisher\":{\"@id\":\"https:\\\/\\\/iacrianca.pt\\\/en\\\/#organization\"},\"potentialAction\":[{\"@type\":\"SearchAction\",\"target\":{\"@type\":\"EntryPoint\",\"urlTemplate\":\"https:\\\/\\\/iacrianca.pt\\\/en\\\/?s={search_term_string}\"},\"query-input\":{\"@type\":\"PropertyValueSpecification\",\"valueRequired\":true,\"valueName\":\"search_term_string\"}}],\"inLanguage\":\"en-US\"},{\"@type\":\"Organization\",\"@id\":\"https:\\\/\\\/iacrianca.pt\\\/en\\\/#organization\",\"name\":\"Instituto de Apoio \u00e0 Crian\u00e7a\",\"url\":\"https:\\\/\\\/iacrianca.pt\\\/en\\\/\",\"logo\":{\"@type\":\"ImageObject\",\"inLanguage\":\"en-US\",\"@id\":\"https:\\\/\\\/iacrianca.pt\\\/en\\\/#\\\/schema\\\/logo\\\/image\\\/\",\"url\":\"https:\\\/\\\/iacrianca.pt\\\/wp-content\\\/uploads\\\/2020\\\/04\\\/logo-iac-SD.jpg\",\"contentUrl\":\"https:\\\/\\\/iacrianca.pt\\\/wp-content\\\/uploads\\\/2020\\\/04\\\/logo-iac-SD.jpg\",\"width\":152,\"height\":73,\"caption\":\"Instituto de Apoio \u00e0 Crian\u00e7a\"},\"image\":{\"@id\":\"https:\\\/\\\/iacrianca.pt\\\/en\\\/#\\\/schema\\\/logo\\\/image\\\/\"},\"sameAs\":[\"https:\\\/\\\/www.facebook.com\\\/iacinstitutodeapoioacrianca\",\"https:\\\/\\\/x.com\\\/iacapoiocrianca\",\"https:\\\/\\\/www.youtube.com\\\/channel\\\/UC0jjfZ_xkN_59gJf_RQ-ZnQ\",\"https:\\\/\\\/www.linkedin.com\\\/company\\\/instituto-de-apoio--criana\\\/\",\"https:\\\/\\\/www.instagram.com\\\/iacinstitutodeapoioacrianca\\\/\",\"https:\\\/\\\/criancasatortoeadireitos.wordpress.com\\\/\"]},{\"@type\":\"Person\",\"@id\":\"https:\\\/\\\/iacrianca.pt\\\/en\\\/#\\\/schema\\\/person\\\/1c48c6e4b70d0dc7360e4b28ceaa5f6b\",\"name\":\"Administra\u00e7\u00e3o IAC\",\"image\":{\"@type\":\"ImageObject\",\"inLanguage\":\"en-US\",\"@id\":\"https:\\\/\\\/secure.gravatar.com\\\/avatar\\\/60b998c71de37dcc1398fc6d48c6b5ed7533e3ceec837c948055f072e3158ff1?s=96&d=mm&r=g\",\"url\":\"https:\\\/\\\/secure.gravatar.com\\\/avatar\\\/60b998c71de37dcc1398fc6d48c6b5ed7533e3ceec837c948055f072e3158ff1?s=96&d=mm&r=g\",\"contentUrl\":\"https:\\\/\\\/secure.gravatar.com\\\/avatar\\\/60b998c71de37dcc1398fc6d48c6b5ed7533e3ceec837c948055f072e3158ff1?s=96&d=mm&r=g\",\"caption\":\"Administra\u00e7\u00e3o IAC\"}}]}<\/script>\n<!-- \/ Yoast SEO plugin. -->","yoast_head_json":{"title":"La\u00e7o Azul \u2013 Crian\u00e7as Escola Alfaiate Aprendem a Prevenir os Maus Tratos | Instituto de Apoio \u00e0 Crian\u00e7a","robots":{"index":"index","follow":"follow","max-snippet":"max-snippet:-1","max-image-preview":"max-image-preview:large","max-video-preview":"max-video-preview:-1"},"canonical":"https:\/\/iacrianca.pt\/en\/2025\/04\/laco-azul-criancas-escola-alfaiate-aprendem-a-prevenir-os-maus-tratos\/","og_locale":"en_US","og_type":"article","og_title":"La\u00e7o Azul \u2013 Crian\u00e7as Escola Alfaiate Aprendem a Prevenir os Maus Tratos | Instituto de Apoio \u00e0 Crian\u00e7a","og_description":"A Escola Alfaiate tem vindo a desenvolver, ao longo do m\u00eas de mar\u00e7o, sess\u00f5es em sala de aula dedicadas \u00e0 Preven\u00e7\u00e3o dos Maus-Tratos na Inf\u00e2ncia, promovendo a sensibiliza\u00e7\u00e3o das crian\u00e7as para a import\u00e2ncia da seguran\u00e7a, do respeito e do direito a serem bem tratadas. Durante as sess\u00f5es, as crian\u00e7as ouviram a hist\u00f3ria do la\u00e7o azul,&hellip;","og_url":"https:\/\/iacrianca.pt\/en\/2025\/04\/laco-azul-criancas-escola-alfaiate-aprendem-a-prevenir-os-maus-tratos\/","og_site_name":"Instituto de Apoio \u00e0 Crian\u00e7a","article_publisher":"https:\/\/www.facebook.com\/iacinstitutodeapoioacrianca","article_published_time":"2025-04-03T10:45:56+00:00","article_modified_time":"2025-09-03T14:33:51+00:00","og_image":[{"width":1927,"height":1142,"url":"https:\/\/iacrianca.pt\/wp-content\/uploads\/laco2.jpeg","type":"image\/jpeg"}],"author":"Administra\u00e7\u00e3o IAC","twitter_card":"summary_large_image","twitter_creator":"@iacapoiocrianca","twitter_site":"@iacapoiocrianca","twitter_misc":{"Written by":"Administra\u00e7\u00e3o IAC","Est. reading time":"2 minutes"},"schema":{"@context":"https:\/\/schema.org","@graph":[{"@type":"Article","@id":"https:\/\/iacrianca.pt\/en\/2025\/04\/laco-azul-criancas-escola-alfaiate-aprendem-a-prevenir-os-maus-tratos\/#article","isPartOf":{"@id":"https:\/\/iacrianca.pt\/en\/2025\/04\/laco-azul-criancas-escola-alfaiate-aprendem-a-prevenir-os-maus-tratos\/"},"author":{"name":"Administra\u00e7\u00e3o IAC","@id":"https:\/\/iacrianca.pt\/en\/#\/schema\/person\/1c48c6e4b70d0dc7360e4b28ceaa5f6b"},"headline":"La\u00e7o Azul \u2013 Crian\u00e7as Escola Alfaiate Aprendem a Prevenir os Maus Tratos","datePublished":"2025-04-03T10:45:56+00:00","dateModified":"2025-09-03T14:33:51+00:00","mainEntityOfPage":{"@id":"https:\/\/iacrianca.pt\/en\/2025\/04\/laco-azul-criancas-escola-alfaiate-aprendem-a-prevenir-os-maus-tratos\/"},"wordCount":281,"publisher":{"@id":"https:\/\/iacrianca.pt\/en\/#organization"},"image":{"@id":"https:\/\/iacrianca.pt\/en\/2025\/04\/laco-azul-criancas-escola-alfaiate-aprendem-a-prevenir-os-maus-tratos\/#primaryimage"},"thumbnailUrl":"https:\/\/iacrianca.pt\/wp-content\/uploads\/laco2.jpeg","articleSection":["Newsletter"],"inLanguage":"en-US"},{"@type":"WebPage","@id":"https:\/\/iacrianca.pt\/en\/2025\/04\/laco-azul-criancas-escola-alfaiate-aprendem-a-prevenir-os-maus-tratos\/","url":"https:\/\/iacrianca.pt\/en\/2025\/04\/laco-azul-criancas-escola-alfaiate-aprendem-a-prevenir-os-maus-tratos\/","name":"La\u00e7o Azul \u2013 Crian\u00e7as Escola Alfaiate Aprendem a Prevenir os Maus Tratos | Instituto de Apoio \u00e0 Crian\u00e7a","isPartOf":{"@id":"https:\/\/iacrianca.pt\/en\/#website"},"primaryImageOfPage":{"@id":"https:\/\/iacrianca.pt\/en\/2025\/04\/laco-azul-criancas-escola-alfaiate-aprendem-a-prevenir-os-maus-tratos\/#primaryimage"},"image":{"@id":"https:\/\/iacrianca.pt\/en\/2025\/04\/laco-azul-criancas-escola-alfaiate-aprendem-a-prevenir-os-maus-tratos\/#primaryimage"},"thumbnailUrl":"https:\/\/iacrianca.pt\/wp-content\/uploads\/laco2.jpeg","datePublished":"2025-04-03T10:45:56+00:00","dateModified":"2025-09-03T14:33:51+00:00","breadcrumb":{"@id":"https:\/\/iacrianca.pt\/en\/2025\/04\/laco-azul-criancas-escola-alfaiate-aprendem-a-prevenir-os-maus-tratos\/#breadcrumb"},"inLanguage":"en-US","potentialAction":[{"@type":"ReadAction","target":["https:\/\/iacrianca.pt\/en\/2025\/04\/laco-azul-criancas-escola-alfaiate-aprendem-a-prevenir-os-maus-tratos\/"]}]},{"@type":"ImageObject","inLanguage":"en-US","@id":"https:\/\/iacrianca.pt\/en\/2025\/04\/laco-azul-criancas-escola-alfaiate-aprendem-a-prevenir-os-maus-tratos\/#primaryimage","url":"https:\/\/iacrianca.pt\/wp-content\/uploads\/laco2.jpeg","contentUrl":"https:\/\/iacrianca.pt\/wp-content\/uploads\/laco2.jpeg","width":1927,"height":1142},{"@type":"BreadcrumbList","@id":"https:\/\/iacrianca.pt\/en\/2025\/04\/laco-azul-criancas-escola-alfaiate-aprendem-a-prevenir-os-maus-tratos\/#breadcrumb","itemListElement":[{"@type":"ListItem","position":1,"name":"In\u00edcio","item":"https:\/\/iacrianca.pt\/en\/"},{"@type":"ListItem","position":2,"name":"La\u00e7o Azul \u2013 Crian\u00e7as Escola Alfaiate Aprendem a Prevenir os Maus Tratos"}]},{"@type":"WebSite","@id":"https:\/\/iacrianca.pt\/en\/#website","url":"https:\/\/iacrianca.pt\/en\/","name":"Instituto de Apoio \u00e0 Crian\u00e7a","description":"Desde 1983 na defesa e promo\u00e7\u00e3o dos direitos da crian\u00e7a","publisher":{"@id":"https:\/\/iacrianca.pt\/en\/#organization"},"potentialAction":[{"@type":"SearchAction","target":{"@type":"EntryPoint","urlTemplate":"https:\/\/iacrianca.pt\/en\/?s={search_term_string}"},"query-input":{"@type":"PropertyValueSpecification","valueRequired":true,"valueName":"search_term_string"}}],"inLanguage":"en-US"},{"@type":"Organization","@id":"https:\/\/iacrianca.pt\/en\/#organization","name":"Instituto de Apoio \u00e0 Crian\u00e7a","url":"https:\/\/iacrianca.pt\/en\/","logo":{"@type":"ImageObject","inLanguage":"en-US","@id":"https:\/\/iacrianca.pt\/en\/#\/schema\/logo\/image\/","url":"https:\/\/iacrianca.pt\/wp-content\/uploads\/2020\/04\/logo-iac-SD.jpg","contentUrl":"https:\/\/iacrianca.pt\/wp-content\/uploads\/2020\/04\/logo-iac-SD.jpg","width":152,"height":73,"caption":"Instituto de Apoio \u00e0 Crian\u00e7a"},"image":{"@id":"https:\/\/iacrianca.pt\/en\/#\/schema\/logo\/image\/"},"sameAs":["https:\/\/www.facebook.com\/iacinstitutodeapoioacrianca","https:\/\/x.com\/iacapoiocrianca","https:\/\/www.youtube.com\/channel\/UC0jjfZ_xkN_59gJf_RQ-ZnQ","https:\/\/www.linkedin.com\/company\/instituto-de-apoio--criana\/","https:\/\/www.instagram.com\/iacinstitutodeapoioacrianca\/","https:\/\/criancasatortoeadireitos.wordpress.com\/"]},{"@type":"Person","@id":"https:\/\/iacrianca.pt\/en\/#\/schema\/person\/1c48c6e4b70d0dc7360e4b28ceaa5f6b","name":"Administra\u00e7\u00e3o IAC","image":{"@type":"ImageObject","inLanguage":"en-US","@id":"https:\/\/secure.gravatar.com\/avatar\/60b998c71de37dcc1398fc6d48c6b5ed7533e3ceec837c948055f072e3158ff1?s=96&d=mm&r=g","url":"https:\/\/secure.gravatar.com\/avatar\/60b998c71de37dcc1398fc6d48c6b5ed7533e3ceec837c948055f072e3158ff1?s=96&d=mm&r=g","contentUrl":"https:\/\/secure.gravatar.com\/avatar\/60b998c71de37dcc1398fc6d48c6b5ed7533e3ceec837c948055f072e3158ff1?s=96&d=mm&r=g","caption":"Administra\u00e7\u00e3o IAC"}}]}},"_links":{"self":[{"href":"https:\/\/iacrianca.pt\/en\/wp-json\/wp\/v2\/posts\/25178","targetHints":{"allow":["GET"]}}],"collection":[{"href":"https:\/\/iacrianca.pt\/en\/wp-json\/wp\/v2\/posts"}],"about":[{"href":"https:\/\/iacrianca.pt\/en\/wp-json\/wp\/v2\/types\/post"}],"author":[{"embeddable":true,"href":"https:\/\/iacrianca.pt\/en\/wp-json\/wp\/v2\/users\/2"}],"replies":[{"embeddable":true,"href":"https:\/\/iacrianca.pt\/en\/wp-json\/wp\/v2\/comments?post=25178"}],"version-history":[{"count":0,"href":"https:\/\/iacrianca.pt\/en\/wp-json\/wp\/v2\/posts\/25178\/revisions"}],"wp:featuredmedia":[{"embeddable":true,"href":"https:\/\/iacrianca.pt\/en\/wp-json\/wp\/v2\/media\/25179"}],"wp:attachment":[{"href":"https:\/\/iacrianca.pt\/en\/wp-json\/wp\/v2\/media?parent=25178"}],"wp:term":[{"taxonomy":"category","embeddable":true,"href":"https:\/\/iacrianca.pt\/en\/wp-json\/wp\/v2\/categories?post=25178"},{"taxonomy":"post_tag","embeddable":true,"href":"https:\/\/iacrianca.pt\/en\/wp-json\/wp\/v2\/tags?post=25178"}],"curies":[{"name":"wp","href":"https:\/\/api.w.org\/{rel}","templated":true}]}}