{"id":25288,"date":"2025-04-11T16:40:32","date_gmt":"2025-04-11T15:40:32","guid":{"rendered":"https:\/\/iacrianca.pt\/?p=25288"},"modified":"2025-04-11T16:40:32","modified_gmt":"2025-04-11T15:40:32","slug":"nota-de-imprensa-12-de-abril-dia-internacional-das-criancas-de-rua-criancas-invisiveis-um-fenomeno-menos-visivel-mas-ainda-real","status":"publish","type":"post","link":"https:\/\/iacrianca.pt\/en\/2025\/04\/nota-de-imprensa-12-de-abril-dia-internacional-das-criancas-de-rua-criancas-invisiveis-um-fenomeno-menos-visivel-mas-ainda-real\/","title":{"rendered":"Nota de Imprensa 12 de abril \u2013 Dia Internacional das Crian\u00e7as de Rua \u201cCrian\u00e7as Invis\u00edveis\u201d: um fen\u00f3meno menos vis\u00edvel, mas ainda real"},"content":{"rendered":"<div style=\"text-align: center;\"><b data-olk-copy-source=\"MessageBody\">NOTA DE IMPRENSA<\/b><\/div>\n<div style=\"text-align: center;\"><b>12 de abril \u2013 Dia Internacional das Crian\u00e7as de Rua<\/b><\/div>\n<div style=\"text-align: center;\"><b>\u201cCrian\u00e7as Invis\u00edveis\u201d: um fen\u00f3meno menos vis\u00edvel, mas ainda real<\/b>\n<\/div>\n<div>O Instituto de Apoio \u00e0 Crian\u00e7a (IAC) assinala amanh\u00e3, 12 de abril, o\u00a0<b>Dia Internacional das Crian\u00e7as de Rua<\/b>, reiterando o seu compromisso com a promo\u00e7\u00e3o e defesa dos direitos das crian\u00e7as e jovens em situa\u00e7\u00e3o de vulnerabilidade extrema. O IAC interv\u00e9m nesta mat\u00e9ria h\u00e1 mais de tr\u00eas d\u00e9cadas, atrav\u00e9s do\u00a0<b>Projeto Rua \u2013 \u201cEm Fam\u00edlia para Crescer\u201d<\/b>, criado em 1989.<\/div>\n<div>O fen\u00f3meno das crian\u00e7as de rua poder\u00e1 parecer menos vis\u00edvel aos olhos da sociedade, mas continua a ser uma realidade preocupante. <b>S\u00e3o crian\u00e7as invis\u00edveis, em risco, muitas vezes desprotegidas e esquecidas.<\/b><\/div>\n<div><\/div>\n<div style=\"text-align: center;\"><i>\u201cApesar de hoje vermos menos crian\u00e7as nas ruas, isso n\u00e3o significa que o problema tenha desaparecido &#8211; apenas se tornou menos vis\u00edvel. Estas crian\u00e7as continuam a existir, muitas vezes escondidas, em situa\u00e7\u00f5es prec\u00e1rias, em fuga, sem prote\u00e7\u00e3o e sem voz. O nosso trabalho \u00e9 torn\u00e1-las vis\u00edveis, escut\u00e1-las e garantir que os seus direitos s\u00e3o respeitados.\u201d<\/i><\/div>\n<div style=\"text-align: center;\">Matilde Sirgado, Vice-Presidente da Dire\u00e7\u00e3o \u2013 Instituto de Apoio \u00e0 Crian\u00e7a<\/div>\n<div><\/div>\n<div>Desde a sua cria\u00e7\u00e3o, o Projeto Rua contribuiu para dar uma nova perspetiva de vida a<b> <\/b>cerca de 600 crian\u00e7as. Atualmente, o fen\u00f3meno apresenta novas caracter\u00edsticas: \u00e9 <b>transversal a diferentes contextos sociais<\/b>, os jovens t\u00eam <b>maior mobilidade<\/b>, e j\u00e1 <b>n\u00e3o s\u00e3o facilmente identific\u00e1veis<\/b> pelo aspeto f\u00edsico. As motiva\u00e7\u00f5es tamb\u00e9m mudaram: al\u00e9m da pobreza, surgem fatores como <b>viol\u00eancia dom\u00e9stica, abandono escolar, conflitos familiares e problemas de sa\u00fade mental<\/b>.<\/div>\n<div><\/div>\n<div>A equipa do Projeto Rua realiza <b>giros diurnos e noturnos<\/b>, percorrendo a cidade a p\u00e9 ou com recurso \u00e0 Unidade M\u00f3vel, com o objetivo de identificar e abordar crian\u00e7as e jovens em situa\u00e7\u00e3o de risco. A <b>interven\u00e7\u00e3o come\u00e7a na rua<\/b>, mas desenvolve-se com a\u00e7\u00f5es integradas, envolvendo as fam\u00edlias, parceiros locais e comunidades, atrav\u00e9s de atividades l\u00fadico-pedag\u00f3gicas e acompanhamento cont\u00ednuo.<\/div>\n<div><\/div>\n<div style=\"text-align: center;\"><i>\u201cMuitas destas crian\u00e7as j\u00e1 n\u00e3o confiam em ningu\u00e9m. \u00c9 preciso tempo, presen\u00e7a e escuta para come\u00e7arem a acreditar novamente nos adultos e em si pr\u00f3prias.\u201d<\/i><\/div>\n<div style=\"text-align: center;\">Concei\u00e7\u00e3o Alves, respons\u00e1vel pela equipa de rua do Projeto Rua \u2013 IAC<\/div>\n<div><\/div>\n<div>Em termos de n\u00fameros, em 2023, foram 68 os jovens acompanhados, 30 em fuga, entre os quais 23 fugas de casa e 7 de institui\u00e7\u00f5es. Em <b>2024<\/b> foram <b>acompanhados<\/b> <b>45 jovens<\/b>, 34 em fuga e 11 casos onde se incluem situa\u00e7\u00f5es de mendicidade, irm\u00e3os de jovens que efetuaram fugas e situa\u00e7\u00f5es de crian\u00e7as acompanhadas pelos seus pais.<\/div>\n<div>Uma resposta complementar a este trabalho \u00e9 a <b>Escola de Segunda Oportunidade<\/b>, dirigida a jovens dos <b>15 aos 18 anos<\/b> em situa\u00e7\u00e3o de abandono e absentismo grave, com comportamentos desviantes.. Esta iniciativa, que permite a obten\u00e7\u00e3o da escolaridade obrigat\u00f3ria e interromper percursos marginais, combate tamb\u00e9m a exclus\u00e3o e promove a igualdade de oportunidades, respondendo a casos para os quais os recursos educativos convencionais j\u00e1 n\u00e3o s\u00e3o suficientes.<\/div>\n<div><\/div>\n<div>Para assinalar esta data, o IAC lan\u00e7a a <b>tradu\u00e7\u00e3o e edi\u00e7\u00e3o portuguesa do Coment\u00e1rio Geral n.\u00ba 21 sobre Crian\u00e7as em Situa\u00e7\u00e3o de Rua<\/b>, do Comit\u00e9 dos Direitos da Crian\u00e7a das Na\u00e7\u00f5es Unidas. Este documento refor\u00e7a a necessidade de abordagens integradas, assentes nos direitos humanos, e encontra-se dispon\u00edvel no site do IAC atrav\u00e9s deste <u><a id=\"OWAdd99c618-5a69-4d30-160c-2dc6373314ce\" title=\"https:\/\/iacrianca.pt\/wp-content\/uploads\/comentario-geral-21-1.pdf\" href=\"https:\/\/iacrianca.pt\/wp-content\/uploads\/comentario-geral-21-1.pdf\" target=\"_blank\" rel=\"noopener noreferrer\" data-auth=\"NotApplicable\" data-linkindex=\"0\">link<\/a><\/u>.<\/div>\n<div>Apesar dos avan\u00e7os, <b>persistem algumas lacunas cr\u00edticas<\/b>. O IAC refor\u00e7a a necessidade de <b>medidas e pol\u00edticas mais flex\u00edveis e adequadas<\/b>, <b>mais Centros de Acolhimento especializados<\/b>, <b>respostas c\u00e9leres na sa\u00fade mental<\/b>, e <b>interven\u00e7\u00f5es continuadas e sustent\u00e1veis<\/b> para prevenir e recuperar situa\u00e7\u00f5es de rutura, de modo a que os direitos destas crian\u00e7as e jovens sejam, na pr\u00e1tica, plenamente consagrados.<\/div>\n<div><\/div>\n<div>O IAC relembra ainda que qualquer cidad\u00e3o pode contribuir. A <b>Linha SOS Crian\u00e7a Desaparecida<\/b> <b>116000<\/b> est\u00e1 dispon\u00edvel, de forma <b>gratuita, an\u00f3nima e confidencial<\/b>, para <b>sinaliza\u00e7\u00e3o de crian\u00e7as e jovens desaparecidos ou em fuga<\/b>.<\/div>\n<div><b>A diferen\u00e7a come\u00e7a com uma chamada.<\/b><\/div>\n<div aria-hidden=\"true\"><\/div>\n<div>Lisboa, 11 de abril de 2025<\/div>\n<div aria-hidden=\"true\"><\/div>\n<div><b>Para mais informa\u00e7\u00f5es:\u202f<\/b><\/div>\n<div>Anabela Reis \u2013 \u00e1rea do Marketing, Comunica\u00e7\u00e3o e Projetos<\/div>\n<div>anabela.reis@iacrianca.pt | 966603936<\/div>\n","protected":false},"excerpt":{"rendered":"<p>NOTA DE IMPRENSA 12 de abril \u2013 Dia Internacional das Crian\u00e7as de Rua \u201cCrian\u00e7as Invis\u00edveis\u201d: um fen\u00f3meno menos vis\u00edvel, mas ainda real O Instituto de Apoio \u00e0 Crian\u00e7a (IAC) assinala amanh\u00e3, 12 de abril, o\u00a0Dia Internacional das Crian\u00e7as de Rua, reiterando o seu compromisso com a promo\u00e7\u00e3o e defesa dos direitos das crian\u00e7as e jovens&hellip;<\/p>\n","protected":false},"author":2,"featured_media":2074,"comment_status":"closed","ping_status":"open","sticky":false,"template":"","format":"standard","meta":{"_acf_changed":false,"footnotes":""},"categories":[1],"tags":[],"class_list":["post-25288","post","type-post","status-publish","format-standard","has-post-thumbnail","hentry","category-noticias","category-1","description-off"],"acf":[],"yoast_head":"<!-- This site is optimized with the Yoast SEO plugin v27.5 - https:\/\/yoast.com\/product\/yoast-seo-wordpress\/ -->\n<title>Nota de Imprensa 12 de abril \u2013 Dia Internacional das Crian\u00e7as de Rua \u201cCrian\u00e7as Invis\u00edveis\u201d: um fen\u00f3meno menos vis\u00edvel, mas ainda real | Instituto de Apoio \u00e0 Crian\u00e7a<\/title>\n<meta name=\"robots\" content=\"index, follow, max-snippet:-1, max-image-preview:large, max-video-preview:-1\" \/>\n<link rel=\"canonical\" href=\"https:\/\/iacrianca.pt\/en\/2025\/04\/nota-de-imprensa-12-de-abril-dia-internacional-das-criancas-de-rua-criancas-invisiveis-um-fenomeno-menos-visivel-mas-ainda-real\/\" \/>\n<meta property=\"og:locale\" content=\"en_US\" \/>\n<meta property=\"og:type\" content=\"article\" \/>\n<meta property=\"og:title\" content=\"Nota de Imprensa 12 de abril \u2013 Dia Internacional das Crian\u00e7as de Rua \u201cCrian\u00e7as Invis\u00edveis\u201d: um fen\u00f3meno menos vis\u00edvel, mas ainda real | Instituto de Apoio \u00e0 Crian\u00e7a\" \/>\n<meta property=\"og:description\" content=\"NOTA DE IMPRENSA 12 de abril \u2013 Dia Internacional das Crian\u00e7as de Rua \u201cCrian\u00e7as Invis\u00edveis\u201d: um fen\u00f3meno menos vis\u00edvel, mas ainda real O Instituto de Apoio \u00e0 Crian\u00e7a (IAC) assinala amanh\u00e3, 12 de abril, o\u00a0Dia Internacional das Crian\u00e7as de Rua, reiterando o seu compromisso com a promo\u00e7\u00e3o e defesa dos direitos das crian\u00e7as e jovens&hellip;\" \/>\n<meta property=\"og:url\" content=\"https:\/\/iacrianca.pt\/en\/2025\/04\/nota-de-imprensa-12-de-abril-dia-internacional-das-criancas-de-rua-criancas-invisiveis-um-fenomeno-menos-visivel-mas-ainda-real\/\" \/>\n<meta property=\"og:site_name\" content=\"Instituto de Apoio \u00e0 Crian\u00e7a\" \/>\n<meta property=\"article:publisher\" content=\"https:\/\/www.facebook.com\/iacinstitutodeapoioacrianca\" \/>\n<meta property=\"article:published_time\" content=\"2025-04-11T15:40:32+00:00\" \/>\n<meta property=\"og:image\" content=\"https:\/\/iacrianca.pt\/wp-content\/uploads\/2020\/04\/logo-iac-SD.jpg\" \/>\n\t<meta property=\"og:image:width\" content=\"152\" \/>\n\t<meta property=\"og:image:height\" content=\"73\" \/>\n\t<meta property=\"og:image:type\" content=\"image\/jpeg\" \/>\n<meta name=\"author\" content=\"Administra\u00e7\u00e3o IAC\" \/>\n<meta name=\"twitter:card\" content=\"summary_large_image\" \/>\n<meta name=\"twitter:creator\" content=\"@iacapoiocrianca\" \/>\n<meta name=\"twitter:site\" content=\"@iacapoiocrianca\" \/>\n<meta name=\"twitter:label1\" content=\"Written by\" \/>\n\t<meta name=\"twitter:data1\" content=\"Administra\u00e7\u00e3o IAC\" \/>\n\t<meta name=\"twitter:label2\" content=\"Est. reading time\" \/>\n\t<meta name=\"twitter:data2\" content=\"4 minutes\" \/>\n<script type=\"application\/ld+json\" class=\"yoast-schema-graph\">{\"@context\":\"https:\\\/\\\/schema.org\",\"@graph\":[{\"@type\":\"Article\",\"@id\":\"https:\\\/\\\/iacrianca.pt\\\/en\\\/2025\\\/04\\\/nota-de-imprensa-12-de-abril-dia-internacional-das-criancas-de-rua-criancas-invisiveis-um-fenomeno-menos-visivel-mas-ainda-real\\\/#article\",\"isPartOf\":{\"@id\":\"https:\\\/\\\/iacrianca.pt\\\/en\\\/2025\\\/04\\\/nota-de-imprensa-12-de-abril-dia-internacional-das-criancas-de-rua-criancas-invisiveis-um-fenomeno-menos-visivel-mas-ainda-real\\\/\"},\"author\":{\"name\":\"Administra\u00e7\u00e3o IAC\",\"@id\":\"https:\\\/\\\/iacrianca.pt\\\/en\\\/#\\\/schema\\\/person\\\/1c48c6e4b70d0dc7360e4b28ceaa5f6b\"},\"headline\":\"Nota de Imprensa 12 de abril \u2013 Dia Internacional das Crian\u00e7as de Rua \u201cCrian\u00e7as Invis\u00edveis\u201d: um fen\u00f3meno menos vis\u00edvel, mas ainda real\",\"datePublished\":\"2025-04-11T15:40:32+00:00\",\"mainEntityOfPage\":{\"@id\":\"https:\\\/\\\/iacrianca.pt\\\/en\\\/2025\\\/04\\\/nota-de-imprensa-12-de-abril-dia-internacional-das-criancas-de-rua-criancas-invisiveis-um-fenomeno-menos-visivel-mas-ainda-real\\\/\"},\"wordCount\":748,\"publisher\":{\"@id\":\"https:\\\/\\\/iacrianca.pt\\\/en\\\/#organization\"},\"image\":{\"@id\":\"https:\\\/\\\/iacrianca.pt\\\/en\\\/2025\\\/04\\\/nota-de-imprensa-12-de-abril-dia-internacional-das-criancas-de-rua-criancas-invisiveis-um-fenomeno-menos-visivel-mas-ainda-real\\\/#primaryimage\"},\"thumbnailUrl\":\"https:\\\/\\\/iacrianca.pt\\\/wp-content\\\/uploads\\\/2020\\\/04\\\/logo-iac-SD.jpg\",\"articleSection\":[\"Not\u00edcias\"],\"inLanguage\":\"en-US\"},{\"@type\":\"WebPage\",\"@id\":\"https:\\\/\\\/iacrianca.pt\\\/en\\\/2025\\\/04\\\/nota-de-imprensa-12-de-abril-dia-internacional-das-criancas-de-rua-criancas-invisiveis-um-fenomeno-menos-visivel-mas-ainda-real\\\/\",\"url\":\"https:\\\/\\\/iacrianca.pt\\\/en\\\/2025\\\/04\\\/nota-de-imprensa-12-de-abril-dia-internacional-das-criancas-de-rua-criancas-invisiveis-um-fenomeno-menos-visivel-mas-ainda-real\\\/\",\"name\":\"Nota de Imprensa 12 de abril \u2013 Dia Internacional das Crian\u00e7as de Rua \u201cCrian\u00e7as Invis\u00edveis\u201d: um fen\u00f3meno menos vis\u00edvel, mas ainda real | Instituto de Apoio \u00e0 Crian\u00e7a\",\"isPartOf\":{\"@id\":\"https:\\\/\\\/iacrianca.pt\\\/en\\\/#website\"},\"primaryImageOfPage\":{\"@id\":\"https:\\\/\\\/iacrianca.pt\\\/en\\\/2025\\\/04\\\/nota-de-imprensa-12-de-abril-dia-internacional-das-criancas-de-rua-criancas-invisiveis-um-fenomeno-menos-visivel-mas-ainda-real\\\/#primaryimage\"},\"image\":{\"@id\":\"https:\\\/\\\/iacrianca.pt\\\/en\\\/2025\\\/04\\\/nota-de-imprensa-12-de-abril-dia-internacional-das-criancas-de-rua-criancas-invisiveis-um-fenomeno-menos-visivel-mas-ainda-real\\\/#primaryimage\"},\"thumbnailUrl\":\"https:\\\/\\\/iacrianca.pt\\\/wp-content\\\/uploads\\\/2020\\\/04\\\/logo-iac-SD.jpg\",\"datePublished\":\"2025-04-11T15:40:32+00:00\",\"breadcrumb\":{\"@id\":\"https:\\\/\\\/iacrianca.pt\\\/en\\\/2025\\\/04\\\/nota-de-imprensa-12-de-abril-dia-internacional-das-criancas-de-rua-criancas-invisiveis-um-fenomeno-menos-visivel-mas-ainda-real\\\/#breadcrumb\"},\"inLanguage\":\"en-US\",\"potentialAction\":[{\"@type\":\"ReadAction\",\"target\":[\"https:\\\/\\\/iacrianca.pt\\\/en\\\/2025\\\/04\\\/nota-de-imprensa-12-de-abril-dia-internacional-das-criancas-de-rua-criancas-invisiveis-um-fenomeno-menos-visivel-mas-ainda-real\\\/\"]}]},{\"@type\":\"ImageObject\",\"inLanguage\":\"en-US\",\"@id\":\"https:\\\/\\\/iacrianca.pt\\\/en\\\/2025\\\/04\\\/nota-de-imprensa-12-de-abril-dia-internacional-das-criancas-de-rua-criancas-invisiveis-um-fenomeno-menos-visivel-mas-ainda-real\\\/#primaryimage\",\"url\":\"https:\\\/\\\/iacrianca.pt\\\/wp-content\\\/uploads\\\/2020\\\/04\\\/logo-iac-SD.jpg\",\"contentUrl\":\"https:\\\/\\\/iacrianca.pt\\\/wp-content\\\/uploads\\\/2020\\\/04\\\/logo-iac-SD.jpg\",\"width\":152,\"height\":73,\"caption\":\"Instituto de Apoio \u00e0 Crian\u00e7a\"},{\"@type\":\"BreadcrumbList\",\"@id\":\"https:\\\/\\\/iacrianca.pt\\\/en\\\/2025\\\/04\\\/nota-de-imprensa-12-de-abril-dia-internacional-das-criancas-de-rua-criancas-invisiveis-um-fenomeno-menos-visivel-mas-ainda-real\\\/#breadcrumb\",\"itemListElement\":[{\"@type\":\"ListItem\",\"position\":1,\"name\":\"In\u00edcio\",\"item\":\"https:\\\/\\\/iacrianca.pt\\\/en\\\/\"},{\"@type\":\"ListItem\",\"position\":2,\"name\":\"Nota de Imprensa 12 de abril \u2013 Dia Internacional das Crian\u00e7as de Rua \u201cCrian\u00e7as Invis\u00edveis\u201d: um fen\u00f3meno menos vis\u00edvel, mas ainda real\"}]},{\"@type\":\"WebSite\",\"@id\":\"https:\\\/\\\/iacrianca.pt\\\/en\\\/#website\",\"url\":\"https:\\\/\\\/iacrianca.pt\\\/en\\\/\",\"name\":\"Instituto de Apoio \u00e0 Crian\u00e7a\",\"description\":\"Desde 1983 na defesa e promo\u00e7\u00e3o dos direitos da crian\u00e7a\",\"publisher\":{\"@id\":\"https:\\\/\\\/iacrianca.pt\\\/en\\\/#organization\"},\"potentialAction\":[{\"@type\":\"SearchAction\",\"target\":{\"@type\":\"EntryPoint\",\"urlTemplate\":\"https:\\\/\\\/iacrianca.pt\\\/en\\\/?s={search_term_string}\"},\"query-input\":{\"@type\":\"PropertyValueSpecification\",\"valueRequired\":true,\"valueName\":\"search_term_string\"}}],\"inLanguage\":\"en-US\"},{\"@type\":\"Organization\",\"@id\":\"https:\\\/\\\/iacrianca.pt\\\/en\\\/#organization\",\"name\":\"Instituto de Apoio \u00e0 Crian\u00e7a\",\"url\":\"https:\\\/\\\/iacrianca.pt\\\/en\\\/\",\"logo\":{\"@type\":\"ImageObject\",\"inLanguage\":\"en-US\",\"@id\":\"https:\\\/\\\/iacrianca.pt\\\/en\\\/#\\\/schema\\\/logo\\\/image\\\/\",\"url\":\"https:\\\/\\\/iacrianca.pt\\\/wp-content\\\/uploads\\\/2020\\\/04\\\/logo-iac-SD.jpg\",\"contentUrl\":\"https:\\\/\\\/iacrianca.pt\\\/wp-content\\\/uploads\\\/2020\\\/04\\\/logo-iac-SD.jpg\",\"width\":152,\"height\":73,\"caption\":\"Instituto de Apoio \u00e0 Crian\u00e7a\"},\"image\":{\"@id\":\"https:\\\/\\\/iacrianca.pt\\\/en\\\/#\\\/schema\\\/logo\\\/image\\\/\"},\"sameAs\":[\"https:\\\/\\\/www.facebook.com\\\/iacinstitutodeapoioacrianca\",\"https:\\\/\\\/x.com\\\/iacapoiocrianca\",\"https:\\\/\\\/www.youtube.com\\\/channel\\\/UC0jjfZ_xkN_59gJf_RQ-ZnQ\",\"https:\\\/\\\/www.linkedin.com\\\/company\\\/instituto-de-apoio--criana\\\/\",\"https:\\\/\\\/www.instagram.com\\\/iacinstitutodeapoioacrianca\\\/\",\"https:\\\/\\\/criancasatortoeadireitos.wordpress.com\\\/\"]},{\"@type\":\"Person\",\"@id\":\"https:\\\/\\\/iacrianca.pt\\\/en\\\/#\\\/schema\\\/person\\\/1c48c6e4b70d0dc7360e4b28ceaa5f6b\",\"name\":\"Administra\u00e7\u00e3o IAC\",\"image\":{\"@type\":\"ImageObject\",\"inLanguage\":\"en-US\",\"@id\":\"https:\\\/\\\/secure.gravatar.com\\\/avatar\\\/60b998c71de37dcc1398fc6d48c6b5ed7533e3ceec837c948055f072e3158ff1?s=96&d=mm&r=g\",\"url\":\"https:\\\/\\\/secure.gravatar.com\\\/avatar\\\/60b998c71de37dcc1398fc6d48c6b5ed7533e3ceec837c948055f072e3158ff1?s=96&d=mm&r=g\",\"contentUrl\":\"https:\\\/\\\/secure.gravatar.com\\\/avatar\\\/60b998c71de37dcc1398fc6d48c6b5ed7533e3ceec837c948055f072e3158ff1?s=96&d=mm&r=g\",\"caption\":\"Administra\u00e7\u00e3o IAC\"}}]}<\/script>\n<!-- \/ Yoast SEO plugin. -->","yoast_head_json":{"title":"Nota de Imprensa 12 de abril \u2013 Dia Internacional das Crian\u00e7as de Rua \u201cCrian\u00e7as Invis\u00edveis\u201d: um fen\u00f3meno menos vis\u00edvel, mas ainda real | Instituto de Apoio \u00e0 Crian\u00e7a","robots":{"index":"index","follow":"follow","max-snippet":"max-snippet:-1","max-image-preview":"max-image-preview:large","max-video-preview":"max-video-preview:-1"},"canonical":"https:\/\/iacrianca.pt\/en\/2025\/04\/nota-de-imprensa-12-de-abril-dia-internacional-das-criancas-de-rua-criancas-invisiveis-um-fenomeno-menos-visivel-mas-ainda-real\/","og_locale":"en_US","og_type":"article","og_title":"Nota de Imprensa 12 de abril \u2013 Dia Internacional das Crian\u00e7as de Rua \u201cCrian\u00e7as Invis\u00edveis\u201d: um fen\u00f3meno menos vis\u00edvel, mas ainda real | Instituto de Apoio \u00e0 Crian\u00e7a","og_description":"NOTA DE IMPRENSA 12 de abril \u2013 Dia Internacional das Crian\u00e7as de Rua \u201cCrian\u00e7as Invis\u00edveis\u201d: um fen\u00f3meno menos vis\u00edvel, mas ainda real O Instituto de Apoio \u00e0 Crian\u00e7a (IAC) assinala amanh\u00e3, 12 de abril, o\u00a0Dia Internacional das Crian\u00e7as de Rua, reiterando o seu compromisso com a promo\u00e7\u00e3o e defesa dos direitos das crian\u00e7as e jovens&hellip;","og_url":"https:\/\/iacrianca.pt\/en\/2025\/04\/nota-de-imprensa-12-de-abril-dia-internacional-das-criancas-de-rua-criancas-invisiveis-um-fenomeno-menos-visivel-mas-ainda-real\/","og_site_name":"Instituto de Apoio \u00e0 Crian\u00e7a","article_publisher":"https:\/\/www.facebook.com\/iacinstitutodeapoioacrianca","article_published_time":"2025-04-11T15:40:32+00:00","og_image":[{"width":152,"height":73,"url":"https:\/\/iacrianca.pt\/wp-content\/uploads\/2020\/04\/logo-iac-SD.jpg","type":"image\/jpeg"}],"author":"Administra\u00e7\u00e3o IAC","twitter_card":"summary_large_image","twitter_creator":"@iacapoiocrianca","twitter_site":"@iacapoiocrianca","twitter_misc":{"Written by":"Administra\u00e7\u00e3o IAC","Est. reading time":"4 minutes"},"schema":{"@context":"https:\/\/schema.org","@graph":[{"@type":"Article","@id":"https:\/\/iacrianca.pt\/en\/2025\/04\/nota-de-imprensa-12-de-abril-dia-internacional-das-criancas-de-rua-criancas-invisiveis-um-fenomeno-menos-visivel-mas-ainda-real\/#article","isPartOf":{"@id":"https:\/\/iacrianca.pt\/en\/2025\/04\/nota-de-imprensa-12-de-abril-dia-internacional-das-criancas-de-rua-criancas-invisiveis-um-fenomeno-menos-visivel-mas-ainda-real\/"},"author":{"name":"Administra\u00e7\u00e3o IAC","@id":"https:\/\/iacrianca.pt\/en\/#\/schema\/person\/1c48c6e4b70d0dc7360e4b28ceaa5f6b"},"headline":"Nota de Imprensa 12 de abril \u2013 Dia Internacional das Crian\u00e7as de Rua \u201cCrian\u00e7as Invis\u00edveis\u201d: um fen\u00f3meno menos vis\u00edvel, mas ainda real","datePublished":"2025-04-11T15:40:32+00:00","mainEntityOfPage":{"@id":"https:\/\/iacrianca.pt\/en\/2025\/04\/nota-de-imprensa-12-de-abril-dia-internacional-das-criancas-de-rua-criancas-invisiveis-um-fenomeno-menos-visivel-mas-ainda-real\/"},"wordCount":748,"publisher":{"@id":"https:\/\/iacrianca.pt\/en\/#organization"},"image":{"@id":"https:\/\/iacrianca.pt\/en\/2025\/04\/nota-de-imprensa-12-de-abril-dia-internacional-das-criancas-de-rua-criancas-invisiveis-um-fenomeno-menos-visivel-mas-ainda-real\/#primaryimage"},"thumbnailUrl":"https:\/\/iacrianca.pt\/wp-content\/uploads\/2020\/04\/logo-iac-SD.jpg","articleSection":["Not\u00edcias"],"inLanguage":"en-US"},{"@type":"WebPage","@id":"https:\/\/iacrianca.pt\/en\/2025\/04\/nota-de-imprensa-12-de-abril-dia-internacional-das-criancas-de-rua-criancas-invisiveis-um-fenomeno-menos-visivel-mas-ainda-real\/","url":"https:\/\/iacrianca.pt\/en\/2025\/04\/nota-de-imprensa-12-de-abril-dia-internacional-das-criancas-de-rua-criancas-invisiveis-um-fenomeno-menos-visivel-mas-ainda-real\/","name":"Nota de Imprensa 12 de abril \u2013 Dia Internacional das Crian\u00e7as de Rua \u201cCrian\u00e7as Invis\u00edveis\u201d: um fen\u00f3meno menos vis\u00edvel, mas ainda real | Instituto de Apoio \u00e0 Crian\u00e7a","isPartOf":{"@id":"https:\/\/iacrianca.pt\/en\/#website"},"primaryImageOfPage":{"@id":"https:\/\/iacrianca.pt\/en\/2025\/04\/nota-de-imprensa-12-de-abril-dia-internacional-das-criancas-de-rua-criancas-invisiveis-um-fenomeno-menos-visivel-mas-ainda-real\/#primaryimage"},"image":{"@id":"https:\/\/iacrianca.pt\/en\/2025\/04\/nota-de-imprensa-12-de-abril-dia-internacional-das-criancas-de-rua-criancas-invisiveis-um-fenomeno-menos-visivel-mas-ainda-real\/#primaryimage"},"thumbnailUrl":"https:\/\/iacrianca.pt\/wp-content\/uploads\/2020\/04\/logo-iac-SD.jpg","datePublished":"2025-04-11T15:40:32+00:00","breadcrumb":{"@id":"https:\/\/iacrianca.pt\/en\/2025\/04\/nota-de-imprensa-12-de-abril-dia-internacional-das-criancas-de-rua-criancas-invisiveis-um-fenomeno-menos-visivel-mas-ainda-real\/#breadcrumb"},"inLanguage":"en-US","potentialAction":[{"@type":"ReadAction","target":["https:\/\/iacrianca.pt\/en\/2025\/04\/nota-de-imprensa-12-de-abril-dia-internacional-das-criancas-de-rua-criancas-invisiveis-um-fenomeno-menos-visivel-mas-ainda-real\/"]}]},{"@type":"ImageObject","inLanguage":"en-US","@id":"https:\/\/iacrianca.pt\/en\/2025\/04\/nota-de-imprensa-12-de-abril-dia-internacional-das-criancas-de-rua-criancas-invisiveis-um-fenomeno-menos-visivel-mas-ainda-real\/#primaryimage","url":"https:\/\/iacrianca.pt\/wp-content\/uploads\/2020\/04\/logo-iac-SD.jpg","contentUrl":"https:\/\/iacrianca.pt\/wp-content\/uploads\/2020\/04\/logo-iac-SD.jpg","width":152,"height":73,"caption":"Instituto de Apoio \u00e0 Crian\u00e7a"},{"@type":"BreadcrumbList","@id":"https:\/\/iacrianca.pt\/en\/2025\/04\/nota-de-imprensa-12-de-abril-dia-internacional-das-criancas-de-rua-criancas-invisiveis-um-fenomeno-menos-visivel-mas-ainda-real\/#breadcrumb","itemListElement":[{"@type":"ListItem","position":1,"name":"In\u00edcio","item":"https:\/\/iacrianca.pt\/en\/"},{"@type":"ListItem","position":2,"name":"Nota de Imprensa 12 de abril \u2013 Dia Internacional das Crian\u00e7as de Rua \u201cCrian\u00e7as Invis\u00edveis\u201d: um fen\u00f3meno menos vis\u00edvel, mas ainda real"}]},{"@type":"WebSite","@id":"https:\/\/iacrianca.pt\/en\/#website","url":"https:\/\/iacrianca.pt\/en\/","name":"Instituto de Apoio \u00e0 Crian\u00e7a","description":"Desde 1983 na defesa e promo\u00e7\u00e3o dos direitos da crian\u00e7a","publisher":{"@id":"https:\/\/iacrianca.pt\/en\/#organization"},"potentialAction":[{"@type":"SearchAction","target":{"@type":"EntryPoint","urlTemplate":"https:\/\/iacrianca.pt\/en\/?s={search_term_string}"},"query-input":{"@type":"PropertyValueSpecification","valueRequired":true,"valueName":"search_term_string"}}],"inLanguage":"en-US"},{"@type":"Organization","@id":"https:\/\/iacrianca.pt\/en\/#organization","name":"Instituto de Apoio \u00e0 Crian\u00e7a","url":"https:\/\/iacrianca.pt\/en\/","logo":{"@type":"ImageObject","inLanguage":"en-US","@id":"https:\/\/iacrianca.pt\/en\/#\/schema\/logo\/image\/","url":"https:\/\/iacrianca.pt\/wp-content\/uploads\/2020\/04\/logo-iac-SD.jpg","contentUrl":"https:\/\/iacrianca.pt\/wp-content\/uploads\/2020\/04\/logo-iac-SD.jpg","width":152,"height":73,"caption":"Instituto de Apoio \u00e0 Crian\u00e7a"},"image":{"@id":"https:\/\/iacrianca.pt\/en\/#\/schema\/logo\/image\/"},"sameAs":["https:\/\/www.facebook.com\/iacinstitutodeapoioacrianca","https:\/\/x.com\/iacapoiocrianca","https:\/\/www.youtube.com\/channel\/UC0jjfZ_xkN_59gJf_RQ-ZnQ","https:\/\/www.linkedin.com\/company\/instituto-de-apoio--criana\/","https:\/\/www.instagram.com\/iacinstitutodeapoioacrianca\/","https:\/\/criancasatortoeadireitos.wordpress.com\/"]},{"@type":"Person","@id":"https:\/\/iacrianca.pt\/en\/#\/schema\/person\/1c48c6e4b70d0dc7360e4b28ceaa5f6b","name":"Administra\u00e7\u00e3o IAC","image":{"@type":"ImageObject","inLanguage":"en-US","@id":"https:\/\/secure.gravatar.com\/avatar\/60b998c71de37dcc1398fc6d48c6b5ed7533e3ceec837c948055f072e3158ff1?s=96&d=mm&r=g","url":"https:\/\/secure.gravatar.com\/avatar\/60b998c71de37dcc1398fc6d48c6b5ed7533e3ceec837c948055f072e3158ff1?s=96&d=mm&r=g","contentUrl":"https:\/\/secure.gravatar.com\/avatar\/60b998c71de37dcc1398fc6d48c6b5ed7533e3ceec837c948055f072e3158ff1?s=96&d=mm&r=g","caption":"Administra\u00e7\u00e3o IAC"}}]}},"_links":{"self":[{"href":"https:\/\/iacrianca.pt\/en\/wp-json\/wp\/v2\/posts\/25288","targetHints":{"allow":["GET"]}}],"collection":[{"href":"https:\/\/iacrianca.pt\/en\/wp-json\/wp\/v2\/posts"}],"about":[{"href":"https:\/\/iacrianca.pt\/en\/wp-json\/wp\/v2\/types\/post"}],"author":[{"embeddable":true,"href":"https:\/\/iacrianca.pt\/en\/wp-json\/wp\/v2\/users\/2"}],"replies":[{"embeddable":true,"href":"https:\/\/iacrianca.pt\/en\/wp-json\/wp\/v2\/comments?post=25288"}],"version-history":[{"count":0,"href":"https:\/\/iacrianca.pt\/en\/wp-json\/wp\/v2\/posts\/25288\/revisions"}],"wp:featuredmedia":[{"embeddable":true,"href":"https:\/\/iacrianca.pt\/en\/wp-json\/wp\/v2\/media\/2074"}],"wp:attachment":[{"href":"https:\/\/iacrianca.pt\/en\/wp-json\/wp\/v2\/media?parent=25288"}],"wp:term":[{"taxonomy":"category","embeddable":true,"href":"https:\/\/iacrianca.pt\/en\/wp-json\/wp\/v2\/categories?post=25288"},{"taxonomy":"post_tag","embeddable":true,"href":"https:\/\/iacrianca.pt\/en\/wp-json\/wp\/v2\/tags?post=25288"}],"curies":[{"name":"wp","href":"https:\/\/api.w.org\/{rel}","templated":true}]}}