{"id":25323,"date":"2025-04-30T15:35:20","date_gmt":"2025-04-30T14:35:20","guid":{"rendered":"https:\/\/iacrianca.pt\/?p=25323"},"modified":"2025-04-30T15:35:20","modified_gmt":"2025-04-30T14:35:20","slug":"iii-simposio-internacional-da-associacao-brasileira-de-brinquedotecas","status":"publish","type":"post","link":"https:\/\/iacrianca.pt\/en\/2025\/04\/iii-simposio-internacional-da-associacao-brasileira-de-brinquedotecas\/","title":{"rendered":"III Simp\u00f3sio Internacional da Associa\u00e7\u00e3o Brasileira de Brinquedotecas"},"content":{"rendered":"<p><span data-contrast=\"auto\">Ana Louren\u00e7o do IAC foi uma das oradoras no III Simp\u00f3sio Internacional da ABBRI, que teve como mote \u201cO Brincar em Diferentes Contextos: Forma\u00e7\u00e3o e Atua\u00e7\u00e3o Profissional\u201d. <\/span><span data-contrast=\"auto\">O IAC aproveita tamb\u00e9m para congratular a Associa\u00e7\u00e3o Brasileira de Brinquedotecas (ABBri) pelos seus 40 anos de exist\u00eancia, com votos de que esta parceria entre as duas institui\u00e7\u00f5es se aprofunde ainda mais nos anos vindouros.<\/span><span data-ccp-props=\"{&quot;335551550&quot;:6,&quot;335551620&quot;:6}\">\u00a0<\/span><\/p>\n<p><span data-contrast=\"auto\">Ana Louren\u00e7o do IAC, juntamente com Maria Cecilia de Simone da Argentina e Sirl\u00e2ndia Reis Teixeira do Brasil, deixaram os seus contributos num painel onde se discutiu a forma\u00e7\u00e3o e a atua\u00e7\u00e3o do ludotec\u00e1rio. Apresentam-se abaixo as principais conclus\u00f5es deste painel:<\/span><span data-ccp-props=\"{&quot;335551550&quot;:6,&quot;335551620&quot;:6}\">\u00a0<\/span><\/p>\n<p><span data-contrast=\"auto\">Fatos<\/span><span data-ccp-props=\"{&quot;335551550&quot;:6,&quot;335551620&quot;:6}\">\u00a0<\/span><\/p>\n<ol>\n<li><span data-contrast=\"auto\"> A forma\u00e7\u00e3o dos ludotec\u00e1rios carece de bases comuns e que sejam, ao mesmo tempo, especificas para o exerc\u00edcio das suas fun\u00e7\u00f5es.\u00a0<\/span><\/li>\n<li><span data-contrast=\"auto\"> A ludoteca fica dispersa enquanto forma\u00e7\u00e3o especifica nos sistemas de ensino e de profissionaliza\u00e7\u00e3o.\u00a0<\/span><\/li>\n<li><span data-contrast=\"auto\"> A forma\u00e7\u00e3o l\u00fadica ocorre (quando ocorre) no n\u00edvel universit\u00e1rio, mas n\u00e3o em outros n\u00edveis (e.g. educa\u00e7\u00e3o de n\u00edvel t\u00e9cnico; escola Secund\u00e1ria).<\/span><\/li>\n<li><span data-contrast=\"auto\"> Programas formativos na ludoteca tendem a dar \u00eanfase \u00e0 ludopedagogia e n\u00e3o ao brincar livre (eixo central de uma ludoteca).<\/span><\/li>\n<li><span data-contrast=\"auto\"> Foi evidenciada a contribui\u00e7\u00e3o da ludoteca universit\u00e1ria na forma\u00e7\u00e3o inicial de estudantes universit\u00e1rios, bem como na forma\u00e7\u00e3o continuada dos educadores que frequentam o espa\u00e7o com as suas turmas de alunos.<\/span><\/li>\n<li><span data-contrast=\"auto\"> Um aspecto importante que tem surgido recentemente nas universidades do Brasil: apoio das ludotecas \u00e0s pol\u00edticas de perman\u00eancia do alunato feminino com filhos pequenos.\u00a0\u00a0<\/span><\/li>\n<li><span data-contrast=\"auto\"> As ludotecas (sobretudo na Europa) t\u00eam recebido demandas de atendimento \u00e0s popula\u00e7\u00f5es de imigrantes, para compensar lacunas em rela\u00e7\u00e3o \u00e0 educa\u00e7\u00e3o formal, como o letramento em novo idioma, por exemplo.\u00a0\u00a0<\/span><\/li>\n<\/ol>\n<p><span data-contrast=\"auto\">Necessidades identificadas:\u00a0\u00a0<\/span><span data-ccp-props=\"{&quot;335551550&quot;:6,&quot;335551620&quot;:6}\">\u00a0<\/span><\/p>\n<p><span data-contrast=\"auto\">&#8211; Foco em iniciativas para o incremento da forma\u00e7\u00e3o inicial dos graduandos na \u00e1rea da ludicidade (essencial na \u00e1rea de Humanidades e de Sa\u00fade).\u00a0<\/span><span data-ccp-props=\"{&quot;335551550&quot;:6,&quot;335551620&quot;:6}\">\u00a0<\/span><\/p>\n<p><span data-contrast=\"auto\">&#8211; Cadastro em n\u00edvel internacional de oportunidades de forma\u00e7\u00e3o em ludotecas: identifica\u00e7\u00e3o das entidades que ofertam, modalidade de ingresso, cursos online ou modo remoto etc.\u00a0<\/span><span data-ccp-props=\"{&quot;335551550&quot;:6,&quot;335551620&quot;:6}\">\u00a0<\/span><\/p>\n<p><span data-contrast=\"auto\">&#8211; A ludoteca universit\u00e1ria que esteja integrada ao projeto pedag\u00f3gico da institui\u00e7\u00e3o de ensino, propiciando a viv\u00eancia do brincar aos futuros profissionais, bem como aos educadores que a frequentam.<\/span><span data-ccp-props=\"{&quot;335551550&quot;:6,&quot;335551620&quot;:6}\">\u00a0<\/span><\/p>\n<p><span data-contrast=\"auto\">&#8211; Situar e enfatizar a fun\u00e7\u00e3o cultural das ludotecas para discriminar seus servi\u00e7os de outros.\u00a0 <\/span><span data-contrast=\"auto\">.<\/span><span data-ccp-props=\"{&quot;335551550&quot;:6,&quot;335551620&quot;:6}\">\u00a0<\/span><\/p>\n<p><img fetchpriority=\"high\" decoding=\"async\" class=\"alignnone wp-image-25324 size-full\" src=\"https:\/\/iacrianca.pt\/wp-content\/uploads\/simposio.jpg\" alt=\"\" width=\"1362\" height=\"537\" srcset=\"https:\/\/iacrianca.pt\/wp-content\/uploads\/simposio.jpg 1362w, https:\/\/iacrianca.pt\/wp-content\/uploads\/simposio-300x118.jpg 300w, https:\/\/iacrianca.pt\/wp-content\/uploads\/simposio-1024x404.jpg 1024w, https:\/\/iacrianca.pt\/wp-content\/uploads\/simposio-768x303.jpg 768w\" sizes=\"(max-width: 1362px) 100vw, 1362px\" \/><\/p>\n","protected":false},"excerpt":{"rendered":"<p>Ana Louren\u00e7o do IAC foi uma das oradoras no III Simp\u00f3sio Internacional da ABBRI, que teve como mote \u201cO Brincar em Diferentes Contextos: Forma\u00e7\u00e3o e Atua\u00e7\u00e3o Profissional\u201d. O IAC aproveita tamb\u00e9m para congratular a Associa\u00e7\u00e3o Brasileira de Brinquedotecas (ABBri) pelos seus 40 anos de exist\u00eancia, com votos de que esta parceria entre as duas institui\u00e7\u00f5es&hellip;<\/p>\n","protected":false},"author":2,"featured_media":25328,"comment_status":"closed","ping_status":"open","sticky":false,"template":"","format":"standard","meta":{"_acf_changed":false,"footnotes":""},"categories":[63],"tags":[],"class_list":["post-25323","post","type-post","status-publish","format-standard","has-post-thumbnail","hentry","category-newsletter","category-63","description-off"],"acf":[],"yoast_head":"<!-- This site is optimized with the Yoast SEO plugin v27.5 - https:\/\/yoast.com\/product\/yoast-seo-wordpress\/ -->\n<title>III Simp\u00f3sio Internacional da Associa\u00e7\u00e3o Brasileira de Brinquedotecas | Instituto de Apoio \u00e0 Crian\u00e7a<\/title>\n<meta name=\"robots\" content=\"index, follow, max-snippet:-1, max-image-preview:large, max-video-preview:-1\" \/>\n<link rel=\"canonical\" href=\"https:\/\/iacrianca.pt\/en\/2025\/04\/iii-simposio-internacional-da-associacao-brasileira-de-brinquedotecas\/\" \/>\n<meta property=\"og:locale\" content=\"en_US\" \/>\n<meta property=\"og:type\" content=\"article\" \/>\n<meta property=\"og:title\" content=\"III Simp\u00f3sio Internacional da Associa\u00e7\u00e3o Brasileira de Brinquedotecas | Instituto de Apoio \u00e0 Crian\u00e7a\" \/>\n<meta property=\"og:description\" content=\"Ana Louren\u00e7o do IAC foi uma das oradoras no III Simp\u00f3sio Internacional da ABBRI, que teve como mote \u201cO Brincar em Diferentes Contextos: Forma\u00e7\u00e3o e Atua\u00e7\u00e3o Profissional\u201d. O IAC aproveita tamb\u00e9m para congratular a Associa\u00e7\u00e3o Brasileira de Brinquedotecas (ABBri) pelos seus 40 anos de exist\u00eancia, com votos de que esta parceria entre as duas institui\u00e7\u00f5es&hellip;\" \/>\n<meta property=\"og:url\" content=\"https:\/\/iacrianca.pt\/en\/2025\/04\/iii-simposio-internacional-da-associacao-brasileira-de-brinquedotecas\/\" \/>\n<meta property=\"og:site_name\" content=\"Instituto de Apoio \u00e0 Crian\u00e7a\" \/>\n<meta property=\"article:publisher\" content=\"https:\/\/www.facebook.com\/iacinstitutodeapoioacrianca\" \/>\n<meta property=\"article:published_time\" content=\"2025-04-30T14:35:20+00:00\" \/>\n<meta property=\"og:image\" content=\"https:\/\/iacrianca.pt\/wp-content\/uploads\/abbri1.png\" \/>\n\t<meta property=\"og:image:width\" content=\"1893\" \/>\n\t<meta property=\"og:image:height\" content=\"748\" \/>\n\t<meta property=\"og:image:type\" content=\"image\/png\" \/>\n<meta name=\"author\" content=\"Administra\u00e7\u00e3o IAC\" \/>\n<meta name=\"twitter:card\" content=\"summary_large_image\" \/>\n<meta name=\"twitter:creator\" content=\"@iacapoiocrianca\" \/>\n<meta name=\"twitter:site\" content=\"@iacapoiocrianca\" \/>\n<meta name=\"twitter:label1\" content=\"Written by\" \/>\n\t<meta name=\"twitter:data1\" content=\"Administra\u00e7\u00e3o IAC\" \/>\n\t<meta name=\"twitter:label2\" content=\"Est. reading time\" \/>\n\t<meta name=\"twitter:data2\" content=\"3 minutes\" \/>\n<script type=\"application\/ld+json\" class=\"yoast-schema-graph\">{\"@context\":\"https:\\\/\\\/schema.org\",\"@graph\":[{\"@type\":\"Article\",\"@id\":\"https:\\\/\\\/iacrianca.pt\\\/en\\\/2025\\\/04\\\/iii-simposio-internacional-da-associacao-brasileira-de-brinquedotecas\\\/#article\",\"isPartOf\":{\"@id\":\"https:\\\/\\\/iacrianca.pt\\\/en\\\/2025\\\/04\\\/iii-simposio-internacional-da-associacao-brasileira-de-brinquedotecas\\\/\"},\"author\":{\"name\":\"Administra\u00e7\u00e3o IAC\",\"@id\":\"https:\\\/\\\/iacrianca.pt\\\/en\\\/#\\\/schema\\\/person\\\/1c48c6e4b70d0dc7360e4b28ceaa5f6b\"},\"headline\":\"III Simp\u00f3sio Internacional da Associa\u00e7\u00e3o Brasileira de Brinquedotecas\",\"datePublished\":\"2025-04-30T14:35:20+00:00\",\"mainEntityOfPage\":{\"@id\":\"https:\\\/\\\/iacrianca.pt\\\/en\\\/2025\\\/04\\\/iii-simposio-internacional-da-associacao-brasileira-de-brinquedotecas\\\/\"},\"wordCount\":421,\"publisher\":{\"@id\":\"https:\\\/\\\/iacrianca.pt\\\/en\\\/#organization\"},\"image\":{\"@id\":\"https:\\\/\\\/iacrianca.pt\\\/en\\\/2025\\\/04\\\/iii-simposio-internacional-da-associacao-brasileira-de-brinquedotecas\\\/#primaryimage\"},\"thumbnailUrl\":\"https:\\\/\\\/iacrianca.pt\\\/wp-content\\\/uploads\\\/abbri1.png\",\"articleSection\":[\"Newsletter\"],\"inLanguage\":\"en-US\"},{\"@type\":\"WebPage\",\"@id\":\"https:\\\/\\\/iacrianca.pt\\\/en\\\/2025\\\/04\\\/iii-simposio-internacional-da-associacao-brasileira-de-brinquedotecas\\\/\",\"url\":\"https:\\\/\\\/iacrianca.pt\\\/en\\\/2025\\\/04\\\/iii-simposio-internacional-da-associacao-brasileira-de-brinquedotecas\\\/\",\"name\":\"III Simp\u00f3sio Internacional da Associa\u00e7\u00e3o Brasileira de Brinquedotecas | Instituto de Apoio \u00e0 Crian\u00e7a\",\"isPartOf\":{\"@id\":\"https:\\\/\\\/iacrianca.pt\\\/en\\\/#website\"},\"primaryImageOfPage\":{\"@id\":\"https:\\\/\\\/iacrianca.pt\\\/en\\\/2025\\\/04\\\/iii-simposio-internacional-da-associacao-brasileira-de-brinquedotecas\\\/#primaryimage\"},\"image\":{\"@id\":\"https:\\\/\\\/iacrianca.pt\\\/en\\\/2025\\\/04\\\/iii-simposio-internacional-da-associacao-brasileira-de-brinquedotecas\\\/#primaryimage\"},\"thumbnailUrl\":\"https:\\\/\\\/iacrianca.pt\\\/wp-content\\\/uploads\\\/abbri1.png\",\"datePublished\":\"2025-04-30T14:35:20+00:00\",\"breadcrumb\":{\"@id\":\"https:\\\/\\\/iacrianca.pt\\\/en\\\/2025\\\/04\\\/iii-simposio-internacional-da-associacao-brasileira-de-brinquedotecas\\\/#breadcrumb\"},\"inLanguage\":\"en-US\",\"potentialAction\":[{\"@type\":\"ReadAction\",\"target\":[\"https:\\\/\\\/iacrianca.pt\\\/en\\\/2025\\\/04\\\/iii-simposio-internacional-da-associacao-brasileira-de-brinquedotecas\\\/\"]}]},{\"@type\":\"ImageObject\",\"inLanguage\":\"en-US\",\"@id\":\"https:\\\/\\\/iacrianca.pt\\\/en\\\/2025\\\/04\\\/iii-simposio-internacional-da-associacao-brasileira-de-brinquedotecas\\\/#primaryimage\",\"url\":\"https:\\\/\\\/iacrianca.pt\\\/wp-content\\\/uploads\\\/abbri1.png\",\"contentUrl\":\"https:\\\/\\\/iacrianca.pt\\\/wp-content\\\/uploads\\\/abbri1.png\",\"width\":1893,\"height\":748},{\"@type\":\"BreadcrumbList\",\"@id\":\"https:\\\/\\\/iacrianca.pt\\\/en\\\/2025\\\/04\\\/iii-simposio-internacional-da-associacao-brasileira-de-brinquedotecas\\\/#breadcrumb\",\"itemListElement\":[{\"@type\":\"ListItem\",\"position\":1,\"name\":\"In\u00edcio\",\"item\":\"https:\\\/\\\/iacrianca.pt\\\/en\\\/\"},{\"@type\":\"ListItem\",\"position\":2,\"name\":\"III Simp\u00f3sio Internacional da Associa\u00e7\u00e3o Brasileira de Brinquedotecas\"}]},{\"@type\":\"WebSite\",\"@id\":\"https:\\\/\\\/iacrianca.pt\\\/en\\\/#website\",\"url\":\"https:\\\/\\\/iacrianca.pt\\\/en\\\/\",\"name\":\"Instituto de Apoio \u00e0 Crian\u00e7a\",\"description\":\"Desde 1983 na defesa e promo\u00e7\u00e3o dos direitos da crian\u00e7a\",\"publisher\":{\"@id\":\"https:\\\/\\\/iacrianca.pt\\\/en\\\/#organization\"},\"potentialAction\":[{\"@type\":\"SearchAction\",\"target\":{\"@type\":\"EntryPoint\",\"urlTemplate\":\"https:\\\/\\\/iacrianca.pt\\\/en\\\/?s={search_term_string}\"},\"query-input\":{\"@type\":\"PropertyValueSpecification\",\"valueRequired\":true,\"valueName\":\"search_term_string\"}}],\"inLanguage\":\"en-US\"},{\"@type\":\"Organization\",\"@id\":\"https:\\\/\\\/iacrianca.pt\\\/en\\\/#organization\",\"name\":\"Instituto de Apoio \u00e0 Crian\u00e7a\",\"url\":\"https:\\\/\\\/iacrianca.pt\\\/en\\\/\",\"logo\":{\"@type\":\"ImageObject\",\"inLanguage\":\"en-US\",\"@id\":\"https:\\\/\\\/iacrianca.pt\\\/en\\\/#\\\/schema\\\/logo\\\/image\\\/\",\"url\":\"https:\\\/\\\/iacrianca.pt\\\/wp-content\\\/uploads\\\/2020\\\/04\\\/logo-iac-SD.jpg\",\"contentUrl\":\"https:\\\/\\\/iacrianca.pt\\\/wp-content\\\/uploads\\\/2020\\\/04\\\/logo-iac-SD.jpg\",\"width\":152,\"height\":73,\"caption\":\"Instituto de Apoio \u00e0 Crian\u00e7a\"},\"image\":{\"@id\":\"https:\\\/\\\/iacrianca.pt\\\/en\\\/#\\\/schema\\\/logo\\\/image\\\/\"},\"sameAs\":[\"https:\\\/\\\/www.facebook.com\\\/iacinstitutodeapoioacrianca\",\"https:\\\/\\\/x.com\\\/iacapoiocrianca\",\"https:\\\/\\\/www.youtube.com\\\/channel\\\/UC0jjfZ_xkN_59gJf_RQ-ZnQ\",\"https:\\\/\\\/www.linkedin.com\\\/company\\\/instituto-de-apoio--criana\\\/\",\"https:\\\/\\\/www.instagram.com\\\/iacinstitutodeapoioacrianca\\\/\",\"https:\\\/\\\/criancasatortoeadireitos.wordpress.com\\\/\"]},{\"@type\":\"Person\",\"@id\":\"https:\\\/\\\/iacrianca.pt\\\/en\\\/#\\\/schema\\\/person\\\/1c48c6e4b70d0dc7360e4b28ceaa5f6b\",\"name\":\"Administra\u00e7\u00e3o IAC\",\"image\":{\"@type\":\"ImageObject\",\"inLanguage\":\"en-US\",\"@id\":\"https:\\\/\\\/secure.gravatar.com\\\/avatar\\\/60b998c71de37dcc1398fc6d48c6b5ed7533e3ceec837c948055f072e3158ff1?s=96&d=mm&r=g\",\"url\":\"https:\\\/\\\/secure.gravatar.com\\\/avatar\\\/60b998c71de37dcc1398fc6d48c6b5ed7533e3ceec837c948055f072e3158ff1?s=96&d=mm&r=g\",\"contentUrl\":\"https:\\\/\\\/secure.gravatar.com\\\/avatar\\\/60b998c71de37dcc1398fc6d48c6b5ed7533e3ceec837c948055f072e3158ff1?s=96&d=mm&r=g\",\"caption\":\"Administra\u00e7\u00e3o IAC\"}}]}<\/script>\n<!-- \/ Yoast SEO plugin. -->","yoast_head_json":{"title":"III Simp\u00f3sio Internacional da Associa\u00e7\u00e3o Brasileira de Brinquedotecas | Instituto de Apoio \u00e0 Crian\u00e7a","robots":{"index":"index","follow":"follow","max-snippet":"max-snippet:-1","max-image-preview":"max-image-preview:large","max-video-preview":"max-video-preview:-1"},"canonical":"https:\/\/iacrianca.pt\/en\/2025\/04\/iii-simposio-internacional-da-associacao-brasileira-de-brinquedotecas\/","og_locale":"en_US","og_type":"article","og_title":"III Simp\u00f3sio Internacional da Associa\u00e7\u00e3o Brasileira de Brinquedotecas | Instituto de Apoio \u00e0 Crian\u00e7a","og_description":"Ana Louren\u00e7o do IAC foi uma das oradoras no III Simp\u00f3sio Internacional da ABBRI, que teve como mote \u201cO Brincar em Diferentes Contextos: Forma\u00e7\u00e3o e Atua\u00e7\u00e3o Profissional\u201d. O IAC aproveita tamb\u00e9m para congratular a Associa\u00e7\u00e3o Brasileira de Brinquedotecas (ABBri) pelos seus 40 anos de exist\u00eancia, com votos de que esta parceria entre as duas institui\u00e7\u00f5es&hellip;","og_url":"https:\/\/iacrianca.pt\/en\/2025\/04\/iii-simposio-internacional-da-associacao-brasileira-de-brinquedotecas\/","og_site_name":"Instituto de Apoio \u00e0 Crian\u00e7a","article_publisher":"https:\/\/www.facebook.com\/iacinstitutodeapoioacrianca","article_published_time":"2025-04-30T14:35:20+00:00","og_image":[{"width":1893,"height":748,"url":"https:\/\/iacrianca.pt\/wp-content\/uploads\/abbri1.png","type":"image\/png"}],"author":"Administra\u00e7\u00e3o IAC","twitter_card":"summary_large_image","twitter_creator":"@iacapoiocrianca","twitter_site":"@iacapoiocrianca","twitter_misc":{"Written by":"Administra\u00e7\u00e3o IAC","Est. reading time":"3 minutes"},"schema":{"@context":"https:\/\/schema.org","@graph":[{"@type":"Article","@id":"https:\/\/iacrianca.pt\/en\/2025\/04\/iii-simposio-internacional-da-associacao-brasileira-de-brinquedotecas\/#article","isPartOf":{"@id":"https:\/\/iacrianca.pt\/en\/2025\/04\/iii-simposio-internacional-da-associacao-brasileira-de-brinquedotecas\/"},"author":{"name":"Administra\u00e7\u00e3o IAC","@id":"https:\/\/iacrianca.pt\/en\/#\/schema\/person\/1c48c6e4b70d0dc7360e4b28ceaa5f6b"},"headline":"III Simp\u00f3sio Internacional da Associa\u00e7\u00e3o Brasileira de Brinquedotecas","datePublished":"2025-04-30T14:35:20+00:00","mainEntityOfPage":{"@id":"https:\/\/iacrianca.pt\/en\/2025\/04\/iii-simposio-internacional-da-associacao-brasileira-de-brinquedotecas\/"},"wordCount":421,"publisher":{"@id":"https:\/\/iacrianca.pt\/en\/#organization"},"image":{"@id":"https:\/\/iacrianca.pt\/en\/2025\/04\/iii-simposio-internacional-da-associacao-brasileira-de-brinquedotecas\/#primaryimage"},"thumbnailUrl":"https:\/\/iacrianca.pt\/wp-content\/uploads\/abbri1.png","articleSection":["Newsletter"],"inLanguage":"en-US"},{"@type":"WebPage","@id":"https:\/\/iacrianca.pt\/en\/2025\/04\/iii-simposio-internacional-da-associacao-brasileira-de-brinquedotecas\/","url":"https:\/\/iacrianca.pt\/en\/2025\/04\/iii-simposio-internacional-da-associacao-brasileira-de-brinquedotecas\/","name":"III Simp\u00f3sio Internacional da Associa\u00e7\u00e3o Brasileira de Brinquedotecas | Instituto de Apoio \u00e0 Crian\u00e7a","isPartOf":{"@id":"https:\/\/iacrianca.pt\/en\/#website"},"primaryImageOfPage":{"@id":"https:\/\/iacrianca.pt\/en\/2025\/04\/iii-simposio-internacional-da-associacao-brasileira-de-brinquedotecas\/#primaryimage"},"image":{"@id":"https:\/\/iacrianca.pt\/en\/2025\/04\/iii-simposio-internacional-da-associacao-brasileira-de-brinquedotecas\/#primaryimage"},"thumbnailUrl":"https:\/\/iacrianca.pt\/wp-content\/uploads\/abbri1.png","datePublished":"2025-04-30T14:35:20+00:00","breadcrumb":{"@id":"https:\/\/iacrianca.pt\/en\/2025\/04\/iii-simposio-internacional-da-associacao-brasileira-de-brinquedotecas\/#breadcrumb"},"inLanguage":"en-US","potentialAction":[{"@type":"ReadAction","target":["https:\/\/iacrianca.pt\/en\/2025\/04\/iii-simposio-internacional-da-associacao-brasileira-de-brinquedotecas\/"]}]},{"@type":"ImageObject","inLanguage":"en-US","@id":"https:\/\/iacrianca.pt\/en\/2025\/04\/iii-simposio-internacional-da-associacao-brasileira-de-brinquedotecas\/#primaryimage","url":"https:\/\/iacrianca.pt\/wp-content\/uploads\/abbri1.png","contentUrl":"https:\/\/iacrianca.pt\/wp-content\/uploads\/abbri1.png","width":1893,"height":748},{"@type":"BreadcrumbList","@id":"https:\/\/iacrianca.pt\/en\/2025\/04\/iii-simposio-internacional-da-associacao-brasileira-de-brinquedotecas\/#breadcrumb","itemListElement":[{"@type":"ListItem","position":1,"name":"In\u00edcio","item":"https:\/\/iacrianca.pt\/en\/"},{"@type":"ListItem","position":2,"name":"III Simp\u00f3sio Internacional da Associa\u00e7\u00e3o Brasileira de Brinquedotecas"}]},{"@type":"WebSite","@id":"https:\/\/iacrianca.pt\/en\/#website","url":"https:\/\/iacrianca.pt\/en\/","name":"Instituto de Apoio \u00e0 Crian\u00e7a","description":"Desde 1983 na defesa e promo\u00e7\u00e3o dos direitos da crian\u00e7a","publisher":{"@id":"https:\/\/iacrianca.pt\/en\/#organization"},"potentialAction":[{"@type":"SearchAction","target":{"@type":"EntryPoint","urlTemplate":"https:\/\/iacrianca.pt\/en\/?s={search_term_string}"},"query-input":{"@type":"PropertyValueSpecification","valueRequired":true,"valueName":"search_term_string"}}],"inLanguage":"en-US"},{"@type":"Organization","@id":"https:\/\/iacrianca.pt\/en\/#organization","name":"Instituto de Apoio \u00e0 Crian\u00e7a","url":"https:\/\/iacrianca.pt\/en\/","logo":{"@type":"ImageObject","inLanguage":"en-US","@id":"https:\/\/iacrianca.pt\/en\/#\/schema\/logo\/image\/","url":"https:\/\/iacrianca.pt\/wp-content\/uploads\/2020\/04\/logo-iac-SD.jpg","contentUrl":"https:\/\/iacrianca.pt\/wp-content\/uploads\/2020\/04\/logo-iac-SD.jpg","width":152,"height":73,"caption":"Instituto de Apoio \u00e0 Crian\u00e7a"},"image":{"@id":"https:\/\/iacrianca.pt\/en\/#\/schema\/logo\/image\/"},"sameAs":["https:\/\/www.facebook.com\/iacinstitutodeapoioacrianca","https:\/\/x.com\/iacapoiocrianca","https:\/\/www.youtube.com\/channel\/UC0jjfZ_xkN_59gJf_RQ-ZnQ","https:\/\/www.linkedin.com\/company\/instituto-de-apoio--criana\/","https:\/\/www.instagram.com\/iacinstitutodeapoioacrianca\/","https:\/\/criancasatortoeadireitos.wordpress.com\/"]},{"@type":"Person","@id":"https:\/\/iacrianca.pt\/en\/#\/schema\/person\/1c48c6e4b70d0dc7360e4b28ceaa5f6b","name":"Administra\u00e7\u00e3o IAC","image":{"@type":"ImageObject","inLanguage":"en-US","@id":"https:\/\/secure.gravatar.com\/avatar\/60b998c71de37dcc1398fc6d48c6b5ed7533e3ceec837c948055f072e3158ff1?s=96&d=mm&r=g","url":"https:\/\/secure.gravatar.com\/avatar\/60b998c71de37dcc1398fc6d48c6b5ed7533e3ceec837c948055f072e3158ff1?s=96&d=mm&r=g","contentUrl":"https:\/\/secure.gravatar.com\/avatar\/60b998c71de37dcc1398fc6d48c6b5ed7533e3ceec837c948055f072e3158ff1?s=96&d=mm&r=g","caption":"Administra\u00e7\u00e3o IAC"}}]}},"_links":{"self":[{"href":"https:\/\/iacrianca.pt\/en\/wp-json\/wp\/v2\/posts\/25323","targetHints":{"allow":["GET"]}}],"collection":[{"href":"https:\/\/iacrianca.pt\/en\/wp-json\/wp\/v2\/posts"}],"about":[{"href":"https:\/\/iacrianca.pt\/en\/wp-json\/wp\/v2\/types\/post"}],"author":[{"embeddable":true,"href":"https:\/\/iacrianca.pt\/en\/wp-json\/wp\/v2\/users\/2"}],"replies":[{"embeddable":true,"href":"https:\/\/iacrianca.pt\/en\/wp-json\/wp\/v2\/comments?post=25323"}],"version-history":[{"count":0,"href":"https:\/\/iacrianca.pt\/en\/wp-json\/wp\/v2\/posts\/25323\/revisions"}],"wp:featuredmedia":[{"embeddable":true,"href":"https:\/\/iacrianca.pt\/en\/wp-json\/wp\/v2\/media\/25328"}],"wp:attachment":[{"href":"https:\/\/iacrianca.pt\/en\/wp-json\/wp\/v2\/media?parent=25323"}],"wp:term":[{"taxonomy":"category","embeddable":true,"href":"https:\/\/iacrianca.pt\/en\/wp-json\/wp\/v2\/categories?post=25323"},{"taxonomy":"post_tag","embeddable":true,"href":"https:\/\/iacrianca.pt\/en\/wp-json\/wp\/v2\/tags?post=25323"}],"curies":[{"name":"wp","href":"https:\/\/api.w.org\/{rel}","templated":true}]}}