{"id":25359,"date":"2025-05-05T12:03:02","date_gmt":"2025-05-05T11:03:02","guid":{"rendered":"https:\/\/iacrianca.pt\/?p=25359"},"modified":"2025-05-05T12:03:02","modified_gmt":"2025-05-05T11:03:02","slug":"atividade-formativa-do-polo-de-coimbra-no-mes-de-abril","status":"publish","type":"post","link":"https:\/\/iacrianca.pt\/en\/2025\/05\/atividade-formativa-do-polo-de-coimbra-no-mes-de-abril\/","title":{"rendered":"Atividade formativa do Polo de Coimbra, no m\u00eas de abril"},"content":{"rendered":"<p>No \u00e2mbito do projeto de Media\u00e7\u00e3o Escolar, a convite de diversos Gabinetes de Apoio e ao Aluno, foram dinamizadas v\u00e1rias sess\u00f5es presenciais ou online para alunos, assistentes operacionais e pais\/encarregados de educa\u00e7\u00e3o:<\/p>\n<p>No dia 3 de abril, as t\u00e9cnicas Ana Vicente, Teresa Damas e a estagi\u00e1ria Eliana Lopes, a atividade \u201cMuito vamos aprender\u2026 a jogar e a conviver!\u201d, dirigida a todos os alunos do 1.\u00ba Ciclo. A iniciativa contou com a participa\u00e7\u00e3o de 88 crian\u00e7as, acompanhadas pelos seus professores e por outros t\u00e9cnicos e profissionais da escola, que demonstraram grande interesse e entusiasmo pelos jogos. Atrav\u00e9s deste momento l\u00fadico, foi poss\u00edvel evidenciar os v\u00e1rios benef\u00edcios dos jogos de tabuleiro: ensinam as crian\u00e7as a lidar com a frustra\u00e7\u00e3o, proporcionam bem-estar, estimulam a concentra\u00e7\u00e3o, a mem\u00f3ria, o racioc\u00ednio e a capacidade de tomar decis\u00f5es, al\u00e9m de potenciarem as aprendizagens escolares. A atividade demonstrou ser muito rica, evidenciando um impacto significativo tanto nos alunos como nos professores, revelando-se uma estrat\u00e9gia com grande potencial para ser usada mais vezes em contexto escolar.<\/p>\n<p>No dia 9 de abril, a t\u00e9cnica Ana Vicente dinamizou presencialmente duas sess\u00f5es de sensibiliza\u00e7\u00e3o da a\u00e7\u00e3o \u201cGest\u00e3o Positiva do Conflito\u201d, dirigidas a 35 assistentes operacionais do Agrupamento de Escolas Afonso de Paiva, em Castelo Branco.<\/p>\n<p>Durante as sess\u00f5es, foram abordados temas que suscitam especial preocupa\u00e7\u00e3o junto dos profissionais educativos, nomeadamente os contornos dos conflitos em contexto escolar e a perspetiva de que, quando bem trabalhados com crian\u00e7as e jovens, os conflitos podem ser oportunidades de crescimento e aprendizagem.<\/p>\n<p>Refletiu-se tamb\u00e9m sobre a import\u00e2ncia da comunica\u00e7\u00e3o nas rela\u00e7\u00f5es interpessoais, quer na preven\u00e7\u00e3o, quer na abordagem dos conflitos, assim como sobre a relev\u00e2ncia do reconhecimento e gest\u00e3o das emo\u00e7\u00f5es na sua resolu\u00e7\u00e3o positiva. A a\u00e7\u00e3o foi muito participada, promovendo a reflex\u00e3o, a partilha de experi\u00eancias e a identifica\u00e7\u00e3o de boas pr\u00e1ticas aplic\u00e1veis no quotidiano escolar.<\/p>\n<p>Nos dias 15, 16 e 22 de abril, a t\u00e9cnica Ana Vicente dinamizou, de forma presencial e online, quatro sess\u00f5es de sensibiliza\u00e7\u00e3o da a\u00e7\u00e3o \u201cCaminho para uma Comunica\u00e7\u00e3o Assertiva\u201d, dirigidas a assistentes operacionais de v\u00e1rios Agrupamentos de Escolas. A 15 de abril, a sess\u00e3o decorreu online e contou com a participa\u00e7\u00e3o de 21 assistentes operacionais do Agrupamento de Escolas da Baixa da Banheira. No dia seguinte, 16 de abril, realizou-se presencialmente com 25 assistentes operacionais do Agrupamento de Escolas de Ansi\u00e3o. Por fim, no dia 22 de abril, teve lugar uma nova sess\u00e3o online, desta vez com 23 assistentes operacionais do Agrupamento de Escolas da Amareleja. As sess\u00f5es foram marcadas por uma forte participa\u00e7\u00e3o e reflex\u00e3o, permitindo a partilha de<\/p>\n<p>experi\u00eancias e boas pr\u00e1ticas. No final, destacou-se a import\u00e2ncia de estarmos atentos \u00e0 forma como comunicamos com os outros \u2014 ao tom de voz utilizado, \u00e0 comunica\u00e7\u00e3o n\u00e3o verbal expressa pelo interlocutor e \u00e0 empatia nas intera\u00e7\u00f5es do dia a dia.<\/p>\n<p>A 30 de abril de 2025, foi dinamizada, pela In\u00eas Vieira, uma sess\u00e3o online dedicada ao tema &#8220;Brincar e Jogar: na promo\u00e7\u00e3o de rela\u00e7\u00f5es saud\u00e1veis na fam\u00edlia&#8221; voltada para os pais do Agrupamento de Escolas de Elvas. Com a participa\u00e7\u00e3o de 9 pais, a sess\u00e3o proporcionou um ambiente para explorar o papel fundamental do brincar no desenvolvimento infantil. Durante a sess\u00e3o, foram discutidos os benef\u00edcios do brincar para o crescimento cognitivo, emocional e social das crian\u00e7as. Os pais foram incentivados a refletir sobre como podem integrar atividades l\u00fadicas no quotidiano dos seus filhos, promovendo um ambiente prop\u00edcio \u00e0 aprendizagem e \u00e0 criatividade.<\/p>\n<p>A Psic\u00f3loga In\u00eas Vieira dinamizou uma sess\u00e3o presencial, no passado dia 10 de abril de 2025 para os pais do Centro de Nossa Senhora da Anuncia\u00e7\u00e3o (C\u00e1ritas Diocesana de Coimbra), dedicada ao tema &#8220;Vamos falar sobre Regras\/Limites e Consequ\u00eancias Saud\u00e1veis&#8221;. A sess\u00e3o contou com a presen\u00e7a de 15 pais e durante a mesma, foram exploradas estrat\u00e9gias para a implementa\u00e7\u00e3o de regras e limites de forma assertiva, sublinhando a import\u00e2ncia das consequ\u00eancias saud\u00e1veis no desenvolvimento infantil. A conversa permitiu um espa\u00e7o de partilha e reflex\u00e3o, onde os pais puderam trocar experi\u00eancias e adquirir ferramentas pr\u00e1ticas para fomentar uma educa\u00e7\u00e3o mais equilibrada e positiva em casa. A iniciativa revelou-se enriquecedora, refor\u00e7ando a import\u00e2ncia do di\u00e1logo e da coer\u00eancia na parentalidade, elementos essenciais para um ambiente familiar saud\u00e1vel estruturado.<\/p>\n<p>No dia 29 de abril, a t\u00e9cnica Teresa Damas e a estagi\u00e1ria de psicologia, Eliana Lopes, dinamizaram duas sess\u00f5es de sensibiliza\u00e7\u00e3o com a tem\u00e1tica \u201cA import\u00e2ncia de conviver juntos\u201d, na Escola E. B. 1 de S. Jo\u00e3o do Campo. O objetivo foi promover a conviv\u00eancia em harmonia, essencial para construir uma sociedade mais justa e feliz. Viver juntos, sem viol\u00eancia, significa aprender a dialogar, respeitar as diferen\u00e7as e entender que todos t\u00eam o direito de se expressar. O respeito pelos outros \u00e9 a base para boas rela\u00e7\u00f5es, pois valoriza a dignidade e os sentimentos de cada crian\u00e7a. Refor\u00e7ou-se que ao surgirem conflitos, algo natural na conviv\u00eancia entre pares, \u00e9 importante n\u00e3o recorrer \u00e0 agress\u00e3o, e procurar ajuda de adultos da sua confian\u00e7a, como os pais, professores ou respons\u00e1veis, que podem orientar e encontrar solu\u00e7\u00f5es justas. Aprender a resolver problemas com empatia, di\u00e1logo e coopera\u00e7\u00e3o fortalece os la\u00e7os entre as crian\u00e7as e contribui para um ambiente mais<\/p>\n<p>seguro e acolhedor para todos. Foram realizadas din\u00e2micas interativas, como a interpreta\u00e7\u00e3o de uma can\u00e7\u00e3o intitulada \u201cSei quem sou\u201d exibidos v\u00eddeos inspiradores e explorada a hist\u00f3ria infantil \u201cH\u00e1 uma raposa na minha escola\u201d, que permitiram \u00e0s crian\u00e7as uma reflex\u00e3o sobre a import\u00e2ncia de agir com respeito pelo outro no seu dia a dia.<\/p>\n<p><img fetchpriority=\"high\" decoding=\"async\" class=\"alignnone wp-image-25362 size-full\" src=\"https:\/\/iacrianca.pt\/wp-content\/uploads\/atividade-formativa-2jpg.jpeg\" alt=\"\" width=\"2000\" height=\"1126\" srcset=\"https:\/\/iacrianca.pt\/wp-content\/uploads\/atividade-formativa-2jpg.jpeg 2000w, https:\/\/iacrianca.pt\/wp-content\/uploads\/atividade-formativa-2jpg-300x169.jpeg 300w, https:\/\/iacrianca.pt\/wp-content\/uploads\/atividade-formativa-2jpg-1024x577.jpeg 1024w, https:\/\/iacrianca.pt\/wp-content\/uploads\/atividade-formativa-2jpg-768x432.jpeg 768w, https:\/\/iacrianca.pt\/wp-content\/uploads\/atividade-formativa-2jpg-1536x865.jpeg 1536w\" sizes=\"(max-width: 2000px) 100vw, 2000px\" \/> <img decoding=\"async\" class=\"alignnone wp-image-25364 size-full\" src=\"https:\/\/iacrianca.pt\/wp-content\/uploads\/atividade-formativa-3jpg.jpeg\" alt=\"\" width=\"2040\" height=\"1530\" srcset=\"https:\/\/iacrianca.pt\/wp-content\/uploads\/atividade-formativa-3jpg.jpeg 2040w, https:\/\/iacrianca.pt\/wp-content\/uploads\/atividade-formativa-3jpg-300x225.jpeg 300w, https:\/\/iacrianca.pt\/wp-content\/uploads\/atividade-formativa-3jpg-1024x768.jpeg 1024w, https:\/\/iacrianca.pt\/wp-content\/uploads\/atividade-formativa-3jpg-768x576.jpeg 768w, https:\/\/iacrianca.pt\/wp-content\/uploads\/atividade-formativa-3jpg-1536x1152.jpeg 1536w\" sizes=\"(max-width: 2040px) 100vw, 2040px\" \/> <img decoding=\"async\" class=\"alignnone wp-image-25366 size-full\" src=\"https:\/\/iacrianca.pt\/wp-content\/uploads\/atividade-formativa-4jpgjpeg.jpg\" alt=\"\" width=\"1600\" height=\"1200\" srcset=\"https:\/\/iacrianca.pt\/wp-content\/uploads\/atividade-formativa-4jpgjpeg.jpg 1600w, https:\/\/iacrianca.pt\/wp-content\/uploads\/atividade-formativa-4jpgjpeg-300x225.jpg 300w, https:\/\/iacrianca.pt\/wp-content\/uploads\/atividade-formativa-4jpgjpeg-1024x768.jpg 1024w, https:\/\/iacrianca.pt\/wp-content\/uploads\/atividade-formativa-4jpgjpeg-768x576.jpg 768w, https:\/\/iacrianca.pt\/wp-content\/uploads\/atividade-formativa-4jpgjpeg-1536x1152.jpg 1536w\" sizes=\"(max-width: 1600px) 100vw, 1600px\" \/> <img loading=\"lazy\" decoding=\"async\" class=\"alignnone wp-image-25368 size-full\" src=\"https:\/\/iacrianca.pt\/wp-content\/uploads\/atividade-formativa-5jpgjpeg.jpg\" alt=\"\" width=\"1128\" height=\"2000\" srcset=\"https:\/\/iacrianca.pt\/wp-content\/uploads\/atividade-formativa-5jpgjpeg.jpg 1128w, https:\/\/iacrianca.pt\/wp-content\/uploads\/atividade-formativa-5jpgjpeg-169x300.jpg 169w, https:\/\/iacrianca.pt\/wp-content\/uploads\/atividade-formativa-5jpgjpeg-578x1024.jpg 578w, https:\/\/iacrianca.pt\/wp-content\/uploads\/atividade-formativa-5jpgjpeg-768x1362.jpg 768w, https:\/\/iacrianca.pt\/wp-content\/uploads\/atividade-formativa-5jpgjpeg-866x1536.jpg 866w\" sizes=\"(max-width: 1128px) 100vw, 1128px\" \/><\/p>\n","protected":false},"excerpt":{"rendered":"<p>No \u00e2mbito do projeto de Media\u00e7\u00e3o Escolar, a convite de diversos Gabinetes de Apoio e ao Aluno, foram dinamizadas v\u00e1rias sess\u00f5es presenciais ou online para alunos, assistentes operacionais e pais\/encarregados de educa\u00e7\u00e3o: No dia 3 de abril, as t\u00e9cnicas Ana Vicente, Teresa Damas e a estagi\u00e1ria Eliana Lopes, a atividade \u201cMuito vamos aprender\u2026 a jogar&hellip;<\/p>\n","protected":false},"author":2,"featured_media":25360,"comment_status":"closed","ping_status":"open","sticky":false,"template":"","format":"standard","meta":{"_acf_changed":false,"footnotes":""},"categories":[63],"tags":[],"class_list":["post-25359","post","type-post","status-publish","format-standard","has-post-thumbnail","hentry","category-newsletter","category-63","description-off"],"acf":[],"yoast_head":"<!-- This site is optimized with the Yoast SEO plugin v27.5 - https:\/\/yoast.com\/product\/yoast-seo-wordpress\/ -->\n<title>Atividade formativa do Polo de Coimbra, no m\u00eas de abril | Instituto de Apoio \u00e0 Crian\u00e7a<\/title>\n<meta name=\"robots\" content=\"index, follow, max-snippet:-1, max-image-preview:large, max-video-preview:-1\" \/>\n<link rel=\"canonical\" href=\"https:\/\/iacrianca.pt\/en\/2025\/05\/atividade-formativa-do-polo-de-coimbra-no-mes-de-abril\/\" \/>\n<meta property=\"og:locale\" content=\"en_US\" \/>\n<meta property=\"og:type\" content=\"article\" \/>\n<meta property=\"og:title\" content=\"Atividade formativa do Polo de Coimbra, no m\u00eas de abril | Instituto de Apoio \u00e0 Crian\u00e7a\" \/>\n<meta property=\"og:description\" content=\"No \u00e2mbito do projeto de Media\u00e7\u00e3o Escolar, a convite de diversos Gabinetes de Apoio e ao Aluno, foram dinamizadas v\u00e1rias sess\u00f5es presenciais ou online para alunos, assistentes operacionais e pais\/encarregados de educa\u00e7\u00e3o: No dia 3 de abril, as t\u00e9cnicas Ana Vicente, Teresa Damas e a estagi\u00e1ria Eliana Lopes, a atividade \u201cMuito vamos aprender\u2026 a jogar&hellip;\" \/>\n<meta property=\"og:url\" content=\"https:\/\/iacrianca.pt\/en\/2025\/05\/atividade-formativa-do-polo-de-coimbra-no-mes-de-abril\/\" \/>\n<meta property=\"og:site_name\" content=\"Instituto de Apoio \u00e0 Crian\u00e7a\" \/>\n<meta property=\"article:publisher\" content=\"https:\/\/www.facebook.com\/iacinstitutodeapoioacrianca\" \/>\n<meta property=\"article:published_time\" content=\"2025-05-05T11:03:02+00:00\" \/>\n<meta property=\"og:image\" content=\"https:\/\/iacrianca.pt\/wp-content\/uploads\/atividade-formativa-1-1.jpg\" \/>\n\t<meta property=\"og:image:width\" content=\"2040\" \/>\n\t<meta property=\"og:image:height\" content=\"1536\" \/>\n\t<meta property=\"og:image:type\" content=\"image\/jpeg\" \/>\n<meta name=\"author\" content=\"Administra\u00e7\u00e3o IAC\" \/>\n<meta name=\"twitter:card\" content=\"summary_large_image\" \/>\n<meta name=\"twitter:creator\" content=\"@iacapoiocrianca\" \/>\n<meta name=\"twitter:site\" content=\"@iacapoiocrianca\" \/>\n<meta name=\"twitter:label1\" content=\"Written by\" \/>\n\t<meta name=\"twitter:data1\" content=\"Administra\u00e7\u00e3o IAC\" \/>\n\t<meta name=\"twitter:label2\" content=\"Est. reading time\" \/>\n\t<meta name=\"twitter:data2\" content=\"6 minutes\" \/>\n<script type=\"application\/ld+json\" class=\"yoast-schema-graph\">{\"@context\":\"https:\\\/\\\/schema.org\",\"@graph\":[{\"@type\":\"Article\",\"@id\":\"https:\\\/\\\/iacrianca.pt\\\/en\\\/2025\\\/05\\\/atividade-formativa-do-polo-de-coimbra-no-mes-de-abril\\\/#article\",\"isPartOf\":{\"@id\":\"https:\\\/\\\/iacrianca.pt\\\/en\\\/2025\\\/05\\\/atividade-formativa-do-polo-de-coimbra-no-mes-de-abril\\\/\"},\"author\":{\"name\":\"Administra\u00e7\u00e3o IAC\",\"@id\":\"https:\\\/\\\/iacrianca.pt\\\/en\\\/#\\\/schema\\\/person\\\/1c48c6e4b70d0dc7360e4b28ceaa5f6b\"},\"headline\":\"Atividade formativa do Polo de Coimbra, no m\u00eas de abril\",\"datePublished\":\"2025-05-05T11:03:02+00:00\",\"mainEntityOfPage\":{\"@id\":\"https:\\\/\\\/iacrianca.pt\\\/en\\\/2025\\\/05\\\/atividade-formativa-do-polo-de-coimbra-no-mes-de-abril\\\/\"},\"wordCount\":1015,\"publisher\":{\"@id\":\"https:\\\/\\\/iacrianca.pt\\\/en\\\/#organization\"},\"image\":{\"@id\":\"https:\\\/\\\/iacrianca.pt\\\/en\\\/2025\\\/05\\\/atividade-formativa-do-polo-de-coimbra-no-mes-de-abril\\\/#primaryimage\"},\"thumbnailUrl\":\"https:\\\/\\\/iacrianca.pt\\\/wp-content\\\/uploads\\\/atividade-formativa-1-1.jpg\",\"articleSection\":[\"Newsletter\"],\"inLanguage\":\"en-US\"},{\"@type\":\"WebPage\",\"@id\":\"https:\\\/\\\/iacrianca.pt\\\/en\\\/2025\\\/05\\\/atividade-formativa-do-polo-de-coimbra-no-mes-de-abril\\\/\",\"url\":\"https:\\\/\\\/iacrianca.pt\\\/en\\\/2025\\\/05\\\/atividade-formativa-do-polo-de-coimbra-no-mes-de-abril\\\/\",\"name\":\"Atividade formativa do Polo de Coimbra, no m\u00eas de abril | Instituto de Apoio \u00e0 Crian\u00e7a\",\"isPartOf\":{\"@id\":\"https:\\\/\\\/iacrianca.pt\\\/en\\\/#website\"},\"primaryImageOfPage\":{\"@id\":\"https:\\\/\\\/iacrianca.pt\\\/en\\\/2025\\\/05\\\/atividade-formativa-do-polo-de-coimbra-no-mes-de-abril\\\/#primaryimage\"},\"image\":{\"@id\":\"https:\\\/\\\/iacrianca.pt\\\/en\\\/2025\\\/05\\\/atividade-formativa-do-polo-de-coimbra-no-mes-de-abril\\\/#primaryimage\"},\"thumbnailUrl\":\"https:\\\/\\\/iacrianca.pt\\\/wp-content\\\/uploads\\\/atividade-formativa-1-1.jpg\",\"datePublished\":\"2025-05-05T11:03:02+00:00\",\"breadcrumb\":{\"@id\":\"https:\\\/\\\/iacrianca.pt\\\/en\\\/2025\\\/05\\\/atividade-formativa-do-polo-de-coimbra-no-mes-de-abril\\\/#breadcrumb\"},\"inLanguage\":\"en-US\",\"potentialAction\":[{\"@type\":\"ReadAction\",\"target\":[\"https:\\\/\\\/iacrianca.pt\\\/en\\\/2025\\\/05\\\/atividade-formativa-do-polo-de-coimbra-no-mes-de-abril\\\/\"]}]},{\"@type\":\"ImageObject\",\"inLanguage\":\"en-US\",\"@id\":\"https:\\\/\\\/iacrianca.pt\\\/en\\\/2025\\\/05\\\/atividade-formativa-do-polo-de-coimbra-no-mes-de-abril\\\/#primaryimage\",\"url\":\"https:\\\/\\\/iacrianca.pt\\\/wp-content\\\/uploads\\\/atividade-formativa-1-1.jpg\",\"contentUrl\":\"https:\\\/\\\/iacrianca.pt\\\/wp-content\\\/uploads\\\/atividade-formativa-1-1.jpg\",\"width\":2040,\"height\":1536},{\"@type\":\"BreadcrumbList\",\"@id\":\"https:\\\/\\\/iacrianca.pt\\\/en\\\/2025\\\/05\\\/atividade-formativa-do-polo-de-coimbra-no-mes-de-abril\\\/#breadcrumb\",\"itemListElement\":[{\"@type\":\"ListItem\",\"position\":1,\"name\":\"In\u00edcio\",\"item\":\"https:\\\/\\\/iacrianca.pt\\\/en\\\/\"},{\"@type\":\"ListItem\",\"position\":2,\"name\":\"Atividade formativa do Polo de Coimbra, no m\u00eas de abril\"}]},{\"@type\":\"WebSite\",\"@id\":\"https:\\\/\\\/iacrianca.pt\\\/en\\\/#website\",\"url\":\"https:\\\/\\\/iacrianca.pt\\\/en\\\/\",\"name\":\"Instituto de Apoio \u00e0 Crian\u00e7a\",\"description\":\"Desde 1983 na defesa e promo\u00e7\u00e3o dos direitos da crian\u00e7a\",\"publisher\":{\"@id\":\"https:\\\/\\\/iacrianca.pt\\\/en\\\/#organization\"},\"potentialAction\":[{\"@type\":\"SearchAction\",\"target\":{\"@type\":\"EntryPoint\",\"urlTemplate\":\"https:\\\/\\\/iacrianca.pt\\\/en\\\/?s={search_term_string}\"},\"query-input\":{\"@type\":\"PropertyValueSpecification\",\"valueRequired\":true,\"valueName\":\"search_term_string\"}}],\"inLanguage\":\"en-US\"},{\"@type\":\"Organization\",\"@id\":\"https:\\\/\\\/iacrianca.pt\\\/en\\\/#organization\",\"name\":\"Instituto de Apoio \u00e0 Crian\u00e7a\",\"url\":\"https:\\\/\\\/iacrianca.pt\\\/en\\\/\",\"logo\":{\"@type\":\"ImageObject\",\"inLanguage\":\"en-US\",\"@id\":\"https:\\\/\\\/iacrianca.pt\\\/en\\\/#\\\/schema\\\/logo\\\/image\\\/\",\"url\":\"https:\\\/\\\/iacrianca.pt\\\/wp-content\\\/uploads\\\/2020\\\/04\\\/logo-iac-SD.jpg\",\"contentUrl\":\"https:\\\/\\\/iacrianca.pt\\\/wp-content\\\/uploads\\\/2020\\\/04\\\/logo-iac-SD.jpg\",\"width\":152,\"height\":73,\"caption\":\"Instituto de Apoio \u00e0 Crian\u00e7a\"},\"image\":{\"@id\":\"https:\\\/\\\/iacrianca.pt\\\/en\\\/#\\\/schema\\\/logo\\\/image\\\/\"},\"sameAs\":[\"https:\\\/\\\/www.facebook.com\\\/iacinstitutodeapoioacrianca\",\"https:\\\/\\\/x.com\\\/iacapoiocrianca\",\"https:\\\/\\\/www.youtube.com\\\/channel\\\/UC0jjfZ_xkN_59gJf_RQ-ZnQ\",\"https:\\\/\\\/www.linkedin.com\\\/company\\\/instituto-de-apoio--criana\\\/\",\"https:\\\/\\\/www.instagram.com\\\/iacinstitutodeapoioacrianca\\\/\",\"https:\\\/\\\/criancasatortoeadireitos.wordpress.com\\\/\"]},{\"@type\":\"Person\",\"@id\":\"https:\\\/\\\/iacrianca.pt\\\/en\\\/#\\\/schema\\\/person\\\/1c48c6e4b70d0dc7360e4b28ceaa5f6b\",\"name\":\"Administra\u00e7\u00e3o IAC\",\"image\":{\"@type\":\"ImageObject\",\"inLanguage\":\"en-US\",\"@id\":\"https:\\\/\\\/secure.gravatar.com\\\/avatar\\\/60b998c71de37dcc1398fc6d48c6b5ed7533e3ceec837c948055f072e3158ff1?s=96&d=mm&r=g\",\"url\":\"https:\\\/\\\/secure.gravatar.com\\\/avatar\\\/60b998c71de37dcc1398fc6d48c6b5ed7533e3ceec837c948055f072e3158ff1?s=96&d=mm&r=g\",\"contentUrl\":\"https:\\\/\\\/secure.gravatar.com\\\/avatar\\\/60b998c71de37dcc1398fc6d48c6b5ed7533e3ceec837c948055f072e3158ff1?s=96&d=mm&r=g\",\"caption\":\"Administra\u00e7\u00e3o IAC\"}}]}<\/script>\n<!-- \/ Yoast SEO plugin. -->","yoast_head_json":{"title":"Atividade formativa do Polo de Coimbra, no m\u00eas de abril | Instituto de Apoio \u00e0 Crian\u00e7a","robots":{"index":"index","follow":"follow","max-snippet":"max-snippet:-1","max-image-preview":"max-image-preview:large","max-video-preview":"max-video-preview:-1"},"canonical":"https:\/\/iacrianca.pt\/en\/2025\/05\/atividade-formativa-do-polo-de-coimbra-no-mes-de-abril\/","og_locale":"en_US","og_type":"article","og_title":"Atividade formativa do Polo de Coimbra, no m\u00eas de abril | Instituto de Apoio \u00e0 Crian\u00e7a","og_description":"No \u00e2mbito do projeto de Media\u00e7\u00e3o Escolar, a convite de diversos Gabinetes de Apoio e ao Aluno, foram dinamizadas v\u00e1rias sess\u00f5es presenciais ou online para alunos, assistentes operacionais e pais\/encarregados de educa\u00e7\u00e3o: No dia 3 de abril, as t\u00e9cnicas Ana Vicente, Teresa Damas e a estagi\u00e1ria Eliana Lopes, a atividade \u201cMuito vamos aprender\u2026 a jogar&hellip;","og_url":"https:\/\/iacrianca.pt\/en\/2025\/05\/atividade-formativa-do-polo-de-coimbra-no-mes-de-abril\/","og_site_name":"Instituto de Apoio \u00e0 Crian\u00e7a","article_publisher":"https:\/\/www.facebook.com\/iacinstitutodeapoioacrianca","article_published_time":"2025-05-05T11:03:02+00:00","og_image":[{"width":2040,"height":1536,"url":"https:\/\/iacrianca.pt\/wp-content\/uploads\/atividade-formativa-1-1.jpg","type":"image\/jpeg"}],"author":"Administra\u00e7\u00e3o IAC","twitter_card":"summary_large_image","twitter_creator":"@iacapoiocrianca","twitter_site":"@iacapoiocrianca","twitter_misc":{"Written by":"Administra\u00e7\u00e3o IAC","Est. reading time":"6 minutes"},"schema":{"@context":"https:\/\/schema.org","@graph":[{"@type":"Article","@id":"https:\/\/iacrianca.pt\/en\/2025\/05\/atividade-formativa-do-polo-de-coimbra-no-mes-de-abril\/#article","isPartOf":{"@id":"https:\/\/iacrianca.pt\/en\/2025\/05\/atividade-formativa-do-polo-de-coimbra-no-mes-de-abril\/"},"author":{"name":"Administra\u00e7\u00e3o IAC","@id":"https:\/\/iacrianca.pt\/en\/#\/schema\/person\/1c48c6e4b70d0dc7360e4b28ceaa5f6b"},"headline":"Atividade formativa do Polo de Coimbra, no m\u00eas de abril","datePublished":"2025-05-05T11:03:02+00:00","mainEntityOfPage":{"@id":"https:\/\/iacrianca.pt\/en\/2025\/05\/atividade-formativa-do-polo-de-coimbra-no-mes-de-abril\/"},"wordCount":1015,"publisher":{"@id":"https:\/\/iacrianca.pt\/en\/#organization"},"image":{"@id":"https:\/\/iacrianca.pt\/en\/2025\/05\/atividade-formativa-do-polo-de-coimbra-no-mes-de-abril\/#primaryimage"},"thumbnailUrl":"https:\/\/iacrianca.pt\/wp-content\/uploads\/atividade-formativa-1-1.jpg","articleSection":["Newsletter"],"inLanguage":"en-US"},{"@type":"WebPage","@id":"https:\/\/iacrianca.pt\/en\/2025\/05\/atividade-formativa-do-polo-de-coimbra-no-mes-de-abril\/","url":"https:\/\/iacrianca.pt\/en\/2025\/05\/atividade-formativa-do-polo-de-coimbra-no-mes-de-abril\/","name":"Atividade formativa do Polo de Coimbra, no m\u00eas de abril | Instituto de Apoio \u00e0 Crian\u00e7a","isPartOf":{"@id":"https:\/\/iacrianca.pt\/en\/#website"},"primaryImageOfPage":{"@id":"https:\/\/iacrianca.pt\/en\/2025\/05\/atividade-formativa-do-polo-de-coimbra-no-mes-de-abril\/#primaryimage"},"image":{"@id":"https:\/\/iacrianca.pt\/en\/2025\/05\/atividade-formativa-do-polo-de-coimbra-no-mes-de-abril\/#primaryimage"},"thumbnailUrl":"https:\/\/iacrianca.pt\/wp-content\/uploads\/atividade-formativa-1-1.jpg","datePublished":"2025-05-05T11:03:02+00:00","breadcrumb":{"@id":"https:\/\/iacrianca.pt\/en\/2025\/05\/atividade-formativa-do-polo-de-coimbra-no-mes-de-abril\/#breadcrumb"},"inLanguage":"en-US","potentialAction":[{"@type":"ReadAction","target":["https:\/\/iacrianca.pt\/en\/2025\/05\/atividade-formativa-do-polo-de-coimbra-no-mes-de-abril\/"]}]},{"@type":"ImageObject","inLanguage":"en-US","@id":"https:\/\/iacrianca.pt\/en\/2025\/05\/atividade-formativa-do-polo-de-coimbra-no-mes-de-abril\/#primaryimage","url":"https:\/\/iacrianca.pt\/wp-content\/uploads\/atividade-formativa-1-1.jpg","contentUrl":"https:\/\/iacrianca.pt\/wp-content\/uploads\/atividade-formativa-1-1.jpg","width":2040,"height":1536},{"@type":"BreadcrumbList","@id":"https:\/\/iacrianca.pt\/en\/2025\/05\/atividade-formativa-do-polo-de-coimbra-no-mes-de-abril\/#breadcrumb","itemListElement":[{"@type":"ListItem","position":1,"name":"In\u00edcio","item":"https:\/\/iacrianca.pt\/en\/"},{"@type":"ListItem","position":2,"name":"Atividade formativa do Polo de Coimbra, no m\u00eas de abril"}]},{"@type":"WebSite","@id":"https:\/\/iacrianca.pt\/en\/#website","url":"https:\/\/iacrianca.pt\/en\/","name":"Instituto de Apoio \u00e0 Crian\u00e7a","description":"Desde 1983 na defesa e promo\u00e7\u00e3o dos direitos da crian\u00e7a","publisher":{"@id":"https:\/\/iacrianca.pt\/en\/#organization"},"potentialAction":[{"@type":"SearchAction","target":{"@type":"EntryPoint","urlTemplate":"https:\/\/iacrianca.pt\/en\/?s={search_term_string}"},"query-input":{"@type":"PropertyValueSpecification","valueRequired":true,"valueName":"search_term_string"}}],"inLanguage":"en-US"},{"@type":"Organization","@id":"https:\/\/iacrianca.pt\/en\/#organization","name":"Instituto de Apoio \u00e0 Crian\u00e7a","url":"https:\/\/iacrianca.pt\/en\/","logo":{"@type":"ImageObject","inLanguage":"en-US","@id":"https:\/\/iacrianca.pt\/en\/#\/schema\/logo\/image\/","url":"https:\/\/iacrianca.pt\/wp-content\/uploads\/2020\/04\/logo-iac-SD.jpg","contentUrl":"https:\/\/iacrianca.pt\/wp-content\/uploads\/2020\/04\/logo-iac-SD.jpg","width":152,"height":73,"caption":"Instituto de Apoio \u00e0 Crian\u00e7a"},"image":{"@id":"https:\/\/iacrianca.pt\/en\/#\/schema\/logo\/image\/"},"sameAs":["https:\/\/www.facebook.com\/iacinstitutodeapoioacrianca","https:\/\/x.com\/iacapoiocrianca","https:\/\/www.youtube.com\/channel\/UC0jjfZ_xkN_59gJf_RQ-ZnQ","https:\/\/www.linkedin.com\/company\/instituto-de-apoio--criana\/","https:\/\/www.instagram.com\/iacinstitutodeapoioacrianca\/","https:\/\/criancasatortoeadireitos.wordpress.com\/"]},{"@type":"Person","@id":"https:\/\/iacrianca.pt\/en\/#\/schema\/person\/1c48c6e4b70d0dc7360e4b28ceaa5f6b","name":"Administra\u00e7\u00e3o IAC","image":{"@type":"ImageObject","inLanguage":"en-US","@id":"https:\/\/secure.gravatar.com\/avatar\/60b998c71de37dcc1398fc6d48c6b5ed7533e3ceec837c948055f072e3158ff1?s=96&d=mm&r=g","url":"https:\/\/secure.gravatar.com\/avatar\/60b998c71de37dcc1398fc6d48c6b5ed7533e3ceec837c948055f072e3158ff1?s=96&d=mm&r=g","contentUrl":"https:\/\/secure.gravatar.com\/avatar\/60b998c71de37dcc1398fc6d48c6b5ed7533e3ceec837c948055f072e3158ff1?s=96&d=mm&r=g","caption":"Administra\u00e7\u00e3o IAC"}}]}},"_links":{"self":[{"href":"https:\/\/iacrianca.pt\/en\/wp-json\/wp\/v2\/posts\/25359","targetHints":{"allow":["GET"]}}],"collection":[{"href":"https:\/\/iacrianca.pt\/en\/wp-json\/wp\/v2\/posts"}],"about":[{"href":"https:\/\/iacrianca.pt\/en\/wp-json\/wp\/v2\/types\/post"}],"author":[{"embeddable":true,"href":"https:\/\/iacrianca.pt\/en\/wp-json\/wp\/v2\/users\/2"}],"replies":[{"embeddable":true,"href":"https:\/\/iacrianca.pt\/en\/wp-json\/wp\/v2\/comments?post=25359"}],"version-history":[{"count":0,"href":"https:\/\/iacrianca.pt\/en\/wp-json\/wp\/v2\/posts\/25359\/revisions"}],"wp:featuredmedia":[{"embeddable":true,"href":"https:\/\/iacrianca.pt\/en\/wp-json\/wp\/v2\/media\/25360"}],"wp:attachment":[{"href":"https:\/\/iacrianca.pt\/en\/wp-json\/wp\/v2\/media?parent=25359"}],"wp:term":[{"taxonomy":"category","embeddable":true,"href":"https:\/\/iacrianca.pt\/en\/wp-json\/wp\/v2\/categories?post=25359"},{"taxonomy":"post_tag","embeddable":true,"href":"https:\/\/iacrianca.pt\/en\/wp-json\/wp\/v2\/tags?post=25359"}],"curies":[{"name":"wp","href":"https:\/\/api.w.org\/{rel}","templated":true}]}}