{"id":25411,"date":"2025-05-06T11:25:24","date_gmt":"2025-05-06T10:25:24","guid":{"rendered":"https:\/\/iacrianca.pt\/?p=25411"},"modified":"2025-05-06T11:25:24","modified_gmt":"2025-05-06T10:25:24","slug":"prevenir-os-maus-tratos-um-dever-coletivo-e-continuo","status":"publish","type":"post","link":"https:\/\/iacrianca.pt\/en\/2025\/05\/prevenir-os-maus-tratos-um-dever-coletivo-e-continuo\/","title":{"rendered":"Prevenir os maus-tratos: um dever coletivo e cont\u00ednuo"},"content":{"rendered":"<p><span data-contrast=\"auto\">A preven\u00e7\u00e3o dos maus-tratos a crian\u00e7as e jovens continua a ser um dos maiores desafios das sociedades modernas, exigindo um compromisso \u00e9tico e estruturado por parte das fam\u00edlias, das institui\u00e7\u00f5es e do poder pol\u00edtico. A psicologia do desenvolvimento h\u00e1 muito que alerta para os efeitos traum\u00e1ticos duradouros da viol\u00eancia infantil \u2013 seja ela f\u00edsica, psicol\u00f3gica, neglig\u00eancia ou abuso sexual \u2013 com implica\u00e7\u00f5es profundas na sa\u00fade mental e na integra\u00e7\u00e3o social futura das v\u00edtimas. A interven\u00e7\u00e3o precoce, aliada a uma cultura de prote\u00e7\u00e3o e promo\u00e7\u00e3o dos direitos da crian\u00e7a, \u00e9 n\u00e3o apenas desej\u00e1vel, mas imperativa.<\/span><span data-ccp-props=\"{&quot;201341983&quot;:0,&quot;335551550&quot;:6,&quot;335551620&quot;:6,&quot;335559731&quot;:709,&quot;335559739&quot;:0,&quot;335559740&quot;:276}\">\u00a0<\/span><\/p>\n<p><span data-contrast=\"auto\">Portugal tem registado progressos significativos na prote\u00e7\u00e3o dos direitos da crian\u00e7a, em particular no plano legislativo e na cria\u00e7\u00e3o de estruturas especializadas para a sinaliza\u00e7\u00e3o e acompanhamento de situa\u00e7\u00f5es de risco, como \u00e9 o caso das Comiss\u00f5es de Prote\u00e7\u00e3o de Crian\u00e7as e Jovens (CPCJ). Paralelamente, t\u00eam vindo a ser promovidas campanhas de sensibiliza\u00e7\u00e3o dirigidas \u00e0 opini\u00e3o p\u00fablica, destacando-se, entre outras, a campanha \u201cNem mais uma palmada\u201d, dinamizada pelo Instituto de Apoio \u00e0 Crian\u00e7a (IAC).<\/span><span data-ccp-props=\"{&quot;201341983&quot;:0,&quot;335551550&quot;:6,&quot;335551620&quot;:6,&quot;335559731&quot;:709,&quot;335559739&quot;:0,&quot;335559740&quot;:276}\">\u00a0<\/span><\/p>\n<p><span data-contrast=\"auto\">Efetivamente, o IAC tem assumido um papel de refer\u00eancia neste percurso, n\u00e3o s\u00f3 atrav\u00e9s da promo\u00e7\u00e3o de campanhas de preven\u00e7\u00e3o, mas tamb\u00e9m pela implementa\u00e7\u00e3o de programas especializados de escuta ativa, apoio psicol\u00f3gico e defesa dos direitos das crian\u00e7as em contextos de vulnerabilidade. N\u00e3o obstante os avan\u00e7os alcan\u00e7ados, persistem lacunas estruturais que exigem aten\u00e7\u00e3o redobrada, nomeadamente ao n\u00edvel da articula\u00e7\u00e3o interinstitucional, da forma\u00e7\u00e3o cont\u00ednua dos profissionais que interv\u00eam nesta \u00e1rea e da consolida\u00e7\u00e3o de pol\u00edticas p\u00fablicas verdadeiramente integradas e centradas na crian\u00e7a.<\/span><span data-ccp-props=\"{&quot;201341983&quot;:0,&quot;335551550&quot;:6,&quot;335551620&quot;:6,&quot;335559731&quot;:709,&quot;335559739&quot;:0,&quot;335559740&quot;:276}\">\u00a0<\/span><\/p>\n<p><span data-contrast=\"auto\">\u00c9 imperativo intensificar o investimento na promo\u00e7\u00e3o da parentalidade positiva, no fortalecimento das redes comunit\u00e1rias e na escuta ativa das crian\u00e7as e jovens. A preven\u00e7\u00e3o dos maus-tratos vai muito al\u00e9m da responsabiliza\u00e7\u00e3o dos agressores \u2013 requer uma sociedade atenta, emp\u00e1tica e plenamente comprometida com a prote\u00e7\u00e3o integral da inf\u00e2ncia. Neste des\u00edgnio que deve ser, por natureza, coletivo e transversal, o IAC, alicer\u00e7ado numa interven\u00e7\u00e3o consistente e continuada ao longo de d\u00e9cadas, renova diariamente, atrav\u00e9s da sua atua\u00e7\u00e3o, o compromisso assumido e reafirma a inten\u00e7\u00e3o de continuar a ser um contributo de refer\u00eancia na promo\u00e7\u00e3o e defesa dos direitos das crian\u00e7as.<\/span><span data-ccp-props=\"{&quot;201341983&quot;:0,&quot;335551550&quot;:6,&quot;335551620&quot;:6,&quot;335559731&quot;:709,&quot;335559739&quot;:0,&quot;335559740&quot;:276}\">\u00a0<\/span><\/p>\n<p>&nbsp;<\/p>\n<p>&nbsp;<\/p>\n","protected":false},"excerpt":{"rendered":"<p>A preven\u00e7\u00e3o dos maus-tratos a crian\u00e7as e jovens continua a ser um dos maiores desafios das sociedades modernas, exigindo um compromisso \u00e9tico e estruturado por parte das fam\u00edlias, das institui\u00e7\u00f5es e do poder pol\u00edtico. A psicologia do desenvolvimento h\u00e1 muito que alerta para os efeitos traum\u00e1ticos duradouros da viol\u00eancia infantil \u2013 seja ela f\u00edsica, psicol\u00f3gica,&hellip;<\/p>\n","protected":false},"author":2,"featured_media":25412,"comment_status":"closed","ping_status":"open","sticky":false,"template":"","format":"standard","meta":{"_acf_changed":false,"footnotes":""},"categories":[63],"tags":[],"class_list":["post-25411","post","type-post","status-publish","format-standard","has-post-thumbnail","hentry","category-newsletter","category-63","description-off"],"acf":[],"yoast_head":"<!-- This site is optimized with the Yoast SEO plugin v27.5 - https:\/\/yoast.com\/product\/yoast-seo-wordpress\/ -->\n<title>Prevenir os maus-tratos: um dever coletivo e cont\u00ednuo | Instituto de Apoio \u00e0 Crian\u00e7a<\/title>\n<meta name=\"robots\" content=\"index, follow, max-snippet:-1, max-image-preview:large, max-video-preview:-1\" \/>\n<link rel=\"canonical\" href=\"https:\/\/iacrianca.pt\/en\/2025\/05\/prevenir-os-maus-tratos-um-dever-coletivo-e-continuo\/\" \/>\n<meta property=\"og:locale\" content=\"en_US\" \/>\n<meta property=\"og:type\" content=\"article\" \/>\n<meta property=\"og:title\" content=\"Prevenir os maus-tratos: um dever coletivo e cont\u00ednuo | Instituto de Apoio \u00e0 Crian\u00e7a\" \/>\n<meta property=\"og:description\" content=\"A preven\u00e7\u00e3o dos maus-tratos a crian\u00e7as e jovens continua a ser um dos maiores desafios das sociedades modernas, exigindo um compromisso \u00e9tico e estruturado por parte das fam\u00edlias, das institui\u00e7\u00f5es e do poder pol\u00edtico. A psicologia do desenvolvimento h\u00e1 muito que alerta para os efeitos traum\u00e1ticos duradouros da viol\u00eancia infantil \u2013 seja ela f\u00edsica, psicol\u00f3gica,&hellip;\" \/>\n<meta property=\"og:url\" content=\"https:\/\/iacrianca.pt\/en\/2025\/05\/prevenir-os-maus-tratos-um-dever-coletivo-e-continuo\/\" \/>\n<meta property=\"og:site_name\" content=\"Instituto de Apoio \u00e0 Crian\u00e7a\" \/>\n<meta property=\"article:publisher\" content=\"https:\/\/www.facebook.com\/iacinstitutodeapoioacrianca\" \/>\n<meta property=\"article:published_time\" content=\"2025-05-06T10:25:24+00:00\" \/>\n<meta property=\"og:image\" content=\"https:\/\/iacrianca.pt\/wp-content\/uploads\/sem-nome-capa-para-facebook-1640-500-px-1-poraqwczazuzajjdh0rk0w6tfiy89l03y41g41yth4.png\" \/>\n\t<meta property=\"og:image:width\" content=\"1500\" \/>\n\t<meta property=\"og:image:height\" content=\"300\" \/>\n\t<meta property=\"og:image:type\" content=\"image\/png\" \/>\n<meta name=\"author\" content=\"Administra\u00e7\u00e3o IAC\" \/>\n<meta name=\"twitter:card\" content=\"summary_large_image\" \/>\n<meta name=\"twitter:creator\" content=\"@iacapoiocrianca\" \/>\n<meta name=\"twitter:site\" content=\"@iacapoiocrianca\" \/>\n<meta name=\"twitter:label1\" content=\"Written by\" \/>\n\t<meta name=\"twitter:data1\" content=\"Administra\u00e7\u00e3o IAC\" \/>\n\t<meta name=\"twitter:label2\" content=\"Est. reading time\" \/>\n\t<meta name=\"twitter:data2\" content=\"3 minutes\" \/>\n<script type=\"application\/ld+json\" class=\"yoast-schema-graph\">{\"@context\":\"https:\\\/\\\/schema.org\",\"@graph\":[{\"@type\":\"Article\",\"@id\":\"https:\\\/\\\/iacrianca.pt\\\/en\\\/2025\\\/05\\\/prevenir-os-maus-tratos-um-dever-coletivo-e-continuo\\\/#article\",\"isPartOf\":{\"@id\":\"https:\\\/\\\/iacrianca.pt\\\/en\\\/2025\\\/05\\\/prevenir-os-maus-tratos-um-dever-coletivo-e-continuo\\\/\"},\"author\":{\"name\":\"Administra\u00e7\u00e3o IAC\",\"@id\":\"https:\\\/\\\/iacrianca.pt\\\/en\\\/#\\\/schema\\\/person\\\/1c48c6e4b70d0dc7360e4b28ceaa5f6b\"},\"headline\":\"Prevenir os maus-tratos: um dever coletivo e cont\u00ednuo\",\"datePublished\":\"2025-05-06T10:25:24+00:00\",\"mainEntityOfPage\":{\"@id\":\"https:\\\/\\\/iacrianca.pt\\\/en\\\/2025\\\/05\\\/prevenir-os-maus-tratos-um-dever-coletivo-e-continuo\\\/\"},\"wordCount\":426,\"publisher\":{\"@id\":\"https:\\\/\\\/iacrianca.pt\\\/en\\\/#organization\"},\"image\":{\"@id\":\"https:\\\/\\\/iacrianca.pt\\\/en\\\/2025\\\/05\\\/prevenir-os-maus-tratos-um-dever-coletivo-e-continuo\\\/#primaryimage\"},\"thumbnailUrl\":\"https:\\\/\\\/iacrianca.pt\\\/wp-content\\\/uploads\\\/sem-nome-capa-para-facebook-1640-500-px-1-poraqwczazuzajjdh0rk0w6tfiy89l03y41g41yth4.png\",\"articleSection\":[\"Newsletter\"],\"inLanguage\":\"en-US\"},{\"@type\":\"WebPage\",\"@id\":\"https:\\\/\\\/iacrianca.pt\\\/en\\\/2025\\\/05\\\/prevenir-os-maus-tratos-um-dever-coletivo-e-continuo\\\/\",\"url\":\"https:\\\/\\\/iacrianca.pt\\\/en\\\/2025\\\/05\\\/prevenir-os-maus-tratos-um-dever-coletivo-e-continuo\\\/\",\"name\":\"Prevenir os maus-tratos: um dever coletivo e cont\u00ednuo | Instituto de Apoio \u00e0 Crian\u00e7a\",\"isPartOf\":{\"@id\":\"https:\\\/\\\/iacrianca.pt\\\/en\\\/#website\"},\"primaryImageOfPage\":{\"@id\":\"https:\\\/\\\/iacrianca.pt\\\/en\\\/2025\\\/05\\\/prevenir-os-maus-tratos-um-dever-coletivo-e-continuo\\\/#primaryimage\"},\"image\":{\"@id\":\"https:\\\/\\\/iacrianca.pt\\\/en\\\/2025\\\/05\\\/prevenir-os-maus-tratos-um-dever-coletivo-e-continuo\\\/#primaryimage\"},\"thumbnailUrl\":\"https:\\\/\\\/iacrianca.pt\\\/wp-content\\\/uploads\\\/sem-nome-capa-para-facebook-1640-500-px-1-poraqwczazuzajjdh0rk0w6tfiy89l03y41g41yth4.png\",\"datePublished\":\"2025-05-06T10:25:24+00:00\",\"breadcrumb\":{\"@id\":\"https:\\\/\\\/iacrianca.pt\\\/en\\\/2025\\\/05\\\/prevenir-os-maus-tratos-um-dever-coletivo-e-continuo\\\/#breadcrumb\"},\"inLanguage\":\"en-US\",\"potentialAction\":[{\"@type\":\"ReadAction\",\"target\":[\"https:\\\/\\\/iacrianca.pt\\\/en\\\/2025\\\/05\\\/prevenir-os-maus-tratos-um-dever-coletivo-e-continuo\\\/\"]}]},{\"@type\":\"ImageObject\",\"inLanguage\":\"en-US\",\"@id\":\"https:\\\/\\\/iacrianca.pt\\\/en\\\/2025\\\/05\\\/prevenir-os-maus-tratos-um-dever-coletivo-e-continuo\\\/#primaryimage\",\"url\":\"https:\\\/\\\/iacrianca.pt\\\/wp-content\\\/uploads\\\/sem-nome-capa-para-facebook-1640-500-px-1-poraqwczazuzajjdh0rk0w6tfiy89l03y41g41yth4.png\",\"contentUrl\":\"https:\\\/\\\/iacrianca.pt\\\/wp-content\\\/uploads\\\/sem-nome-capa-para-facebook-1640-500-px-1-poraqwczazuzajjdh0rk0w6tfiy89l03y41g41yth4.png\",\"width\":1500,\"height\":300},{\"@type\":\"BreadcrumbList\",\"@id\":\"https:\\\/\\\/iacrianca.pt\\\/en\\\/2025\\\/05\\\/prevenir-os-maus-tratos-um-dever-coletivo-e-continuo\\\/#breadcrumb\",\"itemListElement\":[{\"@type\":\"ListItem\",\"position\":1,\"name\":\"In\u00edcio\",\"item\":\"https:\\\/\\\/iacrianca.pt\\\/en\\\/\"},{\"@type\":\"ListItem\",\"position\":2,\"name\":\"Prevenir os maus-tratos: um dever coletivo e cont\u00ednuo\"}]},{\"@type\":\"WebSite\",\"@id\":\"https:\\\/\\\/iacrianca.pt\\\/en\\\/#website\",\"url\":\"https:\\\/\\\/iacrianca.pt\\\/en\\\/\",\"name\":\"Instituto de Apoio \u00e0 Crian\u00e7a\",\"description\":\"Desde 1983 na defesa e promo\u00e7\u00e3o dos direitos da crian\u00e7a\",\"publisher\":{\"@id\":\"https:\\\/\\\/iacrianca.pt\\\/en\\\/#organization\"},\"potentialAction\":[{\"@type\":\"SearchAction\",\"target\":{\"@type\":\"EntryPoint\",\"urlTemplate\":\"https:\\\/\\\/iacrianca.pt\\\/en\\\/?s={search_term_string}\"},\"query-input\":{\"@type\":\"PropertyValueSpecification\",\"valueRequired\":true,\"valueName\":\"search_term_string\"}}],\"inLanguage\":\"en-US\"},{\"@type\":\"Organization\",\"@id\":\"https:\\\/\\\/iacrianca.pt\\\/en\\\/#organization\",\"name\":\"Instituto de Apoio \u00e0 Crian\u00e7a\",\"url\":\"https:\\\/\\\/iacrianca.pt\\\/en\\\/\",\"logo\":{\"@type\":\"ImageObject\",\"inLanguage\":\"en-US\",\"@id\":\"https:\\\/\\\/iacrianca.pt\\\/en\\\/#\\\/schema\\\/logo\\\/image\\\/\",\"url\":\"https:\\\/\\\/iacrianca.pt\\\/wp-content\\\/uploads\\\/2020\\\/04\\\/logo-iac-SD.jpg\",\"contentUrl\":\"https:\\\/\\\/iacrianca.pt\\\/wp-content\\\/uploads\\\/2020\\\/04\\\/logo-iac-SD.jpg\",\"width\":152,\"height\":73,\"caption\":\"Instituto de Apoio \u00e0 Crian\u00e7a\"},\"image\":{\"@id\":\"https:\\\/\\\/iacrianca.pt\\\/en\\\/#\\\/schema\\\/logo\\\/image\\\/\"},\"sameAs\":[\"https:\\\/\\\/www.facebook.com\\\/iacinstitutodeapoioacrianca\",\"https:\\\/\\\/x.com\\\/iacapoiocrianca\",\"https:\\\/\\\/www.youtube.com\\\/channel\\\/UC0jjfZ_xkN_59gJf_RQ-ZnQ\",\"https:\\\/\\\/www.linkedin.com\\\/company\\\/instituto-de-apoio--criana\\\/\",\"https:\\\/\\\/www.instagram.com\\\/iacinstitutodeapoioacrianca\\\/\",\"https:\\\/\\\/criancasatortoeadireitos.wordpress.com\\\/\"]},{\"@type\":\"Person\",\"@id\":\"https:\\\/\\\/iacrianca.pt\\\/en\\\/#\\\/schema\\\/person\\\/1c48c6e4b70d0dc7360e4b28ceaa5f6b\",\"name\":\"Administra\u00e7\u00e3o IAC\",\"image\":{\"@type\":\"ImageObject\",\"inLanguage\":\"en-US\",\"@id\":\"https:\\\/\\\/secure.gravatar.com\\\/avatar\\\/60b998c71de37dcc1398fc6d48c6b5ed7533e3ceec837c948055f072e3158ff1?s=96&d=mm&r=g\",\"url\":\"https:\\\/\\\/secure.gravatar.com\\\/avatar\\\/60b998c71de37dcc1398fc6d48c6b5ed7533e3ceec837c948055f072e3158ff1?s=96&d=mm&r=g\",\"contentUrl\":\"https:\\\/\\\/secure.gravatar.com\\\/avatar\\\/60b998c71de37dcc1398fc6d48c6b5ed7533e3ceec837c948055f072e3158ff1?s=96&d=mm&r=g\",\"caption\":\"Administra\u00e7\u00e3o IAC\"}}]}<\/script>\n<!-- \/ Yoast SEO plugin. -->","yoast_head_json":{"title":"Prevenir os maus-tratos: um dever coletivo e cont\u00ednuo | Instituto de Apoio \u00e0 Crian\u00e7a","robots":{"index":"index","follow":"follow","max-snippet":"max-snippet:-1","max-image-preview":"max-image-preview:large","max-video-preview":"max-video-preview:-1"},"canonical":"https:\/\/iacrianca.pt\/en\/2025\/05\/prevenir-os-maus-tratos-um-dever-coletivo-e-continuo\/","og_locale":"en_US","og_type":"article","og_title":"Prevenir os maus-tratos: um dever coletivo e cont\u00ednuo | Instituto de Apoio \u00e0 Crian\u00e7a","og_description":"A preven\u00e7\u00e3o dos maus-tratos a crian\u00e7as e jovens continua a ser um dos maiores desafios das sociedades modernas, exigindo um compromisso \u00e9tico e estruturado por parte das fam\u00edlias, das institui\u00e7\u00f5es e do poder pol\u00edtico. A psicologia do desenvolvimento h\u00e1 muito que alerta para os efeitos traum\u00e1ticos duradouros da viol\u00eancia infantil \u2013 seja ela f\u00edsica, psicol\u00f3gica,&hellip;","og_url":"https:\/\/iacrianca.pt\/en\/2025\/05\/prevenir-os-maus-tratos-um-dever-coletivo-e-continuo\/","og_site_name":"Instituto de Apoio \u00e0 Crian\u00e7a","article_publisher":"https:\/\/www.facebook.com\/iacinstitutodeapoioacrianca","article_published_time":"2025-05-06T10:25:24+00:00","og_image":[{"width":1500,"height":300,"url":"https:\/\/iacrianca.pt\/wp-content\/uploads\/sem-nome-capa-para-facebook-1640-500-px-1-poraqwczazuzajjdh0rk0w6tfiy89l03y41g41yth4.png","type":"image\/png"}],"author":"Administra\u00e7\u00e3o IAC","twitter_card":"summary_large_image","twitter_creator":"@iacapoiocrianca","twitter_site":"@iacapoiocrianca","twitter_misc":{"Written by":"Administra\u00e7\u00e3o IAC","Est. reading time":"3 minutes"},"schema":{"@context":"https:\/\/schema.org","@graph":[{"@type":"Article","@id":"https:\/\/iacrianca.pt\/en\/2025\/05\/prevenir-os-maus-tratos-um-dever-coletivo-e-continuo\/#article","isPartOf":{"@id":"https:\/\/iacrianca.pt\/en\/2025\/05\/prevenir-os-maus-tratos-um-dever-coletivo-e-continuo\/"},"author":{"name":"Administra\u00e7\u00e3o IAC","@id":"https:\/\/iacrianca.pt\/en\/#\/schema\/person\/1c48c6e4b70d0dc7360e4b28ceaa5f6b"},"headline":"Prevenir os maus-tratos: um dever coletivo e cont\u00ednuo","datePublished":"2025-05-06T10:25:24+00:00","mainEntityOfPage":{"@id":"https:\/\/iacrianca.pt\/en\/2025\/05\/prevenir-os-maus-tratos-um-dever-coletivo-e-continuo\/"},"wordCount":426,"publisher":{"@id":"https:\/\/iacrianca.pt\/en\/#organization"},"image":{"@id":"https:\/\/iacrianca.pt\/en\/2025\/05\/prevenir-os-maus-tratos-um-dever-coletivo-e-continuo\/#primaryimage"},"thumbnailUrl":"https:\/\/iacrianca.pt\/wp-content\/uploads\/sem-nome-capa-para-facebook-1640-500-px-1-poraqwczazuzajjdh0rk0w6tfiy89l03y41g41yth4.png","articleSection":["Newsletter"],"inLanguage":"en-US"},{"@type":"WebPage","@id":"https:\/\/iacrianca.pt\/en\/2025\/05\/prevenir-os-maus-tratos-um-dever-coletivo-e-continuo\/","url":"https:\/\/iacrianca.pt\/en\/2025\/05\/prevenir-os-maus-tratos-um-dever-coletivo-e-continuo\/","name":"Prevenir os maus-tratos: um dever coletivo e cont\u00ednuo | Instituto de Apoio \u00e0 Crian\u00e7a","isPartOf":{"@id":"https:\/\/iacrianca.pt\/en\/#website"},"primaryImageOfPage":{"@id":"https:\/\/iacrianca.pt\/en\/2025\/05\/prevenir-os-maus-tratos-um-dever-coletivo-e-continuo\/#primaryimage"},"image":{"@id":"https:\/\/iacrianca.pt\/en\/2025\/05\/prevenir-os-maus-tratos-um-dever-coletivo-e-continuo\/#primaryimage"},"thumbnailUrl":"https:\/\/iacrianca.pt\/wp-content\/uploads\/sem-nome-capa-para-facebook-1640-500-px-1-poraqwczazuzajjdh0rk0w6tfiy89l03y41g41yth4.png","datePublished":"2025-05-06T10:25:24+00:00","breadcrumb":{"@id":"https:\/\/iacrianca.pt\/en\/2025\/05\/prevenir-os-maus-tratos-um-dever-coletivo-e-continuo\/#breadcrumb"},"inLanguage":"en-US","potentialAction":[{"@type":"ReadAction","target":["https:\/\/iacrianca.pt\/en\/2025\/05\/prevenir-os-maus-tratos-um-dever-coletivo-e-continuo\/"]}]},{"@type":"ImageObject","inLanguage":"en-US","@id":"https:\/\/iacrianca.pt\/en\/2025\/05\/prevenir-os-maus-tratos-um-dever-coletivo-e-continuo\/#primaryimage","url":"https:\/\/iacrianca.pt\/wp-content\/uploads\/sem-nome-capa-para-facebook-1640-500-px-1-poraqwczazuzajjdh0rk0w6tfiy89l03y41g41yth4.png","contentUrl":"https:\/\/iacrianca.pt\/wp-content\/uploads\/sem-nome-capa-para-facebook-1640-500-px-1-poraqwczazuzajjdh0rk0w6tfiy89l03y41g41yth4.png","width":1500,"height":300},{"@type":"BreadcrumbList","@id":"https:\/\/iacrianca.pt\/en\/2025\/05\/prevenir-os-maus-tratos-um-dever-coletivo-e-continuo\/#breadcrumb","itemListElement":[{"@type":"ListItem","position":1,"name":"In\u00edcio","item":"https:\/\/iacrianca.pt\/en\/"},{"@type":"ListItem","position":2,"name":"Prevenir os maus-tratos: um dever coletivo e cont\u00ednuo"}]},{"@type":"WebSite","@id":"https:\/\/iacrianca.pt\/en\/#website","url":"https:\/\/iacrianca.pt\/en\/","name":"Instituto de Apoio \u00e0 Crian\u00e7a","description":"Desde 1983 na defesa e promo\u00e7\u00e3o dos direitos da crian\u00e7a","publisher":{"@id":"https:\/\/iacrianca.pt\/en\/#organization"},"potentialAction":[{"@type":"SearchAction","target":{"@type":"EntryPoint","urlTemplate":"https:\/\/iacrianca.pt\/en\/?s={search_term_string}"},"query-input":{"@type":"PropertyValueSpecification","valueRequired":true,"valueName":"search_term_string"}}],"inLanguage":"en-US"},{"@type":"Organization","@id":"https:\/\/iacrianca.pt\/en\/#organization","name":"Instituto de Apoio \u00e0 Crian\u00e7a","url":"https:\/\/iacrianca.pt\/en\/","logo":{"@type":"ImageObject","inLanguage":"en-US","@id":"https:\/\/iacrianca.pt\/en\/#\/schema\/logo\/image\/","url":"https:\/\/iacrianca.pt\/wp-content\/uploads\/2020\/04\/logo-iac-SD.jpg","contentUrl":"https:\/\/iacrianca.pt\/wp-content\/uploads\/2020\/04\/logo-iac-SD.jpg","width":152,"height":73,"caption":"Instituto de Apoio \u00e0 Crian\u00e7a"},"image":{"@id":"https:\/\/iacrianca.pt\/en\/#\/schema\/logo\/image\/"},"sameAs":["https:\/\/www.facebook.com\/iacinstitutodeapoioacrianca","https:\/\/x.com\/iacapoiocrianca","https:\/\/www.youtube.com\/channel\/UC0jjfZ_xkN_59gJf_RQ-ZnQ","https:\/\/www.linkedin.com\/company\/instituto-de-apoio--criana\/","https:\/\/www.instagram.com\/iacinstitutodeapoioacrianca\/","https:\/\/criancasatortoeadireitos.wordpress.com\/"]},{"@type":"Person","@id":"https:\/\/iacrianca.pt\/en\/#\/schema\/person\/1c48c6e4b70d0dc7360e4b28ceaa5f6b","name":"Administra\u00e7\u00e3o IAC","image":{"@type":"ImageObject","inLanguage":"en-US","@id":"https:\/\/secure.gravatar.com\/avatar\/60b998c71de37dcc1398fc6d48c6b5ed7533e3ceec837c948055f072e3158ff1?s=96&d=mm&r=g","url":"https:\/\/secure.gravatar.com\/avatar\/60b998c71de37dcc1398fc6d48c6b5ed7533e3ceec837c948055f072e3158ff1?s=96&d=mm&r=g","contentUrl":"https:\/\/secure.gravatar.com\/avatar\/60b998c71de37dcc1398fc6d48c6b5ed7533e3ceec837c948055f072e3158ff1?s=96&d=mm&r=g","caption":"Administra\u00e7\u00e3o IAC"}}]}},"_links":{"self":[{"href":"https:\/\/iacrianca.pt\/en\/wp-json\/wp\/v2\/posts\/25411","targetHints":{"allow":["GET"]}}],"collection":[{"href":"https:\/\/iacrianca.pt\/en\/wp-json\/wp\/v2\/posts"}],"about":[{"href":"https:\/\/iacrianca.pt\/en\/wp-json\/wp\/v2\/types\/post"}],"author":[{"embeddable":true,"href":"https:\/\/iacrianca.pt\/en\/wp-json\/wp\/v2\/users\/2"}],"replies":[{"embeddable":true,"href":"https:\/\/iacrianca.pt\/en\/wp-json\/wp\/v2\/comments?post=25411"}],"version-history":[{"count":0,"href":"https:\/\/iacrianca.pt\/en\/wp-json\/wp\/v2\/posts\/25411\/revisions"}],"wp:featuredmedia":[{"embeddable":true,"href":"https:\/\/iacrianca.pt\/en\/wp-json\/wp\/v2\/media\/25412"}],"wp:attachment":[{"href":"https:\/\/iacrianca.pt\/en\/wp-json\/wp\/v2\/media?parent=25411"}],"wp:term":[{"taxonomy":"category","embeddable":true,"href":"https:\/\/iacrianca.pt\/en\/wp-json\/wp\/v2\/categories?post=25411"},{"taxonomy":"post_tag","embeddable":true,"href":"https:\/\/iacrianca.pt\/en\/wp-json\/wp\/v2\/tags?post=25411"}],"curies":[{"name":"wp","href":"https:\/\/api.w.org\/{rel}","templated":true}]}}