{"id":25415,"date":"2025-05-06T11:48:45","date_gmt":"2025-05-06T10:48:45","guid":{"rendered":"https:\/\/iacrianca.pt\/?p=25415"},"modified":"2025-09-03T14:38:26","modified_gmt":"2025-09-03T13:38:26","slug":"caca-aos-ovos-na-e2o-de-santa-clara-e-lumiar","status":"publish","type":"post","link":"https:\/\/iacrianca.pt\/en\/2025\/05\/caca-aos-ovos-na-e2o-de-santa-clara-e-lumiar\/","title":{"rendered":"Ca\u00e7a aos ovos na E2O de Santa Clara e Lumiar"},"content":{"rendered":"<p><span data-contrast=\"auto\">Dia 4 de abril, \u00e0s dez da manh\u00e3, abria o espa\u00e7o escolar de Santa Clara.\u00a0 Os alunos da E20 de Lisboa, ainda de barriga vazia, ansiavam pelos ovos da P\u00e1scoa. Na esta\u00e7\u00e3o de repouso de cada ovo, mem\u00f3rias de aulas passadas, disfar\u00e7adas de perguntas, esperavam-lhes com grande afinidade. \u00c0 correria e com uns pequenos desavessos, a transi\u00e7\u00e3o de uma resposta correta a um chocolate arrancava sorrisos nos cantos da boca.<\/span><span data-ccp-props=\"{&quot;201341983&quot;:0,&quot;335551550&quot;:6,&quot;335551620&quot;:6,&quot;335559740&quot;:360}\">\u00a0<\/span><\/p>\n<p><span data-contrast=\"auto\">De seguida, uma celebra\u00e7\u00e3o \u00e0s f\u00e9rias tomou forma e, assim, a mesa encheu-se de fartura: desde o frango ic\u00f3nico do churrasco \u00e0 salsicha ou toscana de um ou outro dialeto; das batatas fritas ao arroz; e dos sumos \u00e0s sobremesas, estas \u00faltimas foram confecionadas pelas mesmas m\u00e3os que agora as devoravam.<\/span><span data-ccp-props=\"{&quot;201341983&quot;:0,&quot;335551550&quot;:6,&quot;335551620&quot;:6,&quot;335559740&quot;:360}\">\u00a0<\/span><\/p>\n<p><span data-contrast=\"auto\">Num clima de adeus e sauda\u00e7\u00e3o ao repouso da P\u00e1scoa, a festa acabou com uns pingos de chuva, como se o tempo chorasse a aus\u00eancia humana que estaria a chegar por duas semanas.<\/span><span data-ccp-props=\"{&quot;201341983&quot;:0,&quot;335551550&quot;:6,&quot;335551620&quot;:6,&quot;335559740&quot;:360}\">\u00a0<\/span><\/p>\n<p>&nbsp;<\/p>\n<p>Projeto financiado pelo PRR &#8211; Plano de Recupera\u00e7\u00e3o e Resili\u00eancia<\/p>\n<p><a href=\"http:\/\/www.recuperarportugal.gov.pt\">http:\/\/www.recuperarportugal.gov.pt<\/a><\/p>\n<p>#ContruirOFuturo #ConstruirFuturos #Recupera\u00e7\u00e3oEmA\u00e7\u00e3o<\/p>\n<p><span data-contrast=\"auto\">\u00a0<\/span><span data-ccp-props=\"{&quot;201341983&quot;:0,&quot;335551550&quot;:6,&quot;335551620&quot;:6,&quot;335559740&quot;:360}\"> <img fetchpriority=\"high\" decoding=\"async\" class=\"alignnone wp-image-25420 size-full\" src=\"https:\/\/iacrianca.pt\/wp-content\/uploads\/cef-caca-aos-ovos-2.jpg\" alt=\"\" width=\"721\" height=\"1600\" srcset=\"https:\/\/iacrianca.pt\/wp-content\/uploads\/cef-caca-aos-ovos-2.jpg 721w, https:\/\/iacrianca.pt\/wp-content\/uploads\/cef-caca-aos-ovos-2-135x300.jpg 135w, https:\/\/iacrianca.pt\/wp-content\/uploads\/cef-caca-aos-ovos-2-461x1024.jpg 461w, https:\/\/iacrianca.pt\/wp-content\/uploads\/cef-caca-aos-ovos-2-692x1536.jpg 692w\" sizes=\"(max-width: 721px) 100vw, 721px\" \/><\/span><\/p>\n<p>&nbsp;<\/p>\n<p>&nbsp;<\/p>\n","protected":false},"excerpt":{"rendered":"<p>Dia 4 de abril, \u00e0s dez da manh\u00e3, abria o espa\u00e7o escolar de Santa Clara.\u00a0 Os alunos da E20 de Lisboa, ainda de barriga vazia, ansiavam pelos ovos da P\u00e1scoa. Na esta\u00e7\u00e3o de repouso de cada ovo, mem\u00f3rias de aulas passadas, disfar\u00e7adas de perguntas, esperavam-lhes com grande afinidade. \u00c0 correria e com uns pequenos desavessos,&hellip;<\/p>\n","protected":false},"author":2,"featured_media":25416,"comment_status":"closed","ping_status":"open","sticky":false,"template":"","format":"standard","meta":{"_acf_changed":false,"footnotes":""},"categories":[63],"tags":[],"class_list":["post-25415","post","type-post","status-publish","format-standard","has-post-thumbnail","hentry","category-newsletter","category-63","description-off"],"acf":[],"yoast_head":"<!-- This site is optimized with the Yoast SEO plugin v27.5 - https:\/\/yoast.com\/product\/yoast-seo-wordpress\/ -->\n<title>Ca\u00e7a aos ovos na E2O de Santa Clara e Lumiar | Instituto de Apoio \u00e0 Crian\u00e7a<\/title>\n<meta name=\"robots\" content=\"index, follow, max-snippet:-1, max-image-preview:large, max-video-preview:-1\" \/>\n<link rel=\"canonical\" href=\"https:\/\/iacrianca.pt\/en\/2025\/05\/caca-aos-ovos-na-e2o-de-santa-clara-e-lumiar\/\" \/>\n<meta property=\"og:locale\" content=\"en_US\" \/>\n<meta property=\"og:type\" content=\"article\" \/>\n<meta property=\"og:title\" content=\"Ca\u00e7a aos ovos na E2O de Santa Clara e Lumiar | Instituto de Apoio \u00e0 Crian\u00e7a\" \/>\n<meta property=\"og:description\" content=\"Dia 4 de abril, \u00e0s dez da manh\u00e3, abria o espa\u00e7o escolar de Santa Clara.\u00a0 Os alunos da E20 de Lisboa, ainda de barriga vazia, ansiavam pelos ovos da P\u00e1scoa. Na esta\u00e7\u00e3o de repouso de cada ovo, mem\u00f3rias de aulas passadas, disfar\u00e7adas de perguntas, esperavam-lhes com grande afinidade. \u00c0 correria e com uns pequenos desavessos,&hellip;\" \/>\n<meta property=\"og:url\" content=\"https:\/\/iacrianca.pt\/en\/2025\/05\/caca-aos-ovos-na-e2o-de-santa-clara-e-lumiar\/\" \/>\n<meta property=\"og:site_name\" content=\"Instituto de Apoio \u00e0 Crian\u00e7a\" \/>\n<meta property=\"article:publisher\" content=\"https:\/\/www.facebook.com\/iacinstitutodeapoioacrianca\" \/>\n<meta property=\"article:published_time\" content=\"2025-05-06T10:48:45+00:00\" \/>\n<meta property=\"article:modified_time\" content=\"2025-09-03T13:38:26+00:00\" \/>\n<meta property=\"og:image\" content=\"https:\/\/iacrianca.pt\/wp-content\/uploads\/cef-caca-aos-ovos.jpg\" \/>\n\t<meta property=\"og:image:width\" content=\"721\" \/>\n\t<meta property=\"og:image:height\" content=\"1600\" \/>\n\t<meta property=\"og:image:type\" content=\"image\/jpeg\" \/>\n<meta name=\"author\" content=\"Administra\u00e7\u00e3o IAC\" \/>\n<meta name=\"twitter:card\" content=\"summary_large_image\" \/>\n<meta name=\"twitter:creator\" content=\"@iacapoiocrianca\" \/>\n<meta name=\"twitter:site\" content=\"@iacapoiocrianca\" \/>\n<meta name=\"twitter:label1\" content=\"Written by\" \/>\n\t<meta name=\"twitter:data1\" content=\"Administra\u00e7\u00e3o IAC\" \/>\n\t<meta name=\"twitter:label2\" content=\"Est. reading time\" \/>\n\t<meta name=\"twitter:data2\" content=\"2 minutes\" \/>\n<script type=\"application\/ld+json\" class=\"yoast-schema-graph\">{\"@context\":\"https:\\\/\\\/schema.org\",\"@graph\":[{\"@type\":\"Article\",\"@id\":\"https:\\\/\\\/iacrianca.pt\\\/en\\\/2025\\\/05\\\/caca-aos-ovos-na-e2o-de-santa-clara-e-lumiar\\\/#article\",\"isPartOf\":{\"@id\":\"https:\\\/\\\/iacrianca.pt\\\/en\\\/2025\\\/05\\\/caca-aos-ovos-na-e2o-de-santa-clara-e-lumiar\\\/\"},\"author\":{\"name\":\"Administra\u00e7\u00e3o IAC\",\"@id\":\"https:\\\/\\\/iacrianca.pt\\\/en\\\/#\\\/schema\\\/person\\\/1c48c6e4b70d0dc7360e4b28ceaa5f6b\"},\"headline\":\"Ca\u00e7a aos ovos na E2O de Santa Clara e Lumiar\",\"datePublished\":\"2025-05-06T10:48:45+00:00\",\"dateModified\":\"2025-09-03T13:38:26+00:00\",\"mainEntityOfPage\":{\"@id\":\"https:\\\/\\\/iacrianca.pt\\\/en\\\/2025\\\/05\\\/caca-aos-ovos-na-e2o-de-santa-clara-e-lumiar\\\/\"},\"wordCount\":201,\"publisher\":{\"@id\":\"https:\\\/\\\/iacrianca.pt\\\/en\\\/#organization\"},\"image\":{\"@id\":\"https:\\\/\\\/iacrianca.pt\\\/en\\\/2025\\\/05\\\/caca-aos-ovos-na-e2o-de-santa-clara-e-lumiar\\\/#primaryimage\"},\"thumbnailUrl\":\"https:\\\/\\\/iacrianca.pt\\\/wp-content\\\/uploads\\\/cef-caca-aos-ovos.jpg\",\"articleSection\":[\"Newsletter\"],\"inLanguage\":\"en-US\"},{\"@type\":\"WebPage\",\"@id\":\"https:\\\/\\\/iacrianca.pt\\\/en\\\/2025\\\/05\\\/caca-aos-ovos-na-e2o-de-santa-clara-e-lumiar\\\/\",\"url\":\"https:\\\/\\\/iacrianca.pt\\\/en\\\/2025\\\/05\\\/caca-aos-ovos-na-e2o-de-santa-clara-e-lumiar\\\/\",\"name\":\"Ca\u00e7a aos ovos na E2O de Santa Clara e Lumiar | Instituto de Apoio \u00e0 Crian\u00e7a\",\"isPartOf\":{\"@id\":\"https:\\\/\\\/iacrianca.pt\\\/en\\\/#website\"},\"primaryImageOfPage\":{\"@id\":\"https:\\\/\\\/iacrianca.pt\\\/en\\\/2025\\\/05\\\/caca-aos-ovos-na-e2o-de-santa-clara-e-lumiar\\\/#primaryimage\"},\"image\":{\"@id\":\"https:\\\/\\\/iacrianca.pt\\\/en\\\/2025\\\/05\\\/caca-aos-ovos-na-e2o-de-santa-clara-e-lumiar\\\/#primaryimage\"},\"thumbnailUrl\":\"https:\\\/\\\/iacrianca.pt\\\/wp-content\\\/uploads\\\/cef-caca-aos-ovos.jpg\",\"datePublished\":\"2025-05-06T10:48:45+00:00\",\"dateModified\":\"2025-09-03T13:38:26+00:00\",\"breadcrumb\":{\"@id\":\"https:\\\/\\\/iacrianca.pt\\\/en\\\/2025\\\/05\\\/caca-aos-ovos-na-e2o-de-santa-clara-e-lumiar\\\/#breadcrumb\"},\"inLanguage\":\"en-US\",\"potentialAction\":[{\"@type\":\"ReadAction\",\"target\":[\"https:\\\/\\\/iacrianca.pt\\\/en\\\/2025\\\/05\\\/caca-aos-ovos-na-e2o-de-santa-clara-e-lumiar\\\/\"]}]},{\"@type\":\"ImageObject\",\"inLanguage\":\"en-US\",\"@id\":\"https:\\\/\\\/iacrianca.pt\\\/en\\\/2025\\\/05\\\/caca-aos-ovos-na-e2o-de-santa-clara-e-lumiar\\\/#primaryimage\",\"url\":\"https:\\\/\\\/iacrianca.pt\\\/wp-content\\\/uploads\\\/cef-caca-aos-ovos.jpg\",\"contentUrl\":\"https:\\\/\\\/iacrianca.pt\\\/wp-content\\\/uploads\\\/cef-caca-aos-ovos.jpg\",\"width\":721,\"height\":1600},{\"@type\":\"BreadcrumbList\",\"@id\":\"https:\\\/\\\/iacrianca.pt\\\/en\\\/2025\\\/05\\\/caca-aos-ovos-na-e2o-de-santa-clara-e-lumiar\\\/#breadcrumb\",\"itemListElement\":[{\"@type\":\"ListItem\",\"position\":1,\"name\":\"In\u00edcio\",\"item\":\"https:\\\/\\\/iacrianca.pt\\\/en\\\/\"},{\"@type\":\"ListItem\",\"position\":2,\"name\":\"Ca\u00e7a aos ovos na E2O de Santa Clara e Lumiar\"}]},{\"@type\":\"WebSite\",\"@id\":\"https:\\\/\\\/iacrianca.pt\\\/en\\\/#website\",\"url\":\"https:\\\/\\\/iacrianca.pt\\\/en\\\/\",\"name\":\"Instituto de Apoio \u00e0 Crian\u00e7a\",\"description\":\"Desde 1983 na defesa e promo\u00e7\u00e3o dos direitos da crian\u00e7a\",\"publisher\":{\"@id\":\"https:\\\/\\\/iacrianca.pt\\\/en\\\/#organization\"},\"potentialAction\":[{\"@type\":\"SearchAction\",\"target\":{\"@type\":\"EntryPoint\",\"urlTemplate\":\"https:\\\/\\\/iacrianca.pt\\\/en\\\/?s={search_term_string}\"},\"query-input\":{\"@type\":\"PropertyValueSpecification\",\"valueRequired\":true,\"valueName\":\"search_term_string\"}}],\"inLanguage\":\"en-US\"},{\"@type\":\"Organization\",\"@id\":\"https:\\\/\\\/iacrianca.pt\\\/en\\\/#organization\",\"name\":\"Instituto de Apoio \u00e0 Crian\u00e7a\",\"url\":\"https:\\\/\\\/iacrianca.pt\\\/en\\\/\",\"logo\":{\"@type\":\"ImageObject\",\"inLanguage\":\"en-US\",\"@id\":\"https:\\\/\\\/iacrianca.pt\\\/en\\\/#\\\/schema\\\/logo\\\/image\\\/\",\"url\":\"https:\\\/\\\/iacrianca.pt\\\/wp-content\\\/uploads\\\/2020\\\/04\\\/logo-iac-SD.jpg\",\"contentUrl\":\"https:\\\/\\\/iacrianca.pt\\\/wp-content\\\/uploads\\\/2020\\\/04\\\/logo-iac-SD.jpg\",\"width\":152,\"height\":73,\"caption\":\"Instituto de Apoio \u00e0 Crian\u00e7a\"},\"image\":{\"@id\":\"https:\\\/\\\/iacrianca.pt\\\/en\\\/#\\\/schema\\\/logo\\\/image\\\/\"},\"sameAs\":[\"https:\\\/\\\/www.facebook.com\\\/iacinstitutodeapoioacrianca\",\"https:\\\/\\\/x.com\\\/iacapoiocrianca\",\"https:\\\/\\\/www.youtube.com\\\/channel\\\/UC0jjfZ_xkN_59gJf_RQ-ZnQ\",\"https:\\\/\\\/www.linkedin.com\\\/company\\\/instituto-de-apoio--criana\\\/\",\"https:\\\/\\\/www.instagram.com\\\/iacinstitutodeapoioacrianca\\\/\",\"https:\\\/\\\/criancasatortoeadireitos.wordpress.com\\\/\"]},{\"@type\":\"Person\",\"@id\":\"https:\\\/\\\/iacrianca.pt\\\/en\\\/#\\\/schema\\\/person\\\/1c48c6e4b70d0dc7360e4b28ceaa5f6b\",\"name\":\"Administra\u00e7\u00e3o IAC\",\"image\":{\"@type\":\"ImageObject\",\"inLanguage\":\"en-US\",\"@id\":\"https:\\\/\\\/secure.gravatar.com\\\/avatar\\\/60b998c71de37dcc1398fc6d48c6b5ed7533e3ceec837c948055f072e3158ff1?s=96&d=mm&r=g\",\"url\":\"https:\\\/\\\/secure.gravatar.com\\\/avatar\\\/60b998c71de37dcc1398fc6d48c6b5ed7533e3ceec837c948055f072e3158ff1?s=96&d=mm&r=g\",\"contentUrl\":\"https:\\\/\\\/secure.gravatar.com\\\/avatar\\\/60b998c71de37dcc1398fc6d48c6b5ed7533e3ceec837c948055f072e3158ff1?s=96&d=mm&r=g\",\"caption\":\"Administra\u00e7\u00e3o IAC\"}}]}<\/script>\n<!-- \/ Yoast SEO plugin. -->","yoast_head_json":{"title":"Ca\u00e7a aos ovos na E2O de Santa Clara e Lumiar | Instituto de Apoio \u00e0 Crian\u00e7a","robots":{"index":"index","follow":"follow","max-snippet":"max-snippet:-1","max-image-preview":"max-image-preview:large","max-video-preview":"max-video-preview:-1"},"canonical":"https:\/\/iacrianca.pt\/en\/2025\/05\/caca-aos-ovos-na-e2o-de-santa-clara-e-lumiar\/","og_locale":"en_US","og_type":"article","og_title":"Ca\u00e7a aos ovos na E2O de Santa Clara e Lumiar | Instituto de Apoio \u00e0 Crian\u00e7a","og_description":"Dia 4 de abril, \u00e0s dez da manh\u00e3, abria o espa\u00e7o escolar de Santa Clara.\u00a0 Os alunos da E20 de Lisboa, ainda de barriga vazia, ansiavam pelos ovos da P\u00e1scoa. Na esta\u00e7\u00e3o de repouso de cada ovo, mem\u00f3rias de aulas passadas, disfar\u00e7adas de perguntas, esperavam-lhes com grande afinidade. \u00c0 correria e com uns pequenos desavessos,&hellip;","og_url":"https:\/\/iacrianca.pt\/en\/2025\/05\/caca-aos-ovos-na-e2o-de-santa-clara-e-lumiar\/","og_site_name":"Instituto de Apoio \u00e0 Crian\u00e7a","article_publisher":"https:\/\/www.facebook.com\/iacinstitutodeapoioacrianca","article_published_time":"2025-05-06T10:48:45+00:00","article_modified_time":"2025-09-03T13:38:26+00:00","og_image":[{"width":721,"height":1600,"url":"https:\/\/iacrianca.pt\/wp-content\/uploads\/cef-caca-aos-ovos.jpg","type":"image\/jpeg"}],"author":"Administra\u00e7\u00e3o IAC","twitter_card":"summary_large_image","twitter_creator":"@iacapoiocrianca","twitter_site":"@iacapoiocrianca","twitter_misc":{"Written by":"Administra\u00e7\u00e3o IAC","Est. reading time":"2 minutes"},"schema":{"@context":"https:\/\/schema.org","@graph":[{"@type":"Article","@id":"https:\/\/iacrianca.pt\/en\/2025\/05\/caca-aos-ovos-na-e2o-de-santa-clara-e-lumiar\/#article","isPartOf":{"@id":"https:\/\/iacrianca.pt\/en\/2025\/05\/caca-aos-ovos-na-e2o-de-santa-clara-e-lumiar\/"},"author":{"name":"Administra\u00e7\u00e3o IAC","@id":"https:\/\/iacrianca.pt\/en\/#\/schema\/person\/1c48c6e4b70d0dc7360e4b28ceaa5f6b"},"headline":"Ca\u00e7a aos ovos na E2O de Santa Clara e Lumiar","datePublished":"2025-05-06T10:48:45+00:00","dateModified":"2025-09-03T13:38:26+00:00","mainEntityOfPage":{"@id":"https:\/\/iacrianca.pt\/en\/2025\/05\/caca-aos-ovos-na-e2o-de-santa-clara-e-lumiar\/"},"wordCount":201,"publisher":{"@id":"https:\/\/iacrianca.pt\/en\/#organization"},"image":{"@id":"https:\/\/iacrianca.pt\/en\/2025\/05\/caca-aos-ovos-na-e2o-de-santa-clara-e-lumiar\/#primaryimage"},"thumbnailUrl":"https:\/\/iacrianca.pt\/wp-content\/uploads\/cef-caca-aos-ovos.jpg","articleSection":["Newsletter"],"inLanguage":"en-US"},{"@type":"WebPage","@id":"https:\/\/iacrianca.pt\/en\/2025\/05\/caca-aos-ovos-na-e2o-de-santa-clara-e-lumiar\/","url":"https:\/\/iacrianca.pt\/en\/2025\/05\/caca-aos-ovos-na-e2o-de-santa-clara-e-lumiar\/","name":"Ca\u00e7a aos ovos na E2O de Santa Clara e Lumiar | Instituto de Apoio \u00e0 Crian\u00e7a","isPartOf":{"@id":"https:\/\/iacrianca.pt\/en\/#website"},"primaryImageOfPage":{"@id":"https:\/\/iacrianca.pt\/en\/2025\/05\/caca-aos-ovos-na-e2o-de-santa-clara-e-lumiar\/#primaryimage"},"image":{"@id":"https:\/\/iacrianca.pt\/en\/2025\/05\/caca-aos-ovos-na-e2o-de-santa-clara-e-lumiar\/#primaryimage"},"thumbnailUrl":"https:\/\/iacrianca.pt\/wp-content\/uploads\/cef-caca-aos-ovos.jpg","datePublished":"2025-05-06T10:48:45+00:00","dateModified":"2025-09-03T13:38:26+00:00","breadcrumb":{"@id":"https:\/\/iacrianca.pt\/en\/2025\/05\/caca-aos-ovos-na-e2o-de-santa-clara-e-lumiar\/#breadcrumb"},"inLanguage":"en-US","potentialAction":[{"@type":"ReadAction","target":["https:\/\/iacrianca.pt\/en\/2025\/05\/caca-aos-ovos-na-e2o-de-santa-clara-e-lumiar\/"]}]},{"@type":"ImageObject","inLanguage":"en-US","@id":"https:\/\/iacrianca.pt\/en\/2025\/05\/caca-aos-ovos-na-e2o-de-santa-clara-e-lumiar\/#primaryimage","url":"https:\/\/iacrianca.pt\/wp-content\/uploads\/cef-caca-aos-ovos.jpg","contentUrl":"https:\/\/iacrianca.pt\/wp-content\/uploads\/cef-caca-aos-ovos.jpg","width":721,"height":1600},{"@type":"BreadcrumbList","@id":"https:\/\/iacrianca.pt\/en\/2025\/05\/caca-aos-ovos-na-e2o-de-santa-clara-e-lumiar\/#breadcrumb","itemListElement":[{"@type":"ListItem","position":1,"name":"In\u00edcio","item":"https:\/\/iacrianca.pt\/en\/"},{"@type":"ListItem","position":2,"name":"Ca\u00e7a aos ovos na E2O de Santa Clara e Lumiar"}]},{"@type":"WebSite","@id":"https:\/\/iacrianca.pt\/en\/#website","url":"https:\/\/iacrianca.pt\/en\/","name":"Instituto de Apoio \u00e0 Crian\u00e7a","description":"Desde 1983 na defesa e promo\u00e7\u00e3o dos direitos da crian\u00e7a","publisher":{"@id":"https:\/\/iacrianca.pt\/en\/#organization"},"potentialAction":[{"@type":"SearchAction","target":{"@type":"EntryPoint","urlTemplate":"https:\/\/iacrianca.pt\/en\/?s={search_term_string}"},"query-input":{"@type":"PropertyValueSpecification","valueRequired":true,"valueName":"search_term_string"}}],"inLanguage":"en-US"},{"@type":"Organization","@id":"https:\/\/iacrianca.pt\/en\/#organization","name":"Instituto de Apoio \u00e0 Crian\u00e7a","url":"https:\/\/iacrianca.pt\/en\/","logo":{"@type":"ImageObject","inLanguage":"en-US","@id":"https:\/\/iacrianca.pt\/en\/#\/schema\/logo\/image\/","url":"https:\/\/iacrianca.pt\/wp-content\/uploads\/2020\/04\/logo-iac-SD.jpg","contentUrl":"https:\/\/iacrianca.pt\/wp-content\/uploads\/2020\/04\/logo-iac-SD.jpg","width":152,"height":73,"caption":"Instituto de Apoio \u00e0 Crian\u00e7a"},"image":{"@id":"https:\/\/iacrianca.pt\/en\/#\/schema\/logo\/image\/"},"sameAs":["https:\/\/www.facebook.com\/iacinstitutodeapoioacrianca","https:\/\/x.com\/iacapoiocrianca","https:\/\/www.youtube.com\/channel\/UC0jjfZ_xkN_59gJf_RQ-ZnQ","https:\/\/www.linkedin.com\/company\/instituto-de-apoio--criana\/","https:\/\/www.instagram.com\/iacinstitutodeapoioacrianca\/","https:\/\/criancasatortoeadireitos.wordpress.com\/"]},{"@type":"Person","@id":"https:\/\/iacrianca.pt\/en\/#\/schema\/person\/1c48c6e4b70d0dc7360e4b28ceaa5f6b","name":"Administra\u00e7\u00e3o IAC","image":{"@type":"ImageObject","inLanguage":"en-US","@id":"https:\/\/secure.gravatar.com\/avatar\/60b998c71de37dcc1398fc6d48c6b5ed7533e3ceec837c948055f072e3158ff1?s=96&d=mm&r=g","url":"https:\/\/secure.gravatar.com\/avatar\/60b998c71de37dcc1398fc6d48c6b5ed7533e3ceec837c948055f072e3158ff1?s=96&d=mm&r=g","contentUrl":"https:\/\/secure.gravatar.com\/avatar\/60b998c71de37dcc1398fc6d48c6b5ed7533e3ceec837c948055f072e3158ff1?s=96&d=mm&r=g","caption":"Administra\u00e7\u00e3o IAC"}}]}},"_links":{"self":[{"href":"https:\/\/iacrianca.pt\/en\/wp-json\/wp\/v2\/posts\/25415","targetHints":{"allow":["GET"]}}],"collection":[{"href":"https:\/\/iacrianca.pt\/en\/wp-json\/wp\/v2\/posts"}],"about":[{"href":"https:\/\/iacrianca.pt\/en\/wp-json\/wp\/v2\/types\/post"}],"author":[{"embeddable":true,"href":"https:\/\/iacrianca.pt\/en\/wp-json\/wp\/v2\/users\/2"}],"replies":[{"embeddable":true,"href":"https:\/\/iacrianca.pt\/en\/wp-json\/wp\/v2\/comments?post=25415"}],"version-history":[{"count":0,"href":"https:\/\/iacrianca.pt\/en\/wp-json\/wp\/v2\/posts\/25415\/revisions"}],"wp:featuredmedia":[{"embeddable":true,"href":"https:\/\/iacrianca.pt\/en\/wp-json\/wp\/v2\/media\/25416"}],"wp:attachment":[{"href":"https:\/\/iacrianca.pt\/en\/wp-json\/wp\/v2\/media?parent=25415"}],"wp:term":[{"taxonomy":"category","embeddable":true,"href":"https:\/\/iacrianca.pt\/en\/wp-json\/wp\/v2\/categories?post=25415"},{"taxonomy":"post_tag","embeddable":true,"href":"https:\/\/iacrianca.pt\/en\/wp-json\/wp\/v2\/tags?post=25415"}],"curies":[{"name":"wp","href":"https:\/\/api.w.org\/{rel}","templated":true}]}}