{"id":25587,"date":"2025-05-30T12:57:31","date_gmt":"2025-05-30T11:57:31","guid":{"rendered":"https:\/\/iacrianca.pt\/?p=25587"},"modified":"2025-06-06T13:39:33","modified_gmt":"2025-06-06T12:39:33","slug":"projeto-mediacao-escolar-atividade-formativa","status":"publish","type":"post","link":"https:\/\/iacrianca.pt\/en\/2025\/05\/projeto-mediacao-escolar-atividade-formativa\/","title":{"rendered":"Projeto Media\u00e7\u00e3o Escolar \u2013 atividade formativa"},"content":{"rendered":"<div>\n<p>No dia 6 de maio de 2025, o IAC &#8211; Polo de Coimbra fazendo-se representar pelo t\u00e9cnico Jos\u00e9 Coelho, dinamizou tr\u00eas sess\u00f5es de sensibiliza\u00e7\u00e3o, intituladas de \u201cSomos todos diferentes!\u201d, para alunos do 2\u00ba Ciclo do Ensino B\u00e1sico, no Agrupamento de Escolas de Martim de Freitas. Estas sess\u00f5es que contaram com a presen\u00e7a de 72 alunos visam estimular o relacionamento interpessoal e a coopera\u00e7\u00e3o entre alunos, que tiveram a oportunidade de refletir sobre tem\u00e1ticas como a intoler\u00e2ncia, o preconceito e discrimina\u00e7\u00e3o, alertando para a import\u00e2ncia da inclus\u00e3o de todos e do papel ativo e interventivo de cada um para uma sociedade mais s\u00e3 e mais justa.<\/p>\n<p>Os alunos participaram em din\u00e2micas que potenciam a cria\u00e7\u00e3o de la\u00e7os e que permitem o desenvolvimento de um esp\u00edrito mais emp\u00e1tico e altru\u00edsta.<\/p>\n<p>Salienta-se, segundo a opini\u00e3o dos presentes, o cariz din\u00e2mico e pertinente desta a\u00e7\u00e3o de sensibiliza\u00e7\u00e3o.<\/p>\n<p>Ana Vicente dinamizou, no dia 12 de maio, em formato online, uma sess\u00e3o para uma turma do 3\u00ba ciclo do Agrupamento de Escolas da Amareleja. A sess\u00e3o intitulada \u201cVamos construir uma escola melhor!\u201d Consciencializar para a indisciplina e o conflito!\u201d, contou com a participa\u00e7\u00e3o de 22 alunos. Partindo da quest\u00e3o \u201cO que precisamos para uma escola melhor?\u201d, refletiu-se sobre a import\u00e2ncia de desenvolver compet\u00eancias socio emocionais que promovam o Saber Estar e o Saber Ser, fortalecendo, assim, o sentimento de perten\u00e7a \u00e0 escola. Foram abordados temas essenciais como o respeito pelas regras, a import\u00e2ncia de dar o exemplo, a assertividade e a empatia, a valoriza\u00e7\u00e3o da diferen\u00e7a e a responsabilidade individual nas rela\u00e7\u00f5es interpessoais. Sublinhou-se, ainda, que os conflitos fazem parte do quotidiano escolar e devem ser encarados de forma positiva, como oportunidades de crescimento e de aprendizagem. Neste sentido, destacou-se a relev\u00e2ncia de uma comunica\u00e7\u00e3o eficaz e assertiva, bem como do reconhecimento e gest\u00e3o das emo\u00e7\u00f5es. Com esta sess\u00e3o, procurou-se sensibilizar os alunos para o seu papel ativo na constru\u00e7\u00e3o de um ambiente escolar mais harmonioso e inclusivo, onde todos possam aprender e crescer em seguran\u00e7a e respeito m\u00fatuo.<\/p>\n<p>No passado dia 14 de maio, a psic\u00f3loga In\u00eas Vieira, dinamizou uma sess\u00e3o de forma\u00e7\u00e3o presencial sobre &#8220;Como fortalecer a comunica\u00e7\u00e3o com as crian\u00e7as&#8221;, destinada a pais e encarregados de educa\u00e7\u00e3o do Agrupamento de Escolas do Pai\u00e3o. A iniciativa contou com a participa\u00e7\u00e3o de 14 pais e decorreu no \u00e2mbito do trabalho desenvolvido pelos Gabinetes de Apoio ao Aluno e \u00e0 Fam\u00edlia (GAAF). A sess\u00e3o teve como objetivo proporcionar estrat\u00e9gias pr\u00e1ticas e reflexivas para melhorar a comunica\u00e7\u00e3o entre pais e filhos, promovendo rela\u00e7\u00f5es mais pr\u00f3ximas, respeitosas e eficazes. Foram abordados temas essenciais como a escuta ativa, a import\u00e2ncia do di\u00e1logo positivo, a gest\u00e3o de emo\u00e7\u00f5es nas intera\u00e7\u00f5es familiares e o impacto do refor\u00e7o positivo na autoestima das crian\u00e7as. Os participantes tiveram a oportunidade de partilhar experi\u00eancias, esclarecer d\u00favidas e explorar novas abordagens para lidar com os desafios do dia a dia na educa\u00e7\u00e3o dos filhos. A forma\u00e7\u00e3o foi marcada por momentos de envolvimento e intera\u00e7\u00e3o, refor\u00e7ando a import\u00e2ncia do apoio parental para o desenvolvimento saud\u00e1vel das crian\u00e7as.<\/p>\n<p>&nbsp;<\/p>\n<p>No dia 15 de maio, In\u00eas Vieira dinamizou uma sess\u00e3o online para 7 pais do Agrupamento de Escolas da Baixa da Banheira, abordando o tema &#8220;Vamos falar sobre regras\/limites e consequ\u00eancias saud\u00e1veis&#8221;. Durante esta sess\u00e3o, foram discutidas estrat\u00e9gias para estabelecer regras e limites de forma eficaz, destacando a import\u00e2ncia de implementar consequ\u00eancias construtivas e pedag\u00f3gicas ao inv\u00e9s de recorrer a castigos meramente punitivos. A intera\u00e7\u00e3o entre os participantes e a partilha de experi\u00eancias enriqueceram a conversa, proporcionando aos pais ferramentas pr\u00e1ticas para promover um ambiente educativo saud\u00e1vel em casa.<\/p>\n<p>A 26 de maio, foi dinamizada, por In\u00eas Vieira, uma sess\u00e3o online dedicada ao tema &#8220;Brincar e Jogar: na promo\u00e7\u00e3o de rela\u00e7\u00f5es saud\u00e1veis na fam\u00edlia&#8221; voltada para os pais do Agrupamento de Escolas de Santa Cruz da Trapa. Com a participa\u00e7\u00e3o de 7 pais, a sess\u00e3o proporcionou um ambiente para explorar o papel fundamental do brincar no desenvolvimento infantil. Durante a sess\u00e3o, foram discutidos os benef\u00edcios do brincar para o crescimento cognitivo, emocional e social das crian\u00e7as. Os pais foram incentivados a refletir sobre como podem integrar atividades l\u00fadicas no quotidiano dos seus filhos, promovendo um ambiente prop\u00edcio \u00e0 aprendizagem e \u00e0 criatividade.<\/p>\n<p>No passado dia 29 de maio de 2025, a Psic\u00f3loga In\u00eas Vieira, do IAC \u2013 Polo de Coimbra, voltou ao Agrupamento de Escolas do Pai\u00e3o para dinamizar uma sess\u00e3o dedicada ao tema \u201cRegras, limites e consequ\u00eancias saud\u00e1veis\u201d. A sess\u00e3o reuniu um grupo de pais interessados em refletir sobre a import\u00e2ncia de definir limites claros e consistentes no contexto familiar. Foram partilhadas estrat\u00e9gias pr\u00e1ticas para estabelecer regras de forma positiva e eficaz, bem como formas de aplicar consequ\u00eancias que incentivem a aprendizagem e a responsabilidade nas crian\u00e7as e jovens. A din\u00e2mica presencial facilitou um ambiente de partilha e di\u00e1logo entre os participantes, que contribu\u00edram com experi\u00eancias pessoais e colocaram quest\u00f5es pertinentes, enriquecendo a sess\u00e3o. Esta iniciativa integrou-se na miss\u00e3o do IAC em apoiar as fam\u00edlias na constru\u00e7\u00e3o de rela\u00e7\u00f5es parentais mais conscientes e equilibradas.<\/p>\n<p><img fetchpriority=\"high\" decoding=\"async\" class=\"alignnone wp-image-25591 size-full\" src=\"https:\/\/iacrianca.pt\/wp-content\/uploads\/aemf-1.jpg\" alt=\"\" width=\"2000\" height=\"1500\" srcset=\"https:\/\/iacrianca.pt\/wp-content\/uploads\/aemf-1.jpg 2000w, https:\/\/iacrianca.pt\/wp-content\/uploads\/aemf-1-300x225.jpg 300w, https:\/\/iacrianca.pt\/wp-content\/uploads\/aemf-1-1024x768.jpg 1024w, https:\/\/iacrianca.pt\/wp-content\/uploads\/aemf-1-768x576.jpg 768w, https:\/\/iacrianca.pt\/wp-content\/uploads\/aemf-1-1536x1152.jpg 1536w\" sizes=\"(max-width: 2000px) 100vw, 2000px\" \/><\/p>\n<\/div>\n<div><\/div>\n","protected":false},"excerpt":{"rendered":"<p>No dia 6 de maio de 2025, o IAC &#8211; Polo de Coimbra fazendo-se representar pelo t\u00e9cnico Jos\u00e9 Coelho, dinamizou tr\u00eas sess\u00f5es de sensibiliza\u00e7\u00e3o, intituladas de \u201cSomos todos diferentes!\u201d, para alunos do 2\u00ba Ciclo do Ensino B\u00e1sico, no Agrupamento de Escolas de Martim de Freitas. Estas sess\u00f5es que contaram com a presen\u00e7a de 72 alunos&hellip;<\/p>\n","protected":false},"author":2,"featured_media":25593,"comment_status":"closed","ping_status":"open","sticky":false,"template":"","format":"standard","meta":{"_acf_changed":false,"footnotes":""},"categories":[63],"tags":[],"class_list":["post-25587","post","type-post","status-publish","format-standard","has-post-thumbnail","hentry","category-newsletter","category-63","description-off"],"acf":[],"yoast_head":"<!-- This site is optimized with the Yoast SEO plugin v27.5 - https:\/\/yoast.com\/product\/yoast-seo-wordpress\/ -->\n<title>Projeto Media\u00e7\u00e3o Escolar \u2013 atividade formativa | Instituto de Apoio \u00e0 Crian\u00e7a<\/title>\n<meta name=\"robots\" content=\"index, follow, max-snippet:-1, max-image-preview:large, max-video-preview:-1\" \/>\n<link rel=\"canonical\" href=\"https:\/\/iacrianca.pt\/en\/2025\/05\/projeto-mediacao-escolar-atividade-formativa\/\" \/>\n<meta property=\"og:locale\" content=\"en_US\" \/>\n<meta property=\"og:type\" content=\"article\" \/>\n<meta property=\"og:title\" content=\"Projeto Media\u00e7\u00e3o Escolar \u2013 atividade formativa | Instituto de Apoio \u00e0 Crian\u00e7a\" \/>\n<meta property=\"og:description\" content=\"No dia 6 de maio de 2025, o IAC &#8211; Polo de Coimbra fazendo-se representar pelo t\u00e9cnico Jos\u00e9 Coelho, dinamizou tr\u00eas sess\u00f5es de sensibiliza\u00e7\u00e3o, intituladas de \u201cSomos todos diferentes!\u201d, para alunos do 2\u00ba Ciclo do Ensino B\u00e1sico, no Agrupamento de Escolas de Martim de Freitas. Estas sess\u00f5es que contaram com a presen\u00e7a de 72 alunos&hellip;\" \/>\n<meta property=\"og:url\" content=\"https:\/\/iacrianca.pt\/en\/2025\/05\/projeto-mediacao-escolar-atividade-formativa\/\" \/>\n<meta property=\"og:site_name\" content=\"Instituto de Apoio \u00e0 Crian\u00e7a\" \/>\n<meta property=\"article:publisher\" content=\"https:\/\/www.facebook.com\/iacinstitutodeapoioacrianca\" \/>\n<meta property=\"article:published_time\" content=\"2025-05-30T11:57:31+00:00\" \/>\n<meta property=\"article:modified_time\" content=\"2025-06-06T12:39:33+00:00\" \/>\n<meta property=\"og:image\" content=\"https:\/\/iacrianca.pt\/wp-content\/uploads\/aemf-2.jpg\" \/>\n\t<meta property=\"og:image:width\" content=\"2000\" \/>\n\t<meta property=\"og:image:height\" content=\"1500\" \/>\n\t<meta property=\"og:image:type\" content=\"image\/jpeg\" \/>\n<meta name=\"author\" content=\"Administra\u00e7\u00e3o IAC\" \/>\n<meta name=\"twitter:card\" content=\"summary_large_image\" \/>\n<meta name=\"twitter:creator\" content=\"@iacapoiocrianca\" \/>\n<meta name=\"twitter:site\" content=\"@iacapoiocrianca\" \/>\n<meta name=\"twitter:label1\" content=\"Written by\" \/>\n\t<meta name=\"twitter:data1\" content=\"Administra\u00e7\u00e3o IAC\" \/>\n\t<meta name=\"twitter:label2\" content=\"Est. reading time\" \/>\n\t<meta name=\"twitter:data2\" content=\"5 minutes\" \/>\n<script type=\"application\/ld+json\" class=\"yoast-schema-graph\">{\"@context\":\"https:\\\/\\\/schema.org\",\"@graph\":[{\"@type\":\"Article\",\"@id\":\"https:\\\/\\\/iacrianca.pt\\\/en\\\/2025\\\/05\\\/projeto-mediacao-escolar-atividade-formativa\\\/#article\",\"isPartOf\":{\"@id\":\"https:\\\/\\\/iacrianca.pt\\\/en\\\/2025\\\/05\\\/projeto-mediacao-escolar-atividade-formativa\\\/\"},\"author\":{\"name\":\"Administra\u00e7\u00e3o IAC\",\"@id\":\"https:\\\/\\\/iacrianca.pt\\\/en\\\/#\\\/schema\\\/person\\\/1c48c6e4b70d0dc7360e4b28ceaa5f6b\"},\"headline\":\"Projeto Media\u00e7\u00e3o Escolar \u2013 atividade formativa\",\"datePublished\":\"2025-05-30T11:57:31+00:00\",\"dateModified\":\"2025-06-06T12:39:33+00:00\",\"mainEntityOfPage\":{\"@id\":\"https:\\\/\\\/iacrianca.pt\\\/en\\\/2025\\\/05\\\/projeto-mediacao-escolar-atividade-formativa\\\/\"},\"wordCount\":936,\"publisher\":{\"@id\":\"https:\\\/\\\/iacrianca.pt\\\/en\\\/#organization\"},\"image\":{\"@id\":\"https:\\\/\\\/iacrianca.pt\\\/en\\\/2025\\\/05\\\/projeto-mediacao-escolar-atividade-formativa\\\/#primaryimage\"},\"thumbnailUrl\":\"https:\\\/\\\/iacrianca.pt\\\/wp-content\\\/uploads\\\/aemf-2.jpg\",\"articleSection\":[\"Newsletter\"],\"inLanguage\":\"en-US\"},{\"@type\":\"WebPage\",\"@id\":\"https:\\\/\\\/iacrianca.pt\\\/en\\\/2025\\\/05\\\/projeto-mediacao-escolar-atividade-formativa\\\/\",\"url\":\"https:\\\/\\\/iacrianca.pt\\\/en\\\/2025\\\/05\\\/projeto-mediacao-escolar-atividade-formativa\\\/\",\"name\":\"Projeto Media\u00e7\u00e3o Escolar \u2013 atividade formativa | Instituto de Apoio \u00e0 Crian\u00e7a\",\"isPartOf\":{\"@id\":\"https:\\\/\\\/iacrianca.pt\\\/en\\\/#website\"},\"primaryImageOfPage\":{\"@id\":\"https:\\\/\\\/iacrianca.pt\\\/en\\\/2025\\\/05\\\/projeto-mediacao-escolar-atividade-formativa\\\/#primaryimage\"},\"image\":{\"@id\":\"https:\\\/\\\/iacrianca.pt\\\/en\\\/2025\\\/05\\\/projeto-mediacao-escolar-atividade-formativa\\\/#primaryimage\"},\"thumbnailUrl\":\"https:\\\/\\\/iacrianca.pt\\\/wp-content\\\/uploads\\\/aemf-2.jpg\",\"datePublished\":\"2025-05-30T11:57:31+00:00\",\"dateModified\":\"2025-06-06T12:39:33+00:00\",\"breadcrumb\":{\"@id\":\"https:\\\/\\\/iacrianca.pt\\\/en\\\/2025\\\/05\\\/projeto-mediacao-escolar-atividade-formativa\\\/#breadcrumb\"},\"inLanguage\":\"en-US\",\"potentialAction\":[{\"@type\":\"ReadAction\",\"target\":[\"https:\\\/\\\/iacrianca.pt\\\/en\\\/2025\\\/05\\\/projeto-mediacao-escolar-atividade-formativa\\\/\"]}]},{\"@type\":\"ImageObject\",\"inLanguage\":\"en-US\",\"@id\":\"https:\\\/\\\/iacrianca.pt\\\/en\\\/2025\\\/05\\\/projeto-mediacao-escolar-atividade-formativa\\\/#primaryimage\",\"url\":\"https:\\\/\\\/iacrianca.pt\\\/wp-content\\\/uploads\\\/aemf-2.jpg\",\"contentUrl\":\"https:\\\/\\\/iacrianca.pt\\\/wp-content\\\/uploads\\\/aemf-2.jpg\",\"width\":2000,\"height\":1500},{\"@type\":\"BreadcrumbList\",\"@id\":\"https:\\\/\\\/iacrianca.pt\\\/en\\\/2025\\\/05\\\/projeto-mediacao-escolar-atividade-formativa\\\/#breadcrumb\",\"itemListElement\":[{\"@type\":\"ListItem\",\"position\":1,\"name\":\"In\u00edcio\",\"item\":\"https:\\\/\\\/iacrianca.pt\\\/en\\\/\"},{\"@type\":\"ListItem\",\"position\":2,\"name\":\"Projeto Media\u00e7\u00e3o Escolar \u2013 atividade formativa\"}]},{\"@type\":\"WebSite\",\"@id\":\"https:\\\/\\\/iacrianca.pt\\\/en\\\/#website\",\"url\":\"https:\\\/\\\/iacrianca.pt\\\/en\\\/\",\"name\":\"Instituto de Apoio \u00e0 Crian\u00e7a\",\"description\":\"Desde 1983 na defesa e promo\u00e7\u00e3o dos direitos da crian\u00e7a\",\"publisher\":{\"@id\":\"https:\\\/\\\/iacrianca.pt\\\/en\\\/#organization\"},\"potentialAction\":[{\"@type\":\"SearchAction\",\"target\":{\"@type\":\"EntryPoint\",\"urlTemplate\":\"https:\\\/\\\/iacrianca.pt\\\/en\\\/?s={search_term_string}\"},\"query-input\":{\"@type\":\"PropertyValueSpecification\",\"valueRequired\":true,\"valueName\":\"search_term_string\"}}],\"inLanguage\":\"en-US\"},{\"@type\":\"Organization\",\"@id\":\"https:\\\/\\\/iacrianca.pt\\\/en\\\/#organization\",\"name\":\"Instituto de Apoio \u00e0 Crian\u00e7a\",\"url\":\"https:\\\/\\\/iacrianca.pt\\\/en\\\/\",\"logo\":{\"@type\":\"ImageObject\",\"inLanguage\":\"en-US\",\"@id\":\"https:\\\/\\\/iacrianca.pt\\\/en\\\/#\\\/schema\\\/logo\\\/image\\\/\",\"url\":\"https:\\\/\\\/iacrianca.pt\\\/wp-content\\\/uploads\\\/2020\\\/04\\\/logo-iac-SD.jpg\",\"contentUrl\":\"https:\\\/\\\/iacrianca.pt\\\/wp-content\\\/uploads\\\/2020\\\/04\\\/logo-iac-SD.jpg\",\"width\":152,\"height\":73,\"caption\":\"Instituto de Apoio \u00e0 Crian\u00e7a\"},\"image\":{\"@id\":\"https:\\\/\\\/iacrianca.pt\\\/en\\\/#\\\/schema\\\/logo\\\/image\\\/\"},\"sameAs\":[\"https:\\\/\\\/www.facebook.com\\\/iacinstitutodeapoioacrianca\",\"https:\\\/\\\/x.com\\\/iacapoiocrianca\",\"https:\\\/\\\/www.youtube.com\\\/channel\\\/UC0jjfZ_xkN_59gJf_RQ-ZnQ\",\"https:\\\/\\\/www.linkedin.com\\\/company\\\/instituto-de-apoio--criana\\\/\",\"https:\\\/\\\/www.instagram.com\\\/iacinstitutodeapoioacrianca\\\/\",\"https:\\\/\\\/criancasatortoeadireitos.wordpress.com\\\/\"]},{\"@type\":\"Person\",\"@id\":\"https:\\\/\\\/iacrianca.pt\\\/en\\\/#\\\/schema\\\/person\\\/1c48c6e4b70d0dc7360e4b28ceaa5f6b\",\"name\":\"Administra\u00e7\u00e3o IAC\",\"image\":{\"@type\":\"ImageObject\",\"inLanguage\":\"en-US\",\"@id\":\"https:\\\/\\\/secure.gravatar.com\\\/avatar\\\/60b998c71de37dcc1398fc6d48c6b5ed7533e3ceec837c948055f072e3158ff1?s=96&d=mm&r=g\",\"url\":\"https:\\\/\\\/secure.gravatar.com\\\/avatar\\\/60b998c71de37dcc1398fc6d48c6b5ed7533e3ceec837c948055f072e3158ff1?s=96&d=mm&r=g\",\"contentUrl\":\"https:\\\/\\\/secure.gravatar.com\\\/avatar\\\/60b998c71de37dcc1398fc6d48c6b5ed7533e3ceec837c948055f072e3158ff1?s=96&d=mm&r=g\",\"caption\":\"Administra\u00e7\u00e3o IAC\"}}]}<\/script>\n<!-- \/ Yoast SEO plugin. -->","yoast_head_json":{"title":"Projeto Media\u00e7\u00e3o Escolar \u2013 atividade formativa | Instituto de Apoio \u00e0 Crian\u00e7a","robots":{"index":"index","follow":"follow","max-snippet":"max-snippet:-1","max-image-preview":"max-image-preview:large","max-video-preview":"max-video-preview:-1"},"canonical":"https:\/\/iacrianca.pt\/en\/2025\/05\/projeto-mediacao-escolar-atividade-formativa\/","og_locale":"en_US","og_type":"article","og_title":"Projeto Media\u00e7\u00e3o Escolar \u2013 atividade formativa | Instituto de Apoio \u00e0 Crian\u00e7a","og_description":"No dia 6 de maio de 2025, o IAC &#8211; Polo de Coimbra fazendo-se representar pelo t\u00e9cnico Jos\u00e9 Coelho, dinamizou tr\u00eas sess\u00f5es de sensibiliza\u00e7\u00e3o, intituladas de \u201cSomos todos diferentes!\u201d, para alunos do 2\u00ba Ciclo do Ensino B\u00e1sico, no Agrupamento de Escolas de Martim de Freitas. Estas sess\u00f5es que contaram com a presen\u00e7a de 72 alunos&hellip;","og_url":"https:\/\/iacrianca.pt\/en\/2025\/05\/projeto-mediacao-escolar-atividade-formativa\/","og_site_name":"Instituto de Apoio \u00e0 Crian\u00e7a","article_publisher":"https:\/\/www.facebook.com\/iacinstitutodeapoioacrianca","article_published_time":"2025-05-30T11:57:31+00:00","article_modified_time":"2025-06-06T12:39:33+00:00","og_image":[{"width":2000,"height":1500,"url":"https:\/\/iacrianca.pt\/wp-content\/uploads\/aemf-2.jpg","type":"image\/jpeg"}],"author":"Administra\u00e7\u00e3o IAC","twitter_card":"summary_large_image","twitter_creator":"@iacapoiocrianca","twitter_site":"@iacapoiocrianca","twitter_misc":{"Written by":"Administra\u00e7\u00e3o IAC","Est. reading time":"5 minutes"},"schema":{"@context":"https:\/\/schema.org","@graph":[{"@type":"Article","@id":"https:\/\/iacrianca.pt\/en\/2025\/05\/projeto-mediacao-escolar-atividade-formativa\/#article","isPartOf":{"@id":"https:\/\/iacrianca.pt\/en\/2025\/05\/projeto-mediacao-escolar-atividade-formativa\/"},"author":{"name":"Administra\u00e7\u00e3o IAC","@id":"https:\/\/iacrianca.pt\/en\/#\/schema\/person\/1c48c6e4b70d0dc7360e4b28ceaa5f6b"},"headline":"Projeto Media\u00e7\u00e3o Escolar \u2013 atividade formativa","datePublished":"2025-05-30T11:57:31+00:00","dateModified":"2025-06-06T12:39:33+00:00","mainEntityOfPage":{"@id":"https:\/\/iacrianca.pt\/en\/2025\/05\/projeto-mediacao-escolar-atividade-formativa\/"},"wordCount":936,"publisher":{"@id":"https:\/\/iacrianca.pt\/en\/#organization"},"image":{"@id":"https:\/\/iacrianca.pt\/en\/2025\/05\/projeto-mediacao-escolar-atividade-formativa\/#primaryimage"},"thumbnailUrl":"https:\/\/iacrianca.pt\/wp-content\/uploads\/aemf-2.jpg","articleSection":["Newsletter"],"inLanguage":"en-US"},{"@type":"WebPage","@id":"https:\/\/iacrianca.pt\/en\/2025\/05\/projeto-mediacao-escolar-atividade-formativa\/","url":"https:\/\/iacrianca.pt\/en\/2025\/05\/projeto-mediacao-escolar-atividade-formativa\/","name":"Projeto Media\u00e7\u00e3o Escolar \u2013 atividade formativa | Instituto de Apoio \u00e0 Crian\u00e7a","isPartOf":{"@id":"https:\/\/iacrianca.pt\/en\/#website"},"primaryImageOfPage":{"@id":"https:\/\/iacrianca.pt\/en\/2025\/05\/projeto-mediacao-escolar-atividade-formativa\/#primaryimage"},"image":{"@id":"https:\/\/iacrianca.pt\/en\/2025\/05\/projeto-mediacao-escolar-atividade-formativa\/#primaryimage"},"thumbnailUrl":"https:\/\/iacrianca.pt\/wp-content\/uploads\/aemf-2.jpg","datePublished":"2025-05-30T11:57:31+00:00","dateModified":"2025-06-06T12:39:33+00:00","breadcrumb":{"@id":"https:\/\/iacrianca.pt\/en\/2025\/05\/projeto-mediacao-escolar-atividade-formativa\/#breadcrumb"},"inLanguage":"en-US","potentialAction":[{"@type":"ReadAction","target":["https:\/\/iacrianca.pt\/en\/2025\/05\/projeto-mediacao-escolar-atividade-formativa\/"]}]},{"@type":"ImageObject","inLanguage":"en-US","@id":"https:\/\/iacrianca.pt\/en\/2025\/05\/projeto-mediacao-escolar-atividade-formativa\/#primaryimage","url":"https:\/\/iacrianca.pt\/wp-content\/uploads\/aemf-2.jpg","contentUrl":"https:\/\/iacrianca.pt\/wp-content\/uploads\/aemf-2.jpg","width":2000,"height":1500},{"@type":"BreadcrumbList","@id":"https:\/\/iacrianca.pt\/en\/2025\/05\/projeto-mediacao-escolar-atividade-formativa\/#breadcrumb","itemListElement":[{"@type":"ListItem","position":1,"name":"In\u00edcio","item":"https:\/\/iacrianca.pt\/en\/"},{"@type":"ListItem","position":2,"name":"Projeto Media\u00e7\u00e3o Escolar \u2013 atividade formativa"}]},{"@type":"WebSite","@id":"https:\/\/iacrianca.pt\/en\/#website","url":"https:\/\/iacrianca.pt\/en\/","name":"Instituto de Apoio \u00e0 Crian\u00e7a","description":"Desde 1983 na defesa e promo\u00e7\u00e3o dos direitos da crian\u00e7a","publisher":{"@id":"https:\/\/iacrianca.pt\/en\/#organization"},"potentialAction":[{"@type":"SearchAction","target":{"@type":"EntryPoint","urlTemplate":"https:\/\/iacrianca.pt\/en\/?s={search_term_string}"},"query-input":{"@type":"PropertyValueSpecification","valueRequired":true,"valueName":"search_term_string"}}],"inLanguage":"en-US"},{"@type":"Organization","@id":"https:\/\/iacrianca.pt\/en\/#organization","name":"Instituto de Apoio \u00e0 Crian\u00e7a","url":"https:\/\/iacrianca.pt\/en\/","logo":{"@type":"ImageObject","inLanguage":"en-US","@id":"https:\/\/iacrianca.pt\/en\/#\/schema\/logo\/image\/","url":"https:\/\/iacrianca.pt\/wp-content\/uploads\/2020\/04\/logo-iac-SD.jpg","contentUrl":"https:\/\/iacrianca.pt\/wp-content\/uploads\/2020\/04\/logo-iac-SD.jpg","width":152,"height":73,"caption":"Instituto de Apoio \u00e0 Crian\u00e7a"},"image":{"@id":"https:\/\/iacrianca.pt\/en\/#\/schema\/logo\/image\/"},"sameAs":["https:\/\/www.facebook.com\/iacinstitutodeapoioacrianca","https:\/\/x.com\/iacapoiocrianca","https:\/\/www.youtube.com\/channel\/UC0jjfZ_xkN_59gJf_RQ-ZnQ","https:\/\/www.linkedin.com\/company\/instituto-de-apoio--criana\/","https:\/\/www.instagram.com\/iacinstitutodeapoioacrianca\/","https:\/\/criancasatortoeadireitos.wordpress.com\/"]},{"@type":"Person","@id":"https:\/\/iacrianca.pt\/en\/#\/schema\/person\/1c48c6e4b70d0dc7360e4b28ceaa5f6b","name":"Administra\u00e7\u00e3o IAC","image":{"@type":"ImageObject","inLanguage":"en-US","@id":"https:\/\/secure.gravatar.com\/avatar\/60b998c71de37dcc1398fc6d48c6b5ed7533e3ceec837c948055f072e3158ff1?s=96&d=mm&r=g","url":"https:\/\/secure.gravatar.com\/avatar\/60b998c71de37dcc1398fc6d48c6b5ed7533e3ceec837c948055f072e3158ff1?s=96&d=mm&r=g","contentUrl":"https:\/\/secure.gravatar.com\/avatar\/60b998c71de37dcc1398fc6d48c6b5ed7533e3ceec837c948055f072e3158ff1?s=96&d=mm&r=g","caption":"Administra\u00e7\u00e3o IAC"}}]}},"_links":{"self":[{"href":"https:\/\/iacrianca.pt\/en\/wp-json\/wp\/v2\/posts\/25587","targetHints":{"allow":["GET"]}}],"collection":[{"href":"https:\/\/iacrianca.pt\/en\/wp-json\/wp\/v2\/posts"}],"about":[{"href":"https:\/\/iacrianca.pt\/en\/wp-json\/wp\/v2\/types\/post"}],"author":[{"embeddable":true,"href":"https:\/\/iacrianca.pt\/en\/wp-json\/wp\/v2\/users\/2"}],"replies":[{"embeddable":true,"href":"https:\/\/iacrianca.pt\/en\/wp-json\/wp\/v2\/comments?post=25587"}],"version-history":[{"count":0,"href":"https:\/\/iacrianca.pt\/en\/wp-json\/wp\/v2\/posts\/25587\/revisions"}],"wp:featuredmedia":[{"embeddable":true,"href":"https:\/\/iacrianca.pt\/en\/wp-json\/wp\/v2\/media\/25593"}],"wp:attachment":[{"href":"https:\/\/iacrianca.pt\/en\/wp-json\/wp\/v2\/media?parent=25587"}],"wp:term":[{"taxonomy":"category","embeddable":true,"href":"https:\/\/iacrianca.pt\/en\/wp-json\/wp\/v2\/categories?post=25587"},{"taxonomy":"post_tag","embeddable":true,"href":"https:\/\/iacrianca.pt\/en\/wp-json\/wp\/v2\/tags?post=25587"}],"curies":[{"name":"wp","href":"https:\/\/api.w.org\/{rel}","templated":true}]}}