{"id":25612,"date":"2025-05-30T13:15:50","date_gmt":"2025-05-30T12:15:50","guid":{"rendered":"https:\/\/iacrianca.pt\/?p=25612"},"modified":"2025-06-06T16:29:00","modified_gmt":"2025-06-06T15:29:00","slug":"brincar-como-antigamente-oficina-do-brinquedo-popular-no-centro-nossa-senhora-da-anunciacao","status":"publish","type":"post","link":"https:\/\/iacrianca.pt\/en\/2025\/05\/brincar-como-antigamente-oficina-do-brinquedo-popular-no-centro-nossa-senhora-da-anunciacao\/","title":{"rendered":"Brincar como antigamente &#8211; Oficina do Brinquedo Popular no Centro Nossa Senhora da Anuncia\u00e7\u00e3o"},"content":{"rendered":"<p>No passado dia 8 de maio de 2025, o IAC \u2013 Polo de Coimbra levou ao Centro Nossa Senhora da Anuncia\u00e7\u00e3o (C\u00e1ritas Diocesana de Coimbra) a Oficina do Brinquedo Popular, dinamizada pelos t\u00e9cnicos In\u00eas Vieira e Pedro Rodrigues. A atividade contou com a participa\u00e7\u00e3o de 70 crian\u00e7as do jardim de inf\u00e2ncia, num ambiente cheio de entusiasmo e curiosidade.<\/p>\n<p>Durante a oficina, as crian\u00e7as tiveram a oportunidade de construir os seus pr\u00f3prios brinquedos, ficando a saber que, antigamente, os brinquedos n\u00e3o eram comprados como atualmente. Naquela \u00e9poca, usavam-se materiais simples do quotidiano \u2014 como paus, rolhas, fios ou tecidos \u2014 para criar momentos de brincadeira, recorrendo apenas \u00e0 imagina\u00e7\u00e3o e criatividade.<\/p>\n<p>A iniciativa proporcionou uma experi\u00eancia l\u00fadica e educativa, aproximando os mais pequenos das tradi\u00e7\u00f5es e saberes populares, enquanto refletiam sobre a import\u00e2ncia de reutilizar, inventar e valorizar a simplicidade no ato de brincar.<\/p>\n<p><img fetchpriority=\"high\" decoding=\"async\" class=\"alignnone wp-image-25613 size-full\" src=\"https:\/\/iacrianca.pt\/wp-content\/uploads\/anunciacao-1.jpg\" alt=\"\" width=\"1536\" height=\"2048\" srcset=\"https:\/\/iacrianca.pt\/wp-content\/uploads\/anunciacao-1.jpg 1536w, https:\/\/iacrianca.pt\/wp-content\/uploads\/anunciacao-1-225x300.jpg 225w, https:\/\/iacrianca.pt\/wp-content\/uploads\/anunciacao-1-768x1024.jpg 768w, https:\/\/iacrianca.pt\/wp-content\/uploads\/anunciacao-1-1152x1536.jpg 1152w\" sizes=\"(max-width: 1536px) 100vw, 1536px\" \/> <img decoding=\"async\" class=\"alignnone wp-image-25615 size-full\" src=\"https:\/\/iacrianca.pt\/wp-content\/uploads\/anunciacao-2.jpg\" alt=\"\" width=\"1536\" height=\"2040\" srcset=\"https:\/\/iacrianca.pt\/wp-content\/uploads\/anunciacao-2.jpg 1536w, https:\/\/iacrianca.pt\/wp-content\/uploads\/anunciacao-2-226x300.jpg 226w, https:\/\/iacrianca.pt\/wp-content\/uploads\/anunciacao-2-771x1024.jpg 771w, https:\/\/iacrianca.pt\/wp-content\/uploads\/anunciacao-2-768x1020.jpg 768w, https:\/\/iacrianca.pt\/wp-content\/uploads\/anunciacao-2-1157x1536.jpg 1157w\" sizes=\"(max-width: 1536px) 100vw, 1536px\" \/> <img decoding=\"async\" class=\"alignnone wp-image-25617 size-full\" src=\"https:\/\/iacrianca.pt\/wp-content\/uploads\/anunciacao-3.jpg\" alt=\"\" width=\"1148\" height=\"2040\" srcset=\"https:\/\/iacrianca.pt\/wp-content\/uploads\/anunciacao-3.jpg 1148w, https:\/\/iacrianca.pt\/wp-content\/uploads\/anunciacao-3-169x300.jpg 169w, https:\/\/iacrianca.pt\/wp-content\/uploads\/anunciacao-3-576x1024.jpg 576w, https:\/\/iacrianca.pt\/wp-content\/uploads\/anunciacao-3-768x1365.jpg 768w, https:\/\/iacrianca.pt\/wp-content\/uploads\/anunciacao-3-864x1536.jpg 864w\" sizes=\"(max-width: 1148px) 100vw, 1148px\" \/> <img loading=\"lazy\" decoding=\"async\" class=\"alignnone wp-image-25619 size-full\" src=\"https:\/\/iacrianca.pt\/wp-content\/uploads\/anunciacao-6.jpg\" alt=\"\" width=\"1234\" height=\"2048\" srcset=\"https:\/\/iacrianca.pt\/wp-content\/uploads\/anunciacao-6.jpg 1234w, https:\/\/iacrianca.pt\/wp-content\/uploads\/anunciacao-6-181x300.jpg 181w, https:\/\/iacrianca.pt\/wp-content\/uploads\/anunciacao-6-617x1024.jpg 617w, https:\/\/iacrianca.pt\/wp-content\/uploads\/anunciacao-6-768x1275.jpg 768w, https:\/\/iacrianca.pt\/wp-content\/uploads\/anunciacao-6-926x1536.jpg 926w\" sizes=\"(max-width: 1234px) 100vw, 1234px\" \/> <img loading=\"lazy\" decoding=\"async\" class=\"alignnone wp-image-25621 size-full\" src=\"https:\/\/iacrianca.pt\/wp-content\/uploads\/thumbnail-anunciacao-4.jpg\" alt=\"\" width=\"2048\" height=\"1341\" srcset=\"https:\/\/iacrianca.pt\/wp-content\/uploads\/thumbnail-anunciacao-4.jpg 2048w, https:\/\/iacrianca.pt\/wp-content\/uploads\/thumbnail-anunciacao-4-300x196.jpg 300w, https:\/\/iacrianca.pt\/wp-content\/uploads\/thumbnail-anunciacao-4-1024x671.jpg 1024w, https:\/\/iacrianca.pt\/wp-content\/uploads\/thumbnail-anunciacao-4-768x503.jpg 768w, https:\/\/iacrianca.pt\/wp-content\/uploads\/thumbnail-anunciacao-4-1536x1006.jpg 1536w\" sizes=\"(max-width: 2048px) 100vw, 2048px\" \/><\/p>\n","protected":false},"excerpt":{"rendered":"<p>No passado dia 8 de maio de 2025, o IAC \u2013 Polo de Coimbra levou ao Centro Nossa Senhora da Anuncia\u00e7\u00e3o (C\u00e1ritas Diocesana de Coimbra) a Oficina do Brinquedo Popular, dinamizada pelos t\u00e9cnicos In\u00eas Vieira e Pedro Rodrigues. A atividade contou com a participa\u00e7\u00e3o de 70 crian\u00e7as do jardim de inf\u00e2ncia, num ambiente cheio de&hellip;<\/p>\n","protected":false},"author":2,"featured_media":25794,"comment_status":"closed","ping_status":"open","sticky":false,"template":"","format":"standard","meta":{"_acf_changed":false,"footnotes":""},"categories":[63],"tags":[],"class_list":["post-25612","post","type-post","status-publish","format-standard","has-post-thumbnail","hentry","category-newsletter","category-63","description-off"],"acf":[],"yoast_head":"<!-- This site is optimized with the Yoast SEO plugin v27.5 - https:\/\/yoast.com\/product\/yoast-seo-wordpress\/ -->\n<title>Brincar como antigamente - Oficina do Brinquedo Popular no Centro Nossa Senhora da Anuncia\u00e7\u00e3o | Instituto de Apoio \u00e0 Crian\u00e7a<\/title>\n<meta name=\"robots\" content=\"index, follow, max-snippet:-1, max-image-preview:large, max-video-preview:-1\" \/>\n<link rel=\"canonical\" href=\"https:\/\/iacrianca.pt\/en\/2025\/05\/brincar-como-antigamente-oficina-do-brinquedo-popular-no-centro-nossa-senhora-da-anunciacao\/\" \/>\n<meta property=\"og:locale\" content=\"en_US\" \/>\n<meta property=\"og:type\" content=\"article\" \/>\n<meta property=\"og:title\" content=\"Brincar como antigamente - Oficina do Brinquedo Popular no Centro Nossa Senhora da Anuncia\u00e7\u00e3o | Instituto de Apoio \u00e0 Crian\u00e7a\" \/>\n<meta property=\"og:description\" content=\"No passado dia 8 de maio de 2025, o IAC \u2013 Polo de Coimbra levou ao Centro Nossa Senhora da Anuncia\u00e7\u00e3o (C\u00e1ritas Diocesana de Coimbra) a Oficina do Brinquedo Popular, dinamizada pelos t\u00e9cnicos In\u00eas Vieira e Pedro Rodrigues. A atividade contou com a participa\u00e7\u00e3o de 70 crian\u00e7as do jardim de inf\u00e2ncia, num ambiente cheio de&hellip;\" \/>\n<meta property=\"og:url\" content=\"https:\/\/iacrianca.pt\/en\/2025\/05\/brincar-como-antigamente-oficina-do-brinquedo-popular-no-centro-nossa-senhora-da-anunciacao\/\" \/>\n<meta property=\"og:site_name\" content=\"Instituto de Apoio \u00e0 Crian\u00e7a\" \/>\n<meta property=\"article:publisher\" content=\"https:\/\/www.facebook.com\/iacinstitutodeapoioacrianca\" \/>\n<meta property=\"article:published_time\" content=\"2025-05-30T12:15:50+00:00\" \/>\n<meta property=\"article:modified_time\" content=\"2025-06-06T15:29:00+00:00\" \/>\n<meta property=\"og:image\" content=\"https:\/\/iacrianca.pt\/wp-content\/uploads\/anti.jpg\" \/>\n\t<meta property=\"og:image:width\" content=\"2048\" \/>\n\t<meta property=\"og:image:height\" content=\"1388\" \/>\n\t<meta property=\"og:image:type\" content=\"image\/jpeg\" \/>\n<meta name=\"author\" content=\"Administra\u00e7\u00e3o IAC\" \/>\n<meta name=\"twitter:card\" content=\"summary_large_image\" \/>\n<meta name=\"twitter:creator\" content=\"@iacapoiocrianca\" \/>\n<meta name=\"twitter:site\" content=\"@iacapoiocrianca\" \/>\n<meta name=\"twitter:label1\" content=\"Written by\" \/>\n\t<meta name=\"twitter:data1\" content=\"Administra\u00e7\u00e3o IAC\" \/>\n\t<meta name=\"twitter:label2\" content=\"Est. reading time\" \/>\n\t<meta name=\"twitter:data2\" content=\"2 minutes\" \/>\n<script type=\"application\/ld+json\" class=\"yoast-schema-graph\">{\"@context\":\"https:\\\/\\\/schema.org\",\"@graph\":[{\"@type\":\"Article\",\"@id\":\"https:\\\/\\\/iacrianca.pt\\\/en\\\/2025\\\/05\\\/brincar-como-antigamente-oficina-do-brinquedo-popular-no-centro-nossa-senhora-da-anunciacao\\\/#article\",\"isPartOf\":{\"@id\":\"https:\\\/\\\/iacrianca.pt\\\/en\\\/2025\\\/05\\\/brincar-como-antigamente-oficina-do-brinquedo-popular-no-centro-nossa-senhora-da-anunciacao\\\/\"},\"author\":{\"name\":\"Administra\u00e7\u00e3o IAC\",\"@id\":\"https:\\\/\\\/iacrianca.pt\\\/en\\\/#\\\/schema\\\/person\\\/1c48c6e4b70d0dc7360e4b28ceaa5f6b\"},\"headline\":\"Brincar como antigamente &#8211; Oficina do Brinquedo Popular no Centro Nossa Senhora da Anuncia\u00e7\u00e3o\",\"datePublished\":\"2025-05-30T12:15:50+00:00\",\"dateModified\":\"2025-06-06T15:29:00+00:00\",\"mainEntityOfPage\":{\"@id\":\"https:\\\/\\\/iacrianca.pt\\\/en\\\/2025\\\/05\\\/brincar-como-antigamente-oficina-do-brinquedo-popular-no-centro-nossa-senhora-da-anunciacao\\\/\"},\"wordCount\":166,\"publisher\":{\"@id\":\"https:\\\/\\\/iacrianca.pt\\\/en\\\/#organization\"},\"image\":{\"@id\":\"https:\\\/\\\/iacrianca.pt\\\/en\\\/2025\\\/05\\\/brincar-como-antigamente-oficina-do-brinquedo-popular-no-centro-nossa-senhora-da-anunciacao\\\/#primaryimage\"},\"thumbnailUrl\":\"https:\\\/\\\/iacrianca.pt\\\/wp-content\\\/uploads\\\/anti.jpg\",\"articleSection\":[\"Newsletter\"],\"inLanguage\":\"en-US\"},{\"@type\":\"WebPage\",\"@id\":\"https:\\\/\\\/iacrianca.pt\\\/en\\\/2025\\\/05\\\/brincar-como-antigamente-oficina-do-brinquedo-popular-no-centro-nossa-senhora-da-anunciacao\\\/\",\"url\":\"https:\\\/\\\/iacrianca.pt\\\/en\\\/2025\\\/05\\\/brincar-como-antigamente-oficina-do-brinquedo-popular-no-centro-nossa-senhora-da-anunciacao\\\/\",\"name\":\"Brincar como antigamente - Oficina do Brinquedo Popular no Centro Nossa Senhora da Anuncia\u00e7\u00e3o | Instituto de Apoio \u00e0 Crian\u00e7a\",\"isPartOf\":{\"@id\":\"https:\\\/\\\/iacrianca.pt\\\/en\\\/#website\"},\"primaryImageOfPage\":{\"@id\":\"https:\\\/\\\/iacrianca.pt\\\/en\\\/2025\\\/05\\\/brincar-como-antigamente-oficina-do-brinquedo-popular-no-centro-nossa-senhora-da-anunciacao\\\/#primaryimage\"},\"image\":{\"@id\":\"https:\\\/\\\/iacrianca.pt\\\/en\\\/2025\\\/05\\\/brincar-como-antigamente-oficina-do-brinquedo-popular-no-centro-nossa-senhora-da-anunciacao\\\/#primaryimage\"},\"thumbnailUrl\":\"https:\\\/\\\/iacrianca.pt\\\/wp-content\\\/uploads\\\/anti.jpg\",\"datePublished\":\"2025-05-30T12:15:50+00:00\",\"dateModified\":\"2025-06-06T15:29:00+00:00\",\"breadcrumb\":{\"@id\":\"https:\\\/\\\/iacrianca.pt\\\/en\\\/2025\\\/05\\\/brincar-como-antigamente-oficina-do-brinquedo-popular-no-centro-nossa-senhora-da-anunciacao\\\/#breadcrumb\"},\"inLanguage\":\"en-US\",\"potentialAction\":[{\"@type\":\"ReadAction\",\"target\":[\"https:\\\/\\\/iacrianca.pt\\\/en\\\/2025\\\/05\\\/brincar-como-antigamente-oficina-do-brinquedo-popular-no-centro-nossa-senhora-da-anunciacao\\\/\"]}]},{\"@type\":\"ImageObject\",\"inLanguage\":\"en-US\",\"@id\":\"https:\\\/\\\/iacrianca.pt\\\/en\\\/2025\\\/05\\\/brincar-como-antigamente-oficina-do-brinquedo-popular-no-centro-nossa-senhora-da-anunciacao\\\/#primaryimage\",\"url\":\"https:\\\/\\\/iacrianca.pt\\\/wp-content\\\/uploads\\\/anti.jpg\",\"contentUrl\":\"https:\\\/\\\/iacrianca.pt\\\/wp-content\\\/uploads\\\/anti.jpg\",\"width\":2048,\"height\":1388},{\"@type\":\"BreadcrumbList\",\"@id\":\"https:\\\/\\\/iacrianca.pt\\\/en\\\/2025\\\/05\\\/brincar-como-antigamente-oficina-do-brinquedo-popular-no-centro-nossa-senhora-da-anunciacao\\\/#breadcrumb\",\"itemListElement\":[{\"@type\":\"ListItem\",\"position\":1,\"name\":\"In\u00edcio\",\"item\":\"https:\\\/\\\/iacrianca.pt\\\/en\\\/\"},{\"@type\":\"ListItem\",\"position\":2,\"name\":\"Brincar como antigamente &#8211; Oficina do Brinquedo Popular no Centro Nossa Senhora da Anuncia\u00e7\u00e3o\"}]},{\"@type\":\"WebSite\",\"@id\":\"https:\\\/\\\/iacrianca.pt\\\/en\\\/#website\",\"url\":\"https:\\\/\\\/iacrianca.pt\\\/en\\\/\",\"name\":\"Instituto de Apoio \u00e0 Crian\u00e7a\",\"description\":\"Desde 1983 na defesa e promo\u00e7\u00e3o dos direitos da crian\u00e7a\",\"publisher\":{\"@id\":\"https:\\\/\\\/iacrianca.pt\\\/en\\\/#organization\"},\"potentialAction\":[{\"@type\":\"SearchAction\",\"target\":{\"@type\":\"EntryPoint\",\"urlTemplate\":\"https:\\\/\\\/iacrianca.pt\\\/en\\\/?s={search_term_string}\"},\"query-input\":{\"@type\":\"PropertyValueSpecification\",\"valueRequired\":true,\"valueName\":\"search_term_string\"}}],\"inLanguage\":\"en-US\"},{\"@type\":\"Organization\",\"@id\":\"https:\\\/\\\/iacrianca.pt\\\/en\\\/#organization\",\"name\":\"Instituto de Apoio \u00e0 Crian\u00e7a\",\"url\":\"https:\\\/\\\/iacrianca.pt\\\/en\\\/\",\"logo\":{\"@type\":\"ImageObject\",\"inLanguage\":\"en-US\",\"@id\":\"https:\\\/\\\/iacrianca.pt\\\/en\\\/#\\\/schema\\\/logo\\\/image\\\/\",\"url\":\"https:\\\/\\\/iacrianca.pt\\\/wp-content\\\/uploads\\\/2020\\\/04\\\/logo-iac-SD.jpg\",\"contentUrl\":\"https:\\\/\\\/iacrianca.pt\\\/wp-content\\\/uploads\\\/2020\\\/04\\\/logo-iac-SD.jpg\",\"width\":152,\"height\":73,\"caption\":\"Instituto de Apoio \u00e0 Crian\u00e7a\"},\"image\":{\"@id\":\"https:\\\/\\\/iacrianca.pt\\\/en\\\/#\\\/schema\\\/logo\\\/image\\\/\"},\"sameAs\":[\"https:\\\/\\\/www.facebook.com\\\/iacinstitutodeapoioacrianca\",\"https:\\\/\\\/x.com\\\/iacapoiocrianca\",\"https:\\\/\\\/www.youtube.com\\\/channel\\\/UC0jjfZ_xkN_59gJf_RQ-ZnQ\",\"https:\\\/\\\/www.linkedin.com\\\/company\\\/instituto-de-apoio--criana\\\/\",\"https:\\\/\\\/www.instagram.com\\\/iacinstitutodeapoioacrianca\\\/\",\"https:\\\/\\\/criancasatortoeadireitos.wordpress.com\\\/\"]},{\"@type\":\"Person\",\"@id\":\"https:\\\/\\\/iacrianca.pt\\\/en\\\/#\\\/schema\\\/person\\\/1c48c6e4b70d0dc7360e4b28ceaa5f6b\",\"name\":\"Administra\u00e7\u00e3o IAC\",\"image\":{\"@type\":\"ImageObject\",\"inLanguage\":\"en-US\",\"@id\":\"https:\\\/\\\/secure.gravatar.com\\\/avatar\\\/60b998c71de37dcc1398fc6d48c6b5ed7533e3ceec837c948055f072e3158ff1?s=96&d=mm&r=g\",\"url\":\"https:\\\/\\\/secure.gravatar.com\\\/avatar\\\/60b998c71de37dcc1398fc6d48c6b5ed7533e3ceec837c948055f072e3158ff1?s=96&d=mm&r=g\",\"contentUrl\":\"https:\\\/\\\/secure.gravatar.com\\\/avatar\\\/60b998c71de37dcc1398fc6d48c6b5ed7533e3ceec837c948055f072e3158ff1?s=96&d=mm&r=g\",\"caption\":\"Administra\u00e7\u00e3o IAC\"}}]}<\/script>\n<!-- \/ Yoast SEO plugin. -->","yoast_head_json":{"title":"Brincar como antigamente - Oficina do Brinquedo Popular no Centro Nossa Senhora da Anuncia\u00e7\u00e3o | Instituto de Apoio \u00e0 Crian\u00e7a","robots":{"index":"index","follow":"follow","max-snippet":"max-snippet:-1","max-image-preview":"max-image-preview:large","max-video-preview":"max-video-preview:-1"},"canonical":"https:\/\/iacrianca.pt\/en\/2025\/05\/brincar-como-antigamente-oficina-do-brinquedo-popular-no-centro-nossa-senhora-da-anunciacao\/","og_locale":"en_US","og_type":"article","og_title":"Brincar como antigamente - Oficina do Brinquedo Popular no Centro Nossa Senhora da Anuncia\u00e7\u00e3o | Instituto de Apoio \u00e0 Crian\u00e7a","og_description":"No passado dia 8 de maio de 2025, o IAC \u2013 Polo de Coimbra levou ao Centro Nossa Senhora da Anuncia\u00e7\u00e3o (C\u00e1ritas Diocesana de Coimbra) a Oficina do Brinquedo Popular, dinamizada pelos t\u00e9cnicos In\u00eas Vieira e Pedro Rodrigues. A atividade contou com a participa\u00e7\u00e3o de 70 crian\u00e7as do jardim de inf\u00e2ncia, num ambiente cheio de&hellip;","og_url":"https:\/\/iacrianca.pt\/en\/2025\/05\/brincar-como-antigamente-oficina-do-brinquedo-popular-no-centro-nossa-senhora-da-anunciacao\/","og_site_name":"Instituto de Apoio \u00e0 Crian\u00e7a","article_publisher":"https:\/\/www.facebook.com\/iacinstitutodeapoioacrianca","article_published_time":"2025-05-30T12:15:50+00:00","article_modified_time":"2025-06-06T15:29:00+00:00","og_image":[{"width":2048,"height":1388,"url":"https:\/\/iacrianca.pt\/wp-content\/uploads\/anti.jpg","type":"image\/jpeg"}],"author":"Administra\u00e7\u00e3o IAC","twitter_card":"summary_large_image","twitter_creator":"@iacapoiocrianca","twitter_site":"@iacapoiocrianca","twitter_misc":{"Written by":"Administra\u00e7\u00e3o IAC","Est. reading time":"2 minutes"},"schema":{"@context":"https:\/\/schema.org","@graph":[{"@type":"Article","@id":"https:\/\/iacrianca.pt\/en\/2025\/05\/brincar-como-antigamente-oficina-do-brinquedo-popular-no-centro-nossa-senhora-da-anunciacao\/#article","isPartOf":{"@id":"https:\/\/iacrianca.pt\/en\/2025\/05\/brincar-como-antigamente-oficina-do-brinquedo-popular-no-centro-nossa-senhora-da-anunciacao\/"},"author":{"name":"Administra\u00e7\u00e3o IAC","@id":"https:\/\/iacrianca.pt\/en\/#\/schema\/person\/1c48c6e4b70d0dc7360e4b28ceaa5f6b"},"headline":"Brincar como antigamente &#8211; Oficina do Brinquedo Popular no Centro Nossa Senhora da Anuncia\u00e7\u00e3o","datePublished":"2025-05-30T12:15:50+00:00","dateModified":"2025-06-06T15:29:00+00:00","mainEntityOfPage":{"@id":"https:\/\/iacrianca.pt\/en\/2025\/05\/brincar-como-antigamente-oficina-do-brinquedo-popular-no-centro-nossa-senhora-da-anunciacao\/"},"wordCount":166,"publisher":{"@id":"https:\/\/iacrianca.pt\/en\/#organization"},"image":{"@id":"https:\/\/iacrianca.pt\/en\/2025\/05\/brincar-como-antigamente-oficina-do-brinquedo-popular-no-centro-nossa-senhora-da-anunciacao\/#primaryimage"},"thumbnailUrl":"https:\/\/iacrianca.pt\/wp-content\/uploads\/anti.jpg","articleSection":["Newsletter"],"inLanguage":"en-US"},{"@type":"WebPage","@id":"https:\/\/iacrianca.pt\/en\/2025\/05\/brincar-como-antigamente-oficina-do-brinquedo-popular-no-centro-nossa-senhora-da-anunciacao\/","url":"https:\/\/iacrianca.pt\/en\/2025\/05\/brincar-como-antigamente-oficina-do-brinquedo-popular-no-centro-nossa-senhora-da-anunciacao\/","name":"Brincar como antigamente - Oficina do Brinquedo Popular no Centro Nossa Senhora da Anuncia\u00e7\u00e3o | Instituto de Apoio \u00e0 Crian\u00e7a","isPartOf":{"@id":"https:\/\/iacrianca.pt\/en\/#website"},"primaryImageOfPage":{"@id":"https:\/\/iacrianca.pt\/en\/2025\/05\/brincar-como-antigamente-oficina-do-brinquedo-popular-no-centro-nossa-senhora-da-anunciacao\/#primaryimage"},"image":{"@id":"https:\/\/iacrianca.pt\/en\/2025\/05\/brincar-como-antigamente-oficina-do-brinquedo-popular-no-centro-nossa-senhora-da-anunciacao\/#primaryimage"},"thumbnailUrl":"https:\/\/iacrianca.pt\/wp-content\/uploads\/anti.jpg","datePublished":"2025-05-30T12:15:50+00:00","dateModified":"2025-06-06T15:29:00+00:00","breadcrumb":{"@id":"https:\/\/iacrianca.pt\/en\/2025\/05\/brincar-como-antigamente-oficina-do-brinquedo-popular-no-centro-nossa-senhora-da-anunciacao\/#breadcrumb"},"inLanguage":"en-US","potentialAction":[{"@type":"ReadAction","target":["https:\/\/iacrianca.pt\/en\/2025\/05\/brincar-como-antigamente-oficina-do-brinquedo-popular-no-centro-nossa-senhora-da-anunciacao\/"]}]},{"@type":"ImageObject","inLanguage":"en-US","@id":"https:\/\/iacrianca.pt\/en\/2025\/05\/brincar-como-antigamente-oficina-do-brinquedo-popular-no-centro-nossa-senhora-da-anunciacao\/#primaryimage","url":"https:\/\/iacrianca.pt\/wp-content\/uploads\/anti.jpg","contentUrl":"https:\/\/iacrianca.pt\/wp-content\/uploads\/anti.jpg","width":2048,"height":1388},{"@type":"BreadcrumbList","@id":"https:\/\/iacrianca.pt\/en\/2025\/05\/brincar-como-antigamente-oficina-do-brinquedo-popular-no-centro-nossa-senhora-da-anunciacao\/#breadcrumb","itemListElement":[{"@type":"ListItem","position":1,"name":"In\u00edcio","item":"https:\/\/iacrianca.pt\/en\/"},{"@type":"ListItem","position":2,"name":"Brincar como antigamente &#8211; Oficina do Brinquedo Popular no Centro Nossa Senhora da Anuncia\u00e7\u00e3o"}]},{"@type":"WebSite","@id":"https:\/\/iacrianca.pt\/en\/#website","url":"https:\/\/iacrianca.pt\/en\/","name":"Instituto de Apoio \u00e0 Crian\u00e7a","description":"Desde 1983 na defesa e promo\u00e7\u00e3o dos direitos da crian\u00e7a","publisher":{"@id":"https:\/\/iacrianca.pt\/en\/#organization"},"potentialAction":[{"@type":"SearchAction","target":{"@type":"EntryPoint","urlTemplate":"https:\/\/iacrianca.pt\/en\/?s={search_term_string}"},"query-input":{"@type":"PropertyValueSpecification","valueRequired":true,"valueName":"search_term_string"}}],"inLanguage":"en-US"},{"@type":"Organization","@id":"https:\/\/iacrianca.pt\/en\/#organization","name":"Instituto de Apoio \u00e0 Crian\u00e7a","url":"https:\/\/iacrianca.pt\/en\/","logo":{"@type":"ImageObject","inLanguage":"en-US","@id":"https:\/\/iacrianca.pt\/en\/#\/schema\/logo\/image\/","url":"https:\/\/iacrianca.pt\/wp-content\/uploads\/2020\/04\/logo-iac-SD.jpg","contentUrl":"https:\/\/iacrianca.pt\/wp-content\/uploads\/2020\/04\/logo-iac-SD.jpg","width":152,"height":73,"caption":"Instituto de Apoio \u00e0 Crian\u00e7a"},"image":{"@id":"https:\/\/iacrianca.pt\/en\/#\/schema\/logo\/image\/"},"sameAs":["https:\/\/www.facebook.com\/iacinstitutodeapoioacrianca","https:\/\/x.com\/iacapoiocrianca","https:\/\/www.youtube.com\/channel\/UC0jjfZ_xkN_59gJf_RQ-ZnQ","https:\/\/www.linkedin.com\/company\/instituto-de-apoio--criana\/","https:\/\/www.instagram.com\/iacinstitutodeapoioacrianca\/","https:\/\/criancasatortoeadireitos.wordpress.com\/"]},{"@type":"Person","@id":"https:\/\/iacrianca.pt\/en\/#\/schema\/person\/1c48c6e4b70d0dc7360e4b28ceaa5f6b","name":"Administra\u00e7\u00e3o IAC","image":{"@type":"ImageObject","inLanguage":"en-US","@id":"https:\/\/secure.gravatar.com\/avatar\/60b998c71de37dcc1398fc6d48c6b5ed7533e3ceec837c948055f072e3158ff1?s=96&d=mm&r=g","url":"https:\/\/secure.gravatar.com\/avatar\/60b998c71de37dcc1398fc6d48c6b5ed7533e3ceec837c948055f072e3158ff1?s=96&d=mm&r=g","contentUrl":"https:\/\/secure.gravatar.com\/avatar\/60b998c71de37dcc1398fc6d48c6b5ed7533e3ceec837c948055f072e3158ff1?s=96&d=mm&r=g","caption":"Administra\u00e7\u00e3o IAC"}}]}},"_links":{"self":[{"href":"https:\/\/iacrianca.pt\/en\/wp-json\/wp\/v2\/posts\/25612","targetHints":{"allow":["GET"]}}],"collection":[{"href":"https:\/\/iacrianca.pt\/en\/wp-json\/wp\/v2\/posts"}],"about":[{"href":"https:\/\/iacrianca.pt\/en\/wp-json\/wp\/v2\/types\/post"}],"author":[{"embeddable":true,"href":"https:\/\/iacrianca.pt\/en\/wp-json\/wp\/v2\/users\/2"}],"replies":[{"embeddable":true,"href":"https:\/\/iacrianca.pt\/en\/wp-json\/wp\/v2\/comments?post=25612"}],"version-history":[{"count":0,"href":"https:\/\/iacrianca.pt\/en\/wp-json\/wp\/v2\/posts\/25612\/revisions"}],"wp:featuredmedia":[{"embeddable":true,"href":"https:\/\/iacrianca.pt\/en\/wp-json\/wp\/v2\/media\/25794"}],"wp:attachment":[{"href":"https:\/\/iacrianca.pt\/en\/wp-json\/wp\/v2\/media?parent=25612"}],"wp:term":[{"taxonomy":"category","embeddable":true,"href":"https:\/\/iacrianca.pt\/en\/wp-json\/wp\/v2\/categories?post=25612"},{"taxonomy":"post_tag","embeddable":true,"href":"https:\/\/iacrianca.pt\/en\/wp-json\/wp\/v2\/tags?post=25612"}],"curies":[{"name":"wp","href":"https:\/\/api.w.org\/{rel}","templated":true}]}}