{"id":25692,"date":"2025-06-05T10:12:54","date_gmt":"2025-06-05T09:12:54","guid":{"rendered":"https:\/\/iacrianca.pt\/?p=25692"},"modified":"2025-06-06T13:37:25","modified_gmt":"2025-06-06T12:37:25","slug":"passeio-com-familias-a-mafra","status":"publish","type":"post","link":"https:\/\/iacrianca.pt\/en\/2025\/06\/passeio-com-familias-a-mafra\/","title":{"rendered":"Passeio com fam\u00edlias a Mafra"},"content":{"rendered":"<p><span data-contrast=\"auto\">O Dia Internacional da Fam\u00edlia celebra-se anualmente a 15 de maio, data proclamada pela Assembleia Geral da ONU, em 1993. <\/span><span data-ccp-props=\"{&quot;335551550&quot;:6,&quot;335551620&quot;:6}\">\u00a0<\/span><\/p>\n<p><span data-contrast=\"auto\">Antecipando a data, mas atribuindo a mesma import\u00e2ncia, o Centro de Apoio Comunit\u00e1rio do Bairro do Condado em Marvila, convidou as suas crian\u00e7as, jovens e fam\u00edlias para um passeio no passado dia 10 de maio.\u00a0<\/span><span data-ccp-props=\"{&quot;335551550&quot;:6,&quot;335551620&quot;:6}\">\u00a0<\/span><\/p>\n<p><span data-contrast=\"auto\">Esta data contribui para refor\u00e7ar a import\u00e2ncia da fam\u00edlia como n\u00facleo essencial da sociedade real\u00e7ando valores como a uni\u00e3o, o respeito, o amor e a compreens\u00e3o. Cada vez mais se torna urgente refletirmos sobre os desafios di\u00e1rios enfrentados pelos diferentes tipos de fam\u00edlia e sobre o papel da mesma na educa\u00e7\u00e3o e desenvolvimento das crian\u00e7as e jovens.<\/span><span data-ccp-props=\"{&quot;335551550&quot;:6,&quot;335551620&quot;:6}\">\u00a0<\/span><\/p>\n<p><span data-contrast=\"auto\">O destino escolhido fica a apenas 45 minutos de Lisboa e trata-se da bela e hist\u00f3rica vila de Mafra, uma zona tranquila e encantadora para passeios em fam\u00edlia e que nos proporciona uma combina\u00e7\u00e3o \u00fanica de hist\u00f3ria, natureza e cultura.\u00a0<\/span><span data-ccp-props=\"{&quot;335551550&quot;:6,&quot;335551620&quot;:6}\">\u00a0<\/span><\/p>\n<p><span data-contrast=\"auto\">Inici\u00e1mos pela Aldeia de Jos\u00e9 Franco, um museu ao ar livre que recria a vida rural portuguesa nas aldeias t\u00edpicas, atrav\u00e9s de miniaturas e representa\u00e7\u00f5es de of\u00edcios tradicionais, tais como a olaria, a tecelagem, a carpintaria, entre outros.\u00a0\u00a0<\/span><span data-ccp-props=\"{&quot;335551550&quot;:6,&quot;335551620&quot;:6}\">\u00a0<\/span><\/p>\n<p><span data-contrast=\"auto\">Constru\u00edda pelo artista Jos\u00e9 Franco, ao longo do s\u00e9culo XX, \u00e9 um convite ao conhecimento das ra\u00edzes portuguesas e da sua rica cultura saloia. As crian\u00e7as puderam ver e \u201cmergulhar\u201d na vida e costumes de outras \u00e9pocas, como por exemplo entrar numa antiga sala de aula, o que de imediato os fez comparar com as salas de aula atuais.\u00a0<\/span><span data-ccp-props=\"{&quot;335551550&quot;:6,&quot;335551620&quot;:6}\">\u00a0<\/span><\/p>\n<p><span data-contrast=\"auto\">Esta aldeia cheia de cantos e recantos, permite-nos desfrutar tamb\u00e9m de alguns parques infantis e espa\u00e7os de lazer, n\u00e3o esquecendo os animais que d\u00e3o um toque especial ao espa\u00e7o e fazem as del\u00edcias dos visitantes. \u00c0 entrada da aldeia, podem adquirir-se sacos preparados com alimenta\u00e7\u00e3o para dar aos animais. As fam\u00edlias adoraram esse momento.<\/span><span data-ccp-props=\"{&quot;335551550&quot;:6,&quot;335551620&quot;:6}\">\u00a0<\/span><\/p>\n<p><span data-contrast=\"auto\">Enquanto explor\u00e1vamos o local, foi imposs\u00edvel ficar indiferente ao cheiro dos tesouros gastron\u00f3micos que ali se fazia sentir (p\u00e3o saloio, p\u00e3o com chouri\u00e7o, queijadas de Mafra, a broa de milho), que tamb\u00e9m podem ser adquiridos ainda quentinhos na padaria da aldeia.<\/span><span data-ccp-props=\"{&quot;335551550&quot;:6,&quot;335551620&quot;:6}\">\u00a0<\/span><\/p>\n<p><span data-contrast=\"auto\">O local escolhido para o pic-nic, foi o Jardim do Cerco, inspirado em Versalhes. Um espa\u00e7o agrad\u00e1vel, repleto de espelhos de \u00e1gua, caminhos largos, \u00e1rvores frondosas e uma nora centen\u00e1ria ainda em funcionamento.<\/span><span data-ccp-props=\"{&quot;335551550&quot;:6,&quot;335551620&quot;:6}\">\u00a0<\/span><\/p>\n<p><span data-contrast=\"auto\">Houve v\u00e1rios momentos para conv\u00edvio, como o jogo de cartas, proporcionou-se um jogo de futebol e as crian\u00e7as brincaram no parque infantil.<\/span><span data-ccp-props=\"{&quot;335551550&quot;:6,&quot;335551620&quot;:6}\">\u00a0<\/span><\/p>\n<p><span data-contrast=\"auto\">Enfim, tent\u00e1mos que este dia fosse de tal modo preenchido, que n\u00e3o houvesse tanto espa\u00e7o para o uso das tecnologias, problema que tamb\u00e9m tem assolado o quotidiano das fam\u00edlias.<\/span><span data-ccp-props=\"{&quot;335551550&quot;:6,&quot;335551620&quot;:6}\">\u00a0<\/span><\/p>\n<p><span data-contrast=\"auto\">Ap\u00f3s o almo\u00e7o, fomos visitar o Pal\u00e1cio Nacional de Mafra ou Convento de Mafra, monumento barroco classificado como Patrim\u00f3nio Mundial da Humanidade pela UNESCO, um dos maiores e mais imponentes pal\u00e1cios de Portugal. Conta com mais de 1200 divis\u00f5es, algumas com obras de restauro em curso e uma biblioteca hist\u00f3rica impressionante. \u00c9 uma paragem quase obrigat\u00f3ria quando se vai a Mafra.<\/span><span data-ccp-props=\"{&quot;335551550&quot;:6,&quot;335551620&quot;:6}\">\u00a0<\/span><\/p>\n<p><span data-contrast=\"auto\">Foi um dia inesquec\u00edvel que nos proporcionou momentos muito ricos, tanto em termos de intera\u00e7\u00e3o das crian\u00e7as e jovens com as suas fam\u00edlias, bem como das fam\u00edlias com os membros da equipa, num contexto totalmente diferente do que estamos habituados.\u00a0<\/span><span data-ccp-props=\"{&quot;335551550&quot;:6,&quot;335551620&quot;:6}\">\u00a0<\/span><\/p>\n<p><span data-contrast=\"auto\">Esperamos estar novamente com as fam\u00edlias, em breve!<\/span><span data-ccp-props=\"{&quot;335551550&quot;:6,&quot;335551620&quot;:6}\">\u00a0<\/span><\/p>\n<p><img fetchpriority=\"high\" decoding=\"async\" class=\"alignnone wp-image-25695 size-full\" src=\"https:\/\/iacrianca.pt\/wp-content\/uploads\/mafra.png\" alt=\"\" width=\"565\" height=\"608\" srcset=\"https:\/\/iacrianca.pt\/wp-content\/uploads\/mafra.png 565w, https:\/\/iacrianca.pt\/wp-content\/uploads\/mafra-279x300.png 279w\" sizes=\"(max-width: 565px) 100vw, 565px\" \/> <img decoding=\"async\" class=\"alignnone wp-image-25697 size-full\" src=\"https:\/\/iacrianca.pt\/wp-content\/uploads\/mafra2.png\" alt=\"\" width=\"550\" height=\"645\" srcset=\"https:\/\/iacrianca.pt\/wp-content\/uploads\/mafra2.png 550w, https:\/\/iacrianca.pt\/wp-content\/uploads\/mafra2-256x300.png 256w\" sizes=\"(max-width: 550px) 100vw, 550px\" \/> <img decoding=\"async\" class=\"alignnone wp-image-25699 size-full\" src=\"https:\/\/iacrianca.pt\/wp-content\/uploads\/mafra3.png\" alt=\"\" width=\"667\" height=\"482\" srcset=\"https:\/\/iacrianca.pt\/wp-content\/uploads\/mafra3.png 667w, https:\/\/iacrianca.pt\/wp-content\/uploads\/mafra3-300x217.png 300w\" sizes=\"(max-width: 667px) 100vw, 667px\" \/><\/p>\n","protected":false},"excerpt":{"rendered":"<p>O Dia Internacional da Fam\u00edlia celebra-se anualmente a 15 de maio, data proclamada pela Assembleia Geral da ONU, em 1993. \u00a0 Antecipando a data, mas atribuindo a mesma import\u00e2ncia, o Centro de Apoio Comunit\u00e1rio do Bairro do Condado em Marvila, convidou as suas crian\u00e7as, jovens e fam\u00edlias para um passeio no passado dia 10 de&hellip;<\/p>\n","protected":false},"author":2,"featured_media":25693,"comment_status":"closed","ping_status":"open","sticky":false,"template":"","format":"standard","meta":{"_acf_changed":false,"footnotes":""},"categories":[63],"tags":[],"class_list":["post-25692","post","type-post","status-publish","format-standard","has-post-thumbnail","hentry","category-newsletter","category-63","description-off"],"acf":[],"yoast_head":"<!-- This site is optimized with the Yoast SEO plugin v27.5 - https:\/\/yoast.com\/product\/yoast-seo-wordpress\/ -->\n<title>Passeio com fam\u00edlias a Mafra | Instituto de Apoio \u00e0 Crian\u00e7a<\/title>\n<meta name=\"robots\" content=\"index, follow, max-snippet:-1, max-image-preview:large, max-video-preview:-1\" \/>\n<link rel=\"canonical\" href=\"https:\/\/iacrianca.pt\/en\/2025\/06\/passeio-com-familias-a-mafra\/\" \/>\n<meta property=\"og:locale\" content=\"en_US\" \/>\n<meta property=\"og:type\" content=\"article\" \/>\n<meta property=\"og:title\" content=\"Passeio com fam\u00edlias a Mafra | Instituto de Apoio \u00e0 Crian\u00e7a\" \/>\n<meta property=\"og:description\" content=\"O Dia Internacional da Fam\u00edlia celebra-se anualmente a 15 de maio, data proclamada pela Assembleia Geral da ONU, em 1993. \u00a0 Antecipando a data, mas atribuindo a mesma import\u00e2ncia, o Centro de Apoio Comunit\u00e1rio do Bairro do Condado em Marvila, convidou as suas crian\u00e7as, jovens e fam\u00edlias para um passeio no passado dia 10 de&hellip;\" \/>\n<meta property=\"og:url\" content=\"https:\/\/iacrianca.pt\/en\/2025\/06\/passeio-com-familias-a-mafra\/\" \/>\n<meta property=\"og:site_name\" content=\"Instituto de Apoio \u00e0 Crian\u00e7a\" \/>\n<meta property=\"article:publisher\" content=\"https:\/\/www.facebook.com\/iacinstitutodeapoioacrianca\" \/>\n<meta property=\"article:published_time\" content=\"2025-06-05T09:12:54+00:00\" \/>\n<meta property=\"article:modified_time\" content=\"2025-06-06T12:37:25+00:00\" \/>\n<meta property=\"og:image\" content=\"https:\/\/iacrianca.pt\/wp-content\/uploads\/mafra4.png\" \/>\n\t<meta property=\"og:image:width\" content=\"657\" \/>\n\t<meta property=\"og:image:height\" content=\"458\" \/>\n\t<meta property=\"og:image:type\" content=\"image\/png\" \/>\n<meta name=\"author\" content=\"Administra\u00e7\u00e3o IAC\" \/>\n<meta name=\"twitter:card\" content=\"summary_large_image\" \/>\n<meta name=\"twitter:creator\" content=\"@iacapoiocrianca\" \/>\n<meta name=\"twitter:site\" content=\"@iacapoiocrianca\" \/>\n<meta name=\"twitter:label1\" content=\"Written by\" \/>\n\t<meta name=\"twitter:data1\" content=\"Administra\u00e7\u00e3o IAC\" \/>\n\t<meta name=\"twitter:label2\" content=\"Est. reading time\" \/>\n\t<meta name=\"twitter:data2\" content=\"4 minutes\" \/>\n<script type=\"application\/ld+json\" class=\"yoast-schema-graph\">{\"@context\":\"https:\\\/\\\/schema.org\",\"@graph\":[{\"@type\":\"Article\",\"@id\":\"https:\\\/\\\/iacrianca.pt\\\/en\\\/2025\\\/06\\\/passeio-com-familias-a-mafra\\\/#article\",\"isPartOf\":{\"@id\":\"https:\\\/\\\/iacrianca.pt\\\/en\\\/2025\\\/06\\\/passeio-com-familias-a-mafra\\\/\"},\"author\":{\"name\":\"Administra\u00e7\u00e3o IAC\",\"@id\":\"https:\\\/\\\/iacrianca.pt\\\/en\\\/#\\\/schema\\\/person\\\/1c48c6e4b70d0dc7360e4b28ceaa5f6b\"},\"headline\":\"Passeio com fam\u00edlias a Mafra\",\"datePublished\":\"2025-06-05T09:12:54+00:00\",\"dateModified\":\"2025-06-06T12:37:25+00:00\",\"mainEntityOfPage\":{\"@id\":\"https:\\\/\\\/iacrianca.pt\\\/en\\\/2025\\\/06\\\/passeio-com-familias-a-mafra\\\/\"},\"wordCount\":604,\"publisher\":{\"@id\":\"https:\\\/\\\/iacrianca.pt\\\/en\\\/#organization\"},\"image\":{\"@id\":\"https:\\\/\\\/iacrianca.pt\\\/en\\\/2025\\\/06\\\/passeio-com-familias-a-mafra\\\/#primaryimage\"},\"thumbnailUrl\":\"https:\\\/\\\/iacrianca.pt\\\/wp-content\\\/uploads\\\/mafra4.png\",\"articleSection\":[\"Newsletter\"],\"inLanguage\":\"en-US\"},{\"@type\":\"WebPage\",\"@id\":\"https:\\\/\\\/iacrianca.pt\\\/en\\\/2025\\\/06\\\/passeio-com-familias-a-mafra\\\/\",\"url\":\"https:\\\/\\\/iacrianca.pt\\\/en\\\/2025\\\/06\\\/passeio-com-familias-a-mafra\\\/\",\"name\":\"Passeio com fam\u00edlias a Mafra | Instituto de Apoio \u00e0 Crian\u00e7a\",\"isPartOf\":{\"@id\":\"https:\\\/\\\/iacrianca.pt\\\/en\\\/#website\"},\"primaryImageOfPage\":{\"@id\":\"https:\\\/\\\/iacrianca.pt\\\/en\\\/2025\\\/06\\\/passeio-com-familias-a-mafra\\\/#primaryimage\"},\"image\":{\"@id\":\"https:\\\/\\\/iacrianca.pt\\\/en\\\/2025\\\/06\\\/passeio-com-familias-a-mafra\\\/#primaryimage\"},\"thumbnailUrl\":\"https:\\\/\\\/iacrianca.pt\\\/wp-content\\\/uploads\\\/mafra4.png\",\"datePublished\":\"2025-06-05T09:12:54+00:00\",\"dateModified\":\"2025-06-06T12:37:25+00:00\",\"breadcrumb\":{\"@id\":\"https:\\\/\\\/iacrianca.pt\\\/en\\\/2025\\\/06\\\/passeio-com-familias-a-mafra\\\/#breadcrumb\"},\"inLanguage\":\"en-US\",\"potentialAction\":[{\"@type\":\"ReadAction\",\"target\":[\"https:\\\/\\\/iacrianca.pt\\\/en\\\/2025\\\/06\\\/passeio-com-familias-a-mafra\\\/\"]}]},{\"@type\":\"ImageObject\",\"inLanguage\":\"en-US\",\"@id\":\"https:\\\/\\\/iacrianca.pt\\\/en\\\/2025\\\/06\\\/passeio-com-familias-a-mafra\\\/#primaryimage\",\"url\":\"https:\\\/\\\/iacrianca.pt\\\/wp-content\\\/uploads\\\/mafra4.png\",\"contentUrl\":\"https:\\\/\\\/iacrianca.pt\\\/wp-content\\\/uploads\\\/mafra4.png\",\"width\":657,\"height\":458},{\"@type\":\"BreadcrumbList\",\"@id\":\"https:\\\/\\\/iacrianca.pt\\\/en\\\/2025\\\/06\\\/passeio-com-familias-a-mafra\\\/#breadcrumb\",\"itemListElement\":[{\"@type\":\"ListItem\",\"position\":1,\"name\":\"In\u00edcio\",\"item\":\"https:\\\/\\\/iacrianca.pt\\\/en\\\/\"},{\"@type\":\"ListItem\",\"position\":2,\"name\":\"Passeio com fam\u00edlias a Mafra\"}]},{\"@type\":\"WebSite\",\"@id\":\"https:\\\/\\\/iacrianca.pt\\\/en\\\/#website\",\"url\":\"https:\\\/\\\/iacrianca.pt\\\/en\\\/\",\"name\":\"Instituto de Apoio \u00e0 Crian\u00e7a\",\"description\":\"Desde 1983 na defesa e promo\u00e7\u00e3o dos direitos da crian\u00e7a\",\"publisher\":{\"@id\":\"https:\\\/\\\/iacrianca.pt\\\/en\\\/#organization\"},\"potentialAction\":[{\"@type\":\"SearchAction\",\"target\":{\"@type\":\"EntryPoint\",\"urlTemplate\":\"https:\\\/\\\/iacrianca.pt\\\/en\\\/?s={search_term_string}\"},\"query-input\":{\"@type\":\"PropertyValueSpecification\",\"valueRequired\":true,\"valueName\":\"search_term_string\"}}],\"inLanguage\":\"en-US\"},{\"@type\":\"Organization\",\"@id\":\"https:\\\/\\\/iacrianca.pt\\\/en\\\/#organization\",\"name\":\"Instituto de Apoio \u00e0 Crian\u00e7a\",\"url\":\"https:\\\/\\\/iacrianca.pt\\\/en\\\/\",\"logo\":{\"@type\":\"ImageObject\",\"inLanguage\":\"en-US\",\"@id\":\"https:\\\/\\\/iacrianca.pt\\\/en\\\/#\\\/schema\\\/logo\\\/image\\\/\",\"url\":\"https:\\\/\\\/iacrianca.pt\\\/wp-content\\\/uploads\\\/2020\\\/04\\\/logo-iac-SD.jpg\",\"contentUrl\":\"https:\\\/\\\/iacrianca.pt\\\/wp-content\\\/uploads\\\/2020\\\/04\\\/logo-iac-SD.jpg\",\"width\":152,\"height\":73,\"caption\":\"Instituto de Apoio \u00e0 Crian\u00e7a\"},\"image\":{\"@id\":\"https:\\\/\\\/iacrianca.pt\\\/en\\\/#\\\/schema\\\/logo\\\/image\\\/\"},\"sameAs\":[\"https:\\\/\\\/www.facebook.com\\\/iacinstitutodeapoioacrianca\",\"https:\\\/\\\/x.com\\\/iacapoiocrianca\",\"https:\\\/\\\/www.youtube.com\\\/channel\\\/UC0jjfZ_xkN_59gJf_RQ-ZnQ\",\"https:\\\/\\\/www.linkedin.com\\\/company\\\/instituto-de-apoio--criana\\\/\",\"https:\\\/\\\/www.instagram.com\\\/iacinstitutodeapoioacrianca\\\/\",\"https:\\\/\\\/criancasatortoeadireitos.wordpress.com\\\/\"]},{\"@type\":\"Person\",\"@id\":\"https:\\\/\\\/iacrianca.pt\\\/en\\\/#\\\/schema\\\/person\\\/1c48c6e4b70d0dc7360e4b28ceaa5f6b\",\"name\":\"Administra\u00e7\u00e3o IAC\",\"image\":{\"@type\":\"ImageObject\",\"inLanguage\":\"en-US\",\"@id\":\"https:\\\/\\\/secure.gravatar.com\\\/avatar\\\/60b998c71de37dcc1398fc6d48c6b5ed7533e3ceec837c948055f072e3158ff1?s=96&d=mm&r=g\",\"url\":\"https:\\\/\\\/secure.gravatar.com\\\/avatar\\\/60b998c71de37dcc1398fc6d48c6b5ed7533e3ceec837c948055f072e3158ff1?s=96&d=mm&r=g\",\"contentUrl\":\"https:\\\/\\\/secure.gravatar.com\\\/avatar\\\/60b998c71de37dcc1398fc6d48c6b5ed7533e3ceec837c948055f072e3158ff1?s=96&d=mm&r=g\",\"caption\":\"Administra\u00e7\u00e3o IAC\"}}]}<\/script>\n<!-- \/ Yoast SEO plugin. -->","yoast_head_json":{"title":"Passeio com fam\u00edlias a Mafra | Instituto de Apoio \u00e0 Crian\u00e7a","robots":{"index":"index","follow":"follow","max-snippet":"max-snippet:-1","max-image-preview":"max-image-preview:large","max-video-preview":"max-video-preview:-1"},"canonical":"https:\/\/iacrianca.pt\/en\/2025\/06\/passeio-com-familias-a-mafra\/","og_locale":"en_US","og_type":"article","og_title":"Passeio com fam\u00edlias a Mafra | Instituto de Apoio \u00e0 Crian\u00e7a","og_description":"O Dia Internacional da Fam\u00edlia celebra-se anualmente a 15 de maio, data proclamada pela Assembleia Geral da ONU, em 1993. \u00a0 Antecipando a data, mas atribuindo a mesma import\u00e2ncia, o Centro de Apoio Comunit\u00e1rio do Bairro do Condado em Marvila, convidou as suas crian\u00e7as, jovens e fam\u00edlias para um passeio no passado dia 10 de&hellip;","og_url":"https:\/\/iacrianca.pt\/en\/2025\/06\/passeio-com-familias-a-mafra\/","og_site_name":"Instituto de Apoio \u00e0 Crian\u00e7a","article_publisher":"https:\/\/www.facebook.com\/iacinstitutodeapoioacrianca","article_published_time":"2025-06-05T09:12:54+00:00","article_modified_time":"2025-06-06T12:37:25+00:00","og_image":[{"width":657,"height":458,"url":"https:\/\/iacrianca.pt\/wp-content\/uploads\/mafra4.png","type":"image\/png"}],"author":"Administra\u00e7\u00e3o IAC","twitter_card":"summary_large_image","twitter_creator":"@iacapoiocrianca","twitter_site":"@iacapoiocrianca","twitter_misc":{"Written by":"Administra\u00e7\u00e3o IAC","Est. reading time":"4 minutes"},"schema":{"@context":"https:\/\/schema.org","@graph":[{"@type":"Article","@id":"https:\/\/iacrianca.pt\/en\/2025\/06\/passeio-com-familias-a-mafra\/#article","isPartOf":{"@id":"https:\/\/iacrianca.pt\/en\/2025\/06\/passeio-com-familias-a-mafra\/"},"author":{"name":"Administra\u00e7\u00e3o IAC","@id":"https:\/\/iacrianca.pt\/en\/#\/schema\/person\/1c48c6e4b70d0dc7360e4b28ceaa5f6b"},"headline":"Passeio com fam\u00edlias a Mafra","datePublished":"2025-06-05T09:12:54+00:00","dateModified":"2025-06-06T12:37:25+00:00","mainEntityOfPage":{"@id":"https:\/\/iacrianca.pt\/en\/2025\/06\/passeio-com-familias-a-mafra\/"},"wordCount":604,"publisher":{"@id":"https:\/\/iacrianca.pt\/en\/#organization"},"image":{"@id":"https:\/\/iacrianca.pt\/en\/2025\/06\/passeio-com-familias-a-mafra\/#primaryimage"},"thumbnailUrl":"https:\/\/iacrianca.pt\/wp-content\/uploads\/mafra4.png","articleSection":["Newsletter"],"inLanguage":"en-US"},{"@type":"WebPage","@id":"https:\/\/iacrianca.pt\/en\/2025\/06\/passeio-com-familias-a-mafra\/","url":"https:\/\/iacrianca.pt\/en\/2025\/06\/passeio-com-familias-a-mafra\/","name":"Passeio com fam\u00edlias a Mafra | Instituto de Apoio \u00e0 Crian\u00e7a","isPartOf":{"@id":"https:\/\/iacrianca.pt\/en\/#website"},"primaryImageOfPage":{"@id":"https:\/\/iacrianca.pt\/en\/2025\/06\/passeio-com-familias-a-mafra\/#primaryimage"},"image":{"@id":"https:\/\/iacrianca.pt\/en\/2025\/06\/passeio-com-familias-a-mafra\/#primaryimage"},"thumbnailUrl":"https:\/\/iacrianca.pt\/wp-content\/uploads\/mafra4.png","datePublished":"2025-06-05T09:12:54+00:00","dateModified":"2025-06-06T12:37:25+00:00","breadcrumb":{"@id":"https:\/\/iacrianca.pt\/en\/2025\/06\/passeio-com-familias-a-mafra\/#breadcrumb"},"inLanguage":"en-US","potentialAction":[{"@type":"ReadAction","target":["https:\/\/iacrianca.pt\/en\/2025\/06\/passeio-com-familias-a-mafra\/"]}]},{"@type":"ImageObject","inLanguage":"en-US","@id":"https:\/\/iacrianca.pt\/en\/2025\/06\/passeio-com-familias-a-mafra\/#primaryimage","url":"https:\/\/iacrianca.pt\/wp-content\/uploads\/mafra4.png","contentUrl":"https:\/\/iacrianca.pt\/wp-content\/uploads\/mafra4.png","width":657,"height":458},{"@type":"BreadcrumbList","@id":"https:\/\/iacrianca.pt\/en\/2025\/06\/passeio-com-familias-a-mafra\/#breadcrumb","itemListElement":[{"@type":"ListItem","position":1,"name":"In\u00edcio","item":"https:\/\/iacrianca.pt\/en\/"},{"@type":"ListItem","position":2,"name":"Passeio com fam\u00edlias a Mafra"}]},{"@type":"WebSite","@id":"https:\/\/iacrianca.pt\/en\/#website","url":"https:\/\/iacrianca.pt\/en\/","name":"Instituto de Apoio \u00e0 Crian\u00e7a","description":"Desde 1983 na defesa e promo\u00e7\u00e3o dos direitos da crian\u00e7a","publisher":{"@id":"https:\/\/iacrianca.pt\/en\/#organization"},"potentialAction":[{"@type":"SearchAction","target":{"@type":"EntryPoint","urlTemplate":"https:\/\/iacrianca.pt\/en\/?s={search_term_string}"},"query-input":{"@type":"PropertyValueSpecification","valueRequired":true,"valueName":"search_term_string"}}],"inLanguage":"en-US"},{"@type":"Organization","@id":"https:\/\/iacrianca.pt\/en\/#organization","name":"Instituto de Apoio \u00e0 Crian\u00e7a","url":"https:\/\/iacrianca.pt\/en\/","logo":{"@type":"ImageObject","inLanguage":"en-US","@id":"https:\/\/iacrianca.pt\/en\/#\/schema\/logo\/image\/","url":"https:\/\/iacrianca.pt\/wp-content\/uploads\/2020\/04\/logo-iac-SD.jpg","contentUrl":"https:\/\/iacrianca.pt\/wp-content\/uploads\/2020\/04\/logo-iac-SD.jpg","width":152,"height":73,"caption":"Instituto de Apoio \u00e0 Crian\u00e7a"},"image":{"@id":"https:\/\/iacrianca.pt\/en\/#\/schema\/logo\/image\/"},"sameAs":["https:\/\/www.facebook.com\/iacinstitutodeapoioacrianca","https:\/\/x.com\/iacapoiocrianca","https:\/\/www.youtube.com\/channel\/UC0jjfZ_xkN_59gJf_RQ-ZnQ","https:\/\/www.linkedin.com\/company\/instituto-de-apoio--criana\/","https:\/\/www.instagram.com\/iacinstitutodeapoioacrianca\/","https:\/\/criancasatortoeadireitos.wordpress.com\/"]},{"@type":"Person","@id":"https:\/\/iacrianca.pt\/en\/#\/schema\/person\/1c48c6e4b70d0dc7360e4b28ceaa5f6b","name":"Administra\u00e7\u00e3o IAC","image":{"@type":"ImageObject","inLanguage":"en-US","@id":"https:\/\/secure.gravatar.com\/avatar\/60b998c71de37dcc1398fc6d48c6b5ed7533e3ceec837c948055f072e3158ff1?s=96&d=mm&r=g","url":"https:\/\/secure.gravatar.com\/avatar\/60b998c71de37dcc1398fc6d48c6b5ed7533e3ceec837c948055f072e3158ff1?s=96&d=mm&r=g","contentUrl":"https:\/\/secure.gravatar.com\/avatar\/60b998c71de37dcc1398fc6d48c6b5ed7533e3ceec837c948055f072e3158ff1?s=96&d=mm&r=g","caption":"Administra\u00e7\u00e3o IAC"}}]}},"_links":{"self":[{"href":"https:\/\/iacrianca.pt\/en\/wp-json\/wp\/v2\/posts\/25692","targetHints":{"allow":["GET"]}}],"collection":[{"href":"https:\/\/iacrianca.pt\/en\/wp-json\/wp\/v2\/posts"}],"about":[{"href":"https:\/\/iacrianca.pt\/en\/wp-json\/wp\/v2\/types\/post"}],"author":[{"embeddable":true,"href":"https:\/\/iacrianca.pt\/en\/wp-json\/wp\/v2\/users\/2"}],"replies":[{"embeddable":true,"href":"https:\/\/iacrianca.pt\/en\/wp-json\/wp\/v2\/comments?post=25692"}],"version-history":[{"count":0,"href":"https:\/\/iacrianca.pt\/en\/wp-json\/wp\/v2\/posts\/25692\/revisions"}],"wp:featuredmedia":[{"embeddable":true,"href":"https:\/\/iacrianca.pt\/en\/wp-json\/wp\/v2\/media\/25693"}],"wp:attachment":[{"href":"https:\/\/iacrianca.pt\/en\/wp-json\/wp\/v2\/media?parent=25692"}],"wp:term":[{"taxonomy":"category","embeddable":true,"href":"https:\/\/iacrianca.pt\/en\/wp-json\/wp\/v2\/categories?post=25692"},{"taxonomy":"post_tag","embeddable":true,"href":"https:\/\/iacrianca.pt\/en\/wp-json\/wp\/v2\/tags?post=25692"}],"curies":[{"name":"wp","href":"https:\/\/api.w.org\/{rel}","templated":true}]}}