{"id":25748,"date":"2025-06-05T11:27:08","date_gmt":"2025-06-05T10:27:08","guid":{"rendered":"https:\/\/iacrianca.pt\/?p=25748"},"modified":"2025-09-03T14:32:53","modified_gmt":"2025-09-03T13:32:53","slug":"jovens-da-e2o-de-santa-clara-visitam-o-chapito","status":"publish","type":"post","link":"https:\/\/iacrianca.pt\/en\/2025\/06\/jovens-da-e2o-de-santa-clara-visitam-o-chapito\/","title":{"rendered":"Jovens da E2O de Santa Clara visitam o Chapit\u00f4"},"content":{"rendered":"<p><span data-contrast=\"auto\">No passado dia 12 de maio visit\u00e1mos o Chapit\u00f4, a Companhia de Artes Circenses, nomeadamente a Escola Profissional de Artes e Of\u00edcios do Espet\u00e1culo, para mostrar a alguns dos nossos jovens, uma outra oportunidade de seguir a sua vida e o seu percurso formativo, pelo meio art\u00edstico. Conheceram alunos do 2\u00ba e do 3\u00ba ano do curso profissional de Cenografia, figurinos e adere\u00e7os e tiveram, ainda, a oportunidade de participar numa das aulas de malabarismo. <\/span><span data-ccp-props=\"{&quot;335551550&quot;:6,&quot;335551620&quot;:6}\">\u00a0<\/span><\/p>\n<p><span data-contrast=\"auto\">Os jovens gostaram muito desta visita e at\u00e9 foram convidados a participar nas provas de admiss\u00e3o para poderem posteriormente ingressar em cursos de forma\u00e7\u00e3o profissional de Interpreta\u00e7\u00e3o ou de Cenografia, com equival\u00eancia ao 12\u00ba ano que decorreram no dia 14 de maio. <\/span><span data-ccp-props=\"{&quot;335551550&quot;:6,&quot;335551620&quot;:6}\">\u00a0<\/span><\/p>\n<p><span data-contrast=\"auto\">As boas not\u00edcias s\u00e3o que estes jovens foram apurados nestas provas e, deste modo, t\u00eam mais uma porta aberta para melhor definirem o seu projeto de vida!<\/span><span data-ccp-props=\"{&quot;335551550&quot;:6,&quot;335551620&quot;:6}\">\u00a0<\/span><\/p>\n<p><span data-contrast=\"auto\">Da parte da equipa, reiteramos a nossa disponibilidade para lhes continuar a dar a m\u00e3o em cada momento do seu percurso.<\/span><span data-ccp-props=\"{&quot;335551550&quot;:6,&quot;335551620&quot;:6}\">\u00a0<\/span><\/p>\n<p>&nbsp;<\/p>\n<p>Projeto financiado pelo PRR &#8211; Plano de Recupera\u00e7\u00e3o e Resili\u00eancia<\/p>\n<p><a href=\"http:\/\/www.recuperarportugal.gov.pt\">http:\/\/www.recuperarportugal.gov.pt<\/a><\/p>\n<p>#ContruirOFuturo #ConstruirFuturos #Recupera\u00e7\u00e3oEmA\u00e7\u00e3o<\/p>\n","protected":false},"excerpt":{"rendered":"<p>No passado dia 12 de maio visit\u00e1mos o Chapit\u00f4, a Companhia de Artes Circenses, nomeadamente a Escola Profissional de Artes e Of\u00edcios do Espet\u00e1culo, para mostrar a alguns dos nossos jovens, uma outra oportunidade de seguir a sua vida e o seu percurso formativo, pelo meio art\u00edstico. Conheceram alunos do 2\u00ba e do 3\u00ba ano&hellip;<\/p>\n","protected":false},"author":2,"featured_media":25749,"comment_status":"closed","ping_status":"open","sticky":false,"template":"","format":"standard","meta":{"_acf_changed":false,"footnotes":""},"categories":[63],"tags":[],"class_list":["post-25748","post","type-post","status-publish","format-standard","has-post-thumbnail","hentry","category-newsletter","category-63","description-off"],"acf":[],"yoast_head":"<!-- This site is optimized with the Yoast SEO plugin v27.5 - https:\/\/yoast.com\/product\/yoast-seo-wordpress\/ -->\n<title>Jovens da E2O de Santa Clara visitam o Chapit\u00f4 | Instituto de Apoio \u00e0 Crian\u00e7a<\/title>\n<meta name=\"robots\" content=\"index, follow, max-snippet:-1, max-image-preview:large, max-video-preview:-1\" \/>\n<link rel=\"canonical\" href=\"https:\/\/iacrianca.pt\/en\/2025\/06\/jovens-da-e2o-de-santa-clara-visitam-o-chapito\/\" \/>\n<meta property=\"og:locale\" content=\"en_US\" \/>\n<meta property=\"og:type\" content=\"article\" \/>\n<meta property=\"og:title\" content=\"Jovens da E2O de Santa Clara visitam o Chapit\u00f4 | Instituto de Apoio \u00e0 Crian\u00e7a\" \/>\n<meta property=\"og:description\" content=\"No passado dia 12 de maio visit\u00e1mos o Chapit\u00f4, a Companhia de Artes Circenses, nomeadamente a Escola Profissional de Artes e Of\u00edcios do Espet\u00e1culo, para mostrar a alguns dos nossos jovens, uma outra oportunidade de seguir a sua vida e o seu percurso formativo, pelo meio art\u00edstico. Conheceram alunos do 2\u00ba e do 3\u00ba ano&hellip;\" \/>\n<meta property=\"og:url\" content=\"https:\/\/iacrianca.pt\/en\/2025\/06\/jovens-da-e2o-de-santa-clara-visitam-o-chapito\/\" \/>\n<meta property=\"og:site_name\" content=\"Instituto de Apoio \u00e0 Crian\u00e7a\" \/>\n<meta property=\"article:publisher\" content=\"https:\/\/www.facebook.com\/iacinstitutodeapoioacrianca\" \/>\n<meta property=\"article:published_time\" content=\"2025-06-05T10:27:08+00:00\" \/>\n<meta property=\"article:modified_time\" content=\"2025-09-03T13:32:53+00:00\" \/>\n<meta property=\"og:image\" content=\"https:\/\/iacrianca.pt\/wp-content\/uploads\/chapito.png\" \/>\n\t<meta property=\"og:image:width\" content=\"445\" \/>\n\t<meta property=\"og:image:height\" content=\"600\" \/>\n\t<meta property=\"og:image:type\" content=\"image\/png\" \/>\n<meta name=\"author\" content=\"Administra\u00e7\u00e3o IAC\" \/>\n<meta name=\"twitter:card\" content=\"summary_large_image\" \/>\n<meta name=\"twitter:creator\" content=\"@iacapoiocrianca\" \/>\n<meta name=\"twitter:site\" content=\"@iacapoiocrianca\" \/>\n<meta name=\"twitter:label1\" content=\"Written by\" \/>\n\t<meta name=\"twitter:data1\" content=\"Administra\u00e7\u00e3o IAC\" \/>\n\t<meta name=\"twitter:label2\" content=\"Est. reading time\" \/>\n\t<meta name=\"twitter:data2\" content=\"2 minutes\" \/>\n<script type=\"application\/ld+json\" class=\"yoast-schema-graph\">{\"@context\":\"https:\\\/\\\/schema.org\",\"@graph\":[{\"@type\":\"Article\",\"@id\":\"https:\\\/\\\/iacrianca.pt\\\/en\\\/2025\\\/06\\\/jovens-da-e2o-de-santa-clara-visitam-o-chapito\\\/#article\",\"isPartOf\":{\"@id\":\"https:\\\/\\\/iacrianca.pt\\\/en\\\/2025\\\/06\\\/jovens-da-e2o-de-santa-clara-visitam-o-chapito\\\/\"},\"author\":{\"name\":\"Administra\u00e7\u00e3o IAC\",\"@id\":\"https:\\\/\\\/iacrianca.pt\\\/en\\\/#\\\/schema\\\/person\\\/1c48c6e4b70d0dc7360e4b28ceaa5f6b\"},\"headline\":\"Jovens da E2O de Santa Clara visitam o Chapit\u00f4\",\"datePublished\":\"2025-06-05T10:27:08+00:00\",\"dateModified\":\"2025-09-03T13:32:53+00:00\",\"mainEntityOfPage\":{\"@id\":\"https:\\\/\\\/iacrianca.pt\\\/en\\\/2025\\\/06\\\/jovens-da-e2o-de-santa-clara-visitam-o-chapito\\\/\"},\"wordCount\":206,\"publisher\":{\"@id\":\"https:\\\/\\\/iacrianca.pt\\\/en\\\/#organization\"},\"image\":{\"@id\":\"https:\\\/\\\/iacrianca.pt\\\/en\\\/2025\\\/06\\\/jovens-da-e2o-de-santa-clara-visitam-o-chapito\\\/#primaryimage\"},\"thumbnailUrl\":\"https:\\\/\\\/iacrianca.pt\\\/wp-content\\\/uploads\\\/chapito.png\",\"articleSection\":[\"Newsletter\"],\"inLanguage\":\"en-US\"},{\"@type\":\"WebPage\",\"@id\":\"https:\\\/\\\/iacrianca.pt\\\/en\\\/2025\\\/06\\\/jovens-da-e2o-de-santa-clara-visitam-o-chapito\\\/\",\"url\":\"https:\\\/\\\/iacrianca.pt\\\/en\\\/2025\\\/06\\\/jovens-da-e2o-de-santa-clara-visitam-o-chapito\\\/\",\"name\":\"Jovens da E2O de Santa Clara visitam o Chapit\u00f4 | Instituto de Apoio \u00e0 Crian\u00e7a\",\"isPartOf\":{\"@id\":\"https:\\\/\\\/iacrianca.pt\\\/en\\\/#website\"},\"primaryImageOfPage\":{\"@id\":\"https:\\\/\\\/iacrianca.pt\\\/en\\\/2025\\\/06\\\/jovens-da-e2o-de-santa-clara-visitam-o-chapito\\\/#primaryimage\"},\"image\":{\"@id\":\"https:\\\/\\\/iacrianca.pt\\\/en\\\/2025\\\/06\\\/jovens-da-e2o-de-santa-clara-visitam-o-chapito\\\/#primaryimage\"},\"thumbnailUrl\":\"https:\\\/\\\/iacrianca.pt\\\/wp-content\\\/uploads\\\/chapito.png\",\"datePublished\":\"2025-06-05T10:27:08+00:00\",\"dateModified\":\"2025-09-03T13:32:53+00:00\",\"breadcrumb\":{\"@id\":\"https:\\\/\\\/iacrianca.pt\\\/en\\\/2025\\\/06\\\/jovens-da-e2o-de-santa-clara-visitam-o-chapito\\\/#breadcrumb\"},\"inLanguage\":\"en-US\",\"potentialAction\":[{\"@type\":\"ReadAction\",\"target\":[\"https:\\\/\\\/iacrianca.pt\\\/en\\\/2025\\\/06\\\/jovens-da-e2o-de-santa-clara-visitam-o-chapito\\\/\"]}]},{\"@type\":\"ImageObject\",\"inLanguage\":\"en-US\",\"@id\":\"https:\\\/\\\/iacrianca.pt\\\/en\\\/2025\\\/06\\\/jovens-da-e2o-de-santa-clara-visitam-o-chapito\\\/#primaryimage\",\"url\":\"https:\\\/\\\/iacrianca.pt\\\/wp-content\\\/uploads\\\/chapito.png\",\"contentUrl\":\"https:\\\/\\\/iacrianca.pt\\\/wp-content\\\/uploads\\\/chapito.png\",\"width\":445,\"height\":600},{\"@type\":\"BreadcrumbList\",\"@id\":\"https:\\\/\\\/iacrianca.pt\\\/en\\\/2025\\\/06\\\/jovens-da-e2o-de-santa-clara-visitam-o-chapito\\\/#breadcrumb\",\"itemListElement\":[{\"@type\":\"ListItem\",\"position\":1,\"name\":\"In\u00edcio\",\"item\":\"https:\\\/\\\/iacrianca.pt\\\/en\\\/\"},{\"@type\":\"ListItem\",\"position\":2,\"name\":\"Jovens da E2O de Santa Clara visitam o Chapit\u00f4\"}]},{\"@type\":\"WebSite\",\"@id\":\"https:\\\/\\\/iacrianca.pt\\\/en\\\/#website\",\"url\":\"https:\\\/\\\/iacrianca.pt\\\/en\\\/\",\"name\":\"Instituto de Apoio \u00e0 Crian\u00e7a\",\"description\":\"Desde 1983 na defesa e promo\u00e7\u00e3o dos direitos da crian\u00e7a\",\"publisher\":{\"@id\":\"https:\\\/\\\/iacrianca.pt\\\/en\\\/#organization\"},\"potentialAction\":[{\"@type\":\"SearchAction\",\"target\":{\"@type\":\"EntryPoint\",\"urlTemplate\":\"https:\\\/\\\/iacrianca.pt\\\/en\\\/?s={search_term_string}\"},\"query-input\":{\"@type\":\"PropertyValueSpecification\",\"valueRequired\":true,\"valueName\":\"search_term_string\"}}],\"inLanguage\":\"en-US\"},{\"@type\":\"Organization\",\"@id\":\"https:\\\/\\\/iacrianca.pt\\\/en\\\/#organization\",\"name\":\"Instituto de Apoio \u00e0 Crian\u00e7a\",\"url\":\"https:\\\/\\\/iacrianca.pt\\\/en\\\/\",\"logo\":{\"@type\":\"ImageObject\",\"inLanguage\":\"en-US\",\"@id\":\"https:\\\/\\\/iacrianca.pt\\\/en\\\/#\\\/schema\\\/logo\\\/image\\\/\",\"url\":\"https:\\\/\\\/iacrianca.pt\\\/wp-content\\\/uploads\\\/2020\\\/04\\\/logo-iac-SD.jpg\",\"contentUrl\":\"https:\\\/\\\/iacrianca.pt\\\/wp-content\\\/uploads\\\/2020\\\/04\\\/logo-iac-SD.jpg\",\"width\":152,\"height\":73,\"caption\":\"Instituto de Apoio \u00e0 Crian\u00e7a\"},\"image\":{\"@id\":\"https:\\\/\\\/iacrianca.pt\\\/en\\\/#\\\/schema\\\/logo\\\/image\\\/\"},\"sameAs\":[\"https:\\\/\\\/www.facebook.com\\\/iacinstitutodeapoioacrianca\",\"https:\\\/\\\/x.com\\\/iacapoiocrianca\",\"https:\\\/\\\/www.youtube.com\\\/channel\\\/UC0jjfZ_xkN_59gJf_RQ-ZnQ\",\"https:\\\/\\\/www.linkedin.com\\\/company\\\/instituto-de-apoio--criana\\\/\",\"https:\\\/\\\/www.instagram.com\\\/iacinstitutodeapoioacrianca\\\/\",\"https:\\\/\\\/criancasatortoeadireitos.wordpress.com\\\/\"]},{\"@type\":\"Person\",\"@id\":\"https:\\\/\\\/iacrianca.pt\\\/en\\\/#\\\/schema\\\/person\\\/1c48c6e4b70d0dc7360e4b28ceaa5f6b\",\"name\":\"Administra\u00e7\u00e3o IAC\",\"image\":{\"@type\":\"ImageObject\",\"inLanguage\":\"en-US\",\"@id\":\"https:\\\/\\\/secure.gravatar.com\\\/avatar\\\/60b998c71de37dcc1398fc6d48c6b5ed7533e3ceec837c948055f072e3158ff1?s=96&d=mm&r=g\",\"url\":\"https:\\\/\\\/secure.gravatar.com\\\/avatar\\\/60b998c71de37dcc1398fc6d48c6b5ed7533e3ceec837c948055f072e3158ff1?s=96&d=mm&r=g\",\"contentUrl\":\"https:\\\/\\\/secure.gravatar.com\\\/avatar\\\/60b998c71de37dcc1398fc6d48c6b5ed7533e3ceec837c948055f072e3158ff1?s=96&d=mm&r=g\",\"caption\":\"Administra\u00e7\u00e3o IAC\"}}]}<\/script>\n<!-- \/ Yoast SEO plugin. -->","yoast_head_json":{"title":"Jovens da E2O de Santa Clara visitam o Chapit\u00f4 | Instituto de Apoio \u00e0 Crian\u00e7a","robots":{"index":"index","follow":"follow","max-snippet":"max-snippet:-1","max-image-preview":"max-image-preview:large","max-video-preview":"max-video-preview:-1"},"canonical":"https:\/\/iacrianca.pt\/en\/2025\/06\/jovens-da-e2o-de-santa-clara-visitam-o-chapito\/","og_locale":"en_US","og_type":"article","og_title":"Jovens da E2O de Santa Clara visitam o Chapit\u00f4 | Instituto de Apoio \u00e0 Crian\u00e7a","og_description":"No passado dia 12 de maio visit\u00e1mos o Chapit\u00f4, a Companhia de Artes Circenses, nomeadamente a Escola Profissional de Artes e Of\u00edcios do Espet\u00e1culo, para mostrar a alguns dos nossos jovens, uma outra oportunidade de seguir a sua vida e o seu percurso formativo, pelo meio art\u00edstico. Conheceram alunos do 2\u00ba e do 3\u00ba ano&hellip;","og_url":"https:\/\/iacrianca.pt\/en\/2025\/06\/jovens-da-e2o-de-santa-clara-visitam-o-chapito\/","og_site_name":"Instituto de Apoio \u00e0 Crian\u00e7a","article_publisher":"https:\/\/www.facebook.com\/iacinstitutodeapoioacrianca","article_published_time":"2025-06-05T10:27:08+00:00","article_modified_time":"2025-09-03T13:32:53+00:00","og_image":[{"width":445,"height":600,"url":"https:\/\/iacrianca.pt\/wp-content\/uploads\/chapito.png","type":"image\/png"}],"author":"Administra\u00e7\u00e3o IAC","twitter_card":"summary_large_image","twitter_creator":"@iacapoiocrianca","twitter_site":"@iacapoiocrianca","twitter_misc":{"Written by":"Administra\u00e7\u00e3o IAC","Est. reading time":"2 minutes"},"schema":{"@context":"https:\/\/schema.org","@graph":[{"@type":"Article","@id":"https:\/\/iacrianca.pt\/en\/2025\/06\/jovens-da-e2o-de-santa-clara-visitam-o-chapito\/#article","isPartOf":{"@id":"https:\/\/iacrianca.pt\/en\/2025\/06\/jovens-da-e2o-de-santa-clara-visitam-o-chapito\/"},"author":{"name":"Administra\u00e7\u00e3o IAC","@id":"https:\/\/iacrianca.pt\/en\/#\/schema\/person\/1c48c6e4b70d0dc7360e4b28ceaa5f6b"},"headline":"Jovens da E2O de Santa Clara visitam o Chapit\u00f4","datePublished":"2025-06-05T10:27:08+00:00","dateModified":"2025-09-03T13:32:53+00:00","mainEntityOfPage":{"@id":"https:\/\/iacrianca.pt\/en\/2025\/06\/jovens-da-e2o-de-santa-clara-visitam-o-chapito\/"},"wordCount":206,"publisher":{"@id":"https:\/\/iacrianca.pt\/en\/#organization"},"image":{"@id":"https:\/\/iacrianca.pt\/en\/2025\/06\/jovens-da-e2o-de-santa-clara-visitam-o-chapito\/#primaryimage"},"thumbnailUrl":"https:\/\/iacrianca.pt\/wp-content\/uploads\/chapito.png","articleSection":["Newsletter"],"inLanguage":"en-US"},{"@type":"WebPage","@id":"https:\/\/iacrianca.pt\/en\/2025\/06\/jovens-da-e2o-de-santa-clara-visitam-o-chapito\/","url":"https:\/\/iacrianca.pt\/en\/2025\/06\/jovens-da-e2o-de-santa-clara-visitam-o-chapito\/","name":"Jovens da E2O de Santa Clara visitam o Chapit\u00f4 | Instituto de Apoio \u00e0 Crian\u00e7a","isPartOf":{"@id":"https:\/\/iacrianca.pt\/en\/#website"},"primaryImageOfPage":{"@id":"https:\/\/iacrianca.pt\/en\/2025\/06\/jovens-da-e2o-de-santa-clara-visitam-o-chapito\/#primaryimage"},"image":{"@id":"https:\/\/iacrianca.pt\/en\/2025\/06\/jovens-da-e2o-de-santa-clara-visitam-o-chapito\/#primaryimage"},"thumbnailUrl":"https:\/\/iacrianca.pt\/wp-content\/uploads\/chapito.png","datePublished":"2025-06-05T10:27:08+00:00","dateModified":"2025-09-03T13:32:53+00:00","breadcrumb":{"@id":"https:\/\/iacrianca.pt\/en\/2025\/06\/jovens-da-e2o-de-santa-clara-visitam-o-chapito\/#breadcrumb"},"inLanguage":"en-US","potentialAction":[{"@type":"ReadAction","target":["https:\/\/iacrianca.pt\/en\/2025\/06\/jovens-da-e2o-de-santa-clara-visitam-o-chapito\/"]}]},{"@type":"ImageObject","inLanguage":"en-US","@id":"https:\/\/iacrianca.pt\/en\/2025\/06\/jovens-da-e2o-de-santa-clara-visitam-o-chapito\/#primaryimage","url":"https:\/\/iacrianca.pt\/wp-content\/uploads\/chapito.png","contentUrl":"https:\/\/iacrianca.pt\/wp-content\/uploads\/chapito.png","width":445,"height":600},{"@type":"BreadcrumbList","@id":"https:\/\/iacrianca.pt\/en\/2025\/06\/jovens-da-e2o-de-santa-clara-visitam-o-chapito\/#breadcrumb","itemListElement":[{"@type":"ListItem","position":1,"name":"In\u00edcio","item":"https:\/\/iacrianca.pt\/en\/"},{"@type":"ListItem","position":2,"name":"Jovens da E2O de Santa Clara visitam o Chapit\u00f4"}]},{"@type":"WebSite","@id":"https:\/\/iacrianca.pt\/en\/#website","url":"https:\/\/iacrianca.pt\/en\/","name":"Instituto de Apoio \u00e0 Crian\u00e7a","description":"Desde 1983 na defesa e promo\u00e7\u00e3o dos direitos da crian\u00e7a","publisher":{"@id":"https:\/\/iacrianca.pt\/en\/#organization"},"potentialAction":[{"@type":"SearchAction","target":{"@type":"EntryPoint","urlTemplate":"https:\/\/iacrianca.pt\/en\/?s={search_term_string}"},"query-input":{"@type":"PropertyValueSpecification","valueRequired":true,"valueName":"search_term_string"}}],"inLanguage":"en-US"},{"@type":"Organization","@id":"https:\/\/iacrianca.pt\/en\/#organization","name":"Instituto de Apoio \u00e0 Crian\u00e7a","url":"https:\/\/iacrianca.pt\/en\/","logo":{"@type":"ImageObject","inLanguage":"en-US","@id":"https:\/\/iacrianca.pt\/en\/#\/schema\/logo\/image\/","url":"https:\/\/iacrianca.pt\/wp-content\/uploads\/2020\/04\/logo-iac-SD.jpg","contentUrl":"https:\/\/iacrianca.pt\/wp-content\/uploads\/2020\/04\/logo-iac-SD.jpg","width":152,"height":73,"caption":"Instituto de Apoio \u00e0 Crian\u00e7a"},"image":{"@id":"https:\/\/iacrianca.pt\/en\/#\/schema\/logo\/image\/"},"sameAs":["https:\/\/www.facebook.com\/iacinstitutodeapoioacrianca","https:\/\/x.com\/iacapoiocrianca","https:\/\/www.youtube.com\/channel\/UC0jjfZ_xkN_59gJf_RQ-ZnQ","https:\/\/www.linkedin.com\/company\/instituto-de-apoio--criana\/","https:\/\/www.instagram.com\/iacinstitutodeapoioacrianca\/","https:\/\/criancasatortoeadireitos.wordpress.com\/"]},{"@type":"Person","@id":"https:\/\/iacrianca.pt\/en\/#\/schema\/person\/1c48c6e4b70d0dc7360e4b28ceaa5f6b","name":"Administra\u00e7\u00e3o IAC","image":{"@type":"ImageObject","inLanguage":"en-US","@id":"https:\/\/secure.gravatar.com\/avatar\/60b998c71de37dcc1398fc6d48c6b5ed7533e3ceec837c948055f072e3158ff1?s=96&d=mm&r=g","url":"https:\/\/secure.gravatar.com\/avatar\/60b998c71de37dcc1398fc6d48c6b5ed7533e3ceec837c948055f072e3158ff1?s=96&d=mm&r=g","contentUrl":"https:\/\/secure.gravatar.com\/avatar\/60b998c71de37dcc1398fc6d48c6b5ed7533e3ceec837c948055f072e3158ff1?s=96&d=mm&r=g","caption":"Administra\u00e7\u00e3o IAC"}}]}},"_links":{"self":[{"href":"https:\/\/iacrianca.pt\/en\/wp-json\/wp\/v2\/posts\/25748","targetHints":{"allow":["GET"]}}],"collection":[{"href":"https:\/\/iacrianca.pt\/en\/wp-json\/wp\/v2\/posts"}],"about":[{"href":"https:\/\/iacrianca.pt\/en\/wp-json\/wp\/v2\/types\/post"}],"author":[{"embeddable":true,"href":"https:\/\/iacrianca.pt\/en\/wp-json\/wp\/v2\/users\/2"}],"replies":[{"embeddable":true,"href":"https:\/\/iacrianca.pt\/en\/wp-json\/wp\/v2\/comments?post=25748"}],"version-history":[{"count":0,"href":"https:\/\/iacrianca.pt\/en\/wp-json\/wp\/v2\/posts\/25748\/revisions"}],"wp:featuredmedia":[{"embeddable":true,"href":"https:\/\/iacrianca.pt\/en\/wp-json\/wp\/v2\/media\/25749"}],"wp:attachment":[{"href":"https:\/\/iacrianca.pt\/en\/wp-json\/wp\/v2\/media?parent=25748"}],"wp:term":[{"taxonomy":"category","embeddable":true,"href":"https:\/\/iacrianca.pt\/en\/wp-json\/wp\/v2\/categories?post=25748"},{"taxonomy":"post_tag","embeddable":true,"href":"https:\/\/iacrianca.pt\/en\/wp-json\/wp\/v2\/tags?post=25748"}],"curies":[{"name":"wp","href":"https:\/\/api.w.org\/{rel}","templated":true}]}}