{"id":25800,"date":"2025-06-06T17:32:39","date_gmt":"2025-06-06T16:32:39","guid":{"rendered":"https:\/\/iacrianca.pt\/?p=25800"},"modified":"2025-06-07T17:36:23","modified_gmt":"2025-06-07T16:36:23","slug":"comunicado-a-tragedia-das-criancas-de-gaza","status":"publish","type":"post","link":"https:\/\/iacrianca.pt\/en\/2025\/06\/comunicado-a-tragedia-das-criancas-de-gaza\/","title":{"rendered":"Comunicado &#8211; A Trag\u00e9dia das Crian\u00e7as de Gaza"},"content":{"rendered":"<div style=\"text-align: left;\">\n<div style=\"text-align: center;\"><b data-olk-copy-source=\"MailCompose\">A Trag\u00e9dia das Crian\u00e7as de Gaza<\/b><\/div>\n<div><\/div>\n<div>O Instituto de Apoio \u00e0 Crian\u00e7a vem tornar p\u00fablica a sua posi\u00e7\u00e3o e condenar a viol\u00eancia exercida contra as crian\u00e7as palestinianas a acontecer em Gaza, neste momento, e que constitui uma clara viola\u00e7\u00e3o dos direitos da crian\u00e7a.<\/div>\n<div>O Territ\u00f3rio de Gaza, pertencente ao Estado da Palestina, enfrenta uma das crises humanit\u00e1rias mais devastadoras da atualidade.<\/div>\n<div>O recente an\u00fancio do governo israelita sobre a reocupa\u00e7\u00e3o militar de Gaza e a suspens\u00e3o da ajuda humanit\u00e1ria tem como consequ\u00eancia, entre outras, a fome generalizada da popula\u00e7\u00e3o palestiniana.<\/div>\n<div>Confrontadas com o conflito que lhes \u00e9 alheio, as crian\u00e7as tornaram-se v\u00edtimas indefesas de uma viol\u00eancia que n\u00e3o distingue idade, etnia ou religi\u00e3o.<\/div>\n<div>A Organiza\u00e7\u00e3o das Na\u00e7\u00f5es Unidas tem reiterado que n\u00e3o h\u00e1 lugar seguro para as crian\u00e7as na regi\u00e3o, e os n\u00fameros s\u00e3o alarmantes: nos \u00faltimos meses, milhares de crian\u00e7as perderam a vida devido aos bombardeamentos das for\u00e7as armadas israelitas.<\/div>\n<div>A ONU tem alertado para o impacto catastr\u00f3fico do bloqueio \u00e0 entrada de ajuda humanit\u00e1ria. Segundo o chefe de miss\u00e3o humanit\u00e1ria da ONU em Gaza h\u00e1 cerca de 14 mil beb\u00e9s em risco de morte iminente devido \u00e0 falta de alimentos e medicamentos. A ONU tem pressionado para que corredores humanit\u00e1rios sejam abertos, permitindo que bens essenciais cheguem \u00e0s fam\u00edlias que lutam para sobreviver.<\/div>\n<div>Al\u00e9m da viol\u00eancia direta, as crian\u00e7as enfrentam condi\u00e7\u00f5es de vida insustent\u00e1veis. Escolas e hospitais, que deveriam ser ref\u00fagios de seguran\u00e7a, tornaram-se alvos de ataques indiscriminados. Muitas crian\u00e7as foram mortas ou mutiladas enquanto buscavam abrigo em locais que deveriam proteg\u00ea-las. A ONU tem apelado repetidamente para um cessar-fogo imediato e para que todas as partes envolvidas respeitem o direito internacional humanit\u00e1rio.<\/div>\n<div>Portugal acolheu no seu ordenamento jur\u00eddico as normas de direito internacional, atrav\u00e9s do art.\u00ba 8.\u00ba da Constitui\u00e7\u00e3o Portuguesa. Isto significa que determinados princ\u00edpios do direito internacional fazem parte do ordenamento jur\u00eddico portugu\u00eas. Destacam-se a obriga\u00e7\u00e3o de distinguir entre alvos militares e civis, a proibi\u00e7\u00e3o de ataques indiscriminados, a proibi\u00e7\u00e3o do uso da fome como m\u00e9todo de guerra e o princ\u00edpio da proporcionalidade.<\/div>\n<div>Em nome da coer\u00eancia do respeito por estes princ\u00edpios, Portugal n\u00e3o pode ser seletivo na sua exig\u00eancia por estes princ\u00edpios.<\/div>\n<div>Neste sentido, o Instituto de Apoio \u00e0 Crian\u00e7a, enquanto institui\u00e7\u00e3o defensora dos direitos da crian\u00e7a apela a que Portugal, atrav\u00e9s dos seus \u00f3rg\u00e3os competentes, tenha um papel ativo na busca por uma solu\u00e7\u00e3o para essa crise humanit\u00e1ria designadamente que se tomem medidas concretas para garantir que a ajuda humanit\u00e1ria chegue a Gaza e que os direitos das crian\u00e7as sejam protegidos.<\/div>\n<div>\u00c9 essencial que a Sociedade Portuguesa n\u00e3o permane\u00e7a indiferente. Cada crian\u00e7a palestiniana tem o mesmo valor de qualquer crian\u00e7a de outra nacionalidade.<\/div>\n<div>A \u00fanica solu\u00e7\u00e3o vi\u00e1vel \u00e9 o fim da viol\u00eancia e a garantia de um futuro digno para as crian\u00e7as palestinianas.<\/div>\n<\/div>\n<div><\/div>\n<div style=\"text-align: right;\">Lisboa, 06 de junho de 2025<\/div>\n<div style=\"text-align: left;\">\n<div><a href=\"https:\/\/iacrianca.pt\/wp-content\/uploads\/comunicado-iac-a-tragedia-das-criancas-de-gaza.pdf\">Comunicado IAC &#8211; A Trag\u00e9dia das Crian\u00e7as de Gaza<\/a><\/div>\n<div><\/div>\n<div><\/div>\n<div><\/div>\n<\/div>\n","protected":false},"excerpt":{"rendered":"<p>A Trag\u00e9dia das Crian\u00e7as de Gaza O Instituto de Apoio \u00e0 Crian\u00e7a vem tornar p\u00fablica a sua posi\u00e7\u00e3o e condenar a viol\u00eancia exercida contra as crian\u00e7as palestinianas a acontecer em Gaza, neste momento, e que constitui uma clara viola\u00e7\u00e3o dos direitos da crian\u00e7a. O Territ\u00f3rio de Gaza, pertencente ao Estado da Palestina, enfrenta uma das&hellip;<\/p>\n","protected":false},"author":2,"featured_media":2074,"comment_status":"closed","ping_status":"open","sticky":false,"template":"","format":"standard","meta":{"_acf_changed":false,"footnotes":""},"categories":[1],"tags":[],"class_list":["post-25800","post","type-post","status-publish","format-standard","has-post-thumbnail","hentry","category-noticias","category-1","description-off"],"acf":[],"yoast_head":"<!-- This site is optimized with the Yoast SEO plugin v27.4 - https:\/\/yoast.com\/product\/yoast-seo-wordpress\/ -->\n<title>Comunicado - A Trag\u00e9dia das Crian\u00e7as de Gaza | Instituto de Apoio \u00e0 Crian\u00e7a<\/title>\n<meta name=\"robots\" content=\"index, follow, max-snippet:-1, max-image-preview:large, max-video-preview:-1\" \/>\n<link rel=\"canonical\" href=\"https:\/\/iacrianca.pt\/en\/2025\/06\/comunicado-a-tragedia-das-criancas-de-gaza\/\" \/>\n<meta property=\"og:locale\" content=\"en_US\" \/>\n<meta property=\"og:type\" content=\"article\" \/>\n<meta property=\"og:title\" content=\"Comunicado - A Trag\u00e9dia das Crian\u00e7as de Gaza | Instituto de Apoio \u00e0 Crian\u00e7a\" \/>\n<meta property=\"og:description\" content=\"A Trag\u00e9dia das Crian\u00e7as de Gaza O Instituto de Apoio \u00e0 Crian\u00e7a vem tornar p\u00fablica a sua posi\u00e7\u00e3o e condenar a viol\u00eancia exercida contra as crian\u00e7as palestinianas a acontecer em Gaza, neste momento, e que constitui uma clara viola\u00e7\u00e3o dos direitos da crian\u00e7a. O Territ\u00f3rio de Gaza, pertencente ao Estado da Palestina, enfrenta uma das&hellip;\" \/>\n<meta property=\"og:url\" content=\"https:\/\/iacrianca.pt\/en\/2025\/06\/comunicado-a-tragedia-das-criancas-de-gaza\/\" \/>\n<meta property=\"og:site_name\" content=\"Instituto de Apoio \u00e0 Crian\u00e7a\" \/>\n<meta property=\"article:publisher\" content=\"https:\/\/www.facebook.com\/iacinstitutodeapoioacrianca\" \/>\n<meta property=\"article:published_time\" content=\"2025-06-06T16:32:39+00:00\" \/>\n<meta property=\"article:modified_time\" content=\"2025-06-07T16:36:23+00:00\" \/>\n<meta property=\"og:image\" content=\"https:\/\/iacrianca.pt\/wp-content\/uploads\/2020\/04\/logo-iac-SD.jpg\" \/>\n\t<meta property=\"og:image:width\" content=\"152\" \/>\n\t<meta property=\"og:image:height\" content=\"73\" \/>\n\t<meta property=\"og:image:type\" content=\"image\/jpeg\" \/>\n<meta name=\"author\" content=\"Administra\u00e7\u00e3o IAC\" \/>\n<meta name=\"twitter:card\" content=\"summary_large_image\" \/>\n<meta name=\"twitter:creator\" content=\"@iacapoiocrianca\" \/>\n<meta name=\"twitter:site\" content=\"@iacapoiocrianca\" \/>\n<meta name=\"twitter:label1\" content=\"Written by\" \/>\n\t<meta name=\"twitter:data1\" content=\"Administra\u00e7\u00e3o IAC\" \/>\n\t<meta name=\"twitter:label2\" content=\"Est. reading time\" \/>\n\t<meta name=\"twitter:data2\" content=\"3 minutes\" \/>\n<script type=\"application\/ld+json\" class=\"yoast-schema-graph\">{\"@context\":\"https:\\\/\\\/schema.org\",\"@graph\":[{\"@type\":\"Article\",\"@id\":\"https:\\\/\\\/iacrianca.pt\\\/en\\\/2025\\\/06\\\/comunicado-a-tragedia-das-criancas-de-gaza\\\/#article\",\"isPartOf\":{\"@id\":\"https:\\\/\\\/iacrianca.pt\\\/en\\\/2025\\\/06\\\/comunicado-a-tragedia-das-criancas-de-gaza\\\/\"},\"author\":{\"name\":\"Administra\u00e7\u00e3o IAC\",\"@id\":\"https:\\\/\\\/iacrianca.pt\\\/en\\\/#\\\/schema\\\/person\\\/1c48c6e4b70d0dc7360e4b28ceaa5f6b\"},\"headline\":\"Comunicado &#8211; A Trag\u00e9dia das Crian\u00e7as de Gaza\",\"datePublished\":\"2025-06-06T16:32:39+00:00\",\"dateModified\":\"2025-06-07T16:36:23+00:00\",\"mainEntityOfPage\":{\"@id\":\"https:\\\/\\\/iacrianca.pt\\\/en\\\/2025\\\/06\\\/comunicado-a-tragedia-das-criancas-de-gaza\\\/\"},\"wordCount\":556,\"publisher\":{\"@id\":\"https:\\\/\\\/iacrianca.pt\\\/en\\\/#organization\"},\"image\":{\"@id\":\"https:\\\/\\\/iacrianca.pt\\\/en\\\/2025\\\/06\\\/comunicado-a-tragedia-das-criancas-de-gaza\\\/#primaryimage\"},\"thumbnailUrl\":\"https:\\\/\\\/iacrianca.pt\\\/wp-content\\\/uploads\\\/2020\\\/04\\\/logo-iac-SD.jpg\",\"articleSection\":[\"Not\u00edcias\"],\"inLanguage\":\"en-US\"},{\"@type\":\"WebPage\",\"@id\":\"https:\\\/\\\/iacrianca.pt\\\/en\\\/2025\\\/06\\\/comunicado-a-tragedia-das-criancas-de-gaza\\\/\",\"url\":\"https:\\\/\\\/iacrianca.pt\\\/en\\\/2025\\\/06\\\/comunicado-a-tragedia-das-criancas-de-gaza\\\/\",\"name\":\"Comunicado - A Trag\u00e9dia das Crian\u00e7as de Gaza | Instituto de Apoio \u00e0 Crian\u00e7a\",\"isPartOf\":{\"@id\":\"https:\\\/\\\/iacrianca.pt\\\/en\\\/#website\"},\"primaryImageOfPage\":{\"@id\":\"https:\\\/\\\/iacrianca.pt\\\/en\\\/2025\\\/06\\\/comunicado-a-tragedia-das-criancas-de-gaza\\\/#primaryimage\"},\"image\":{\"@id\":\"https:\\\/\\\/iacrianca.pt\\\/en\\\/2025\\\/06\\\/comunicado-a-tragedia-das-criancas-de-gaza\\\/#primaryimage\"},\"thumbnailUrl\":\"https:\\\/\\\/iacrianca.pt\\\/wp-content\\\/uploads\\\/2020\\\/04\\\/logo-iac-SD.jpg\",\"datePublished\":\"2025-06-06T16:32:39+00:00\",\"dateModified\":\"2025-06-07T16:36:23+00:00\",\"breadcrumb\":{\"@id\":\"https:\\\/\\\/iacrianca.pt\\\/en\\\/2025\\\/06\\\/comunicado-a-tragedia-das-criancas-de-gaza\\\/#breadcrumb\"},\"inLanguage\":\"en-US\",\"potentialAction\":[{\"@type\":\"ReadAction\",\"target\":[\"https:\\\/\\\/iacrianca.pt\\\/en\\\/2025\\\/06\\\/comunicado-a-tragedia-das-criancas-de-gaza\\\/\"]}]},{\"@type\":\"ImageObject\",\"inLanguage\":\"en-US\",\"@id\":\"https:\\\/\\\/iacrianca.pt\\\/en\\\/2025\\\/06\\\/comunicado-a-tragedia-das-criancas-de-gaza\\\/#primaryimage\",\"url\":\"https:\\\/\\\/iacrianca.pt\\\/wp-content\\\/uploads\\\/2020\\\/04\\\/logo-iac-SD.jpg\",\"contentUrl\":\"https:\\\/\\\/iacrianca.pt\\\/wp-content\\\/uploads\\\/2020\\\/04\\\/logo-iac-SD.jpg\",\"width\":152,\"height\":73,\"caption\":\"Instituto de Apoio \u00e0 Crian\u00e7a\"},{\"@type\":\"BreadcrumbList\",\"@id\":\"https:\\\/\\\/iacrianca.pt\\\/en\\\/2025\\\/06\\\/comunicado-a-tragedia-das-criancas-de-gaza\\\/#breadcrumb\",\"itemListElement\":[{\"@type\":\"ListItem\",\"position\":1,\"name\":\"In\u00edcio\",\"item\":\"https:\\\/\\\/iacrianca.pt\\\/en\\\/\"},{\"@type\":\"ListItem\",\"position\":2,\"name\":\"Comunicado &#8211; A Trag\u00e9dia das Crian\u00e7as de Gaza\"}]},{\"@type\":\"WebSite\",\"@id\":\"https:\\\/\\\/iacrianca.pt\\\/en\\\/#website\",\"url\":\"https:\\\/\\\/iacrianca.pt\\\/en\\\/\",\"name\":\"Instituto de Apoio \u00e0 Crian\u00e7a\",\"description\":\"Desde 1983 na defesa e promo\u00e7\u00e3o dos direitos da crian\u00e7a\",\"publisher\":{\"@id\":\"https:\\\/\\\/iacrianca.pt\\\/en\\\/#organization\"},\"potentialAction\":[{\"@type\":\"SearchAction\",\"target\":{\"@type\":\"EntryPoint\",\"urlTemplate\":\"https:\\\/\\\/iacrianca.pt\\\/en\\\/?s={search_term_string}\"},\"query-input\":{\"@type\":\"PropertyValueSpecification\",\"valueRequired\":true,\"valueName\":\"search_term_string\"}}],\"inLanguage\":\"en-US\"},{\"@type\":\"Organization\",\"@id\":\"https:\\\/\\\/iacrianca.pt\\\/en\\\/#organization\",\"name\":\"Instituto de Apoio \u00e0 Crian\u00e7a\",\"url\":\"https:\\\/\\\/iacrianca.pt\\\/en\\\/\",\"logo\":{\"@type\":\"ImageObject\",\"inLanguage\":\"en-US\",\"@id\":\"https:\\\/\\\/iacrianca.pt\\\/en\\\/#\\\/schema\\\/logo\\\/image\\\/\",\"url\":\"https:\\\/\\\/iacrianca.pt\\\/wp-content\\\/uploads\\\/2020\\\/04\\\/logo-iac-SD.jpg\",\"contentUrl\":\"https:\\\/\\\/iacrianca.pt\\\/wp-content\\\/uploads\\\/2020\\\/04\\\/logo-iac-SD.jpg\",\"width\":152,\"height\":73,\"caption\":\"Instituto de Apoio \u00e0 Crian\u00e7a\"},\"image\":{\"@id\":\"https:\\\/\\\/iacrianca.pt\\\/en\\\/#\\\/schema\\\/logo\\\/image\\\/\"},\"sameAs\":[\"https:\\\/\\\/www.facebook.com\\\/iacinstitutodeapoioacrianca\",\"https:\\\/\\\/x.com\\\/iacapoiocrianca\",\"https:\\\/\\\/www.youtube.com\\\/channel\\\/UC0jjfZ_xkN_59gJf_RQ-ZnQ\",\"https:\\\/\\\/www.linkedin.com\\\/company\\\/instituto-de-apoio--criana\\\/\",\"https:\\\/\\\/www.instagram.com\\\/iacinstitutodeapoioacrianca\\\/\",\"https:\\\/\\\/criancasatortoeadireitos.wordpress.com\\\/\"]},{\"@type\":\"Person\",\"@id\":\"https:\\\/\\\/iacrianca.pt\\\/en\\\/#\\\/schema\\\/person\\\/1c48c6e4b70d0dc7360e4b28ceaa5f6b\",\"name\":\"Administra\u00e7\u00e3o IAC\",\"image\":{\"@type\":\"ImageObject\",\"inLanguage\":\"en-US\",\"@id\":\"https:\\\/\\\/secure.gravatar.com\\\/avatar\\\/60b998c71de37dcc1398fc6d48c6b5ed7533e3ceec837c948055f072e3158ff1?s=96&d=mm&r=g\",\"url\":\"https:\\\/\\\/secure.gravatar.com\\\/avatar\\\/60b998c71de37dcc1398fc6d48c6b5ed7533e3ceec837c948055f072e3158ff1?s=96&d=mm&r=g\",\"contentUrl\":\"https:\\\/\\\/secure.gravatar.com\\\/avatar\\\/60b998c71de37dcc1398fc6d48c6b5ed7533e3ceec837c948055f072e3158ff1?s=96&d=mm&r=g\",\"caption\":\"Administra\u00e7\u00e3o IAC\"}}]}<\/script>\n<!-- \/ Yoast SEO plugin. -->","yoast_head_json":{"title":"Comunicado - A Trag\u00e9dia das Crian\u00e7as de Gaza | Instituto de Apoio \u00e0 Crian\u00e7a","robots":{"index":"index","follow":"follow","max-snippet":"max-snippet:-1","max-image-preview":"max-image-preview:large","max-video-preview":"max-video-preview:-1"},"canonical":"https:\/\/iacrianca.pt\/en\/2025\/06\/comunicado-a-tragedia-das-criancas-de-gaza\/","og_locale":"en_US","og_type":"article","og_title":"Comunicado - A Trag\u00e9dia das Crian\u00e7as de Gaza | Instituto de Apoio \u00e0 Crian\u00e7a","og_description":"A Trag\u00e9dia das Crian\u00e7as de Gaza O Instituto de Apoio \u00e0 Crian\u00e7a vem tornar p\u00fablica a sua posi\u00e7\u00e3o e condenar a viol\u00eancia exercida contra as crian\u00e7as palestinianas a acontecer em Gaza, neste momento, e que constitui uma clara viola\u00e7\u00e3o dos direitos da crian\u00e7a. O Territ\u00f3rio de Gaza, pertencente ao Estado da Palestina, enfrenta uma das&hellip;","og_url":"https:\/\/iacrianca.pt\/en\/2025\/06\/comunicado-a-tragedia-das-criancas-de-gaza\/","og_site_name":"Instituto de Apoio \u00e0 Crian\u00e7a","article_publisher":"https:\/\/www.facebook.com\/iacinstitutodeapoioacrianca","article_published_time":"2025-06-06T16:32:39+00:00","article_modified_time":"2025-06-07T16:36:23+00:00","og_image":[{"width":152,"height":73,"url":"https:\/\/iacrianca.pt\/wp-content\/uploads\/2020\/04\/logo-iac-SD.jpg","type":"image\/jpeg"}],"author":"Administra\u00e7\u00e3o IAC","twitter_card":"summary_large_image","twitter_creator":"@iacapoiocrianca","twitter_site":"@iacapoiocrianca","twitter_misc":{"Written by":"Administra\u00e7\u00e3o IAC","Est. reading time":"3 minutes"},"schema":{"@context":"https:\/\/schema.org","@graph":[{"@type":"Article","@id":"https:\/\/iacrianca.pt\/en\/2025\/06\/comunicado-a-tragedia-das-criancas-de-gaza\/#article","isPartOf":{"@id":"https:\/\/iacrianca.pt\/en\/2025\/06\/comunicado-a-tragedia-das-criancas-de-gaza\/"},"author":{"name":"Administra\u00e7\u00e3o IAC","@id":"https:\/\/iacrianca.pt\/en\/#\/schema\/person\/1c48c6e4b70d0dc7360e4b28ceaa5f6b"},"headline":"Comunicado &#8211; A Trag\u00e9dia das Crian\u00e7as de Gaza","datePublished":"2025-06-06T16:32:39+00:00","dateModified":"2025-06-07T16:36:23+00:00","mainEntityOfPage":{"@id":"https:\/\/iacrianca.pt\/en\/2025\/06\/comunicado-a-tragedia-das-criancas-de-gaza\/"},"wordCount":556,"publisher":{"@id":"https:\/\/iacrianca.pt\/en\/#organization"},"image":{"@id":"https:\/\/iacrianca.pt\/en\/2025\/06\/comunicado-a-tragedia-das-criancas-de-gaza\/#primaryimage"},"thumbnailUrl":"https:\/\/iacrianca.pt\/wp-content\/uploads\/2020\/04\/logo-iac-SD.jpg","articleSection":["Not\u00edcias"],"inLanguage":"en-US"},{"@type":"WebPage","@id":"https:\/\/iacrianca.pt\/en\/2025\/06\/comunicado-a-tragedia-das-criancas-de-gaza\/","url":"https:\/\/iacrianca.pt\/en\/2025\/06\/comunicado-a-tragedia-das-criancas-de-gaza\/","name":"Comunicado - A Trag\u00e9dia das Crian\u00e7as de Gaza | Instituto de Apoio \u00e0 Crian\u00e7a","isPartOf":{"@id":"https:\/\/iacrianca.pt\/en\/#website"},"primaryImageOfPage":{"@id":"https:\/\/iacrianca.pt\/en\/2025\/06\/comunicado-a-tragedia-das-criancas-de-gaza\/#primaryimage"},"image":{"@id":"https:\/\/iacrianca.pt\/en\/2025\/06\/comunicado-a-tragedia-das-criancas-de-gaza\/#primaryimage"},"thumbnailUrl":"https:\/\/iacrianca.pt\/wp-content\/uploads\/2020\/04\/logo-iac-SD.jpg","datePublished":"2025-06-06T16:32:39+00:00","dateModified":"2025-06-07T16:36:23+00:00","breadcrumb":{"@id":"https:\/\/iacrianca.pt\/en\/2025\/06\/comunicado-a-tragedia-das-criancas-de-gaza\/#breadcrumb"},"inLanguage":"en-US","potentialAction":[{"@type":"ReadAction","target":["https:\/\/iacrianca.pt\/en\/2025\/06\/comunicado-a-tragedia-das-criancas-de-gaza\/"]}]},{"@type":"ImageObject","inLanguage":"en-US","@id":"https:\/\/iacrianca.pt\/en\/2025\/06\/comunicado-a-tragedia-das-criancas-de-gaza\/#primaryimage","url":"https:\/\/iacrianca.pt\/wp-content\/uploads\/2020\/04\/logo-iac-SD.jpg","contentUrl":"https:\/\/iacrianca.pt\/wp-content\/uploads\/2020\/04\/logo-iac-SD.jpg","width":152,"height":73,"caption":"Instituto de Apoio \u00e0 Crian\u00e7a"},{"@type":"BreadcrumbList","@id":"https:\/\/iacrianca.pt\/en\/2025\/06\/comunicado-a-tragedia-das-criancas-de-gaza\/#breadcrumb","itemListElement":[{"@type":"ListItem","position":1,"name":"In\u00edcio","item":"https:\/\/iacrianca.pt\/en\/"},{"@type":"ListItem","position":2,"name":"Comunicado &#8211; A Trag\u00e9dia das Crian\u00e7as de Gaza"}]},{"@type":"WebSite","@id":"https:\/\/iacrianca.pt\/en\/#website","url":"https:\/\/iacrianca.pt\/en\/","name":"Instituto de Apoio \u00e0 Crian\u00e7a","description":"Desde 1983 na defesa e promo\u00e7\u00e3o dos direitos da crian\u00e7a","publisher":{"@id":"https:\/\/iacrianca.pt\/en\/#organization"},"potentialAction":[{"@type":"SearchAction","target":{"@type":"EntryPoint","urlTemplate":"https:\/\/iacrianca.pt\/en\/?s={search_term_string}"},"query-input":{"@type":"PropertyValueSpecification","valueRequired":true,"valueName":"search_term_string"}}],"inLanguage":"en-US"},{"@type":"Organization","@id":"https:\/\/iacrianca.pt\/en\/#organization","name":"Instituto de Apoio \u00e0 Crian\u00e7a","url":"https:\/\/iacrianca.pt\/en\/","logo":{"@type":"ImageObject","inLanguage":"en-US","@id":"https:\/\/iacrianca.pt\/en\/#\/schema\/logo\/image\/","url":"https:\/\/iacrianca.pt\/wp-content\/uploads\/2020\/04\/logo-iac-SD.jpg","contentUrl":"https:\/\/iacrianca.pt\/wp-content\/uploads\/2020\/04\/logo-iac-SD.jpg","width":152,"height":73,"caption":"Instituto de Apoio \u00e0 Crian\u00e7a"},"image":{"@id":"https:\/\/iacrianca.pt\/en\/#\/schema\/logo\/image\/"},"sameAs":["https:\/\/www.facebook.com\/iacinstitutodeapoioacrianca","https:\/\/x.com\/iacapoiocrianca","https:\/\/www.youtube.com\/channel\/UC0jjfZ_xkN_59gJf_RQ-ZnQ","https:\/\/www.linkedin.com\/company\/instituto-de-apoio--criana\/","https:\/\/www.instagram.com\/iacinstitutodeapoioacrianca\/","https:\/\/criancasatortoeadireitos.wordpress.com\/"]},{"@type":"Person","@id":"https:\/\/iacrianca.pt\/en\/#\/schema\/person\/1c48c6e4b70d0dc7360e4b28ceaa5f6b","name":"Administra\u00e7\u00e3o IAC","image":{"@type":"ImageObject","inLanguage":"en-US","@id":"https:\/\/secure.gravatar.com\/avatar\/60b998c71de37dcc1398fc6d48c6b5ed7533e3ceec837c948055f072e3158ff1?s=96&d=mm&r=g","url":"https:\/\/secure.gravatar.com\/avatar\/60b998c71de37dcc1398fc6d48c6b5ed7533e3ceec837c948055f072e3158ff1?s=96&d=mm&r=g","contentUrl":"https:\/\/secure.gravatar.com\/avatar\/60b998c71de37dcc1398fc6d48c6b5ed7533e3ceec837c948055f072e3158ff1?s=96&d=mm&r=g","caption":"Administra\u00e7\u00e3o IAC"}}]}},"_links":{"self":[{"href":"https:\/\/iacrianca.pt\/en\/wp-json\/wp\/v2\/posts\/25800","targetHints":{"allow":["GET"]}}],"collection":[{"href":"https:\/\/iacrianca.pt\/en\/wp-json\/wp\/v2\/posts"}],"about":[{"href":"https:\/\/iacrianca.pt\/en\/wp-json\/wp\/v2\/types\/post"}],"author":[{"embeddable":true,"href":"https:\/\/iacrianca.pt\/en\/wp-json\/wp\/v2\/users\/2"}],"replies":[{"embeddable":true,"href":"https:\/\/iacrianca.pt\/en\/wp-json\/wp\/v2\/comments?post=25800"}],"version-history":[{"count":0,"href":"https:\/\/iacrianca.pt\/en\/wp-json\/wp\/v2\/posts\/25800\/revisions"}],"wp:featuredmedia":[{"embeddable":true,"href":"https:\/\/iacrianca.pt\/en\/wp-json\/wp\/v2\/media\/2074"}],"wp:attachment":[{"href":"https:\/\/iacrianca.pt\/en\/wp-json\/wp\/v2\/media?parent=25800"}],"wp:term":[{"taxonomy":"category","embeddable":true,"href":"https:\/\/iacrianca.pt\/en\/wp-json\/wp\/v2\/categories?post=25800"},{"taxonomy":"post_tag","embeddable":true,"href":"https:\/\/iacrianca.pt\/en\/wp-json\/wp\/v2\/tags?post=25800"}],"curies":[{"name":"wp","href":"https:\/\/api.w.org\/{rel}","templated":true}]}}