{"id":25852,"date":"2025-07-01T11:17:33","date_gmt":"2025-07-01T10:17:33","guid":{"rendered":"https:\/\/iacrianca.pt\/?p=25852"},"modified":"2025-07-08T14:46:23","modified_gmt":"2025-07-08T13:46:23","slug":"apresentacao-do-compendio-de-atividades-do-projeto-erasmus-g-r-o-w","status":"publish","type":"post","link":"https:\/\/iacrianca.pt\/en\/2025\/07\/apresentacao-do-compendio-de-atividades-do-projeto-erasmus-g-r-o-w\/","title":{"rendered":"Apresenta\u00e7\u00e3o do Comp\u00eandio de Atividades do Projeto Erasmus+ G.R.O.W."},"content":{"rendered":"<p><span data-contrast=\"auto\">O IAC foi um dos parceiros associados do projeto \u201cG.R.O.W \u2013 Growing Our World inside out\u201d proposto pela Associa\u00e7\u00e3o de Pais da Escola B\u00e1sica Hort\u00eansia Diogo Correia em S. Pedro do Estoril e que visou a partilha de experi\u00eancias e conhecimento na \u00e1rea da aprendizagem ao ar livre.<\/span><span data-ccp-props=\"{&quot;201341983&quot;:0,&quot;335559740&quot;:276}\">\u00a0<\/span><\/p>\n<p><span data-contrast=\"auto\">Ao longo de dois anos letivos foram desenvolvidas v\u00e1rias iniciativas, nomeadamente a dinamiza\u00e7\u00e3o de aulas e atividades de enriquecimento curricular ao ar livre, a\u00e7\u00f5es de capacita\u00e7\u00e3o das equipas docente e n\u00e3o docente, palestras, workshops e um concurso de ideias de atividades ao ar livre propostas por toda a comunidade.<\/span><span data-ccp-props=\"{&quot;201341983&quot;:0,&quot;335559740&quot;:276}\">\u00a0<\/span><\/p>\n<p><span data-contrast=\"auto\">Parte dessas atividades est\u00e1 agora dispon\u00edvel no comp\u00eandio que foi lan\u00e7ado a 11 de junho e que re\u00fane igualmente testemunhos das v\u00e1rias entidades envolvidas no projeto. O comp\u00eandio ficar\u00e1 dispon\u00edvel online para inspirar outros contextos educativos a desenvolverem atividades de aprendizagem ao ar livre. <\/span><span data-ccp-props=\"{&quot;201341983&quot;:0,&quot;335559740&quot;:276}\">\u00a0<\/span><\/p>\n<p><span data-contrast=\"auto\">Mais informa\u00e7\u00f5es em <\/span><a href=\"https:\/\/erasmusgrow.com\/\"><span data-contrast=\"none\">https:\/\/erasmusgrow.com\/<\/span><\/a><span data-contrast=\"auto\">\u00a0<\/span><span data-ccp-props=\"{&quot;201341983&quot;:0,&quot;335559740&quot;:276}\">\u00a0<\/span><\/p>\n","protected":false},"excerpt":{"rendered":"<p>O IAC foi um dos parceiros associados do projeto \u201cG.R.O.W \u2013 Growing Our World inside out\u201d proposto pela Associa\u00e7\u00e3o de Pais da Escola B\u00e1sica Hort\u00eansia Diogo Correia em S. Pedro do Estoril e que visou a partilha de experi\u00eancias e conhecimento na \u00e1rea da aprendizagem ao ar livre.\u00a0 Ao longo de dois anos letivos foram&hellip;<\/p>\n","protected":false},"author":2,"featured_media":25853,"comment_status":"closed","ping_status":"open","sticky":false,"template":"","format":"standard","meta":{"_acf_changed":false,"footnotes":""},"categories":[63],"tags":[],"class_list":["post-25852","post","type-post","status-publish","format-standard","has-post-thumbnail","hentry","category-newsletter","category-63","description-off"],"acf":[],"yoast_head":"<!-- This site is optimized with the Yoast SEO plugin v27.5 - https:\/\/yoast.com\/product\/yoast-seo-wordpress\/ -->\n<title>Apresenta\u00e7\u00e3o do Comp\u00eandio de Atividades do Projeto Erasmus+ G.R.O.W. | Instituto de Apoio \u00e0 Crian\u00e7a<\/title>\n<meta name=\"robots\" content=\"index, follow, max-snippet:-1, max-image-preview:large, max-video-preview:-1\" \/>\n<link rel=\"canonical\" href=\"https:\/\/iacrianca.pt\/en\/2025\/07\/apresentacao-do-compendio-de-atividades-do-projeto-erasmus-g-r-o-w\/\" \/>\n<meta property=\"og:locale\" content=\"en_US\" \/>\n<meta property=\"og:type\" content=\"article\" \/>\n<meta property=\"og:title\" content=\"Apresenta\u00e7\u00e3o do Comp\u00eandio de Atividades do Projeto Erasmus+ G.R.O.W. | Instituto de Apoio \u00e0 Crian\u00e7a\" \/>\n<meta property=\"og:description\" content=\"O IAC foi um dos parceiros associados do projeto \u201cG.R.O.W \u2013 Growing Our World inside out\u201d proposto pela Associa\u00e7\u00e3o de Pais da Escola B\u00e1sica Hort\u00eansia Diogo Correia em S. Pedro do Estoril e que visou a partilha de experi\u00eancias e conhecimento na \u00e1rea da aprendizagem ao ar livre.\u00a0 Ao longo de dois anos letivos foram&hellip;\" \/>\n<meta property=\"og:url\" content=\"https:\/\/iacrianca.pt\/en\/2025\/07\/apresentacao-do-compendio-de-atividades-do-projeto-erasmus-g-r-o-w\/\" \/>\n<meta property=\"og:site_name\" content=\"Instituto de Apoio \u00e0 Crian\u00e7a\" \/>\n<meta property=\"article:publisher\" content=\"https:\/\/www.facebook.com\/iacinstitutodeapoioacrianca\" \/>\n<meta property=\"article:published_time\" content=\"2025-07-01T10:17:33+00:00\" \/>\n<meta property=\"article:modified_time\" content=\"2025-07-08T13:46:23+00:00\" \/>\n<meta property=\"og:image\" content=\"https:\/\/iacrianca.pt\/wp-content\/uploads\/grow.jpg\" \/>\n\t<meta property=\"og:image:width\" content=\"799\" \/>\n\t<meta property=\"og:image:height\" content=\"1081\" \/>\n\t<meta property=\"og:image:type\" content=\"image\/jpeg\" \/>\n<meta name=\"author\" content=\"Administra\u00e7\u00e3o IAC\" \/>\n<meta name=\"twitter:card\" content=\"summary_large_image\" \/>\n<meta name=\"twitter:creator\" content=\"@iacapoiocrianca\" \/>\n<meta name=\"twitter:site\" content=\"@iacapoiocrianca\" \/>\n<meta name=\"twitter:label1\" content=\"Written by\" \/>\n\t<meta name=\"twitter:data1\" content=\"Administra\u00e7\u00e3o IAC\" \/>\n\t<meta name=\"twitter:label2\" content=\"Est. reading time\" \/>\n\t<meta name=\"twitter:data2\" content=\"1 minute\" \/>\n<script type=\"application\/ld+json\" class=\"yoast-schema-graph\">{\"@context\":\"https:\\\/\\\/schema.org\",\"@graph\":[{\"@type\":\"Article\",\"@id\":\"https:\\\/\\\/iacrianca.pt\\\/en\\\/2025\\\/07\\\/apresentacao-do-compendio-de-atividades-do-projeto-erasmus-g-r-o-w\\\/#article\",\"isPartOf\":{\"@id\":\"https:\\\/\\\/iacrianca.pt\\\/en\\\/2025\\\/07\\\/apresentacao-do-compendio-de-atividades-do-projeto-erasmus-g-r-o-w\\\/\"},\"author\":{\"name\":\"Administra\u00e7\u00e3o IAC\",\"@id\":\"https:\\\/\\\/iacrianca.pt\\\/en\\\/#\\\/schema\\\/person\\\/1c48c6e4b70d0dc7360e4b28ceaa5f6b\"},\"headline\":\"Apresenta\u00e7\u00e3o do Comp\u00eandio de Atividades do Projeto Erasmus+ G.R.O.W.\",\"datePublished\":\"2025-07-01T10:17:33+00:00\",\"dateModified\":\"2025-07-08T13:46:23+00:00\",\"mainEntityOfPage\":{\"@id\":\"https:\\\/\\\/iacrianca.pt\\\/en\\\/2025\\\/07\\\/apresentacao-do-compendio-de-atividades-do-projeto-erasmus-g-r-o-w\\\/\"},\"wordCount\":179,\"publisher\":{\"@id\":\"https:\\\/\\\/iacrianca.pt\\\/en\\\/#organization\"},\"image\":{\"@id\":\"https:\\\/\\\/iacrianca.pt\\\/en\\\/2025\\\/07\\\/apresentacao-do-compendio-de-atividades-do-projeto-erasmus-g-r-o-w\\\/#primaryimage\"},\"thumbnailUrl\":\"https:\\\/\\\/iacrianca.pt\\\/wp-content\\\/uploads\\\/grow.jpg\",\"articleSection\":[\"Newsletter\"],\"inLanguage\":\"en-US\"},{\"@type\":\"WebPage\",\"@id\":\"https:\\\/\\\/iacrianca.pt\\\/en\\\/2025\\\/07\\\/apresentacao-do-compendio-de-atividades-do-projeto-erasmus-g-r-o-w\\\/\",\"url\":\"https:\\\/\\\/iacrianca.pt\\\/en\\\/2025\\\/07\\\/apresentacao-do-compendio-de-atividades-do-projeto-erasmus-g-r-o-w\\\/\",\"name\":\"Apresenta\u00e7\u00e3o do Comp\u00eandio de Atividades do Projeto Erasmus+ G.R.O.W. | Instituto de Apoio \u00e0 Crian\u00e7a\",\"isPartOf\":{\"@id\":\"https:\\\/\\\/iacrianca.pt\\\/en\\\/#website\"},\"primaryImageOfPage\":{\"@id\":\"https:\\\/\\\/iacrianca.pt\\\/en\\\/2025\\\/07\\\/apresentacao-do-compendio-de-atividades-do-projeto-erasmus-g-r-o-w\\\/#primaryimage\"},\"image\":{\"@id\":\"https:\\\/\\\/iacrianca.pt\\\/en\\\/2025\\\/07\\\/apresentacao-do-compendio-de-atividades-do-projeto-erasmus-g-r-o-w\\\/#primaryimage\"},\"thumbnailUrl\":\"https:\\\/\\\/iacrianca.pt\\\/wp-content\\\/uploads\\\/grow.jpg\",\"datePublished\":\"2025-07-01T10:17:33+00:00\",\"dateModified\":\"2025-07-08T13:46:23+00:00\",\"breadcrumb\":{\"@id\":\"https:\\\/\\\/iacrianca.pt\\\/en\\\/2025\\\/07\\\/apresentacao-do-compendio-de-atividades-do-projeto-erasmus-g-r-o-w\\\/#breadcrumb\"},\"inLanguage\":\"en-US\",\"potentialAction\":[{\"@type\":\"ReadAction\",\"target\":[\"https:\\\/\\\/iacrianca.pt\\\/en\\\/2025\\\/07\\\/apresentacao-do-compendio-de-atividades-do-projeto-erasmus-g-r-o-w\\\/\"]}]},{\"@type\":\"ImageObject\",\"inLanguage\":\"en-US\",\"@id\":\"https:\\\/\\\/iacrianca.pt\\\/en\\\/2025\\\/07\\\/apresentacao-do-compendio-de-atividades-do-projeto-erasmus-g-r-o-w\\\/#primaryimage\",\"url\":\"https:\\\/\\\/iacrianca.pt\\\/wp-content\\\/uploads\\\/grow.jpg\",\"contentUrl\":\"https:\\\/\\\/iacrianca.pt\\\/wp-content\\\/uploads\\\/grow.jpg\",\"width\":799,\"height\":1081},{\"@type\":\"BreadcrumbList\",\"@id\":\"https:\\\/\\\/iacrianca.pt\\\/en\\\/2025\\\/07\\\/apresentacao-do-compendio-de-atividades-do-projeto-erasmus-g-r-o-w\\\/#breadcrumb\",\"itemListElement\":[{\"@type\":\"ListItem\",\"position\":1,\"name\":\"In\u00edcio\",\"item\":\"https:\\\/\\\/iacrianca.pt\\\/en\\\/\"},{\"@type\":\"ListItem\",\"position\":2,\"name\":\"Apresenta\u00e7\u00e3o do Comp\u00eandio de Atividades do Projeto Erasmus+ G.R.O.W.\"}]},{\"@type\":\"WebSite\",\"@id\":\"https:\\\/\\\/iacrianca.pt\\\/en\\\/#website\",\"url\":\"https:\\\/\\\/iacrianca.pt\\\/en\\\/\",\"name\":\"Instituto de Apoio \u00e0 Crian\u00e7a\",\"description\":\"Desde 1983 na defesa e promo\u00e7\u00e3o dos direitos da crian\u00e7a\",\"publisher\":{\"@id\":\"https:\\\/\\\/iacrianca.pt\\\/en\\\/#organization\"},\"potentialAction\":[{\"@type\":\"SearchAction\",\"target\":{\"@type\":\"EntryPoint\",\"urlTemplate\":\"https:\\\/\\\/iacrianca.pt\\\/en\\\/?s={search_term_string}\"},\"query-input\":{\"@type\":\"PropertyValueSpecification\",\"valueRequired\":true,\"valueName\":\"search_term_string\"}}],\"inLanguage\":\"en-US\"},{\"@type\":\"Organization\",\"@id\":\"https:\\\/\\\/iacrianca.pt\\\/en\\\/#organization\",\"name\":\"Instituto de Apoio \u00e0 Crian\u00e7a\",\"url\":\"https:\\\/\\\/iacrianca.pt\\\/en\\\/\",\"logo\":{\"@type\":\"ImageObject\",\"inLanguage\":\"en-US\",\"@id\":\"https:\\\/\\\/iacrianca.pt\\\/en\\\/#\\\/schema\\\/logo\\\/image\\\/\",\"url\":\"https:\\\/\\\/iacrianca.pt\\\/wp-content\\\/uploads\\\/2020\\\/04\\\/logo-iac-SD.jpg\",\"contentUrl\":\"https:\\\/\\\/iacrianca.pt\\\/wp-content\\\/uploads\\\/2020\\\/04\\\/logo-iac-SD.jpg\",\"width\":152,\"height\":73,\"caption\":\"Instituto de Apoio \u00e0 Crian\u00e7a\"},\"image\":{\"@id\":\"https:\\\/\\\/iacrianca.pt\\\/en\\\/#\\\/schema\\\/logo\\\/image\\\/\"},\"sameAs\":[\"https:\\\/\\\/www.facebook.com\\\/iacinstitutodeapoioacrianca\",\"https:\\\/\\\/x.com\\\/iacapoiocrianca\",\"https:\\\/\\\/www.youtube.com\\\/channel\\\/UC0jjfZ_xkN_59gJf_RQ-ZnQ\",\"https:\\\/\\\/www.linkedin.com\\\/company\\\/instituto-de-apoio--criana\\\/\",\"https:\\\/\\\/www.instagram.com\\\/iacinstitutodeapoioacrianca\\\/\",\"https:\\\/\\\/criancasatortoeadireitos.wordpress.com\\\/\"]},{\"@type\":\"Person\",\"@id\":\"https:\\\/\\\/iacrianca.pt\\\/en\\\/#\\\/schema\\\/person\\\/1c48c6e4b70d0dc7360e4b28ceaa5f6b\",\"name\":\"Administra\u00e7\u00e3o IAC\",\"image\":{\"@type\":\"ImageObject\",\"inLanguage\":\"en-US\",\"@id\":\"https:\\\/\\\/secure.gravatar.com\\\/avatar\\\/60b998c71de37dcc1398fc6d48c6b5ed7533e3ceec837c948055f072e3158ff1?s=96&d=mm&r=g\",\"url\":\"https:\\\/\\\/secure.gravatar.com\\\/avatar\\\/60b998c71de37dcc1398fc6d48c6b5ed7533e3ceec837c948055f072e3158ff1?s=96&d=mm&r=g\",\"contentUrl\":\"https:\\\/\\\/secure.gravatar.com\\\/avatar\\\/60b998c71de37dcc1398fc6d48c6b5ed7533e3ceec837c948055f072e3158ff1?s=96&d=mm&r=g\",\"caption\":\"Administra\u00e7\u00e3o IAC\"}}]}<\/script>\n<!-- \/ Yoast SEO plugin. -->","yoast_head_json":{"title":"Apresenta\u00e7\u00e3o do Comp\u00eandio de Atividades do Projeto Erasmus+ G.R.O.W. | Instituto de Apoio \u00e0 Crian\u00e7a","robots":{"index":"index","follow":"follow","max-snippet":"max-snippet:-1","max-image-preview":"max-image-preview:large","max-video-preview":"max-video-preview:-1"},"canonical":"https:\/\/iacrianca.pt\/en\/2025\/07\/apresentacao-do-compendio-de-atividades-do-projeto-erasmus-g-r-o-w\/","og_locale":"en_US","og_type":"article","og_title":"Apresenta\u00e7\u00e3o do Comp\u00eandio de Atividades do Projeto Erasmus+ G.R.O.W. | Instituto de Apoio \u00e0 Crian\u00e7a","og_description":"O IAC foi um dos parceiros associados do projeto \u201cG.R.O.W \u2013 Growing Our World inside out\u201d proposto pela Associa\u00e7\u00e3o de Pais da Escola B\u00e1sica Hort\u00eansia Diogo Correia em S. Pedro do Estoril e que visou a partilha de experi\u00eancias e conhecimento na \u00e1rea da aprendizagem ao ar livre.\u00a0 Ao longo de dois anos letivos foram&hellip;","og_url":"https:\/\/iacrianca.pt\/en\/2025\/07\/apresentacao-do-compendio-de-atividades-do-projeto-erasmus-g-r-o-w\/","og_site_name":"Instituto de Apoio \u00e0 Crian\u00e7a","article_publisher":"https:\/\/www.facebook.com\/iacinstitutodeapoioacrianca","article_published_time":"2025-07-01T10:17:33+00:00","article_modified_time":"2025-07-08T13:46:23+00:00","og_image":[{"width":799,"height":1081,"url":"https:\/\/iacrianca.pt\/wp-content\/uploads\/grow.jpg","type":"image\/jpeg"}],"author":"Administra\u00e7\u00e3o IAC","twitter_card":"summary_large_image","twitter_creator":"@iacapoiocrianca","twitter_site":"@iacapoiocrianca","twitter_misc":{"Written by":"Administra\u00e7\u00e3o IAC","Est. reading time":"1 minute"},"schema":{"@context":"https:\/\/schema.org","@graph":[{"@type":"Article","@id":"https:\/\/iacrianca.pt\/en\/2025\/07\/apresentacao-do-compendio-de-atividades-do-projeto-erasmus-g-r-o-w\/#article","isPartOf":{"@id":"https:\/\/iacrianca.pt\/en\/2025\/07\/apresentacao-do-compendio-de-atividades-do-projeto-erasmus-g-r-o-w\/"},"author":{"name":"Administra\u00e7\u00e3o IAC","@id":"https:\/\/iacrianca.pt\/en\/#\/schema\/person\/1c48c6e4b70d0dc7360e4b28ceaa5f6b"},"headline":"Apresenta\u00e7\u00e3o do Comp\u00eandio de Atividades do Projeto Erasmus+ G.R.O.W.","datePublished":"2025-07-01T10:17:33+00:00","dateModified":"2025-07-08T13:46:23+00:00","mainEntityOfPage":{"@id":"https:\/\/iacrianca.pt\/en\/2025\/07\/apresentacao-do-compendio-de-atividades-do-projeto-erasmus-g-r-o-w\/"},"wordCount":179,"publisher":{"@id":"https:\/\/iacrianca.pt\/en\/#organization"},"image":{"@id":"https:\/\/iacrianca.pt\/en\/2025\/07\/apresentacao-do-compendio-de-atividades-do-projeto-erasmus-g-r-o-w\/#primaryimage"},"thumbnailUrl":"https:\/\/iacrianca.pt\/wp-content\/uploads\/grow.jpg","articleSection":["Newsletter"],"inLanguage":"en-US"},{"@type":"WebPage","@id":"https:\/\/iacrianca.pt\/en\/2025\/07\/apresentacao-do-compendio-de-atividades-do-projeto-erasmus-g-r-o-w\/","url":"https:\/\/iacrianca.pt\/en\/2025\/07\/apresentacao-do-compendio-de-atividades-do-projeto-erasmus-g-r-o-w\/","name":"Apresenta\u00e7\u00e3o do Comp\u00eandio de Atividades do Projeto Erasmus+ G.R.O.W. | Instituto de Apoio \u00e0 Crian\u00e7a","isPartOf":{"@id":"https:\/\/iacrianca.pt\/en\/#website"},"primaryImageOfPage":{"@id":"https:\/\/iacrianca.pt\/en\/2025\/07\/apresentacao-do-compendio-de-atividades-do-projeto-erasmus-g-r-o-w\/#primaryimage"},"image":{"@id":"https:\/\/iacrianca.pt\/en\/2025\/07\/apresentacao-do-compendio-de-atividades-do-projeto-erasmus-g-r-o-w\/#primaryimage"},"thumbnailUrl":"https:\/\/iacrianca.pt\/wp-content\/uploads\/grow.jpg","datePublished":"2025-07-01T10:17:33+00:00","dateModified":"2025-07-08T13:46:23+00:00","breadcrumb":{"@id":"https:\/\/iacrianca.pt\/en\/2025\/07\/apresentacao-do-compendio-de-atividades-do-projeto-erasmus-g-r-o-w\/#breadcrumb"},"inLanguage":"en-US","potentialAction":[{"@type":"ReadAction","target":["https:\/\/iacrianca.pt\/en\/2025\/07\/apresentacao-do-compendio-de-atividades-do-projeto-erasmus-g-r-o-w\/"]}]},{"@type":"ImageObject","inLanguage":"en-US","@id":"https:\/\/iacrianca.pt\/en\/2025\/07\/apresentacao-do-compendio-de-atividades-do-projeto-erasmus-g-r-o-w\/#primaryimage","url":"https:\/\/iacrianca.pt\/wp-content\/uploads\/grow.jpg","contentUrl":"https:\/\/iacrianca.pt\/wp-content\/uploads\/grow.jpg","width":799,"height":1081},{"@type":"BreadcrumbList","@id":"https:\/\/iacrianca.pt\/en\/2025\/07\/apresentacao-do-compendio-de-atividades-do-projeto-erasmus-g-r-o-w\/#breadcrumb","itemListElement":[{"@type":"ListItem","position":1,"name":"In\u00edcio","item":"https:\/\/iacrianca.pt\/en\/"},{"@type":"ListItem","position":2,"name":"Apresenta\u00e7\u00e3o do Comp\u00eandio de Atividades do Projeto Erasmus+ G.R.O.W."}]},{"@type":"WebSite","@id":"https:\/\/iacrianca.pt\/en\/#website","url":"https:\/\/iacrianca.pt\/en\/","name":"Instituto de Apoio \u00e0 Crian\u00e7a","description":"Desde 1983 na defesa e promo\u00e7\u00e3o dos direitos da crian\u00e7a","publisher":{"@id":"https:\/\/iacrianca.pt\/en\/#organization"},"potentialAction":[{"@type":"SearchAction","target":{"@type":"EntryPoint","urlTemplate":"https:\/\/iacrianca.pt\/en\/?s={search_term_string}"},"query-input":{"@type":"PropertyValueSpecification","valueRequired":true,"valueName":"search_term_string"}}],"inLanguage":"en-US"},{"@type":"Organization","@id":"https:\/\/iacrianca.pt\/en\/#organization","name":"Instituto de Apoio \u00e0 Crian\u00e7a","url":"https:\/\/iacrianca.pt\/en\/","logo":{"@type":"ImageObject","inLanguage":"en-US","@id":"https:\/\/iacrianca.pt\/en\/#\/schema\/logo\/image\/","url":"https:\/\/iacrianca.pt\/wp-content\/uploads\/2020\/04\/logo-iac-SD.jpg","contentUrl":"https:\/\/iacrianca.pt\/wp-content\/uploads\/2020\/04\/logo-iac-SD.jpg","width":152,"height":73,"caption":"Instituto de Apoio \u00e0 Crian\u00e7a"},"image":{"@id":"https:\/\/iacrianca.pt\/en\/#\/schema\/logo\/image\/"},"sameAs":["https:\/\/www.facebook.com\/iacinstitutodeapoioacrianca","https:\/\/x.com\/iacapoiocrianca","https:\/\/www.youtube.com\/channel\/UC0jjfZ_xkN_59gJf_RQ-ZnQ","https:\/\/www.linkedin.com\/company\/instituto-de-apoio--criana\/","https:\/\/www.instagram.com\/iacinstitutodeapoioacrianca\/","https:\/\/criancasatortoeadireitos.wordpress.com\/"]},{"@type":"Person","@id":"https:\/\/iacrianca.pt\/en\/#\/schema\/person\/1c48c6e4b70d0dc7360e4b28ceaa5f6b","name":"Administra\u00e7\u00e3o IAC","image":{"@type":"ImageObject","inLanguage":"en-US","@id":"https:\/\/secure.gravatar.com\/avatar\/60b998c71de37dcc1398fc6d48c6b5ed7533e3ceec837c948055f072e3158ff1?s=96&d=mm&r=g","url":"https:\/\/secure.gravatar.com\/avatar\/60b998c71de37dcc1398fc6d48c6b5ed7533e3ceec837c948055f072e3158ff1?s=96&d=mm&r=g","contentUrl":"https:\/\/secure.gravatar.com\/avatar\/60b998c71de37dcc1398fc6d48c6b5ed7533e3ceec837c948055f072e3158ff1?s=96&d=mm&r=g","caption":"Administra\u00e7\u00e3o IAC"}}]}},"_links":{"self":[{"href":"https:\/\/iacrianca.pt\/en\/wp-json\/wp\/v2\/posts\/25852","targetHints":{"allow":["GET"]}}],"collection":[{"href":"https:\/\/iacrianca.pt\/en\/wp-json\/wp\/v2\/posts"}],"about":[{"href":"https:\/\/iacrianca.pt\/en\/wp-json\/wp\/v2\/types\/post"}],"author":[{"embeddable":true,"href":"https:\/\/iacrianca.pt\/en\/wp-json\/wp\/v2\/users\/2"}],"replies":[{"embeddable":true,"href":"https:\/\/iacrianca.pt\/en\/wp-json\/wp\/v2\/comments?post=25852"}],"version-history":[{"count":0,"href":"https:\/\/iacrianca.pt\/en\/wp-json\/wp\/v2\/posts\/25852\/revisions"}],"wp:featuredmedia":[{"embeddable":true,"href":"https:\/\/iacrianca.pt\/en\/wp-json\/wp\/v2\/media\/25853"}],"wp:attachment":[{"href":"https:\/\/iacrianca.pt\/en\/wp-json\/wp\/v2\/media?parent=25852"}],"wp:term":[{"taxonomy":"category","embeddable":true,"href":"https:\/\/iacrianca.pt\/en\/wp-json\/wp\/v2\/categories?post=25852"},{"taxonomy":"post_tag","embeddable":true,"href":"https:\/\/iacrianca.pt\/en\/wp-json\/wp\/v2\/tags?post=25852"}],"curies":[{"name":"wp","href":"https:\/\/api.w.org\/{rel}","templated":true}]}}