{"id":25923,"date":"2025-07-01T15:28:54","date_gmt":"2025-07-01T14:28:54","guid":{"rendered":"https:\/\/iacrianca.pt\/?p=25923"},"modified":"2025-07-04T11:59:49","modified_gmt":"2025-07-04T10:59:49","slug":"juri-certificacao-curso-tecnico-acao-educativa-e-animador-socio-cultural","status":"publish","type":"post","link":"https:\/\/iacrianca.pt\/en\/2025\/07\/juri-certificacao-curso-tecnico-acao-educativa-e-animador-socio-cultural\/","title":{"rendered":"J\u00fari Certifica\u00e7\u00e3o Curso T\u00e9cnico A\u00e7\u00e3o Educativa e Animador S\u00f3cio Cultural"},"content":{"rendered":"<p><span data-olk-copy-source=\"MessageBody\">A convite da ETP Sic\u00f3, Paula Duarte integrou o J\u00fari de Certifica\u00e7\u00e3o Profissional do Curso nas sa\u00eddas profissionais de T\u00e9cnico de A\u00e7\u00e3o Educativa e Animador S\u00f3cio Cultural que teve lugar no dia 4 de junho.<\/span><\/p>\n<p>Fotografias do <a href=\"https:\/\/www.facebook.com\/CentroQualifica.ETPSico\/posts\/pfbid0L5ZSEXc3NrmGnh1E2Cuh2mPjaMP7rv6ff1ddu6r7xtm4NvG1PmZbjcz4HCVKb1Kal?locale=pt_PT\">Centro Qualifica da ETP Sic\u00f3<\/a><\/p>\n<p><img fetchpriority=\"high\" decoding=\"async\" class=\"alignnone wp-image-25924 size-full\" src=\"https:\/\/iacrianca.pt\/wp-content\/uploads\/sico.jpg\" alt=\"\" width=\"1280\" height=\"720\" srcset=\"https:\/\/iacrianca.pt\/wp-content\/uploads\/sico.jpg 1280w, https:\/\/iacrianca.pt\/wp-content\/uploads\/sico-300x169.jpg 300w, https:\/\/iacrianca.pt\/wp-content\/uploads\/sico-1024x576.jpg 1024w, https:\/\/iacrianca.pt\/wp-content\/uploads\/sico-768x432.jpg 768w\" sizes=\"(max-width: 1280px) 100vw, 1280px\" \/> <img decoding=\"async\" class=\"alignnone wp-image-25926 size-full\" src=\"https:\/\/iacrianca.pt\/wp-content\/uploads\/sico2.jpg\" alt=\"\" width=\"1280\" height=\"720\" srcset=\"https:\/\/iacrianca.pt\/wp-content\/uploads\/sico2.jpg 1280w, https:\/\/iacrianca.pt\/wp-content\/uploads\/sico2-300x169.jpg 300w, https:\/\/iacrianca.pt\/wp-content\/uploads\/sico2-1024x576.jpg 1024w, https:\/\/iacrianca.pt\/wp-content\/uploads\/sico2-768x432.jpg 768w\" sizes=\"(max-width: 1280px) 100vw, 1280px\" \/> <img decoding=\"async\" class=\"alignnone wp-image-25928 size-full\" src=\"https:\/\/iacrianca.pt\/wp-content\/uploads\/sico3.jpg\" alt=\"\" width=\"1280\" height=\"720\" srcset=\"https:\/\/iacrianca.pt\/wp-content\/uploads\/sico3.jpg 1280w, https:\/\/iacrianca.pt\/wp-content\/uploads\/sico3-300x169.jpg 300w, https:\/\/iacrianca.pt\/wp-content\/uploads\/sico3-1024x576.jpg 1024w, https:\/\/iacrianca.pt\/wp-content\/uploads\/sico3-768x432.jpg 768w\" sizes=\"(max-width: 1280px) 100vw, 1280px\" \/> <img loading=\"lazy\" decoding=\"async\" class=\"alignnone wp-image-25930 size-full\" src=\"https:\/\/iacrianca.pt\/wp-content\/uploads\/sico4.jpg\" alt=\"\" width=\"1280\" height=\"720\" srcset=\"https:\/\/iacrianca.pt\/wp-content\/uploads\/sico4.jpg 1280w, https:\/\/iacrianca.pt\/wp-content\/uploads\/sico4-300x169.jpg 300w, https:\/\/iacrianca.pt\/wp-content\/uploads\/sico4-1024x576.jpg 1024w, https:\/\/iacrianca.pt\/wp-content\/uploads\/sico4-768x432.jpg 768w\" sizes=\"(max-width: 1280px) 100vw, 1280px\" \/><\/p>\n","protected":false},"excerpt":{"rendered":"<p>A convite da ETP Sic\u00f3, Paula Duarte integrou o J\u00fari de Certifica\u00e7\u00e3o Profissional do Curso nas sa\u00eddas profissionais de T\u00e9cnico de A\u00e7\u00e3o Educativa e Animador S\u00f3cio Cultural que teve lugar no dia 4 de junho. Fotografias do Centro Qualifica da ETP Sic\u00f3<\/p>\n","protected":false},"author":2,"featured_media":26076,"comment_status":"closed","ping_status":"open","sticky":false,"template":"","format":"standard","meta":{"_acf_changed":false,"footnotes":""},"categories":[63],"tags":[],"class_list":["post-25923","post","type-post","status-publish","format-standard","has-post-thumbnail","hentry","category-newsletter","category-63","description-off"],"acf":[],"yoast_head":"<!-- This site is optimized with the Yoast SEO plugin v27.5 - https:\/\/yoast.com\/product\/yoast-seo-wordpress\/ -->\n<title>J\u00fari Certifica\u00e7\u00e3o Curso T\u00e9cnico A\u00e7\u00e3o Educativa e Animador S\u00f3cio Cultural | Instituto de Apoio \u00e0 Crian\u00e7a<\/title>\n<meta name=\"robots\" content=\"index, follow, max-snippet:-1, max-image-preview:large, max-video-preview:-1\" \/>\n<link rel=\"canonical\" href=\"https:\/\/iacrianca.pt\/en\/2025\/07\/juri-certificacao-curso-tecnico-acao-educativa-e-animador-socio-cultural\/\" \/>\n<meta property=\"og:locale\" content=\"en_US\" \/>\n<meta property=\"og:type\" content=\"article\" \/>\n<meta property=\"og:title\" content=\"J\u00fari Certifica\u00e7\u00e3o Curso T\u00e9cnico A\u00e7\u00e3o Educativa e Animador S\u00f3cio Cultural | Instituto de Apoio \u00e0 Crian\u00e7a\" \/>\n<meta property=\"og:description\" content=\"A convite da ETP Sic\u00f3, Paula Duarte integrou o J\u00fari de Certifica\u00e7\u00e3o Profissional do Curso nas sa\u00eddas profissionais de T\u00e9cnico de A\u00e7\u00e3o Educativa e Animador S\u00f3cio Cultural que teve lugar no dia 4 de junho. Fotografias do Centro Qualifica da ETP Sic\u00f3\" \/>\n<meta property=\"og:url\" content=\"https:\/\/iacrianca.pt\/en\/2025\/07\/juri-certificacao-curso-tecnico-acao-educativa-e-animador-socio-cultural\/\" \/>\n<meta property=\"og:site_name\" content=\"Instituto de Apoio \u00e0 Crian\u00e7a\" \/>\n<meta property=\"article:publisher\" content=\"https:\/\/www.facebook.com\/iacinstitutodeapoioacrianca\" \/>\n<meta property=\"article:published_time\" content=\"2025-07-01T14:28:54+00:00\" \/>\n<meta property=\"article:modified_time\" content=\"2025-07-04T10:59:49+00:00\" \/>\n<meta property=\"og:image\" content=\"https:\/\/iacrianca.pt\/wp-content\/uploads\/juri.jpg\" \/>\n\t<meta property=\"og:image:width\" content=\"1280\" \/>\n\t<meta property=\"og:image:height\" content=\"720\" \/>\n\t<meta property=\"og:image:type\" content=\"image\/jpeg\" \/>\n<meta name=\"author\" content=\"Administra\u00e7\u00e3o IAC\" \/>\n<meta name=\"twitter:card\" content=\"summary_large_image\" \/>\n<meta name=\"twitter:creator\" content=\"@iacapoiocrianca\" \/>\n<meta name=\"twitter:site\" content=\"@iacapoiocrianca\" \/>\n<meta name=\"twitter:label1\" content=\"Written by\" \/>\n\t<meta name=\"twitter:data1\" content=\"Administra\u00e7\u00e3o IAC\" \/>\n\t<meta name=\"twitter:label2\" content=\"Est. reading time\" \/>\n\t<meta name=\"twitter:data2\" content=\"2 minutes\" \/>\n<script type=\"application\/ld+json\" class=\"yoast-schema-graph\">{\"@context\":\"https:\\\/\\\/schema.org\",\"@graph\":[{\"@type\":\"Article\",\"@id\":\"https:\\\/\\\/iacrianca.pt\\\/en\\\/2025\\\/07\\\/juri-certificacao-curso-tecnico-acao-educativa-e-animador-socio-cultural\\\/#article\",\"isPartOf\":{\"@id\":\"https:\\\/\\\/iacrianca.pt\\\/en\\\/2025\\\/07\\\/juri-certificacao-curso-tecnico-acao-educativa-e-animador-socio-cultural\\\/\"},\"author\":{\"name\":\"Administra\u00e7\u00e3o IAC\",\"@id\":\"https:\\\/\\\/iacrianca.pt\\\/en\\\/#\\\/schema\\\/person\\\/1c48c6e4b70d0dc7360e4b28ceaa5f6b\"},\"headline\":\"J\u00fari Certifica\u00e7\u00e3o Curso T\u00e9cnico A\u00e7\u00e3o Educativa e Animador S\u00f3cio Cultural\",\"datePublished\":\"2025-07-01T14:28:54+00:00\",\"dateModified\":\"2025-07-04T10:59:49+00:00\",\"mainEntityOfPage\":{\"@id\":\"https:\\\/\\\/iacrianca.pt\\\/en\\\/2025\\\/07\\\/juri-certificacao-curso-tecnico-acao-educativa-e-animador-socio-cultural\\\/\"},\"wordCount\":62,\"publisher\":{\"@id\":\"https:\\\/\\\/iacrianca.pt\\\/en\\\/#organization\"},\"image\":{\"@id\":\"https:\\\/\\\/iacrianca.pt\\\/en\\\/2025\\\/07\\\/juri-certificacao-curso-tecnico-acao-educativa-e-animador-socio-cultural\\\/#primaryimage\"},\"thumbnailUrl\":\"https:\\\/\\\/iacrianca.pt\\\/wp-content\\\/uploads\\\/juri.jpg\",\"articleSection\":[\"Newsletter\"],\"inLanguage\":\"en-US\"},{\"@type\":\"WebPage\",\"@id\":\"https:\\\/\\\/iacrianca.pt\\\/en\\\/2025\\\/07\\\/juri-certificacao-curso-tecnico-acao-educativa-e-animador-socio-cultural\\\/\",\"url\":\"https:\\\/\\\/iacrianca.pt\\\/en\\\/2025\\\/07\\\/juri-certificacao-curso-tecnico-acao-educativa-e-animador-socio-cultural\\\/\",\"name\":\"J\u00fari Certifica\u00e7\u00e3o Curso T\u00e9cnico A\u00e7\u00e3o Educativa e Animador S\u00f3cio Cultural | Instituto de Apoio \u00e0 Crian\u00e7a\",\"isPartOf\":{\"@id\":\"https:\\\/\\\/iacrianca.pt\\\/en\\\/#website\"},\"primaryImageOfPage\":{\"@id\":\"https:\\\/\\\/iacrianca.pt\\\/en\\\/2025\\\/07\\\/juri-certificacao-curso-tecnico-acao-educativa-e-animador-socio-cultural\\\/#primaryimage\"},\"image\":{\"@id\":\"https:\\\/\\\/iacrianca.pt\\\/en\\\/2025\\\/07\\\/juri-certificacao-curso-tecnico-acao-educativa-e-animador-socio-cultural\\\/#primaryimage\"},\"thumbnailUrl\":\"https:\\\/\\\/iacrianca.pt\\\/wp-content\\\/uploads\\\/juri.jpg\",\"datePublished\":\"2025-07-01T14:28:54+00:00\",\"dateModified\":\"2025-07-04T10:59:49+00:00\",\"breadcrumb\":{\"@id\":\"https:\\\/\\\/iacrianca.pt\\\/en\\\/2025\\\/07\\\/juri-certificacao-curso-tecnico-acao-educativa-e-animador-socio-cultural\\\/#breadcrumb\"},\"inLanguage\":\"en-US\",\"potentialAction\":[{\"@type\":\"ReadAction\",\"target\":[\"https:\\\/\\\/iacrianca.pt\\\/en\\\/2025\\\/07\\\/juri-certificacao-curso-tecnico-acao-educativa-e-animador-socio-cultural\\\/\"]}]},{\"@type\":\"ImageObject\",\"inLanguage\":\"en-US\",\"@id\":\"https:\\\/\\\/iacrianca.pt\\\/en\\\/2025\\\/07\\\/juri-certificacao-curso-tecnico-acao-educativa-e-animador-socio-cultural\\\/#primaryimage\",\"url\":\"https:\\\/\\\/iacrianca.pt\\\/wp-content\\\/uploads\\\/juri.jpg\",\"contentUrl\":\"https:\\\/\\\/iacrianca.pt\\\/wp-content\\\/uploads\\\/juri.jpg\",\"width\":1280,\"height\":720},{\"@type\":\"BreadcrumbList\",\"@id\":\"https:\\\/\\\/iacrianca.pt\\\/en\\\/2025\\\/07\\\/juri-certificacao-curso-tecnico-acao-educativa-e-animador-socio-cultural\\\/#breadcrumb\",\"itemListElement\":[{\"@type\":\"ListItem\",\"position\":1,\"name\":\"In\u00edcio\",\"item\":\"https:\\\/\\\/iacrianca.pt\\\/en\\\/\"},{\"@type\":\"ListItem\",\"position\":2,\"name\":\"J\u00fari Certifica\u00e7\u00e3o Curso T\u00e9cnico A\u00e7\u00e3o Educativa e Animador S\u00f3cio Cultural\"}]},{\"@type\":\"WebSite\",\"@id\":\"https:\\\/\\\/iacrianca.pt\\\/en\\\/#website\",\"url\":\"https:\\\/\\\/iacrianca.pt\\\/en\\\/\",\"name\":\"Instituto de Apoio \u00e0 Crian\u00e7a\",\"description\":\"Desde 1983 na defesa e promo\u00e7\u00e3o dos direitos da crian\u00e7a\",\"publisher\":{\"@id\":\"https:\\\/\\\/iacrianca.pt\\\/en\\\/#organization\"},\"potentialAction\":[{\"@type\":\"SearchAction\",\"target\":{\"@type\":\"EntryPoint\",\"urlTemplate\":\"https:\\\/\\\/iacrianca.pt\\\/en\\\/?s={search_term_string}\"},\"query-input\":{\"@type\":\"PropertyValueSpecification\",\"valueRequired\":true,\"valueName\":\"search_term_string\"}}],\"inLanguage\":\"en-US\"},{\"@type\":\"Organization\",\"@id\":\"https:\\\/\\\/iacrianca.pt\\\/en\\\/#organization\",\"name\":\"Instituto de Apoio \u00e0 Crian\u00e7a\",\"url\":\"https:\\\/\\\/iacrianca.pt\\\/en\\\/\",\"logo\":{\"@type\":\"ImageObject\",\"inLanguage\":\"en-US\",\"@id\":\"https:\\\/\\\/iacrianca.pt\\\/en\\\/#\\\/schema\\\/logo\\\/image\\\/\",\"url\":\"https:\\\/\\\/iacrianca.pt\\\/wp-content\\\/uploads\\\/2020\\\/04\\\/logo-iac-SD.jpg\",\"contentUrl\":\"https:\\\/\\\/iacrianca.pt\\\/wp-content\\\/uploads\\\/2020\\\/04\\\/logo-iac-SD.jpg\",\"width\":152,\"height\":73,\"caption\":\"Instituto de Apoio \u00e0 Crian\u00e7a\"},\"image\":{\"@id\":\"https:\\\/\\\/iacrianca.pt\\\/en\\\/#\\\/schema\\\/logo\\\/image\\\/\"},\"sameAs\":[\"https:\\\/\\\/www.facebook.com\\\/iacinstitutodeapoioacrianca\",\"https:\\\/\\\/x.com\\\/iacapoiocrianca\",\"https:\\\/\\\/www.youtube.com\\\/channel\\\/UC0jjfZ_xkN_59gJf_RQ-ZnQ\",\"https:\\\/\\\/www.linkedin.com\\\/company\\\/instituto-de-apoio--criana\\\/\",\"https:\\\/\\\/www.instagram.com\\\/iacinstitutodeapoioacrianca\\\/\",\"https:\\\/\\\/criancasatortoeadireitos.wordpress.com\\\/\"]},{\"@type\":\"Person\",\"@id\":\"https:\\\/\\\/iacrianca.pt\\\/en\\\/#\\\/schema\\\/person\\\/1c48c6e4b70d0dc7360e4b28ceaa5f6b\",\"name\":\"Administra\u00e7\u00e3o IAC\",\"image\":{\"@type\":\"ImageObject\",\"inLanguage\":\"en-US\",\"@id\":\"https:\\\/\\\/secure.gravatar.com\\\/avatar\\\/60b998c71de37dcc1398fc6d48c6b5ed7533e3ceec837c948055f072e3158ff1?s=96&d=mm&r=g\",\"url\":\"https:\\\/\\\/secure.gravatar.com\\\/avatar\\\/60b998c71de37dcc1398fc6d48c6b5ed7533e3ceec837c948055f072e3158ff1?s=96&d=mm&r=g\",\"contentUrl\":\"https:\\\/\\\/secure.gravatar.com\\\/avatar\\\/60b998c71de37dcc1398fc6d48c6b5ed7533e3ceec837c948055f072e3158ff1?s=96&d=mm&r=g\",\"caption\":\"Administra\u00e7\u00e3o IAC\"}}]}<\/script>\n<!-- \/ Yoast SEO plugin. -->","yoast_head_json":{"title":"J\u00fari Certifica\u00e7\u00e3o Curso T\u00e9cnico A\u00e7\u00e3o Educativa e Animador S\u00f3cio Cultural | Instituto de Apoio \u00e0 Crian\u00e7a","robots":{"index":"index","follow":"follow","max-snippet":"max-snippet:-1","max-image-preview":"max-image-preview:large","max-video-preview":"max-video-preview:-1"},"canonical":"https:\/\/iacrianca.pt\/en\/2025\/07\/juri-certificacao-curso-tecnico-acao-educativa-e-animador-socio-cultural\/","og_locale":"en_US","og_type":"article","og_title":"J\u00fari Certifica\u00e7\u00e3o Curso T\u00e9cnico A\u00e7\u00e3o Educativa e Animador S\u00f3cio Cultural | Instituto de Apoio \u00e0 Crian\u00e7a","og_description":"A convite da ETP Sic\u00f3, Paula Duarte integrou o J\u00fari de Certifica\u00e7\u00e3o Profissional do Curso nas sa\u00eddas profissionais de T\u00e9cnico de A\u00e7\u00e3o Educativa e Animador S\u00f3cio Cultural que teve lugar no dia 4 de junho. Fotografias do Centro Qualifica da ETP Sic\u00f3","og_url":"https:\/\/iacrianca.pt\/en\/2025\/07\/juri-certificacao-curso-tecnico-acao-educativa-e-animador-socio-cultural\/","og_site_name":"Instituto de Apoio \u00e0 Crian\u00e7a","article_publisher":"https:\/\/www.facebook.com\/iacinstitutodeapoioacrianca","article_published_time":"2025-07-01T14:28:54+00:00","article_modified_time":"2025-07-04T10:59:49+00:00","og_image":[{"width":1280,"height":720,"url":"https:\/\/iacrianca.pt\/wp-content\/uploads\/juri.jpg","type":"image\/jpeg"}],"author":"Administra\u00e7\u00e3o IAC","twitter_card":"summary_large_image","twitter_creator":"@iacapoiocrianca","twitter_site":"@iacapoiocrianca","twitter_misc":{"Written by":"Administra\u00e7\u00e3o IAC","Est. reading time":"2 minutes"},"schema":{"@context":"https:\/\/schema.org","@graph":[{"@type":"Article","@id":"https:\/\/iacrianca.pt\/en\/2025\/07\/juri-certificacao-curso-tecnico-acao-educativa-e-animador-socio-cultural\/#article","isPartOf":{"@id":"https:\/\/iacrianca.pt\/en\/2025\/07\/juri-certificacao-curso-tecnico-acao-educativa-e-animador-socio-cultural\/"},"author":{"name":"Administra\u00e7\u00e3o IAC","@id":"https:\/\/iacrianca.pt\/en\/#\/schema\/person\/1c48c6e4b70d0dc7360e4b28ceaa5f6b"},"headline":"J\u00fari Certifica\u00e7\u00e3o Curso T\u00e9cnico A\u00e7\u00e3o Educativa e Animador S\u00f3cio Cultural","datePublished":"2025-07-01T14:28:54+00:00","dateModified":"2025-07-04T10:59:49+00:00","mainEntityOfPage":{"@id":"https:\/\/iacrianca.pt\/en\/2025\/07\/juri-certificacao-curso-tecnico-acao-educativa-e-animador-socio-cultural\/"},"wordCount":62,"publisher":{"@id":"https:\/\/iacrianca.pt\/en\/#organization"},"image":{"@id":"https:\/\/iacrianca.pt\/en\/2025\/07\/juri-certificacao-curso-tecnico-acao-educativa-e-animador-socio-cultural\/#primaryimage"},"thumbnailUrl":"https:\/\/iacrianca.pt\/wp-content\/uploads\/juri.jpg","articleSection":["Newsletter"],"inLanguage":"en-US"},{"@type":"WebPage","@id":"https:\/\/iacrianca.pt\/en\/2025\/07\/juri-certificacao-curso-tecnico-acao-educativa-e-animador-socio-cultural\/","url":"https:\/\/iacrianca.pt\/en\/2025\/07\/juri-certificacao-curso-tecnico-acao-educativa-e-animador-socio-cultural\/","name":"J\u00fari Certifica\u00e7\u00e3o Curso T\u00e9cnico A\u00e7\u00e3o Educativa e Animador S\u00f3cio Cultural | Instituto de Apoio \u00e0 Crian\u00e7a","isPartOf":{"@id":"https:\/\/iacrianca.pt\/en\/#website"},"primaryImageOfPage":{"@id":"https:\/\/iacrianca.pt\/en\/2025\/07\/juri-certificacao-curso-tecnico-acao-educativa-e-animador-socio-cultural\/#primaryimage"},"image":{"@id":"https:\/\/iacrianca.pt\/en\/2025\/07\/juri-certificacao-curso-tecnico-acao-educativa-e-animador-socio-cultural\/#primaryimage"},"thumbnailUrl":"https:\/\/iacrianca.pt\/wp-content\/uploads\/juri.jpg","datePublished":"2025-07-01T14:28:54+00:00","dateModified":"2025-07-04T10:59:49+00:00","breadcrumb":{"@id":"https:\/\/iacrianca.pt\/en\/2025\/07\/juri-certificacao-curso-tecnico-acao-educativa-e-animador-socio-cultural\/#breadcrumb"},"inLanguage":"en-US","potentialAction":[{"@type":"ReadAction","target":["https:\/\/iacrianca.pt\/en\/2025\/07\/juri-certificacao-curso-tecnico-acao-educativa-e-animador-socio-cultural\/"]}]},{"@type":"ImageObject","inLanguage":"en-US","@id":"https:\/\/iacrianca.pt\/en\/2025\/07\/juri-certificacao-curso-tecnico-acao-educativa-e-animador-socio-cultural\/#primaryimage","url":"https:\/\/iacrianca.pt\/wp-content\/uploads\/juri.jpg","contentUrl":"https:\/\/iacrianca.pt\/wp-content\/uploads\/juri.jpg","width":1280,"height":720},{"@type":"BreadcrumbList","@id":"https:\/\/iacrianca.pt\/en\/2025\/07\/juri-certificacao-curso-tecnico-acao-educativa-e-animador-socio-cultural\/#breadcrumb","itemListElement":[{"@type":"ListItem","position":1,"name":"In\u00edcio","item":"https:\/\/iacrianca.pt\/en\/"},{"@type":"ListItem","position":2,"name":"J\u00fari Certifica\u00e7\u00e3o Curso T\u00e9cnico A\u00e7\u00e3o Educativa e Animador S\u00f3cio Cultural"}]},{"@type":"WebSite","@id":"https:\/\/iacrianca.pt\/en\/#website","url":"https:\/\/iacrianca.pt\/en\/","name":"Instituto de Apoio \u00e0 Crian\u00e7a","description":"Desde 1983 na defesa e promo\u00e7\u00e3o dos direitos da crian\u00e7a","publisher":{"@id":"https:\/\/iacrianca.pt\/en\/#organization"},"potentialAction":[{"@type":"SearchAction","target":{"@type":"EntryPoint","urlTemplate":"https:\/\/iacrianca.pt\/en\/?s={search_term_string}"},"query-input":{"@type":"PropertyValueSpecification","valueRequired":true,"valueName":"search_term_string"}}],"inLanguage":"en-US"},{"@type":"Organization","@id":"https:\/\/iacrianca.pt\/en\/#organization","name":"Instituto de Apoio \u00e0 Crian\u00e7a","url":"https:\/\/iacrianca.pt\/en\/","logo":{"@type":"ImageObject","inLanguage":"en-US","@id":"https:\/\/iacrianca.pt\/en\/#\/schema\/logo\/image\/","url":"https:\/\/iacrianca.pt\/wp-content\/uploads\/2020\/04\/logo-iac-SD.jpg","contentUrl":"https:\/\/iacrianca.pt\/wp-content\/uploads\/2020\/04\/logo-iac-SD.jpg","width":152,"height":73,"caption":"Instituto de Apoio \u00e0 Crian\u00e7a"},"image":{"@id":"https:\/\/iacrianca.pt\/en\/#\/schema\/logo\/image\/"},"sameAs":["https:\/\/www.facebook.com\/iacinstitutodeapoioacrianca","https:\/\/x.com\/iacapoiocrianca","https:\/\/www.youtube.com\/channel\/UC0jjfZ_xkN_59gJf_RQ-ZnQ","https:\/\/www.linkedin.com\/company\/instituto-de-apoio--criana\/","https:\/\/www.instagram.com\/iacinstitutodeapoioacrianca\/","https:\/\/criancasatortoeadireitos.wordpress.com\/"]},{"@type":"Person","@id":"https:\/\/iacrianca.pt\/en\/#\/schema\/person\/1c48c6e4b70d0dc7360e4b28ceaa5f6b","name":"Administra\u00e7\u00e3o IAC","image":{"@type":"ImageObject","inLanguage":"en-US","@id":"https:\/\/secure.gravatar.com\/avatar\/60b998c71de37dcc1398fc6d48c6b5ed7533e3ceec837c948055f072e3158ff1?s=96&d=mm&r=g","url":"https:\/\/secure.gravatar.com\/avatar\/60b998c71de37dcc1398fc6d48c6b5ed7533e3ceec837c948055f072e3158ff1?s=96&d=mm&r=g","contentUrl":"https:\/\/secure.gravatar.com\/avatar\/60b998c71de37dcc1398fc6d48c6b5ed7533e3ceec837c948055f072e3158ff1?s=96&d=mm&r=g","caption":"Administra\u00e7\u00e3o IAC"}}]}},"_links":{"self":[{"href":"https:\/\/iacrianca.pt\/en\/wp-json\/wp\/v2\/posts\/25923","targetHints":{"allow":["GET"]}}],"collection":[{"href":"https:\/\/iacrianca.pt\/en\/wp-json\/wp\/v2\/posts"}],"about":[{"href":"https:\/\/iacrianca.pt\/en\/wp-json\/wp\/v2\/types\/post"}],"author":[{"embeddable":true,"href":"https:\/\/iacrianca.pt\/en\/wp-json\/wp\/v2\/users\/2"}],"replies":[{"embeddable":true,"href":"https:\/\/iacrianca.pt\/en\/wp-json\/wp\/v2\/comments?post=25923"}],"version-history":[{"count":0,"href":"https:\/\/iacrianca.pt\/en\/wp-json\/wp\/v2\/posts\/25923\/revisions"}],"wp:featuredmedia":[{"embeddable":true,"href":"https:\/\/iacrianca.pt\/en\/wp-json\/wp\/v2\/media\/26076"}],"wp:attachment":[{"href":"https:\/\/iacrianca.pt\/en\/wp-json\/wp\/v2\/media?parent=25923"}],"wp:term":[{"taxonomy":"category","embeddable":true,"href":"https:\/\/iacrianca.pt\/en\/wp-json\/wp\/v2\/categories?post=25923"},{"taxonomy":"post_tag","embeddable":true,"href":"https:\/\/iacrianca.pt\/en\/wp-json\/wp\/v2\/tags?post=25923"}],"curies":[{"name":"wp","href":"https:\/\/api.w.org\/{rel}","templated":true}]}}