{"id":26277,"date":"2025-08-01T15:15:54","date_gmt":"2025-08-01T14:15:54","guid":{"rendered":"https:\/\/iacrianca.pt\/?p=26277"},"modified":"2025-08-08T11:20:29","modified_gmt":"2025-08-08T10:20:29","slug":"mes-de-julho-mete-ferias-ao-barulho","status":"publish","type":"post","link":"https:\/\/iacrianca.pt\/en\/2025\/08\/mes-de-julho-mete-ferias-ao-barulho\/","title":{"rendered":"M\u00eas de Julho mete f\u00e9rias ao barulho"},"content":{"rendered":"<p data-pm-slice=\"1 1 []\">O m\u00eas de julho, marca o in\u00edcio das f\u00e9rias escolares a n\u00edvel nacional e, como tal, no Centro de Apoio Comunit\u00e1rio n\u00e3o poderia ser diferente. \u00c9 gratificante ver que, depois dos t\u00e9cnicos investirem tanto tempo a preparar as atividades das f\u00e9rias, essas ideias saem finalmente do papel e ganham vida, agora sim, com as crian\u00e7as e jovens a viverem alguns sonhos na primeira pessoa.<\/p>\n<p><span data-contrast=\"auto\">Inici\u00e1mos o m\u00eas com uma atividade de pintura de telas, na qual os jovens realizaram o seu projeto individual que depois passaram para a tela com a ajuda dos pinc\u00e9is e das tintas. Este tipo de atividade promove o desenvolvimento de habilidades art\u00edsticas, compet\u00eancias motoras e estimula a criatividade.<\/span><span data-ccp-props=\"{&quot;335551550&quot;:6,&quot;335551620&quot;:6}\">\u00a0<\/span><\/p>\n<p><span data-contrast=\"auto\">Partimos \u00e0 descoberta do Castelo de S\u00e3o Jorge, atividade particularmente interessante uma vez que a maior parte dos nossos jovens nunca o tinha visitado. Do topo da colina mais alta do centro hist\u00f3rico da cidade, os jovens puderam desfrutar da vista panor\u00e2mica sobre Lisboa, vislumbrar o Rio Tejo e todos os bairros antigos ao seu redor. Por entre as muralhas, as torres e os jardins internos, ficaram a conhecer um pouco mais sobre a hist\u00f3ria de Portugal e tamb\u00e9m deram largas \u00e0 sua imagina\u00e7\u00e3o. Todos os momentos ficaram registados pelas lentes e pelos olhares atentos dos t\u00e9cnicos.<\/span><span data-ccp-props=\"{&quot;335551550&quot;:6,&quot;335551620&quot;:6}\">\u00a0<\/span><\/p>\n<p><span data-contrast=\"auto\">Fomos convidados a visitar a Pol\u00edcia Municipal de Monsanto que conta com 28 efetivos e 9 cavalos, distribu\u00eddos entre patrulhamento monitorizado e patrulhas montadas, cuja miss\u00e3o \u00e9 proteger e fiscalizar o Parque Florestal de Monsanto e outros espa\u00e7os verdes da cidade. Conhecemos os est\u00e1bulos, percebemos um pouco das rotinas dos cavalos que l\u00e1 habitam e at\u00e9 assistimos \u00e0 troca de ferraduras de um dos cavalos. As mesmas foram-nos oferecidas como s\u00edmbolo de sorte, para colocarmos no nosso espa\u00e7o.\u00a0<\/span><span data-ccp-props=\"{&quot;335551550&quot;:6,&quot;335551620&quot;:6}\">\u00a0<\/span><\/p>\n<p><span data-contrast=\"auto\">Tivemos a oportunidade de realizar uma visita \u00e0 RTP (R\u00e1dio e Televis\u00e3o de Portugal), mais propriamente ao Museu, que j\u00e1 aguard\u00e1vamos h\u00e1 algum tempo e foi mesmo muito interessante, porque nos permitiu ter uma perspetiva da evolu\u00e7\u00e3o da esta\u00e7\u00e3o ao longo dos anos. Conhecemos a hist\u00f3ria da r\u00e1dio e da televis\u00e3o; percebemos como funcionava antigamente a sonoplastia da r\u00e1dio e alguns viram pela primeira vez uma televis\u00e3o a preto e branco, bem como um telefone de disco. Estas experi\u00eancias contrastam muito bem com a possibilidade das visitas virtuais ao Museu que at\u00e9 possibilitam experi\u00eancias de realidade aumentada. Atendendo aos pedidos dos jovens, conseguimos visitar o est\u00fadio de um conhecido programa da manh\u00e3 e assistimos a um pouco da emiss\u00e3o em direto do Jornal das 12h.<\/span><span data-ccp-props=\"{&quot;335551550&quot;:6,&quot;335551620&quot;:6}\">\u00a0<\/span><\/p>\n<p><span data-contrast=\"auto\">Outra das atividades mais esperadas era o Arborismo que se realizou no Centro Desportivo Nacional do Jamor, onde os jovens puderam explorar em ambiente real, uma conex\u00e3o mais profunda com a natureza. A atividade promoveu, igualmente, o desenvolvimento f\u00edsico e de habilidades motoras; a constru\u00e7\u00e3o de confian\u00e7a e auto-estima; a aprendizagem sobre o meio ambiente e a socializa\u00e7\u00e3o.<\/span><span data-ccp-props=\"{&quot;335551550&quot;:6,&quot;335551620&quot;:6}\">\u00a0<\/span><\/p>\n<p><span data-contrast=\"auto\">Pela primeira vez, visit\u00e1mos tamb\u00e9m o Hello Park em Monsanto, parque de divers\u00f5es, onde as crian\u00e7as entram cheias de energia e saem \u201cde rastos\u201d, de tanto brincarem e se divertirem. <\/span><span data-ccp-props=\"{&quot;335551550&quot;:6,&quot;335551620&quot;:6}\">\u00a0<\/span><\/p>\n<p><span data-contrast=\"auto\">Tivemos a oportunidade de visitar a Quintinha da Pai\u00e3, onde as crian\u00e7as estiveram em contato direto com alguns animais tais como ratos da India, coelhos, ovelhas, cavalos, entre outros.<\/span><span data-ccp-props=\"{&quot;335551550&quot;:6,&quot;335551620&quot;:6}\">\u00a0<\/span><\/p>\n<p><span data-contrast=\"auto\">Rum\u00e1mos ainda a Sintra &#8211; Quinta da Regaleira. Por entre mais de 4 hectares de jardins, quase que nos perdemos no labirinto de lagos, ao contemplar as esculturas de deuses cl\u00e1ssicos e os pavilh\u00f5es decorativos. Descemos a profunda escadaria do Po\u00e7o Inici\u00e1tico, com mais de 27 metros e and\u00e1mos pelos percursos subterr\u00e2neos que ligam o po\u00e7o a outras entradas, criando um ambiente m\u00edstico. Foi um dia muito bem passado.<\/span><span data-ccp-props=\"{&quot;335551550&quot;:6,&quot;335551620&quot;:6}\">\u00a0<\/span><\/p>\n<p><span data-contrast=\"auto\">Al\u00e9m das v\u00e1rias sa\u00eddas, realiz\u00e1mos um atelier de barro, envolvido numa experi\u00eancia sensorial de olhos vendados, que culminou em obras de arte deveras interessantes.<\/span><span data-ccp-props=\"{&quot;335551550&quot;:6,&quot;335551620&quot;:6}\">\u00a0<\/span><\/p>\n<p><span data-contrast=\"auto\">Promovemos um atelier de constru\u00e7\u00e3o de avi\u00f5es, dedicado \u00e0 ci\u00eancia e \u00e0 rob\u00f3tica. A ideia subjacente era \u201cconstr\u00f3i tu mesmo\u201d, para tal os jovens tiveram acesso a um kit individual, constitu\u00eddo por pe\u00e7as que estruturam o avi\u00e3o, pilhas, um circuito el\u00e9trico bem como outros componentes. Por entre falhas e acertos todos atingiram o objetivo final que foi divertirem-se e brincarem com o avi\u00e3o constru\u00eddo por eles.<\/span><span data-ccp-props=\"{&quot;335551550&quot;:6,&quot;335551620&quot;:6}\">\u00a0<\/span><\/p>\n<p><span data-contrast=\"auto\">Com o calor que se fez sentir, n\u00e3o dispens\u00e1mos os famosos jogos de \u00e1gua que, para al\u00e9m de proporcionar momentos de divers\u00e3o, promoveu o trabalho de equipa. O mais importante era garantir que ningu\u00e9m ficasse seco e nem os t\u00e9cnicos escaparam!<\/span><span data-ccp-props=\"{&quot;335551550&quot;:6,&quot;335551620&quot;:6}\">\u00a0<\/span><\/p>\n<p><span data-contrast=\"auto\">Como as f\u00e9rias tamb\u00e9m servem para refor\u00e7ar os h\u00e1bitos de vida saud\u00e1vel, realiz\u00e1mos um atelier de lanche saud\u00e1vel, depois de responderem a um question\u00e1rio sobre essa mesma tem\u00e1tica. Foram sugeridas v\u00e1rias op\u00e7\u00f5es de lanches saud\u00e1veis e esperamos que os jovens as ponham em pr\u00e1tica.\u00a0<\/span><span data-ccp-props=\"{&quot;335551550&quot;:6,&quot;335551620&quot;:6}\">\u00a0<\/span><\/p>\n<p><span data-contrast=\"auto\">Por \u00faltimo, mas n\u00e3o menos importante, organiz\u00e1mos um torneio de futebol, como forma de incentivo \u00e0 pr\u00e1tica de desporto, fomentando o esp\u00edrito competitivo e contribuindo para a sa\u00fade mental e emocional.<\/span><span data-ccp-props=\"{&quot;335551550&quot;:6,&quot;335551620&quot;:6}\">\u00a0<\/span><\/p>\n<p><span data-contrast=\"auto\">Foi um m\u00eas muito preenchido e guardamos com carinho todos os momentos vividos, todas as aprendizagens adquiridas e esperamos que agosto venha somar mais momentos como estes!<\/span><span data-ccp-props=\"{&quot;335551550&quot;:6,&quot;335551620&quot;:6}\">\u00a0<\/span><\/p>\n<p><img fetchpriority=\"high\" decoding=\"async\" class=\"alignnone wp-image-26285 size-full\" src=\"https:\/\/iacrianca.pt\/wp-content\/uploads\/cac2-5.jpg\" alt=\"\" width=\"1013\" height=\"711\" srcset=\"https:\/\/iacrianca.pt\/wp-content\/uploads\/cac2-5.jpg 1013w, https:\/\/iacrianca.pt\/wp-content\/uploads\/cac2-5-300x211.jpg 300w, https:\/\/iacrianca.pt\/wp-content\/uploads\/cac2-5-768x539.jpg 768w\" sizes=\"(max-width: 1013px) 100vw, 1013px\" \/><\/p>\n<p><img decoding=\"async\" class=\"alignnone wp-image-26287 size-full\" src=\"https:\/\/iacrianca.pt\/wp-content\/uploads\/cac3-2.jpg\" alt=\"\" width=\"1213\" height=\"920\" srcset=\"https:\/\/iacrianca.pt\/wp-content\/uploads\/cac3-2.jpg 1213w, https:\/\/iacrianca.pt\/wp-content\/uploads\/cac3-2-300x228.jpg 300w, https:\/\/iacrianca.pt\/wp-content\/uploads\/cac3-2-1024x777.jpg 1024w, https:\/\/iacrianca.pt\/wp-content\/uploads\/cac3-2-768x582.jpg 768w\" sizes=\"(max-width: 1213px) 100vw, 1213px\" \/><\/p>\n<p><img decoding=\"async\" class=\"alignnone wp-image-26289 size-full\" src=\"https:\/\/iacrianca.pt\/wp-content\/uploads\/cac-mes-de-julho-mete-ferias-ao-barulho-7.jpeg\" alt=\"\" width=\"2000\" height=\"1500\" srcset=\"https:\/\/iacrianca.pt\/wp-content\/uploads\/cac-mes-de-julho-mete-ferias-ao-barulho-7.jpeg 2000w, https:\/\/iacrianca.pt\/wp-content\/uploads\/cac-mes-de-julho-mete-ferias-ao-barulho-7-300x225.jpeg 300w, https:\/\/iacrianca.pt\/wp-content\/uploads\/cac-mes-de-julho-mete-ferias-ao-barulho-7-1024x768.jpeg 1024w, https:\/\/iacrianca.pt\/wp-content\/uploads\/cac-mes-de-julho-mete-ferias-ao-barulho-7-768x576.jpeg 768w, https:\/\/iacrianca.pt\/wp-content\/uploads\/cac-mes-de-julho-mete-ferias-ao-barulho-7-1536x1152.jpeg 1536w\" sizes=\"(max-width: 2000px) 100vw, 2000px\" \/><\/p>\n<p><img loading=\"lazy\" decoding=\"async\" class=\"alignnone wp-image-26291 size-full\" src=\"https:\/\/iacrianca.pt\/wp-content\/uploads\/cac-mes-de-julho-mete-ferias-ao-barulho-12.jpeg\" alt=\"\" width=\"1500\" height=\"2000\" srcset=\"https:\/\/iacrianca.pt\/wp-content\/uploads\/cac-mes-de-julho-mete-ferias-ao-barulho-12.jpeg 1500w, https:\/\/iacrianca.pt\/wp-content\/uploads\/cac-mes-de-julho-mete-ferias-ao-barulho-12-225x300.jpeg 225w, https:\/\/iacrianca.pt\/wp-content\/uploads\/cac-mes-de-julho-mete-ferias-ao-barulho-12-768x1024.jpeg 768w, https:\/\/iacrianca.pt\/wp-content\/uploads\/cac-mes-de-julho-mete-ferias-ao-barulho-12-1152x1536.jpeg 1152w\" sizes=\"(max-width: 1500px) 100vw, 1500px\" \/><\/p>\n<p><img loading=\"lazy\" decoding=\"async\" class=\"alignnone wp-image-26293 size-full\" src=\"https:\/\/iacrianca.pt\/wp-content\/uploads\/cac-mes-de-julho-mete-ferias-ao-barulho-8.jpeg\" alt=\"\" width=\"2000\" height=\"1500\" srcset=\"https:\/\/iacrianca.pt\/wp-content\/uploads\/cac-mes-de-julho-mete-ferias-ao-barulho-8.jpeg 2000w, https:\/\/iacrianca.pt\/wp-content\/uploads\/cac-mes-de-julho-mete-ferias-ao-barulho-8-300x225.jpeg 300w, https:\/\/iacrianca.pt\/wp-content\/uploads\/cac-mes-de-julho-mete-ferias-ao-barulho-8-1024x768.jpeg 1024w, https:\/\/iacrianca.pt\/wp-content\/uploads\/cac-mes-de-julho-mete-ferias-ao-barulho-8-768x576.jpeg 768w, https:\/\/iacrianca.pt\/wp-content\/uploads\/cac-mes-de-julho-mete-ferias-ao-barulho-8-1536x1152.jpeg 1536w\" sizes=\"(max-width: 2000px) 100vw, 2000px\" \/><\/p>\n<p><img loading=\"lazy\" decoding=\"async\" class=\"alignnone wp-image-26295 size-full\" src=\"https:\/\/iacrianca.pt\/wp-content\/uploads\/cac4-2.jpg\" alt=\"\" width=\"1248\" height=\"811\" srcset=\"https:\/\/iacrianca.pt\/wp-content\/uploads\/cac4-2.jpg 1248w, https:\/\/iacrianca.pt\/wp-content\/uploads\/cac4-2-300x195.jpg 300w, https:\/\/iacrianca.pt\/wp-content\/uploads\/cac4-2-1024x665.jpg 1024w, https:\/\/iacrianca.pt\/wp-content\/uploads\/cac4-2-768x499.jpg 768w\" sizes=\"(max-width: 1248px) 100vw, 1248px\" \/><\/p>\n","protected":false},"excerpt":{"rendered":"<p>O m\u00eas de julho, marca o in\u00edcio das f\u00e9rias escolares a n\u00edvel nacional e, como tal, no Centro de Apoio Comunit\u00e1rio n\u00e3o poderia ser diferente. \u00c9 gratificante ver que, depois dos t\u00e9cnicos investirem tanto tempo a preparar as atividades das f\u00e9rias, essas ideias saem finalmente do papel e ganham vida, agora sim, com as crian\u00e7as&hellip;<\/p>\n","protected":false},"author":2,"featured_media":26283,"comment_status":"closed","ping_status":"open","sticky":false,"template":"","format":"standard","meta":{"_acf_changed":false,"footnotes":""},"categories":[63],"tags":[],"class_list":["post-26277","post","type-post","status-publish","format-standard","has-post-thumbnail","hentry","category-newsletter","category-63","description-off"],"acf":[],"yoast_head":"<!-- This site is optimized with the Yoast SEO plugin v27.5 - https:\/\/yoast.com\/product\/yoast-seo-wordpress\/ -->\n<title>M\u00eas de Julho mete f\u00e9rias ao barulho | Instituto de Apoio \u00e0 Crian\u00e7a<\/title>\n<meta name=\"robots\" content=\"index, follow, max-snippet:-1, max-image-preview:large, max-video-preview:-1\" \/>\n<link rel=\"canonical\" href=\"https:\/\/iacrianca.pt\/en\/2025\/08\/mes-de-julho-mete-ferias-ao-barulho\/\" \/>\n<meta property=\"og:locale\" content=\"en_US\" \/>\n<meta property=\"og:type\" content=\"article\" \/>\n<meta property=\"og:title\" content=\"M\u00eas de Julho mete f\u00e9rias ao barulho | Instituto de Apoio \u00e0 Crian\u00e7a\" \/>\n<meta property=\"og:description\" content=\"O m\u00eas de julho, marca o in\u00edcio das f\u00e9rias escolares a n\u00edvel nacional e, como tal, no Centro de Apoio Comunit\u00e1rio n\u00e3o poderia ser diferente. \u00c9 gratificante ver que, depois dos t\u00e9cnicos investirem tanto tempo a preparar as atividades das f\u00e9rias, essas ideias saem finalmente do papel e ganham vida, agora sim, com as crian\u00e7as&hellip;\" \/>\n<meta property=\"og:url\" content=\"https:\/\/iacrianca.pt\/en\/2025\/08\/mes-de-julho-mete-ferias-ao-barulho\/\" \/>\n<meta property=\"og:site_name\" content=\"Instituto de Apoio \u00e0 Crian\u00e7a\" \/>\n<meta property=\"article:publisher\" content=\"https:\/\/www.facebook.com\/iacinstitutodeapoioacrianca\" \/>\n<meta property=\"article:published_time\" content=\"2025-08-01T14:15:54+00:00\" \/>\n<meta property=\"article:modified_time\" content=\"2025-08-08T10:20:29+00:00\" \/>\n<meta property=\"og:image\" content=\"https:\/\/iacrianca.pt\/wp-content\/uploads\/cac-6.jpg\" \/>\n\t<meta property=\"og:image:width\" content=\"957\" \/>\n\t<meta property=\"og:image:height\" content=\"647\" \/>\n\t<meta property=\"og:image:type\" content=\"image\/jpeg\" \/>\n<meta name=\"author\" content=\"Administra\u00e7\u00e3o IAC\" \/>\n<meta name=\"twitter:card\" content=\"summary_large_image\" \/>\n<meta name=\"twitter:creator\" content=\"@iacapoiocrianca\" \/>\n<meta name=\"twitter:site\" content=\"@iacapoiocrianca\" \/>\n<meta name=\"twitter:label1\" content=\"Written by\" \/>\n\t<meta name=\"twitter:data1\" content=\"Administra\u00e7\u00e3o IAC\" \/>\n\t<meta name=\"twitter:label2\" content=\"Est. reading time\" \/>\n\t<meta name=\"twitter:data2\" content=\"6 minutes\" \/>\n<script type=\"application\/ld+json\" class=\"yoast-schema-graph\">{\"@context\":\"https:\\\/\\\/schema.org\",\"@graph\":[{\"@type\":\"Article\",\"@id\":\"https:\\\/\\\/iacrianca.pt\\\/en\\\/2025\\\/08\\\/mes-de-julho-mete-ferias-ao-barulho\\\/#article\",\"isPartOf\":{\"@id\":\"https:\\\/\\\/iacrianca.pt\\\/en\\\/2025\\\/08\\\/mes-de-julho-mete-ferias-ao-barulho\\\/\"},\"author\":{\"name\":\"Administra\u00e7\u00e3o IAC\",\"@id\":\"https:\\\/\\\/iacrianca.pt\\\/en\\\/#\\\/schema\\\/person\\\/1c48c6e4b70d0dc7360e4b28ceaa5f6b\"},\"headline\":\"M\u00eas de Julho mete f\u00e9rias ao barulho\",\"datePublished\":\"2025-08-01T14:15:54+00:00\",\"dateModified\":\"2025-08-08T10:20:29+00:00\",\"mainEntityOfPage\":{\"@id\":\"https:\\\/\\\/iacrianca.pt\\\/en\\\/2025\\\/08\\\/mes-de-julho-mete-ferias-ao-barulho\\\/\"},\"wordCount\":930,\"publisher\":{\"@id\":\"https:\\\/\\\/iacrianca.pt\\\/en\\\/#organization\"},\"image\":{\"@id\":\"https:\\\/\\\/iacrianca.pt\\\/en\\\/2025\\\/08\\\/mes-de-julho-mete-ferias-ao-barulho\\\/#primaryimage\"},\"thumbnailUrl\":\"https:\\\/\\\/iacrianca.pt\\\/wp-content\\\/uploads\\\/cac-6.jpg\",\"articleSection\":[\"Newsletter\"],\"inLanguage\":\"en-US\"},{\"@type\":\"WebPage\",\"@id\":\"https:\\\/\\\/iacrianca.pt\\\/en\\\/2025\\\/08\\\/mes-de-julho-mete-ferias-ao-barulho\\\/\",\"url\":\"https:\\\/\\\/iacrianca.pt\\\/en\\\/2025\\\/08\\\/mes-de-julho-mete-ferias-ao-barulho\\\/\",\"name\":\"M\u00eas de Julho mete f\u00e9rias ao barulho | Instituto de Apoio \u00e0 Crian\u00e7a\",\"isPartOf\":{\"@id\":\"https:\\\/\\\/iacrianca.pt\\\/en\\\/#website\"},\"primaryImageOfPage\":{\"@id\":\"https:\\\/\\\/iacrianca.pt\\\/en\\\/2025\\\/08\\\/mes-de-julho-mete-ferias-ao-barulho\\\/#primaryimage\"},\"image\":{\"@id\":\"https:\\\/\\\/iacrianca.pt\\\/en\\\/2025\\\/08\\\/mes-de-julho-mete-ferias-ao-barulho\\\/#primaryimage\"},\"thumbnailUrl\":\"https:\\\/\\\/iacrianca.pt\\\/wp-content\\\/uploads\\\/cac-6.jpg\",\"datePublished\":\"2025-08-01T14:15:54+00:00\",\"dateModified\":\"2025-08-08T10:20:29+00:00\",\"breadcrumb\":{\"@id\":\"https:\\\/\\\/iacrianca.pt\\\/en\\\/2025\\\/08\\\/mes-de-julho-mete-ferias-ao-barulho\\\/#breadcrumb\"},\"inLanguage\":\"en-US\",\"potentialAction\":[{\"@type\":\"ReadAction\",\"target\":[\"https:\\\/\\\/iacrianca.pt\\\/en\\\/2025\\\/08\\\/mes-de-julho-mete-ferias-ao-barulho\\\/\"]}]},{\"@type\":\"ImageObject\",\"inLanguage\":\"en-US\",\"@id\":\"https:\\\/\\\/iacrianca.pt\\\/en\\\/2025\\\/08\\\/mes-de-julho-mete-ferias-ao-barulho\\\/#primaryimage\",\"url\":\"https:\\\/\\\/iacrianca.pt\\\/wp-content\\\/uploads\\\/cac-6.jpg\",\"contentUrl\":\"https:\\\/\\\/iacrianca.pt\\\/wp-content\\\/uploads\\\/cac-6.jpg\",\"width\":957,\"height\":647},{\"@type\":\"BreadcrumbList\",\"@id\":\"https:\\\/\\\/iacrianca.pt\\\/en\\\/2025\\\/08\\\/mes-de-julho-mete-ferias-ao-barulho\\\/#breadcrumb\",\"itemListElement\":[{\"@type\":\"ListItem\",\"position\":1,\"name\":\"In\u00edcio\",\"item\":\"https:\\\/\\\/iacrianca.pt\\\/en\\\/\"},{\"@type\":\"ListItem\",\"position\":2,\"name\":\"M\u00eas de Julho mete f\u00e9rias ao barulho\"}]},{\"@type\":\"WebSite\",\"@id\":\"https:\\\/\\\/iacrianca.pt\\\/en\\\/#website\",\"url\":\"https:\\\/\\\/iacrianca.pt\\\/en\\\/\",\"name\":\"Instituto de Apoio \u00e0 Crian\u00e7a\",\"description\":\"Desde 1983 na defesa e promo\u00e7\u00e3o dos direitos da crian\u00e7a\",\"publisher\":{\"@id\":\"https:\\\/\\\/iacrianca.pt\\\/en\\\/#organization\"},\"potentialAction\":[{\"@type\":\"SearchAction\",\"target\":{\"@type\":\"EntryPoint\",\"urlTemplate\":\"https:\\\/\\\/iacrianca.pt\\\/en\\\/?s={search_term_string}\"},\"query-input\":{\"@type\":\"PropertyValueSpecification\",\"valueRequired\":true,\"valueName\":\"search_term_string\"}}],\"inLanguage\":\"en-US\"},{\"@type\":\"Organization\",\"@id\":\"https:\\\/\\\/iacrianca.pt\\\/en\\\/#organization\",\"name\":\"Instituto de Apoio \u00e0 Crian\u00e7a\",\"url\":\"https:\\\/\\\/iacrianca.pt\\\/en\\\/\",\"logo\":{\"@type\":\"ImageObject\",\"inLanguage\":\"en-US\",\"@id\":\"https:\\\/\\\/iacrianca.pt\\\/en\\\/#\\\/schema\\\/logo\\\/image\\\/\",\"url\":\"https:\\\/\\\/iacrianca.pt\\\/wp-content\\\/uploads\\\/2020\\\/04\\\/logo-iac-SD.jpg\",\"contentUrl\":\"https:\\\/\\\/iacrianca.pt\\\/wp-content\\\/uploads\\\/2020\\\/04\\\/logo-iac-SD.jpg\",\"width\":152,\"height\":73,\"caption\":\"Instituto de Apoio \u00e0 Crian\u00e7a\"},\"image\":{\"@id\":\"https:\\\/\\\/iacrianca.pt\\\/en\\\/#\\\/schema\\\/logo\\\/image\\\/\"},\"sameAs\":[\"https:\\\/\\\/www.facebook.com\\\/iacinstitutodeapoioacrianca\",\"https:\\\/\\\/x.com\\\/iacapoiocrianca\",\"https:\\\/\\\/www.youtube.com\\\/channel\\\/UC0jjfZ_xkN_59gJf_RQ-ZnQ\",\"https:\\\/\\\/www.linkedin.com\\\/company\\\/instituto-de-apoio--criana\\\/\",\"https:\\\/\\\/www.instagram.com\\\/iacinstitutodeapoioacrianca\\\/\",\"https:\\\/\\\/criancasatortoeadireitos.wordpress.com\\\/\"]},{\"@type\":\"Person\",\"@id\":\"https:\\\/\\\/iacrianca.pt\\\/en\\\/#\\\/schema\\\/person\\\/1c48c6e4b70d0dc7360e4b28ceaa5f6b\",\"name\":\"Administra\u00e7\u00e3o IAC\",\"image\":{\"@type\":\"ImageObject\",\"inLanguage\":\"en-US\",\"@id\":\"https:\\\/\\\/secure.gravatar.com\\\/avatar\\\/60b998c71de37dcc1398fc6d48c6b5ed7533e3ceec837c948055f072e3158ff1?s=96&d=mm&r=g\",\"url\":\"https:\\\/\\\/secure.gravatar.com\\\/avatar\\\/60b998c71de37dcc1398fc6d48c6b5ed7533e3ceec837c948055f072e3158ff1?s=96&d=mm&r=g\",\"contentUrl\":\"https:\\\/\\\/secure.gravatar.com\\\/avatar\\\/60b998c71de37dcc1398fc6d48c6b5ed7533e3ceec837c948055f072e3158ff1?s=96&d=mm&r=g\",\"caption\":\"Administra\u00e7\u00e3o IAC\"}}]}<\/script>\n<!-- \/ Yoast SEO plugin. -->","yoast_head_json":{"title":"M\u00eas de Julho mete f\u00e9rias ao barulho | Instituto de Apoio \u00e0 Crian\u00e7a","robots":{"index":"index","follow":"follow","max-snippet":"max-snippet:-1","max-image-preview":"max-image-preview:large","max-video-preview":"max-video-preview:-1"},"canonical":"https:\/\/iacrianca.pt\/en\/2025\/08\/mes-de-julho-mete-ferias-ao-barulho\/","og_locale":"en_US","og_type":"article","og_title":"M\u00eas de Julho mete f\u00e9rias ao barulho | Instituto de Apoio \u00e0 Crian\u00e7a","og_description":"O m\u00eas de julho, marca o in\u00edcio das f\u00e9rias escolares a n\u00edvel nacional e, como tal, no Centro de Apoio Comunit\u00e1rio n\u00e3o poderia ser diferente. \u00c9 gratificante ver que, depois dos t\u00e9cnicos investirem tanto tempo a preparar as atividades das f\u00e9rias, essas ideias saem finalmente do papel e ganham vida, agora sim, com as crian\u00e7as&hellip;","og_url":"https:\/\/iacrianca.pt\/en\/2025\/08\/mes-de-julho-mete-ferias-ao-barulho\/","og_site_name":"Instituto de Apoio \u00e0 Crian\u00e7a","article_publisher":"https:\/\/www.facebook.com\/iacinstitutodeapoioacrianca","article_published_time":"2025-08-01T14:15:54+00:00","article_modified_time":"2025-08-08T10:20:29+00:00","og_image":[{"width":957,"height":647,"url":"https:\/\/iacrianca.pt\/wp-content\/uploads\/cac-6.jpg","type":"image\/jpeg"}],"author":"Administra\u00e7\u00e3o IAC","twitter_card":"summary_large_image","twitter_creator":"@iacapoiocrianca","twitter_site":"@iacapoiocrianca","twitter_misc":{"Written by":"Administra\u00e7\u00e3o IAC","Est. reading time":"6 minutes"},"schema":{"@context":"https:\/\/schema.org","@graph":[{"@type":"Article","@id":"https:\/\/iacrianca.pt\/en\/2025\/08\/mes-de-julho-mete-ferias-ao-barulho\/#article","isPartOf":{"@id":"https:\/\/iacrianca.pt\/en\/2025\/08\/mes-de-julho-mete-ferias-ao-barulho\/"},"author":{"name":"Administra\u00e7\u00e3o IAC","@id":"https:\/\/iacrianca.pt\/en\/#\/schema\/person\/1c48c6e4b70d0dc7360e4b28ceaa5f6b"},"headline":"M\u00eas de Julho mete f\u00e9rias ao barulho","datePublished":"2025-08-01T14:15:54+00:00","dateModified":"2025-08-08T10:20:29+00:00","mainEntityOfPage":{"@id":"https:\/\/iacrianca.pt\/en\/2025\/08\/mes-de-julho-mete-ferias-ao-barulho\/"},"wordCount":930,"publisher":{"@id":"https:\/\/iacrianca.pt\/en\/#organization"},"image":{"@id":"https:\/\/iacrianca.pt\/en\/2025\/08\/mes-de-julho-mete-ferias-ao-barulho\/#primaryimage"},"thumbnailUrl":"https:\/\/iacrianca.pt\/wp-content\/uploads\/cac-6.jpg","articleSection":["Newsletter"],"inLanguage":"en-US"},{"@type":"WebPage","@id":"https:\/\/iacrianca.pt\/en\/2025\/08\/mes-de-julho-mete-ferias-ao-barulho\/","url":"https:\/\/iacrianca.pt\/en\/2025\/08\/mes-de-julho-mete-ferias-ao-barulho\/","name":"M\u00eas de Julho mete f\u00e9rias ao barulho | Instituto de Apoio \u00e0 Crian\u00e7a","isPartOf":{"@id":"https:\/\/iacrianca.pt\/en\/#website"},"primaryImageOfPage":{"@id":"https:\/\/iacrianca.pt\/en\/2025\/08\/mes-de-julho-mete-ferias-ao-barulho\/#primaryimage"},"image":{"@id":"https:\/\/iacrianca.pt\/en\/2025\/08\/mes-de-julho-mete-ferias-ao-barulho\/#primaryimage"},"thumbnailUrl":"https:\/\/iacrianca.pt\/wp-content\/uploads\/cac-6.jpg","datePublished":"2025-08-01T14:15:54+00:00","dateModified":"2025-08-08T10:20:29+00:00","breadcrumb":{"@id":"https:\/\/iacrianca.pt\/en\/2025\/08\/mes-de-julho-mete-ferias-ao-barulho\/#breadcrumb"},"inLanguage":"en-US","potentialAction":[{"@type":"ReadAction","target":["https:\/\/iacrianca.pt\/en\/2025\/08\/mes-de-julho-mete-ferias-ao-barulho\/"]}]},{"@type":"ImageObject","inLanguage":"en-US","@id":"https:\/\/iacrianca.pt\/en\/2025\/08\/mes-de-julho-mete-ferias-ao-barulho\/#primaryimage","url":"https:\/\/iacrianca.pt\/wp-content\/uploads\/cac-6.jpg","contentUrl":"https:\/\/iacrianca.pt\/wp-content\/uploads\/cac-6.jpg","width":957,"height":647},{"@type":"BreadcrumbList","@id":"https:\/\/iacrianca.pt\/en\/2025\/08\/mes-de-julho-mete-ferias-ao-barulho\/#breadcrumb","itemListElement":[{"@type":"ListItem","position":1,"name":"In\u00edcio","item":"https:\/\/iacrianca.pt\/en\/"},{"@type":"ListItem","position":2,"name":"M\u00eas de Julho mete f\u00e9rias ao barulho"}]},{"@type":"WebSite","@id":"https:\/\/iacrianca.pt\/en\/#website","url":"https:\/\/iacrianca.pt\/en\/","name":"Instituto de Apoio \u00e0 Crian\u00e7a","description":"Desde 1983 na defesa e promo\u00e7\u00e3o dos direitos da crian\u00e7a","publisher":{"@id":"https:\/\/iacrianca.pt\/en\/#organization"},"potentialAction":[{"@type":"SearchAction","target":{"@type":"EntryPoint","urlTemplate":"https:\/\/iacrianca.pt\/en\/?s={search_term_string}"},"query-input":{"@type":"PropertyValueSpecification","valueRequired":true,"valueName":"search_term_string"}}],"inLanguage":"en-US"},{"@type":"Organization","@id":"https:\/\/iacrianca.pt\/en\/#organization","name":"Instituto de Apoio \u00e0 Crian\u00e7a","url":"https:\/\/iacrianca.pt\/en\/","logo":{"@type":"ImageObject","inLanguage":"en-US","@id":"https:\/\/iacrianca.pt\/en\/#\/schema\/logo\/image\/","url":"https:\/\/iacrianca.pt\/wp-content\/uploads\/2020\/04\/logo-iac-SD.jpg","contentUrl":"https:\/\/iacrianca.pt\/wp-content\/uploads\/2020\/04\/logo-iac-SD.jpg","width":152,"height":73,"caption":"Instituto de Apoio \u00e0 Crian\u00e7a"},"image":{"@id":"https:\/\/iacrianca.pt\/en\/#\/schema\/logo\/image\/"},"sameAs":["https:\/\/www.facebook.com\/iacinstitutodeapoioacrianca","https:\/\/x.com\/iacapoiocrianca","https:\/\/www.youtube.com\/channel\/UC0jjfZ_xkN_59gJf_RQ-ZnQ","https:\/\/www.linkedin.com\/company\/instituto-de-apoio--criana\/","https:\/\/www.instagram.com\/iacinstitutodeapoioacrianca\/","https:\/\/criancasatortoeadireitos.wordpress.com\/"]},{"@type":"Person","@id":"https:\/\/iacrianca.pt\/en\/#\/schema\/person\/1c48c6e4b70d0dc7360e4b28ceaa5f6b","name":"Administra\u00e7\u00e3o IAC","image":{"@type":"ImageObject","inLanguage":"en-US","@id":"https:\/\/secure.gravatar.com\/avatar\/60b998c71de37dcc1398fc6d48c6b5ed7533e3ceec837c948055f072e3158ff1?s=96&d=mm&r=g","url":"https:\/\/secure.gravatar.com\/avatar\/60b998c71de37dcc1398fc6d48c6b5ed7533e3ceec837c948055f072e3158ff1?s=96&d=mm&r=g","contentUrl":"https:\/\/secure.gravatar.com\/avatar\/60b998c71de37dcc1398fc6d48c6b5ed7533e3ceec837c948055f072e3158ff1?s=96&d=mm&r=g","caption":"Administra\u00e7\u00e3o IAC"}}]}},"_links":{"self":[{"href":"https:\/\/iacrianca.pt\/en\/wp-json\/wp\/v2\/posts\/26277","targetHints":{"allow":["GET"]}}],"collection":[{"href":"https:\/\/iacrianca.pt\/en\/wp-json\/wp\/v2\/posts"}],"about":[{"href":"https:\/\/iacrianca.pt\/en\/wp-json\/wp\/v2\/types\/post"}],"author":[{"embeddable":true,"href":"https:\/\/iacrianca.pt\/en\/wp-json\/wp\/v2\/users\/2"}],"replies":[{"embeddable":true,"href":"https:\/\/iacrianca.pt\/en\/wp-json\/wp\/v2\/comments?post=26277"}],"version-history":[{"count":0,"href":"https:\/\/iacrianca.pt\/en\/wp-json\/wp\/v2\/posts\/26277\/revisions"}],"wp:featuredmedia":[{"embeddable":true,"href":"https:\/\/iacrianca.pt\/en\/wp-json\/wp\/v2\/media\/26283"}],"wp:attachment":[{"href":"https:\/\/iacrianca.pt\/en\/wp-json\/wp\/v2\/media?parent=26277"}],"wp:term":[{"taxonomy":"category","embeddable":true,"href":"https:\/\/iacrianca.pt\/en\/wp-json\/wp\/v2\/categories?post=26277"},{"taxonomy":"post_tag","embeddable":true,"href":"https:\/\/iacrianca.pt\/en\/wp-json\/wp\/v2\/tags?post=26277"}],"curies":[{"name":"wp","href":"https:\/\/api.w.org\/{rel}","templated":true}]}}