{"id":26357,"date":"2025-08-04T11:48:06","date_gmt":"2025-08-04T10:48:06","guid":{"rendered":"https:\/\/iacrianca.pt\/?p=26357"},"modified":"2025-09-03T15:39:45","modified_gmt":"2025-09-03T14:39:45","slug":"arrumar-o-ano-letivo","status":"publish","type":"post","link":"https:\/\/iacrianca.pt\/en\/2025\/08\/arrumar-o-ano-letivo\/","title":{"rendered":"Arrumar o Ano Letivo"},"content":{"rendered":"<p>O ano letivo 2024\/2025 foi, simultaneamente, desafiante e gratificante. Chegou o momento de refletir sobre o trabalho desenvolvido. Cada ano letivo \u00e9 uma hist\u00f3ria que d\u00e1 voz \u00e0s crian\u00e7as e \u00e0s suas necessidades. S\u00e3o guardados padr\u00f5es invis\u00edveis que orientam decis\u00f5es humanas. Olhar de modo reflexivo para o passado ajuda-nos a melhorar o futuro. O programa Aidhound \u00e9, de facto, uma casa, onde constam tantas gavetas quanto o trabalho realizado. Pretende-se uma vis\u00e3o global do ano letivo, pass\u00edvel de ser mensur\u00e1vel. Deste modo, julho destaca-se como um m\u00eas avaliativo.<\/p>\n<p>\u00c9 de extrema import\u00e2ncia concluir o ano letivo anterior, de modo a organizar o ano letivo seguinte. O registo de todos os procedimentos efetuados \u00e9 relevante por diversos motivos: facilita a avalia\u00e7\u00e3o do projeto, ou seja, permite refletir de modo concreto acerca dos resultados face aos objetivos propostos; possibilita a verifica\u00e7\u00e3o de limita\u00e7\u00f5es e potencialidades relacionadas com o projeto e, consequentemente, incrementa mudan\u00e7a e melhoria, mas tamb\u00e9m investimento; agiliza a divulga\u00e7\u00e3o do projeto, com maior probabilidade de aceita\u00e7\u00e3o; cria uma continuidade e estabelece rela\u00e7\u00f5es.<\/p>\n<p>Ora, seria de esperar que dados estat\u00edsticos fossem apenas n\u00fameros, mas quando tratados com rigor, sensibilidade e sentido cr\u00edtico, transformam-se em hist\u00f3rias. Cada ano letivo \u00e9 uma hist\u00f3ria que d\u00e1 voz \u00e0s crian\u00e7as e \u00e0s suas necessidades. S\u00e3o guardados padr\u00f5es invis\u00edveis que orientam decis\u00f5es humanas. Olhar de modo reflexivo para o passado, ajuda-nos a melhorar o futuro.<\/p>\n<p>&nbsp;<\/p>\n<p>Projeto financiado pelo PRR &#8211; Plano de Recupera\u00e7\u00e3o e Resili\u00eancia<\/p>\n<p><a href=\"http:\/\/www.recuperarportugal.gov.pt\">http:\/\/www.recuperarportugal.gov.pt<\/a><\/p>\n<p>#ContruirOFuturo #ConstruirFuturos #Recupera\u00e7\u00e3oEmA\u00e7\u00e3o<\/p>\n","protected":false},"excerpt":{"rendered":"<p>O ano letivo 2024\/2025 foi, simultaneamente, desafiante e gratificante. Chegou o momento de refletir sobre o trabalho desenvolvido. Cada ano letivo \u00e9 uma hist\u00f3ria que d\u00e1 voz \u00e0s crian\u00e7as e \u00e0s suas necessidades. S\u00e3o guardados padr\u00f5es invis\u00edveis que orientam decis\u00f5es humanas. Olhar de modo reflexivo para o passado ajuda-nos a melhorar o futuro. O programa&hellip;<\/p>\n","protected":false},"author":2,"featured_media":26360,"comment_status":"closed","ping_status":"open","sticky":false,"template":"","format":"standard","meta":{"_acf_changed":false,"footnotes":""},"categories":[63],"tags":[],"class_list":["post-26357","post","type-post","status-publish","format-standard","has-post-thumbnail","hentry","category-newsletter","category-63","description-off"],"acf":[],"yoast_head":"<!-- This site is optimized with the Yoast SEO plugin v27.5 - https:\/\/yoast.com\/product\/yoast-seo-wordpress\/ -->\n<title>Arrumar o Ano Letivo | Instituto de Apoio \u00e0 Crian\u00e7a<\/title>\n<meta name=\"robots\" content=\"index, follow, max-snippet:-1, max-image-preview:large, max-video-preview:-1\" \/>\n<link rel=\"canonical\" href=\"https:\/\/iacrianca.pt\/en\/2025\/08\/arrumar-o-ano-letivo\/\" \/>\n<meta property=\"og:locale\" content=\"en_US\" \/>\n<meta property=\"og:type\" content=\"article\" \/>\n<meta property=\"og:title\" content=\"Arrumar o Ano Letivo | Instituto de Apoio \u00e0 Crian\u00e7a\" \/>\n<meta property=\"og:description\" content=\"O ano letivo 2024\/2025 foi, simultaneamente, desafiante e gratificante. Chegou o momento de refletir sobre o trabalho desenvolvido. Cada ano letivo \u00e9 uma hist\u00f3ria que d\u00e1 voz \u00e0s crian\u00e7as e \u00e0s suas necessidades. S\u00e3o guardados padr\u00f5es invis\u00edveis que orientam decis\u00f5es humanas. Olhar de modo reflexivo para o passado ajuda-nos a melhorar o futuro. O programa&hellip;\" \/>\n<meta property=\"og:url\" content=\"https:\/\/iacrianca.pt\/en\/2025\/08\/arrumar-o-ano-letivo\/\" \/>\n<meta property=\"og:site_name\" content=\"Instituto de Apoio \u00e0 Crian\u00e7a\" \/>\n<meta property=\"article:publisher\" content=\"https:\/\/www.facebook.com\/iacinstitutodeapoioacrianca\" \/>\n<meta property=\"article:published_time\" content=\"2025-08-04T10:48:06+00:00\" \/>\n<meta property=\"article:modified_time\" content=\"2025-09-03T14:39:45+00:00\" \/>\n<meta property=\"og:image\" content=\"https:\/\/iacrianca.pt\/wp-content\/uploads\/alfai.jpg\" \/>\n\t<meta property=\"og:image:width\" content=\"1500\" \/>\n\t<meta property=\"og:image:height\" content=\"1561\" \/>\n\t<meta property=\"og:image:type\" content=\"image\/jpeg\" \/>\n<meta name=\"author\" content=\"Administra\u00e7\u00e3o IAC\" \/>\n<meta name=\"twitter:card\" content=\"summary_large_image\" \/>\n<meta name=\"twitter:creator\" content=\"@iacapoiocrianca\" \/>\n<meta name=\"twitter:site\" content=\"@iacapoiocrianca\" \/>\n<meta name=\"twitter:label1\" content=\"Written by\" \/>\n\t<meta name=\"twitter:data1\" content=\"Administra\u00e7\u00e3o IAC\" \/>\n\t<meta name=\"twitter:label2\" content=\"Est. reading time\" \/>\n\t<meta name=\"twitter:data2\" content=\"2 minutes\" \/>\n<script type=\"application\/ld+json\" class=\"yoast-schema-graph\">{\"@context\":\"https:\\\/\\\/schema.org\",\"@graph\":[{\"@type\":\"Article\",\"@id\":\"https:\\\/\\\/iacrianca.pt\\\/en\\\/2025\\\/08\\\/arrumar-o-ano-letivo\\\/#article\",\"isPartOf\":{\"@id\":\"https:\\\/\\\/iacrianca.pt\\\/en\\\/2025\\\/08\\\/arrumar-o-ano-letivo\\\/\"},\"author\":{\"name\":\"Administra\u00e7\u00e3o IAC\",\"@id\":\"https:\\\/\\\/iacrianca.pt\\\/en\\\/#\\\/schema\\\/person\\\/1c48c6e4b70d0dc7360e4b28ceaa5f6b\"},\"headline\":\"Arrumar o Ano Letivo\",\"datePublished\":\"2025-08-04T10:48:06+00:00\",\"dateModified\":\"2025-09-03T14:39:45+00:00\",\"mainEntityOfPage\":{\"@id\":\"https:\\\/\\\/iacrianca.pt\\\/en\\\/2025\\\/08\\\/arrumar-o-ano-letivo\\\/\"},\"wordCount\":279,\"publisher\":{\"@id\":\"https:\\\/\\\/iacrianca.pt\\\/en\\\/#organization\"},\"image\":{\"@id\":\"https:\\\/\\\/iacrianca.pt\\\/en\\\/2025\\\/08\\\/arrumar-o-ano-letivo\\\/#primaryimage\"},\"thumbnailUrl\":\"https:\\\/\\\/iacrianca.pt\\\/wp-content\\\/uploads\\\/alfai.jpg\",\"articleSection\":[\"Newsletter\"],\"inLanguage\":\"en-US\"},{\"@type\":\"WebPage\",\"@id\":\"https:\\\/\\\/iacrianca.pt\\\/en\\\/2025\\\/08\\\/arrumar-o-ano-letivo\\\/\",\"url\":\"https:\\\/\\\/iacrianca.pt\\\/en\\\/2025\\\/08\\\/arrumar-o-ano-letivo\\\/\",\"name\":\"Arrumar o Ano Letivo | Instituto de Apoio \u00e0 Crian\u00e7a\",\"isPartOf\":{\"@id\":\"https:\\\/\\\/iacrianca.pt\\\/en\\\/#website\"},\"primaryImageOfPage\":{\"@id\":\"https:\\\/\\\/iacrianca.pt\\\/en\\\/2025\\\/08\\\/arrumar-o-ano-letivo\\\/#primaryimage\"},\"image\":{\"@id\":\"https:\\\/\\\/iacrianca.pt\\\/en\\\/2025\\\/08\\\/arrumar-o-ano-letivo\\\/#primaryimage\"},\"thumbnailUrl\":\"https:\\\/\\\/iacrianca.pt\\\/wp-content\\\/uploads\\\/alfai.jpg\",\"datePublished\":\"2025-08-04T10:48:06+00:00\",\"dateModified\":\"2025-09-03T14:39:45+00:00\",\"breadcrumb\":{\"@id\":\"https:\\\/\\\/iacrianca.pt\\\/en\\\/2025\\\/08\\\/arrumar-o-ano-letivo\\\/#breadcrumb\"},\"inLanguage\":\"en-US\",\"potentialAction\":[{\"@type\":\"ReadAction\",\"target\":[\"https:\\\/\\\/iacrianca.pt\\\/en\\\/2025\\\/08\\\/arrumar-o-ano-letivo\\\/\"]}]},{\"@type\":\"ImageObject\",\"inLanguage\":\"en-US\",\"@id\":\"https:\\\/\\\/iacrianca.pt\\\/en\\\/2025\\\/08\\\/arrumar-o-ano-letivo\\\/#primaryimage\",\"url\":\"https:\\\/\\\/iacrianca.pt\\\/wp-content\\\/uploads\\\/alfai.jpg\",\"contentUrl\":\"https:\\\/\\\/iacrianca.pt\\\/wp-content\\\/uploads\\\/alfai.jpg\",\"width\":1500,\"height\":1561},{\"@type\":\"BreadcrumbList\",\"@id\":\"https:\\\/\\\/iacrianca.pt\\\/en\\\/2025\\\/08\\\/arrumar-o-ano-letivo\\\/#breadcrumb\",\"itemListElement\":[{\"@type\":\"ListItem\",\"position\":1,\"name\":\"In\u00edcio\",\"item\":\"https:\\\/\\\/iacrianca.pt\\\/en\\\/\"},{\"@type\":\"ListItem\",\"position\":2,\"name\":\"Arrumar o Ano Letivo\"}]},{\"@type\":\"WebSite\",\"@id\":\"https:\\\/\\\/iacrianca.pt\\\/en\\\/#website\",\"url\":\"https:\\\/\\\/iacrianca.pt\\\/en\\\/\",\"name\":\"Instituto de Apoio \u00e0 Crian\u00e7a\",\"description\":\"Desde 1983 na defesa e promo\u00e7\u00e3o dos direitos da crian\u00e7a\",\"publisher\":{\"@id\":\"https:\\\/\\\/iacrianca.pt\\\/en\\\/#organization\"},\"potentialAction\":[{\"@type\":\"SearchAction\",\"target\":{\"@type\":\"EntryPoint\",\"urlTemplate\":\"https:\\\/\\\/iacrianca.pt\\\/en\\\/?s={search_term_string}\"},\"query-input\":{\"@type\":\"PropertyValueSpecification\",\"valueRequired\":true,\"valueName\":\"search_term_string\"}}],\"inLanguage\":\"en-US\"},{\"@type\":\"Organization\",\"@id\":\"https:\\\/\\\/iacrianca.pt\\\/en\\\/#organization\",\"name\":\"Instituto de Apoio \u00e0 Crian\u00e7a\",\"url\":\"https:\\\/\\\/iacrianca.pt\\\/en\\\/\",\"logo\":{\"@type\":\"ImageObject\",\"inLanguage\":\"en-US\",\"@id\":\"https:\\\/\\\/iacrianca.pt\\\/en\\\/#\\\/schema\\\/logo\\\/image\\\/\",\"url\":\"https:\\\/\\\/iacrianca.pt\\\/wp-content\\\/uploads\\\/2020\\\/04\\\/logo-iac-SD.jpg\",\"contentUrl\":\"https:\\\/\\\/iacrianca.pt\\\/wp-content\\\/uploads\\\/2020\\\/04\\\/logo-iac-SD.jpg\",\"width\":152,\"height\":73,\"caption\":\"Instituto de Apoio \u00e0 Crian\u00e7a\"},\"image\":{\"@id\":\"https:\\\/\\\/iacrianca.pt\\\/en\\\/#\\\/schema\\\/logo\\\/image\\\/\"},\"sameAs\":[\"https:\\\/\\\/www.facebook.com\\\/iacinstitutodeapoioacrianca\",\"https:\\\/\\\/x.com\\\/iacapoiocrianca\",\"https:\\\/\\\/www.youtube.com\\\/channel\\\/UC0jjfZ_xkN_59gJf_RQ-ZnQ\",\"https:\\\/\\\/www.linkedin.com\\\/company\\\/instituto-de-apoio--criana\\\/\",\"https:\\\/\\\/www.instagram.com\\\/iacinstitutodeapoioacrianca\\\/\",\"https:\\\/\\\/criancasatortoeadireitos.wordpress.com\\\/\"]},{\"@type\":\"Person\",\"@id\":\"https:\\\/\\\/iacrianca.pt\\\/en\\\/#\\\/schema\\\/person\\\/1c48c6e4b70d0dc7360e4b28ceaa5f6b\",\"name\":\"Administra\u00e7\u00e3o IAC\",\"image\":{\"@type\":\"ImageObject\",\"inLanguage\":\"en-US\",\"@id\":\"https:\\\/\\\/secure.gravatar.com\\\/avatar\\\/60b998c71de37dcc1398fc6d48c6b5ed7533e3ceec837c948055f072e3158ff1?s=96&d=mm&r=g\",\"url\":\"https:\\\/\\\/secure.gravatar.com\\\/avatar\\\/60b998c71de37dcc1398fc6d48c6b5ed7533e3ceec837c948055f072e3158ff1?s=96&d=mm&r=g\",\"contentUrl\":\"https:\\\/\\\/secure.gravatar.com\\\/avatar\\\/60b998c71de37dcc1398fc6d48c6b5ed7533e3ceec837c948055f072e3158ff1?s=96&d=mm&r=g\",\"caption\":\"Administra\u00e7\u00e3o IAC\"}}]}<\/script>\n<!-- \/ Yoast SEO plugin. -->","yoast_head_json":{"title":"Arrumar o Ano Letivo | Instituto de Apoio \u00e0 Crian\u00e7a","robots":{"index":"index","follow":"follow","max-snippet":"max-snippet:-1","max-image-preview":"max-image-preview:large","max-video-preview":"max-video-preview:-1"},"canonical":"https:\/\/iacrianca.pt\/en\/2025\/08\/arrumar-o-ano-letivo\/","og_locale":"en_US","og_type":"article","og_title":"Arrumar o Ano Letivo | Instituto de Apoio \u00e0 Crian\u00e7a","og_description":"O ano letivo 2024\/2025 foi, simultaneamente, desafiante e gratificante. Chegou o momento de refletir sobre o trabalho desenvolvido. Cada ano letivo \u00e9 uma hist\u00f3ria que d\u00e1 voz \u00e0s crian\u00e7as e \u00e0s suas necessidades. S\u00e3o guardados padr\u00f5es invis\u00edveis que orientam decis\u00f5es humanas. Olhar de modo reflexivo para o passado ajuda-nos a melhorar o futuro. O programa&hellip;","og_url":"https:\/\/iacrianca.pt\/en\/2025\/08\/arrumar-o-ano-letivo\/","og_site_name":"Instituto de Apoio \u00e0 Crian\u00e7a","article_publisher":"https:\/\/www.facebook.com\/iacinstitutodeapoioacrianca","article_published_time":"2025-08-04T10:48:06+00:00","article_modified_time":"2025-09-03T14:39:45+00:00","og_image":[{"width":1500,"height":1561,"url":"https:\/\/iacrianca.pt\/wp-content\/uploads\/alfai.jpg","type":"image\/jpeg"}],"author":"Administra\u00e7\u00e3o IAC","twitter_card":"summary_large_image","twitter_creator":"@iacapoiocrianca","twitter_site":"@iacapoiocrianca","twitter_misc":{"Written by":"Administra\u00e7\u00e3o IAC","Est. reading time":"2 minutes"},"schema":{"@context":"https:\/\/schema.org","@graph":[{"@type":"Article","@id":"https:\/\/iacrianca.pt\/en\/2025\/08\/arrumar-o-ano-letivo\/#article","isPartOf":{"@id":"https:\/\/iacrianca.pt\/en\/2025\/08\/arrumar-o-ano-letivo\/"},"author":{"name":"Administra\u00e7\u00e3o IAC","@id":"https:\/\/iacrianca.pt\/en\/#\/schema\/person\/1c48c6e4b70d0dc7360e4b28ceaa5f6b"},"headline":"Arrumar o Ano Letivo","datePublished":"2025-08-04T10:48:06+00:00","dateModified":"2025-09-03T14:39:45+00:00","mainEntityOfPage":{"@id":"https:\/\/iacrianca.pt\/en\/2025\/08\/arrumar-o-ano-letivo\/"},"wordCount":279,"publisher":{"@id":"https:\/\/iacrianca.pt\/en\/#organization"},"image":{"@id":"https:\/\/iacrianca.pt\/en\/2025\/08\/arrumar-o-ano-letivo\/#primaryimage"},"thumbnailUrl":"https:\/\/iacrianca.pt\/wp-content\/uploads\/alfai.jpg","articleSection":["Newsletter"],"inLanguage":"en-US"},{"@type":"WebPage","@id":"https:\/\/iacrianca.pt\/en\/2025\/08\/arrumar-o-ano-letivo\/","url":"https:\/\/iacrianca.pt\/en\/2025\/08\/arrumar-o-ano-letivo\/","name":"Arrumar o Ano Letivo | Instituto de Apoio \u00e0 Crian\u00e7a","isPartOf":{"@id":"https:\/\/iacrianca.pt\/en\/#website"},"primaryImageOfPage":{"@id":"https:\/\/iacrianca.pt\/en\/2025\/08\/arrumar-o-ano-letivo\/#primaryimage"},"image":{"@id":"https:\/\/iacrianca.pt\/en\/2025\/08\/arrumar-o-ano-letivo\/#primaryimage"},"thumbnailUrl":"https:\/\/iacrianca.pt\/wp-content\/uploads\/alfai.jpg","datePublished":"2025-08-04T10:48:06+00:00","dateModified":"2025-09-03T14:39:45+00:00","breadcrumb":{"@id":"https:\/\/iacrianca.pt\/en\/2025\/08\/arrumar-o-ano-letivo\/#breadcrumb"},"inLanguage":"en-US","potentialAction":[{"@type":"ReadAction","target":["https:\/\/iacrianca.pt\/en\/2025\/08\/arrumar-o-ano-letivo\/"]}]},{"@type":"ImageObject","inLanguage":"en-US","@id":"https:\/\/iacrianca.pt\/en\/2025\/08\/arrumar-o-ano-letivo\/#primaryimage","url":"https:\/\/iacrianca.pt\/wp-content\/uploads\/alfai.jpg","contentUrl":"https:\/\/iacrianca.pt\/wp-content\/uploads\/alfai.jpg","width":1500,"height":1561},{"@type":"BreadcrumbList","@id":"https:\/\/iacrianca.pt\/en\/2025\/08\/arrumar-o-ano-letivo\/#breadcrumb","itemListElement":[{"@type":"ListItem","position":1,"name":"In\u00edcio","item":"https:\/\/iacrianca.pt\/en\/"},{"@type":"ListItem","position":2,"name":"Arrumar o Ano Letivo"}]},{"@type":"WebSite","@id":"https:\/\/iacrianca.pt\/en\/#website","url":"https:\/\/iacrianca.pt\/en\/","name":"Instituto de Apoio \u00e0 Crian\u00e7a","description":"Desde 1983 na defesa e promo\u00e7\u00e3o dos direitos da crian\u00e7a","publisher":{"@id":"https:\/\/iacrianca.pt\/en\/#organization"},"potentialAction":[{"@type":"SearchAction","target":{"@type":"EntryPoint","urlTemplate":"https:\/\/iacrianca.pt\/en\/?s={search_term_string}"},"query-input":{"@type":"PropertyValueSpecification","valueRequired":true,"valueName":"search_term_string"}}],"inLanguage":"en-US"},{"@type":"Organization","@id":"https:\/\/iacrianca.pt\/en\/#organization","name":"Instituto de Apoio \u00e0 Crian\u00e7a","url":"https:\/\/iacrianca.pt\/en\/","logo":{"@type":"ImageObject","inLanguage":"en-US","@id":"https:\/\/iacrianca.pt\/en\/#\/schema\/logo\/image\/","url":"https:\/\/iacrianca.pt\/wp-content\/uploads\/2020\/04\/logo-iac-SD.jpg","contentUrl":"https:\/\/iacrianca.pt\/wp-content\/uploads\/2020\/04\/logo-iac-SD.jpg","width":152,"height":73,"caption":"Instituto de Apoio \u00e0 Crian\u00e7a"},"image":{"@id":"https:\/\/iacrianca.pt\/en\/#\/schema\/logo\/image\/"},"sameAs":["https:\/\/www.facebook.com\/iacinstitutodeapoioacrianca","https:\/\/x.com\/iacapoiocrianca","https:\/\/www.youtube.com\/channel\/UC0jjfZ_xkN_59gJf_RQ-ZnQ","https:\/\/www.linkedin.com\/company\/instituto-de-apoio--criana\/","https:\/\/www.instagram.com\/iacinstitutodeapoioacrianca\/","https:\/\/criancasatortoeadireitos.wordpress.com\/"]},{"@type":"Person","@id":"https:\/\/iacrianca.pt\/en\/#\/schema\/person\/1c48c6e4b70d0dc7360e4b28ceaa5f6b","name":"Administra\u00e7\u00e3o IAC","image":{"@type":"ImageObject","inLanguage":"en-US","@id":"https:\/\/secure.gravatar.com\/avatar\/60b998c71de37dcc1398fc6d48c6b5ed7533e3ceec837c948055f072e3158ff1?s=96&d=mm&r=g","url":"https:\/\/secure.gravatar.com\/avatar\/60b998c71de37dcc1398fc6d48c6b5ed7533e3ceec837c948055f072e3158ff1?s=96&d=mm&r=g","contentUrl":"https:\/\/secure.gravatar.com\/avatar\/60b998c71de37dcc1398fc6d48c6b5ed7533e3ceec837c948055f072e3158ff1?s=96&d=mm&r=g","caption":"Administra\u00e7\u00e3o IAC"}}]}},"_links":{"self":[{"href":"https:\/\/iacrianca.pt\/en\/wp-json\/wp\/v2\/posts\/26357","targetHints":{"allow":["GET"]}}],"collection":[{"href":"https:\/\/iacrianca.pt\/en\/wp-json\/wp\/v2\/posts"}],"about":[{"href":"https:\/\/iacrianca.pt\/en\/wp-json\/wp\/v2\/types\/post"}],"author":[{"embeddable":true,"href":"https:\/\/iacrianca.pt\/en\/wp-json\/wp\/v2\/users\/2"}],"replies":[{"embeddable":true,"href":"https:\/\/iacrianca.pt\/en\/wp-json\/wp\/v2\/comments?post=26357"}],"version-history":[{"count":0,"href":"https:\/\/iacrianca.pt\/en\/wp-json\/wp\/v2\/posts\/26357\/revisions"}],"wp:featuredmedia":[{"embeddable":true,"href":"https:\/\/iacrianca.pt\/en\/wp-json\/wp\/v2\/media\/26360"}],"wp:attachment":[{"href":"https:\/\/iacrianca.pt\/en\/wp-json\/wp\/v2\/media?parent=26357"}],"wp:term":[{"taxonomy":"category","embeddable":true,"href":"https:\/\/iacrianca.pt\/en\/wp-json\/wp\/v2\/categories?post=26357"},{"taxonomy":"post_tag","embeddable":true,"href":"https:\/\/iacrianca.pt\/en\/wp-json\/wp\/v2\/tags?post=26357"}],"curies":[{"name":"wp","href":"https:\/\/api.w.org\/{rel}","templated":true}]}}