{"id":26416,"date":"2025-08-22T10:03:40","date_gmt":"2025-08-22T09:03:40","guid":{"rendered":"https:\/\/iacrianca.pt\/?p=26416"},"modified":"2025-08-22T10:03:40","modified_gmt":"2025-08-22T09:03:40","slug":"nota-de-imprensa-o-iac-lembra-que-as-criancas-que-estiveram-expostas-direta-ou-indiretamente-aos-incendios-e-que-se-sintam-angustiadas-podem-ligar-para-a-linha-sos-crianca-e-jovem-atraves-do-numer","status":"publish","type":"post","link":"https:\/\/iacrianca.pt\/en\/2025\/08\/nota-de-imprensa-o-iac-lembra-que-as-criancas-que-estiveram-expostas-direta-ou-indiretamente-aos-incendios-e-que-se-sintam-angustiadas-podem-ligar-para-a-linha-sos-crianca-e-jovem-atraves-do-numer\/","title":{"rendered":"Nota de Imprensa &#8211; O IAC lembra que as crian\u00e7as que estiveram expostas, direta ou indiretamente, aos inc\u00eandios e que se sintam angustiadas podem ligar para a Linha SOS Crian\u00e7a e Jovem atrav\u00e9s do n\u00famero 116 111"},"content":{"rendered":"<div style=\"text-align: center;\"><b data-olk-copy-source=\"MessageBody\">NOTA DE IMPRENSA<\/b><\/div>\n<div style=\"text-align: center;\" aria-hidden=\"true\"><\/div>\n<div style=\"text-align: center;\"><b>O Instituto de Apoio \u00e0 Crian\u00e7a\u00a0lembra que as crian\u00e7as que estiveram expostas, direta ou indiretamente, aos inc\u00eandios e que se sintam angustiadas podem ligar para a Linha<\/b><\/div>\n<div style=\"text-align: center;\"><b>SOS Crian\u00e7a e Jovem atrav\u00e9s do n\u00famero 116 111<\/b><\/div>\n<div aria-hidden=\"true\"><\/div>\n<div>Em situa\u00e7\u00f5es de emerg\u00eancia e cat\u00e1strofe &#8211; como inc\u00eandios, cheias ou outras crises &#8211; as crian\u00e7as e jovens est\u00e3o entre os grupos mais vulner\u00e1veis do ponto de vista emocional. Nas situa\u00e7\u00f5es de inc\u00eandios, muitas crian\u00e7as ficaram particularmente expostas, podendo sentir medo, inseguran\u00e7a ou ansiedade.<\/div>\n<div>Este impacto n\u00e3o se restringe \u00e0s que residem nas regi\u00f5es afetadas. Muitas crian\u00e7as que se encontram em f\u00e9rias ou em casas de fam\u00edlia nestas zonas, s\u00e3o igualmente confrontadas com situa\u00e7\u00f5es de perigo, experi\u00eancias que as podem marcar de forma significativa.<\/div>\n<div>A exposi\u00e7\u00e3o a acontecimentos traum\u00e1ticos pode deixar marcas no desenvolvimento das crian\u00e7as, influenciando o sono, a aprendizagem e at\u00e9 a forma como se relacionam com os outros. Reconhecer estes sinais e oferecer apoio atempado \u00e9 fundamental para prevenir consequ\u00eancias mais permanentes.<\/div>\n<div>\u201c<i>Nestes momentos, \u00e9 essencial que os adultos ofere\u00e7am explica\u00e7\u00f5es claras e adequadas \u00e0 idade, transmitam seguran\u00e7a e estejam atentos a sinais de altera\u00e7\u00e3o de comportamento. A proximidade e a escuta ativa fazem a diferen\u00e7a no bem-estar emocional das crian\u00e7as<\/i>\u201d, sublinha a Psic\u00f3loga Cl\u00ednica Maria Jo\u00e3o Cosme, Coordenadora-Adjunta do SOS Crian\u00e7a e Jovem.<\/div>\n<div>O Instituto de Apoio \u00e0 Crian\u00e7a (IAC) sublinha que a Linha SOS Crian\u00e7a e Jovem \u2013 n.\u00ba 116\u00a0111 ou \u00a0913069404 (whatsapp) \u2013 tem uma equipa de psic\u00f3logos dispon\u00edveis todos os dias \u00fateis, de forma gratuita, para apoiar todas as crian\u00e7as que necessitem de ajuda.<\/div>\n<div>O IAC refor\u00e7a ainda que proteger o bem-estar psicol\u00f3gico em situa\u00e7\u00f5es de crise \u00e9 t\u00e3o importante como garantir a seguran\u00e7a f\u00edsica, apelando a que os direitos da crian\u00e7a estejam sempre no centro de qualquer resposta social ou institucional.<\/div>\n<div><\/div>\n<div style=\"text-align: right;\">Lisboa, 22 de agosto de 2025<\/div>\n<div aria-hidden=\"true\"><\/div>\n<div><b>Para mais informa\u00e7\u00f5es:\u00a0<\/b><\/div>\n<div>Anabela Reis \u2013 \u00e1rea do Marketing, Comunica\u00e7\u00e3o e Projetos<\/div>\n<div>anabela.reis@iacrianca.pt | 966603936<\/div>\n","protected":false},"excerpt":{"rendered":"<p>NOTA DE IMPRENSA O Instituto de Apoio \u00e0 Crian\u00e7a\u00a0lembra que as crian\u00e7as que estiveram expostas, direta ou indiretamente, aos inc\u00eandios e que se sintam angustiadas podem ligar para a Linha SOS Crian\u00e7a e Jovem atrav\u00e9s do n\u00famero 116 111 Em situa\u00e7\u00f5es de emerg\u00eancia e cat\u00e1strofe &#8211; como inc\u00eandios, cheias ou outras crises &#8211; as crian\u00e7as&hellip;<\/p>\n","protected":false},"author":2,"featured_media":2074,"comment_status":"closed","ping_status":"open","sticky":false,"template":"","format":"standard","meta":{"_acf_changed":false,"footnotes":""},"categories":[1],"tags":[],"class_list":["post-26416","post","type-post","status-publish","format-standard","has-post-thumbnail","hentry","category-noticias","category-1","description-off"],"acf":[],"yoast_head":"<!-- This site is optimized with the Yoast SEO plugin v27.5 - https:\/\/yoast.com\/product\/yoast-seo-wordpress\/ -->\n<title>Nota de Imprensa - O IAC lembra que as crian\u00e7as que estiveram expostas, direta ou indiretamente, aos inc\u00eandios e que se sintam angustiadas podem ligar para a Linha SOS Crian\u00e7a e Jovem atrav\u00e9s do n\u00famero 116 111 | Instituto de Apoio \u00e0 Crian\u00e7a<\/title>\n<meta name=\"robots\" content=\"index, follow, max-snippet:-1, max-image-preview:large, max-video-preview:-1\" \/>\n<link rel=\"canonical\" href=\"https:\/\/iacrianca.pt\/en\/2025\/08\/nota-de-imprensa-o-iac-lembra-que-as-criancas-que-estiveram-expostas-direta-ou-indiretamente-aos-incendios-e-que-se-sintam-angustiadas-podem-ligar-para-a-linha-sos-crianca-e-jovem-atraves-do-numer\/\" \/>\n<meta property=\"og:locale\" content=\"en_US\" \/>\n<meta property=\"og:type\" content=\"article\" \/>\n<meta property=\"og:title\" content=\"Nota de Imprensa - O IAC lembra que as crian\u00e7as que estiveram expostas, direta ou indiretamente, aos inc\u00eandios e que se sintam angustiadas podem ligar para a Linha SOS Crian\u00e7a e Jovem atrav\u00e9s do n\u00famero 116 111 | Instituto de Apoio \u00e0 Crian\u00e7a\" \/>\n<meta property=\"og:description\" content=\"NOTA DE IMPRENSA O Instituto de Apoio \u00e0 Crian\u00e7a\u00a0lembra que as crian\u00e7as que estiveram expostas, direta ou indiretamente, aos inc\u00eandios e que se sintam angustiadas podem ligar para a Linha SOS Crian\u00e7a e Jovem atrav\u00e9s do n\u00famero 116 111 Em situa\u00e7\u00f5es de emerg\u00eancia e cat\u00e1strofe &#8211; como inc\u00eandios, cheias ou outras crises &#8211; as crian\u00e7as&hellip;\" \/>\n<meta property=\"og:url\" content=\"https:\/\/iacrianca.pt\/en\/2025\/08\/nota-de-imprensa-o-iac-lembra-que-as-criancas-que-estiveram-expostas-direta-ou-indiretamente-aos-incendios-e-que-se-sintam-angustiadas-podem-ligar-para-a-linha-sos-crianca-e-jovem-atraves-do-numer\/\" \/>\n<meta property=\"og:site_name\" content=\"Instituto de Apoio \u00e0 Crian\u00e7a\" \/>\n<meta property=\"article:publisher\" content=\"https:\/\/www.facebook.com\/iacinstitutodeapoioacrianca\" \/>\n<meta property=\"article:published_time\" content=\"2025-08-22T09:03:40+00:00\" \/>\n<meta property=\"og:image\" content=\"https:\/\/iacrianca.pt\/wp-content\/uploads\/2020\/04\/logo-iac-SD.jpg\" \/>\n\t<meta property=\"og:image:width\" content=\"152\" \/>\n\t<meta property=\"og:image:height\" content=\"73\" \/>\n\t<meta property=\"og:image:type\" content=\"image\/jpeg\" \/>\n<meta name=\"author\" content=\"Administra\u00e7\u00e3o IAC\" \/>\n<meta name=\"twitter:card\" content=\"summary_large_image\" \/>\n<meta name=\"twitter:creator\" content=\"@iacapoiocrianca\" \/>\n<meta name=\"twitter:site\" content=\"@iacapoiocrianca\" \/>\n<meta name=\"twitter:label1\" content=\"Written by\" \/>\n\t<meta name=\"twitter:data1\" content=\"Administra\u00e7\u00e3o IAC\" \/>\n\t<meta name=\"twitter:label2\" content=\"Est. reading time\" \/>\n\t<meta name=\"twitter:data2\" content=\"2 minutes\" \/>\n<script type=\"application\/ld+json\" class=\"yoast-schema-graph\">{\"@context\":\"https:\\\/\\\/schema.org\",\"@graph\":[{\"@type\":\"Article\",\"@id\":\"https:\\\/\\\/iacrianca.pt\\\/en\\\/2025\\\/08\\\/nota-de-imprensa-o-iac-lembra-que-as-criancas-que-estiveram-expostas-direta-ou-indiretamente-aos-incendios-e-que-se-sintam-angustiadas-podem-ligar-para-a-linha-sos-crianca-e-jovem-atraves-do-numer\\\/#article\",\"isPartOf\":{\"@id\":\"https:\\\/\\\/iacrianca.pt\\\/en\\\/2025\\\/08\\\/nota-de-imprensa-o-iac-lembra-que-as-criancas-que-estiveram-expostas-direta-ou-indiretamente-aos-incendios-e-que-se-sintam-angustiadas-podem-ligar-para-a-linha-sos-crianca-e-jovem-atraves-do-numer\\\/\"},\"author\":{\"name\":\"Administra\u00e7\u00e3o IAC\",\"@id\":\"https:\\\/\\\/iacrianca.pt\\\/en\\\/#\\\/schema\\\/person\\\/1c48c6e4b70d0dc7360e4b28ceaa5f6b\"},\"headline\":\"Nota de Imprensa &#8211; O IAC lembra que as crian\u00e7as que estiveram expostas, direta ou indiretamente, aos inc\u00eandios e que se sintam angustiadas podem ligar para a Linha SOS Crian\u00e7a e Jovem atrav\u00e9s do n\u00famero 116 111\",\"datePublished\":\"2025-08-22T09:03:40+00:00\",\"mainEntityOfPage\":{\"@id\":\"https:\\\/\\\/iacrianca.pt\\\/en\\\/2025\\\/08\\\/nota-de-imprensa-o-iac-lembra-que-as-criancas-que-estiveram-expostas-direta-ou-indiretamente-aos-incendios-e-que-se-sintam-angustiadas-podem-ligar-para-a-linha-sos-crianca-e-jovem-atraves-do-numer\\\/\"},\"wordCount\":399,\"publisher\":{\"@id\":\"https:\\\/\\\/iacrianca.pt\\\/en\\\/#organization\"},\"image\":{\"@id\":\"https:\\\/\\\/iacrianca.pt\\\/en\\\/2025\\\/08\\\/nota-de-imprensa-o-iac-lembra-que-as-criancas-que-estiveram-expostas-direta-ou-indiretamente-aos-incendios-e-que-se-sintam-angustiadas-podem-ligar-para-a-linha-sos-crianca-e-jovem-atraves-do-numer\\\/#primaryimage\"},\"thumbnailUrl\":\"https:\\\/\\\/iacrianca.pt\\\/wp-content\\\/uploads\\\/2020\\\/04\\\/logo-iac-SD.jpg\",\"articleSection\":[\"Not\u00edcias\"],\"inLanguage\":\"en-US\"},{\"@type\":\"WebPage\",\"@id\":\"https:\\\/\\\/iacrianca.pt\\\/en\\\/2025\\\/08\\\/nota-de-imprensa-o-iac-lembra-que-as-criancas-que-estiveram-expostas-direta-ou-indiretamente-aos-incendios-e-que-se-sintam-angustiadas-podem-ligar-para-a-linha-sos-crianca-e-jovem-atraves-do-numer\\\/\",\"url\":\"https:\\\/\\\/iacrianca.pt\\\/en\\\/2025\\\/08\\\/nota-de-imprensa-o-iac-lembra-que-as-criancas-que-estiveram-expostas-direta-ou-indiretamente-aos-incendios-e-que-se-sintam-angustiadas-podem-ligar-para-a-linha-sos-crianca-e-jovem-atraves-do-numer\\\/\",\"name\":\"Nota de Imprensa - O IAC lembra que as crian\u00e7as que estiveram expostas, direta ou indiretamente, aos inc\u00eandios e que se sintam angustiadas podem ligar para a Linha SOS Crian\u00e7a e Jovem atrav\u00e9s do n\u00famero 116 111 | Instituto de Apoio \u00e0 Crian\u00e7a\",\"isPartOf\":{\"@id\":\"https:\\\/\\\/iacrianca.pt\\\/en\\\/#website\"},\"primaryImageOfPage\":{\"@id\":\"https:\\\/\\\/iacrianca.pt\\\/en\\\/2025\\\/08\\\/nota-de-imprensa-o-iac-lembra-que-as-criancas-que-estiveram-expostas-direta-ou-indiretamente-aos-incendios-e-que-se-sintam-angustiadas-podem-ligar-para-a-linha-sos-crianca-e-jovem-atraves-do-numer\\\/#primaryimage\"},\"image\":{\"@id\":\"https:\\\/\\\/iacrianca.pt\\\/en\\\/2025\\\/08\\\/nota-de-imprensa-o-iac-lembra-que-as-criancas-que-estiveram-expostas-direta-ou-indiretamente-aos-incendios-e-que-se-sintam-angustiadas-podem-ligar-para-a-linha-sos-crianca-e-jovem-atraves-do-numer\\\/#primaryimage\"},\"thumbnailUrl\":\"https:\\\/\\\/iacrianca.pt\\\/wp-content\\\/uploads\\\/2020\\\/04\\\/logo-iac-SD.jpg\",\"datePublished\":\"2025-08-22T09:03:40+00:00\",\"breadcrumb\":{\"@id\":\"https:\\\/\\\/iacrianca.pt\\\/en\\\/2025\\\/08\\\/nota-de-imprensa-o-iac-lembra-que-as-criancas-que-estiveram-expostas-direta-ou-indiretamente-aos-incendios-e-que-se-sintam-angustiadas-podem-ligar-para-a-linha-sos-crianca-e-jovem-atraves-do-numer\\\/#breadcrumb\"},\"inLanguage\":\"en-US\",\"potentialAction\":[{\"@type\":\"ReadAction\",\"target\":[\"https:\\\/\\\/iacrianca.pt\\\/en\\\/2025\\\/08\\\/nota-de-imprensa-o-iac-lembra-que-as-criancas-que-estiveram-expostas-direta-ou-indiretamente-aos-incendios-e-que-se-sintam-angustiadas-podem-ligar-para-a-linha-sos-crianca-e-jovem-atraves-do-numer\\\/\"]}]},{\"@type\":\"ImageObject\",\"inLanguage\":\"en-US\",\"@id\":\"https:\\\/\\\/iacrianca.pt\\\/en\\\/2025\\\/08\\\/nota-de-imprensa-o-iac-lembra-que-as-criancas-que-estiveram-expostas-direta-ou-indiretamente-aos-incendios-e-que-se-sintam-angustiadas-podem-ligar-para-a-linha-sos-crianca-e-jovem-atraves-do-numer\\\/#primaryimage\",\"url\":\"https:\\\/\\\/iacrianca.pt\\\/wp-content\\\/uploads\\\/2020\\\/04\\\/logo-iac-SD.jpg\",\"contentUrl\":\"https:\\\/\\\/iacrianca.pt\\\/wp-content\\\/uploads\\\/2020\\\/04\\\/logo-iac-SD.jpg\",\"width\":152,\"height\":73,\"caption\":\"Instituto de Apoio \u00e0 Crian\u00e7a\"},{\"@type\":\"BreadcrumbList\",\"@id\":\"https:\\\/\\\/iacrianca.pt\\\/en\\\/2025\\\/08\\\/nota-de-imprensa-o-iac-lembra-que-as-criancas-que-estiveram-expostas-direta-ou-indiretamente-aos-incendios-e-que-se-sintam-angustiadas-podem-ligar-para-a-linha-sos-crianca-e-jovem-atraves-do-numer\\\/#breadcrumb\",\"itemListElement\":[{\"@type\":\"ListItem\",\"position\":1,\"name\":\"In\u00edcio\",\"item\":\"https:\\\/\\\/iacrianca.pt\\\/en\\\/\"},{\"@type\":\"ListItem\",\"position\":2,\"name\":\"Nota de Imprensa &#8211; O IAC lembra que as crian\u00e7as que estiveram expostas, direta ou indiretamente, aos inc\u00eandios e que se sintam angustiadas podem ligar para a Linha SOS Crian\u00e7a e Jovem atrav\u00e9s do n\u00famero 116 111\"}]},{\"@type\":\"WebSite\",\"@id\":\"https:\\\/\\\/iacrianca.pt\\\/en\\\/#website\",\"url\":\"https:\\\/\\\/iacrianca.pt\\\/en\\\/\",\"name\":\"Instituto de Apoio \u00e0 Crian\u00e7a\",\"description\":\"Desde 1983 na defesa e promo\u00e7\u00e3o dos direitos da crian\u00e7a\",\"publisher\":{\"@id\":\"https:\\\/\\\/iacrianca.pt\\\/en\\\/#organization\"},\"potentialAction\":[{\"@type\":\"SearchAction\",\"target\":{\"@type\":\"EntryPoint\",\"urlTemplate\":\"https:\\\/\\\/iacrianca.pt\\\/en\\\/?s={search_term_string}\"},\"query-input\":{\"@type\":\"PropertyValueSpecification\",\"valueRequired\":true,\"valueName\":\"search_term_string\"}}],\"inLanguage\":\"en-US\"},{\"@type\":\"Organization\",\"@id\":\"https:\\\/\\\/iacrianca.pt\\\/en\\\/#organization\",\"name\":\"Instituto de Apoio \u00e0 Crian\u00e7a\",\"url\":\"https:\\\/\\\/iacrianca.pt\\\/en\\\/\",\"logo\":{\"@type\":\"ImageObject\",\"inLanguage\":\"en-US\",\"@id\":\"https:\\\/\\\/iacrianca.pt\\\/en\\\/#\\\/schema\\\/logo\\\/image\\\/\",\"url\":\"https:\\\/\\\/iacrianca.pt\\\/wp-content\\\/uploads\\\/2020\\\/04\\\/logo-iac-SD.jpg\",\"contentUrl\":\"https:\\\/\\\/iacrianca.pt\\\/wp-content\\\/uploads\\\/2020\\\/04\\\/logo-iac-SD.jpg\",\"width\":152,\"height\":73,\"caption\":\"Instituto de Apoio \u00e0 Crian\u00e7a\"},\"image\":{\"@id\":\"https:\\\/\\\/iacrianca.pt\\\/en\\\/#\\\/schema\\\/logo\\\/image\\\/\"},\"sameAs\":[\"https:\\\/\\\/www.facebook.com\\\/iacinstitutodeapoioacrianca\",\"https:\\\/\\\/x.com\\\/iacapoiocrianca\",\"https:\\\/\\\/www.youtube.com\\\/channel\\\/UC0jjfZ_xkN_59gJf_RQ-ZnQ\",\"https:\\\/\\\/www.linkedin.com\\\/company\\\/instituto-de-apoio--criana\\\/\",\"https:\\\/\\\/www.instagram.com\\\/iacinstitutodeapoioacrianca\\\/\",\"https:\\\/\\\/criancasatortoeadireitos.wordpress.com\\\/\"]},{\"@type\":\"Person\",\"@id\":\"https:\\\/\\\/iacrianca.pt\\\/en\\\/#\\\/schema\\\/person\\\/1c48c6e4b70d0dc7360e4b28ceaa5f6b\",\"name\":\"Administra\u00e7\u00e3o IAC\",\"image\":{\"@type\":\"ImageObject\",\"inLanguage\":\"en-US\",\"@id\":\"https:\\\/\\\/secure.gravatar.com\\\/avatar\\\/60b998c71de37dcc1398fc6d48c6b5ed7533e3ceec837c948055f072e3158ff1?s=96&d=mm&r=g\",\"url\":\"https:\\\/\\\/secure.gravatar.com\\\/avatar\\\/60b998c71de37dcc1398fc6d48c6b5ed7533e3ceec837c948055f072e3158ff1?s=96&d=mm&r=g\",\"contentUrl\":\"https:\\\/\\\/secure.gravatar.com\\\/avatar\\\/60b998c71de37dcc1398fc6d48c6b5ed7533e3ceec837c948055f072e3158ff1?s=96&d=mm&r=g\",\"caption\":\"Administra\u00e7\u00e3o IAC\"}}]}<\/script>\n<!-- \/ Yoast SEO plugin. -->","yoast_head_json":{"title":"Nota de Imprensa - O IAC lembra que as crian\u00e7as que estiveram expostas, direta ou indiretamente, aos inc\u00eandios e que se sintam angustiadas podem ligar para a Linha SOS Crian\u00e7a e Jovem atrav\u00e9s do n\u00famero 116 111 | Instituto de Apoio \u00e0 Crian\u00e7a","robots":{"index":"index","follow":"follow","max-snippet":"max-snippet:-1","max-image-preview":"max-image-preview:large","max-video-preview":"max-video-preview:-1"},"canonical":"https:\/\/iacrianca.pt\/en\/2025\/08\/nota-de-imprensa-o-iac-lembra-que-as-criancas-que-estiveram-expostas-direta-ou-indiretamente-aos-incendios-e-que-se-sintam-angustiadas-podem-ligar-para-a-linha-sos-crianca-e-jovem-atraves-do-numer\/","og_locale":"en_US","og_type":"article","og_title":"Nota de Imprensa - O IAC lembra que as crian\u00e7as que estiveram expostas, direta ou indiretamente, aos inc\u00eandios e que se sintam angustiadas podem ligar para a Linha SOS Crian\u00e7a e Jovem atrav\u00e9s do n\u00famero 116 111 | Instituto de Apoio \u00e0 Crian\u00e7a","og_description":"NOTA DE IMPRENSA O Instituto de Apoio \u00e0 Crian\u00e7a\u00a0lembra que as crian\u00e7as que estiveram expostas, direta ou indiretamente, aos inc\u00eandios e que se sintam angustiadas podem ligar para a Linha SOS Crian\u00e7a e Jovem atrav\u00e9s do n\u00famero 116 111 Em situa\u00e7\u00f5es de emerg\u00eancia e cat\u00e1strofe &#8211; como inc\u00eandios, cheias ou outras crises &#8211; as crian\u00e7as&hellip;","og_url":"https:\/\/iacrianca.pt\/en\/2025\/08\/nota-de-imprensa-o-iac-lembra-que-as-criancas-que-estiveram-expostas-direta-ou-indiretamente-aos-incendios-e-que-se-sintam-angustiadas-podem-ligar-para-a-linha-sos-crianca-e-jovem-atraves-do-numer\/","og_site_name":"Instituto de Apoio \u00e0 Crian\u00e7a","article_publisher":"https:\/\/www.facebook.com\/iacinstitutodeapoioacrianca","article_published_time":"2025-08-22T09:03:40+00:00","og_image":[{"width":152,"height":73,"url":"https:\/\/iacrianca.pt\/wp-content\/uploads\/2020\/04\/logo-iac-SD.jpg","type":"image\/jpeg"}],"author":"Administra\u00e7\u00e3o IAC","twitter_card":"summary_large_image","twitter_creator":"@iacapoiocrianca","twitter_site":"@iacapoiocrianca","twitter_misc":{"Written by":"Administra\u00e7\u00e3o IAC","Est. reading time":"2 minutes"},"schema":{"@context":"https:\/\/schema.org","@graph":[{"@type":"Article","@id":"https:\/\/iacrianca.pt\/en\/2025\/08\/nota-de-imprensa-o-iac-lembra-que-as-criancas-que-estiveram-expostas-direta-ou-indiretamente-aos-incendios-e-que-se-sintam-angustiadas-podem-ligar-para-a-linha-sos-crianca-e-jovem-atraves-do-numer\/#article","isPartOf":{"@id":"https:\/\/iacrianca.pt\/en\/2025\/08\/nota-de-imprensa-o-iac-lembra-que-as-criancas-que-estiveram-expostas-direta-ou-indiretamente-aos-incendios-e-que-se-sintam-angustiadas-podem-ligar-para-a-linha-sos-crianca-e-jovem-atraves-do-numer\/"},"author":{"name":"Administra\u00e7\u00e3o IAC","@id":"https:\/\/iacrianca.pt\/en\/#\/schema\/person\/1c48c6e4b70d0dc7360e4b28ceaa5f6b"},"headline":"Nota de Imprensa &#8211; O IAC lembra que as crian\u00e7as que estiveram expostas, direta ou indiretamente, aos inc\u00eandios e que se sintam angustiadas podem ligar para a Linha SOS Crian\u00e7a e Jovem atrav\u00e9s do n\u00famero 116 111","datePublished":"2025-08-22T09:03:40+00:00","mainEntityOfPage":{"@id":"https:\/\/iacrianca.pt\/en\/2025\/08\/nota-de-imprensa-o-iac-lembra-que-as-criancas-que-estiveram-expostas-direta-ou-indiretamente-aos-incendios-e-que-se-sintam-angustiadas-podem-ligar-para-a-linha-sos-crianca-e-jovem-atraves-do-numer\/"},"wordCount":399,"publisher":{"@id":"https:\/\/iacrianca.pt\/en\/#organization"},"image":{"@id":"https:\/\/iacrianca.pt\/en\/2025\/08\/nota-de-imprensa-o-iac-lembra-que-as-criancas-que-estiveram-expostas-direta-ou-indiretamente-aos-incendios-e-que-se-sintam-angustiadas-podem-ligar-para-a-linha-sos-crianca-e-jovem-atraves-do-numer\/#primaryimage"},"thumbnailUrl":"https:\/\/iacrianca.pt\/wp-content\/uploads\/2020\/04\/logo-iac-SD.jpg","articleSection":["Not\u00edcias"],"inLanguage":"en-US"},{"@type":"WebPage","@id":"https:\/\/iacrianca.pt\/en\/2025\/08\/nota-de-imprensa-o-iac-lembra-que-as-criancas-que-estiveram-expostas-direta-ou-indiretamente-aos-incendios-e-que-se-sintam-angustiadas-podem-ligar-para-a-linha-sos-crianca-e-jovem-atraves-do-numer\/","url":"https:\/\/iacrianca.pt\/en\/2025\/08\/nota-de-imprensa-o-iac-lembra-que-as-criancas-que-estiveram-expostas-direta-ou-indiretamente-aos-incendios-e-que-se-sintam-angustiadas-podem-ligar-para-a-linha-sos-crianca-e-jovem-atraves-do-numer\/","name":"Nota de Imprensa - O IAC lembra que as crian\u00e7as que estiveram expostas, direta ou indiretamente, aos inc\u00eandios e que se sintam angustiadas podem ligar para a Linha SOS Crian\u00e7a e Jovem atrav\u00e9s do n\u00famero 116 111 | Instituto de Apoio \u00e0 Crian\u00e7a","isPartOf":{"@id":"https:\/\/iacrianca.pt\/en\/#website"},"primaryImageOfPage":{"@id":"https:\/\/iacrianca.pt\/en\/2025\/08\/nota-de-imprensa-o-iac-lembra-que-as-criancas-que-estiveram-expostas-direta-ou-indiretamente-aos-incendios-e-que-se-sintam-angustiadas-podem-ligar-para-a-linha-sos-crianca-e-jovem-atraves-do-numer\/#primaryimage"},"image":{"@id":"https:\/\/iacrianca.pt\/en\/2025\/08\/nota-de-imprensa-o-iac-lembra-que-as-criancas-que-estiveram-expostas-direta-ou-indiretamente-aos-incendios-e-que-se-sintam-angustiadas-podem-ligar-para-a-linha-sos-crianca-e-jovem-atraves-do-numer\/#primaryimage"},"thumbnailUrl":"https:\/\/iacrianca.pt\/wp-content\/uploads\/2020\/04\/logo-iac-SD.jpg","datePublished":"2025-08-22T09:03:40+00:00","breadcrumb":{"@id":"https:\/\/iacrianca.pt\/en\/2025\/08\/nota-de-imprensa-o-iac-lembra-que-as-criancas-que-estiveram-expostas-direta-ou-indiretamente-aos-incendios-e-que-se-sintam-angustiadas-podem-ligar-para-a-linha-sos-crianca-e-jovem-atraves-do-numer\/#breadcrumb"},"inLanguage":"en-US","potentialAction":[{"@type":"ReadAction","target":["https:\/\/iacrianca.pt\/en\/2025\/08\/nota-de-imprensa-o-iac-lembra-que-as-criancas-que-estiveram-expostas-direta-ou-indiretamente-aos-incendios-e-que-se-sintam-angustiadas-podem-ligar-para-a-linha-sos-crianca-e-jovem-atraves-do-numer\/"]}]},{"@type":"ImageObject","inLanguage":"en-US","@id":"https:\/\/iacrianca.pt\/en\/2025\/08\/nota-de-imprensa-o-iac-lembra-que-as-criancas-que-estiveram-expostas-direta-ou-indiretamente-aos-incendios-e-que-se-sintam-angustiadas-podem-ligar-para-a-linha-sos-crianca-e-jovem-atraves-do-numer\/#primaryimage","url":"https:\/\/iacrianca.pt\/wp-content\/uploads\/2020\/04\/logo-iac-SD.jpg","contentUrl":"https:\/\/iacrianca.pt\/wp-content\/uploads\/2020\/04\/logo-iac-SD.jpg","width":152,"height":73,"caption":"Instituto de Apoio \u00e0 Crian\u00e7a"},{"@type":"BreadcrumbList","@id":"https:\/\/iacrianca.pt\/en\/2025\/08\/nota-de-imprensa-o-iac-lembra-que-as-criancas-que-estiveram-expostas-direta-ou-indiretamente-aos-incendios-e-que-se-sintam-angustiadas-podem-ligar-para-a-linha-sos-crianca-e-jovem-atraves-do-numer\/#breadcrumb","itemListElement":[{"@type":"ListItem","position":1,"name":"In\u00edcio","item":"https:\/\/iacrianca.pt\/en\/"},{"@type":"ListItem","position":2,"name":"Nota de Imprensa &#8211; O IAC lembra que as crian\u00e7as que estiveram expostas, direta ou indiretamente, aos inc\u00eandios e que se sintam angustiadas podem ligar para a Linha SOS Crian\u00e7a e Jovem atrav\u00e9s do n\u00famero 116 111"}]},{"@type":"WebSite","@id":"https:\/\/iacrianca.pt\/en\/#website","url":"https:\/\/iacrianca.pt\/en\/","name":"Instituto de Apoio \u00e0 Crian\u00e7a","description":"Desde 1983 na defesa e promo\u00e7\u00e3o dos direitos da crian\u00e7a","publisher":{"@id":"https:\/\/iacrianca.pt\/en\/#organization"},"potentialAction":[{"@type":"SearchAction","target":{"@type":"EntryPoint","urlTemplate":"https:\/\/iacrianca.pt\/en\/?s={search_term_string}"},"query-input":{"@type":"PropertyValueSpecification","valueRequired":true,"valueName":"search_term_string"}}],"inLanguage":"en-US"},{"@type":"Organization","@id":"https:\/\/iacrianca.pt\/en\/#organization","name":"Instituto de Apoio \u00e0 Crian\u00e7a","url":"https:\/\/iacrianca.pt\/en\/","logo":{"@type":"ImageObject","inLanguage":"en-US","@id":"https:\/\/iacrianca.pt\/en\/#\/schema\/logo\/image\/","url":"https:\/\/iacrianca.pt\/wp-content\/uploads\/2020\/04\/logo-iac-SD.jpg","contentUrl":"https:\/\/iacrianca.pt\/wp-content\/uploads\/2020\/04\/logo-iac-SD.jpg","width":152,"height":73,"caption":"Instituto de Apoio \u00e0 Crian\u00e7a"},"image":{"@id":"https:\/\/iacrianca.pt\/en\/#\/schema\/logo\/image\/"},"sameAs":["https:\/\/www.facebook.com\/iacinstitutodeapoioacrianca","https:\/\/x.com\/iacapoiocrianca","https:\/\/www.youtube.com\/channel\/UC0jjfZ_xkN_59gJf_RQ-ZnQ","https:\/\/www.linkedin.com\/company\/instituto-de-apoio--criana\/","https:\/\/www.instagram.com\/iacinstitutodeapoioacrianca\/","https:\/\/criancasatortoeadireitos.wordpress.com\/"]},{"@type":"Person","@id":"https:\/\/iacrianca.pt\/en\/#\/schema\/person\/1c48c6e4b70d0dc7360e4b28ceaa5f6b","name":"Administra\u00e7\u00e3o IAC","image":{"@type":"ImageObject","inLanguage":"en-US","@id":"https:\/\/secure.gravatar.com\/avatar\/60b998c71de37dcc1398fc6d48c6b5ed7533e3ceec837c948055f072e3158ff1?s=96&d=mm&r=g","url":"https:\/\/secure.gravatar.com\/avatar\/60b998c71de37dcc1398fc6d48c6b5ed7533e3ceec837c948055f072e3158ff1?s=96&d=mm&r=g","contentUrl":"https:\/\/secure.gravatar.com\/avatar\/60b998c71de37dcc1398fc6d48c6b5ed7533e3ceec837c948055f072e3158ff1?s=96&d=mm&r=g","caption":"Administra\u00e7\u00e3o IAC"}}]}},"_links":{"self":[{"href":"https:\/\/iacrianca.pt\/en\/wp-json\/wp\/v2\/posts\/26416","targetHints":{"allow":["GET"]}}],"collection":[{"href":"https:\/\/iacrianca.pt\/en\/wp-json\/wp\/v2\/posts"}],"about":[{"href":"https:\/\/iacrianca.pt\/en\/wp-json\/wp\/v2\/types\/post"}],"author":[{"embeddable":true,"href":"https:\/\/iacrianca.pt\/en\/wp-json\/wp\/v2\/users\/2"}],"replies":[{"embeddable":true,"href":"https:\/\/iacrianca.pt\/en\/wp-json\/wp\/v2\/comments?post=26416"}],"version-history":[{"count":0,"href":"https:\/\/iacrianca.pt\/en\/wp-json\/wp\/v2\/posts\/26416\/revisions"}],"wp:featuredmedia":[{"embeddable":true,"href":"https:\/\/iacrianca.pt\/en\/wp-json\/wp\/v2\/media\/2074"}],"wp:attachment":[{"href":"https:\/\/iacrianca.pt\/en\/wp-json\/wp\/v2\/media?parent=26416"}],"wp:term":[{"taxonomy":"category","embeddable":true,"href":"https:\/\/iacrianca.pt\/en\/wp-json\/wp\/v2\/categories?post=26416"},{"taxonomy":"post_tag","embeddable":true,"href":"https:\/\/iacrianca.pt\/en\/wp-json\/wp\/v2\/tags?post=26416"}],"curies":[{"name":"wp","href":"https:\/\/api.w.org\/{rel}","templated":true}]}}