{"id":26465,"date":"2025-09-03T14:20:55","date_gmt":"2025-09-03T13:20:55","guid":{"rendered":"https:\/\/iacrianca.pt\/?p=26465"},"modified":"2025-09-03T15:43:00","modified_gmt":"2025-09-03T14:43:00","slug":"reflexoes-na-escola-alfaiate","status":"publish","type":"post","link":"https:\/\/iacrianca.pt\/en\/2025\/09\/reflexoes-na-escola-alfaiate\/","title":{"rendered":"Reflex\u00f5es na Escola Alfaiate"},"content":{"rendered":"<p>Durante o m\u00eas de agosto, a Escola Alfaiate manteve o seu compromisso de preparar, com dedica\u00e7\u00e3o e cuidado, o pr\u00f3ximo ano letivo. Este per\u00edodo foi marcado por um trabalho de planifica\u00e7\u00e3o dos conte\u00fados e das atividades a desenvolver, tendo sempre em vista a promo\u00e7\u00e3o do sucesso educativo e do bem-estar das crian\u00e7as e jovens acompanhados.<\/p>\n<p>A equipa dedicou-se \u00e0 reflex\u00e3o sobre as aprendizagens alcan\u00e7adas ao longo do \u00faltimo ano, identificando conquistas e desafios, de forma a ajustar estrat\u00e9gias e metodologias. Paralelamente, foram organizados os recursos pedag\u00f3gicos e delineadas a\u00e7\u00f5es que permitam dar continuidade ao desenvolvimento das compet\u00eancias pessoais, sociais e emocionais dos alunos.<\/p>\n<p>Com esta prepara\u00e7\u00e3o, a Escola Alfaiate reafirma a sua miss\u00e3o de construir um espa\u00e7o educativo de proximidade, inclus\u00e3o e oportunidades, pronto para receber cada crian\u00e7a e jovem com entusiasmo e confian\u00e7a no in\u00edcio do novo ano letivo.<\/p>\n<p><img fetchpriority=\"high\" decoding=\"async\" class=\"alignnone wp-image-26570 size-full\" src=\"https:\/\/iacrianca.pt\/wp-content\/uploads\/alfa.png\" alt=\"\" width=\"666\" height=\"605\" srcset=\"https:\/\/iacrianca.pt\/wp-content\/uploads\/alfa.png 666w, https:\/\/iacrianca.pt\/wp-content\/uploads\/alfa-300x273.png 300w\" sizes=\"(max-width: 666px) 100vw, 666px\" \/><\/p>\n<p>&nbsp;<\/p>\n<p>Projeto financiado pelo PRR &#8211; Plano de Recupera\u00e7\u00e3o e Resili\u00eancia<\/p>\n<p><a href=\"http:\/\/www.recuperarportugal.gov.pt\">http:\/\/www.recuperarportugal.gov.pt<\/a><\/p>\n<p>#ContruirOFuturo #ConstruirFuturos #Recupera\u00e7\u00e3oEmA\u00e7\u00e3o<\/p>\n","protected":false},"excerpt":{"rendered":"<p>Durante o m\u00eas de agosto, a Escola Alfaiate manteve o seu compromisso de preparar, com dedica\u00e7\u00e3o e cuidado, o pr\u00f3ximo ano letivo. Este per\u00edodo foi marcado por um trabalho de planifica\u00e7\u00e3o dos conte\u00fados e das atividades a desenvolver, tendo sempre em vista a promo\u00e7\u00e3o do sucesso educativo e do bem-estar das crian\u00e7as e jovens acompanhados.&hellip;<\/p>\n","protected":false},"author":2,"featured_media":26572,"comment_status":"closed","ping_status":"open","sticky":false,"template":"","format":"standard","meta":{"_acf_changed":false,"footnotes":""},"categories":[63],"tags":[],"class_list":["post-26465","post","type-post","status-publish","format-standard","has-post-thumbnail","hentry","category-newsletter","category-63","description-off"],"acf":[],"yoast_head":"<!-- This site is optimized with the Yoast SEO plugin v27.5 - https:\/\/yoast.com\/product\/yoast-seo-wordpress\/ -->\n<title>Reflex\u00f5es na Escola Alfaiate | Instituto de Apoio \u00e0 Crian\u00e7a<\/title>\n<meta name=\"robots\" content=\"index, follow, max-snippet:-1, max-image-preview:large, max-video-preview:-1\" \/>\n<link rel=\"canonical\" href=\"https:\/\/iacrianca.pt\/en\/2025\/09\/reflexoes-na-escola-alfaiate\/\" \/>\n<meta property=\"og:locale\" content=\"en_US\" \/>\n<meta property=\"og:type\" content=\"article\" \/>\n<meta property=\"og:title\" content=\"Reflex\u00f5es na Escola Alfaiate | Instituto de Apoio \u00e0 Crian\u00e7a\" \/>\n<meta property=\"og:description\" content=\"Durante o m\u00eas de agosto, a Escola Alfaiate manteve o seu compromisso de preparar, com dedica\u00e7\u00e3o e cuidado, o pr\u00f3ximo ano letivo. Este per\u00edodo foi marcado por um trabalho de planifica\u00e7\u00e3o dos conte\u00fados e das atividades a desenvolver, tendo sempre em vista a promo\u00e7\u00e3o do sucesso educativo e do bem-estar das crian\u00e7as e jovens acompanhados.&hellip;\" \/>\n<meta property=\"og:url\" content=\"https:\/\/iacrianca.pt\/en\/2025\/09\/reflexoes-na-escola-alfaiate\/\" \/>\n<meta property=\"og:site_name\" content=\"Instituto de Apoio \u00e0 Crian\u00e7a\" \/>\n<meta property=\"article:publisher\" content=\"https:\/\/www.facebook.com\/iacinstitutodeapoioacrianca\" \/>\n<meta property=\"article:published_time\" content=\"2025-09-03T13:20:55+00:00\" \/>\n<meta property=\"article:modified_time\" content=\"2025-09-03T14:43:00+00:00\" \/>\n<meta property=\"og:image\" content=\"https:\/\/iacrianca.pt\/wp-content\/uploads\/alfa2.png\" \/>\n\t<meta property=\"og:image:width\" content=\"665\" \/>\n\t<meta property=\"og:image:height\" content=\"585\" \/>\n\t<meta property=\"og:image:type\" content=\"image\/png\" \/>\n<meta name=\"author\" content=\"Administra\u00e7\u00e3o IAC\" \/>\n<meta name=\"twitter:card\" content=\"summary_large_image\" \/>\n<meta name=\"twitter:creator\" content=\"@iacapoiocrianca\" \/>\n<meta name=\"twitter:site\" content=\"@iacapoiocrianca\" \/>\n<meta name=\"twitter:label1\" content=\"Written by\" \/>\n\t<meta name=\"twitter:data1\" content=\"Administra\u00e7\u00e3o IAC\" \/>\n\t<meta name=\"twitter:label2\" content=\"Est. reading time\" \/>\n\t<meta name=\"twitter:data2\" content=\"2 minutes\" \/>\n<script type=\"application\/ld+json\" class=\"yoast-schema-graph\">{\"@context\":\"https:\\\/\\\/schema.org\",\"@graph\":[{\"@type\":\"Article\",\"@id\":\"https:\\\/\\\/iacrianca.pt\\\/en\\\/2025\\\/09\\\/reflexoes-na-escola-alfaiate\\\/#article\",\"isPartOf\":{\"@id\":\"https:\\\/\\\/iacrianca.pt\\\/en\\\/2025\\\/09\\\/reflexoes-na-escola-alfaiate\\\/\"},\"author\":{\"name\":\"Administra\u00e7\u00e3o IAC\",\"@id\":\"https:\\\/\\\/iacrianca.pt\\\/en\\\/#\\\/schema\\\/person\\\/1c48c6e4b70d0dc7360e4b28ceaa5f6b\"},\"headline\":\"Reflex\u00f5es na Escola Alfaiate\",\"datePublished\":\"2025-09-03T13:20:55+00:00\",\"dateModified\":\"2025-09-03T14:43:00+00:00\",\"mainEntityOfPage\":{\"@id\":\"https:\\\/\\\/iacrianca.pt\\\/en\\\/2025\\\/09\\\/reflexoes-na-escola-alfaiate\\\/\"},\"wordCount\":188,\"publisher\":{\"@id\":\"https:\\\/\\\/iacrianca.pt\\\/en\\\/#organization\"},\"image\":{\"@id\":\"https:\\\/\\\/iacrianca.pt\\\/en\\\/2025\\\/09\\\/reflexoes-na-escola-alfaiate\\\/#primaryimage\"},\"thumbnailUrl\":\"https:\\\/\\\/iacrianca.pt\\\/wp-content\\\/uploads\\\/alfa2.png\",\"articleSection\":[\"Newsletter\"],\"inLanguage\":\"en-US\"},{\"@type\":\"WebPage\",\"@id\":\"https:\\\/\\\/iacrianca.pt\\\/en\\\/2025\\\/09\\\/reflexoes-na-escola-alfaiate\\\/\",\"url\":\"https:\\\/\\\/iacrianca.pt\\\/en\\\/2025\\\/09\\\/reflexoes-na-escola-alfaiate\\\/\",\"name\":\"Reflex\u00f5es na Escola Alfaiate | Instituto de Apoio \u00e0 Crian\u00e7a\",\"isPartOf\":{\"@id\":\"https:\\\/\\\/iacrianca.pt\\\/en\\\/#website\"},\"primaryImageOfPage\":{\"@id\":\"https:\\\/\\\/iacrianca.pt\\\/en\\\/2025\\\/09\\\/reflexoes-na-escola-alfaiate\\\/#primaryimage\"},\"image\":{\"@id\":\"https:\\\/\\\/iacrianca.pt\\\/en\\\/2025\\\/09\\\/reflexoes-na-escola-alfaiate\\\/#primaryimage\"},\"thumbnailUrl\":\"https:\\\/\\\/iacrianca.pt\\\/wp-content\\\/uploads\\\/alfa2.png\",\"datePublished\":\"2025-09-03T13:20:55+00:00\",\"dateModified\":\"2025-09-03T14:43:00+00:00\",\"breadcrumb\":{\"@id\":\"https:\\\/\\\/iacrianca.pt\\\/en\\\/2025\\\/09\\\/reflexoes-na-escola-alfaiate\\\/#breadcrumb\"},\"inLanguage\":\"en-US\",\"potentialAction\":[{\"@type\":\"ReadAction\",\"target\":[\"https:\\\/\\\/iacrianca.pt\\\/en\\\/2025\\\/09\\\/reflexoes-na-escola-alfaiate\\\/\"]}]},{\"@type\":\"ImageObject\",\"inLanguage\":\"en-US\",\"@id\":\"https:\\\/\\\/iacrianca.pt\\\/en\\\/2025\\\/09\\\/reflexoes-na-escola-alfaiate\\\/#primaryimage\",\"url\":\"https:\\\/\\\/iacrianca.pt\\\/wp-content\\\/uploads\\\/alfa2.png\",\"contentUrl\":\"https:\\\/\\\/iacrianca.pt\\\/wp-content\\\/uploads\\\/alfa2.png\",\"width\":665,\"height\":585},{\"@type\":\"BreadcrumbList\",\"@id\":\"https:\\\/\\\/iacrianca.pt\\\/en\\\/2025\\\/09\\\/reflexoes-na-escola-alfaiate\\\/#breadcrumb\",\"itemListElement\":[{\"@type\":\"ListItem\",\"position\":1,\"name\":\"In\u00edcio\",\"item\":\"https:\\\/\\\/iacrianca.pt\\\/en\\\/\"},{\"@type\":\"ListItem\",\"position\":2,\"name\":\"Reflex\u00f5es na Escola Alfaiate\"}]},{\"@type\":\"WebSite\",\"@id\":\"https:\\\/\\\/iacrianca.pt\\\/en\\\/#website\",\"url\":\"https:\\\/\\\/iacrianca.pt\\\/en\\\/\",\"name\":\"Instituto de Apoio \u00e0 Crian\u00e7a\",\"description\":\"Desde 1983 na defesa e promo\u00e7\u00e3o dos direitos da crian\u00e7a\",\"publisher\":{\"@id\":\"https:\\\/\\\/iacrianca.pt\\\/en\\\/#organization\"},\"potentialAction\":[{\"@type\":\"SearchAction\",\"target\":{\"@type\":\"EntryPoint\",\"urlTemplate\":\"https:\\\/\\\/iacrianca.pt\\\/en\\\/?s={search_term_string}\"},\"query-input\":{\"@type\":\"PropertyValueSpecification\",\"valueRequired\":true,\"valueName\":\"search_term_string\"}}],\"inLanguage\":\"en-US\"},{\"@type\":\"Organization\",\"@id\":\"https:\\\/\\\/iacrianca.pt\\\/en\\\/#organization\",\"name\":\"Instituto de Apoio \u00e0 Crian\u00e7a\",\"url\":\"https:\\\/\\\/iacrianca.pt\\\/en\\\/\",\"logo\":{\"@type\":\"ImageObject\",\"inLanguage\":\"en-US\",\"@id\":\"https:\\\/\\\/iacrianca.pt\\\/en\\\/#\\\/schema\\\/logo\\\/image\\\/\",\"url\":\"https:\\\/\\\/iacrianca.pt\\\/wp-content\\\/uploads\\\/2020\\\/04\\\/logo-iac-SD.jpg\",\"contentUrl\":\"https:\\\/\\\/iacrianca.pt\\\/wp-content\\\/uploads\\\/2020\\\/04\\\/logo-iac-SD.jpg\",\"width\":152,\"height\":73,\"caption\":\"Instituto de Apoio \u00e0 Crian\u00e7a\"},\"image\":{\"@id\":\"https:\\\/\\\/iacrianca.pt\\\/en\\\/#\\\/schema\\\/logo\\\/image\\\/\"},\"sameAs\":[\"https:\\\/\\\/www.facebook.com\\\/iacinstitutodeapoioacrianca\",\"https:\\\/\\\/x.com\\\/iacapoiocrianca\",\"https:\\\/\\\/www.youtube.com\\\/channel\\\/UC0jjfZ_xkN_59gJf_RQ-ZnQ\",\"https:\\\/\\\/www.linkedin.com\\\/company\\\/instituto-de-apoio--criana\\\/\",\"https:\\\/\\\/www.instagram.com\\\/iacinstitutodeapoioacrianca\\\/\",\"https:\\\/\\\/criancasatortoeadireitos.wordpress.com\\\/\"]},{\"@type\":\"Person\",\"@id\":\"https:\\\/\\\/iacrianca.pt\\\/en\\\/#\\\/schema\\\/person\\\/1c48c6e4b70d0dc7360e4b28ceaa5f6b\",\"name\":\"Administra\u00e7\u00e3o IAC\",\"image\":{\"@type\":\"ImageObject\",\"inLanguage\":\"en-US\",\"@id\":\"https:\\\/\\\/secure.gravatar.com\\\/avatar\\\/60b998c71de37dcc1398fc6d48c6b5ed7533e3ceec837c948055f072e3158ff1?s=96&d=mm&r=g\",\"url\":\"https:\\\/\\\/secure.gravatar.com\\\/avatar\\\/60b998c71de37dcc1398fc6d48c6b5ed7533e3ceec837c948055f072e3158ff1?s=96&d=mm&r=g\",\"contentUrl\":\"https:\\\/\\\/secure.gravatar.com\\\/avatar\\\/60b998c71de37dcc1398fc6d48c6b5ed7533e3ceec837c948055f072e3158ff1?s=96&d=mm&r=g\",\"caption\":\"Administra\u00e7\u00e3o IAC\"}}]}<\/script>\n<!-- \/ Yoast SEO plugin. -->","yoast_head_json":{"title":"Reflex\u00f5es na Escola Alfaiate | Instituto de Apoio \u00e0 Crian\u00e7a","robots":{"index":"index","follow":"follow","max-snippet":"max-snippet:-1","max-image-preview":"max-image-preview:large","max-video-preview":"max-video-preview:-1"},"canonical":"https:\/\/iacrianca.pt\/en\/2025\/09\/reflexoes-na-escola-alfaiate\/","og_locale":"en_US","og_type":"article","og_title":"Reflex\u00f5es na Escola Alfaiate | Instituto de Apoio \u00e0 Crian\u00e7a","og_description":"Durante o m\u00eas de agosto, a Escola Alfaiate manteve o seu compromisso de preparar, com dedica\u00e7\u00e3o e cuidado, o pr\u00f3ximo ano letivo. Este per\u00edodo foi marcado por um trabalho de planifica\u00e7\u00e3o dos conte\u00fados e das atividades a desenvolver, tendo sempre em vista a promo\u00e7\u00e3o do sucesso educativo e do bem-estar das crian\u00e7as e jovens acompanhados.&hellip;","og_url":"https:\/\/iacrianca.pt\/en\/2025\/09\/reflexoes-na-escola-alfaiate\/","og_site_name":"Instituto de Apoio \u00e0 Crian\u00e7a","article_publisher":"https:\/\/www.facebook.com\/iacinstitutodeapoioacrianca","article_published_time":"2025-09-03T13:20:55+00:00","article_modified_time":"2025-09-03T14:43:00+00:00","og_image":[{"width":665,"height":585,"url":"https:\/\/iacrianca.pt\/wp-content\/uploads\/alfa2.png","type":"image\/png"}],"author":"Administra\u00e7\u00e3o IAC","twitter_card":"summary_large_image","twitter_creator":"@iacapoiocrianca","twitter_site":"@iacapoiocrianca","twitter_misc":{"Written by":"Administra\u00e7\u00e3o IAC","Est. reading time":"2 minutes"},"schema":{"@context":"https:\/\/schema.org","@graph":[{"@type":"Article","@id":"https:\/\/iacrianca.pt\/en\/2025\/09\/reflexoes-na-escola-alfaiate\/#article","isPartOf":{"@id":"https:\/\/iacrianca.pt\/en\/2025\/09\/reflexoes-na-escola-alfaiate\/"},"author":{"name":"Administra\u00e7\u00e3o IAC","@id":"https:\/\/iacrianca.pt\/en\/#\/schema\/person\/1c48c6e4b70d0dc7360e4b28ceaa5f6b"},"headline":"Reflex\u00f5es na Escola Alfaiate","datePublished":"2025-09-03T13:20:55+00:00","dateModified":"2025-09-03T14:43:00+00:00","mainEntityOfPage":{"@id":"https:\/\/iacrianca.pt\/en\/2025\/09\/reflexoes-na-escola-alfaiate\/"},"wordCount":188,"publisher":{"@id":"https:\/\/iacrianca.pt\/en\/#organization"},"image":{"@id":"https:\/\/iacrianca.pt\/en\/2025\/09\/reflexoes-na-escola-alfaiate\/#primaryimage"},"thumbnailUrl":"https:\/\/iacrianca.pt\/wp-content\/uploads\/alfa2.png","articleSection":["Newsletter"],"inLanguage":"en-US"},{"@type":"WebPage","@id":"https:\/\/iacrianca.pt\/en\/2025\/09\/reflexoes-na-escola-alfaiate\/","url":"https:\/\/iacrianca.pt\/en\/2025\/09\/reflexoes-na-escola-alfaiate\/","name":"Reflex\u00f5es na Escola Alfaiate | Instituto de Apoio \u00e0 Crian\u00e7a","isPartOf":{"@id":"https:\/\/iacrianca.pt\/en\/#website"},"primaryImageOfPage":{"@id":"https:\/\/iacrianca.pt\/en\/2025\/09\/reflexoes-na-escola-alfaiate\/#primaryimage"},"image":{"@id":"https:\/\/iacrianca.pt\/en\/2025\/09\/reflexoes-na-escola-alfaiate\/#primaryimage"},"thumbnailUrl":"https:\/\/iacrianca.pt\/wp-content\/uploads\/alfa2.png","datePublished":"2025-09-03T13:20:55+00:00","dateModified":"2025-09-03T14:43:00+00:00","breadcrumb":{"@id":"https:\/\/iacrianca.pt\/en\/2025\/09\/reflexoes-na-escola-alfaiate\/#breadcrumb"},"inLanguage":"en-US","potentialAction":[{"@type":"ReadAction","target":["https:\/\/iacrianca.pt\/en\/2025\/09\/reflexoes-na-escola-alfaiate\/"]}]},{"@type":"ImageObject","inLanguage":"en-US","@id":"https:\/\/iacrianca.pt\/en\/2025\/09\/reflexoes-na-escola-alfaiate\/#primaryimage","url":"https:\/\/iacrianca.pt\/wp-content\/uploads\/alfa2.png","contentUrl":"https:\/\/iacrianca.pt\/wp-content\/uploads\/alfa2.png","width":665,"height":585},{"@type":"BreadcrumbList","@id":"https:\/\/iacrianca.pt\/en\/2025\/09\/reflexoes-na-escola-alfaiate\/#breadcrumb","itemListElement":[{"@type":"ListItem","position":1,"name":"In\u00edcio","item":"https:\/\/iacrianca.pt\/en\/"},{"@type":"ListItem","position":2,"name":"Reflex\u00f5es na Escola Alfaiate"}]},{"@type":"WebSite","@id":"https:\/\/iacrianca.pt\/en\/#website","url":"https:\/\/iacrianca.pt\/en\/","name":"Instituto de Apoio \u00e0 Crian\u00e7a","description":"Desde 1983 na defesa e promo\u00e7\u00e3o dos direitos da crian\u00e7a","publisher":{"@id":"https:\/\/iacrianca.pt\/en\/#organization"},"potentialAction":[{"@type":"SearchAction","target":{"@type":"EntryPoint","urlTemplate":"https:\/\/iacrianca.pt\/en\/?s={search_term_string}"},"query-input":{"@type":"PropertyValueSpecification","valueRequired":true,"valueName":"search_term_string"}}],"inLanguage":"en-US"},{"@type":"Organization","@id":"https:\/\/iacrianca.pt\/en\/#organization","name":"Instituto de Apoio \u00e0 Crian\u00e7a","url":"https:\/\/iacrianca.pt\/en\/","logo":{"@type":"ImageObject","inLanguage":"en-US","@id":"https:\/\/iacrianca.pt\/en\/#\/schema\/logo\/image\/","url":"https:\/\/iacrianca.pt\/wp-content\/uploads\/2020\/04\/logo-iac-SD.jpg","contentUrl":"https:\/\/iacrianca.pt\/wp-content\/uploads\/2020\/04\/logo-iac-SD.jpg","width":152,"height":73,"caption":"Instituto de Apoio \u00e0 Crian\u00e7a"},"image":{"@id":"https:\/\/iacrianca.pt\/en\/#\/schema\/logo\/image\/"},"sameAs":["https:\/\/www.facebook.com\/iacinstitutodeapoioacrianca","https:\/\/x.com\/iacapoiocrianca","https:\/\/www.youtube.com\/channel\/UC0jjfZ_xkN_59gJf_RQ-ZnQ","https:\/\/www.linkedin.com\/company\/instituto-de-apoio--criana\/","https:\/\/www.instagram.com\/iacinstitutodeapoioacrianca\/","https:\/\/criancasatortoeadireitos.wordpress.com\/"]},{"@type":"Person","@id":"https:\/\/iacrianca.pt\/en\/#\/schema\/person\/1c48c6e4b70d0dc7360e4b28ceaa5f6b","name":"Administra\u00e7\u00e3o IAC","image":{"@type":"ImageObject","inLanguage":"en-US","@id":"https:\/\/secure.gravatar.com\/avatar\/60b998c71de37dcc1398fc6d48c6b5ed7533e3ceec837c948055f072e3158ff1?s=96&d=mm&r=g","url":"https:\/\/secure.gravatar.com\/avatar\/60b998c71de37dcc1398fc6d48c6b5ed7533e3ceec837c948055f072e3158ff1?s=96&d=mm&r=g","contentUrl":"https:\/\/secure.gravatar.com\/avatar\/60b998c71de37dcc1398fc6d48c6b5ed7533e3ceec837c948055f072e3158ff1?s=96&d=mm&r=g","caption":"Administra\u00e7\u00e3o IAC"}}]}},"_links":{"self":[{"href":"https:\/\/iacrianca.pt\/en\/wp-json\/wp\/v2\/posts\/26465","targetHints":{"allow":["GET"]}}],"collection":[{"href":"https:\/\/iacrianca.pt\/en\/wp-json\/wp\/v2\/posts"}],"about":[{"href":"https:\/\/iacrianca.pt\/en\/wp-json\/wp\/v2\/types\/post"}],"author":[{"embeddable":true,"href":"https:\/\/iacrianca.pt\/en\/wp-json\/wp\/v2\/users\/2"}],"replies":[{"embeddable":true,"href":"https:\/\/iacrianca.pt\/en\/wp-json\/wp\/v2\/comments?post=26465"}],"version-history":[{"count":0,"href":"https:\/\/iacrianca.pt\/en\/wp-json\/wp\/v2\/posts\/26465\/revisions"}],"wp:featuredmedia":[{"embeddable":true,"href":"https:\/\/iacrianca.pt\/en\/wp-json\/wp\/v2\/media\/26572"}],"wp:attachment":[{"href":"https:\/\/iacrianca.pt\/en\/wp-json\/wp\/v2\/media?parent=26465"}],"wp:term":[{"taxonomy":"category","embeddable":true,"href":"https:\/\/iacrianca.pt\/en\/wp-json\/wp\/v2\/categories?post=26465"},{"taxonomy":"post_tag","embeddable":true,"href":"https:\/\/iacrianca.pt\/en\/wp-json\/wp\/v2\/tags?post=26465"}],"curies":[{"name":"wp","href":"https:\/\/api.w.org\/{rel}","templated":true}]}}