{"id":26711,"date":"2025-10-14T14:57:41","date_gmt":"2025-10-14T13:57:41","guid":{"rendered":"https:\/\/iacrianca.pt\/?p=26711"},"modified":"2025-10-14T14:57:41","modified_gmt":"2025-10-14T13:57:41","slug":"um-verao-de-descobertas-amizades-e-crescimento","status":"publish","type":"post","link":"https:\/\/iacrianca.pt\/en\/2025\/10\/um-verao-de-descobertas-amizades-e-crescimento\/","title":{"rendered":"Um Ver\u00e3o de Descobertas, Amizades e Crescimento"},"content":{"rendered":"<p><span data-contrast=\"auto\">Este ver\u00e3o foi muito mais do que sol e calor \u2014 foi uma verdadeira jornada de experi\u00eancias marcantes para os jovens que participaram nas atividades ao longo das f\u00e9rias escolares, momento em que as nossas crian\u00e7as e jovens est\u00e3o mais dispon\u00edveis.<\/span><span data-contrast=\"auto\">\u202f<\/span><span data-contrast=\"auto\">\u00a0<\/span><span data-ccp-props=\"{&quot;335551550&quot;:6,&quot;335551620&quot;:6}\">\u00a0<\/span><\/p>\n<p><span data-contrast=\"auto\">\u00a0As atividades l\u00fadico-pedag\u00f3gicas tiveram como objetivos:\u00a0<\/span><span data-ccp-props=\"{&quot;335551550&quot;:6,&quot;335551620&quot;:6}\">\u00a0<\/span><\/p>\n<ul>\n<li aria-setsize=\"-1\" data-leveltext=\"\uf02e\" data-font=\"Symbol\" data-listid=\"1\" data-list-defn-props=\"{&quot;335552541&quot;:1,&quot;335559685&quot;:720,&quot;335559991&quot;:360,&quot;469769226&quot;:&quot;Symbol&quot;,&quot;469769242&quot;:[8226],&quot;469777803&quot;:&quot;left&quot;,&quot;469777804&quot;:&quot;\uf02e&quot;,&quot;469777815&quot;:&quot;hybridMultilevel&quot;}\" data-aria-posinset=\"1\" data-aria-level=\"1\"><span data-contrast=\"auto\">Participa\u00e7\u00e3o ativa e cidadania: atrav\u00e9s da tomada de decis\u00f5es, da colabora\u00e7\u00e3o e do envolvimento em grupo;\u00a0<\/span><span data-ccp-props=\"{&quot;335551550&quot;:6,&quot;335551620&quot;:6}\">\u00a0<\/span><\/li>\n<\/ul>\n<ul>\n<li aria-setsize=\"-1\" data-leveltext=\"\uf02e\" data-font=\"Symbol\" data-listid=\"1\" data-list-defn-props=\"{&quot;335552541&quot;:1,&quot;335559685&quot;:720,&quot;335559991&quot;:360,&quot;469769226&quot;:&quot;Symbol&quot;,&quot;469769242&quot;:[8226],&quot;469777803&quot;:&quot;left&quot;,&quot;469777804&quot;:&quot;\uf02e&quot;,&quot;469777815&quot;:&quot;hybridMultilevel&quot;}\" data-aria-posinset=\"2\" data-aria-level=\"1\"><span data-contrast=\"auto\">Express\u00e3o art\u00edstica e sensibilidade est\u00e9tica: com &#8220;oficinas&#8221; que estimularam a criatividade e o gosto pelas artes;\u00a0<\/span><span data-ccp-props=\"{&quot;335551550&quot;:6,&quot;335551620&quot;:6}\">\u00a0<\/span><\/li>\n<\/ul>\n<ul>\n<li aria-setsize=\"-1\" data-leveltext=\"\uf02e\" data-font=\"Symbol\" data-listid=\"1\" data-list-defn-props=\"{&quot;335552541&quot;:1,&quot;335559685&quot;:720,&quot;335559991&quot;:360,&quot;469769226&quot;:&quot;Symbol&quot;,&quot;469769242&quot;:[8226],&quot;469777803&quot;:&quot;left&quot;,&quot;469777804&quot;:&quot;\uf02e&quot;,&quot;469777815&quot;:&quot;hybridMultilevel&quot;}\" data-aria-posinset=\"3\" data-aria-level=\"1\"><span data-contrast=\"auto\">Autonomia e responsabilidade: em contextos como o Espa\u00e7o de F\u00e9rias e os ateliers pr\u00e1ticos;\u00a0<\/span><span data-ccp-props=\"{&quot;335551550&quot;:6,&quot;335551620&quot;:6}\">\u00a0<\/span><\/li>\n<\/ul>\n<ul>\n<li aria-setsize=\"-1\" data-leveltext=\"\uf02e\" data-font=\"Symbol\" data-listid=\"1\" data-list-defn-props=\"{&quot;335552541&quot;:1,&quot;335559685&quot;:720,&quot;335559991&quot;:360,&quot;469769226&quot;:&quot;Symbol&quot;,&quot;469769242&quot;:[8226],&quot;469777803&quot;:&quot;left&quot;,&quot;469777804&quot;:&quot;\uf02e&quot;,&quot;469777815&quot;:&quot;hybridMultilevel&quot;}\" data-aria-posinset=\"4\" data-aria-level=\"1\"><span data-contrast=\"auto\">Intera\u00e7\u00e3o social e empatia: fomentadas em todos os momentos de partilha e conviv\u00eancia.\u00a0<\/span><span data-ccp-props=\"{&quot;335551550&quot;:6,&quot;335551620&quot;:6}\">\u00a0<\/span><\/li>\n<\/ul>\n<p><span data-contrast=\"auto\">O ver\u00e3o foi vivido com intensidade, imagina\u00e7\u00e3o e partilha. Os jovens participaram num programa diversificado que combinou momentos de lazer, descoberta cultural e express\u00e3o art\u00edstica.\u00a0<\/span><span data-ccp-props=\"{&quot;335551550&quot;:6,&quot;335551620&quot;:6}\">\u00a0<\/span><\/p>\n<p><span data-contrast=\"auto\">As idas \u00e0 praia trouxeram n\u00e3o s\u00f3 divers\u00e3o e conv\u00edvio, mas tamb\u00e9m promoveram o bem-estar f\u00edsico e emocional. O espa\u00e7o de f\u00e9rias em Coimbra proporcionou o conhecimento da cidade, o contacto com o ambiente acad\u00e9mico e o fortalecimento da autonomia.\u00a0<\/span><span data-ccp-props=\"{&quot;335551550&quot;:6,&quot;335551620&quot;:6}\">\u00a0<\/span><\/p>\n<p><span data-contrast=\"auto\">A cultura tamb\u00e9m teve lugar de destaque, promovendo momentos de reflex\u00e3o e debate sobre diferentes realidades e narrativas. Nos ateliers, a imagina\u00e7\u00e3o ganhou forma: no de Massa Fresca, os participantes exploraram a culin\u00e1ria como forma de express\u00e3o e colabora\u00e7\u00e3o; no de cer\u00e2mica, trabalharam a motricidade fina, a paci\u00eancia e a aten\u00e7\u00e3o ao detalhe; no de pintura de telas, deram asas \u00e0 criatividade e \u00e0 liberdade de express\u00e3o; e no Museu do Oriente, mergulharam em novas culturas, desenvolvendo a curiosidade e o respeito pela diversidade.\u00a0<\/span><span data-ccp-props=\"{&quot;335551550&quot;:6,&quot;335551620&quot;:6}\">\u00a0<\/span><\/p>\n<p><span data-contrast=\"auto\">O almo\u00e7o de encerramento das atividades de ver\u00e3o foi o culminar de uma jornada rica em experi\u00eancias, onde se celebrou a participa\u00e7\u00e3o ativa de todos e o esp\u00edrito de grupo, que se fortaleceu ao longo do tempo.\u00a0\u00a0<\/span><span data-ccp-props=\"{&quot;335551550&quot;:6,&quot;335551620&quot;:6}\">\u00a0<\/span><\/p>\n<p><span data-contrast=\"auto\">a equipa realizou ainda em pequeno v\u00eddeo com o registo de<\/span><span data-contrast=\"auto\">\u202f<\/span><span data-contrast=\"auto\">alguns dos melhores momentos vivenciados por todos.\u00a0\u00a0<\/span><span data-ccp-props=\"{&quot;335551550&quot;:6,&quot;335551620&quot;:6}\">\u00a0<\/span><\/p>\n<p><span data-contrast=\"auto\">A avalia\u00e7\u00e3o e o sorriso dos jovens mostrou-nos o quanto estas atividade s l\u00fadico-pedag\u00f3gicas s\u00e3o a verdadeira ess\u00eancia do nosso trabalho.<\/span><span data-contrast=\"auto\">\u202f<\/span><span data-contrast=\"auto\">\u00a0<\/span><span data-ccp-props=\"{&quot;335551550&quot;:6,&quot;335551620&quot;:6}\">\u00a0<\/span><\/p>\n<p><span data-contrast=\"auto\">O ver\u00e3o termina, as mem\u00f3rias e aprendizagens ficam para sempre, e com a participa\u00e7\u00e3o dos jovens com novas sugest\u00f5es daremos continuidade \u00e1 interven\u00e7\u00e3o com outros desafios e experi\u00eancias.<\/span><span data-ccp-props=\"{&quot;335551550&quot;:6,&quot;335551620&quot;:6}\">\u00a0<\/span><\/p>\n<p><img fetchpriority=\"high\" decoding=\"async\" class=\"alignnone wp-image-26716 size-full\" src=\"https:\/\/iacrianca.pt\/wp-content\/uploads\/veraodes3.jpg\" alt=\"\" width=\"649\" height=\"863\" srcset=\"https:\/\/iacrianca.pt\/wp-content\/uploads\/veraodes3.jpg 649w, https:\/\/iacrianca.pt\/wp-content\/uploads\/veraodes3-226x300.jpg 226w\" sizes=\"(max-width: 649px) 100vw, 649px\" \/> <img decoding=\"async\" class=\"alignnone wp-image-26714 size-full\" src=\"https:\/\/iacrianca.pt\/wp-content\/uploads\/veraodes2.jpg\" alt=\"\" width=\"652\" height=\"864\" srcset=\"https:\/\/iacrianca.pt\/wp-content\/uploads\/veraodes2.jpg 652w, https:\/\/iacrianca.pt\/wp-content\/uploads\/veraodes2-226x300.jpg 226w\" sizes=\"(max-width: 652px) 100vw, 652px\" \/><\/p>\n<p>&nbsp;<\/p>\n","protected":false},"excerpt":{"rendered":"<p>Este ver\u00e3o foi muito mais do que sol e calor \u2014 foi uma verdadeira jornada de experi\u00eancias marcantes para os jovens que participaram nas atividades ao longo das f\u00e9rias escolares, momento em que as nossas crian\u00e7as e jovens est\u00e3o mais dispon\u00edveis.\u202f\u00a0\u00a0 \u00a0As atividades l\u00fadico-pedag\u00f3gicas tiveram como objetivos:\u00a0\u00a0 Participa\u00e7\u00e3o ativa e cidadania: atrav\u00e9s da tomada de&hellip;<\/p>\n","protected":false},"author":2,"featured_media":26712,"comment_status":"closed","ping_status":"open","sticky":false,"template":"","format":"standard","meta":{"_acf_changed":false,"footnotes":""},"categories":[63],"tags":[],"class_list":["post-26711","post","type-post","status-publish","format-standard","has-post-thumbnail","hentry","category-newsletter","category-63","description-off"],"acf":[],"yoast_head":"<!-- This site is optimized with the Yoast SEO plugin v27.5 - https:\/\/yoast.com\/product\/yoast-seo-wordpress\/ -->\n<title>Um Ver\u00e3o de Descobertas, Amizades e Crescimento | Instituto de Apoio \u00e0 Crian\u00e7a<\/title>\n<meta name=\"robots\" content=\"index, follow, max-snippet:-1, max-image-preview:large, max-video-preview:-1\" \/>\n<link rel=\"canonical\" href=\"https:\/\/iacrianca.pt\/en\/2025\/10\/um-verao-de-descobertas-amizades-e-crescimento\/\" \/>\n<meta property=\"og:locale\" content=\"en_US\" \/>\n<meta property=\"og:type\" content=\"article\" \/>\n<meta property=\"og:title\" content=\"Um Ver\u00e3o de Descobertas, Amizades e Crescimento | Instituto de Apoio \u00e0 Crian\u00e7a\" \/>\n<meta property=\"og:description\" content=\"Este ver\u00e3o foi muito mais do que sol e calor \u2014 foi uma verdadeira jornada de experi\u00eancias marcantes para os jovens que participaram nas atividades ao longo das f\u00e9rias escolares, momento em que as nossas crian\u00e7as e jovens est\u00e3o mais dispon\u00edveis.\u202f\u00a0\u00a0 \u00a0As atividades l\u00fadico-pedag\u00f3gicas tiveram como objetivos:\u00a0\u00a0 Participa\u00e7\u00e3o ativa e cidadania: atrav\u00e9s da tomada de&hellip;\" \/>\n<meta property=\"og:url\" content=\"https:\/\/iacrianca.pt\/en\/2025\/10\/um-verao-de-descobertas-amizades-e-crescimento\/\" \/>\n<meta property=\"og:site_name\" content=\"Instituto de Apoio \u00e0 Crian\u00e7a\" \/>\n<meta property=\"article:publisher\" content=\"https:\/\/www.facebook.com\/iacinstitutodeapoioacrianca\" \/>\n<meta property=\"article:published_time\" content=\"2025-10-14T13:57:41+00:00\" \/>\n<meta property=\"og:image\" content=\"https:\/\/iacrianca.pt\/wp-content\/uploads\/veraodes.jpg\" \/>\n\t<meta property=\"og:image:width\" content=\"1013\" \/>\n\t<meta property=\"og:image:height\" content=\"726\" \/>\n\t<meta property=\"og:image:type\" content=\"image\/jpeg\" \/>\n<meta name=\"author\" content=\"Administra\u00e7\u00e3o IAC\" \/>\n<meta name=\"twitter:card\" content=\"summary_large_image\" \/>\n<meta name=\"twitter:creator\" content=\"@iacapoiocrianca\" \/>\n<meta name=\"twitter:site\" content=\"@iacapoiocrianca\" \/>\n<meta name=\"twitter:label1\" content=\"Written by\" \/>\n\t<meta name=\"twitter:data1\" content=\"Administra\u00e7\u00e3o IAC\" \/>\n\t<meta name=\"twitter:label2\" content=\"Est. reading time\" \/>\n\t<meta name=\"twitter:data2\" content=\"3 minutes\" \/>\n<script type=\"application\/ld+json\" class=\"yoast-schema-graph\">{\"@context\":\"https:\\\/\\\/schema.org\",\"@graph\":[{\"@type\":\"Article\",\"@id\":\"https:\\\/\\\/iacrianca.pt\\\/en\\\/2025\\\/10\\\/um-verao-de-descobertas-amizades-e-crescimento\\\/#article\",\"isPartOf\":{\"@id\":\"https:\\\/\\\/iacrianca.pt\\\/en\\\/2025\\\/10\\\/um-verao-de-descobertas-amizades-e-crescimento\\\/\"},\"author\":{\"name\":\"Administra\u00e7\u00e3o IAC\",\"@id\":\"https:\\\/\\\/iacrianca.pt\\\/en\\\/#\\\/schema\\\/person\\\/1c48c6e4b70d0dc7360e4b28ceaa5f6b\"},\"headline\":\"Um Ver\u00e3o de Descobertas, Amizades e Crescimento\",\"datePublished\":\"2025-10-14T13:57:41+00:00\",\"mainEntityOfPage\":{\"@id\":\"https:\\\/\\\/iacrianca.pt\\\/en\\\/2025\\\/10\\\/um-verao-de-descobertas-amizades-e-crescimento\\\/\"},\"wordCount\":422,\"publisher\":{\"@id\":\"https:\\\/\\\/iacrianca.pt\\\/en\\\/#organization\"},\"image\":{\"@id\":\"https:\\\/\\\/iacrianca.pt\\\/en\\\/2025\\\/10\\\/um-verao-de-descobertas-amizades-e-crescimento\\\/#primaryimage\"},\"thumbnailUrl\":\"https:\\\/\\\/iacrianca.pt\\\/wp-content\\\/uploads\\\/veraodes.jpg\",\"articleSection\":[\"Newsletter\"],\"inLanguage\":\"en-US\"},{\"@type\":\"WebPage\",\"@id\":\"https:\\\/\\\/iacrianca.pt\\\/en\\\/2025\\\/10\\\/um-verao-de-descobertas-amizades-e-crescimento\\\/\",\"url\":\"https:\\\/\\\/iacrianca.pt\\\/en\\\/2025\\\/10\\\/um-verao-de-descobertas-amizades-e-crescimento\\\/\",\"name\":\"Um Ver\u00e3o de Descobertas, Amizades e Crescimento | Instituto de Apoio \u00e0 Crian\u00e7a\",\"isPartOf\":{\"@id\":\"https:\\\/\\\/iacrianca.pt\\\/en\\\/#website\"},\"primaryImageOfPage\":{\"@id\":\"https:\\\/\\\/iacrianca.pt\\\/en\\\/2025\\\/10\\\/um-verao-de-descobertas-amizades-e-crescimento\\\/#primaryimage\"},\"image\":{\"@id\":\"https:\\\/\\\/iacrianca.pt\\\/en\\\/2025\\\/10\\\/um-verao-de-descobertas-amizades-e-crescimento\\\/#primaryimage\"},\"thumbnailUrl\":\"https:\\\/\\\/iacrianca.pt\\\/wp-content\\\/uploads\\\/veraodes.jpg\",\"datePublished\":\"2025-10-14T13:57:41+00:00\",\"breadcrumb\":{\"@id\":\"https:\\\/\\\/iacrianca.pt\\\/en\\\/2025\\\/10\\\/um-verao-de-descobertas-amizades-e-crescimento\\\/#breadcrumb\"},\"inLanguage\":\"en-US\",\"potentialAction\":[{\"@type\":\"ReadAction\",\"target\":[\"https:\\\/\\\/iacrianca.pt\\\/en\\\/2025\\\/10\\\/um-verao-de-descobertas-amizades-e-crescimento\\\/\"]}]},{\"@type\":\"ImageObject\",\"inLanguage\":\"en-US\",\"@id\":\"https:\\\/\\\/iacrianca.pt\\\/en\\\/2025\\\/10\\\/um-verao-de-descobertas-amizades-e-crescimento\\\/#primaryimage\",\"url\":\"https:\\\/\\\/iacrianca.pt\\\/wp-content\\\/uploads\\\/veraodes.jpg\",\"contentUrl\":\"https:\\\/\\\/iacrianca.pt\\\/wp-content\\\/uploads\\\/veraodes.jpg\",\"width\":1013,\"height\":726},{\"@type\":\"BreadcrumbList\",\"@id\":\"https:\\\/\\\/iacrianca.pt\\\/en\\\/2025\\\/10\\\/um-verao-de-descobertas-amizades-e-crescimento\\\/#breadcrumb\",\"itemListElement\":[{\"@type\":\"ListItem\",\"position\":1,\"name\":\"In\u00edcio\",\"item\":\"https:\\\/\\\/iacrianca.pt\\\/en\\\/\"},{\"@type\":\"ListItem\",\"position\":2,\"name\":\"Um Ver\u00e3o de Descobertas, Amizades e Crescimento\"}]},{\"@type\":\"WebSite\",\"@id\":\"https:\\\/\\\/iacrianca.pt\\\/en\\\/#website\",\"url\":\"https:\\\/\\\/iacrianca.pt\\\/en\\\/\",\"name\":\"Instituto de Apoio \u00e0 Crian\u00e7a\",\"description\":\"Desde 1983 na defesa e promo\u00e7\u00e3o dos direitos da crian\u00e7a\",\"publisher\":{\"@id\":\"https:\\\/\\\/iacrianca.pt\\\/en\\\/#organization\"},\"potentialAction\":[{\"@type\":\"SearchAction\",\"target\":{\"@type\":\"EntryPoint\",\"urlTemplate\":\"https:\\\/\\\/iacrianca.pt\\\/en\\\/?s={search_term_string}\"},\"query-input\":{\"@type\":\"PropertyValueSpecification\",\"valueRequired\":true,\"valueName\":\"search_term_string\"}}],\"inLanguage\":\"en-US\"},{\"@type\":\"Organization\",\"@id\":\"https:\\\/\\\/iacrianca.pt\\\/en\\\/#organization\",\"name\":\"Instituto de Apoio \u00e0 Crian\u00e7a\",\"url\":\"https:\\\/\\\/iacrianca.pt\\\/en\\\/\",\"logo\":{\"@type\":\"ImageObject\",\"inLanguage\":\"en-US\",\"@id\":\"https:\\\/\\\/iacrianca.pt\\\/en\\\/#\\\/schema\\\/logo\\\/image\\\/\",\"url\":\"https:\\\/\\\/iacrianca.pt\\\/wp-content\\\/uploads\\\/2020\\\/04\\\/logo-iac-SD.jpg\",\"contentUrl\":\"https:\\\/\\\/iacrianca.pt\\\/wp-content\\\/uploads\\\/2020\\\/04\\\/logo-iac-SD.jpg\",\"width\":152,\"height\":73,\"caption\":\"Instituto de Apoio \u00e0 Crian\u00e7a\"},\"image\":{\"@id\":\"https:\\\/\\\/iacrianca.pt\\\/en\\\/#\\\/schema\\\/logo\\\/image\\\/\"},\"sameAs\":[\"https:\\\/\\\/www.facebook.com\\\/iacinstitutodeapoioacrianca\",\"https:\\\/\\\/x.com\\\/iacapoiocrianca\",\"https:\\\/\\\/www.youtube.com\\\/channel\\\/UC0jjfZ_xkN_59gJf_RQ-ZnQ\",\"https:\\\/\\\/www.linkedin.com\\\/company\\\/instituto-de-apoio--criana\\\/\",\"https:\\\/\\\/www.instagram.com\\\/iacinstitutodeapoioacrianca\\\/\",\"https:\\\/\\\/criancasatortoeadireitos.wordpress.com\\\/\"]},{\"@type\":\"Person\",\"@id\":\"https:\\\/\\\/iacrianca.pt\\\/en\\\/#\\\/schema\\\/person\\\/1c48c6e4b70d0dc7360e4b28ceaa5f6b\",\"name\":\"Administra\u00e7\u00e3o IAC\",\"image\":{\"@type\":\"ImageObject\",\"inLanguage\":\"en-US\",\"@id\":\"https:\\\/\\\/secure.gravatar.com\\\/avatar\\\/60b998c71de37dcc1398fc6d48c6b5ed7533e3ceec837c948055f072e3158ff1?s=96&d=mm&r=g\",\"url\":\"https:\\\/\\\/secure.gravatar.com\\\/avatar\\\/60b998c71de37dcc1398fc6d48c6b5ed7533e3ceec837c948055f072e3158ff1?s=96&d=mm&r=g\",\"contentUrl\":\"https:\\\/\\\/secure.gravatar.com\\\/avatar\\\/60b998c71de37dcc1398fc6d48c6b5ed7533e3ceec837c948055f072e3158ff1?s=96&d=mm&r=g\",\"caption\":\"Administra\u00e7\u00e3o IAC\"}}]}<\/script>\n<!-- \/ Yoast SEO plugin. -->","yoast_head_json":{"title":"Um Ver\u00e3o de Descobertas, Amizades e Crescimento | Instituto de Apoio \u00e0 Crian\u00e7a","robots":{"index":"index","follow":"follow","max-snippet":"max-snippet:-1","max-image-preview":"max-image-preview:large","max-video-preview":"max-video-preview:-1"},"canonical":"https:\/\/iacrianca.pt\/en\/2025\/10\/um-verao-de-descobertas-amizades-e-crescimento\/","og_locale":"en_US","og_type":"article","og_title":"Um Ver\u00e3o de Descobertas, Amizades e Crescimento | Instituto de Apoio \u00e0 Crian\u00e7a","og_description":"Este ver\u00e3o foi muito mais do que sol e calor \u2014 foi uma verdadeira jornada de experi\u00eancias marcantes para os jovens que participaram nas atividades ao longo das f\u00e9rias escolares, momento em que as nossas crian\u00e7as e jovens est\u00e3o mais dispon\u00edveis.\u202f\u00a0\u00a0 \u00a0As atividades l\u00fadico-pedag\u00f3gicas tiveram como objetivos:\u00a0\u00a0 Participa\u00e7\u00e3o ativa e cidadania: atrav\u00e9s da tomada de&hellip;","og_url":"https:\/\/iacrianca.pt\/en\/2025\/10\/um-verao-de-descobertas-amizades-e-crescimento\/","og_site_name":"Instituto de Apoio \u00e0 Crian\u00e7a","article_publisher":"https:\/\/www.facebook.com\/iacinstitutodeapoioacrianca","article_published_time":"2025-10-14T13:57:41+00:00","og_image":[{"width":1013,"height":726,"url":"https:\/\/iacrianca.pt\/wp-content\/uploads\/veraodes.jpg","type":"image\/jpeg"}],"author":"Administra\u00e7\u00e3o IAC","twitter_card":"summary_large_image","twitter_creator":"@iacapoiocrianca","twitter_site":"@iacapoiocrianca","twitter_misc":{"Written by":"Administra\u00e7\u00e3o IAC","Est. reading time":"3 minutes"},"schema":{"@context":"https:\/\/schema.org","@graph":[{"@type":"Article","@id":"https:\/\/iacrianca.pt\/en\/2025\/10\/um-verao-de-descobertas-amizades-e-crescimento\/#article","isPartOf":{"@id":"https:\/\/iacrianca.pt\/en\/2025\/10\/um-verao-de-descobertas-amizades-e-crescimento\/"},"author":{"name":"Administra\u00e7\u00e3o IAC","@id":"https:\/\/iacrianca.pt\/en\/#\/schema\/person\/1c48c6e4b70d0dc7360e4b28ceaa5f6b"},"headline":"Um Ver\u00e3o de Descobertas, Amizades e Crescimento","datePublished":"2025-10-14T13:57:41+00:00","mainEntityOfPage":{"@id":"https:\/\/iacrianca.pt\/en\/2025\/10\/um-verao-de-descobertas-amizades-e-crescimento\/"},"wordCount":422,"publisher":{"@id":"https:\/\/iacrianca.pt\/en\/#organization"},"image":{"@id":"https:\/\/iacrianca.pt\/en\/2025\/10\/um-verao-de-descobertas-amizades-e-crescimento\/#primaryimage"},"thumbnailUrl":"https:\/\/iacrianca.pt\/wp-content\/uploads\/veraodes.jpg","articleSection":["Newsletter"],"inLanguage":"en-US"},{"@type":"WebPage","@id":"https:\/\/iacrianca.pt\/en\/2025\/10\/um-verao-de-descobertas-amizades-e-crescimento\/","url":"https:\/\/iacrianca.pt\/en\/2025\/10\/um-verao-de-descobertas-amizades-e-crescimento\/","name":"Um Ver\u00e3o de Descobertas, Amizades e Crescimento | Instituto de Apoio \u00e0 Crian\u00e7a","isPartOf":{"@id":"https:\/\/iacrianca.pt\/en\/#website"},"primaryImageOfPage":{"@id":"https:\/\/iacrianca.pt\/en\/2025\/10\/um-verao-de-descobertas-amizades-e-crescimento\/#primaryimage"},"image":{"@id":"https:\/\/iacrianca.pt\/en\/2025\/10\/um-verao-de-descobertas-amizades-e-crescimento\/#primaryimage"},"thumbnailUrl":"https:\/\/iacrianca.pt\/wp-content\/uploads\/veraodes.jpg","datePublished":"2025-10-14T13:57:41+00:00","breadcrumb":{"@id":"https:\/\/iacrianca.pt\/en\/2025\/10\/um-verao-de-descobertas-amizades-e-crescimento\/#breadcrumb"},"inLanguage":"en-US","potentialAction":[{"@type":"ReadAction","target":["https:\/\/iacrianca.pt\/en\/2025\/10\/um-verao-de-descobertas-amizades-e-crescimento\/"]}]},{"@type":"ImageObject","inLanguage":"en-US","@id":"https:\/\/iacrianca.pt\/en\/2025\/10\/um-verao-de-descobertas-amizades-e-crescimento\/#primaryimage","url":"https:\/\/iacrianca.pt\/wp-content\/uploads\/veraodes.jpg","contentUrl":"https:\/\/iacrianca.pt\/wp-content\/uploads\/veraodes.jpg","width":1013,"height":726},{"@type":"BreadcrumbList","@id":"https:\/\/iacrianca.pt\/en\/2025\/10\/um-verao-de-descobertas-amizades-e-crescimento\/#breadcrumb","itemListElement":[{"@type":"ListItem","position":1,"name":"In\u00edcio","item":"https:\/\/iacrianca.pt\/en\/"},{"@type":"ListItem","position":2,"name":"Um Ver\u00e3o de Descobertas, Amizades e Crescimento"}]},{"@type":"WebSite","@id":"https:\/\/iacrianca.pt\/en\/#website","url":"https:\/\/iacrianca.pt\/en\/","name":"Instituto de Apoio \u00e0 Crian\u00e7a","description":"Desde 1983 na defesa e promo\u00e7\u00e3o dos direitos da crian\u00e7a","publisher":{"@id":"https:\/\/iacrianca.pt\/en\/#organization"},"potentialAction":[{"@type":"SearchAction","target":{"@type":"EntryPoint","urlTemplate":"https:\/\/iacrianca.pt\/en\/?s={search_term_string}"},"query-input":{"@type":"PropertyValueSpecification","valueRequired":true,"valueName":"search_term_string"}}],"inLanguage":"en-US"},{"@type":"Organization","@id":"https:\/\/iacrianca.pt\/en\/#organization","name":"Instituto de Apoio \u00e0 Crian\u00e7a","url":"https:\/\/iacrianca.pt\/en\/","logo":{"@type":"ImageObject","inLanguage":"en-US","@id":"https:\/\/iacrianca.pt\/en\/#\/schema\/logo\/image\/","url":"https:\/\/iacrianca.pt\/wp-content\/uploads\/2020\/04\/logo-iac-SD.jpg","contentUrl":"https:\/\/iacrianca.pt\/wp-content\/uploads\/2020\/04\/logo-iac-SD.jpg","width":152,"height":73,"caption":"Instituto de Apoio \u00e0 Crian\u00e7a"},"image":{"@id":"https:\/\/iacrianca.pt\/en\/#\/schema\/logo\/image\/"},"sameAs":["https:\/\/www.facebook.com\/iacinstitutodeapoioacrianca","https:\/\/x.com\/iacapoiocrianca","https:\/\/www.youtube.com\/channel\/UC0jjfZ_xkN_59gJf_RQ-ZnQ","https:\/\/www.linkedin.com\/company\/instituto-de-apoio--criana\/","https:\/\/www.instagram.com\/iacinstitutodeapoioacrianca\/","https:\/\/criancasatortoeadireitos.wordpress.com\/"]},{"@type":"Person","@id":"https:\/\/iacrianca.pt\/en\/#\/schema\/person\/1c48c6e4b70d0dc7360e4b28ceaa5f6b","name":"Administra\u00e7\u00e3o IAC","image":{"@type":"ImageObject","inLanguage":"en-US","@id":"https:\/\/secure.gravatar.com\/avatar\/60b998c71de37dcc1398fc6d48c6b5ed7533e3ceec837c948055f072e3158ff1?s=96&d=mm&r=g","url":"https:\/\/secure.gravatar.com\/avatar\/60b998c71de37dcc1398fc6d48c6b5ed7533e3ceec837c948055f072e3158ff1?s=96&d=mm&r=g","contentUrl":"https:\/\/secure.gravatar.com\/avatar\/60b998c71de37dcc1398fc6d48c6b5ed7533e3ceec837c948055f072e3158ff1?s=96&d=mm&r=g","caption":"Administra\u00e7\u00e3o IAC"}}]}},"_links":{"self":[{"href":"https:\/\/iacrianca.pt\/en\/wp-json\/wp\/v2\/posts\/26711","targetHints":{"allow":["GET"]}}],"collection":[{"href":"https:\/\/iacrianca.pt\/en\/wp-json\/wp\/v2\/posts"}],"about":[{"href":"https:\/\/iacrianca.pt\/en\/wp-json\/wp\/v2\/types\/post"}],"author":[{"embeddable":true,"href":"https:\/\/iacrianca.pt\/en\/wp-json\/wp\/v2\/users\/2"}],"replies":[{"embeddable":true,"href":"https:\/\/iacrianca.pt\/en\/wp-json\/wp\/v2\/comments?post=26711"}],"version-history":[{"count":0,"href":"https:\/\/iacrianca.pt\/en\/wp-json\/wp\/v2\/posts\/26711\/revisions"}],"wp:featuredmedia":[{"embeddable":true,"href":"https:\/\/iacrianca.pt\/en\/wp-json\/wp\/v2\/media\/26712"}],"wp:attachment":[{"href":"https:\/\/iacrianca.pt\/en\/wp-json\/wp\/v2\/media?parent=26711"}],"wp:term":[{"taxonomy":"category","embeddable":true,"href":"https:\/\/iacrianca.pt\/en\/wp-json\/wp\/v2\/categories?post=26711"},{"taxonomy":"post_tag","embeddable":true,"href":"https:\/\/iacrianca.pt\/en\/wp-json\/wp\/v2\/tags?post=26711"}],"curies":[{"name":"wp","href":"https:\/\/api.w.org\/{rel}","templated":true}]}}