{"id":26767,"date":"2025-10-14T16:33:00","date_gmt":"2025-10-14T15:33:00","guid":{"rendered":"https:\/\/iacrianca.pt\/?p=26767"},"modified":"2025-10-14T16:33:00","modified_gmt":"2025-10-14T15:33:00","slug":"bem-vindos-a-escola","status":"publish","type":"post","link":"https:\/\/iacrianca.pt\/en\/2025\/10\/bem-vindos-a-escola\/","title":{"rendered":"Bem-vindos \u00e0 Escola"},"content":{"rendered":"<p>Setembro \u00e9 o m\u00eas do entusiasmo ou nervosismo para muitos, de novidade, de come\u00e7os ou de regressos. As escolas b\u00e1sicas do Agrupamento de Escolas D. Dinis d\u00e3o as boas vindas aos alunos com uma dose extra de alegria e carinho, com as apresenta\u00e7\u00f5es dos professores aos colegas novos e uma visita guiada pela escola para o reconhecimento das instala\u00e7\u00f5es. A escola tem um papel fundamental na vida das crian\u00e7as e, por isso, acolhe os alunos e proporciona um espa\u00e7o seguro onde ir\u00e3o vivenciar v\u00e1rias experi\u00eancias e colecionar mem\u00f3rias para no futuro recordar.<\/p>\n<p>O Projeto Escola Alfaiate n\u00e3o podia ficar de fora neste momento importante da vida das crian\u00e7as e esteve presente no acolhimento das mesmas, motivando e apoiando os alunos com mais dificuldade em iniciar esta nova fase.<\/p>\n<p>O sorriso no rosto das crian\u00e7as demonstra a vontade de aprender coisas novas, de criar la\u00e7os e de partilhar momentos. O in\u00edcio do ano letivo marca uma nova aventura e um novo ano repleto de oportunidades. Agora, est\u00e1 na hora de aceitar o desafio e, de cada um, ao seu tempo e ritmo, dar o seu melhor!<\/p>\n<div id=\"attachment_26770\" style=\"width: 748px\" class=\"wp-caption alignnone\"><img fetchpriority=\"high\" decoding=\"async\" aria-describedby=\"caption-attachment-26770\" class=\"wp-image-26770 size-full\" src=\"https:\/\/iacrianca.pt\/wp-content\/uploads\/eb1-195-2.jpg\" alt=\"EB1 195\" width=\"738\" height=\"757\" srcset=\"https:\/\/iacrianca.pt\/wp-content\/uploads\/eb1-195-2.jpg 738w, https:\/\/iacrianca.pt\/wp-content\/uploads\/eb1-195-2-292x300.jpg 292w\" sizes=\"(max-width: 738px) 100vw, 738px\" \/><p id=\"caption-attachment-26770\" class=\"wp-caption-text\">EB1 195<\/p><\/div>\n<div id=\"attachment_26772\" style=\"width: 798px\" class=\"wp-caption alignnone\"><img decoding=\"async\" aria-describedby=\"caption-attachment-26772\" class=\"wp-image-26772 size-full\" src=\"https:\/\/iacrianca.pt\/wp-content\/uploads\/eb1-agostinho-da-silva-3.jpg\" alt=\"EB1 Agostinho da Silva\" width=\"788\" height=\"834\" srcset=\"https:\/\/iacrianca.pt\/wp-content\/uploads\/eb1-agostinho-da-silva-3.jpg 788w, https:\/\/iacrianca.pt\/wp-content\/uploads\/eb1-agostinho-da-silva-3-283x300.jpg 283w, https:\/\/iacrianca.pt\/wp-content\/uploads\/eb1-agostinho-da-silva-3-768x813.jpg 768w\" sizes=\"(max-width: 788px) 100vw, 788px\" \/><p id=\"caption-attachment-26772\" class=\"wp-caption-text\">EB1 Agostinho da Silva<\/p><\/div>\n<div id=\"attachment_26774\" style=\"width: 494px\" class=\"wp-caption alignnone\"><img decoding=\"async\" aria-describedby=\"caption-attachment-26774\" class=\"wp-image-26774 size-full\" src=\"https:\/\/iacrianca.pt\/wp-content\/uploads\/eb1-joao-dos-santos-4.jpg\" alt=\"EB1 Jo\u00e3o dos Santos\" width=\"484\" height=\"386\" srcset=\"https:\/\/iacrianca.pt\/wp-content\/uploads\/eb1-joao-dos-santos-4.jpg 484w, https:\/\/iacrianca.pt\/wp-content\/uploads\/eb1-joao-dos-santos-4-300x239.jpg 300w\" sizes=\"(max-width: 484px) 100vw, 484px\" \/><p id=\"caption-attachment-26774\" class=\"wp-caption-text\">EB1 Jo\u00e3o dos Santos<\/p><\/div>\n<div id=\"attachment_26776\" style=\"width: 731px\" class=\"wp-caption alignnone\"><img loading=\"lazy\" decoding=\"async\" aria-describedby=\"caption-attachment-26776\" class=\"wp-image-26776 size-full\" src=\"https:\/\/iacrianca.pt\/wp-content\/uploads\/eb1-luiza-neto-jorge-1.jpg\" alt=\"EB1 Luiza Neto Jorge\" width=\"721\" height=\"855\" srcset=\"https:\/\/iacrianca.pt\/wp-content\/uploads\/eb1-luiza-neto-jorge-1.jpg 721w, https:\/\/iacrianca.pt\/wp-content\/uploads\/eb1-luiza-neto-jorge-1-253x300.jpg 253w\" sizes=\"(max-width: 721px) 100vw, 721px\" \/><p id=\"caption-attachment-26776\" class=\"wp-caption-text\">EB1 Luiza Neto Jorge<\/p><\/div>\n","protected":false},"excerpt":{"rendered":"<p>Setembro \u00e9 o m\u00eas do entusiasmo ou nervosismo para muitos, de novidade, de come\u00e7os ou de regressos. As escolas b\u00e1sicas do Agrupamento de Escolas D. Dinis d\u00e3o as boas vindas aos alunos com uma dose extra de alegria e carinho, com as apresenta\u00e7\u00f5es dos professores aos colegas novos e uma visita guiada pela escola para&hellip;<\/p>\n","protected":false},"author":2,"featured_media":26768,"comment_status":"closed","ping_status":"open","sticky":false,"template":"","format":"standard","meta":{"_acf_changed":false,"footnotes":""},"categories":[63],"tags":[],"class_list":["post-26767","post","type-post","status-publish","format-standard","has-post-thumbnail","hentry","category-newsletter","category-63","description-off"],"acf":[],"yoast_head":"<!-- This site is optimized with the Yoast SEO plugin v27.5 - https:\/\/yoast.com\/product\/yoast-seo-wordpress\/ -->\n<title>Bem-vindos \u00e0 Escola | Instituto de Apoio \u00e0 Crian\u00e7a<\/title>\n<meta name=\"robots\" content=\"index, follow, max-snippet:-1, max-image-preview:large, max-video-preview:-1\" \/>\n<link rel=\"canonical\" href=\"https:\/\/iacrianca.pt\/en\/2025\/10\/bem-vindos-a-escola\/\" \/>\n<meta property=\"og:locale\" content=\"en_US\" \/>\n<meta property=\"og:type\" content=\"article\" \/>\n<meta property=\"og:title\" content=\"Bem-vindos \u00e0 Escola | Instituto de Apoio \u00e0 Crian\u00e7a\" \/>\n<meta property=\"og:description\" content=\"Setembro \u00e9 o m\u00eas do entusiasmo ou nervosismo para muitos, de novidade, de come\u00e7os ou de regressos. As escolas b\u00e1sicas do Agrupamento de Escolas D. Dinis d\u00e3o as boas vindas aos alunos com uma dose extra de alegria e carinho, com as apresenta\u00e7\u00f5es dos professores aos colegas novos e uma visita guiada pela escola para&hellip;\" \/>\n<meta property=\"og:url\" content=\"https:\/\/iacrianca.pt\/en\/2025\/10\/bem-vindos-a-escola\/\" \/>\n<meta property=\"og:site_name\" content=\"Instituto de Apoio \u00e0 Crian\u00e7a\" \/>\n<meta property=\"article:publisher\" content=\"https:\/\/www.facebook.com\/iacinstitutodeapoioacrianca\" \/>\n<meta property=\"article:published_time\" content=\"2025-10-14T15:33:00+00:00\" \/>\n<meta property=\"og:image\" content=\"https:\/\/iacrianca.pt\/wp-content\/uploads\/eb1-loios-1.png\" \/>\n\t<meta property=\"og:image:width\" content=\"586\" \/>\n\t<meta property=\"og:image:height\" content=\"340\" \/>\n\t<meta property=\"og:image:type\" content=\"image\/png\" \/>\n<meta name=\"author\" content=\"Administra\u00e7\u00e3o IAC\" \/>\n<meta name=\"twitter:card\" content=\"summary_large_image\" \/>\n<meta name=\"twitter:creator\" content=\"@iacapoiocrianca\" \/>\n<meta name=\"twitter:site\" content=\"@iacapoiocrianca\" \/>\n<meta name=\"twitter:label1\" content=\"Written by\" \/>\n\t<meta name=\"twitter:data1\" content=\"Administra\u00e7\u00e3o IAC\" \/>\n\t<meta name=\"twitter:label2\" content=\"Est. reading time\" \/>\n\t<meta name=\"twitter:data2\" content=\"3 minutes\" \/>\n<script type=\"application\/ld+json\" class=\"yoast-schema-graph\">{\"@context\":\"https:\\\/\\\/schema.org\",\"@graph\":[{\"@type\":\"Article\",\"@id\":\"https:\\\/\\\/iacrianca.pt\\\/en\\\/2025\\\/10\\\/bem-vindos-a-escola\\\/#article\",\"isPartOf\":{\"@id\":\"https:\\\/\\\/iacrianca.pt\\\/en\\\/2025\\\/10\\\/bem-vindos-a-escola\\\/\"},\"author\":{\"name\":\"Administra\u00e7\u00e3o IAC\",\"@id\":\"https:\\\/\\\/iacrianca.pt\\\/en\\\/#\\\/schema\\\/person\\\/1c48c6e4b70d0dc7360e4b28ceaa5f6b\"},\"headline\":\"Bem-vindos \u00e0 Escola\",\"datePublished\":\"2025-10-14T15:33:00+00:00\",\"mainEntityOfPage\":{\"@id\":\"https:\\\/\\\/iacrianca.pt\\\/en\\\/2025\\\/10\\\/bem-vindos-a-escola\\\/\"},\"wordCount\":245,\"publisher\":{\"@id\":\"https:\\\/\\\/iacrianca.pt\\\/en\\\/#organization\"},\"image\":{\"@id\":\"https:\\\/\\\/iacrianca.pt\\\/en\\\/2025\\\/10\\\/bem-vindos-a-escola\\\/#primaryimage\"},\"thumbnailUrl\":\"https:\\\/\\\/iacrianca.pt\\\/wp-content\\\/uploads\\\/eb1-loios-1.png\",\"articleSection\":[\"Newsletter\"],\"inLanguage\":\"en-US\"},{\"@type\":\"WebPage\",\"@id\":\"https:\\\/\\\/iacrianca.pt\\\/en\\\/2025\\\/10\\\/bem-vindos-a-escola\\\/\",\"url\":\"https:\\\/\\\/iacrianca.pt\\\/en\\\/2025\\\/10\\\/bem-vindos-a-escola\\\/\",\"name\":\"Bem-vindos \u00e0 Escola | Instituto de Apoio \u00e0 Crian\u00e7a\",\"isPartOf\":{\"@id\":\"https:\\\/\\\/iacrianca.pt\\\/en\\\/#website\"},\"primaryImageOfPage\":{\"@id\":\"https:\\\/\\\/iacrianca.pt\\\/en\\\/2025\\\/10\\\/bem-vindos-a-escola\\\/#primaryimage\"},\"image\":{\"@id\":\"https:\\\/\\\/iacrianca.pt\\\/en\\\/2025\\\/10\\\/bem-vindos-a-escola\\\/#primaryimage\"},\"thumbnailUrl\":\"https:\\\/\\\/iacrianca.pt\\\/wp-content\\\/uploads\\\/eb1-loios-1.png\",\"datePublished\":\"2025-10-14T15:33:00+00:00\",\"breadcrumb\":{\"@id\":\"https:\\\/\\\/iacrianca.pt\\\/en\\\/2025\\\/10\\\/bem-vindos-a-escola\\\/#breadcrumb\"},\"inLanguage\":\"en-US\",\"potentialAction\":[{\"@type\":\"ReadAction\",\"target\":[\"https:\\\/\\\/iacrianca.pt\\\/en\\\/2025\\\/10\\\/bem-vindos-a-escola\\\/\"]}]},{\"@type\":\"ImageObject\",\"inLanguage\":\"en-US\",\"@id\":\"https:\\\/\\\/iacrianca.pt\\\/en\\\/2025\\\/10\\\/bem-vindos-a-escola\\\/#primaryimage\",\"url\":\"https:\\\/\\\/iacrianca.pt\\\/wp-content\\\/uploads\\\/eb1-loios-1.png\",\"contentUrl\":\"https:\\\/\\\/iacrianca.pt\\\/wp-content\\\/uploads\\\/eb1-loios-1.png\",\"width\":586,\"height\":340,\"caption\":\"EB1 L\u00f3ios\"},{\"@type\":\"BreadcrumbList\",\"@id\":\"https:\\\/\\\/iacrianca.pt\\\/en\\\/2025\\\/10\\\/bem-vindos-a-escola\\\/#breadcrumb\",\"itemListElement\":[{\"@type\":\"ListItem\",\"position\":1,\"name\":\"In\u00edcio\",\"item\":\"https:\\\/\\\/iacrianca.pt\\\/en\\\/\"},{\"@type\":\"ListItem\",\"position\":2,\"name\":\"Bem-vindos \u00e0 Escola\"}]},{\"@type\":\"WebSite\",\"@id\":\"https:\\\/\\\/iacrianca.pt\\\/en\\\/#website\",\"url\":\"https:\\\/\\\/iacrianca.pt\\\/en\\\/\",\"name\":\"Instituto de Apoio \u00e0 Crian\u00e7a\",\"description\":\"Desde 1983 na defesa e promo\u00e7\u00e3o dos direitos da crian\u00e7a\",\"publisher\":{\"@id\":\"https:\\\/\\\/iacrianca.pt\\\/en\\\/#organization\"},\"potentialAction\":[{\"@type\":\"SearchAction\",\"target\":{\"@type\":\"EntryPoint\",\"urlTemplate\":\"https:\\\/\\\/iacrianca.pt\\\/en\\\/?s={search_term_string}\"},\"query-input\":{\"@type\":\"PropertyValueSpecification\",\"valueRequired\":true,\"valueName\":\"search_term_string\"}}],\"inLanguage\":\"en-US\"},{\"@type\":\"Organization\",\"@id\":\"https:\\\/\\\/iacrianca.pt\\\/en\\\/#organization\",\"name\":\"Instituto de Apoio \u00e0 Crian\u00e7a\",\"url\":\"https:\\\/\\\/iacrianca.pt\\\/en\\\/\",\"logo\":{\"@type\":\"ImageObject\",\"inLanguage\":\"en-US\",\"@id\":\"https:\\\/\\\/iacrianca.pt\\\/en\\\/#\\\/schema\\\/logo\\\/image\\\/\",\"url\":\"https:\\\/\\\/iacrianca.pt\\\/wp-content\\\/uploads\\\/2020\\\/04\\\/logo-iac-SD.jpg\",\"contentUrl\":\"https:\\\/\\\/iacrianca.pt\\\/wp-content\\\/uploads\\\/2020\\\/04\\\/logo-iac-SD.jpg\",\"width\":152,\"height\":73,\"caption\":\"Instituto de Apoio \u00e0 Crian\u00e7a\"},\"image\":{\"@id\":\"https:\\\/\\\/iacrianca.pt\\\/en\\\/#\\\/schema\\\/logo\\\/image\\\/\"},\"sameAs\":[\"https:\\\/\\\/www.facebook.com\\\/iacinstitutodeapoioacrianca\",\"https:\\\/\\\/x.com\\\/iacapoiocrianca\",\"https:\\\/\\\/www.youtube.com\\\/channel\\\/UC0jjfZ_xkN_59gJf_RQ-ZnQ\",\"https:\\\/\\\/www.linkedin.com\\\/company\\\/instituto-de-apoio--criana\\\/\",\"https:\\\/\\\/www.instagram.com\\\/iacinstitutodeapoioacrianca\\\/\",\"https:\\\/\\\/criancasatortoeadireitos.wordpress.com\\\/\"]},{\"@type\":\"Person\",\"@id\":\"https:\\\/\\\/iacrianca.pt\\\/en\\\/#\\\/schema\\\/person\\\/1c48c6e4b70d0dc7360e4b28ceaa5f6b\",\"name\":\"Administra\u00e7\u00e3o IAC\",\"image\":{\"@type\":\"ImageObject\",\"inLanguage\":\"en-US\",\"@id\":\"https:\\\/\\\/secure.gravatar.com\\\/avatar\\\/60b998c71de37dcc1398fc6d48c6b5ed7533e3ceec837c948055f072e3158ff1?s=96&d=mm&r=g\",\"url\":\"https:\\\/\\\/secure.gravatar.com\\\/avatar\\\/60b998c71de37dcc1398fc6d48c6b5ed7533e3ceec837c948055f072e3158ff1?s=96&d=mm&r=g\",\"contentUrl\":\"https:\\\/\\\/secure.gravatar.com\\\/avatar\\\/60b998c71de37dcc1398fc6d48c6b5ed7533e3ceec837c948055f072e3158ff1?s=96&d=mm&r=g\",\"caption\":\"Administra\u00e7\u00e3o IAC\"}}]}<\/script>\n<!-- \/ Yoast SEO plugin. -->","yoast_head_json":{"title":"Bem-vindos \u00e0 Escola | Instituto de Apoio \u00e0 Crian\u00e7a","robots":{"index":"index","follow":"follow","max-snippet":"max-snippet:-1","max-image-preview":"max-image-preview:large","max-video-preview":"max-video-preview:-1"},"canonical":"https:\/\/iacrianca.pt\/en\/2025\/10\/bem-vindos-a-escola\/","og_locale":"en_US","og_type":"article","og_title":"Bem-vindos \u00e0 Escola | Instituto de Apoio \u00e0 Crian\u00e7a","og_description":"Setembro \u00e9 o m\u00eas do entusiasmo ou nervosismo para muitos, de novidade, de come\u00e7os ou de regressos. As escolas b\u00e1sicas do Agrupamento de Escolas D. Dinis d\u00e3o as boas vindas aos alunos com uma dose extra de alegria e carinho, com as apresenta\u00e7\u00f5es dos professores aos colegas novos e uma visita guiada pela escola para&hellip;","og_url":"https:\/\/iacrianca.pt\/en\/2025\/10\/bem-vindos-a-escola\/","og_site_name":"Instituto de Apoio \u00e0 Crian\u00e7a","article_publisher":"https:\/\/www.facebook.com\/iacinstitutodeapoioacrianca","article_published_time":"2025-10-14T15:33:00+00:00","og_image":[{"width":586,"height":340,"url":"https:\/\/iacrianca.pt\/wp-content\/uploads\/eb1-loios-1.png","type":"image\/png"}],"author":"Administra\u00e7\u00e3o IAC","twitter_card":"summary_large_image","twitter_creator":"@iacapoiocrianca","twitter_site":"@iacapoiocrianca","twitter_misc":{"Written by":"Administra\u00e7\u00e3o IAC","Est. reading time":"3 minutes"},"schema":{"@context":"https:\/\/schema.org","@graph":[{"@type":"Article","@id":"https:\/\/iacrianca.pt\/en\/2025\/10\/bem-vindos-a-escola\/#article","isPartOf":{"@id":"https:\/\/iacrianca.pt\/en\/2025\/10\/bem-vindos-a-escola\/"},"author":{"name":"Administra\u00e7\u00e3o IAC","@id":"https:\/\/iacrianca.pt\/en\/#\/schema\/person\/1c48c6e4b70d0dc7360e4b28ceaa5f6b"},"headline":"Bem-vindos \u00e0 Escola","datePublished":"2025-10-14T15:33:00+00:00","mainEntityOfPage":{"@id":"https:\/\/iacrianca.pt\/en\/2025\/10\/bem-vindos-a-escola\/"},"wordCount":245,"publisher":{"@id":"https:\/\/iacrianca.pt\/en\/#organization"},"image":{"@id":"https:\/\/iacrianca.pt\/en\/2025\/10\/bem-vindos-a-escola\/#primaryimage"},"thumbnailUrl":"https:\/\/iacrianca.pt\/wp-content\/uploads\/eb1-loios-1.png","articleSection":["Newsletter"],"inLanguage":"en-US"},{"@type":"WebPage","@id":"https:\/\/iacrianca.pt\/en\/2025\/10\/bem-vindos-a-escola\/","url":"https:\/\/iacrianca.pt\/en\/2025\/10\/bem-vindos-a-escola\/","name":"Bem-vindos \u00e0 Escola | Instituto de Apoio \u00e0 Crian\u00e7a","isPartOf":{"@id":"https:\/\/iacrianca.pt\/en\/#website"},"primaryImageOfPage":{"@id":"https:\/\/iacrianca.pt\/en\/2025\/10\/bem-vindos-a-escola\/#primaryimage"},"image":{"@id":"https:\/\/iacrianca.pt\/en\/2025\/10\/bem-vindos-a-escola\/#primaryimage"},"thumbnailUrl":"https:\/\/iacrianca.pt\/wp-content\/uploads\/eb1-loios-1.png","datePublished":"2025-10-14T15:33:00+00:00","breadcrumb":{"@id":"https:\/\/iacrianca.pt\/en\/2025\/10\/bem-vindos-a-escola\/#breadcrumb"},"inLanguage":"en-US","potentialAction":[{"@type":"ReadAction","target":["https:\/\/iacrianca.pt\/en\/2025\/10\/bem-vindos-a-escola\/"]}]},{"@type":"ImageObject","inLanguage":"en-US","@id":"https:\/\/iacrianca.pt\/en\/2025\/10\/bem-vindos-a-escola\/#primaryimage","url":"https:\/\/iacrianca.pt\/wp-content\/uploads\/eb1-loios-1.png","contentUrl":"https:\/\/iacrianca.pt\/wp-content\/uploads\/eb1-loios-1.png","width":586,"height":340,"caption":"EB1 L\u00f3ios"},{"@type":"BreadcrumbList","@id":"https:\/\/iacrianca.pt\/en\/2025\/10\/bem-vindos-a-escola\/#breadcrumb","itemListElement":[{"@type":"ListItem","position":1,"name":"In\u00edcio","item":"https:\/\/iacrianca.pt\/en\/"},{"@type":"ListItem","position":2,"name":"Bem-vindos \u00e0 Escola"}]},{"@type":"WebSite","@id":"https:\/\/iacrianca.pt\/en\/#website","url":"https:\/\/iacrianca.pt\/en\/","name":"Instituto de Apoio \u00e0 Crian\u00e7a","description":"Desde 1983 na defesa e promo\u00e7\u00e3o dos direitos da crian\u00e7a","publisher":{"@id":"https:\/\/iacrianca.pt\/en\/#organization"},"potentialAction":[{"@type":"SearchAction","target":{"@type":"EntryPoint","urlTemplate":"https:\/\/iacrianca.pt\/en\/?s={search_term_string}"},"query-input":{"@type":"PropertyValueSpecification","valueRequired":true,"valueName":"search_term_string"}}],"inLanguage":"en-US"},{"@type":"Organization","@id":"https:\/\/iacrianca.pt\/en\/#organization","name":"Instituto de Apoio \u00e0 Crian\u00e7a","url":"https:\/\/iacrianca.pt\/en\/","logo":{"@type":"ImageObject","inLanguage":"en-US","@id":"https:\/\/iacrianca.pt\/en\/#\/schema\/logo\/image\/","url":"https:\/\/iacrianca.pt\/wp-content\/uploads\/2020\/04\/logo-iac-SD.jpg","contentUrl":"https:\/\/iacrianca.pt\/wp-content\/uploads\/2020\/04\/logo-iac-SD.jpg","width":152,"height":73,"caption":"Instituto de Apoio \u00e0 Crian\u00e7a"},"image":{"@id":"https:\/\/iacrianca.pt\/en\/#\/schema\/logo\/image\/"},"sameAs":["https:\/\/www.facebook.com\/iacinstitutodeapoioacrianca","https:\/\/x.com\/iacapoiocrianca","https:\/\/www.youtube.com\/channel\/UC0jjfZ_xkN_59gJf_RQ-ZnQ","https:\/\/www.linkedin.com\/company\/instituto-de-apoio--criana\/","https:\/\/www.instagram.com\/iacinstitutodeapoioacrianca\/","https:\/\/criancasatortoeadireitos.wordpress.com\/"]},{"@type":"Person","@id":"https:\/\/iacrianca.pt\/en\/#\/schema\/person\/1c48c6e4b70d0dc7360e4b28ceaa5f6b","name":"Administra\u00e7\u00e3o IAC","image":{"@type":"ImageObject","inLanguage":"en-US","@id":"https:\/\/secure.gravatar.com\/avatar\/60b998c71de37dcc1398fc6d48c6b5ed7533e3ceec837c948055f072e3158ff1?s=96&d=mm&r=g","url":"https:\/\/secure.gravatar.com\/avatar\/60b998c71de37dcc1398fc6d48c6b5ed7533e3ceec837c948055f072e3158ff1?s=96&d=mm&r=g","contentUrl":"https:\/\/secure.gravatar.com\/avatar\/60b998c71de37dcc1398fc6d48c6b5ed7533e3ceec837c948055f072e3158ff1?s=96&d=mm&r=g","caption":"Administra\u00e7\u00e3o IAC"}}]}},"_links":{"self":[{"href":"https:\/\/iacrianca.pt\/en\/wp-json\/wp\/v2\/posts\/26767","targetHints":{"allow":["GET"]}}],"collection":[{"href":"https:\/\/iacrianca.pt\/en\/wp-json\/wp\/v2\/posts"}],"about":[{"href":"https:\/\/iacrianca.pt\/en\/wp-json\/wp\/v2\/types\/post"}],"author":[{"embeddable":true,"href":"https:\/\/iacrianca.pt\/en\/wp-json\/wp\/v2\/users\/2"}],"replies":[{"embeddable":true,"href":"https:\/\/iacrianca.pt\/en\/wp-json\/wp\/v2\/comments?post=26767"}],"version-history":[{"count":0,"href":"https:\/\/iacrianca.pt\/en\/wp-json\/wp\/v2\/posts\/26767\/revisions"}],"wp:featuredmedia":[{"embeddable":true,"href":"https:\/\/iacrianca.pt\/en\/wp-json\/wp\/v2\/media\/26768"}],"wp:attachment":[{"href":"https:\/\/iacrianca.pt\/en\/wp-json\/wp\/v2\/media?parent=26767"}],"wp:term":[{"taxonomy":"category","embeddable":true,"href":"https:\/\/iacrianca.pt\/en\/wp-json\/wp\/v2\/categories?post=26767"},{"taxonomy":"post_tag","embeddable":true,"href":"https:\/\/iacrianca.pt\/en\/wp-json\/wp\/v2\/tags?post=26767"}],"curies":[{"name":"wp","href":"https:\/\/api.w.org\/{rel}","templated":true}]}}