{"id":26898,"date":"2025-11-03T15:37:05","date_gmt":"2025-11-03T15:37:05","guid":{"rendered":"https:\/\/iacrianca.pt\/?p=26898"},"modified":"2025-11-03T15:44:08","modified_gmt":"2025-11-03T15:44:08","slug":"projeto-erasmus-recreate-int-vista-da-terre-ludique","status":"publish","type":"post","link":"https:\/\/iacrianca.pt\/en\/2025\/11\/projeto-erasmus-recreate-int-vista-da-terre-ludique\/","title":{"rendered":"Projeto Erasmus+ RE:Create Int: Visita da Terre Ludique"},"content":{"rendered":"<p><span data-contrast=\"auto\">No \u00e2mbito do projeto Erasmus+ \u201cRE:create:Int &#8211; Recriar la\u00e7os intergeracionais atrav\u00e9s do Brincar\u201d, financiado pela Uni\u00e3o Europeia, recebemos 3 profissionais da cong\u00e9nere francesa Terre Ludique, naquela que foi a primeira iniciativa de mobilidade do projeto em Portugal.\u00a0<\/span><span data-ccp-props=\"{&quot;335551550&quot;:6,&quot;335551620&quot;:6}\">\u00a0<\/span><\/p>\n<p><span data-contrast=\"auto\">Este projeto pretende partilhar as pr\u00e1ticas profissionais das organiza\u00e7\u00f5es (IAC &amp; Terre Ludique) de forma a apoiar os parceiros nacionais no trabalho com grupos intergeracionais, promovendo o brincar enquanto forma de inclus\u00e3o social para crian\u00e7as, jovens e idosos.\u00a0<\/span><span data-ccp-props=\"{&quot;335551550&quot;:6,&quot;335551620&quot;:6}\">\u00a0<\/span><\/p>\n<p><span data-contrast=\"auto\">A visita tinha como objetivo conhecer as pr\u00e1ticas j\u00e1 existentes em Portugal e em Fran\u00e7a sobre a cria\u00e7\u00e3o e a facilita\u00e7\u00e3o de grupos intergeracionais, pelo que se organizaram quer visitas a parceiros quer uma a\u00e7\u00e3o de sensibiliza\u00e7\u00e3o e capacita\u00e7\u00e3o.<\/span><span data-ccp-props=\"{&quot;335551550&quot;:6,&quot;335551620&quot;:6}\">\u00a0<\/span><\/p>\n<p><span data-contrast=\"auto\">Salientamos a valiosa colabora\u00e7\u00e3o de 3 parceiros externos na rece\u00e7\u00e3o ao grupo nos seus espa\u00e7os (Centro Sagrada Fam\u00edlia, Munic\u00edpio de Cascais e Funda\u00e7\u00e3o Marqu\u00eas de Pombal) e agradecemos aos participantes da manh\u00e3 formativa com os parceiros franceses.<\/span><span data-ccp-props=\"{&quot;335551550&quot;:6,&quot;335551620&quot;:6}\">\u00a0<\/span><\/p>\n<p><span data-contrast=\"auto\">Em seguida, iremos sistematizar as pr\u00e1ticas que encontramos em Portugal e em Fran\u00e7a desenvolvendo documentos que servir\u00e3o de inspira\u00e7\u00e3o para a fase seguinte de cria\u00e7\u00e3o de grupos e din\u00e2micas de brincar de forma a promover os la\u00e7os intergeracionais e fomentar o envolvimento e a forma\u00e7\u00e3o dos seniores nas iniciativas dos parceiros do projeto. Para mais informa\u00e7\u00f5es contacte <\/span><a href=\"mailto:iac-hub@iacrianca.pt\"><span data-contrast=\"none\">iac-hub@iacrianca.pt<\/span><\/a><span data-contrast=\"auto\">\u00a0<\/span><span data-ccp-props=\"{&quot;335551550&quot;:6,&quot;335551620&quot;:6}\">\u00a0<\/span><\/p>\n<p><img fetchpriority=\"high\" decoding=\"async\" class=\"alignnone wp-image-26901 size-full\" src=\"https:\/\/iacrianca.pt\/wp-content\/uploads\/visita-terre-ludique-2.jpeg\" alt=\"\" width=\"1200\" height=\"1600\" srcset=\"https:\/\/iacrianca.pt\/wp-content\/uploads\/visita-terre-ludique-2.jpeg 1200w, https:\/\/iacrianca.pt\/wp-content\/uploads\/visita-terre-ludique-2-225x300.jpeg 225w, https:\/\/iacrianca.pt\/wp-content\/uploads\/visita-terre-ludique-2-768x1024.jpeg 768w, https:\/\/iacrianca.pt\/wp-content\/uploads\/visita-terre-ludique-2-1152x1536.jpeg 1152w\" sizes=\"(max-width: 1200px) 100vw, 1200px\" \/> <img decoding=\"async\" class=\"alignnone wp-image-26903 size-full\" src=\"https:\/\/iacrianca.pt\/wp-content\/uploads\/visita-terre-ludique-3.jpeg\" alt=\"\" width=\"2048\" height=\"474\" srcset=\"https:\/\/iacrianca.pt\/wp-content\/uploads\/visita-terre-ludique-3.jpeg 2048w, https:\/\/iacrianca.pt\/wp-content\/uploads\/visita-terre-ludique-3-300x69.jpeg 300w, https:\/\/iacrianca.pt\/wp-content\/uploads\/visita-terre-ludique-3-1024x237.jpeg 1024w, https:\/\/iacrianca.pt\/wp-content\/uploads\/visita-terre-ludique-3-768x178.jpeg 768w, https:\/\/iacrianca.pt\/wp-content\/uploads\/visita-terre-ludique-3-1536x356.jpeg 1536w\" sizes=\"(max-width: 2048px) 100vw, 2048px\" \/><\/p>\n","protected":false},"excerpt":{"rendered":"<p>No \u00e2mbito do projeto Erasmus+ \u201cRE:create:Int &#8211; Recriar la\u00e7os intergeracionais atrav\u00e9s do Brincar\u201d, financiado pela Uni\u00e3o Europeia, recebemos 3 profissionais da cong\u00e9nere francesa Terre Ludique, naquela que foi a primeira iniciativa de mobilidade do projeto em Portugal.\u00a0\u00a0 Este projeto pretende partilhar as pr\u00e1ticas profissionais das organiza\u00e7\u00f5es (IAC &amp; Terre Ludique) de forma a apoiar os&hellip;<\/p>\n","protected":false},"author":2,"featured_media":26899,"comment_status":"closed","ping_status":"open","sticky":false,"template":"","format":"standard","meta":{"_acf_changed":false,"footnotes":""},"categories":[63],"tags":[],"class_list":["post-26898","post","type-post","status-publish","format-standard","has-post-thumbnail","hentry","category-newsletter","category-63","description-off"],"acf":[],"yoast_head":"<!-- This site is optimized with the Yoast SEO plugin v27.5 - https:\/\/yoast.com\/product\/yoast-seo-wordpress\/ -->\n<title>Projeto Erasmus+ RE:Create Int: Visita da Terre Ludique | Instituto de Apoio \u00e0 Crian\u00e7a<\/title>\n<meta name=\"robots\" content=\"index, follow, max-snippet:-1, max-image-preview:large, max-video-preview:-1\" \/>\n<link rel=\"canonical\" href=\"https:\/\/iacrianca.pt\/en\/2025\/11\/projeto-erasmus-recreate-int-vista-da-terre-ludique\/\" \/>\n<meta property=\"og:locale\" content=\"en_US\" \/>\n<meta property=\"og:type\" content=\"article\" \/>\n<meta property=\"og:title\" content=\"Projeto Erasmus+ RE:Create Int: Visita da Terre Ludique | Instituto de Apoio \u00e0 Crian\u00e7a\" \/>\n<meta property=\"og:description\" content=\"No \u00e2mbito do projeto Erasmus+ \u201cRE:create:Int &#8211; Recriar la\u00e7os intergeracionais atrav\u00e9s do Brincar\u201d, financiado pela Uni\u00e3o Europeia, recebemos 3 profissionais da cong\u00e9nere francesa Terre Ludique, naquela que foi a primeira iniciativa de mobilidade do projeto em Portugal.\u00a0\u00a0 Este projeto pretende partilhar as pr\u00e1ticas profissionais das organiza\u00e7\u00f5es (IAC &amp; Terre Ludique) de forma a apoiar os&hellip;\" \/>\n<meta property=\"og:url\" content=\"https:\/\/iacrianca.pt\/en\/2025\/11\/projeto-erasmus-recreate-int-vista-da-terre-ludique\/\" \/>\n<meta property=\"og:site_name\" content=\"Instituto de Apoio \u00e0 Crian\u00e7a\" \/>\n<meta property=\"article:publisher\" content=\"https:\/\/www.facebook.com\/iacinstitutodeapoioacrianca\" \/>\n<meta property=\"article:published_time\" content=\"2025-11-03T15:37:05+00:00\" \/>\n<meta property=\"article:modified_time\" content=\"2025-11-03T15:44:08+00:00\" \/>\n<meta property=\"og:image\" content=\"https:\/\/iacrianca.pt\/wp-content\/uploads\/visita-terre-ludique.jpeg\" \/>\n\t<meta property=\"og:image:width\" content=\"1600\" \/>\n\t<meta property=\"og:image:height\" content=\"1200\" \/>\n\t<meta property=\"og:image:type\" content=\"image\/jpeg\" \/>\n<meta name=\"author\" content=\"Administra\u00e7\u00e3o IAC\" \/>\n<meta name=\"twitter:card\" content=\"summary_large_image\" \/>\n<meta name=\"twitter:creator\" content=\"@iacapoiocrianca\" \/>\n<meta name=\"twitter:site\" content=\"@iacapoiocrianca\" \/>\n<meta name=\"twitter:label1\" content=\"Written by\" \/>\n\t<meta name=\"twitter:data1\" content=\"Administra\u00e7\u00e3o IAC\" \/>\n\t<meta name=\"twitter:label2\" content=\"Est. reading time\" \/>\n\t<meta name=\"twitter:data2\" content=\"2 minutes\" \/>\n<script type=\"application\/ld+json\" class=\"yoast-schema-graph\">{\"@context\":\"https:\\\/\\\/schema.org\",\"@graph\":[{\"@type\":\"Article\",\"@id\":\"https:\\\/\\\/iacrianca.pt\\\/en\\\/2025\\\/11\\\/projeto-erasmus-recreate-int-vista-da-terre-ludique\\\/#article\",\"isPartOf\":{\"@id\":\"https:\\\/\\\/iacrianca.pt\\\/en\\\/2025\\\/11\\\/projeto-erasmus-recreate-int-vista-da-terre-ludique\\\/\"},\"author\":{\"name\":\"Administra\u00e7\u00e3o IAC\",\"@id\":\"https:\\\/\\\/iacrianca.pt\\\/en\\\/#\\\/schema\\\/person\\\/1c48c6e4b70d0dc7360e4b28ceaa5f6b\"},\"headline\":\"Projeto Erasmus+ RE:Create Int: Visita da Terre Ludique\",\"datePublished\":\"2025-11-03T15:37:05+00:00\",\"dateModified\":\"2025-11-03T15:44:08+00:00\",\"mainEntityOfPage\":{\"@id\":\"https:\\\/\\\/iacrianca.pt\\\/en\\\/2025\\\/11\\\/projeto-erasmus-recreate-int-vista-da-terre-ludique\\\/\"},\"wordCount\":251,\"publisher\":{\"@id\":\"https:\\\/\\\/iacrianca.pt\\\/en\\\/#organization\"},\"image\":{\"@id\":\"https:\\\/\\\/iacrianca.pt\\\/en\\\/2025\\\/11\\\/projeto-erasmus-recreate-int-vista-da-terre-ludique\\\/#primaryimage\"},\"thumbnailUrl\":\"https:\\\/\\\/iacrianca.pt\\\/wp-content\\\/uploads\\\/visita-terre-ludique.jpeg\",\"articleSection\":[\"Newsletter\"],\"inLanguage\":\"en-US\"},{\"@type\":\"WebPage\",\"@id\":\"https:\\\/\\\/iacrianca.pt\\\/en\\\/2025\\\/11\\\/projeto-erasmus-recreate-int-vista-da-terre-ludique\\\/\",\"url\":\"https:\\\/\\\/iacrianca.pt\\\/en\\\/2025\\\/11\\\/projeto-erasmus-recreate-int-vista-da-terre-ludique\\\/\",\"name\":\"Projeto Erasmus+ RE:Create Int: Visita da Terre Ludique | Instituto de Apoio \u00e0 Crian\u00e7a\",\"isPartOf\":{\"@id\":\"https:\\\/\\\/iacrianca.pt\\\/en\\\/#website\"},\"primaryImageOfPage\":{\"@id\":\"https:\\\/\\\/iacrianca.pt\\\/en\\\/2025\\\/11\\\/projeto-erasmus-recreate-int-vista-da-terre-ludique\\\/#primaryimage\"},\"image\":{\"@id\":\"https:\\\/\\\/iacrianca.pt\\\/en\\\/2025\\\/11\\\/projeto-erasmus-recreate-int-vista-da-terre-ludique\\\/#primaryimage\"},\"thumbnailUrl\":\"https:\\\/\\\/iacrianca.pt\\\/wp-content\\\/uploads\\\/visita-terre-ludique.jpeg\",\"datePublished\":\"2025-11-03T15:37:05+00:00\",\"dateModified\":\"2025-11-03T15:44:08+00:00\",\"breadcrumb\":{\"@id\":\"https:\\\/\\\/iacrianca.pt\\\/en\\\/2025\\\/11\\\/projeto-erasmus-recreate-int-vista-da-terre-ludique\\\/#breadcrumb\"},\"inLanguage\":\"en-US\",\"potentialAction\":[{\"@type\":\"ReadAction\",\"target\":[\"https:\\\/\\\/iacrianca.pt\\\/en\\\/2025\\\/11\\\/projeto-erasmus-recreate-int-vista-da-terre-ludique\\\/\"]}]},{\"@type\":\"ImageObject\",\"inLanguage\":\"en-US\",\"@id\":\"https:\\\/\\\/iacrianca.pt\\\/en\\\/2025\\\/11\\\/projeto-erasmus-recreate-int-vista-da-terre-ludique\\\/#primaryimage\",\"url\":\"https:\\\/\\\/iacrianca.pt\\\/wp-content\\\/uploads\\\/visita-terre-ludique.jpeg\",\"contentUrl\":\"https:\\\/\\\/iacrianca.pt\\\/wp-content\\\/uploads\\\/visita-terre-ludique.jpeg\",\"width\":1600,\"height\":1200},{\"@type\":\"BreadcrumbList\",\"@id\":\"https:\\\/\\\/iacrianca.pt\\\/en\\\/2025\\\/11\\\/projeto-erasmus-recreate-int-vista-da-terre-ludique\\\/#breadcrumb\",\"itemListElement\":[{\"@type\":\"ListItem\",\"position\":1,\"name\":\"In\u00edcio\",\"item\":\"https:\\\/\\\/iacrianca.pt\\\/en\\\/\"},{\"@type\":\"ListItem\",\"position\":2,\"name\":\"Projeto Erasmus+ RE:Create Int: Visita da Terre Ludique\"}]},{\"@type\":\"WebSite\",\"@id\":\"https:\\\/\\\/iacrianca.pt\\\/en\\\/#website\",\"url\":\"https:\\\/\\\/iacrianca.pt\\\/en\\\/\",\"name\":\"Instituto de Apoio \u00e0 Crian\u00e7a\",\"description\":\"Desde 1983 na defesa e promo\u00e7\u00e3o dos direitos da crian\u00e7a\",\"publisher\":{\"@id\":\"https:\\\/\\\/iacrianca.pt\\\/en\\\/#organization\"},\"potentialAction\":[{\"@type\":\"SearchAction\",\"target\":{\"@type\":\"EntryPoint\",\"urlTemplate\":\"https:\\\/\\\/iacrianca.pt\\\/en\\\/?s={search_term_string}\"},\"query-input\":{\"@type\":\"PropertyValueSpecification\",\"valueRequired\":true,\"valueName\":\"search_term_string\"}}],\"inLanguage\":\"en-US\"},{\"@type\":\"Organization\",\"@id\":\"https:\\\/\\\/iacrianca.pt\\\/en\\\/#organization\",\"name\":\"Instituto de Apoio \u00e0 Crian\u00e7a\",\"url\":\"https:\\\/\\\/iacrianca.pt\\\/en\\\/\",\"logo\":{\"@type\":\"ImageObject\",\"inLanguage\":\"en-US\",\"@id\":\"https:\\\/\\\/iacrianca.pt\\\/en\\\/#\\\/schema\\\/logo\\\/image\\\/\",\"url\":\"https:\\\/\\\/iacrianca.pt\\\/wp-content\\\/uploads\\\/2020\\\/04\\\/logo-iac-SD.jpg\",\"contentUrl\":\"https:\\\/\\\/iacrianca.pt\\\/wp-content\\\/uploads\\\/2020\\\/04\\\/logo-iac-SD.jpg\",\"width\":152,\"height\":73,\"caption\":\"Instituto de Apoio \u00e0 Crian\u00e7a\"},\"image\":{\"@id\":\"https:\\\/\\\/iacrianca.pt\\\/en\\\/#\\\/schema\\\/logo\\\/image\\\/\"},\"sameAs\":[\"https:\\\/\\\/www.facebook.com\\\/iacinstitutodeapoioacrianca\",\"https:\\\/\\\/x.com\\\/iacapoiocrianca\",\"https:\\\/\\\/www.youtube.com\\\/channel\\\/UC0jjfZ_xkN_59gJf_RQ-ZnQ\",\"https:\\\/\\\/www.linkedin.com\\\/company\\\/instituto-de-apoio--criana\\\/\",\"https:\\\/\\\/www.instagram.com\\\/iacinstitutodeapoioacrianca\\\/\",\"https:\\\/\\\/criancasatortoeadireitos.wordpress.com\\\/\"]},{\"@type\":\"Person\",\"@id\":\"https:\\\/\\\/iacrianca.pt\\\/en\\\/#\\\/schema\\\/person\\\/1c48c6e4b70d0dc7360e4b28ceaa5f6b\",\"name\":\"Administra\u00e7\u00e3o IAC\",\"image\":{\"@type\":\"ImageObject\",\"inLanguage\":\"en-US\",\"@id\":\"https:\\\/\\\/secure.gravatar.com\\\/avatar\\\/60b998c71de37dcc1398fc6d48c6b5ed7533e3ceec837c948055f072e3158ff1?s=96&d=mm&r=g\",\"url\":\"https:\\\/\\\/secure.gravatar.com\\\/avatar\\\/60b998c71de37dcc1398fc6d48c6b5ed7533e3ceec837c948055f072e3158ff1?s=96&d=mm&r=g\",\"contentUrl\":\"https:\\\/\\\/secure.gravatar.com\\\/avatar\\\/60b998c71de37dcc1398fc6d48c6b5ed7533e3ceec837c948055f072e3158ff1?s=96&d=mm&r=g\",\"caption\":\"Administra\u00e7\u00e3o IAC\"}}]}<\/script>\n<!-- \/ Yoast SEO plugin. -->","yoast_head_json":{"title":"Projeto Erasmus+ RE:Create Int: Visita da Terre Ludique | Instituto de Apoio \u00e0 Crian\u00e7a","robots":{"index":"index","follow":"follow","max-snippet":"max-snippet:-1","max-image-preview":"max-image-preview:large","max-video-preview":"max-video-preview:-1"},"canonical":"https:\/\/iacrianca.pt\/en\/2025\/11\/projeto-erasmus-recreate-int-vista-da-terre-ludique\/","og_locale":"en_US","og_type":"article","og_title":"Projeto Erasmus+ RE:Create Int: Visita da Terre Ludique | Instituto de Apoio \u00e0 Crian\u00e7a","og_description":"No \u00e2mbito do projeto Erasmus+ \u201cRE:create:Int &#8211; Recriar la\u00e7os intergeracionais atrav\u00e9s do Brincar\u201d, financiado pela Uni\u00e3o Europeia, recebemos 3 profissionais da cong\u00e9nere francesa Terre Ludique, naquela que foi a primeira iniciativa de mobilidade do projeto em Portugal.\u00a0\u00a0 Este projeto pretende partilhar as pr\u00e1ticas profissionais das organiza\u00e7\u00f5es (IAC &amp; Terre Ludique) de forma a apoiar os&hellip;","og_url":"https:\/\/iacrianca.pt\/en\/2025\/11\/projeto-erasmus-recreate-int-vista-da-terre-ludique\/","og_site_name":"Instituto de Apoio \u00e0 Crian\u00e7a","article_publisher":"https:\/\/www.facebook.com\/iacinstitutodeapoioacrianca","article_published_time":"2025-11-03T15:37:05+00:00","article_modified_time":"2025-11-03T15:44:08+00:00","og_image":[{"width":1600,"height":1200,"url":"https:\/\/iacrianca.pt\/wp-content\/uploads\/visita-terre-ludique.jpeg","type":"image\/jpeg"}],"author":"Administra\u00e7\u00e3o IAC","twitter_card":"summary_large_image","twitter_creator":"@iacapoiocrianca","twitter_site":"@iacapoiocrianca","twitter_misc":{"Written by":"Administra\u00e7\u00e3o IAC","Est. reading time":"2 minutes"},"schema":{"@context":"https:\/\/schema.org","@graph":[{"@type":"Article","@id":"https:\/\/iacrianca.pt\/en\/2025\/11\/projeto-erasmus-recreate-int-vista-da-terre-ludique\/#article","isPartOf":{"@id":"https:\/\/iacrianca.pt\/en\/2025\/11\/projeto-erasmus-recreate-int-vista-da-terre-ludique\/"},"author":{"name":"Administra\u00e7\u00e3o IAC","@id":"https:\/\/iacrianca.pt\/en\/#\/schema\/person\/1c48c6e4b70d0dc7360e4b28ceaa5f6b"},"headline":"Projeto Erasmus+ RE:Create Int: Visita da Terre Ludique","datePublished":"2025-11-03T15:37:05+00:00","dateModified":"2025-11-03T15:44:08+00:00","mainEntityOfPage":{"@id":"https:\/\/iacrianca.pt\/en\/2025\/11\/projeto-erasmus-recreate-int-vista-da-terre-ludique\/"},"wordCount":251,"publisher":{"@id":"https:\/\/iacrianca.pt\/en\/#organization"},"image":{"@id":"https:\/\/iacrianca.pt\/en\/2025\/11\/projeto-erasmus-recreate-int-vista-da-terre-ludique\/#primaryimage"},"thumbnailUrl":"https:\/\/iacrianca.pt\/wp-content\/uploads\/visita-terre-ludique.jpeg","articleSection":["Newsletter"],"inLanguage":"en-US"},{"@type":"WebPage","@id":"https:\/\/iacrianca.pt\/en\/2025\/11\/projeto-erasmus-recreate-int-vista-da-terre-ludique\/","url":"https:\/\/iacrianca.pt\/en\/2025\/11\/projeto-erasmus-recreate-int-vista-da-terre-ludique\/","name":"Projeto Erasmus+ RE:Create Int: Visita da Terre Ludique | Instituto de Apoio \u00e0 Crian\u00e7a","isPartOf":{"@id":"https:\/\/iacrianca.pt\/en\/#website"},"primaryImageOfPage":{"@id":"https:\/\/iacrianca.pt\/en\/2025\/11\/projeto-erasmus-recreate-int-vista-da-terre-ludique\/#primaryimage"},"image":{"@id":"https:\/\/iacrianca.pt\/en\/2025\/11\/projeto-erasmus-recreate-int-vista-da-terre-ludique\/#primaryimage"},"thumbnailUrl":"https:\/\/iacrianca.pt\/wp-content\/uploads\/visita-terre-ludique.jpeg","datePublished":"2025-11-03T15:37:05+00:00","dateModified":"2025-11-03T15:44:08+00:00","breadcrumb":{"@id":"https:\/\/iacrianca.pt\/en\/2025\/11\/projeto-erasmus-recreate-int-vista-da-terre-ludique\/#breadcrumb"},"inLanguage":"en-US","potentialAction":[{"@type":"ReadAction","target":["https:\/\/iacrianca.pt\/en\/2025\/11\/projeto-erasmus-recreate-int-vista-da-terre-ludique\/"]}]},{"@type":"ImageObject","inLanguage":"en-US","@id":"https:\/\/iacrianca.pt\/en\/2025\/11\/projeto-erasmus-recreate-int-vista-da-terre-ludique\/#primaryimage","url":"https:\/\/iacrianca.pt\/wp-content\/uploads\/visita-terre-ludique.jpeg","contentUrl":"https:\/\/iacrianca.pt\/wp-content\/uploads\/visita-terre-ludique.jpeg","width":1600,"height":1200},{"@type":"BreadcrumbList","@id":"https:\/\/iacrianca.pt\/en\/2025\/11\/projeto-erasmus-recreate-int-vista-da-terre-ludique\/#breadcrumb","itemListElement":[{"@type":"ListItem","position":1,"name":"In\u00edcio","item":"https:\/\/iacrianca.pt\/en\/"},{"@type":"ListItem","position":2,"name":"Projeto Erasmus+ RE:Create Int: Visita da Terre Ludique"}]},{"@type":"WebSite","@id":"https:\/\/iacrianca.pt\/en\/#website","url":"https:\/\/iacrianca.pt\/en\/","name":"Instituto de Apoio \u00e0 Crian\u00e7a","description":"Desde 1983 na defesa e promo\u00e7\u00e3o dos direitos da crian\u00e7a","publisher":{"@id":"https:\/\/iacrianca.pt\/en\/#organization"},"potentialAction":[{"@type":"SearchAction","target":{"@type":"EntryPoint","urlTemplate":"https:\/\/iacrianca.pt\/en\/?s={search_term_string}"},"query-input":{"@type":"PropertyValueSpecification","valueRequired":true,"valueName":"search_term_string"}}],"inLanguage":"en-US"},{"@type":"Organization","@id":"https:\/\/iacrianca.pt\/en\/#organization","name":"Instituto de Apoio \u00e0 Crian\u00e7a","url":"https:\/\/iacrianca.pt\/en\/","logo":{"@type":"ImageObject","inLanguage":"en-US","@id":"https:\/\/iacrianca.pt\/en\/#\/schema\/logo\/image\/","url":"https:\/\/iacrianca.pt\/wp-content\/uploads\/2020\/04\/logo-iac-SD.jpg","contentUrl":"https:\/\/iacrianca.pt\/wp-content\/uploads\/2020\/04\/logo-iac-SD.jpg","width":152,"height":73,"caption":"Instituto de Apoio \u00e0 Crian\u00e7a"},"image":{"@id":"https:\/\/iacrianca.pt\/en\/#\/schema\/logo\/image\/"},"sameAs":["https:\/\/www.facebook.com\/iacinstitutodeapoioacrianca","https:\/\/x.com\/iacapoiocrianca","https:\/\/www.youtube.com\/channel\/UC0jjfZ_xkN_59gJf_RQ-ZnQ","https:\/\/www.linkedin.com\/company\/instituto-de-apoio--criana\/","https:\/\/www.instagram.com\/iacinstitutodeapoioacrianca\/","https:\/\/criancasatortoeadireitos.wordpress.com\/"]},{"@type":"Person","@id":"https:\/\/iacrianca.pt\/en\/#\/schema\/person\/1c48c6e4b70d0dc7360e4b28ceaa5f6b","name":"Administra\u00e7\u00e3o IAC","image":{"@type":"ImageObject","inLanguage":"en-US","@id":"https:\/\/secure.gravatar.com\/avatar\/60b998c71de37dcc1398fc6d48c6b5ed7533e3ceec837c948055f072e3158ff1?s=96&d=mm&r=g","url":"https:\/\/secure.gravatar.com\/avatar\/60b998c71de37dcc1398fc6d48c6b5ed7533e3ceec837c948055f072e3158ff1?s=96&d=mm&r=g","contentUrl":"https:\/\/secure.gravatar.com\/avatar\/60b998c71de37dcc1398fc6d48c6b5ed7533e3ceec837c948055f072e3158ff1?s=96&d=mm&r=g","caption":"Administra\u00e7\u00e3o IAC"}}]}},"_links":{"self":[{"href":"https:\/\/iacrianca.pt\/en\/wp-json\/wp\/v2\/posts\/26898","targetHints":{"allow":["GET"]}}],"collection":[{"href":"https:\/\/iacrianca.pt\/en\/wp-json\/wp\/v2\/posts"}],"about":[{"href":"https:\/\/iacrianca.pt\/en\/wp-json\/wp\/v2\/types\/post"}],"author":[{"embeddable":true,"href":"https:\/\/iacrianca.pt\/en\/wp-json\/wp\/v2\/users\/2"}],"replies":[{"embeddable":true,"href":"https:\/\/iacrianca.pt\/en\/wp-json\/wp\/v2\/comments?post=26898"}],"version-history":[{"count":0,"href":"https:\/\/iacrianca.pt\/en\/wp-json\/wp\/v2\/posts\/26898\/revisions"}],"wp:featuredmedia":[{"embeddable":true,"href":"https:\/\/iacrianca.pt\/en\/wp-json\/wp\/v2\/media\/26899"}],"wp:attachment":[{"href":"https:\/\/iacrianca.pt\/en\/wp-json\/wp\/v2\/media?parent=26898"}],"wp:term":[{"taxonomy":"category","embeddable":true,"href":"https:\/\/iacrianca.pt\/en\/wp-json\/wp\/v2\/categories?post=26898"},{"taxonomy":"post_tag","embeddable":true,"href":"https:\/\/iacrianca.pt\/en\/wp-json\/wp\/v2\/tags?post=26898"}],"curies":[{"name":"wp","href":"https:\/\/api.w.org\/{rel}","templated":true}]}}