{"id":26908,"date":"2025-11-03T16:09:46","date_gmt":"2025-11-03T16:09:46","guid":{"rendered":"https:\/\/iacrianca.pt\/?p=26908"},"modified":"2025-11-10T14:30:48","modified_gmt":"2025-11-10T14:30:48","slug":"desafios-da-era-digital-as-redes-sociais-o-bullying-e-o-cyberbullying","status":"publish","type":"post","link":"https:\/\/iacrianca.pt\/en\/2025\/11\/desafios-da-era-digital-as-redes-sociais-o-bullying-e-o-cyberbullying\/","title":{"rendered":"Desafios da era digital, as redes sociais, o bullying e o cyberbullying"},"content":{"rendered":"<p>Ao longo deste m\u00eas de outubro, realizaram-se v\u00e1rias e importantes iniciativas dedicadas \u00e0 reflex\u00e3o sobre os desafios que marcam o crescimento de crian\u00e7as e adolescentes na atualidade, com enfoque na era digital e na preven\u00e7\u00e3o do bullying e do cyberbulling.<\/p>\n<p>No passado dia 9 de outubro, a convite do Col\u00e9gio de Nossa Senhora da Bonan\u00e7a, realizou-se uma tert\u00falia subordinada ao tema \u201cCrescer na Era Digital: Desafios e Responsabilidades\u201d, dedicado \u00e0 prote\u00e7\u00e3o e sa\u00fade das crian\u00e7as e jovens.<\/p>\n<p>O painel de convidados integrou o t\u00e9cnico Bruno Barros, do Instituto de Apoio \u00e0 Crian\u00e7a (IAC), a Dr.\u00aa Mariana Pessoa, m\u00e9dica do Servi\u00e7o de Psiquiatria da Inf\u00e2ncia e Adolesc\u00eancia da Unidade I do Centro Hospitalar de Gaia e Espinho, e o Chefe S\u00edlvio, representante da Pol\u00edcia de Seguran\u00e7a P\u00fablica da Divis\u00e3o de Vila Nova de Gaia.<\/p>\n<p>Durante a sess\u00e3o participativa foram levantadas quest\u00f5es centrais relacionadas com o aumento das tecnologias digitais na vida quotidiana das crian\u00e7as e adolescentes. Levantara-se pontos chave, como a gest\u00e3o do tempo de ecr\u00e3 e os seus impactos no desenvolvimento. Tamb\u00e9m a sa\u00fade mental em contexto digital foi tema de conversa. Que riscos associados est\u00e3o presentes no uso cont\u00ednuo das redes sociais? Quais as consequencias \u00e0 exposi\u00e7\u00e3o a conte\u00fados inadequados? Como reportamos? Como agir?<\/p>\n<p>Houve espa\u00e7o e tempo para um encontro que contou ainda com a colabora\u00e7\u00e3o de alunos, que enriqueceram o momento atrav\u00e9s de apontamentos art\u00edsticos \u2014 teatro, poesia e m\u00fasica \u2014 dando voz \u00e0 perspetiva dos pr\u00f3prios jovens sobre os desafios que enfrentam no mundo digital.<\/p>\n<p>Tamb\u00e9m no passado dia 22 de outubro, e complementando esta reflex\u00e3o, o Agrupamento de Escolas D. Sancho II, de Alij\u00f3, tamb\u00e9m acolheu recentemente o encontro \u201cA\u00e7\u00e3o, Consci\u00eancia e Mudan\u00e7a no Combate ao Bullying\u201d, no \u00e2mbito da medida Parentalidade Positiva, convidando o t\u00e9cnico Bruno Barros, do Instituto de Apoio \u00e0 Crian\u00e7a (IAC), para uma a\u00e7\u00e3o de preven\u00e7\u00e3o e sensibiliza\u00e7\u00e3o.<\/p>\n<p>Esta iniciativa reuniu docentes, t\u00e9cnicos, encarregados de educa\u00e7\u00e3o e p\u00fablico em geral num espa\u00e7o de partilha e consciencializa\u00e7\u00e3o sobre os impactos do bullying e da viol\u00eancia escolar, refor\u00e7ando a import\u00e2ncia da empatia, da escuta ativa e da interven\u00e7\u00e3o precoce.<\/p>\n<p>Sublinh\u00e1mos a necessidade de uma a\u00e7\u00e3o concertada e cont\u00ednua entre escola, fam\u00edlia e comunidade na prote\u00e7\u00e3o das crian\u00e7as e jovens. Refor\u00e7ou-se a cabal import\u00e2ncia de os encarregados de educa\u00e7\u00e3o estarem mais pr\u00f3ximos dos seus jovens na sua vida digital de forma que estabele\u00e7am um ambiente digital equilibrado, seguro e respons\u00e1vel. Alguns pais colocaram no centro do debate perguntas sobre a sua incapacidade de acompanharem o fren\u00e9tico quotidiano em que a sociedade vive e o qu\u00e3o dif\u00edcil \u00e9 encontrar tempos de repouso e de comunica\u00e7\u00e3o com as fam\u00edlias.<\/p>\n<p>\u00c9 um mundo que n\u00e3o p\u00e1ra, que nunca permanece igual. Com mudan\u00e7as digitais em r\u00e1pida transforma\u00e7\u00e3o, acompanhar \u00e9 fundamental para criar uma aproxima\u00e7\u00e3o maior entre pares. A comunica\u00e7\u00e3o \u00e9 a chave m\u00e1gica e \u00e9 essencial refor\u00e7ar que a tecnologia, as redes sociais e demais, representam oportunidades relevantes de aprendizagem, mas tamb\u00e9m de participa\u00e7\u00e3o social. Em suma, exige-se um acompanhamento cont\u00ednuo e informado dos adultos, numa era onde o ecr\u00e3 se torna, cada vez mais, o centro de conviv\u00eancia humana.<img decoding=\"async\" class=\"alignnone size-full wp-image-26909\" src=\"https:\/\/iacrianca.pt\/wp-content\/uploads\/desafios-2-1.heic\" alt=\"\" \/><\/p>\n<p><img decoding=\"async\" class=\"alignnone size-full wp-image-26909\" src=\"https:\/\/iacrianca.pt\/wp-content\/uploads\/desafios-2-1.heic\" alt=\"\" \/><img fetchpriority=\"high\" decoding=\"async\" class=\"alignnone wp-image-26913 size-full\" src=\"https:\/\/iacrianca.pt\/wp-content\/uploads\/desafios-3-1.png\" alt=\"\" width=\"1587\" height=\"2245\" srcset=\"https:\/\/iacrianca.pt\/wp-content\/uploads\/desafios-3-1.png 1587w, https:\/\/iacrianca.pt\/wp-content\/uploads\/desafios-3-1-212x300.png 212w, https:\/\/iacrianca.pt\/wp-content\/uploads\/desafios-3-1-724x1024.png 724w, https:\/\/iacrianca.pt\/wp-content\/uploads\/desafios-3-1-768x1086.png 768w, https:\/\/iacrianca.pt\/wp-content\/uploads\/desafios-3-1-1086x1536.png 1086w, https:\/\/iacrianca.pt\/wp-content\/uploads\/desafios-3-1-1448x2048.png 1448w\" sizes=\"(max-width: 1587px) 100vw, 1587px\" \/><\/p>\n<p><img decoding=\"async\" class=\"alignnone wp-image-26915 size-full\" src=\"https:\/\/iacrianca.pt\/wp-content\/uploads\/redes.jpg\" alt=\"\" width=\"670\" height=\"916\" srcset=\"https:\/\/iacrianca.pt\/wp-content\/uploads\/redes.jpg 670w, https:\/\/iacrianca.pt\/wp-content\/uploads\/redes-219x300.jpg 219w\" sizes=\"(max-width: 670px) 100vw, 670px\" \/><\/p>\n<p>&nbsp;<\/p>\n","protected":false},"excerpt":{"rendered":"<p>Ao longo deste m\u00eas de outubro, realizaram-se v\u00e1rias e importantes iniciativas dedicadas \u00e0 reflex\u00e3o sobre os desafios que marcam o crescimento de crian\u00e7as e adolescentes na atualidade, com enfoque na era digital e na preven\u00e7\u00e3o do bullying e do cyberbulling. No passado dia 9 de outubro, a convite do Col\u00e9gio de Nossa Senhora da Bonan\u00e7a,&hellip;<\/p>\n","protected":false},"author":2,"featured_media":26911,"comment_status":"closed","ping_status":"open","sticky":false,"template":"","format":"standard","meta":{"_acf_changed":false,"footnotes":""},"categories":[63],"tags":[],"class_list":["post-26908","post","type-post","status-publish","format-standard","has-post-thumbnail","hentry","category-newsletter","category-63","description-off"],"acf":[],"yoast_head":"<!-- This site is optimized with the Yoast SEO plugin v27.5 - https:\/\/yoast.com\/product\/yoast-seo-wordpress\/ -->\n<title>Desafios da era digital, as redes sociais, o bullying e o cyberbullying | Instituto de Apoio \u00e0 Crian\u00e7a<\/title>\n<meta name=\"robots\" content=\"index, follow, max-snippet:-1, max-image-preview:large, max-video-preview:-1\" \/>\n<link rel=\"canonical\" href=\"https:\/\/iacrianca.pt\/en\/2025\/11\/desafios-da-era-digital-as-redes-sociais-o-bullying-e-o-cyberbullying\/\" \/>\n<meta property=\"og:locale\" content=\"en_US\" \/>\n<meta property=\"og:type\" content=\"article\" \/>\n<meta property=\"og:title\" content=\"Desafios da era digital, as redes sociais, o bullying e o cyberbullying | Instituto de Apoio \u00e0 Crian\u00e7a\" \/>\n<meta property=\"og:description\" content=\"Ao longo deste m\u00eas de outubro, realizaram-se v\u00e1rias e importantes iniciativas dedicadas \u00e0 reflex\u00e3o sobre os desafios que marcam o crescimento de crian\u00e7as e adolescentes na atualidade, com enfoque na era digital e na preven\u00e7\u00e3o do bullying e do cyberbulling. No passado dia 9 de outubro, a convite do Col\u00e9gio de Nossa Senhora da Bonan\u00e7a,&hellip;\" \/>\n<meta property=\"og:url\" content=\"https:\/\/iacrianca.pt\/en\/2025\/11\/desafios-da-era-digital-as-redes-sociais-o-bullying-e-o-cyberbullying\/\" \/>\n<meta property=\"og:site_name\" content=\"Instituto de Apoio \u00e0 Crian\u00e7a\" \/>\n<meta property=\"article:publisher\" content=\"https:\/\/www.facebook.com\/iacinstitutodeapoioacrianca\" \/>\n<meta property=\"article:published_time\" content=\"2025-11-03T16:09:46+00:00\" \/>\n<meta property=\"article:modified_time\" content=\"2025-11-10T14:30:48+00:00\" \/>\n<meta property=\"og:image\" content=\"https:\/\/iacrianca.pt\/wp-content\/uploads\/thumbnail-desafios-1.jpg\" \/>\n\t<meta property=\"og:image:width\" content=\"1116\" \/>\n\t<meta property=\"og:image:height\" content=\"819\" \/>\n\t<meta property=\"og:image:type\" content=\"image\/jpeg\" \/>\n<meta name=\"author\" content=\"Administra\u00e7\u00e3o IAC\" \/>\n<meta name=\"twitter:card\" content=\"summary_large_image\" \/>\n<meta name=\"twitter:creator\" content=\"@iacapoiocrianca\" \/>\n<meta name=\"twitter:site\" content=\"@iacapoiocrianca\" \/>\n<meta name=\"twitter:label1\" content=\"Written by\" \/>\n\t<meta name=\"twitter:data1\" content=\"Administra\u00e7\u00e3o IAC\" \/>\n\t<meta name=\"twitter:label2\" content=\"Est. reading time\" \/>\n\t<meta name=\"twitter:data2\" content=\"4 minutes\" \/>\n<script type=\"application\/ld+json\" class=\"yoast-schema-graph\">{\"@context\":\"https:\\\/\\\/schema.org\",\"@graph\":[{\"@type\":\"Article\",\"@id\":\"https:\\\/\\\/iacrianca.pt\\\/en\\\/2025\\\/11\\\/desafios-da-era-digital-as-redes-sociais-o-bullying-e-o-cyberbullying\\\/#article\",\"isPartOf\":{\"@id\":\"https:\\\/\\\/iacrianca.pt\\\/en\\\/2025\\\/11\\\/desafios-da-era-digital-as-redes-sociais-o-bullying-e-o-cyberbullying\\\/\"},\"author\":{\"name\":\"Administra\u00e7\u00e3o IAC\",\"@id\":\"https:\\\/\\\/iacrianca.pt\\\/en\\\/#\\\/schema\\\/person\\\/1c48c6e4b70d0dc7360e4b28ceaa5f6b\"},\"headline\":\"Desafios da era digital, as redes sociais, o bullying e o cyberbullying\",\"datePublished\":\"2025-11-03T16:09:46+00:00\",\"dateModified\":\"2025-11-10T14:30:48+00:00\",\"mainEntityOfPage\":{\"@id\":\"https:\\\/\\\/iacrianca.pt\\\/en\\\/2025\\\/11\\\/desafios-da-era-digital-as-redes-sociais-o-bullying-e-o-cyberbullying\\\/\"},\"wordCount\":598,\"publisher\":{\"@id\":\"https:\\\/\\\/iacrianca.pt\\\/en\\\/#organization\"},\"image\":{\"@id\":\"https:\\\/\\\/iacrianca.pt\\\/en\\\/2025\\\/11\\\/desafios-da-era-digital-as-redes-sociais-o-bullying-e-o-cyberbullying\\\/#primaryimage\"},\"thumbnailUrl\":\"https:\\\/\\\/iacrianca.pt\\\/wp-content\\\/uploads\\\/thumbnail-desafios-1.jpg\",\"articleSection\":[\"Newsletter\"],\"inLanguage\":\"en-US\"},{\"@type\":\"WebPage\",\"@id\":\"https:\\\/\\\/iacrianca.pt\\\/en\\\/2025\\\/11\\\/desafios-da-era-digital-as-redes-sociais-o-bullying-e-o-cyberbullying\\\/\",\"url\":\"https:\\\/\\\/iacrianca.pt\\\/en\\\/2025\\\/11\\\/desafios-da-era-digital-as-redes-sociais-o-bullying-e-o-cyberbullying\\\/\",\"name\":\"Desafios da era digital, as redes sociais, o bullying e o cyberbullying | Instituto de Apoio \u00e0 Crian\u00e7a\",\"isPartOf\":{\"@id\":\"https:\\\/\\\/iacrianca.pt\\\/en\\\/#website\"},\"primaryImageOfPage\":{\"@id\":\"https:\\\/\\\/iacrianca.pt\\\/en\\\/2025\\\/11\\\/desafios-da-era-digital-as-redes-sociais-o-bullying-e-o-cyberbullying\\\/#primaryimage\"},\"image\":{\"@id\":\"https:\\\/\\\/iacrianca.pt\\\/en\\\/2025\\\/11\\\/desafios-da-era-digital-as-redes-sociais-o-bullying-e-o-cyberbullying\\\/#primaryimage\"},\"thumbnailUrl\":\"https:\\\/\\\/iacrianca.pt\\\/wp-content\\\/uploads\\\/thumbnail-desafios-1.jpg\",\"datePublished\":\"2025-11-03T16:09:46+00:00\",\"dateModified\":\"2025-11-10T14:30:48+00:00\",\"breadcrumb\":{\"@id\":\"https:\\\/\\\/iacrianca.pt\\\/en\\\/2025\\\/11\\\/desafios-da-era-digital-as-redes-sociais-o-bullying-e-o-cyberbullying\\\/#breadcrumb\"},\"inLanguage\":\"en-US\",\"potentialAction\":[{\"@type\":\"ReadAction\",\"target\":[\"https:\\\/\\\/iacrianca.pt\\\/en\\\/2025\\\/11\\\/desafios-da-era-digital-as-redes-sociais-o-bullying-e-o-cyberbullying\\\/\"]}]},{\"@type\":\"ImageObject\",\"inLanguage\":\"en-US\",\"@id\":\"https:\\\/\\\/iacrianca.pt\\\/en\\\/2025\\\/11\\\/desafios-da-era-digital-as-redes-sociais-o-bullying-e-o-cyberbullying\\\/#primaryimage\",\"url\":\"https:\\\/\\\/iacrianca.pt\\\/wp-content\\\/uploads\\\/thumbnail-desafios-1.jpg\",\"contentUrl\":\"https:\\\/\\\/iacrianca.pt\\\/wp-content\\\/uploads\\\/thumbnail-desafios-1.jpg\",\"width\":1116,\"height\":819},{\"@type\":\"BreadcrumbList\",\"@id\":\"https:\\\/\\\/iacrianca.pt\\\/en\\\/2025\\\/11\\\/desafios-da-era-digital-as-redes-sociais-o-bullying-e-o-cyberbullying\\\/#breadcrumb\",\"itemListElement\":[{\"@type\":\"ListItem\",\"position\":1,\"name\":\"In\u00edcio\",\"item\":\"https:\\\/\\\/iacrianca.pt\\\/en\\\/\"},{\"@type\":\"ListItem\",\"position\":2,\"name\":\"Desafios da era digital, as redes sociais, o bullying e o cyberbullying\"}]},{\"@type\":\"WebSite\",\"@id\":\"https:\\\/\\\/iacrianca.pt\\\/en\\\/#website\",\"url\":\"https:\\\/\\\/iacrianca.pt\\\/en\\\/\",\"name\":\"Instituto de Apoio \u00e0 Crian\u00e7a\",\"description\":\"Desde 1983 na defesa e promo\u00e7\u00e3o dos direitos da crian\u00e7a\",\"publisher\":{\"@id\":\"https:\\\/\\\/iacrianca.pt\\\/en\\\/#organization\"},\"potentialAction\":[{\"@type\":\"SearchAction\",\"target\":{\"@type\":\"EntryPoint\",\"urlTemplate\":\"https:\\\/\\\/iacrianca.pt\\\/en\\\/?s={search_term_string}\"},\"query-input\":{\"@type\":\"PropertyValueSpecification\",\"valueRequired\":true,\"valueName\":\"search_term_string\"}}],\"inLanguage\":\"en-US\"},{\"@type\":\"Organization\",\"@id\":\"https:\\\/\\\/iacrianca.pt\\\/en\\\/#organization\",\"name\":\"Instituto de Apoio \u00e0 Crian\u00e7a\",\"url\":\"https:\\\/\\\/iacrianca.pt\\\/en\\\/\",\"logo\":{\"@type\":\"ImageObject\",\"inLanguage\":\"en-US\",\"@id\":\"https:\\\/\\\/iacrianca.pt\\\/en\\\/#\\\/schema\\\/logo\\\/image\\\/\",\"url\":\"https:\\\/\\\/iacrianca.pt\\\/wp-content\\\/uploads\\\/2020\\\/04\\\/logo-iac-SD.jpg\",\"contentUrl\":\"https:\\\/\\\/iacrianca.pt\\\/wp-content\\\/uploads\\\/2020\\\/04\\\/logo-iac-SD.jpg\",\"width\":152,\"height\":73,\"caption\":\"Instituto de Apoio \u00e0 Crian\u00e7a\"},\"image\":{\"@id\":\"https:\\\/\\\/iacrianca.pt\\\/en\\\/#\\\/schema\\\/logo\\\/image\\\/\"},\"sameAs\":[\"https:\\\/\\\/www.facebook.com\\\/iacinstitutodeapoioacrianca\",\"https:\\\/\\\/x.com\\\/iacapoiocrianca\",\"https:\\\/\\\/www.youtube.com\\\/channel\\\/UC0jjfZ_xkN_59gJf_RQ-ZnQ\",\"https:\\\/\\\/www.linkedin.com\\\/company\\\/instituto-de-apoio--criana\\\/\",\"https:\\\/\\\/www.instagram.com\\\/iacinstitutodeapoioacrianca\\\/\",\"https:\\\/\\\/criancasatortoeadireitos.wordpress.com\\\/\"]},{\"@type\":\"Person\",\"@id\":\"https:\\\/\\\/iacrianca.pt\\\/en\\\/#\\\/schema\\\/person\\\/1c48c6e4b70d0dc7360e4b28ceaa5f6b\",\"name\":\"Administra\u00e7\u00e3o IAC\",\"image\":{\"@type\":\"ImageObject\",\"inLanguage\":\"en-US\",\"@id\":\"https:\\\/\\\/secure.gravatar.com\\\/avatar\\\/60b998c71de37dcc1398fc6d48c6b5ed7533e3ceec837c948055f072e3158ff1?s=96&d=mm&r=g\",\"url\":\"https:\\\/\\\/secure.gravatar.com\\\/avatar\\\/60b998c71de37dcc1398fc6d48c6b5ed7533e3ceec837c948055f072e3158ff1?s=96&d=mm&r=g\",\"contentUrl\":\"https:\\\/\\\/secure.gravatar.com\\\/avatar\\\/60b998c71de37dcc1398fc6d48c6b5ed7533e3ceec837c948055f072e3158ff1?s=96&d=mm&r=g\",\"caption\":\"Administra\u00e7\u00e3o IAC\"}}]}<\/script>\n<!-- \/ Yoast SEO plugin. -->","yoast_head_json":{"title":"Desafios da era digital, as redes sociais, o bullying e o cyberbullying | Instituto de Apoio \u00e0 Crian\u00e7a","robots":{"index":"index","follow":"follow","max-snippet":"max-snippet:-1","max-image-preview":"max-image-preview:large","max-video-preview":"max-video-preview:-1"},"canonical":"https:\/\/iacrianca.pt\/en\/2025\/11\/desafios-da-era-digital-as-redes-sociais-o-bullying-e-o-cyberbullying\/","og_locale":"en_US","og_type":"article","og_title":"Desafios da era digital, as redes sociais, o bullying e o cyberbullying | Instituto de Apoio \u00e0 Crian\u00e7a","og_description":"Ao longo deste m\u00eas de outubro, realizaram-se v\u00e1rias e importantes iniciativas dedicadas \u00e0 reflex\u00e3o sobre os desafios que marcam o crescimento de crian\u00e7as e adolescentes na atualidade, com enfoque na era digital e na preven\u00e7\u00e3o do bullying e do cyberbulling. No passado dia 9 de outubro, a convite do Col\u00e9gio de Nossa Senhora da Bonan\u00e7a,&hellip;","og_url":"https:\/\/iacrianca.pt\/en\/2025\/11\/desafios-da-era-digital-as-redes-sociais-o-bullying-e-o-cyberbullying\/","og_site_name":"Instituto de Apoio \u00e0 Crian\u00e7a","article_publisher":"https:\/\/www.facebook.com\/iacinstitutodeapoioacrianca","article_published_time":"2025-11-03T16:09:46+00:00","article_modified_time":"2025-11-10T14:30:48+00:00","og_image":[{"width":1116,"height":819,"url":"https:\/\/iacrianca.pt\/wp-content\/uploads\/thumbnail-desafios-1.jpg","type":"image\/jpeg"}],"author":"Administra\u00e7\u00e3o IAC","twitter_card":"summary_large_image","twitter_creator":"@iacapoiocrianca","twitter_site":"@iacapoiocrianca","twitter_misc":{"Written by":"Administra\u00e7\u00e3o IAC","Est. reading time":"4 minutes"},"schema":{"@context":"https:\/\/schema.org","@graph":[{"@type":"Article","@id":"https:\/\/iacrianca.pt\/en\/2025\/11\/desafios-da-era-digital-as-redes-sociais-o-bullying-e-o-cyberbullying\/#article","isPartOf":{"@id":"https:\/\/iacrianca.pt\/en\/2025\/11\/desafios-da-era-digital-as-redes-sociais-o-bullying-e-o-cyberbullying\/"},"author":{"name":"Administra\u00e7\u00e3o IAC","@id":"https:\/\/iacrianca.pt\/en\/#\/schema\/person\/1c48c6e4b70d0dc7360e4b28ceaa5f6b"},"headline":"Desafios da era digital, as redes sociais, o bullying e o cyberbullying","datePublished":"2025-11-03T16:09:46+00:00","dateModified":"2025-11-10T14:30:48+00:00","mainEntityOfPage":{"@id":"https:\/\/iacrianca.pt\/en\/2025\/11\/desafios-da-era-digital-as-redes-sociais-o-bullying-e-o-cyberbullying\/"},"wordCount":598,"publisher":{"@id":"https:\/\/iacrianca.pt\/en\/#organization"},"image":{"@id":"https:\/\/iacrianca.pt\/en\/2025\/11\/desafios-da-era-digital-as-redes-sociais-o-bullying-e-o-cyberbullying\/#primaryimage"},"thumbnailUrl":"https:\/\/iacrianca.pt\/wp-content\/uploads\/thumbnail-desafios-1.jpg","articleSection":["Newsletter"],"inLanguage":"en-US"},{"@type":"WebPage","@id":"https:\/\/iacrianca.pt\/en\/2025\/11\/desafios-da-era-digital-as-redes-sociais-o-bullying-e-o-cyberbullying\/","url":"https:\/\/iacrianca.pt\/en\/2025\/11\/desafios-da-era-digital-as-redes-sociais-o-bullying-e-o-cyberbullying\/","name":"Desafios da era digital, as redes sociais, o bullying e o cyberbullying | Instituto de Apoio \u00e0 Crian\u00e7a","isPartOf":{"@id":"https:\/\/iacrianca.pt\/en\/#website"},"primaryImageOfPage":{"@id":"https:\/\/iacrianca.pt\/en\/2025\/11\/desafios-da-era-digital-as-redes-sociais-o-bullying-e-o-cyberbullying\/#primaryimage"},"image":{"@id":"https:\/\/iacrianca.pt\/en\/2025\/11\/desafios-da-era-digital-as-redes-sociais-o-bullying-e-o-cyberbullying\/#primaryimage"},"thumbnailUrl":"https:\/\/iacrianca.pt\/wp-content\/uploads\/thumbnail-desafios-1.jpg","datePublished":"2025-11-03T16:09:46+00:00","dateModified":"2025-11-10T14:30:48+00:00","breadcrumb":{"@id":"https:\/\/iacrianca.pt\/en\/2025\/11\/desafios-da-era-digital-as-redes-sociais-o-bullying-e-o-cyberbullying\/#breadcrumb"},"inLanguage":"en-US","potentialAction":[{"@type":"ReadAction","target":["https:\/\/iacrianca.pt\/en\/2025\/11\/desafios-da-era-digital-as-redes-sociais-o-bullying-e-o-cyberbullying\/"]}]},{"@type":"ImageObject","inLanguage":"en-US","@id":"https:\/\/iacrianca.pt\/en\/2025\/11\/desafios-da-era-digital-as-redes-sociais-o-bullying-e-o-cyberbullying\/#primaryimage","url":"https:\/\/iacrianca.pt\/wp-content\/uploads\/thumbnail-desafios-1.jpg","contentUrl":"https:\/\/iacrianca.pt\/wp-content\/uploads\/thumbnail-desafios-1.jpg","width":1116,"height":819},{"@type":"BreadcrumbList","@id":"https:\/\/iacrianca.pt\/en\/2025\/11\/desafios-da-era-digital-as-redes-sociais-o-bullying-e-o-cyberbullying\/#breadcrumb","itemListElement":[{"@type":"ListItem","position":1,"name":"In\u00edcio","item":"https:\/\/iacrianca.pt\/en\/"},{"@type":"ListItem","position":2,"name":"Desafios da era digital, as redes sociais, o bullying e o cyberbullying"}]},{"@type":"WebSite","@id":"https:\/\/iacrianca.pt\/en\/#website","url":"https:\/\/iacrianca.pt\/en\/","name":"Instituto de Apoio \u00e0 Crian\u00e7a","description":"Desde 1983 na defesa e promo\u00e7\u00e3o dos direitos da crian\u00e7a","publisher":{"@id":"https:\/\/iacrianca.pt\/en\/#organization"},"potentialAction":[{"@type":"SearchAction","target":{"@type":"EntryPoint","urlTemplate":"https:\/\/iacrianca.pt\/en\/?s={search_term_string}"},"query-input":{"@type":"PropertyValueSpecification","valueRequired":true,"valueName":"search_term_string"}}],"inLanguage":"en-US"},{"@type":"Organization","@id":"https:\/\/iacrianca.pt\/en\/#organization","name":"Instituto de Apoio \u00e0 Crian\u00e7a","url":"https:\/\/iacrianca.pt\/en\/","logo":{"@type":"ImageObject","inLanguage":"en-US","@id":"https:\/\/iacrianca.pt\/en\/#\/schema\/logo\/image\/","url":"https:\/\/iacrianca.pt\/wp-content\/uploads\/2020\/04\/logo-iac-SD.jpg","contentUrl":"https:\/\/iacrianca.pt\/wp-content\/uploads\/2020\/04\/logo-iac-SD.jpg","width":152,"height":73,"caption":"Instituto de Apoio \u00e0 Crian\u00e7a"},"image":{"@id":"https:\/\/iacrianca.pt\/en\/#\/schema\/logo\/image\/"},"sameAs":["https:\/\/www.facebook.com\/iacinstitutodeapoioacrianca","https:\/\/x.com\/iacapoiocrianca","https:\/\/www.youtube.com\/channel\/UC0jjfZ_xkN_59gJf_RQ-ZnQ","https:\/\/www.linkedin.com\/company\/instituto-de-apoio--criana\/","https:\/\/www.instagram.com\/iacinstitutodeapoioacrianca\/","https:\/\/criancasatortoeadireitos.wordpress.com\/"]},{"@type":"Person","@id":"https:\/\/iacrianca.pt\/en\/#\/schema\/person\/1c48c6e4b70d0dc7360e4b28ceaa5f6b","name":"Administra\u00e7\u00e3o IAC","image":{"@type":"ImageObject","inLanguage":"en-US","@id":"https:\/\/secure.gravatar.com\/avatar\/60b998c71de37dcc1398fc6d48c6b5ed7533e3ceec837c948055f072e3158ff1?s=96&d=mm&r=g","url":"https:\/\/secure.gravatar.com\/avatar\/60b998c71de37dcc1398fc6d48c6b5ed7533e3ceec837c948055f072e3158ff1?s=96&d=mm&r=g","contentUrl":"https:\/\/secure.gravatar.com\/avatar\/60b998c71de37dcc1398fc6d48c6b5ed7533e3ceec837c948055f072e3158ff1?s=96&d=mm&r=g","caption":"Administra\u00e7\u00e3o IAC"}}]}},"_links":{"self":[{"href":"https:\/\/iacrianca.pt\/en\/wp-json\/wp\/v2\/posts\/26908","targetHints":{"allow":["GET"]}}],"collection":[{"href":"https:\/\/iacrianca.pt\/en\/wp-json\/wp\/v2\/posts"}],"about":[{"href":"https:\/\/iacrianca.pt\/en\/wp-json\/wp\/v2\/types\/post"}],"author":[{"embeddable":true,"href":"https:\/\/iacrianca.pt\/en\/wp-json\/wp\/v2\/users\/2"}],"replies":[{"embeddable":true,"href":"https:\/\/iacrianca.pt\/en\/wp-json\/wp\/v2\/comments?post=26908"}],"version-history":[{"count":0,"href":"https:\/\/iacrianca.pt\/en\/wp-json\/wp\/v2\/posts\/26908\/revisions"}],"wp:featuredmedia":[{"embeddable":true,"href":"https:\/\/iacrianca.pt\/en\/wp-json\/wp\/v2\/media\/26911"}],"wp:attachment":[{"href":"https:\/\/iacrianca.pt\/en\/wp-json\/wp\/v2\/media?parent=26908"}],"wp:term":[{"taxonomy":"category","embeddable":true,"href":"https:\/\/iacrianca.pt\/en\/wp-json\/wp\/v2\/categories?post=26908"},{"taxonomy":"post_tag","embeddable":true,"href":"https:\/\/iacrianca.pt\/en\/wp-json\/wp\/v2\/tags?post=26908"}],"curies":[{"name":"wp","href":"https:\/\/api.w.org\/{rel}","templated":true}]}}