{"id":26937,"date":"2025-11-05T10:47:59","date_gmt":"2025-11-05T10:47:59","guid":{"rendered":"https:\/\/iacrianca.pt\/?p=26937"},"modified":"2025-11-10T14:10:24","modified_gmt":"2025-11-10T14:10:24","slug":"novo-ano-novas-instalacoes-e2o-marvila","status":"publish","type":"post","link":"https:\/\/iacrianca.pt\/en\/2025\/11\/novo-ano-novas-instalacoes-e2o-marvila\/","title":{"rendered":"Novo ano, novas instala\u00e7\u00f5es &#8211; E2O Marvila"},"content":{"rendered":"<p><span data-contrast=\"auto\">No passado dia 22 de outubro, teve lugar a sess\u00e3o de abertura do ano letivo 2025\/2026 da Escola de Segunda Oportunidade do territ\u00f3rio de Marvila, no seu novo espa\u00e7o de funcionamento \u2013 a Casa dos Direitos Sociais, da C\u00e2mara Municipal de Lisboa, na freguesia de Marvila.<\/span><span data-ccp-props=\"{}\">\u00a0<\/span><\/p>\n<p><span data-contrast=\"auto\">At\u00e9 ao momento as turmas do territ\u00f3rio de Marvila t\u00eam tido as suas atividades num outro espa\u00e7o, na Avenida Almirante Reis que se tem vindo a degradar de dia para dia, n\u00e3o reunindo j\u00e1 as condi\u00e7\u00f5es de seguran\u00e7a e funcionalidade que garantam o bom funcionamento deste novo ano letivo.<\/span><span data-ccp-props=\"{}\">\u00a0<\/span><\/p>\n<p><span data-contrast=\"auto\">Deste modo, gra\u00e7as \u00e0 colabora\u00e7\u00e3o e empenho da C\u00e2mara Municipal de Lisboa, atrav\u00e9s do Departamento para os Direitos Sociais, foi poss\u00edvel realizar a referida mudan\u00e7a de instala\u00e7\u00f5es.<\/span><span data-ccp-props=\"{}\">\u00a0<\/span><\/p>\n<p><span data-contrast=\"auto\">Na sess\u00e3o de abertura, cont\u00e1mos com a presen\u00e7a do Presidente da Junta de Freguesia de Marvila, da Dire\u00e7\u00e3o do Agrupamento de Escolas D. Dinis, dos Diretores dos Departamentos da Educa\u00e7\u00e3o e dos Direitos Sociais da CML, bem como das respetivas equipas t\u00e9cnicas, do Presidente e Vice-Presidente da Dire\u00e7\u00e3o do IAC, a equipa t\u00e9cnico-pedag\u00f3gica da E2O e, ainda, dos nossos jovens e suas fam\u00edlias.<\/span><span data-ccp-props=\"{}\">\u00a0<\/span><\/p>\n<p><span data-contrast=\"auto\">Foi um momento cheio de simbolismo em que as v\u00e1rias entidades presentes refor\u00e7aram a import\u00e2ncia da exist\u00eancia da E2O na cidade de Lisboa e se comprometeram a apoiar a sua continuidade.<\/span><span data-ccp-props=\"{}\">\u00a0<\/span><\/p>\n<p><span data-contrast=\"auto\">Para os nossos jovens, este foi o mote para o arranque das atividades: a equipa apresentou o funcionamento e algumas regras gerais da E2O, agendou as sess\u00f5es de acolhimento e o 1\u00ba dia das atividades letivas, propriamente ditas.<\/span><span data-ccp-props=\"{}\">\u00a0<\/span><\/p>\n<p><span data-contrast=\"auto\">Acreditamos que, com a colabora\u00e7\u00e3o de todos, conseguimos alcan\u00e7ar os objetivos a que nos propomos.<\/span><span data-ccp-props=\"{}\">\u00a0<\/span><\/p>\n<p><img fetchpriority=\"high\" decoding=\"async\" class=\"alignnone wp-image-26940 size-full\" src=\"https:\/\/iacrianca.pt\/wp-content\/uploads\/cef-abertura-ano-letivo-e2o-marvila-1.jpg\" alt=\"\" width=\"1600\" height=\"1200\" srcset=\"https:\/\/iacrianca.pt\/wp-content\/uploads\/cef-abertura-ano-letivo-e2o-marvila-1.jpg 1600w, https:\/\/iacrianca.pt\/wp-content\/uploads\/cef-abertura-ano-letivo-e2o-marvila-1-300x225.jpg 300w, https:\/\/iacrianca.pt\/wp-content\/uploads\/cef-abertura-ano-letivo-e2o-marvila-1-1024x768.jpg 1024w, https:\/\/iacrianca.pt\/wp-content\/uploads\/cef-abertura-ano-letivo-e2o-marvila-1-768x576.jpg 768w, https:\/\/iacrianca.pt\/wp-content\/uploads\/cef-abertura-ano-letivo-e2o-marvila-1-1536x1152.jpg 1536w\" sizes=\"(max-width: 1600px) 100vw, 1600px\" \/><\/p>\n","protected":false},"excerpt":{"rendered":"<p>No passado dia 22 de outubro, teve lugar a sess\u00e3o de abertura do ano letivo 2025\/2026 da Escola de Segunda Oportunidade do territ\u00f3rio de Marvila, no seu novo espa\u00e7o de funcionamento \u2013 a Casa dos Direitos Sociais, da C\u00e2mara Municipal de Lisboa, na freguesia de Marvila.\u00a0 At\u00e9 ao momento as turmas do territ\u00f3rio de Marvila&hellip;<\/p>\n","protected":false},"author":2,"featured_media":26938,"comment_status":"closed","ping_status":"open","sticky":false,"template":"","format":"standard","meta":{"_acf_changed":false,"footnotes":""},"categories":[63],"tags":[],"class_list":["post-26937","post","type-post","status-publish","format-standard","has-post-thumbnail","hentry","category-newsletter","category-63","description-off"],"acf":[],"yoast_head":"<!-- This site is optimized with the Yoast SEO plugin v27.5 - https:\/\/yoast.com\/product\/yoast-seo-wordpress\/ -->\n<title>Novo ano, novas instala\u00e7\u00f5es - E2O Marvila | Instituto de Apoio \u00e0 Crian\u00e7a<\/title>\n<meta name=\"robots\" content=\"index, follow, max-snippet:-1, max-image-preview:large, max-video-preview:-1\" \/>\n<link rel=\"canonical\" href=\"https:\/\/iacrianca.pt\/en\/2025\/11\/novo-ano-novas-instalacoes-e2o-marvila\/\" \/>\n<meta property=\"og:locale\" content=\"en_US\" \/>\n<meta property=\"og:type\" content=\"article\" \/>\n<meta property=\"og:title\" content=\"Novo ano, novas instala\u00e7\u00f5es - E2O Marvila | Instituto de Apoio \u00e0 Crian\u00e7a\" \/>\n<meta property=\"og:description\" content=\"No passado dia 22 de outubro, teve lugar a sess\u00e3o de abertura do ano letivo 2025\/2026 da Escola de Segunda Oportunidade do territ\u00f3rio de Marvila, no seu novo espa\u00e7o de funcionamento \u2013 a Casa dos Direitos Sociais, da C\u00e2mara Municipal de Lisboa, na freguesia de Marvila.\u00a0 At\u00e9 ao momento as turmas do territ\u00f3rio de Marvila&hellip;\" \/>\n<meta property=\"og:url\" content=\"https:\/\/iacrianca.pt\/en\/2025\/11\/novo-ano-novas-instalacoes-e2o-marvila\/\" \/>\n<meta property=\"og:site_name\" content=\"Instituto de Apoio \u00e0 Crian\u00e7a\" \/>\n<meta property=\"article:publisher\" content=\"https:\/\/www.facebook.com\/iacinstitutodeapoioacrianca\" \/>\n<meta property=\"article:published_time\" content=\"2025-11-05T10:47:59+00:00\" \/>\n<meta property=\"article:modified_time\" content=\"2025-11-10T14:10:24+00:00\" \/>\n<meta property=\"og:image\" content=\"https:\/\/iacrianca.pt\/wp-content\/uploads\/cef-abertura-ano-letivo-e2o-marvila-2.jpg\" \/>\n\t<meta property=\"og:image:width\" content=\"1200\" \/>\n\t<meta property=\"og:image:height\" content=\"1600\" \/>\n\t<meta property=\"og:image:type\" content=\"image\/jpeg\" \/>\n<meta name=\"author\" content=\"Administra\u00e7\u00e3o IAC\" \/>\n<meta name=\"twitter:card\" content=\"summary_large_image\" \/>\n<meta name=\"twitter:creator\" content=\"@iacapoiocrianca\" \/>\n<meta name=\"twitter:site\" content=\"@iacapoiocrianca\" \/>\n<meta name=\"twitter:label1\" content=\"Written by\" \/>\n\t<meta name=\"twitter:data1\" content=\"Administra\u00e7\u00e3o IAC\" \/>\n\t<meta name=\"twitter:label2\" content=\"Est. reading time\" \/>\n\t<meta name=\"twitter:data2\" content=\"2 minutes\" \/>\n<script type=\"application\/ld+json\" class=\"yoast-schema-graph\">{\"@context\":\"https:\\\/\\\/schema.org\",\"@graph\":[{\"@type\":\"Article\",\"@id\":\"https:\\\/\\\/iacrianca.pt\\\/en\\\/2025\\\/11\\\/novo-ano-novas-instalacoes-e2o-marvila\\\/#article\",\"isPartOf\":{\"@id\":\"https:\\\/\\\/iacrianca.pt\\\/en\\\/2025\\\/11\\\/novo-ano-novas-instalacoes-e2o-marvila\\\/\"},\"author\":{\"name\":\"Administra\u00e7\u00e3o IAC\",\"@id\":\"https:\\\/\\\/iacrianca.pt\\\/en\\\/#\\\/schema\\\/person\\\/1c48c6e4b70d0dc7360e4b28ceaa5f6b\"},\"headline\":\"Novo ano, novas instala\u00e7\u00f5es &#8211; E2O Marvila\",\"datePublished\":\"2025-11-05T10:47:59+00:00\",\"dateModified\":\"2025-11-10T14:10:24+00:00\",\"mainEntityOfPage\":{\"@id\":\"https:\\\/\\\/iacrianca.pt\\\/en\\\/2025\\\/11\\\/novo-ano-novas-instalacoes-e2o-marvila\\\/\"},\"wordCount\":310,\"publisher\":{\"@id\":\"https:\\\/\\\/iacrianca.pt\\\/en\\\/#organization\"},\"image\":{\"@id\":\"https:\\\/\\\/iacrianca.pt\\\/en\\\/2025\\\/11\\\/novo-ano-novas-instalacoes-e2o-marvila\\\/#primaryimage\"},\"thumbnailUrl\":\"https:\\\/\\\/iacrianca.pt\\\/wp-content\\\/uploads\\\/cef-abertura-ano-letivo-e2o-marvila-2.jpg\",\"articleSection\":[\"Newsletter\"],\"inLanguage\":\"en-US\"},{\"@type\":\"WebPage\",\"@id\":\"https:\\\/\\\/iacrianca.pt\\\/en\\\/2025\\\/11\\\/novo-ano-novas-instalacoes-e2o-marvila\\\/\",\"url\":\"https:\\\/\\\/iacrianca.pt\\\/en\\\/2025\\\/11\\\/novo-ano-novas-instalacoes-e2o-marvila\\\/\",\"name\":\"Novo ano, novas instala\u00e7\u00f5es - E2O Marvila | Instituto de Apoio \u00e0 Crian\u00e7a\",\"isPartOf\":{\"@id\":\"https:\\\/\\\/iacrianca.pt\\\/en\\\/#website\"},\"primaryImageOfPage\":{\"@id\":\"https:\\\/\\\/iacrianca.pt\\\/en\\\/2025\\\/11\\\/novo-ano-novas-instalacoes-e2o-marvila\\\/#primaryimage\"},\"image\":{\"@id\":\"https:\\\/\\\/iacrianca.pt\\\/en\\\/2025\\\/11\\\/novo-ano-novas-instalacoes-e2o-marvila\\\/#primaryimage\"},\"thumbnailUrl\":\"https:\\\/\\\/iacrianca.pt\\\/wp-content\\\/uploads\\\/cef-abertura-ano-letivo-e2o-marvila-2.jpg\",\"datePublished\":\"2025-11-05T10:47:59+00:00\",\"dateModified\":\"2025-11-10T14:10:24+00:00\",\"breadcrumb\":{\"@id\":\"https:\\\/\\\/iacrianca.pt\\\/en\\\/2025\\\/11\\\/novo-ano-novas-instalacoes-e2o-marvila\\\/#breadcrumb\"},\"inLanguage\":\"en-US\",\"potentialAction\":[{\"@type\":\"ReadAction\",\"target\":[\"https:\\\/\\\/iacrianca.pt\\\/en\\\/2025\\\/11\\\/novo-ano-novas-instalacoes-e2o-marvila\\\/\"]}]},{\"@type\":\"ImageObject\",\"inLanguage\":\"en-US\",\"@id\":\"https:\\\/\\\/iacrianca.pt\\\/en\\\/2025\\\/11\\\/novo-ano-novas-instalacoes-e2o-marvila\\\/#primaryimage\",\"url\":\"https:\\\/\\\/iacrianca.pt\\\/wp-content\\\/uploads\\\/cef-abertura-ano-letivo-e2o-marvila-2.jpg\",\"contentUrl\":\"https:\\\/\\\/iacrianca.pt\\\/wp-content\\\/uploads\\\/cef-abertura-ano-letivo-e2o-marvila-2.jpg\",\"width\":1200,\"height\":1600},{\"@type\":\"BreadcrumbList\",\"@id\":\"https:\\\/\\\/iacrianca.pt\\\/en\\\/2025\\\/11\\\/novo-ano-novas-instalacoes-e2o-marvila\\\/#breadcrumb\",\"itemListElement\":[{\"@type\":\"ListItem\",\"position\":1,\"name\":\"In\u00edcio\",\"item\":\"https:\\\/\\\/iacrianca.pt\\\/en\\\/\"},{\"@type\":\"ListItem\",\"position\":2,\"name\":\"Novo ano, novas instala\u00e7\u00f5es &#8211; E2O Marvila\"}]},{\"@type\":\"WebSite\",\"@id\":\"https:\\\/\\\/iacrianca.pt\\\/en\\\/#website\",\"url\":\"https:\\\/\\\/iacrianca.pt\\\/en\\\/\",\"name\":\"Instituto de Apoio \u00e0 Crian\u00e7a\",\"description\":\"Desde 1983 na defesa e promo\u00e7\u00e3o dos direitos da crian\u00e7a\",\"publisher\":{\"@id\":\"https:\\\/\\\/iacrianca.pt\\\/en\\\/#organization\"},\"potentialAction\":[{\"@type\":\"SearchAction\",\"target\":{\"@type\":\"EntryPoint\",\"urlTemplate\":\"https:\\\/\\\/iacrianca.pt\\\/en\\\/?s={search_term_string}\"},\"query-input\":{\"@type\":\"PropertyValueSpecification\",\"valueRequired\":true,\"valueName\":\"search_term_string\"}}],\"inLanguage\":\"en-US\"},{\"@type\":\"Organization\",\"@id\":\"https:\\\/\\\/iacrianca.pt\\\/en\\\/#organization\",\"name\":\"Instituto de Apoio \u00e0 Crian\u00e7a\",\"url\":\"https:\\\/\\\/iacrianca.pt\\\/en\\\/\",\"logo\":{\"@type\":\"ImageObject\",\"inLanguage\":\"en-US\",\"@id\":\"https:\\\/\\\/iacrianca.pt\\\/en\\\/#\\\/schema\\\/logo\\\/image\\\/\",\"url\":\"https:\\\/\\\/iacrianca.pt\\\/wp-content\\\/uploads\\\/2020\\\/04\\\/logo-iac-SD.jpg\",\"contentUrl\":\"https:\\\/\\\/iacrianca.pt\\\/wp-content\\\/uploads\\\/2020\\\/04\\\/logo-iac-SD.jpg\",\"width\":152,\"height\":73,\"caption\":\"Instituto de Apoio \u00e0 Crian\u00e7a\"},\"image\":{\"@id\":\"https:\\\/\\\/iacrianca.pt\\\/en\\\/#\\\/schema\\\/logo\\\/image\\\/\"},\"sameAs\":[\"https:\\\/\\\/www.facebook.com\\\/iacinstitutodeapoioacrianca\",\"https:\\\/\\\/x.com\\\/iacapoiocrianca\",\"https:\\\/\\\/www.youtube.com\\\/channel\\\/UC0jjfZ_xkN_59gJf_RQ-ZnQ\",\"https:\\\/\\\/www.linkedin.com\\\/company\\\/instituto-de-apoio--criana\\\/\",\"https:\\\/\\\/www.instagram.com\\\/iacinstitutodeapoioacrianca\\\/\",\"https:\\\/\\\/criancasatortoeadireitos.wordpress.com\\\/\"]},{\"@type\":\"Person\",\"@id\":\"https:\\\/\\\/iacrianca.pt\\\/en\\\/#\\\/schema\\\/person\\\/1c48c6e4b70d0dc7360e4b28ceaa5f6b\",\"name\":\"Administra\u00e7\u00e3o IAC\",\"image\":{\"@type\":\"ImageObject\",\"inLanguage\":\"en-US\",\"@id\":\"https:\\\/\\\/secure.gravatar.com\\\/avatar\\\/60b998c71de37dcc1398fc6d48c6b5ed7533e3ceec837c948055f072e3158ff1?s=96&d=mm&r=g\",\"url\":\"https:\\\/\\\/secure.gravatar.com\\\/avatar\\\/60b998c71de37dcc1398fc6d48c6b5ed7533e3ceec837c948055f072e3158ff1?s=96&d=mm&r=g\",\"contentUrl\":\"https:\\\/\\\/secure.gravatar.com\\\/avatar\\\/60b998c71de37dcc1398fc6d48c6b5ed7533e3ceec837c948055f072e3158ff1?s=96&d=mm&r=g\",\"caption\":\"Administra\u00e7\u00e3o IAC\"}}]}<\/script>\n<!-- \/ Yoast SEO plugin. -->","yoast_head_json":{"title":"Novo ano, novas instala\u00e7\u00f5es - E2O Marvila | Instituto de Apoio \u00e0 Crian\u00e7a","robots":{"index":"index","follow":"follow","max-snippet":"max-snippet:-1","max-image-preview":"max-image-preview:large","max-video-preview":"max-video-preview:-1"},"canonical":"https:\/\/iacrianca.pt\/en\/2025\/11\/novo-ano-novas-instalacoes-e2o-marvila\/","og_locale":"en_US","og_type":"article","og_title":"Novo ano, novas instala\u00e7\u00f5es - E2O Marvila | Instituto de Apoio \u00e0 Crian\u00e7a","og_description":"No passado dia 22 de outubro, teve lugar a sess\u00e3o de abertura do ano letivo 2025\/2026 da Escola de Segunda Oportunidade do territ\u00f3rio de Marvila, no seu novo espa\u00e7o de funcionamento \u2013 a Casa dos Direitos Sociais, da C\u00e2mara Municipal de Lisboa, na freguesia de Marvila.\u00a0 At\u00e9 ao momento as turmas do territ\u00f3rio de Marvila&hellip;","og_url":"https:\/\/iacrianca.pt\/en\/2025\/11\/novo-ano-novas-instalacoes-e2o-marvila\/","og_site_name":"Instituto de Apoio \u00e0 Crian\u00e7a","article_publisher":"https:\/\/www.facebook.com\/iacinstitutodeapoioacrianca","article_published_time":"2025-11-05T10:47:59+00:00","article_modified_time":"2025-11-10T14:10:24+00:00","og_image":[{"width":1200,"height":1600,"url":"https:\/\/iacrianca.pt\/wp-content\/uploads\/cef-abertura-ano-letivo-e2o-marvila-2.jpg","type":"image\/jpeg"}],"author":"Administra\u00e7\u00e3o IAC","twitter_card":"summary_large_image","twitter_creator":"@iacapoiocrianca","twitter_site":"@iacapoiocrianca","twitter_misc":{"Written by":"Administra\u00e7\u00e3o IAC","Est. reading time":"2 minutes"},"schema":{"@context":"https:\/\/schema.org","@graph":[{"@type":"Article","@id":"https:\/\/iacrianca.pt\/en\/2025\/11\/novo-ano-novas-instalacoes-e2o-marvila\/#article","isPartOf":{"@id":"https:\/\/iacrianca.pt\/en\/2025\/11\/novo-ano-novas-instalacoes-e2o-marvila\/"},"author":{"name":"Administra\u00e7\u00e3o IAC","@id":"https:\/\/iacrianca.pt\/en\/#\/schema\/person\/1c48c6e4b70d0dc7360e4b28ceaa5f6b"},"headline":"Novo ano, novas instala\u00e7\u00f5es &#8211; E2O Marvila","datePublished":"2025-11-05T10:47:59+00:00","dateModified":"2025-11-10T14:10:24+00:00","mainEntityOfPage":{"@id":"https:\/\/iacrianca.pt\/en\/2025\/11\/novo-ano-novas-instalacoes-e2o-marvila\/"},"wordCount":310,"publisher":{"@id":"https:\/\/iacrianca.pt\/en\/#organization"},"image":{"@id":"https:\/\/iacrianca.pt\/en\/2025\/11\/novo-ano-novas-instalacoes-e2o-marvila\/#primaryimage"},"thumbnailUrl":"https:\/\/iacrianca.pt\/wp-content\/uploads\/cef-abertura-ano-letivo-e2o-marvila-2.jpg","articleSection":["Newsletter"],"inLanguage":"en-US"},{"@type":"WebPage","@id":"https:\/\/iacrianca.pt\/en\/2025\/11\/novo-ano-novas-instalacoes-e2o-marvila\/","url":"https:\/\/iacrianca.pt\/en\/2025\/11\/novo-ano-novas-instalacoes-e2o-marvila\/","name":"Novo ano, novas instala\u00e7\u00f5es - E2O Marvila | Instituto de Apoio \u00e0 Crian\u00e7a","isPartOf":{"@id":"https:\/\/iacrianca.pt\/en\/#website"},"primaryImageOfPage":{"@id":"https:\/\/iacrianca.pt\/en\/2025\/11\/novo-ano-novas-instalacoes-e2o-marvila\/#primaryimage"},"image":{"@id":"https:\/\/iacrianca.pt\/en\/2025\/11\/novo-ano-novas-instalacoes-e2o-marvila\/#primaryimage"},"thumbnailUrl":"https:\/\/iacrianca.pt\/wp-content\/uploads\/cef-abertura-ano-letivo-e2o-marvila-2.jpg","datePublished":"2025-11-05T10:47:59+00:00","dateModified":"2025-11-10T14:10:24+00:00","breadcrumb":{"@id":"https:\/\/iacrianca.pt\/en\/2025\/11\/novo-ano-novas-instalacoes-e2o-marvila\/#breadcrumb"},"inLanguage":"en-US","potentialAction":[{"@type":"ReadAction","target":["https:\/\/iacrianca.pt\/en\/2025\/11\/novo-ano-novas-instalacoes-e2o-marvila\/"]}]},{"@type":"ImageObject","inLanguage":"en-US","@id":"https:\/\/iacrianca.pt\/en\/2025\/11\/novo-ano-novas-instalacoes-e2o-marvila\/#primaryimage","url":"https:\/\/iacrianca.pt\/wp-content\/uploads\/cef-abertura-ano-letivo-e2o-marvila-2.jpg","contentUrl":"https:\/\/iacrianca.pt\/wp-content\/uploads\/cef-abertura-ano-letivo-e2o-marvila-2.jpg","width":1200,"height":1600},{"@type":"BreadcrumbList","@id":"https:\/\/iacrianca.pt\/en\/2025\/11\/novo-ano-novas-instalacoes-e2o-marvila\/#breadcrumb","itemListElement":[{"@type":"ListItem","position":1,"name":"In\u00edcio","item":"https:\/\/iacrianca.pt\/en\/"},{"@type":"ListItem","position":2,"name":"Novo ano, novas instala\u00e7\u00f5es &#8211; E2O Marvila"}]},{"@type":"WebSite","@id":"https:\/\/iacrianca.pt\/en\/#website","url":"https:\/\/iacrianca.pt\/en\/","name":"Instituto de Apoio \u00e0 Crian\u00e7a","description":"Desde 1983 na defesa e promo\u00e7\u00e3o dos direitos da crian\u00e7a","publisher":{"@id":"https:\/\/iacrianca.pt\/en\/#organization"},"potentialAction":[{"@type":"SearchAction","target":{"@type":"EntryPoint","urlTemplate":"https:\/\/iacrianca.pt\/en\/?s={search_term_string}"},"query-input":{"@type":"PropertyValueSpecification","valueRequired":true,"valueName":"search_term_string"}}],"inLanguage":"en-US"},{"@type":"Organization","@id":"https:\/\/iacrianca.pt\/en\/#organization","name":"Instituto de Apoio \u00e0 Crian\u00e7a","url":"https:\/\/iacrianca.pt\/en\/","logo":{"@type":"ImageObject","inLanguage":"en-US","@id":"https:\/\/iacrianca.pt\/en\/#\/schema\/logo\/image\/","url":"https:\/\/iacrianca.pt\/wp-content\/uploads\/2020\/04\/logo-iac-SD.jpg","contentUrl":"https:\/\/iacrianca.pt\/wp-content\/uploads\/2020\/04\/logo-iac-SD.jpg","width":152,"height":73,"caption":"Instituto de Apoio \u00e0 Crian\u00e7a"},"image":{"@id":"https:\/\/iacrianca.pt\/en\/#\/schema\/logo\/image\/"},"sameAs":["https:\/\/www.facebook.com\/iacinstitutodeapoioacrianca","https:\/\/x.com\/iacapoiocrianca","https:\/\/www.youtube.com\/channel\/UC0jjfZ_xkN_59gJf_RQ-ZnQ","https:\/\/www.linkedin.com\/company\/instituto-de-apoio--criana\/","https:\/\/www.instagram.com\/iacinstitutodeapoioacrianca\/","https:\/\/criancasatortoeadireitos.wordpress.com\/"]},{"@type":"Person","@id":"https:\/\/iacrianca.pt\/en\/#\/schema\/person\/1c48c6e4b70d0dc7360e4b28ceaa5f6b","name":"Administra\u00e7\u00e3o IAC","image":{"@type":"ImageObject","inLanguage":"en-US","@id":"https:\/\/secure.gravatar.com\/avatar\/60b998c71de37dcc1398fc6d48c6b5ed7533e3ceec837c948055f072e3158ff1?s=96&d=mm&r=g","url":"https:\/\/secure.gravatar.com\/avatar\/60b998c71de37dcc1398fc6d48c6b5ed7533e3ceec837c948055f072e3158ff1?s=96&d=mm&r=g","contentUrl":"https:\/\/secure.gravatar.com\/avatar\/60b998c71de37dcc1398fc6d48c6b5ed7533e3ceec837c948055f072e3158ff1?s=96&d=mm&r=g","caption":"Administra\u00e7\u00e3o IAC"}}]}},"_links":{"self":[{"href":"https:\/\/iacrianca.pt\/en\/wp-json\/wp\/v2\/posts\/26937","targetHints":{"allow":["GET"]}}],"collection":[{"href":"https:\/\/iacrianca.pt\/en\/wp-json\/wp\/v2\/posts"}],"about":[{"href":"https:\/\/iacrianca.pt\/en\/wp-json\/wp\/v2\/types\/post"}],"author":[{"embeddable":true,"href":"https:\/\/iacrianca.pt\/en\/wp-json\/wp\/v2\/users\/2"}],"replies":[{"embeddable":true,"href":"https:\/\/iacrianca.pt\/en\/wp-json\/wp\/v2\/comments?post=26937"}],"version-history":[{"count":0,"href":"https:\/\/iacrianca.pt\/en\/wp-json\/wp\/v2\/posts\/26937\/revisions"}],"wp:featuredmedia":[{"embeddable":true,"href":"https:\/\/iacrianca.pt\/en\/wp-json\/wp\/v2\/media\/26938"}],"wp:attachment":[{"href":"https:\/\/iacrianca.pt\/en\/wp-json\/wp\/v2\/media?parent=26937"}],"wp:term":[{"taxonomy":"category","embeddable":true,"href":"https:\/\/iacrianca.pt\/en\/wp-json\/wp\/v2\/categories?post=26937"},{"taxonomy":"post_tag","embeddable":true,"href":"https:\/\/iacrianca.pt\/en\/wp-json\/wp\/v2\/tags?post=26937"}],"curies":[{"name":"wp","href":"https:\/\/api.w.org\/{rel}","templated":true}]}}