{"id":26984,"date":"2025-11-06T10:24:18","date_gmt":"2025-11-06T10:24:18","guid":{"rendered":"https:\/\/iacrianca.pt\/?p=26984"},"modified":"2025-11-10T14:34:26","modified_gmt":"2025-11-10T14:34:26","slug":"forum-consultivo-da-encp-valida-teoria-da-mudanca-em-dinamica-participativa-conduzida-pelo-planapp","status":"publish","type":"post","link":"https:\/\/iacrianca.pt\/en\/2025\/11\/forum-consultivo-da-encp-valida-teoria-da-mudanca-em-dinamica-participativa-conduzida-pelo-planapp\/","title":{"rendered":"F\u00f3rum Consultivo da ENCP valida Teoria da Mudan\u00e7a em din\u00e2mica participativa conduzida pelo PLANAPP"},"content":{"rendered":"<p>O F\u00f3rum Consultivo da Estrat\u00e9gia Nacional de Combate \u00e0 Pobreza (ENCP) reuniu-se pela quinta vez no passado dia 20 de outubro, no Instituto da Seguran\u00e7a Social, em Lisboa. A sess\u00e3o contou com a presen\u00e7a de organiza\u00e7\u00f5es do setor social e da sociedade civil, parceiros sociais e diversas personalidades com trabalho reconhecido no combate \u00e0 pobreza, entre as quais o IAC, representado por Matilde Sirgado e Paula Pa\u00e7\u00f3.<\/p>\n<p>Esta reuni\u00e3o foi dedicada \u00e0 avalia\u00e7\u00e3o interm\u00e9dia da Estrat\u00e9gia, atualmente conduzida no quadro do PLANAPP pela Equipa Multidisciplinar de Avalia\u00e7\u00e3o e An\u00e1lise de Impactos.<\/p>\n<p>Durante a din\u00e2mica participativa dinamizada pelo PLANAPP, os membros do F\u00f3rum foram convidados a refletir, validar e priorizar os mecanismos, resultados interm\u00e9dios, pressupostos e riscos associados ao funcionamento do F\u00f3rum Consultivo, com base na Teoria da Mudan\u00e7a da ENCP. A atividade incluiu um trabalho em grupo atrav\u00e9s de discuss\u00e3o em mesas tem\u00e1ticas e vota\u00e7\u00e3o em plen\u00e1rio sobre os elementos mais relevantes para refor\u00e7ar a promover a participa\u00e7\u00e3o. O exerc\u00edcio permitiu recolher contributos relevantes sobre as formas de refor\u00e7ar a participa\u00e7\u00e3o e a aprendizagem conjunta.<\/p>\n<p>A sess\u00e3o incluiu, ainda, a apresenta\u00e7\u00e3o das cinco dimens\u00f5es cr\u00edticas da governan\u00e7a da Estrat\u00e9gia \u2014 intersetorialidade e integra\u00e7\u00e3o institucional, territorializa\u00e7\u00e3o e coordena\u00e7\u00e3o multin\u00edvel, gest\u00e3o, participa\u00e7\u00e3o e inclus\u00e3o, e monitoriza\u00e7\u00e3o, avalia\u00e7\u00e3o e aprendizagem \u2014 que enquadram o trabalho em curso da avalia\u00e7\u00e3o interm\u00e9dia.<\/p>\n<p>Fotografias retiradas <a href=\"https:\/\/www.facebook.com\/sandra.araujo.39982\/posts\/pfbid02hUUaj5xyAo3i4Hnb4QdNxQiCKxzdsomV8S6hTGcZcis83GCcyf1kDH4DQWLKSwQ6l\">daqui<\/a><\/p>\n<p><img fetchpriority=\"high\" decoding=\"async\" class=\"alignnone wp-image-26987 size-full\" src=\"https:\/\/iacrianca.pt\/wp-content\/uploads\/forum2.jpg\" alt=\"\" width=\"2048\" height=\"1365\" srcset=\"https:\/\/iacrianca.pt\/wp-content\/uploads\/forum2.jpg 2048w, https:\/\/iacrianca.pt\/wp-content\/uploads\/forum2-300x200.jpg 300w, https:\/\/iacrianca.pt\/wp-content\/uploads\/forum2-1024x683.jpg 1024w, https:\/\/iacrianca.pt\/wp-content\/uploads\/forum2-768x512.jpg 768w, https:\/\/iacrianca.pt\/wp-content\/uploads\/forum2-1536x1024.jpg 1536w\" sizes=\"(max-width: 2048px) 100vw, 2048px\" \/> <img decoding=\"async\" class=\"alignnone wp-image-26989 size-full\" src=\"https:\/\/iacrianca.pt\/wp-content\/uploads\/forum3.jpg\" alt=\"\" width=\"2048\" height=\"1365\" srcset=\"https:\/\/iacrianca.pt\/wp-content\/uploads\/forum3.jpg 2048w, https:\/\/iacrianca.pt\/wp-content\/uploads\/forum3-300x200.jpg 300w, https:\/\/iacrianca.pt\/wp-content\/uploads\/forum3-1024x683.jpg 1024w, https:\/\/iacrianca.pt\/wp-content\/uploads\/forum3-768x512.jpg 768w, https:\/\/iacrianca.pt\/wp-content\/uploads\/forum3-1536x1024.jpg 1536w\" sizes=\"(max-width: 2048px) 100vw, 2048px\" \/> <img decoding=\"async\" class=\"alignnone wp-image-26991 size-full\" src=\"https:\/\/iacrianca.pt\/wp-content\/uploads\/forum4.jpg\" alt=\"\" width=\"2048\" height=\"1365\" srcset=\"https:\/\/iacrianca.pt\/wp-content\/uploads\/forum4.jpg 2048w, https:\/\/iacrianca.pt\/wp-content\/uploads\/forum4-300x200.jpg 300w, https:\/\/iacrianca.pt\/wp-content\/uploads\/forum4-1024x683.jpg 1024w, https:\/\/iacrianca.pt\/wp-content\/uploads\/forum4-768x512.jpg 768w, https:\/\/iacrianca.pt\/wp-content\/uploads\/forum4-1536x1024.jpg 1536w\" sizes=\"(max-width: 2048px) 100vw, 2048px\" \/><\/p>\n","protected":false},"excerpt":{"rendered":"<p>O F\u00f3rum Consultivo da Estrat\u00e9gia Nacional de Combate \u00e0 Pobreza (ENCP) reuniu-se pela quinta vez no passado dia 20 de outubro, no Instituto da Seguran\u00e7a Social, em Lisboa. A sess\u00e3o contou com a presen\u00e7a de organiza\u00e7\u00f5es do setor social e da sociedade civil, parceiros sociais e diversas personalidades com trabalho reconhecido no combate \u00e0 pobreza,&hellip;<\/p>\n","protected":false},"author":2,"featured_media":26985,"comment_status":"closed","ping_status":"open","sticky":false,"template":"","format":"standard","meta":{"_acf_changed":false,"footnotes":""},"categories":[63],"tags":[],"class_list":["post-26984","post","type-post","status-publish","format-standard","has-post-thumbnail","hentry","category-newsletter","category-63","description-off"],"acf":[],"yoast_head":"<!-- This site is optimized with the Yoast SEO plugin v27.5 - https:\/\/yoast.com\/product\/yoast-seo-wordpress\/ -->\n<title>F\u00f3rum Consultivo da ENCP valida Teoria da Mudan\u00e7a em din\u00e2mica participativa conduzida pelo PLANAPP | Instituto de Apoio \u00e0 Crian\u00e7a<\/title>\n<meta name=\"robots\" content=\"index, follow, max-snippet:-1, max-image-preview:large, max-video-preview:-1\" \/>\n<link rel=\"canonical\" href=\"https:\/\/iacrianca.pt\/en\/2025\/11\/forum-consultivo-da-encp-valida-teoria-da-mudanca-em-dinamica-participativa-conduzida-pelo-planapp\/\" \/>\n<meta property=\"og:locale\" content=\"en_US\" \/>\n<meta property=\"og:type\" content=\"article\" \/>\n<meta property=\"og:title\" content=\"F\u00f3rum Consultivo da ENCP valida Teoria da Mudan\u00e7a em din\u00e2mica participativa conduzida pelo PLANAPP | Instituto de Apoio \u00e0 Crian\u00e7a\" \/>\n<meta property=\"og:description\" content=\"O F\u00f3rum Consultivo da Estrat\u00e9gia Nacional de Combate \u00e0 Pobreza (ENCP) reuniu-se pela quinta vez no passado dia 20 de outubro, no Instituto da Seguran\u00e7a Social, em Lisboa. A sess\u00e3o contou com a presen\u00e7a de organiza\u00e7\u00f5es do setor social e da sociedade civil, parceiros sociais e diversas personalidades com trabalho reconhecido no combate \u00e0 pobreza,&hellip;\" \/>\n<meta property=\"og:url\" content=\"https:\/\/iacrianca.pt\/en\/2025\/11\/forum-consultivo-da-encp-valida-teoria-da-mudanca-em-dinamica-participativa-conduzida-pelo-planapp\/\" \/>\n<meta property=\"og:site_name\" content=\"Instituto de Apoio \u00e0 Crian\u00e7a\" \/>\n<meta property=\"article:publisher\" content=\"https:\/\/www.facebook.com\/iacinstitutodeapoioacrianca\" \/>\n<meta property=\"article:published_time\" content=\"2025-11-06T10:24:18+00:00\" \/>\n<meta property=\"article:modified_time\" content=\"2025-11-10T14:34:26+00:00\" \/>\n<meta property=\"og:image\" content=\"https:\/\/iacrianca.pt\/wp-content\/uploads\/forum-1.jpg\" \/>\n\t<meta property=\"og:image:width\" content=\"2048\" \/>\n\t<meta property=\"og:image:height\" content=\"1365\" \/>\n\t<meta property=\"og:image:type\" content=\"image\/jpeg\" \/>\n<meta name=\"author\" content=\"Administra\u00e7\u00e3o IAC\" \/>\n<meta name=\"twitter:card\" content=\"summary_large_image\" \/>\n<meta name=\"twitter:creator\" content=\"@iacapoiocrianca\" \/>\n<meta name=\"twitter:site\" content=\"@iacapoiocrianca\" \/>\n<meta name=\"twitter:label1\" content=\"Written by\" \/>\n\t<meta name=\"twitter:data1\" content=\"Administra\u00e7\u00e3o IAC\" \/>\n\t<meta name=\"twitter:label2\" content=\"Est. reading time\" \/>\n\t<meta name=\"twitter:data2\" content=\"3 minutes\" \/>\n<script type=\"application\/ld+json\" class=\"yoast-schema-graph\">{\"@context\":\"https:\\\/\\\/schema.org\",\"@graph\":[{\"@type\":\"Article\",\"@id\":\"https:\\\/\\\/iacrianca.pt\\\/en\\\/2025\\\/11\\\/forum-consultivo-da-encp-valida-teoria-da-mudanca-em-dinamica-participativa-conduzida-pelo-planapp\\\/#article\",\"isPartOf\":{\"@id\":\"https:\\\/\\\/iacrianca.pt\\\/en\\\/2025\\\/11\\\/forum-consultivo-da-encp-valida-teoria-da-mudanca-em-dinamica-participativa-conduzida-pelo-planapp\\\/\"},\"author\":{\"name\":\"Administra\u00e7\u00e3o IAC\",\"@id\":\"https:\\\/\\\/iacrianca.pt\\\/en\\\/#\\\/schema\\\/person\\\/1c48c6e4b70d0dc7360e4b28ceaa5f6b\"},\"headline\":\"F\u00f3rum Consultivo da ENCP valida Teoria da Mudan\u00e7a em din\u00e2mica participativa conduzida pelo PLANAPP\",\"datePublished\":\"2025-11-06T10:24:18+00:00\",\"dateModified\":\"2025-11-10T14:34:26+00:00\",\"mainEntityOfPage\":{\"@id\":\"https:\\\/\\\/iacrianca.pt\\\/en\\\/2025\\\/11\\\/forum-consultivo-da-encp-valida-teoria-da-mudanca-em-dinamica-participativa-conduzida-pelo-planapp\\\/\"},\"wordCount\":275,\"publisher\":{\"@id\":\"https:\\\/\\\/iacrianca.pt\\\/en\\\/#organization\"},\"image\":{\"@id\":\"https:\\\/\\\/iacrianca.pt\\\/en\\\/2025\\\/11\\\/forum-consultivo-da-encp-valida-teoria-da-mudanca-em-dinamica-participativa-conduzida-pelo-planapp\\\/#primaryimage\"},\"thumbnailUrl\":\"https:\\\/\\\/iacrianca.pt\\\/wp-content\\\/uploads\\\/forum-1.jpg\",\"articleSection\":[\"Newsletter\"],\"inLanguage\":\"en-US\"},{\"@type\":\"WebPage\",\"@id\":\"https:\\\/\\\/iacrianca.pt\\\/en\\\/2025\\\/11\\\/forum-consultivo-da-encp-valida-teoria-da-mudanca-em-dinamica-participativa-conduzida-pelo-planapp\\\/\",\"url\":\"https:\\\/\\\/iacrianca.pt\\\/en\\\/2025\\\/11\\\/forum-consultivo-da-encp-valida-teoria-da-mudanca-em-dinamica-participativa-conduzida-pelo-planapp\\\/\",\"name\":\"F\u00f3rum Consultivo da ENCP valida Teoria da Mudan\u00e7a em din\u00e2mica participativa conduzida pelo PLANAPP | Instituto de Apoio \u00e0 Crian\u00e7a\",\"isPartOf\":{\"@id\":\"https:\\\/\\\/iacrianca.pt\\\/en\\\/#website\"},\"primaryImageOfPage\":{\"@id\":\"https:\\\/\\\/iacrianca.pt\\\/en\\\/2025\\\/11\\\/forum-consultivo-da-encp-valida-teoria-da-mudanca-em-dinamica-participativa-conduzida-pelo-planapp\\\/#primaryimage\"},\"image\":{\"@id\":\"https:\\\/\\\/iacrianca.pt\\\/en\\\/2025\\\/11\\\/forum-consultivo-da-encp-valida-teoria-da-mudanca-em-dinamica-participativa-conduzida-pelo-planapp\\\/#primaryimage\"},\"thumbnailUrl\":\"https:\\\/\\\/iacrianca.pt\\\/wp-content\\\/uploads\\\/forum-1.jpg\",\"datePublished\":\"2025-11-06T10:24:18+00:00\",\"dateModified\":\"2025-11-10T14:34:26+00:00\",\"breadcrumb\":{\"@id\":\"https:\\\/\\\/iacrianca.pt\\\/en\\\/2025\\\/11\\\/forum-consultivo-da-encp-valida-teoria-da-mudanca-em-dinamica-participativa-conduzida-pelo-planapp\\\/#breadcrumb\"},\"inLanguage\":\"en-US\",\"potentialAction\":[{\"@type\":\"ReadAction\",\"target\":[\"https:\\\/\\\/iacrianca.pt\\\/en\\\/2025\\\/11\\\/forum-consultivo-da-encp-valida-teoria-da-mudanca-em-dinamica-participativa-conduzida-pelo-planapp\\\/\"]}]},{\"@type\":\"ImageObject\",\"inLanguage\":\"en-US\",\"@id\":\"https:\\\/\\\/iacrianca.pt\\\/en\\\/2025\\\/11\\\/forum-consultivo-da-encp-valida-teoria-da-mudanca-em-dinamica-participativa-conduzida-pelo-planapp\\\/#primaryimage\",\"url\":\"https:\\\/\\\/iacrianca.pt\\\/wp-content\\\/uploads\\\/forum-1.jpg\",\"contentUrl\":\"https:\\\/\\\/iacrianca.pt\\\/wp-content\\\/uploads\\\/forum-1.jpg\",\"width\":2048,\"height\":1365},{\"@type\":\"BreadcrumbList\",\"@id\":\"https:\\\/\\\/iacrianca.pt\\\/en\\\/2025\\\/11\\\/forum-consultivo-da-encp-valida-teoria-da-mudanca-em-dinamica-participativa-conduzida-pelo-planapp\\\/#breadcrumb\",\"itemListElement\":[{\"@type\":\"ListItem\",\"position\":1,\"name\":\"In\u00edcio\",\"item\":\"https:\\\/\\\/iacrianca.pt\\\/en\\\/\"},{\"@type\":\"ListItem\",\"position\":2,\"name\":\"F\u00f3rum Consultivo da ENCP valida Teoria da Mudan\u00e7a em din\u00e2mica participativa conduzida pelo PLANAPP\"}]},{\"@type\":\"WebSite\",\"@id\":\"https:\\\/\\\/iacrianca.pt\\\/en\\\/#website\",\"url\":\"https:\\\/\\\/iacrianca.pt\\\/en\\\/\",\"name\":\"Instituto de Apoio \u00e0 Crian\u00e7a\",\"description\":\"Desde 1983 na defesa e promo\u00e7\u00e3o dos direitos da crian\u00e7a\",\"publisher\":{\"@id\":\"https:\\\/\\\/iacrianca.pt\\\/en\\\/#organization\"},\"potentialAction\":[{\"@type\":\"SearchAction\",\"target\":{\"@type\":\"EntryPoint\",\"urlTemplate\":\"https:\\\/\\\/iacrianca.pt\\\/en\\\/?s={search_term_string}\"},\"query-input\":{\"@type\":\"PropertyValueSpecification\",\"valueRequired\":true,\"valueName\":\"search_term_string\"}}],\"inLanguage\":\"en-US\"},{\"@type\":\"Organization\",\"@id\":\"https:\\\/\\\/iacrianca.pt\\\/en\\\/#organization\",\"name\":\"Instituto de Apoio \u00e0 Crian\u00e7a\",\"url\":\"https:\\\/\\\/iacrianca.pt\\\/en\\\/\",\"logo\":{\"@type\":\"ImageObject\",\"inLanguage\":\"en-US\",\"@id\":\"https:\\\/\\\/iacrianca.pt\\\/en\\\/#\\\/schema\\\/logo\\\/image\\\/\",\"url\":\"https:\\\/\\\/iacrianca.pt\\\/wp-content\\\/uploads\\\/2020\\\/04\\\/logo-iac-SD.jpg\",\"contentUrl\":\"https:\\\/\\\/iacrianca.pt\\\/wp-content\\\/uploads\\\/2020\\\/04\\\/logo-iac-SD.jpg\",\"width\":152,\"height\":73,\"caption\":\"Instituto de Apoio \u00e0 Crian\u00e7a\"},\"image\":{\"@id\":\"https:\\\/\\\/iacrianca.pt\\\/en\\\/#\\\/schema\\\/logo\\\/image\\\/\"},\"sameAs\":[\"https:\\\/\\\/www.facebook.com\\\/iacinstitutodeapoioacrianca\",\"https:\\\/\\\/x.com\\\/iacapoiocrianca\",\"https:\\\/\\\/www.youtube.com\\\/channel\\\/UC0jjfZ_xkN_59gJf_RQ-ZnQ\",\"https:\\\/\\\/www.linkedin.com\\\/company\\\/instituto-de-apoio--criana\\\/\",\"https:\\\/\\\/www.instagram.com\\\/iacinstitutodeapoioacrianca\\\/\",\"https:\\\/\\\/criancasatortoeadireitos.wordpress.com\\\/\"]},{\"@type\":\"Person\",\"@id\":\"https:\\\/\\\/iacrianca.pt\\\/en\\\/#\\\/schema\\\/person\\\/1c48c6e4b70d0dc7360e4b28ceaa5f6b\",\"name\":\"Administra\u00e7\u00e3o IAC\",\"image\":{\"@type\":\"ImageObject\",\"inLanguage\":\"en-US\",\"@id\":\"https:\\\/\\\/secure.gravatar.com\\\/avatar\\\/60b998c71de37dcc1398fc6d48c6b5ed7533e3ceec837c948055f072e3158ff1?s=96&d=mm&r=g\",\"url\":\"https:\\\/\\\/secure.gravatar.com\\\/avatar\\\/60b998c71de37dcc1398fc6d48c6b5ed7533e3ceec837c948055f072e3158ff1?s=96&d=mm&r=g\",\"contentUrl\":\"https:\\\/\\\/secure.gravatar.com\\\/avatar\\\/60b998c71de37dcc1398fc6d48c6b5ed7533e3ceec837c948055f072e3158ff1?s=96&d=mm&r=g\",\"caption\":\"Administra\u00e7\u00e3o IAC\"}}]}<\/script>\n<!-- \/ Yoast SEO plugin. -->","yoast_head_json":{"title":"F\u00f3rum Consultivo da ENCP valida Teoria da Mudan\u00e7a em din\u00e2mica participativa conduzida pelo PLANAPP | Instituto de Apoio \u00e0 Crian\u00e7a","robots":{"index":"index","follow":"follow","max-snippet":"max-snippet:-1","max-image-preview":"max-image-preview:large","max-video-preview":"max-video-preview:-1"},"canonical":"https:\/\/iacrianca.pt\/en\/2025\/11\/forum-consultivo-da-encp-valida-teoria-da-mudanca-em-dinamica-participativa-conduzida-pelo-planapp\/","og_locale":"en_US","og_type":"article","og_title":"F\u00f3rum Consultivo da ENCP valida Teoria da Mudan\u00e7a em din\u00e2mica participativa conduzida pelo PLANAPP | Instituto de Apoio \u00e0 Crian\u00e7a","og_description":"O F\u00f3rum Consultivo da Estrat\u00e9gia Nacional de Combate \u00e0 Pobreza (ENCP) reuniu-se pela quinta vez no passado dia 20 de outubro, no Instituto da Seguran\u00e7a Social, em Lisboa. A sess\u00e3o contou com a presen\u00e7a de organiza\u00e7\u00f5es do setor social e da sociedade civil, parceiros sociais e diversas personalidades com trabalho reconhecido no combate \u00e0 pobreza,&hellip;","og_url":"https:\/\/iacrianca.pt\/en\/2025\/11\/forum-consultivo-da-encp-valida-teoria-da-mudanca-em-dinamica-participativa-conduzida-pelo-planapp\/","og_site_name":"Instituto de Apoio \u00e0 Crian\u00e7a","article_publisher":"https:\/\/www.facebook.com\/iacinstitutodeapoioacrianca","article_published_time":"2025-11-06T10:24:18+00:00","article_modified_time":"2025-11-10T14:34:26+00:00","og_image":[{"width":2048,"height":1365,"url":"https:\/\/iacrianca.pt\/wp-content\/uploads\/forum-1.jpg","type":"image\/jpeg"}],"author":"Administra\u00e7\u00e3o IAC","twitter_card":"summary_large_image","twitter_creator":"@iacapoiocrianca","twitter_site":"@iacapoiocrianca","twitter_misc":{"Written by":"Administra\u00e7\u00e3o IAC","Est. reading time":"3 minutes"},"schema":{"@context":"https:\/\/schema.org","@graph":[{"@type":"Article","@id":"https:\/\/iacrianca.pt\/en\/2025\/11\/forum-consultivo-da-encp-valida-teoria-da-mudanca-em-dinamica-participativa-conduzida-pelo-planapp\/#article","isPartOf":{"@id":"https:\/\/iacrianca.pt\/en\/2025\/11\/forum-consultivo-da-encp-valida-teoria-da-mudanca-em-dinamica-participativa-conduzida-pelo-planapp\/"},"author":{"name":"Administra\u00e7\u00e3o IAC","@id":"https:\/\/iacrianca.pt\/en\/#\/schema\/person\/1c48c6e4b70d0dc7360e4b28ceaa5f6b"},"headline":"F\u00f3rum Consultivo da ENCP valida Teoria da Mudan\u00e7a em din\u00e2mica participativa conduzida pelo PLANAPP","datePublished":"2025-11-06T10:24:18+00:00","dateModified":"2025-11-10T14:34:26+00:00","mainEntityOfPage":{"@id":"https:\/\/iacrianca.pt\/en\/2025\/11\/forum-consultivo-da-encp-valida-teoria-da-mudanca-em-dinamica-participativa-conduzida-pelo-planapp\/"},"wordCount":275,"publisher":{"@id":"https:\/\/iacrianca.pt\/en\/#organization"},"image":{"@id":"https:\/\/iacrianca.pt\/en\/2025\/11\/forum-consultivo-da-encp-valida-teoria-da-mudanca-em-dinamica-participativa-conduzida-pelo-planapp\/#primaryimage"},"thumbnailUrl":"https:\/\/iacrianca.pt\/wp-content\/uploads\/forum-1.jpg","articleSection":["Newsletter"],"inLanguage":"en-US"},{"@type":"WebPage","@id":"https:\/\/iacrianca.pt\/en\/2025\/11\/forum-consultivo-da-encp-valida-teoria-da-mudanca-em-dinamica-participativa-conduzida-pelo-planapp\/","url":"https:\/\/iacrianca.pt\/en\/2025\/11\/forum-consultivo-da-encp-valida-teoria-da-mudanca-em-dinamica-participativa-conduzida-pelo-planapp\/","name":"F\u00f3rum Consultivo da ENCP valida Teoria da Mudan\u00e7a em din\u00e2mica participativa conduzida pelo PLANAPP | Instituto de Apoio \u00e0 Crian\u00e7a","isPartOf":{"@id":"https:\/\/iacrianca.pt\/en\/#website"},"primaryImageOfPage":{"@id":"https:\/\/iacrianca.pt\/en\/2025\/11\/forum-consultivo-da-encp-valida-teoria-da-mudanca-em-dinamica-participativa-conduzida-pelo-planapp\/#primaryimage"},"image":{"@id":"https:\/\/iacrianca.pt\/en\/2025\/11\/forum-consultivo-da-encp-valida-teoria-da-mudanca-em-dinamica-participativa-conduzida-pelo-planapp\/#primaryimage"},"thumbnailUrl":"https:\/\/iacrianca.pt\/wp-content\/uploads\/forum-1.jpg","datePublished":"2025-11-06T10:24:18+00:00","dateModified":"2025-11-10T14:34:26+00:00","breadcrumb":{"@id":"https:\/\/iacrianca.pt\/en\/2025\/11\/forum-consultivo-da-encp-valida-teoria-da-mudanca-em-dinamica-participativa-conduzida-pelo-planapp\/#breadcrumb"},"inLanguage":"en-US","potentialAction":[{"@type":"ReadAction","target":["https:\/\/iacrianca.pt\/en\/2025\/11\/forum-consultivo-da-encp-valida-teoria-da-mudanca-em-dinamica-participativa-conduzida-pelo-planapp\/"]}]},{"@type":"ImageObject","inLanguage":"en-US","@id":"https:\/\/iacrianca.pt\/en\/2025\/11\/forum-consultivo-da-encp-valida-teoria-da-mudanca-em-dinamica-participativa-conduzida-pelo-planapp\/#primaryimage","url":"https:\/\/iacrianca.pt\/wp-content\/uploads\/forum-1.jpg","contentUrl":"https:\/\/iacrianca.pt\/wp-content\/uploads\/forum-1.jpg","width":2048,"height":1365},{"@type":"BreadcrumbList","@id":"https:\/\/iacrianca.pt\/en\/2025\/11\/forum-consultivo-da-encp-valida-teoria-da-mudanca-em-dinamica-participativa-conduzida-pelo-planapp\/#breadcrumb","itemListElement":[{"@type":"ListItem","position":1,"name":"In\u00edcio","item":"https:\/\/iacrianca.pt\/en\/"},{"@type":"ListItem","position":2,"name":"F\u00f3rum Consultivo da ENCP valida Teoria da Mudan\u00e7a em din\u00e2mica participativa conduzida pelo PLANAPP"}]},{"@type":"WebSite","@id":"https:\/\/iacrianca.pt\/en\/#website","url":"https:\/\/iacrianca.pt\/en\/","name":"Instituto de Apoio \u00e0 Crian\u00e7a","description":"Desde 1983 na defesa e promo\u00e7\u00e3o dos direitos da crian\u00e7a","publisher":{"@id":"https:\/\/iacrianca.pt\/en\/#organization"},"potentialAction":[{"@type":"SearchAction","target":{"@type":"EntryPoint","urlTemplate":"https:\/\/iacrianca.pt\/en\/?s={search_term_string}"},"query-input":{"@type":"PropertyValueSpecification","valueRequired":true,"valueName":"search_term_string"}}],"inLanguage":"en-US"},{"@type":"Organization","@id":"https:\/\/iacrianca.pt\/en\/#organization","name":"Instituto de Apoio \u00e0 Crian\u00e7a","url":"https:\/\/iacrianca.pt\/en\/","logo":{"@type":"ImageObject","inLanguage":"en-US","@id":"https:\/\/iacrianca.pt\/en\/#\/schema\/logo\/image\/","url":"https:\/\/iacrianca.pt\/wp-content\/uploads\/2020\/04\/logo-iac-SD.jpg","contentUrl":"https:\/\/iacrianca.pt\/wp-content\/uploads\/2020\/04\/logo-iac-SD.jpg","width":152,"height":73,"caption":"Instituto de Apoio \u00e0 Crian\u00e7a"},"image":{"@id":"https:\/\/iacrianca.pt\/en\/#\/schema\/logo\/image\/"},"sameAs":["https:\/\/www.facebook.com\/iacinstitutodeapoioacrianca","https:\/\/x.com\/iacapoiocrianca","https:\/\/www.youtube.com\/channel\/UC0jjfZ_xkN_59gJf_RQ-ZnQ","https:\/\/www.linkedin.com\/company\/instituto-de-apoio--criana\/","https:\/\/www.instagram.com\/iacinstitutodeapoioacrianca\/","https:\/\/criancasatortoeadireitos.wordpress.com\/"]},{"@type":"Person","@id":"https:\/\/iacrianca.pt\/en\/#\/schema\/person\/1c48c6e4b70d0dc7360e4b28ceaa5f6b","name":"Administra\u00e7\u00e3o IAC","image":{"@type":"ImageObject","inLanguage":"en-US","@id":"https:\/\/secure.gravatar.com\/avatar\/60b998c71de37dcc1398fc6d48c6b5ed7533e3ceec837c948055f072e3158ff1?s=96&d=mm&r=g","url":"https:\/\/secure.gravatar.com\/avatar\/60b998c71de37dcc1398fc6d48c6b5ed7533e3ceec837c948055f072e3158ff1?s=96&d=mm&r=g","contentUrl":"https:\/\/secure.gravatar.com\/avatar\/60b998c71de37dcc1398fc6d48c6b5ed7533e3ceec837c948055f072e3158ff1?s=96&d=mm&r=g","caption":"Administra\u00e7\u00e3o IAC"}}]}},"_links":{"self":[{"href":"https:\/\/iacrianca.pt\/en\/wp-json\/wp\/v2\/posts\/26984","targetHints":{"allow":["GET"]}}],"collection":[{"href":"https:\/\/iacrianca.pt\/en\/wp-json\/wp\/v2\/posts"}],"about":[{"href":"https:\/\/iacrianca.pt\/en\/wp-json\/wp\/v2\/types\/post"}],"author":[{"embeddable":true,"href":"https:\/\/iacrianca.pt\/en\/wp-json\/wp\/v2\/users\/2"}],"replies":[{"embeddable":true,"href":"https:\/\/iacrianca.pt\/en\/wp-json\/wp\/v2\/comments?post=26984"}],"version-history":[{"count":0,"href":"https:\/\/iacrianca.pt\/en\/wp-json\/wp\/v2\/posts\/26984\/revisions"}],"wp:featuredmedia":[{"embeddable":true,"href":"https:\/\/iacrianca.pt\/en\/wp-json\/wp\/v2\/media\/26985"}],"wp:attachment":[{"href":"https:\/\/iacrianca.pt\/en\/wp-json\/wp\/v2\/media?parent=26984"}],"wp:term":[{"taxonomy":"category","embeddable":true,"href":"https:\/\/iacrianca.pt\/en\/wp-json\/wp\/v2\/categories?post=26984"},{"taxonomy":"post_tag","embeddable":true,"href":"https:\/\/iacrianca.pt\/en\/wp-json\/wp\/v2\/tags?post=26984"}],"curies":[{"name":"wp","href":"https:\/\/api.w.org\/{rel}","templated":true}]}}