{"id":27001,"date":"2025-11-07T12:28:02","date_gmt":"2025-11-07T12:28:02","guid":{"rendered":"https:\/\/iacrianca.pt\/?p=27001"},"modified":"2025-12-15T10:21:44","modified_gmt":"2025-12-15T10:21:44","slug":"conferencia-cuidar-e-proteger-prevenir-a-violencia-sobre-as-criancas-26-novembro-auditorio-1-da-pj-edificio-sede","status":"publish","type":"post","link":"https:\/\/iacrianca.pt\/en\/2025\/11\/conferencia-cuidar-e-proteger-prevenir-a-violencia-sobre-as-criancas-26-novembro-auditorio-1-da-pj-edificio-sede\/","title":{"rendered":"Confer\u00eancia \u201cCuidar e Proteger: Prevenir a Viol\u00eancia sobre as Crian\u00e7as\u201d 26 novembro, Audit\u00f3rio 1 da PJ (Edif\u00edcio Sede)"},"content":{"rendered":"<div>\n<p>No dia 26 de novembro, o IAC, com a colabora\u00e7\u00e3o da Pol\u00edcia Judici\u00e1ria, a C\u00e2mara Municipal de Lisboa e a Giotto, realizou a Confer\u00eancia \u201cCuidar e Proteger: Prevenir a Viol\u00eancia sobre as Crian\u00e7as\u201d.\u2060 Um encontro nacional que assinalou o Plano Estrat\u00e9gico do IAC\u00a0definido para este ano. A confer\u00eancia reuniu especialistas\u00a0de\u00a0diferentes \u00e1reas\u00a0de\u00a0interven\u00e7\u00e3o que procuraram promover um\u00a0debate aprofundado sobre a viol\u00eancia no contexto familiar, escolar e comunit\u00e1rio, e\u00a0desatacaram a import\u00e2ncia\u00a0de\u00a0respostas articuladas que reforcem a preven\u00e7\u00e3o e a interven\u00e7\u00e3o junto das crian\u00e7as mais vulner\u00e1veis. Um dos momentos centrais da confer\u00eancia foi a apresenta\u00e7\u00e3o dos resultados preliminares\u00a0de\u00a0um estudo pioneiro sobre casos\u00a0de\u00a0filic\u00eddio. Esta investiga\u00e7\u00e3o conjunta entre IAC e a PJ, representa um contributo fundamental para o conhecimento nesta \u00e1rea e permitir\u00e1 identificar fatores\u00a0de\u00a0risco, antecipar estrat\u00e9gias e sustentar a proposta\u00a0de\u00a0pol\u00edticas p\u00fablicas no \u00e2mbito da preven\u00e7\u00e3o da viol\u00eancia contra crian\u00e7as.<\/p>\n<\/div>\n<div>Foram discutidas tem\u00e1ticas <span class=\"markc1vdnn04g\" data-markjs=\"true\" data-ogac=\"\" data-ogab=\"\" data-ogsc=\"\" data-ogsb=\"\">de<\/span>terminantes para a prote\u00e7\u00e3o da crian\u00e7a e do jovem, com especial enfoque na preven\u00e7\u00e3o da viol\u00eancia em contexto escolar, na promo\u00e7\u00e3o do direito a brincar, na educa\u00e7\u00e3o inclusiva e na import\u00e2ncia da media\u00e7\u00e3o escolar. Foram, igualmente, apresentadas respostas integradas <span class=\"markc1vdnn04g\" data-markjs=\"true\" data-ogac=\"\" data-ogab=\"\" data-ogsc=\"\" data-ogsb=\"\">de<\/span>\u00a0interven\u00e7\u00e3o dirigidas a crian\u00e7as, jovens e fam\u00edlias, bem como abordadas pr\u00e1ticas e mecanismos\u00a0<span class=\"markc1vdnn04g\" data-markjs=\"true\" data-ogac=\"\" data-ogab=\"\" data-ogsc=\"\" data-ogsb=\"\">de<\/span>\u00a0envolvimento das empresas em iniciativas da sociedade civil.<\/div>\n<div>A confer\u00eancia incluiu, ainda, a apresenta\u00e7\u00e3o dos resultados da iniciativa nacional \u201cTodos Pintamos contra o Bullying\u201d, <span class=\"markc1vdnn04g\" data-markjs=\"true\" data-ogac=\"\" data-ogab=\"\" data-ogsc=\"\" data-ogsb=\"\">de<\/span>senvolvida pelo IAC em parceria com a Giotto, que tem envolvido professores, pais e milhares\u00a0<span class=\"markc1vdnn04g\" data-markjs=\"true\" data-ogac=\"\" data-ogab=\"\" data-ogsc=\"\" data-ogsb=\"\">de<\/span>\u00a0alunos em a\u00e7\u00f5es\u00a0<span class=\"markc1vdnn04g\" data-markjs=\"true\" data-ogac=\"\" data-ogab=\"\" data-ogsc=\"\" data-ogsb=\"\">de<\/span>\u00a0sensibiliza\u00e7\u00e3o e preven\u00e7\u00e3o em todo o pa\u00eds.<\/div>\n<div>Ao\u00a0<span class=\"markc1vdnn04g\" data-markjs=\"true\" data-ogac=\"\" data-ogab=\"\" data-ogsc=\"\" data-ogsb=\"\">de<\/span>dicar o ano\u00a0<span class=\"markc1vdnn04g\" data-markjs=\"true\" data-ogac=\"\" data-ogab=\"\" data-ogsc=\"\" data-ogsb=\"\">de<\/span>\u00a02025 \u00e0 preven\u00e7\u00e3o da viol\u00eancia sobre crian\u00e7as e jovens, o IAC reafirma o seu compromisso\u00a0<span class=\"markc1vdnn04g\" data-markjs=\"true\" data-ogac=\"\" data-ogab=\"\" data-ogsc=\"\" data-ogsb=\"\">de<\/span>\u00a0mobilizar fam\u00edlias, profissionais,\u00a0<span class=\"markc1vdnn04g\" data-markjs=\"true\" data-ogac=\"\" data-ogab=\"\" data-ogsc=\"\" data-ogsb=\"\">de<\/span>cisores e sociedade civil para uma cultura\u00a0<span class=\"markc1vdnn04g\" data-markjs=\"true\" data-ogac=\"\" data-ogab=\"\" data-ogsc=\"\" data-ogsb=\"\">de<\/span>\u00a0prote\u00e7\u00e3o que garanta uma inf\u00e2ncia segura e livre\u00a0<span class=\"markc1vdnn04g\" data-markjs=\"true\" data-ogac=\"\" data-ogab=\"\" data-ogsc=\"\" data-ogsb=\"\">de<\/span>\u00a0qualquer forma\u00a0<span class=\"markc1vdnn04g\" data-markjs=\"true\" data-ogac=\"\" data-ogab=\"\" data-ogsc=\"\" data-ogsb=\"\">de<\/span>\u00a0viol\u00eancia.<\/div>\n<div>O Instituto convida os \u00f3rg\u00e3os\u00a0<span class=\"markc1vdnn04g\" data-markjs=\"true\" data-ogac=\"\" data-ogab=\"\" data-ogsc=\"\" data-ogsb=\"\">de<\/span>\u00a0comunica\u00e7\u00e3o social a acompanhar esta confer\u00eancia, que pretende constituir-se como um espa\u00e7o\u00a0<span class=\"markc1vdnn04g\" data-markjs=\"true\" data-ogac=\"\" data-ogab=\"\" data-ogsc=\"\" data-ogsb=\"\">de<\/span>\u00a0reflex\u00e3o, partilha\u00a0<span class=\"markc1vdnn04g\" data-markjs=\"true\" data-ogac=\"\" data-ogab=\"\" data-ogsc=\"\" data-ogsb=\"\">de<\/span>\u00a0conhecimento e constru\u00e7\u00e3o conjunta\u00a0<span class=\"markc1vdnn04g\" data-markjs=\"true\" data-ogac=\"\" data-ogab=\"\" data-ogsc=\"\" data-ogsb=\"\">de<\/span>\u00a0prioridades para a prote\u00e7\u00e3o das crian\u00e7as em Portugal.<\/div>\n<div>Lisboa, 24\u00a0<span class=\"markc1vdnn04g\" data-markjs=\"true\" data-ogac=\"\" data-ogab=\"\" data-ogsc=\"\" data-ogsb=\"\">de<\/span>\u00a0novembro\u00a0<span class=\"markc1vdnn04g\" data-markjs=\"true\" data-ogac=\"\" data-ogab=\"\" data-ogsc=\"\" data-ogsb=\"\">de<\/span>\u00a02025<\/div>\n<p>\u2060<br \/>\nContamos com a sua presen\u00e7a. \u2060\u2060<br \/>\nA participa\u00e7\u00e3o \u00e9 gratuita, mas de inscri\u00e7\u00e3o obrigat\u00f3ria, atrav\u00e9s do link:\u2060<br \/>\n<a href=\"https:\/\/docs.google.com\/forms\/d\/e\/1FAIpQLSebHPhqIV1hw2opuC0uL6G74BgWcv81tM_UOTV_2cxHb7cGaw\/viewform\">https:\/\/docs.google.com\/forms\/d\/e\/1FAIpQLSebHPhqIV1hw2opuC0uL6G74BgWcv81tM_UOTV_2cxHb7cGaw\/viewform<\/a><\/p>\n<p><a href=\"https:\/\/iacrianca.pt\/wp-content\/uploads\/poster-programa-final-final-1.pdf\">Poster-Programa_final_final_1<\/a><\/p>\n<p>&nbsp;<\/p>\n","protected":false},"excerpt":{"rendered":"<p>No dia 26 de novembro, o IAC, com a colabora\u00e7\u00e3o da Pol\u00edcia Judici\u00e1ria, a C\u00e2mara Municipal de Lisboa e a Giotto, realizou a Confer\u00eancia \u201cCuidar e Proteger: Prevenir a Viol\u00eancia sobre as Crian\u00e7as\u201d.\u2060 Um encontro nacional que assinalou o Plano Estrat\u00e9gico do IAC\u00a0definido para este ano. A confer\u00eancia reuniu especialistas\u00a0de\u00a0diferentes \u00e1reas\u00a0de\u00a0interven\u00e7\u00e3o que procuraram promover um\u00a0debate&hellip;<\/p>\n","protected":false},"author":2,"featured_media":27160,"comment_status":"closed","ping_status":"closed","sticky":false,"template":"","format":"standard","meta":{"_acf_changed":false,"footnotes":""},"categories":[46],"tags":[],"class_list":["post-27001","post","type-post","status-publish","format-standard","has-post-thumbnail","hentry","category-eventos","category-46","description-off"],"acf":[],"yoast_head":"<!-- This site is optimized with the Yoast SEO plugin v27.5 - https:\/\/yoast.com\/product\/yoast-seo-wordpress\/ -->\n<title>Confer\u00eancia \u201cCuidar e Proteger: Prevenir a Viol\u00eancia sobre as Crian\u00e7as\u201d 26 novembro, Audit\u00f3rio 1 da PJ (Edif\u00edcio Sede) | Instituto de Apoio \u00e0 Crian\u00e7a<\/title>\n<meta name=\"robots\" content=\"index, follow, max-snippet:-1, max-image-preview:large, max-video-preview:-1\" \/>\n<link rel=\"canonical\" href=\"https:\/\/iacrianca.pt\/en\/2025\/11\/conferencia-cuidar-e-proteger-prevenir-a-violencia-sobre-as-criancas-26-novembro-auditorio-1-da-pj-edificio-sede\/\" \/>\n<meta property=\"og:locale\" content=\"en_US\" \/>\n<meta property=\"og:type\" content=\"article\" \/>\n<meta property=\"og:title\" content=\"Confer\u00eancia \u201cCuidar e Proteger: Prevenir a Viol\u00eancia sobre as Crian\u00e7as\u201d 26 novembro, Audit\u00f3rio 1 da PJ (Edif\u00edcio Sede) | Instituto de Apoio \u00e0 Crian\u00e7a\" \/>\n<meta property=\"og:description\" content=\"No dia 26 de novembro, o IAC, com a colabora\u00e7\u00e3o da Pol\u00edcia Judici\u00e1ria, a C\u00e2mara Municipal de Lisboa e a Giotto, realizou a Confer\u00eancia \u201cCuidar e Proteger: Prevenir a Viol\u00eancia sobre as Crian\u00e7as\u201d.\u2060 Um encontro nacional que assinalou o Plano Estrat\u00e9gico do IAC\u00a0definido para este ano. A confer\u00eancia reuniu especialistas\u00a0de\u00a0diferentes \u00e1reas\u00a0de\u00a0interven\u00e7\u00e3o que procuraram promover um\u00a0debate&hellip;\" \/>\n<meta property=\"og:url\" content=\"https:\/\/iacrianca.pt\/en\/2025\/11\/conferencia-cuidar-e-proteger-prevenir-a-violencia-sobre-as-criancas-26-novembro-auditorio-1-da-pj-edificio-sede\/\" \/>\n<meta property=\"og:site_name\" content=\"Instituto de Apoio \u00e0 Crian\u00e7a\" \/>\n<meta property=\"article:publisher\" content=\"https:\/\/www.facebook.com\/iacinstitutodeapoioacrianca\" \/>\n<meta property=\"article:published_time\" content=\"2025-11-07T12:28:02+00:00\" \/>\n<meta property=\"article:modified_time\" content=\"2025-12-15T10:21:44+00:00\" \/>\n<meta property=\"og:image\" content=\"https:\/\/iacrianca.pt\/wp-content\/uploads\/programa-1-1024x724.jpg\" \/>\n\t<meta property=\"og:image:width\" content=\"1024\" \/>\n\t<meta property=\"og:image:height\" content=\"724\" \/>\n\t<meta property=\"og:image:type\" content=\"image\/jpeg\" \/>\n<meta name=\"author\" content=\"Administra\u00e7\u00e3o IAC\" \/>\n<meta name=\"twitter:card\" content=\"summary_large_image\" \/>\n<meta name=\"twitter:creator\" content=\"@iacapoiocrianca\" \/>\n<meta name=\"twitter:site\" content=\"@iacapoiocrianca\" \/>\n<meta name=\"twitter:label1\" content=\"Written by\" \/>\n\t<meta name=\"twitter:data1\" content=\"Administra\u00e7\u00e3o IAC\" \/>\n\t<meta name=\"twitter:label2\" content=\"Est. reading time\" \/>\n\t<meta name=\"twitter:data2\" content=\"3 minutes\" \/>\n<script type=\"application\/ld+json\" class=\"yoast-schema-graph\">{\"@context\":\"https:\\\/\\\/schema.org\",\"@graph\":[{\"@type\":\"Article\",\"@id\":\"https:\\\/\\\/iacrianca.pt\\\/en\\\/2025\\\/11\\\/conferencia-cuidar-e-proteger-prevenir-a-violencia-sobre-as-criancas-26-novembro-auditorio-1-da-pj-edificio-sede\\\/#article\",\"isPartOf\":{\"@id\":\"https:\\\/\\\/iacrianca.pt\\\/en\\\/2025\\\/11\\\/conferencia-cuidar-e-proteger-prevenir-a-violencia-sobre-as-criancas-26-novembro-auditorio-1-da-pj-edificio-sede\\\/\"},\"author\":{\"name\":\"Administra\u00e7\u00e3o IAC\",\"@id\":\"https:\\\/\\\/iacrianca.pt\\\/en\\\/#\\\/schema\\\/person\\\/1c48c6e4b70d0dc7360e4b28ceaa5f6b\"},\"headline\":\"Confer\u00eancia \u201cCuidar e Proteger: Prevenir a Viol\u00eancia sobre as Crian\u00e7as\u201d 26 novembro, Audit\u00f3rio 1 da PJ (Edif\u00edcio Sede)\",\"datePublished\":\"2025-11-07T12:28:02+00:00\",\"dateModified\":\"2025-12-15T10:21:44+00:00\",\"mainEntityOfPage\":{\"@id\":\"https:\\\/\\\/iacrianca.pt\\\/en\\\/2025\\\/11\\\/conferencia-cuidar-e-proteger-prevenir-a-violencia-sobre-as-criancas-26-novembro-auditorio-1-da-pj-edificio-sede\\\/\"},\"wordCount\":463,\"publisher\":{\"@id\":\"https:\\\/\\\/iacrianca.pt\\\/en\\\/#organization\"},\"image\":{\"@id\":\"https:\\\/\\\/iacrianca.pt\\\/en\\\/2025\\\/11\\\/conferencia-cuidar-e-proteger-prevenir-a-violencia-sobre-as-criancas-26-novembro-auditorio-1-da-pj-edificio-sede\\\/#primaryimage\"},\"thumbnailUrl\":\"https:\\\/\\\/iacrianca.pt\\\/wp-content\\\/uploads\\\/programa-1.jpg\",\"articleSection\":[\"Eventos\"],\"inLanguage\":\"en-US\"},{\"@type\":\"WebPage\",\"@id\":\"https:\\\/\\\/iacrianca.pt\\\/en\\\/2025\\\/11\\\/conferencia-cuidar-e-proteger-prevenir-a-violencia-sobre-as-criancas-26-novembro-auditorio-1-da-pj-edificio-sede\\\/\",\"url\":\"https:\\\/\\\/iacrianca.pt\\\/en\\\/2025\\\/11\\\/conferencia-cuidar-e-proteger-prevenir-a-violencia-sobre-as-criancas-26-novembro-auditorio-1-da-pj-edificio-sede\\\/\",\"name\":\"Confer\u00eancia \u201cCuidar e Proteger: Prevenir a Viol\u00eancia sobre as Crian\u00e7as\u201d 26 novembro, Audit\u00f3rio 1 da PJ (Edif\u00edcio Sede) | Instituto de Apoio \u00e0 Crian\u00e7a\",\"isPartOf\":{\"@id\":\"https:\\\/\\\/iacrianca.pt\\\/en\\\/#website\"},\"primaryImageOfPage\":{\"@id\":\"https:\\\/\\\/iacrianca.pt\\\/en\\\/2025\\\/11\\\/conferencia-cuidar-e-proteger-prevenir-a-violencia-sobre-as-criancas-26-novembro-auditorio-1-da-pj-edificio-sede\\\/#primaryimage\"},\"image\":{\"@id\":\"https:\\\/\\\/iacrianca.pt\\\/en\\\/2025\\\/11\\\/conferencia-cuidar-e-proteger-prevenir-a-violencia-sobre-as-criancas-26-novembro-auditorio-1-da-pj-edificio-sede\\\/#primaryimage\"},\"thumbnailUrl\":\"https:\\\/\\\/iacrianca.pt\\\/wp-content\\\/uploads\\\/programa-1.jpg\",\"datePublished\":\"2025-11-07T12:28:02+00:00\",\"dateModified\":\"2025-12-15T10:21:44+00:00\",\"breadcrumb\":{\"@id\":\"https:\\\/\\\/iacrianca.pt\\\/en\\\/2025\\\/11\\\/conferencia-cuidar-e-proteger-prevenir-a-violencia-sobre-as-criancas-26-novembro-auditorio-1-da-pj-edificio-sede\\\/#breadcrumb\"},\"inLanguage\":\"en-US\",\"potentialAction\":[{\"@type\":\"ReadAction\",\"target\":[\"https:\\\/\\\/iacrianca.pt\\\/en\\\/2025\\\/11\\\/conferencia-cuidar-e-proteger-prevenir-a-violencia-sobre-as-criancas-26-novembro-auditorio-1-da-pj-edificio-sede\\\/\"]}]},{\"@type\":\"ImageObject\",\"inLanguage\":\"en-US\",\"@id\":\"https:\\\/\\\/iacrianca.pt\\\/en\\\/2025\\\/11\\\/conferencia-cuidar-e-proteger-prevenir-a-violencia-sobre-as-criancas-26-novembro-auditorio-1-da-pj-edificio-sede\\\/#primaryimage\",\"url\":\"https:\\\/\\\/iacrianca.pt\\\/wp-content\\\/uploads\\\/programa-1.jpg\",\"contentUrl\":\"https:\\\/\\\/iacrianca.pt\\\/wp-content\\\/uploads\\\/programa-1.jpg\",\"width\":2481,\"height\":1754},{\"@type\":\"BreadcrumbList\",\"@id\":\"https:\\\/\\\/iacrianca.pt\\\/en\\\/2025\\\/11\\\/conferencia-cuidar-e-proteger-prevenir-a-violencia-sobre-as-criancas-26-novembro-auditorio-1-da-pj-edificio-sede\\\/#breadcrumb\",\"itemListElement\":[{\"@type\":\"ListItem\",\"position\":1,\"name\":\"In\u00edcio\",\"item\":\"https:\\\/\\\/iacrianca.pt\\\/en\\\/\"},{\"@type\":\"ListItem\",\"position\":2,\"name\":\"Confer\u00eancia \u201cCuidar e Proteger: Prevenir a Viol\u00eancia sobre as Crian\u00e7as\u201d 26 novembro, Audit\u00f3rio 1 da PJ (Edif\u00edcio Sede)\"}]},{\"@type\":\"WebSite\",\"@id\":\"https:\\\/\\\/iacrianca.pt\\\/en\\\/#website\",\"url\":\"https:\\\/\\\/iacrianca.pt\\\/en\\\/\",\"name\":\"Instituto de Apoio \u00e0 Crian\u00e7a\",\"description\":\"Desde 1983 na defesa e promo\u00e7\u00e3o dos direitos da crian\u00e7a\",\"publisher\":{\"@id\":\"https:\\\/\\\/iacrianca.pt\\\/en\\\/#organization\"},\"potentialAction\":[{\"@type\":\"SearchAction\",\"target\":{\"@type\":\"EntryPoint\",\"urlTemplate\":\"https:\\\/\\\/iacrianca.pt\\\/en\\\/?s={search_term_string}\"},\"query-input\":{\"@type\":\"PropertyValueSpecification\",\"valueRequired\":true,\"valueName\":\"search_term_string\"}}],\"inLanguage\":\"en-US\"},{\"@type\":\"Organization\",\"@id\":\"https:\\\/\\\/iacrianca.pt\\\/en\\\/#organization\",\"name\":\"Instituto de Apoio \u00e0 Crian\u00e7a\",\"url\":\"https:\\\/\\\/iacrianca.pt\\\/en\\\/\",\"logo\":{\"@type\":\"ImageObject\",\"inLanguage\":\"en-US\",\"@id\":\"https:\\\/\\\/iacrianca.pt\\\/en\\\/#\\\/schema\\\/logo\\\/image\\\/\",\"url\":\"https:\\\/\\\/iacrianca.pt\\\/wp-content\\\/uploads\\\/2020\\\/04\\\/logo-iac-SD.jpg\",\"contentUrl\":\"https:\\\/\\\/iacrianca.pt\\\/wp-content\\\/uploads\\\/2020\\\/04\\\/logo-iac-SD.jpg\",\"width\":152,\"height\":73,\"caption\":\"Instituto de Apoio \u00e0 Crian\u00e7a\"},\"image\":{\"@id\":\"https:\\\/\\\/iacrianca.pt\\\/en\\\/#\\\/schema\\\/logo\\\/image\\\/\"},\"sameAs\":[\"https:\\\/\\\/www.facebook.com\\\/iacinstitutodeapoioacrianca\",\"https:\\\/\\\/x.com\\\/iacapoiocrianca\",\"https:\\\/\\\/www.youtube.com\\\/channel\\\/UC0jjfZ_xkN_59gJf_RQ-ZnQ\",\"https:\\\/\\\/www.linkedin.com\\\/company\\\/instituto-de-apoio--criana\\\/\",\"https:\\\/\\\/www.instagram.com\\\/iacinstitutodeapoioacrianca\\\/\",\"https:\\\/\\\/criancasatortoeadireitos.wordpress.com\\\/\"]},{\"@type\":\"Person\",\"@id\":\"https:\\\/\\\/iacrianca.pt\\\/en\\\/#\\\/schema\\\/person\\\/1c48c6e4b70d0dc7360e4b28ceaa5f6b\",\"name\":\"Administra\u00e7\u00e3o IAC\",\"image\":{\"@type\":\"ImageObject\",\"inLanguage\":\"en-US\",\"@id\":\"https:\\\/\\\/secure.gravatar.com\\\/avatar\\\/60b998c71de37dcc1398fc6d48c6b5ed7533e3ceec837c948055f072e3158ff1?s=96&d=mm&r=g\",\"url\":\"https:\\\/\\\/secure.gravatar.com\\\/avatar\\\/60b998c71de37dcc1398fc6d48c6b5ed7533e3ceec837c948055f072e3158ff1?s=96&d=mm&r=g\",\"contentUrl\":\"https:\\\/\\\/secure.gravatar.com\\\/avatar\\\/60b998c71de37dcc1398fc6d48c6b5ed7533e3ceec837c948055f072e3158ff1?s=96&d=mm&r=g\",\"caption\":\"Administra\u00e7\u00e3o IAC\"}}]}<\/script>\n<!-- \/ Yoast SEO plugin. -->","yoast_head_json":{"title":"Confer\u00eancia \u201cCuidar e Proteger: Prevenir a Viol\u00eancia sobre as Crian\u00e7as\u201d 26 novembro, Audit\u00f3rio 1 da PJ (Edif\u00edcio Sede) | Instituto de Apoio \u00e0 Crian\u00e7a","robots":{"index":"index","follow":"follow","max-snippet":"max-snippet:-1","max-image-preview":"max-image-preview:large","max-video-preview":"max-video-preview:-1"},"canonical":"https:\/\/iacrianca.pt\/en\/2025\/11\/conferencia-cuidar-e-proteger-prevenir-a-violencia-sobre-as-criancas-26-novembro-auditorio-1-da-pj-edificio-sede\/","og_locale":"en_US","og_type":"article","og_title":"Confer\u00eancia \u201cCuidar e Proteger: Prevenir a Viol\u00eancia sobre as Crian\u00e7as\u201d 26 novembro, Audit\u00f3rio 1 da PJ (Edif\u00edcio Sede) | Instituto de Apoio \u00e0 Crian\u00e7a","og_description":"No dia 26 de novembro, o IAC, com a colabora\u00e7\u00e3o da Pol\u00edcia Judici\u00e1ria, a C\u00e2mara Municipal de Lisboa e a Giotto, realizou a Confer\u00eancia \u201cCuidar e Proteger: Prevenir a Viol\u00eancia sobre as Crian\u00e7as\u201d.\u2060 Um encontro nacional que assinalou o Plano Estrat\u00e9gico do IAC\u00a0definido para este ano. A confer\u00eancia reuniu especialistas\u00a0de\u00a0diferentes \u00e1reas\u00a0de\u00a0interven\u00e7\u00e3o que procuraram promover um\u00a0debate&hellip;","og_url":"https:\/\/iacrianca.pt\/en\/2025\/11\/conferencia-cuidar-e-proteger-prevenir-a-violencia-sobre-as-criancas-26-novembro-auditorio-1-da-pj-edificio-sede\/","og_site_name":"Instituto de Apoio \u00e0 Crian\u00e7a","article_publisher":"https:\/\/www.facebook.com\/iacinstitutodeapoioacrianca","article_published_time":"2025-11-07T12:28:02+00:00","article_modified_time":"2025-12-15T10:21:44+00:00","og_image":[{"width":1024,"height":724,"url":"https:\/\/iacrianca.pt\/wp-content\/uploads\/programa-1-1024x724.jpg","type":"image\/jpeg"}],"author":"Administra\u00e7\u00e3o IAC","twitter_card":"summary_large_image","twitter_creator":"@iacapoiocrianca","twitter_site":"@iacapoiocrianca","twitter_misc":{"Written by":"Administra\u00e7\u00e3o IAC","Est. reading time":"3 minutes"},"schema":{"@context":"https:\/\/schema.org","@graph":[{"@type":"Article","@id":"https:\/\/iacrianca.pt\/en\/2025\/11\/conferencia-cuidar-e-proteger-prevenir-a-violencia-sobre-as-criancas-26-novembro-auditorio-1-da-pj-edificio-sede\/#article","isPartOf":{"@id":"https:\/\/iacrianca.pt\/en\/2025\/11\/conferencia-cuidar-e-proteger-prevenir-a-violencia-sobre-as-criancas-26-novembro-auditorio-1-da-pj-edificio-sede\/"},"author":{"name":"Administra\u00e7\u00e3o IAC","@id":"https:\/\/iacrianca.pt\/en\/#\/schema\/person\/1c48c6e4b70d0dc7360e4b28ceaa5f6b"},"headline":"Confer\u00eancia \u201cCuidar e Proteger: Prevenir a Viol\u00eancia sobre as Crian\u00e7as\u201d 26 novembro, Audit\u00f3rio 1 da PJ (Edif\u00edcio Sede)","datePublished":"2025-11-07T12:28:02+00:00","dateModified":"2025-12-15T10:21:44+00:00","mainEntityOfPage":{"@id":"https:\/\/iacrianca.pt\/en\/2025\/11\/conferencia-cuidar-e-proteger-prevenir-a-violencia-sobre-as-criancas-26-novembro-auditorio-1-da-pj-edificio-sede\/"},"wordCount":463,"publisher":{"@id":"https:\/\/iacrianca.pt\/en\/#organization"},"image":{"@id":"https:\/\/iacrianca.pt\/en\/2025\/11\/conferencia-cuidar-e-proteger-prevenir-a-violencia-sobre-as-criancas-26-novembro-auditorio-1-da-pj-edificio-sede\/#primaryimage"},"thumbnailUrl":"https:\/\/iacrianca.pt\/wp-content\/uploads\/programa-1.jpg","articleSection":["Eventos"],"inLanguage":"en-US"},{"@type":"WebPage","@id":"https:\/\/iacrianca.pt\/en\/2025\/11\/conferencia-cuidar-e-proteger-prevenir-a-violencia-sobre-as-criancas-26-novembro-auditorio-1-da-pj-edificio-sede\/","url":"https:\/\/iacrianca.pt\/en\/2025\/11\/conferencia-cuidar-e-proteger-prevenir-a-violencia-sobre-as-criancas-26-novembro-auditorio-1-da-pj-edificio-sede\/","name":"Confer\u00eancia \u201cCuidar e Proteger: Prevenir a Viol\u00eancia sobre as Crian\u00e7as\u201d 26 novembro, Audit\u00f3rio 1 da PJ (Edif\u00edcio Sede) | Instituto de Apoio \u00e0 Crian\u00e7a","isPartOf":{"@id":"https:\/\/iacrianca.pt\/en\/#website"},"primaryImageOfPage":{"@id":"https:\/\/iacrianca.pt\/en\/2025\/11\/conferencia-cuidar-e-proteger-prevenir-a-violencia-sobre-as-criancas-26-novembro-auditorio-1-da-pj-edificio-sede\/#primaryimage"},"image":{"@id":"https:\/\/iacrianca.pt\/en\/2025\/11\/conferencia-cuidar-e-proteger-prevenir-a-violencia-sobre-as-criancas-26-novembro-auditorio-1-da-pj-edificio-sede\/#primaryimage"},"thumbnailUrl":"https:\/\/iacrianca.pt\/wp-content\/uploads\/programa-1.jpg","datePublished":"2025-11-07T12:28:02+00:00","dateModified":"2025-12-15T10:21:44+00:00","breadcrumb":{"@id":"https:\/\/iacrianca.pt\/en\/2025\/11\/conferencia-cuidar-e-proteger-prevenir-a-violencia-sobre-as-criancas-26-novembro-auditorio-1-da-pj-edificio-sede\/#breadcrumb"},"inLanguage":"en-US","potentialAction":[{"@type":"ReadAction","target":["https:\/\/iacrianca.pt\/en\/2025\/11\/conferencia-cuidar-e-proteger-prevenir-a-violencia-sobre-as-criancas-26-novembro-auditorio-1-da-pj-edificio-sede\/"]}]},{"@type":"ImageObject","inLanguage":"en-US","@id":"https:\/\/iacrianca.pt\/en\/2025\/11\/conferencia-cuidar-e-proteger-prevenir-a-violencia-sobre-as-criancas-26-novembro-auditorio-1-da-pj-edificio-sede\/#primaryimage","url":"https:\/\/iacrianca.pt\/wp-content\/uploads\/programa-1.jpg","contentUrl":"https:\/\/iacrianca.pt\/wp-content\/uploads\/programa-1.jpg","width":2481,"height":1754},{"@type":"BreadcrumbList","@id":"https:\/\/iacrianca.pt\/en\/2025\/11\/conferencia-cuidar-e-proteger-prevenir-a-violencia-sobre-as-criancas-26-novembro-auditorio-1-da-pj-edificio-sede\/#breadcrumb","itemListElement":[{"@type":"ListItem","position":1,"name":"In\u00edcio","item":"https:\/\/iacrianca.pt\/en\/"},{"@type":"ListItem","position":2,"name":"Confer\u00eancia \u201cCuidar e Proteger: Prevenir a Viol\u00eancia sobre as Crian\u00e7as\u201d 26 novembro, Audit\u00f3rio 1 da PJ (Edif\u00edcio Sede)"}]},{"@type":"WebSite","@id":"https:\/\/iacrianca.pt\/en\/#website","url":"https:\/\/iacrianca.pt\/en\/","name":"Instituto de Apoio \u00e0 Crian\u00e7a","description":"Desde 1983 na defesa e promo\u00e7\u00e3o dos direitos da crian\u00e7a","publisher":{"@id":"https:\/\/iacrianca.pt\/en\/#organization"},"potentialAction":[{"@type":"SearchAction","target":{"@type":"EntryPoint","urlTemplate":"https:\/\/iacrianca.pt\/en\/?s={search_term_string}"},"query-input":{"@type":"PropertyValueSpecification","valueRequired":true,"valueName":"search_term_string"}}],"inLanguage":"en-US"},{"@type":"Organization","@id":"https:\/\/iacrianca.pt\/en\/#organization","name":"Instituto de Apoio \u00e0 Crian\u00e7a","url":"https:\/\/iacrianca.pt\/en\/","logo":{"@type":"ImageObject","inLanguage":"en-US","@id":"https:\/\/iacrianca.pt\/en\/#\/schema\/logo\/image\/","url":"https:\/\/iacrianca.pt\/wp-content\/uploads\/2020\/04\/logo-iac-SD.jpg","contentUrl":"https:\/\/iacrianca.pt\/wp-content\/uploads\/2020\/04\/logo-iac-SD.jpg","width":152,"height":73,"caption":"Instituto de Apoio \u00e0 Crian\u00e7a"},"image":{"@id":"https:\/\/iacrianca.pt\/en\/#\/schema\/logo\/image\/"},"sameAs":["https:\/\/www.facebook.com\/iacinstitutodeapoioacrianca","https:\/\/x.com\/iacapoiocrianca","https:\/\/www.youtube.com\/channel\/UC0jjfZ_xkN_59gJf_RQ-ZnQ","https:\/\/www.linkedin.com\/company\/instituto-de-apoio--criana\/","https:\/\/www.instagram.com\/iacinstitutodeapoioacrianca\/","https:\/\/criancasatortoeadireitos.wordpress.com\/"]},{"@type":"Person","@id":"https:\/\/iacrianca.pt\/en\/#\/schema\/person\/1c48c6e4b70d0dc7360e4b28ceaa5f6b","name":"Administra\u00e7\u00e3o IAC","image":{"@type":"ImageObject","inLanguage":"en-US","@id":"https:\/\/secure.gravatar.com\/avatar\/60b998c71de37dcc1398fc6d48c6b5ed7533e3ceec837c948055f072e3158ff1?s=96&d=mm&r=g","url":"https:\/\/secure.gravatar.com\/avatar\/60b998c71de37dcc1398fc6d48c6b5ed7533e3ceec837c948055f072e3158ff1?s=96&d=mm&r=g","contentUrl":"https:\/\/secure.gravatar.com\/avatar\/60b998c71de37dcc1398fc6d48c6b5ed7533e3ceec837c948055f072e3158ff1?s=96&d=mm&r=g","caption":"Administra\u00e7\u00e3o IAC"}}]}},"_links":{"self":[{"href":"https:\/\/iacrianca.pt\/en\/wp-json\/wp\/v2\/posts\/27001","targetHints":{"allow":["GET"]}}],"collection":[{"href":"https:\/\/iacrianca.pt\/en\/wp-json\/wp\/v2\/posts"}],"about":[{"href":"https:\/\/iacrianca.pt\/en\/wp-json\/wp\/v2\/types\/post"}],"author":[{"embeddable":true,"href":"https:\/\/iacrianca.pt\/en\/wp-json\/wp\/v2\/users\/2"}],"replies":[{"embeddable":true,"href":"https:\/\/iacrianca.pt\/en\/wp-json\/wp\/v2\/comments?post=27001"}],"version-history":[{"count":0,"href":"https:\/\/iacrianca.pt\/en\/wp-json\/wp\/v2\/posts\/27001\/revisions"}],"wp:featuredmedia":[{"embeddable":true,"href":"https:\/\/iacrianca.pt\/en\/wp-json\/wp\/v2\/media\/27160"}],"wp:attachment":[{"href":"https:\/\/iacrianca.pt\/en\/wp-json\/wp\/v2\/media?parent=27001"}],"wp:term":[{"taxonomy":"category","embeddable":true,"href":"https:\/\/iacrianca.pt\/en\/wp-json\/wp\/v2\/categories?post=27001"},{"taxonomy":"post_tag","embeddable":true,"href":"https:\/\/iacrianca.pt\/en\/wp-json\/wp\/v2\/tags?post=27001"}],"curies":[{"name":"wp","href":"https:\/\/api.w.org\/{rel}","templated":true}]}}