{"id":27117,"date":"2025-11-14T15:22:34","date_gmt":"2025-11-14T15:22:34","guid":{"rendered":"https:\/\/iacrianca.pt\/?p=27117"},"modified":"2025-11-14T15:22:34","modified_gmt":"2025-11-14T15:22:34","slug":"comunicado-de-imprensa-uniao-europeia-apoia-benguela-no-reforco-da-protecao-de-criancas-e-jovens-durante-visita-tecnica-a-lisboa","status":"publish","type":"post","link":"https:\/\/iacrianca.pt\/en\/2025\/11\/comunicado-de-imprensa-uniao-europeia-apoia-benguela-no-reforco-da-protecao-de-criancas-e-jovens-durante-visita-tecnica-a-lisboa\/","title":{"rendered":"Comunicado de Imprensa &#8211; Uni\u00e3o Europeia apoia Benguela no refor\u00e7o da prote\u00e7\u00e3o de crian\u00e7as e jovens durante visita t\u00e9cnica a Lisboa"},"content":{"rendered":"<div style=\"text-align: center;\"><b data-olk-copy-source=\"MailCompose\">COMUNICADO DE IMPRENSA<\/b><\/div>\n<div><\/div>\n<div>Luanda, 12 Novembro de 2025<\/div>\n<div>Entre os dias <b>17 e 21 de novembro<\/b>, decorre em Lisboa uma <b>visita t\u00e9cnica<\/b>\u00a0promovida pelo <b>Instituto de Apoio \u00e0 Crian\u00e7a (IAC)<\/b>\u00a0de Portugal<b>, <\/b>em parceria com o<b>\u00a0Governo Provincial de Benguela (GPB)<\/b>, no \u00e2mbito da A\u00e7\u00e3o de Di\u00e1logo <u>\u201cPromo\u00e7\u00e3o da Estrat\u00e9gia para os meninos de rua em Benguela\u201d<\/u>, implementada atrav\u00e9s do Programa Di\u00e1logos UE-Angola, <b>financiado pela Uni\u00e3o Europeia.<\/b><\/div>\n<div>Ao longo da semana, a delega\u00e7\u00e3o angolana participa em <b>reuni\u00f5es t\u00e9cnicas, visitas de trabalho e momentos de partilha com equipas de interven\u00e7\u00e3o direta<\/b>, abordando metodologias de <b>acompanhamento de crian\u00e7as e jovens em risco<\/b>, estrat\u00e9gias de <b>reintegra\u00e7\u00e3o social e comunit\u00e1ria<\/b>, e mecanismos de <b>coordena\u00e7\u00e3o entre servi\u00e7os p\u00fablicos e organiza\u00e7\u00f5es da sociedade civil<\/b>.<\/div>\n<div>Esta Ac\u00e3o de Di\u00e1logo visa fortalecer as capacidades institucionais e t\u00e9cnicas do Governo Provincial de Benguela na \u00e1rea da prote\u00e7\u00e3o e inclus\u00e3o de crian\u00e7as e jovens em situa\u00e7\u00e3o de vulnerabilidade, promovendo uma troca de experi\u00eancias e boas pr\u00e1ticas com entidades portuguesas de refer\u00eancia.<\/div>\n<div>O IAC, parceiro europeu nesta Ac\u00e3o, \u00e9 uma organiza\u00e7\u00e3o n\u00e3o governamental portuguesa, sem fins lucrativos, com mais de 40 anos de experi\u00eancia na promo\u00e7\u00e3o e defesa dos direitos das crian\u00e7as. Reconhecido como Institui\u00e7\u00e3o de Utilidade P\u00fablica, o IAC desenvolve programas e servi\u00e7os nas \u00e1reas da prote\u00e7\u00e3o, educa\u00e7\u00e3o, sa\u00fade, justi\u00e7a e interven\u00e7\u00e3o social, que visam prevenir situa\u00e7\u00f5es de risco e exclus\u00e3o e promover o bem-estar das crian\u00e7as e jovens.<\/div>\n<div><b>Contexto da Ac\u00e3o<\/b><\/div>\n<div>Em Angola, e particularmente na prov\u00edncia de Benguela, o fen\u00f3meno das crian\u00e7as e jovens em situa\u00e7\u00e3o de rua representa um dos principais desafios sociais e de direitos humanos. Muitos destes jovens enfrentam condi\u00e7\u00f5es de pobreza extrema, exclus\u00e3o e desestrutura\u00e7\u00e3o familiar, tornando-se vulner\u00e1veis a situa\u00e7\u00f5es de risco, abuso e explora\u00e7\u00e3o.<\/div>\n<div>O Governo Provincial de Benguela, no exerc\u00edcio das suas responsabilidades de promo\u00e7\u00e3o do bem-estar e da sa\u00fade da popula\u00e7\u00e3o, tem vindo a refor\u00e7ar as suas pol\u00edticas p\u00fablicas dirigidas \u00e0s crian\u00e7as e adolescentes mais vulner\u00e1veis, procurando desenvolver respostas estruturadas e sustent\u00e1veis que reduzam a exposi\u00e7\u00e3o destes jovens \u00e0 rua e promovam a sua reintegra\u00e7\u00e3o social e familiar.<\/div>\n<div>A presente Ac\u00e3o de Di\u00e1logo procura melhorar a gest\u00e3o e coordena\u00e7\u00e3o de pol\u00edticas e parceiros que permitam recuperar jovens e adolescentes em situa\u00e7\u00e3o de rua, refor\u00e7ar as compet\u00eancias institucionais e t\u00e9cnicas do Governo Provincial de Benguela no sector da assist\u00eancia social, e identificar estrat\u00e9gias e metodologias de interven\u00e7\u00e3o inovadoras, adapt\u00e1veis ao contexto angolano. Esta colabora\u00e7\u00e3o visa igualmente consolidar a parceria institucional entre o<\/div>\n<div>Governo Provincial de Benguela e o IAC, refor\u00e7ando os la\u00e7os de coopera\u00e7\u00e3o entre Angola e Portugal, com o apoio da Uni\u00e3o Europeia.<\/div>\n<div>A Ac\u00e3o inclui ainda <b>encontros t\u00e9cnicos, um estudo de diagn\u00f3stico, uma visita de interc\u00e2mbio a Benguela e um semin\u00e1rio final<\/b>, durante o qual ser\u00e1 assinada uma <b>declara\u00e7\u00e3o de parceria<\/b>\u00a0e apresentadas <b>recomenda\u00e7\u00f5es estrat\u00e9gicas<\/b>\u00a0para o fortalecimento do sistema de assist\u00eancia social e de prote\u00e7\u00e3o infantil em Angola.<\/div>\n<div>Financiada pela <b>Uni\u00e3o Europeia<\/b>, atrav\u00e9s do <b>Programa Di\u00e1logos UE-Angola<\/b>, esta iniciativa contribui para o <b>refor\u00e7o do di\u00e1logo pol\u00edtico entre a Uni\u00e3o Europeia e Angola<\/b>\u00a0nas \u00e1reas da <b>boa governa\u00e7\u00e3o e dos direitos humanos<\/b>, alinhando-se com os princ\u00edpios e compromissos do <b>Acordo Caminho Conjunto (<i>Joint Way Forward<\/i>)<\/b>. O apoio da Uni\u00e3o Europeia tem sido determinante na promo\u00e7\u00e3o de a\u00e7\u00f5es que visam melhorar as condi\u00e7\u00f5es de vida das popula\u00e7\u00f5es mais vulner\u00e1veis, promover o desenvolvimento sustent\u00e1vel e fortalecer a capacidade institucional das autoridades p\u00fablicas angolanas.<\/div>\n<div>Com a execu\u00e7\u00e3o desta Ac\u00e3o de Di\u00e1logo, <b><u>esperam-se os seguintes resultados:<\/u><\/b><\/div>\n<div>&#8211; <b>Recomenda\u00e7\u00f5es estrat\u00e9gicas para futuras interven\u00e7\u00f5es na \u00e1rea da prote\u00e7\u00e3o infantil<\/b>, baseadas num maior conhecimento do contexto de Benguela;<\/div>\n<div>&#8211; <b>Refor\u00e7o das compet\u00eancias t\u00e9cnicas e operacionais dos servi\u00e7os do Governo Provincial<\/b>; <b>melhoria da articula\u00e7\u00e3o interinstitucional<\/b>\u00a0e da resposta p\u00fablica dirigida \u00e0s crian\u00e7as e jovens em risco;<\/div>\n<div>&#8211; <b>Parceria refor\u00e7ada entre o Governo Provincial de Benguela e o IAC<\/b>, consolidando tamb\u00e9m o papel da <b>Uni\u00e3o Europeia como parceira ativa no desenvolvimento humano e social de Angola<\/b>.<\/div>\n<div>\n<table>\n<tbody>\n<tr>\n<td>\n<div><b>Sobre os Di\u00e1logos UE-Angola:<\/b><\/div>\n<div>Os Di\u00e1logos UE-Angola \u00e9 um programa financiado pela Uni\u00e3o Europeia, que visa apoiar A\u00e7\u00f5es de Di\u00e1logo promovidas por institui\u00e7\u00f5es angolanas e europeias para aprofundar a troca regular de conhecimento e boas pr\u00e1ticas nas \u00e1reas definidas pelo Acordo <i>Caminho Conjunto Angola-Uni\u00e3o Europeia<\/i> com relev\u00e2ncia para o Plano de Desenvolvimento Nacional 2023-2027.<\/div>\n<div>Os Di\u00e1logos UE-Angola \u00e9 governado pelo Comit\u00e9 de Pilotagem do Projeto, constitu\u00eddo pela Embaixadora da Uni\u00e3o Europeia em Angola, pelo Ministro do Planeamento e pelo Ministro das Rela\u00e7\u00f5es Exteriores de Angola.<\/div>\n<\/td>\n<\/tr>\n<tr>\n<td>\n<div><b>\u00a0<\/b><\/div>\n<div><b>Para mais informa\u00e7\u00f5es, por favor contactar:<\/b><\/div>\n<div>Gisela Gomes Bala &#8211; Perita em Comunica\u00e7\u00e3o. <u><a id=\"OWA3f0c123d-cc73-ee3a-781c-2a1e90a56e72\" class=\"OWAAutoLink\" href=\"mailto:g.gomes@ceso.pt\">g.gomes@ceso.pt<\/a><\/u> \/ +351\u00a0962\u00a0930\u00a0917 (WhatsApp)<\/div>\n<div>Juan Molina &#8211; Perito em Capacita\u00e7\u00e3o e Pol\u00edticas P\u00fablicas. <u><a id=\"OWA227d27dd-853d-e621-e712-0aaaceb188eb\" class=\"OWAAutoLink\" href=\"mailto:j.molina@ceso.pt\">j.molina@ceso.pt<\/a><\/u>\u00a0\u00a0\/ +244\u00a0923\u00a0559\u00a0880<\/div>\n<div>Isabel Duarte \u2013 Coopera\u00e7\u00e3o Nacional e Internacional do IAC \/ +351 213617880<\/div>\n<div><\/div>\n<div><a href=\"https:\/\/iacrianca.pt\/wp-content\/uploads\/press-release-dialogos-ueangola.pdf\">Comunicado de Imprensa &#8211; Uni\u00e3o Europeia apoia Benguela no refor\u00e7o da prote\u00e7\u00e3o de crian\u00e7as e jovens durante visita t\u00e9cnica a Lisboa PDF<\/a><\/div>\n<div><\/div>\n<\/td>\n<\/tr>\n<tr>\n<td>\n<div><u><a id=\"OWAb37b624b-1243-d402-60a1-d748f42c23da\" class=\"OWAAutoLink\" href=\"https:\/\/dialogosue-angola.org\/\"><img decoding=\"async\" src=\"data:image\/png;base64,\/9j\/4AAQSkZJRgABAQEAYABgAAD\/2wBDAAoHBwkHBgoJCAkLCwoMDxkQDw4ODx4WFxIZJCAmJSMgIyIoLTkwKCo2KyIjMkQyNjs9QEBAJjBGS0U+Sjk\/QD3\/2wBDAQsLCw8NDx0QEB09KSMpPT09PT09PT09PT09PT09PT09PT09PT09PT09PT09PT09PT09PT09PT09PT09PT09PT3\/wAARCAAaABoDASIAAhEBAxEB\/8QAHwAAAQUBAQEBAQEAAAAAAAAAAAECAwQFBgcICQoL\/8QAtRAAAgEDAwIEAwUFBAQAAAF9AQIDAAQRBRIhMUEGE1FhByJxFDKBkaEII0KxwRVS0fAkM2JyggkKFhcYGRolJicoKSo0NTY3ODk6Q0RFRkdISUpTVFVWV1hZWmNkZWZnaGlqc3R1dnd4eXqDhIWGh4iJipKTlJWWl5iZmqKjpKWmp6ipqrKztLW2t7i5usLDxMXGx8jJytLT1NXW19jZ2uHi4+Tl5ufo6erx8vP09fb3+Pn6\/8QAHwEAAwEBAQEBAQEBAQAAAAAAAAECAwQFBgcICQoL\/8QAtREAAgECBAQDBAcFBAQAAQJ3AAECAxEEBSExBhJBUQdhcRMiMoEIFEKRobHBCSMzUvAVYnLRChYkNOEl8RcYGRomJygpKjU2Nzg5OkNERUZHSElKU1RVVldYWVpjZGVmZ2hpanN0dXZ3eHl6goOEhYaHiImKkpOUlZaXmJmaoqOkpaanqKmqsrO0tba3uLm6wsPExcbHyMnK0tPU1dbX2Nna4uPk5ebn6Onq8vP09fb3+Pn6\/9oADAMBAAIRAxEAPwDsfFfiu6ivxpGigm6PEkijJBP8I7dOp7VzaaPc3irPNry+e5+UbpH3EnAw3uQQCOCRVe1mJm1m7kumtrgN\/rgpZl3SfNjHPYD8fete9nhK6kTLAwiEShzYM2AOmccN619BGCoJQh83bfby8zwnJ125zfor7f1Yj0fxbqPh+7hh1SY3eny\/dl3bsDOCVbrx3U8j2r0xWV0VkIZWGQR0IrybxDIlza6iXvDO0bQSLH5RQRMw+bHbnJJHt7Va0\/XdWi021SNn2LCir9ABiufEYZVkpx0fX8zooYh0m4S1XQl8VaTceHdck1W3t1uNPuSTKjLleeWVh2BPIPr9Krx+ItOlgD3GpaikgCAx7D8wU5AypAH90kYyB0FepsqupVgGUjBBGQa8213TbKPxAUSzt1Td90RKB+WKeFq\/WI8s1quoYil7CV4PR9DHUXvjTUY7KyjYRB\/MuLlkALH+++OOASFXn6nrXrFtptraWsNvHCmyJAi5AJwBgUun20FpZRR20McKbQdsahRnHoKs1xYqu5y5ErJHXhqKguZu7Z\/\/2Q==\" width=\"26\" height=\"26\" \/><\/a><a id=\"OWA844ee613-5a20-f3d0-fba1-a79a95734d67\" class=\"OWAAutoLink\" href=\"https:\/\/www.facebook.com\/profile.php?id=100092973309417\"><img decoding=\"async\" src=\"data:image\/png;base64,iVBORw0KGgoAAAANSUhEUgAAAC8AAAAaCAYAAAAnkAWyAAAAAXNSR0IArs4c6QAAAAlwSFlzAAAOxAAADsQBlSsOGwAAABl0RVh0U29mdHdhcmUATWljcm9zb2Z0IE9mZmljZX\/tNXEAAAVWSURBVFhHtZhraBxVFIDPvTM7r2TXbBJjBCmlIRapILTpP8FGBAVpwaLGxw\/F+mOJCY2LCaiQuBGDpCWuVpIFFWlsEWtVkCoIVUF\/qJRUf2itQqItPmof2SXZ3Xnf67mbR3eTDcxskkNmMzv3zjnfOfecM3dWTqVSsNFyvGFQmZ+1olYWZC0OXrRRm388N+xstB15oxRmnN6twPR9nLN7iOO0A2MtqgEKOODMX7avTPj9vxOJfOl53qc9xtgfG2F33fDpa703qbH6fsL9p4iqxQkH4L4PgCdEfAGCf3IjVaXteLpXBvuljP38u5afH+0zjlxajxPrgh+3kndrMS1DInI7dzgwc746i+8AdxeGiKw2EDXyrOrU7xu3nkt0a4dP1+pAzfCZfPIhSdUnOZU0VqwOzTHwlgfgeBwW1wBkaoHh2iBp0TZO6Kk3reQTPdrYB7U4UBN8xkruAUWbRCCN23MLqVEm4puNmWMj9I6bJWi\/kYCuEChgyV6e43D+Px9caw4kpU6VJe0oruCVbm3sq7AOhIbP8MFGDtbbVJY1hgArwQWAANdR8+gDGnTtikC9et25nMmh87UC\/HkNPScFIGpMJb70ToYP7E6Q0athHAgND3ahn+p1bawgUqUy4sKwSA\/P53DoYR0e3R1ZxSIckejSZQLcngdaF93KiuYA6DCwafDpYm+rSsjTYC9WXxVLRSzcji0SPNJRCS6u\/53jMGdxcLEOSJnf3HZEZzqQLg6k+4zRf4I6ECrymqzfR2StmVlrdBW0KsDuuEWqgDt3icGB90y4MMtKURedVC2zzD0bqBZtVJzi\/ajirU2B5x7rJKszocKWSBtDqTR\/csqF76c9aI5RcBFcXk6bFZiM79kU+KHbBmnrj+Z2jvlcTXyGEcUhB+E8PMrFdPGBRQkwHF+Lm+P9OOfWoZ8HpdTtwys0VF+LwGkTn8rqRDJiIKxUET1CIILaRCqL83IRRdpYR6DBwAJFB4QzwpGKWdzH71Isvi1r4L1r52WZ4sDwkEXdTVXai7CERTi8V4UHd8qlfL5Br4TvvkuBx7DziHw\/9y+DJyfNEvz1rrNIRDgp2RH4ASQwfDYbN1ubzDwhqxdepEtLlMCWePWkiGPExSFEFG8eO0957y8NCL2M5bM74kXIBSDHKYHhRR5OFJLTRCEdq7IeL8jS6p5fDeE3hC+1SrVydLEmplO5YRwNJoHhS8GR6De4qF0rVWvYgU6fd0H08jym0E7s83e2ScvTvpvx4cxFvxTtL371cKtQBQ5955R+Gwx7YVYoeGD2Z8wir+LOMCp685KIfcuHZ1049oMLdpHDwXsVhNeXxz\/+yYHDnzugYeqIuQYeonCXhEgKqjYLjEZObRp8wjhyYcIcOE5UJVEOL0AM7DAGrkAWrQu4chHdR0Vw0W2ElIOXVlRVcTtdfL9HGZnZNPiSIQ6vMNPaTyJ1LdzNiyth7K2Yi\/0\/Uo9Rt65STl8Oqyhc2qD2hDH6F25hu9HqSXxDxSeSVaMDolfi\/eJFi3jPJIyxi5sOLwzg3vujcavvII1EX8cqxrekQkgHRMSxmeO94JnJhDZ2Iix4+IIts9Ctpd8YL\/bN0khdmhqxJmaZ2KcDdDkq4yZMR4f9WXAKSYz40VrA1wVfWgEjfSwzlzzLmDIEVNqPUDLBtydJrnwSSLICRFGAGhSY43h4fEI8J4Xgv9QKvm54oSARGzuH\/7oy7IVdzHW6mON3ElC2YU+JL+zaOSec5ZjrzjBP+poAPZFQRs7gjyLrltAFu5bFBB2Zwi3jFDQL3AH81OL4G41o9paqeLMvNh0K9YoXxLP\/AbAnB0OJYEEUAAAAAElFTkSuQmCC\" alt=\"Facebook Logo and symbol, meaning, history, PNG, brand\" width=\"47\" height=\"26\" \/><\/a><a id=\"OWAe6dc1d1a-4763-92f7-0adc-03b0ba41e1f7\" class=\"OWAAutoLink\" href=\"https:\/\/www.linkedin.com\/company\/facilidade-de-di%C3%A1logo-ue-angola\/?viewAsMember=true\"><img decoding=\"async\" src=\"data:image\/jpeg;base64,\/9j\/4AAQSkZJRgABAQEAYABgAAD\/2wBDAAoHBwkHBgoJCAkLCwoMDxkQDw4ODx4WFxIZJCAmJSMgIyIoLTkwKCo2KyIjMkQyNjs9QEBAJjBGS0U+Sjk\/QD3\/2wBDAQsLCw8NDx0QEB09KSMpPT09PT09PT09PT09PT09PT09PT09PT09PT09PT09PT09PT09PT09PT09PT09PT09PT3\/wAARCAAaABwDASIAAhEBAxEB\/8QAHwAAAQUBAQEBAQEAAAAAAAAAAAECAwQFBgcICQoL\/8QAtRAAAgEDAwIEAwUFBAQAAAF9AQIDAAQRBRIhMUEGE1FhByJxFDKBkaEII0KxwRVS0fAkM2JyggkKFhcYGRolJicoKSo0NTY3ODk6Q0RFRkdISUpTVFVWV1hZWmNkZWZnaGlqc3R1dnd4eXqDhIWGh4iJipKTlJWWl5iZmqKjpKWmp6ipqrKztLW2t7i5usLDxMXGx8jJytLT1NXW19jZ2uHi4+Tl5ufo6erx8vP09fb3+Pn6\/8QAHwEAAwEBAQEBAQEBAQAAAAAAAAECAwQFBgcICQoL\/8QAtREAAgECBAQDBAcFBAQAAQJ3AAECAxEEBSExBhJBUQdhcRMiMoEIFEKRobHBCSMzUvAVYnLRChYkNOEl8RcYGRomJygpKjU2Nzg5OkNERUZHSElKU1RVVldYWVpjZGVmZ2hpanN0dXZ3eHl6goOEhYaHiImKkpOUlZaXmJmaoqOkpaanqKmqsrO0tba3uLm6wsPExcbHyMnK0tPU1dbX2Nna4uPk5ebn6Onq8vP09fb3+Pn6\/9oADAMBAAIRAxEAPwCbxHd6nr\/jOfT4Z3G2cwwRCQqgx3+pxmsLUYL7S7+azu5JFmiOGAkJHTPX6GtprRL\/AOJk1tK0ipJfOC0bbWHU8Ht0rYfwppL3niCS+muxFYOjebv3uQUDNnPUnmvoVVhRUYtaWXT5HhOlKq3Jb3fU4QXM4IInlBH+2a9e8A6rc6p4aV7yQyyRStFvY5LAAEZ9+cfhXG65omiS+FF1vQ\/tESpKInSUklucfgeR04rpfhj\/AMixL\/19P\/6CtYY2cKtDmSs07GuEjOnW5W90cff3h0T4i3N5PC7CG7aTYOCwOcY\/Ag1YufGcE6a8otJR\/agUJlh+7wm3n1rrfHlnbSpayyW8LSFipdkBOMdM1x32G1\/59of+\/YrSlyVYRnJa2S37E1OenOUYvS\/5lJfEEa+DH0TyH8xp\/N83cNvUHGOvau8+GcMieFmZlIWS4dlJ7jAGfzBrk4bC0M8YNrAQXGR5Y9a9ahiSGFI4kVI1GFVRgAewrnx01GHLFbu5tg4OU+aT2Vj\/2Q==\" alt=\"Linkedin logo vector, Linkedin symbol, Linkedin icon free vector 18910721  Vector Art at Vecteezy\" width=\"28\" height=\"26\" \/><\/a><\/u><\/div>\n<div><u><a id=\"OWAb1824781-0a01-19e5-2d96-a5d9b5126984\" class=\"OWAAutoLink\" href=\"https:\/\/dialogosue-angola.org\/\">https:\/\/dialogosue-angola.org\/<\/a><\/u><\/div>\n<div>@Di\u00e1logos UE-Angola #DialogosUEAngola<\/div>\n<\/td>\n<\/tr>\n<\/tbody>\n<\/table>\n<\/div>\n","protected":false},"excerpt":{"rendered":"<p>COMUNICADO DE IMPRENSA Luanda, 12 Novembro de 2025 Entre os dias 17 e 21 de novembro, decorre em Lisboa uma visita t\u00e9cnica\u00a0promovida pelo Instituto de Apoio \u00e0 Crian\u00e7a (IAC)\u00a0de Portugal, em parceria com o\u00a0Governo Provincial de Benguela (GPB), no \u00e2mbito da A\u00e7\u00e3o de Di\u00e1logo \u201cPromo\u00e7\u00e3o da Estrat\u00e9gia para os meninos de rua em Benguela\u201d, implementada&hellip;<\/p>\n","protected":false},"author":2,"featured_media":2074,"comment_status":"closed","ping_status":"closed","sticky":false,"template":"","format":"standard","meta":{"_acf_changed":false,"footnotes":""},"categories":[1],"tags":[],"class_list":["post-27117","post","type-post","status-publish","format-standard","has-post-thumbnail","hentry","category-noticias","category-1","description-off"],"acf":[],"yoast_head":"<!-- This site is optimized with the Yoast SEO plugin v27.5 - https:\/\/yoast.com\/product\/yoast-seo-wordpress\/ -->\n<title>Comunicado de Imprensa - Uni\u00e3o Europeia apoia Benguela no refor\u00e7o da prote\u00e7\u00e3o de crian\u00e7as e jovens durante visita t\u00e9cnica a Lisboa | Instituto de Apoio \u00e0 Crian\u00e7a<\/title>\n<meta name=\"robots\" content=\"index, follow, max-snippet:-1, max-image-preview:large, max-video-preview:-1\" \/>\n<link rel=\"canonical\" href=\"https:\/\/iacrianca.pt\/en\/2025\/11\/comunicado-de-imprensa-uniao-europeia-apoia-benguela-no-reforco-da-protecao-de-criancas-e-jovens-durante-visita-tecnica-a-lisboa\/\" \/>\n<meta property=\"og:locale\" content=\"en_US\" \/>\n<meta property=\"og:type\" content=\"article\" \/>\n<meta property=\"og:title\" content=\"Comunicado de Imprensa - Uni\u00e3o Europeia apoia Benguela no refor\u00e7o da prote\u00e7\u00e3o de crian\u00e7as e jovens durante visita t\u00e9cnica a Lisboa | Instituto de Apoio \u00e0 Crian\u00e7a\" \/>\n<meta property=\"og:description\" content=\"COMUNICADO DE IMPRENSA Luanda, 12 Novembro de 2025 Entre os dias 17 e 21 de novembro, decorre em Lisboa uma visita t\u00e9cnica\u00a0promovida pelo Instituto de Apoio \u00e0 Crian\u00e7a (IAC)\u00a0de Portugal, em parceria com o\u00a0Governo Provincial de Benguela (GPB), no \u00e2mbito da A\u00e7\u00e3o de Di\u00e1logo \u201cPromo\u00e7\u00e3o da Estrat\u00e9gia para os meninos de rua em Benguela\u201d, implementada&hellip;\" \/>\n<meta property=\"og:url\" content=\"https:\/\/iacrianca.pt\/en\/2025\/11\/comunicado-de-imprensa-uniao-europeia-apoia-benguela-no-reforco-da-protecao-de-criancas-e-jovens-durante-visita-tecnica-a-lisboa\/\" \/>\n<meta property=\"og:site_name\" content=\"Instituto de Apoio \u00e0 Crian\u00e7a\" \/>\n<meta property=\"article:publisher\" content=\"https:\/\/www.facebook.com\/iacinstitutodeapoioacrianca\" \/>\n<meta property=\"article:published_time\" content=\"2025-11-14T15:22:34+00:00\" \/>\n<meta property=\"og:image\" content=\"https:\/\/iacrianca.pt\/wp-content\/uploads\/2020\/04\/logo-iac-SD.jpg\" \/>\n\t<meta property=\"og:image:width\" content=\"152\" \/>\n\t<meta property=\"og:image:height\" content=\"73\" \/>\n\t<meta property=\"og:image:type\" content=\"image\/jpeg\" \/>\n<meta name=\"author\" content=\"Administra\u00e7\u00e3o IAC\" \/>\n<meta name=\"twitter:card\" content=\"summary_large_image\" \/>\n<meta name=\"twitter:creator\" content=\"@iacapoiocrianca\" \/>\n<meta name=\"twitter:site\" content=\"@iacapoiocrianca\" \/>\n<meta name=\"twitter:label1\" content=\"Written by\" \/>\n\t<meta name=\"twitter:data1\" content=\"Administra\u00e7\u00e3o IAC\" \/>\n\t<meta name=\"twitter:label2\" content=\"Est. reading time\" \/>\n\t<meta name=\"twitter:data2\" content=\"6 minutes\" \/>\n<script type=\"application\/ld+json\" class=\"yoast-schema-graph\">{\"@context\":\"https:\\\/\\\/schema.org\",\"@graph\":[{\"@type\":\"Article\",\"@id\":\"https:\\\/\\\/iacrianca.pt\\\/en\\\/2025\\\/11\\\/comunicado-de-imprensa-uniao-europeia-apoia-benguela-no-reforco-da-protecao-de-criancas-e-jovens-durante-visita-tecnica-a-lisboa\\\/#article\",\"isPartOf\":{\"@id\":\"https:\\\/\\\/iacrianca.pt\\\/en\\\/2025\\\/11\\\/comunicado-de-imprensa-uniao-europeia-apoia-benguela-no-reforco-da-protecao-de-criancas-e-jovens-durante-visita-tecnica-a-lisboa\\\/\"},\"author\":{\"name\":\"Administra\u00e7\u00e3o IAC\",\"@id\":\"https:\\\/\\\/iacrianca.pt\\\/en\\\/#\\\/schema\\\/person\\\/1c48c6e4b70d0dc7360e4b28ceaa5f6b\"},\"headline\":\"Comunicado de Imprensa &#8211; Uni\u00e3o Europeia apoia Benguela no refor\u00e7o da prote\u00e7\u00e3o de crian\u00e7as e jovens durante visita t\u00e9cnica a Lisboa\",\"datePublished\":\"2025-11-14T15:22:34+00:00\",\"mainEntityOfPage\":{\"@id\":\"https:\\\/\\\/iacrianca.pt\\\/en\\\/2025\\\/11\\\/comunicado-de-imprensa-uniao-europeia-apoia-benguela-no-reforco-da-protecao-de-criancas-e-jovens-durante-visita-tecnica-a-lisboa\\\/\"},\"wordCount\":963,\"publisher\":{\"@id\":\"https:\\\/\\\/iacrianca.pt\\\/en\\\/#organization\"},\"image\":{\"@id\":\"https:\\\/\\\/iacrianca.pt\\\/en\\\/2025\\\/11\\\/comunicado-de-imprensa-uniao-europeia-apoia-benguela-no-reforco-da-protecao-de-criancas-e-jovens-durante-visita-tecnica-a-lisboa\\\/#primaryimage\"},\"thumbnailUrl\":\"https:\\\/\\\/iacrianca.pt\\\/wp-content\\\/uploads\\\/2020\\\/04\\\/logo-iac-SD.jpg\",\"articleSection\":[\"Not\u00edcias\"],\"inLanguage\":\"en-US\"},{\"@type\":\"WebPage\",\"@id\":\"https:\\\/\\\/iacrianca.pt\\\/en\\\/2025\\\/11\\\/comunicado-de-imprensa-uniao-europeia-apoia-benguela-no-reforco-da-protecao-de-criancas-e-jovens-durante-visita-tecnica-a-lisboa\\\/\",\"url\":\"https:\\\/\\\/iacrianca.pt\\\/en\\\/2025\\\/11\\\/comunicado-de-imprensa-uniao-europeia-apoia-benguela-no-reforco-da-protecao-de-criancas-e-jovens-durante-visita-tecnica-a-lisboa\\\/\",\"name\":\"Comunicado de Imprensa - Uni\u00e3o Europeia apoia Benguela no refor\u00e7o da prote\u00e7\u00e3o de crian\u00e7as e jovens durante visita t\u00e9cnica a Lisboa | Instituto de Apoio \u00e0 Crian\u00e7a\",\"isPartOf\":{\"@id\":\"https:\\\/\\\/iacrianca.pt\\\/en\\\/#website\"},\"primaryImageOfPage\":{\"@id\":\"https:\\\/\\\/iacrianca.pt\\\/en\\\/2025\\\/11\\\/comunicado-de-imprensa-uniao-europeia-apoia-benguela-no-reforco-da-protecao-de-criancas-e-jovens-durante-visita-tecnica-a-lisboa\\\/#primaryimage\"},\"image\":{\"@id\":\"https:\\\/\\\/iacrianca.pt\\\/en\\\/2025\\\/11\\\/comunicado-de-imprensa-uniao-europeia-apoia-benguela-no-reforco-da-protecao-de-criancas-e-jovens-durante-visita-tecnica-a-lisboa\\\/#primaryimage\"},\"thumbnailUrl\":\"https:\\\/\\\/iacrianca.pt\\\/wp-content\\\/uploads\\\/2020\\\/04\\\/logo-iac-SD.jpg\",\"datePublished\":\"2025-11-14T15:22:34+00:00\",\"breadcrumb\":{\"@id\":\"https:\\\/\\\/iacrianca.pt\\\/en\\\/2025\\\/11\\\/comunicado-de-imprensa-uniao-europeia-apoia-benguela-no-reforco-da-protecao-de-criancas-e-jovens-durante-visita-tecnica-a-lisboa\\\/#breadcrumb\"},\"inLanguage\":\"en-US\",\"potentialAction\":[{\"@type\":\"ReadAction\",\"target\":[\"https:\\\/\\\/iacrianca.pt\\\/en\\\/2025\\\/11\\\/comunicado-de-imprensa-uniao-europeia-apoia-benguela-no-reforco-da-protecao-de-criancas-e-jovens-durante-visita-tecnica-a-lisboa\\\/\"]}]},{\"@type\":\"ImageObject\",\"inLanguage\":\"en-US\",\"@id\":\"https:\\\/\\\/iacrianca.pt\\\/en\\\/2025\\\/11\\\/comunicado-de-imprensa-uniao-europeia-apoia-benguela-no-reforco-da-protecao-de-criancas-e-jovens-durante-visita-tecnica-a-lisboa\\\/#primaryimage\",\"url\":\"https:\\\/\\\/iacrianca.pt\\\/wp-content\\\/uploads\\\/2020\\\/04\\\/logo-iac-SD.jpg\",\"contentUrl\":\"https:\\\/\\\/iacrianca.pt\\\/wp-content\\\/uploads\\\/2020\\\/04\\\/logo-iac-SD.jpg\",\"width\":152,\"height\":73,\"caption\":\"Instituto de Apoio \u00e0 Crian\u00e7a\"},{\"@type\":\"BreadcrumbList\",\"@id\":\"https:\\\/\\\/iacrianca.pt\\\/en\\\/2025\\\/11\\\/comunicado-de-imprensa-uniao-europeia-apoia-benguela-no-reforco-da-protecao-de-criancas-e-jovens-durante-visita-tecnica-a-lisboa\\\/#breadcrumb\",\"itemListElement\":[{\"@type\":\"ListItem\",\"position\":1,\"name\":\"In\u00edcio\",\"item\":\"https:\\\/\\\/iacrianca.pt\\\/en\\\/\"},{\"@type\":\"ListItem\",\"position\":2,\"name\":\"Comunicado de Imprensa &#8211; Uni\u00e3o Europeia apoia Benguela no refor\u00e7o da prote\u00e7\u00e3o de crian\u00e7as e jovens durante visita t\u00e9cnica a Lisboa\"}]},{\"@type\":\"WebSite\",\"@id\":\"https:\\\/\\\/iacrianca.pt\\\/en\\\/#website\",\"url\":\"https:\\\/\\\/iacrianca.pt\\\/en\\\/\",\"name\":\"Instituto de Apoio \u00e0 Crian\u00e7a\",\"description\":\"Desde 1983 na defesa e promo\u00e7\u00e3o dos direitos da crian\u00e7a\",\"publisher\":{\"@id\":\"https:\\\/\\\/iacrianca.pt\\\/en\\\/#organization\"},\"potentialAction\":[{\"@type\":\"SearchAction\",\"target\":{\"@type\":\"EntryPoint\",\"urlTemplate\":\"https:\\\/\\\/iacrianca.pt\\\/en\\\/?s={search_term_string}\"},\"query-input\":{\"@type\":\"PropertyValueSpecification\",\"valueRequired\":true,\"valueName\":\"search_term_string\"}}],\"inLanguage\":\"en-US\"},{\"@type\":\"Organization\",\"@id\":\"https:\\\/\\\/iacrianca.pt\\\/en\\\/#organization\",\"name\":\"Instituto de Apoio \u00e0 Crian\u00e7a\",\"url\":\"https:\\\/\\\/iacrianca.pt\\\/en\\\/\",\"logo\":{\"@type\":\"ImageObject\",\"inLanguage\":\"en-US\",\"@id\":\"https:\\\/\\\/iacrianca.pt\\\/en\\\/#\\\/schema\\\/logo\\\/image\\\/\",\"url\":\"https:\\\/\\\/iacrianca.pt\\\/wp-content\\\/uploads\\\/2020\\\/04\\\/logo-iac-SD.jpg\",\"contentUrl\":\"https:\\\/\\\/iacrianca.pt\\\/wp-content\\\/uploads\\\/2020\\\/04\\\/logo-iac-SD.jpg\",\"width\":152,\"height\":73,\"caption\":\"Instituto de Apoio \u00e0 Crian\u00e7a\"},\"image\":{\"@id\":\"https:\\\/\\\/iacrianca.pt\\\/en\\\/#\\\/schema\\\/logo\\\/image\\\/\"},\"sameAs\":[\"https:\\\/\\\/www.facebook.com\\\/iacinstitutodeapoioacrianca\",\"https:\\\/\\\/x.com\\\/iacapoiocrianca\",\"https:\\\/\\\/www.youtube.com\\\/channel\\\/UC0jjfZ_xkN_59gJf_RQ-ZnQ\",\"https:\\\/\\\/www.linkedin.com\\\/company\\\/instituto-de-apoio--criana\\\/\",\"https:\\\/\\\/www.instagram.com\\\/iacinstitutodeapoioacrianca\\\/\",\"https:\\\/\\\/criancasatortoeadireitos.wordpress.com\\\/\"]},{\"@type\":\"Person\",\"@id\":\"https:\\\/\\\/iacrianca.pt\\\/en\\\/#\\\/schema\\\/person\\\/1c48c6e4b70d0dc7360e4b28ceaa5f6b\",\"name\":\"Administra\u00e7\u00e3o IAC\",\"image\":{\"@type\":\"ImageObject\",\"inLanguage\":\"en-US\",\"@id\":\"https:\\\/\\\/secure.gravatar.com\\\/avatar\\\/60b998c71de37dcc1398fc6d48c6b5ed7533e3ceec837c948055f072e3158ff1?s=96&d=mm&r=g\",\"url\":\"https:\\\/\\\/secure.gravatar.com\\\/avatar\\\/60b998c71de37dcc1398fc6d48c6b5ed7533e3ceec837c948055f072e3158ff1?s=96&d=mm&r=g\",\"contentUrl\":\"https:\\\/\\\/secure.gravatar.com\\\/avatar\\\/60b998c71de37dcc1398fc6d48c6b5ed7533e3ceec837c948055f072e3158ff1?s=96&d=mm&r=g\",\"caption\":\"Administra\u00e7\u00e3o IAC\"}}]}<\/script>\n<!-- \/ Yoast SEO plugin. -->","yoast_head_json":{"title":"Comunicado de Imprensa - Uni\u00e3o Europeia apoia Benguela no refor\u00e7o da prote\u00e7\u00e3o de crian\u00e7as e jovens durante visita t\u00e9cnica a Lisboa | Instituto de Apoio \u00e0 Crian\u00e7a","robots":{"index":"index","follow":"follow","max-snippet":"max-snippet:-1","max-image-preview":"max-image-preview:large","max-video-preview":"max-video-preview:-1"},"canonical":"https:\/\/iacrianca.pt\/en\/2025\/11\/comunicado-de-imprensa-uniao-europeia-apoia-benguela-no-reforco-da-protecao-de-criancas-e-jovens-durante-visita-tecnica-a-lisboa\/","og_locale":"en_US","og_type":"article","og_title":"Comunicado de Imprensa - Uni\u00e3o Europeia apoia Benguela no refor\u00e7o da prote\u00e7\u00e3o de crian\u00e7as e jovens durante visita t\u00e9cnica a Lisboa | Instituto de Apoio \u00e0 Crian\u00e7a","og_description":"COMUNICADO DE IMPRENSA Luanda, 12 Novembro de 2025 Entre os dias 17 e 21 de novembro, decorre em Lisboa uma visita t\u00e9cnica\u00a0promovida pelo Instituto de Apoio \u00e0 Crian\u00e7a (IAC)\u00a0de Portugal, em parceria com o\u00a0Governo Provincial de Benguela (GPB), no \u00e2mbito da A\u00e7\u00e3o de Di\u00e1logo \u201cPromo\u00e7\u00e3o da Estrat\u00e9gia para os meninos de rua em Benguela\u201d, implementada&hellip;","og_url":"https:\/\/iacrianca.pt\/en\/2025\/11\/comunicado-de-imprensa-uniao-europeia-apoia-benguela-no-reforco-da-protecao-de-criancas-e-jovens-durante-visita-tecnica-a-lisboa\/","og_site_name":"Instituto de Apoio \u00e0 Crian\u00e7a","article_publisher":"https:\/\/www.facebook.com\/iacinstitutodeapoioacrianca","article_published_time":"2025-11-14T15:22:34+00:00","og_image":[{"width":152,"height":73,"url":"https:\/\/iacrianca.pt\/wp-content\/uploads\/2020\/04\/logo-iac-SD.jpg","type":"image\/jpeg"}],"author":"Administra\u00e7\u00e3o IAC","twitter_card":"summary_large_image","twitter_creator":"@iacapoiocrianca","twitter_site":"@iacapoiocrianca","twitter_misc":{"Written by":"Administra\u00e7\u00e3o IAC","Est. reading time":"6 minutes"},"schema":{"@context":"https:\/\/schema.org","@graph":[{"@type":"Article","@id":"https:\/\/iacrianca.pt\/en\/2025\/11\/comunicado-de-imprensa-uniao-europeia-apoia-benguela-no-reforco-da-protecao-de-criancas-e-jovens-durante-visita-tecnica-a-lisboa\/#article","isPartOf":{"@id":"https:\/\/iacrianca.pt\/en\/2025\/11\/comunicado-de-imprensa-uniao-europeia-apoia-benguela-no-reforco-da-protecao-de-criancas-e-jovens-durante-visita-tecnica-a-lisboa\/"},"author":{"name":"Administra\u00e7\u00e3o IAC","@id":"https:\/\/iacrianca.pt\/en\/#\/schema\/person\/1c48c6e4b70d0dc7360e4b28ceaa5f6b"},"headline":"Comunicado de Imprensa &#8211; Uni\u00e3o Europeia apoia Benguela no refor\u00e7o da prote\u00e7\u00e3o de crian\u00e7as e jovens durante visita t\u00e9cnica a Lisboa","datePublished":"2025-11-14T15:22:34+00:00","mainEntityOfPage":{"@id":"https:\/\/iacrianca.pt\/en\/2025\/11\/comunicado-de-imprensa-uniao-europeia-apoia-benguela-no-reforco-da-protecao-de-criancas-e-jovens-durante-visita-tecnica-a-lisboa\/"},"wordCount":963,"publisher":{"@id":"https:\/\/iacrianca.pt\/en\/#organization"},"image":{"@id":"https:\/\/iacrianca.pt\/en\/2025\/11\/comunicado-de-imprensa-uniao-europeia-apoia-benguela-no-reforco-da-protecao-de-criancas-e-jovens-durante-visita-tecnica-a-lisboa\/#primaryimage"},"thumbnailUrl":"https:\/\/iacrianca.pt\/wp-content\/uploads\/2020\/04\/logo-iac-SD.jpg","articleSection":["Not\u00edcias"],"inLanguage":"en-US"},{"@type":"WebPage","@id":"https:\/\/iacrianca.pt\/en\/2025\/11\/comunicado-de-imprensa-uniao-europeia-apoia-benguela-no-reforco-da-protecao-de-criancas-e-jovens-durante-visita-tecnica-a-lisboa\/","url":"https:\/\/iacrianca.pt\/en\/2025\/11\/comunicado-de-imprensa-uniao-europeia-apoia-benguela-no-reforco-da-protecao-de-criancas-e-jovens-durante-visita-tecnica-a-lisboa\/","name":"Comunicado de Imprensa - Uni\u00e3o Europeia apoia Benguela no refor\u00e7o da prote\u00e7\u00e3o de crian\u00e7as e jovens durante visita t\u00e9cnica a Lisboa | Instituto de Apoio \u00e0 Crian\u00e7a","isPartOf":{"@id":"https:\/\/iacrianca.pt\/en\/#website"},"primaryImageOfPage":{"@id":"https:\/\/iacrianca.pt\/en\/2025\/11\/comunicado-de-imprensa-uniao-europeia-apoia-benguela-no-reforco-da-protecao-de-criancas-e-jovens-durante-visita-tecnica-a-lisboa\/#primaryimage"},"image":{"@id":"https:\/\/iacrianca.pt\/en\/2025\/11\/comunicado-de-imprensa-uniao-europeia-apoia-benguela-no-reforco-da-protecao-de-criancas-e-jovens-durante-visita-tecnica-a-lisboa\/#primaryimage"},"thumbnailUrl":"https:\/\/iacrianca.pt\/wp-content\/uploads\/2020\/04\/logo-iac-SD.jpg","datePublished":"2025-11-14T15:22:34+00:00","breadcrumb":{"@id":"https:\/\/iacrianca.pt\/en\/2025\/11\/comunicado-de-imprensa-uniao-europeia-apoia-benguela-no-reforco-da-protecao-de-criancas-e-jovens-durante-visita-tecnica-a-lisboa\/#breadcrumb"},"inLanguage":"en-US","potentialAction":[{"@type":"ReadAction","target":["https:\/\/iacrianca.pt\/en\/2025\/11\/comunicado-de-imprensa-uniao-europeia-apoia-benguela-no-reforco-da-protecao-de-criancas-e-jovens-durante-visita-tecnica-a-lisboa\/"]}]},{"@type":"ImageObject","inLanguage":"en-US","@id":"https:\/\/iacrianca.pt\/en\/2025\/11\/comunicado-de-imprensa-uniao-europeia-apoia-benguela-no-reforco-da-protecao-de-criancas-e-jovens-durante-visita-tecnica-a-lisboa\/#primaryimage","url":"https:\/\/iacrianca.pt\/wp-content\/uploads\/2020\/04\/logo-iac-SD.jpg","contentUrl":"https:\/\/iacrianca.pt\/wp-content\/uploads\/2020\/04\/logo-iac-SD.jpg","width":152,"height":73,"caption":"Instituto de Apoio \u00e0 Crian\u00e7a"},{"@type":"BreadcrumbList","@id":"https:\/\/iacrianca.pt\/en\/2025\/11\/comunicado-de-imprensa-uniao-europeia-apoia-benguela-no-reforco-da-protecao-de-criancas-e-jovens-durante-visita-tecnica-a-lisboa\/#breadcrumb","itemListElement":[{"@type":"ListItem","position":1,"name":"In\u00edcio","item":"https:\/\/iacrianca.pt\/en\/"},{"@type":"ListItem","position":2,"name":"Comunicado de Imprensa &#8211; Uni\u00e3o Europeia apoia Benguela no refor\u00e7o da prote\u00e7\u00e3o de crian\u00e7as e jovens durante visita t\u00e9cnica a Lisboa"}]},{"@type":"WebSite","@id":"https:\/\/iacrianca.pt\/en\/#website","url":"https:\/\/iacrianca.pt\/en\/","name":"Instituto de Apoio \u00e0 Crian\u00e7a","description":"Desde 1983 na defesa e promo\u00e7\u00e3o dos direitos da crian\u00e7a","publisher":{"@id":"https:\/\/iacrianca.pt\/en\/#organization"},"potentialAction":[{"@type":"SearchAction","target":{"@type":"EntryPoint","urlTemplate":"https:\/\/iacrianca.pt\/en\/?s={search_term_string}"},"query-input":{"@type":"PropertyValueSpecification","valueRequired":true,"valueName":"search_term_string"}}],"inLanguage":"en-US"},{"@type":"Organization","@id":"https:\/\/iacrianca.pt\/en\/#organization","name":"Instituto de Apoio \u00e0 Crian\u00e7a","url":"https:\/\/iacrianca.pt\/en\/","logo":{"@type":"ImageObject","inLanguage":"en-US","@id":"https:\/\/iacrianca.pt\/en\/#\/schema\/logo\/image\/","url":"https:\/\/iacrianca.pt\/wp-content\/uploads\/2020\/04\/logo-iac-SD.jpg","contentUrl":"https:\/\/iacrianca.pt\/wp-content\/uploads\/2020\/04\/logo-iac-SD.jpg","width":152,"height":73,"caption":"Instituto de Apoio \u00e0 Crian\u00e7a"},"image":{"@id":"https:\/\/iacrianca.pt\/en\/#\/schema\/logo\/image\/"},"sameAs":["https:\/\/www.facebook.com\/iacinstitutodeapoioacrianca","https:\/\/x.com\/iacapoiocrianca","https:\/\/www.youtube.com\/channel\/UC0jjfZ_xkN_59gJf_RQ-ZnQ","https:\/\/www.linkedin.com\/company\/instituto-de-apoio--criana\/","https:\/\/www.instagram.com\/iacinstitutodeapoioacrianca\/","https:\/\/criancasatortoeadireitos.wordpress.com\/"]},{"@type":"Person","@id":"https:\/\/iacrianca.pt\/en\/#\/schema\/person\/1c48c6e4b70d0dc7360e4b28ceaa5f6b","name":"Administra\u00e7\u00e3o IAC","image":{"@type":"ImageObject","inLanguage":"en-US","@id":"https:\/\/secure.gravatar.com\/avatar\/60b998c71de37dcc1398fc6d48c6b5ed7533e3ceec837c948055f072e3158ff1?s=96&d=mm&r=g","url":"https:\/\/secure.gravatar.com\/avatar\/60b998c71de37dcc1398fc6d48c6b5ed7533e3ceec837c948055f072e3158ff1?s=96&d=mm&r=g","contentUrl":"https:\/\/secure.gravatar.com\/avatar\/60b998c71de37dcc1398fc6d48c6b5ed7533e3ceec837c948055f072e3158ff1?s=96&d=mm&r=g","caption":"Administra\u00e7\u00e3o IAC"}}]}},"_links":{"self":[{"href":"https:\/\/iacrianca.pt\/en\/wp-json\/wp\/v2\/posts\/27117","targetHints":{"allow":["GET"]}}],"collection":[{"href":"https:\/\/iacrianca.pt\/en\/wp-json\/wp\/v2\/posts"}],"about":[{"href":"https:\/\/iacrianca.pt\/en\/wp-json\/wp\/v2\/types\/post"}],"author":[{"embeddable":true,"href":"https:\/\/iacrianca.pt\/en\/wp-json\/wp\/v2\/users\/2"}],"replies":[{"embeddable":true,"href":"https:\/\/iacrianca.pt\/en\/wp-json\/wp\/v2\/comments?post=27117"}],"version-history":[{"count":0,"href":"https:\/\/iacrianca.pt\/en\/wp-json\/wp\/v2\/posts\/27117\/revisions"}],"wp:featuredmedia":[{"embeddable":true,"href":"https:\/\/iacrianca.pt\/en\/wp-json\/wp\/v2\/media\/2074"}],"wp:attachment":[{"href":"https:\/\/iacrianca.pt\/en\/wp-json\/wp\/v2\/media?parent=27117"}],"wp:term":[{"taxonomy":"category","embeddable":true,"href":"https:\/\/iacrianca.pt\/en\/wp-json\/wp\/v2\/categories?post=27117"},{"taxonomy":"post_tag","embeddable":true,"href":"https:\/\/iacrianca.pt\/en\/wp-json\/wp\/v2\/tags?post=27117"}],"curies":[{"name":"wp","href":"https:\/\/api.w.org\/{rel}","templated":true}]}}