{"id":27228,"date":"2025-12-04T12:01:58","date_gmt":"2025-12-04T12:01:58","guid":{"rendered":"https:\/\/iacrianca.pt\/?p=27228"},"modified":"2025-12-15T10:31:27","modified_gmt":"2025-12-15T10:31:27","slug":"os-direitos-da-crianca-no-agrupamento-de-escolas-carlos-gargate","status":"publish","type":"post","link":"https:\/\/iacrianca.pt\/en\/2025\/12\/os-direitos-da-crianca-no-agrupamento-de-escolas-carlos-gargate\/","title":{"rendered":"Os Direitos da Crian\u00e7a no Agrupamento de Escolas Carlos Gargat\u00e9"},"content":{"rendered":"<p>Durante o m\u00eas de novembro, o IAC dinamizou, a convite das Bibliotecas Escolares Lorosae, v\u00e1rias a\u00e7\u00f5es dirigidas aos alunos do 3.\u00ba e 4.\u00ba ano, bem como a um grupo de delegados e subdelegados do 2.\u00ba ciclo, dedicadas aos Direitos da Crian\u00e7a e \u00e0 promo\u00e7\u00e3o da Paz.<\/p>\n<p>No 1.\u00ba ciclo, as atividades decorreram em momentos de debate e reflex\u00e3o que culminaram na cria\u00e7\u00e3o das Cidades dos Direitos, constru\u00eddas a partir das ideias e contributos dos alunos.<\/p>\n<p>J\u00e1 no 2.\u00ba ciclo, os estudantes foram desafiados a definir regras para uma Escola que cumpre os Direitos da Crian\u00e7a. Em conjunto, criaram, ainda, uma \u00c1rvore dos Direitos, posteriormente exposta no \u00e1trio da escola para que outros alunos pudessem dar os seus contributos.<\/p>\n<p><img fetchpriority=\"high\" decoding=\"async\" class=\"alignnone wp-image-27238 size-full\" src=\"https:\/\/iacrianca.pt\/wp-content\/uploads\/gargate-1.jpg\" alt=\"\" width=\"585\" height=\"1299\" srcset=\"https:\/\/iacrianca.pt\/wp-content\/uploads\/gargate-1.jpg 585w, https:\/\/iacrianca.pt\/wp-content\/uploads\/gargate-1-135x300.jpg 135w, https:\/\/iacrianca.pt\/wp-content\/uploads\/gargate-1-461x1024.jpg 461w\" sizes=\"(max-width: 585px) 100vw, 585px\" \/> <img decoding=\"async\" class=\"alignnone wp-image-27240 size-full\" src=\"https:\/\/iacrianca.pt\/wp-content\/uploads\/gargate2.jpg\" alt=\"\" width=\"585\" height=\"1299\" srcset=\"https:\/\/iacrianca.pt\/wp-content\/uploads\/gargate2.jpg 585w, https:\/\/iacrianca.pt\/wp-content\/uploads\/gargate2-135x300.jpg 135w, https:\/\/iacrianca.pt\/wp-content\/uploads\/gargate2-461x1024.jpg 461w\" sizes=\"(max-width: 585px) 100vw, 585px\" \/> <img decoding=\"async\" class=\"alignnone wp-image-27242 size-full\" src=\"https:\/\/iacrianca.pt\/wp-content\/uploads\/gargate3.jpg\" alt=\"\" width=\"585\" height=\"1299\" srcset=\"https:\/\/iacrianca.pt\/wp-content\/uploads\/gargate3.jpg 585w, https:\/\/iacrianca.pt\/wp-content\/uploads\/gargate3-135x300.jpg 135w, https:\/\/iacrianca.pt\/wp-content\/uploads\/gargate3-461x1024.jpg 461w\" sizes=\"(max-width: 585px) 100vw, 585px\" \/><\/p>\n<p><img loading=\"lazy\" decoding=\"async\" class=\"alignnone wp-image-27233 size-full\" src=\"https:\/\/iacrianca.pt\/wp-content\/uploads\/gargate7.png\" alt=\"\" width=\"636\" height=\"279\" srcset=\"https:\/\/iacrianca.pt\/wp-content\/uploads\/gargate7.png 636w, https:\/\/iacrianca.pt\/wp-content\/uploads\/gargate7-300x132.png 300w\" sizes=\"(max-width: 636px) 100vw, 636px\" \/><\/p>\n<p>&nbsp;<\/p>\n","protected":false},"excerpt":{"rendered":"<p>Durante o m\u00eas de novembro, o IAC dinamizou, a convite das Bibliotecas Escolares Lorosae, v\u00e1rias a\u00e7\u00f5es dirigidas aos alunos do 3.\u00ba e 4.\u00ba ano, bem como a um grupo de delegados e subdelegados do 2.\u00ba ciclo, dedicadas aos Direitos da Crian\u00e7a e \u00e0 promo\u00e7\u00e3o da Paz. No 1.\u00ba ciclo, as atividades decorreram em momentos de&hellip;<\/p>\n","protected":false},"author":2,"featured_media":27244,"comment_status":"closed","ping_status":"closed","sticky":false,"template":"","format":"standard","meta":{"_acf_changed":false,"footnotes":""},"categories":[63],"tags":[],"class_list":["post-27228","post","type-post","status-publish","format-standard","has-post-thumbnail","hentry","category-newsletter","category-63","description-off"],"acf":[],"yoast_head":"<!-- This site is optimized with the Yoast SEO plugin v27.5 - https:\/\/yoast.com\/product\/yoast-seo-wordpress\/ -->\n<title>Os Direitos da Crian\u00e7a no Agrupamento de Escolas Carlos Gargat\u00e9 | Instituto de Apoio \u00e0 Crian\u00e7a<\/title>\n<meta name=\"robots\" content=\"index, follow, max-snippet:-1, max-image-preview:large, max-video-preview:-1\" \/>\n<link rel=\"canonical\" href=\"https:\/\/iacrianca.pt\/en\/2025\/12\/os-direitos-da-crianca-no-agrupamento-de-escolas-carlos-gargate\/\" \/>\n<meta property=\"og:locale\" content=\"en_US\" \/>\n<meta property=\"og:type\" content=\"article\" \/>\n<meta property=\"og:title\" content=\"Os Direitos da Crian\u00e7a no Agrupamento de Escolas Carlos Gargat\u00e9 | Instituto de Apoio \u00e0 Crian\u00e7a\" \/>\n<meta property=\"og:description\" content=\"Durante o m\u00eas de novembro, o IAC dinamizou, a convite das Bibliotecas Escolares Lorosae, v\u00e1rias a\u00e7\u00f5es dirigidas aos alunos do 3.\u00ba e 4.\u00ba ano, bem como a um grupo de delegados e subdelegados do 2.\u00ba ciclo, dedicadas aos Direitos da Crian\u00e7a e \u00e0 promo\u00e7\u00e3o da Paz. No 1.\u00ba ciclo, as atividades decorreram em momentos de&hellip;\" \/>\n<meta property=\"og:url\" content=\"https:\/\/iacrianca.pt\/en\/2025\/12\/os-direitos-da-crianca-no-agrupamento-de-escolas-carlos-gargate\/\" \/>\n<meta property=\"og:site_name\" content=\"Instituto de Apoio \u00e0 Crian\u00e7a\" \/>\n<meta property=\"article:publisher\" content=\"https:\/\/www.facebook.com\/iacinstitutodeapoioacrianca\" \/>\n<meta property=\"article:published_time\" content=\"2025-12-04T12:01:58+00:00\" \/>\n<meta property=\"article:modified_time\" content=\"2025-12-15T10:31:27+00:00\" \/>\n<meta property=\"og:image\" content=\"https:\/\/iacrianca.pt\/wp-content\/uploads\/gargate4.jpg\" \/>\n\t<meta property=\"og:image:width\" content=\"1299\" \/>\n\t<meta property=\"og:image:height\" content=\"585\" \/>\n\t<meta property=\"og:image:type\" content=\"image\/jpeg\" \/>\n<meta name=\"author\" content=\"Administra\u00e7\u00e3o IAC\" \/>\n<meta name=\"twitter:card\" content=\"summary_large_image\" \/>\n<meta name=\"twitter:creator\" content=\"@iacapoiocrianca\" \/>\n<meta name=\"twitter:site\" content=\"@iacapoiocrianca\" \/>\n<meta name=\"twitter:label1\" content=\"Written by\" \/>\n\t<meta name=\"twitter:data1\" content=\"Administra\u00e7\u00e3o IAC\" \/>\n\t<meta name=\"twitter:label2\" content=\"Est. reading time\" \/>\n\t<meta name=\"twitter:data2\" content=\"2 minutes\" \/>\n<script type=\"application\/ld+json\" class=\"yoast-schema-graph\">{\"@context\":\"https:\\\/\\\/schema.org\",\"@graph\":[{\"@type\":\"Article\",\"@id\":\"https:\\\/\\\/iacrianca.pt\\\/en\\\/2025\\\/12\\\/os-direitos-da-crianca-no-agrupamento-de-escolas-carlos-gargate\\\/#article\",\"isPartOf\":{\"@id\":\"https:\\\/\\\/iacrianca.pt\\\/en\\\/2025\\\/12\\\/os-direitos-da-crianca-no-agrupamento-de-escolas-carlos-gargate\\\/\"},\"author\":{\"name\":\"Administra\u00e7\u00e3o IAC\",\"@id\":\"https:\\\/\\\/iacrianca.pt\\\/en\\\/#\\\/schema\\\/person\\\/1c48c6e4b70d0dc7360e4b28ceaa5f6b\"},\"headline\":\"Os Direitos da Crian\u00e7a no Agrupamento de Escolas Carlos Gargat\u00e9\",\"datePublished\":\"2025-12-04T12:01:58+00:00\",\"dateModified\":\"2025-12-15T10:31:27+00:00\",\"mainEntityOfPage\":{\"@id\":\"https:\\\/\\\/iacrianca.pt\\\/en\\\/2025\\\/12\\\/os-direitos-da-crianca-no-agrupamento-de-escolas-carlos-gargate\\\/\"},\"wordCount\":133,\"publisher\":{\"@id\":\"https:\\\/\\\/iacrianca.pt\\\/en\\\/#organization\"},\"image\":{\"@id\":\"https:\\\/\\\/iacrianca.pt\\\/en\\\/2025\\\/12\\\/os-direitos-da-crianca-no-agrupamento-de-escolas-carlos-gargate\\\/#primaryimage\"},\"thumbnailUrl\":\"https:\\\/\\\/iacrianca.pt\\\/wp-content\\\/uploads\\\/gargate4.jpg\",\"articleSection\":[\"Newsletter\"],\"inLanguage\":\"en-US\"},{\"@type\":\"WebPage\",\"@id\":\"https:\\\/\\\/iacrianca.pt\\\/en\\\/2025\\\/12\\\/os-direitos-da-crianca-no-agrupamento-de-escolas-carlos-gargate\\\/\",\"url\":\"https:\\\/\\\/iacrianca.pt\\\/en\\\/2025\\\/12\\\/os-direitos-da-crianca-no-agrupamento-de-escolas-carlos-gargate\\\/\",\"name\":\"Os Direitos da Crian\u00e7a no Agrupamento de Escolas Carlos Gargat\u00e9 | Instituto de Apoio \u00e0 Crian\u00e7a\",\"isPartOf\":{\"@id\":\"https:\\\/\\\/iacrianca.pt\\\/en\\\/#website\"},\"primaryImageOfPage\":{\"@id\":\"https:\\\/\\\/iacrianca.pt\\\/en\\\/2025\\\/12\\\/os-direitos-da-crianca-no-agrupamento-de-escolas-carlos-gargate\\\/#primaryimage\"},\"image\":{\"@id\":\"https:\\\/\\\/iacrianca.pt\\\/en\\\/2025\\\/12\\\/os-direitos-da-crianca-no-agrupamento-de-escolas-carlos-gargate\\\/#primaryimage\"},\"thumbnailUrl\":\"https:\\\/\\\/iacrianca.pt\\\/wp-content\\\/uploads\\\/gargate4.jpg\",\"datePublished\":\"2025-12-04T12:01:58+00:00\",\"dateModified\":\"2025-12-15T10:31:27+00:00\",\"breadcrumb\":{\"@id\":\"https:\\\/\\\/iacrianca.pt\\\/en\\\/2025\\\/12\\\/os-direitos-da-crianca-no-agrupamento-de-escolas-carlos-gargate\\\/#breadcrumb\"},\"inLanguage\":\"en-US\",\"potentialAction\":[{\"@type\":\"ReadAction\",\"target\":[\"https:\\\/\\\/iacrianca.pt\\\/en\\\/2025\\\/12\\\/os-direitos-da-crianca-no-agrupamento-de-escolas-carlos-gargate\\\/\"]}]},{\"@type\":\"ImageObject\",\"inLanguage\":\"en-US\",\"@id\":\"https:\\\/\\\/iacrianca.pt\\\/en\\\/2025\\\/12\\\/os-direitos-da-crianca-no-agrupamento-de-escolas-carlos-gargate\\\/#primaryimage\",\"url\":\"https:\\\/\\\/iacrianca.pt\\\/wp-content\\\/uploads\\\/gargate4.jpg\",\"contentUrl\":\"https:\\\/\\\/iacrianca.pt\\\/wp-content\\\/uploads\\\/gargate4.jpg\",\"width\":1299,\"height\":585},{\"@type\":\"BreadcrumbList\",\"@id\":\"https:\\\/\\\/iacrianca.pt\\\/en\\\/2025\\\/12\\\/os-direitos-da-crianca-no-agrupamento-de-escolas-carlos-gargate\\\/#breadcrumb\",\"itemListElement\":[{\"@type\":\"ListItem\",\"position\":1,\"name\":\"In\u00edcio\",\"item\":\"https:\\\/\\\/iacrianca.pt\\\/en\\\/\"},{\"@type\":\"ListItem\",\"position\":2,\"name\":\"Os Direitos da Crian\u00e7a no Agrupamento de Escolas Carlos Gargat\u00e9\"}]},{\"@type\":\"WebSite\",\"@id\":\"https:\\\/\\\/iacrianca.pt\\\/en\\\/#website\",\"url\":\"https:\\\/\\\/iacrianca.pt\\\/en\\\/\",\"name\":\"Instituto de Apoio \u00e0 Crian\u00e7a\",\"description\":\"Desde 1983 na defesa e promo\u00e7\u00e3o dos direitos da crian\u00e7a\",\"publisher\":{\"@id\":\"https:\\\/\\\/iacrianca.pt\\\/en\\\/#organization\"},\"potentialAction\":[{\"@type\":\"SearchAction\",\"target\":{\"@type\":\"EntryPoint\",\"urlTemplate\":\"https:\\\/\\\/iacrianca.pt\\\/en\\\/?s={search_term_string}\"},\"query-input\":{\"@type\":\"PropertyValueSpecification\",\"valueRequired\":true,\"valueName\":\"search_term_string\"}}],\"inLanguage\":\"en-US\"},{\"@type\":\"Organization\",\"@id\":\"https:\\\/\\\/iacrianca.pt\\\/en\\\/#organization\",\"name\":\"Instituto de Apoio \u00e0 Crian\u00e7a\",\"url\":\"https:\\\/\\\/iacrianca.pt\\\/en\\\/\",\"logo\":{\"@type\":\"ImageObject\",\"inLanguage\":\"en-US\",\"@id\":\"https:\\\/\\\/iacrianca.pt\\\/en\\\/#\\\/schema\\\/logo\\\/image\\\/\",\"url\":\"https:\\\/\\\/iacrianca.pt\\\/wp-content\\\/uploads\\\/2020\\\/04\\\/logo-iac-SD.jpg\",\"contentUrl\":\"https:\\\/\\\/iacrianca.pt\\\/wp-content\\\/uploads\\\/2020\\\/04\\\/logo-iac-SD.jpg\",\"width\":152,\"height\":73,\"caption\":\"Instituto de Apoio \u00e0 Crian\u00e7a\"},\"image\":{\"@id\":\"https:\\\/\\\/iacrianca.pt\\\/en\\\/#\\\/schema\\\/logo\\\/image\\\/\"},\"sameAs\":[\"https:\\\/\\\/www.facebook.com\\\/iacinstitutodeapoioacrianca\",\"https:\\\/\\\/x.com\\\/iacapoiocrianca\",\"https:\\\/\\\/www.youtube.com\\\/channel\\\/UC0jjfZ_xkN_59gJf_RQ-ZnQ\",\"https:\\\/\\\/www.linkedin.com\\\/company\\\/instituto-de-apoio--criana\\\/\",\"https:\\\/\\\/www.instagram.com\\\/iacinstitutodeapoioacrianca\\\/\",\"https:\\\/\\\/criancasatortoeadireitos.wordpress.com\\\/\"]},{\"@type\":\"Person\",\"@id\":\"https:\\\/\\\/iacrianca.pt\\\/en\\\/#\\\/schema\\\/person\\\/1c48c6e4b70d0dc7360e4b28ceaa5f6b\",\"name\":\"Administra\u00e7\u00e3o IAC\",\"image\":{\"@type\":\"ImageObject\",\"inLanguage\":\"en-US\",\"@id\":\"https:\\\/\\\/secure.gravatar.com\\\/avatar\\\/60b998c71de37dcc1398fc6d48c6b5ed7533e3ceec837c948055f072e3158ff1?s=96&d=mm&r=g\",\"url\":\"https:\\\/\\\/secure.gravatar.com\\\/avatar\\\/60b998c71de37dcc1398fc6d48c6b5ed7533e3ceec837c948055f072e3158ff1?s=96&d=mm&r=g\",\"contentUrl\":\"https:\\\/\\\/secure.gravatar.com\\\/avatar\\\/60b998c71de37dcc1398fc6d48c6b5ed7533e3ceec837c948055f072e3158ff1?s=96&d=mm&r=g\",\"caption\":\"Administra\u00e7\u00e3o IAC\"}}]}<\/script>\n<!-- \/ Yoast SEO plugin. -->","yoast_head_json":{"title":"Os Direitos da Crian\u00e7a no Agrupamento de Escolas Carlos Gargat\u00e9 | Instituto de Apoio \u00e0 Crian\u00e7a","robots":{"index":"index","follow":"follow","max-snippet":"max-snippet:-1","max-image-preview":"max-image-preview:large","max-video-preview":"max-video-preview:-1"},"canonical":"https:\/\/iacrianca.pt\/en\/2025\/12\/os-direitos-da-crianca-no-agrupamento-de-escolas-carlos-gargate\/","og_locale":"en_US","og_type":"article","og_title":"Os Direitos da Crian\u00e7a no Agrupamento de Escolas Carlos Gargat\u00e9 | Instituto de Apoio \u00e0 Crian\u00e7a","og_description":"Durante o m\u00eas de novembro, o IAC dinamizou, a convite das Bibliotecas Escolares Lorosae, v\u00e1rias a\u00e7\u00f5es dirigidas aos alunos do 3.\u00ba e 4.\u00ba ano, bem como a um grupo de delegados e subdelegados do 2.\u00ba ciclo, dedicadas aos Direitos da Crian\u00e7a e \u00e0 promo\u00e7\u00e3o da Paz. No 1.\u00ba ciclo, as atividades decorreram em momentos de&hellip;","og_url":"https:\/\/iacrianca.pt\/en\/2025\/12\/os-direitos-da-crianca-no-agrupamento-de-escolas-carlos-gargate\/","og_site_name":"Instituto de Apoio \u00e0 Crian\u00e7a","article_publisher":"https:\/\/www.facebook.com\/iacinstitutodeapoioacrianca","article_published_time":"2025-12-04T12:01:58+00:00","article_modified_time":"2025-12-15T10:31:27+00:00","og_image":[{"width":1299,"height":585,"url":"https:\/\/iacrianca.pt\/wp-content\/uploads\/gargate4.jpg","type":"image\/jpeg"}],"author":"Administra\u00e7\u00e3o IAC","twitter_card":"summary_large_image","twitter_creator":"@iacapoiocrianca","twitter_site":"@iacapoiocrianca","twitter_misc":{"Written by":"Administra\u00e7\u00e3o IAC","Est. reading time":"2 minutes"},"schema":{"@context":"https:\/\/schema.org","@graph":[{"@type":"Article","@id":"https:\/\/iacrianca.pt\/en\/2025\/12\/os-direitos-da-crianca-no-agrupamento-de-escolas-carlos-gargate\/#article","isPartOf":{"@id":"https:\/\/iacrianca.pt\/en\/2025\/12\/os-direitos-da-crianca-no-agrupamento-de-escolas-carlos-gargate\/"},"author":{"name":"Administra\u00e7\u00e3o IAC","@id":"https:\/\/iacrianca.pt\/en\/#\/schema\/person\/1c48c6e4b70d0dc7360e4b28ceaa5f6b"},"headline":"Os Direitos da Crian\u00e7a no Agrupamento de Escolas Carlos Gargat\u00e9","datePublished":"2025-12-04T12:01:58+00:00","dateModified":"2025-12-15T10:31:27+00:00","mainEntityOfPage":{"@id":"https:\/\/iacrianca.pt\/en\/2025\/12\/os-direitos-da-crianca-no-agrupamento-de-escolas-carlos-gargate\/"},"wordCount":133,"publisher":{"@id":"https:\/\/iacrianca.pt\/en\/#organization"},"image":{"@id":"https:\/\/iacrianca.pt\/en\/2025\/12\/os-direitos-da-crianca-no-agrupamento-de-escolas-carlos-gargate\/#primaryimage"},"thumbnailUrl":"https:\/\/iacrianca.pt\/wp-content\/uploads\/gargate4.jpg","articleSection":["Newsletter"],"inLanguage":"en-US"},{"@type":"WebPage","@id":"https:\/\/iacrianca.pt\/en\/2025\/12\/os-direitos-da-crianca-no-agrupamento-de-escolas-carlos-gargate\/","url":"https:\/\/iacrianca.pt\/en\/2025\/12\/os-direitos-da-crianca-no-agrupamento-de-escolas-carlos-gargate\/","name":"Os Direitos da Crian\u00e7a no Agrupamento de Escolas Carlos Gargat\u00e9 | Instituto de Apoio \u00e0 Crian\u00e7a","isPartOf":{"@id":"https:\/\/iacrianca.pt\/en\/#website"},"primaryImageOfPage":{"@id":"https:\/\/iacrianca.pt\/en\/2025\/12\/os-direitos-da-crianca-no-agrupamento-de-escolas-carlos-gargate\/#primaryimage"},"image":{"@id":"https:\/\/iacrianca.pt\/en\/2025\/12\/os-direitos-da-crianca-no-agrupamento-de-escolas-carlos-gargate\/#primaryimage"},"thumbnailUrl":"https:\/\/iacrianca.pt\/wp-content\/uploads\/gargate4.jpg","datePublished":"2025-12-04T12:01:58+00:00","dateModified":"2025-12-15T10:31:27+00:00","breadcrumb":{"@id":"https:\/\/iacrianca.pt\/en\/2025\/12\/os-direitos-da-crianca-no-agrupamento-de-escolas-carlos-gargate\/#breadcrumb"},"inLanguage":"en-US","potentialAction":[{"@type":"ReadAction","target":["https:\/\/iacrianca.pt\/en\/2025\/12\/os-direitos-da-crianca-no-agrupamento-de-escolas-carlos-gargate\/"]}]},{"@type":"ImageObject","inLanguage":"en-US","@id":"https:\/\/iacrianca.pt\/en\/2025\/12\/os-direitos-da-crianca-no-agrupamento-de-escolas-carlos-gargate\/#primaryimage","url":"https:\/\/iacrianca.pt\/wp-content\/uploads\/gargate4.jpg","contentUrl":"https:\/\/iacrianca.pt\/wp-content\/uploads\/gargate4.jpg","width":1299,"height":585},{"@type":"BreadcrumbList","@id":"https:\/\/iacrianca.pt\/en\/2025\/12\/os-direitos-da-crianca-no-agrupamento-de-escolas-carlos-gargate\/#breadcrumb","itemListElement":[{"@type":"ListItem","position":1,"name":"In\u00edcio","item":"https:\/\/iacrianca.pt\/en\/"},{"@type":"ListItem","position":2,"name":"Os Direitos da Crian\u00e7a no Agrupamento de Escolas Carlos Gargat\u00e9"}]},{"@type":"WebSite","@id":"https:\/\/iacrianca.pt\/en\/#website","url":"https:\/\/iacrianca.pt\/en\/","name":"Instituto de Apoio \u00e0 Crian\u00e7a","description":"Desde 1983 na defesa e promo\u00e7\u00e3o dos direitos da crian\u00e7a","publisher":{"@id":"https:\/\/iacrianca.pt\/en\/#organization"},"potentialAction":[{"@type":"SearchAction","target":{"@type":"EntryPoint","urlTemplate":"https:\/\/iacrianca.pt\/en\/?s={search_term_string}"},"query-input":{"@type":"PropertyValueSpecification","valueRequired":true,"valueName":"search_term_string"}}],"inLanguage":"en-US"},{"@type":"Organization","@id":"https:\/\/iacrianca.pt\/en\/#organization","name":"Instituto de Apoio \u00e0 Crian\u00e7a","url":"https:\/\/iacrianca.pt\/en\/","logo":{"@type":"ImageObject","inLanguage":"en-US","@id":"https:\/\/iacrianca.pt\/en\/#\/schema\/logo\/image\/","url":"https:\/\/iacrianca.pt\/wp-content\/uploads\/2020\/04\/logo-iac-SD.jpg","contentUrl":"https:\/\/iacrianca.pt\/wp-content\/uploads\/2020\/04\/logo-iac-SD.jpg","width":152,"height":73,"caption":"Instituto de Apoio \u00e0 Crian\u00e7a"},"image":{"@id":"https:\/\/iacrianca.pt\/en\/#\/schema\/logo\/image\/"},"sameAs":["https:\/\/www.facebook.com\/iacinstitutodeapoioacrianca","https:\/\/x.com\/iacapoiocrianca","https:\/\/www.youtube.com\/channel\/UC0jjfZ_xkN_59gJf_RQ-ZnQ","https:\/\/www.linkedin.com\/company\/instituto-de-apoio--criana\/","https:\/\/www.instagram.com\/iacinstitutodeapoioacrianca\/","https:\/\/criancasatortoeadireitos.wordpress.com\/"]},{"@type":"Person","@id":"https:\/\/iacrianca.pt\/en\/#\/schema\/person\/1c48c6e4b70d0dc7360e4b28ceaa5f6b","name":"Administra\u00e7\u00e3o IAC","image":{"@type":"ImageObject","inLanguage":"en-US","@id":"https:\/\/secure.gravatar.com\/avatar\/60b998c71de37dcc1398fc6d48c6b5ed7533e3ceec837c948055f072e3158ff1?s=96&d=mm&r=g","url":"https:\/\/secure.gravatar.com\/avatar\/60b998c71de37dcc1398fc6d48c6b5ed7533e3ceec837c948055f072e3158ff1?s=96&d=mm&r=g","contentUrl":"https:\/\/secure.gravatar.com\/avatar\/60b998c71de37dcc1398fc6d48c6b5ed7533e3ceec837c948055f072e3158ff1?s=96&d=mm&r=g","caption":"Administra\u00e7\u00e3o IAC"}}]}},"_links":{"self":[{"href":"https:\/\/iacrianca.pt\/en\/wp-json\/wp\/v2\/posts\/27228","targetHints":{"allow":["GET"]}}],"collection":[{"href":"https:\/\/iacrianca.pt\/en\/wp-json\/wp\/v2\/posts"}],"about":[{"href":"https:\/\/iacrianca.pt\/en\/wp-json\/wp\/v2\/types\/post"}],"author":[{"embeddable":true,"href":"https:\/\/iacrianca.pt\/en\/wp-json\/wp\/v2\/users\/2"}],"replies":[{"embeddable":true,"href":"https:\/\/iacrianca.pt\/en\/wp-json\/wp\/v2\/comments?post=27228"}],"version-history":[{"count":0,"href":"https:\/\/iacrianca.pt\/en\/wp-json\/wp\/v2\/posts\/27228\/revisions"}],"wp:featuredmedia":[{"embeddable":true,"href":"https:\/\/iacrianca.pt\/en\/wp-json\/wp\/v2\/media\/27244"}],"wp:attachment":[{"href":"https:\/\/iacrianca.pt\/en\/wp-json\/wp\/v2\/media?parent=27228"}],"wp:term":[{"taxonomy":"category","embeddable":true,"href":"https:\/\/iacrianca.pt\/en\/wp-json\/wp\/v2\/categories?post=27228"},{"taxonomy":"post_tag","embeddable":true,"href":"https:\/\/iacrianca.pt\/en\/wp-json\/wp\/v2\/tags?post=27228"}],"curies":[{"name":"wp","href":"https:\/\/api.w.org\/{rel}","templated":true}]}}