{"id":27555,"date":"2026-01-06T11:44:05","date_gmt":"2026-01-06T11:44:05","guid":{"rendered":"https:\/\/iacrianca.pt\/?p=27555"},"modified":"2026-01-12T16:31:16","modified_gmt":"2026-01-12T16:31:16","slug":"alunos-do-8-o-ano-refletem-sobre-convivencia-e-bem-estar-escolar-em-sessao-de-sensibilizacao","status":"publish","type":"post","link":"https:\/\/iacrianca.pt\/en\/2026\/01\/alunos-do-8-o-ano-refletem-sobre-convivencia-e-bem-estar-escolar-em-sessao-de-sensibilizacao\/","title":{"rendered":"Alunos do 8.\u00ba ano refletem sobre conviv\u00eancia e bem-estar escolar em sess\u00e3o de sensibiliza\u00e7\u00e3o"},"content":{"rendered":"<p>No dia 3 de dezembro, o Agrupamento de Escolas de St. Cruz da Trapa recebeu a t\u00e9cnica Ana Vicente para uma a\u00e7\u00e3o de sensibiliza\u00e7\u00e3o presencial dirigida a duas turmas do 8.\u00ba ano, envolvendo um total de 33 alunos. A sess\u00e3o, intitulada \u201cVamos construir uma escola melhor! Consciencializar para a indisciplina e o conflito\u201d, convidou os jovens a pensar de forma cr\u00edtica sobre o ambiente escolar e o papel de cada um na sua melhoria.<\/p>\n<p>A partir da pergunta-guia \u201cO que precisamos para uma escola melhor?\u201d, os alunos exploraram a import\u00e2ncia das compet\u00eancias socioemocionais no dia a dia escolar, refor\u00e7ando valores essenciais ao Saber Ser e ao Saber Estar. Entre os temas debatidos estiveram o respeito pelas regras, o impacto do exemplo pessoal, a assertividade, a empatia, a aceita\u00e7\u00e3o da diferen\u00e7a e a responsabilidade individual nas rela\u00e7\u00f5es com os outros.<\/p>\n<p>A sess\u00e3o destacou, tamb\u00e9m que o conflito \u00e9 uma presen\u00e7a natural na vida escolar e pode ser encarado como uma oportunidade para aprender e evoluir. Por isso, sublinhou-se a necessidade de uma comunica\u00e7\u00e3o clara e respeitosa, bem como a capacidade de reconhecer e gerir emo\u00e7\u00f5es.<\/p>\n<p>Com esta iniciativa, pretendia-se promover uma maior consci\u00eancia sobre o contributo de cada aluno na constru\u00e7\u00e3o de um ambiente mais positivo, seguro e inclusivo, onde todos possam aprender e conviver em harmonia.<\/p>\n<p><img fetchpriority=\"high\" decoding=\"async\" class=\"alignnone wp-image-27558 size-full\" src=\"https:\/\/iacrianca.pt\/wp-content\/uploads\/st-cruz-da-trapa-2.jpeg\" alt=\"\" width=\"1600\" height=\"1200\" srcset=\"https:\/\/iacrianca.pt\/wp-content\/uploads\/st-cruz-da-trapa-2.jpeg 1600w, https:\/\/iacrianca.pt\/wp-content\/uploads\/st-cruz-da-trapa-2-300x225.jpeg 300w, https:\/\/iacrianca.pt\/wp-content\/uploads\/st-cruz-da-trapa-2-1024x768.jpeg 1024w, https:\/\/iacrianca.pt\/wp-content\/uploads\/st-cruz-da-trapa-2-768x576.jpeg 768w, https:\/\/iacrianca.pt\/wp-content\/uploads\/st-cruz-da-trapa-2-1536x1152.jpeg 1536w\" sizes=\"(max-width: 1600px) 100vw, 1600px\" \/><\/p>\n","protected":false},"excerpt":{"rendered":"<p>No dia 3 de dezembro, o Agrupamento de Escolas de St. Cruz da Trapa recebeu a t\u00e9cnica Ana Vicente para uma a\u00e7\u00e3o de sensibiliza\u00e7\u00e3o presencial dirigida a duas turmas do 8.\u00ba ano, envolvendo um total de 33 alunos. A sess\u00e3o, intitulada \u201cVamos construir uma escola melhor! Consciencializar para a indisciplina e o conflito\u201d, convidou os&hellip;<\/p>\n","protected":false},"author":2,"featured_media":27556,"comment_status":"closed","ping_status":"closed","sticky":false,"template":"","format":"standard","meta":{"_acf_changed":false,"footnotes":""},"categories":[63],"tags":[],"class_list":["post-27555","post","type-post","status-publish","format-standard","has-post-thumbnail","hentry","category-newsletter","category-63","description-off"],"acf":[],"yoast_head":"<!-- This site is optimized with the Yoast SEO plugin v27.5 - https:\/\/yoast.com\/product\/yoast-seo-wordpress\/ -->\n<title>Alunos do 8.\u00ba ano refletem sobre conviv\u00eancia e bem-estar escolar em sess\u00e3o de sensibiliza\u00e7\u00e3o | Instituto de Apoio \u00e0 Crian\u00e7a<\/title>\n<meta name=\"robots\" content=\"index, follow, max-snippet:-1, max-image-preview:large, max-video-preview:-1\" \/>\n<link rel=\"canonical\" href=\"https:\/\/iacrianca.pt\/en\/2026\/01\/alunos-do-8-o-ano-refletem-sobre-convivencia-e-bem-estar-escolar-em-sessao-de-sensibilizacao\/\" \/>\n<meta property=\"og:locale\" content=\"en_US\" \/>\n<meta property=\"og:type\" content=\"article\" \/>\n<meta property=\"og:title\" content=\"Alunos do 8.\u00ba ano refletem sobre conviv\u00eancia e bem-estar escolar em sess\u00e3o de sensibiliza\u00e7\u00e3o | Instituto de Apoio \u00e0 Crian\u00e7a\" \/>\n<meta property=\"og:description\" content=\"No dia 3 de dezembro, o Agrupamento de Escolas de St. Cruz da Trapa recebeu a t\u00e9cnica Ana Vicente para uma a\u00e7\u00e3o de sensibiliza\u00e7\u00e3o presencial dirigida a duas turmas do 8.\u00ba ano, envolvendo um total de 33 alunos. A sess\u00e3o, intitulada \u201cVamos construir uma escola melhor! Consciencializar para a indisciplina e o conflito\u201d, convidou os&hellip;\" \/>\n<meta property=\"og:url\" content=\"https:\/\/iacrianca.pt\/en\/2026\/01\/alunos-do-8-o-ano-refletem-sobre-convivencia-e-bem-estar-escolar-em-sessao-de-sensibilizacao\/\" \/>\n<meta property=\"og:site_name\" content=\"Instituto de Apoio \u00e0 Crian\u00e7a\" \/>\n<meta property=\"article:publisher\" content=\"https:\/\/www.facebook.com\/iacinstitutodeapoioacrianca\" \/>\n<meta property=\"article:published_time\" content=\"2026-01-06T11:44:05+00:00\" \/>\n<meta property=\"article:modified_time\" content=\"2026-01-12T16:31:16+00:00\" \/>\n<meta property=\"og:image\" content=\"https:\/\/iacrianca.pt\/wp-content\/uploads\/st-cruz-da-trapa-1.jpeg\" \/>\n\t<meta property=\"og:image:width\" content=\"1600\" \/>\n\t<meta property=\"og:image:height\" content=\"1200\" \/>\n\t<meta property=\"og:image:type\" content=\"image\/jpeg\" \/>\n<meta name=\"author\" content=\"Administra\u00e7\u00e3o IAC\" \/>\n<meta name=\"twitter:card\" content=\"summary_large_image\" \/>\n<meta name=\"twitter:creator\" content=\"@iacapoiocrianca\" \/>\n<meta name=\"twitter:site\" content=\"@iacapoiocrianca\" \/>\n<meta name=\"twitter:label1\" content=\"Written by\" \/>\n\t<meta name=\"twitter:data1\" content=\"Administra\u00e7\u00e3o IAC\" \/>\n\t<meta name=\"twitter:label2\" content=\"Est. reading time\" \/>\n\t<meta name=\"twitter:data2\" content=\"2 minutes\" \/>\n<script type=\"application\/ld+json\" class=\"yoast-schema-graph\">{\"@context\":\"https:\\\/\\\/schema.org\",\"@graph\":[{\"@type\":\"Article\",\"@id\":\"https:\\\/\\\/iacrianca.pt\\\/en\\\/2026\\\/01\\\/alunos-do-8-o-ano-refletem-sobre-convivencia-e-bem-estar-escolar-em-sessao-de-sensibilizacao\\\/#article\",\"isPartOf\":{\"@id\":\"https:\\\/\\\/iacrianca.pt\\\/en\\\/2026\\\/01\\\/alunos-do-8-o-ano-refletem-sobre-convivencia-e-bem-estar-escolar-em-sessao-de-sensibilizacao\\\/\"},\"author\":{\"name\":\"Administra\u00e7\u00e3o IAC\",\"@id\":\"https:\\\/\\\/iacrianca.pt\\\/en\\\/#\\\/schema\\\/person\\\/1c48c6e4b70d0dc7360e4b28ceaa5f6b\"},\"headline\":\"Alunos do 8.\u00ba ano refletem sobre conviv\u00eancia e bem-estar escolar em sess\u00e3o de sensibiliza\u00e7\u00e3o\",\"datePublished\":\"2026-01-06T11:44:05+00:00\",\"dateModified\":\"2026-01-12T16:31:16+00:00\",\"mainEntityOfPage\":{\"@id\":\"https:\\\/\\\/iacrianca.pt\\\/en\\\/2026\\\/01\\\/alunos-do-8-o-ano-refletem-sobre-convivencia-e-bem-estar-escolar-em-sessao-de-sensibilizacao\\\/\"},\"wordCount\":246,\"publisher\":{\"@id\":\"https:\\\/\\\/iacrianca.pt\\\/en\\\/#organization\"},\"image\":{\"@id\":\"https:\\\/\\\/iacrianca.pt\\\/en\\\/2026\\\/01\\\/alunos-do-8-o-ano-refletem-sobre-convivencia-e-bem-estar-escolar-em-sessao-de-sensibilizacao\\\/#primaryimage\"},\"thumbnailUrl\":\"https:\\\/\\\/iacrianca.pt\\\/wp-content\\\/uploads\\\/st-cruz-da-trapa-1.jpeg\",\"articleSection\":[\"Newsletter\"],\"inLanguage\":\"en-US\"},{\"@type\":\"WebPage\",\"@id\":\"https:\\\/\\\/iacrianca.pt\\\/en\\\/2026\\\/01\\\/alunos-do-8-o-ano-refletem-sobre-convivencia-e-bem-estar-escolar-em-sessao-de-sensibilizacao\\\/\",\"url\":\"https:\\\/\\\/iacrianca.pt\\\/en\\\/2026\\\/01\\\/alunos-do-8-o-ano-refletem-sobre-convivencia-e-bem-estar-escolar-em-sessao-de-sensibilizacao\\\/\",\"name\":\"Alunos do 8.\u00ba ano refletem sobre conviv\u00eancia e bem-estar escolar em sess\u00e3o de sensibiliza\u00e7\u00e3o | Instituto de Apoio \u00e0 Crian\u00e7a\",\"isPartOf\":{\"@id\":\"https:\\\/\\\/iacrianca.pt\\\/en\\\/#website\"},\"primaryImageOfPage\":{\"@id\":\"https:\\\/\\\/iacrianca.pt\\\/en\\\/2026\\\/01\\\/alunos-do-8-o-ano-refletem-sobre-convivencia-e-bem-estar-escolar-em-sessao-de-sensibilizacao\\\/#primaryimage\"},\"image\":{\"@id\":\"https:\\\/\\\/iacrianca.pt\\\/en\\\/2026\\\/01\\\/alunos-do-8-o-ano-refletem-sobre-convivencia-e-bem-estar-escolar-em-sessao-de-sensibilizacao\\\/#primaryimage\"},\"thumbnailUrl\":\"https:\\\/\\\/iacrianca.pt\\\/wp-content\\\/uploads\\\/st-cruz-da-trapa-1.jpeg\",\"datePublished\":\"2026-01-06T11:44:05+00:00\",\"dateModified\":\"2026-01-12T16:31:16+00:00\",\"breadcrumb\":{\"@id\":\"https:\\\/\\\/iacrianca.pt\\\/en\\\/2026\\\/01\\\/alunos-do-8-o-ano-refletem-sobre-convivencia-e-bem-estar-escolar-em-sessao-de-sensibilizacao\\\/#breadcrumb\"},\"inLanguage\":\"en-US\",\"potentialAction\":[{\"@type\":\"ReadAction\",\"target\":[\"https:\\\/\\\/iacrianca.pt\\\/en\\\/2026\\\/01\\\/alunos-do-8-o-ano-refletem-sobre-convivencia-e-bem-estar-escolar-em-sessao-de-sensibilizacao\\\/\"]}]},{\"@type\":\"ImageObject\",\"inLanguage\":\"en-US\",\"@id\":\"https:\\\/\\\/iacrianca.pt\\\/en\\\/2026\\\/01\\\/alunos-do-8-o-ano-refletem-sobre-convivencia-e-bem-estar-escolar-em-sessao-de-sensibilizacao\\\/#primaryimage\",\"url\":\"https:\\\/\\\/iacrianca.pt\\\/wp-content\\\/uploads\\\/st-cruz-da-trapa-1.jpeg\",\"contentUrl\":\"https:\\\/\\\/iacrianca.pt\\\/wp-content\\\/uploads\\\/st-cruz-da-trapa-1.jpeg\",\"width\":1600,\"height\":1200},{\"@type\":\"BreadcrumbList\",\"@id\":\"https:\\\/\\\/iacrianca.pt\\\/en\\\/2026\\\/01\\\/alunos-do-8-o-ano-refletem-sobre-convivencia-e-bem-estar-escolar-em-sessao-de-sensibilizacao\\\/#breadcrumb\",\"itemListElement\":[{\"@type\":\"ListItem\",\"position\":1,\"name\":\"In\u00edcio\",\"item\":\"https:\\\/\\\/iacrianca.pt\\\/en\\\/\"},{\"@type\":\"ListItem\",\"position\":2,\"name\":\"Alunos do 8.\u00ba ano refletem sobre conviv\u00eancia e bem-estar escolar em sess\u00e3o de sensibiliza\u00e7\u00e3o\"}]},{\"@type\":\"WebSite\",\"@id\":\"https:\\\/\\\/iacrianca.pt\\\/en\\\/#website\",\"url\":\"https:\\\/\\\/iacrianca.pt\\\/en\\\/\",\"name\":\"Instituto de Apoio \u00e0 Crian\u00e7a\",\"description\":\"Desde 1983 na defesa e promo\u00e7\u00e3o dos direitos da crian\u00e7a\",\"publisher\":{\"@id\":\"https:\\\/\\\/iacrianca.pt\\\/en\\\/#organization\"},\"potentialAction\":[{\"@type\":\"SearchAction\",\"target\":{\"@type\":\"EntryPoint\",\"urlTemplate\":\"https:\\\/\\\/iacrianca.pt\\\/en\\\/?s={search_term_string}\"},\"query-input\":{\"@type\":\"PropertyValueSpecification\",\"valueRequired\":true,\"valueName\":\"search_term_string\"}}],\"inLanguage\":\"en-US\"},{\"@type\":\"Organization\",\"@id\":\"https:\\\/\\\/iacrianca.pt\\\/en\\\/#organization\",\"name\":\"Instituto de Apoio \u00e0 Crian\u00e7a\",\"url\":\"https:\\\/\\\/iacrianca.pt\\\/en\\\/\",\"logo\":{\"@type\":\"ImageObject\",\"inLanguage\":\"en-US\",\"@id\":\"https:\\\/\\\/iacrianca.pt\\\/en\\\/#\\\/schema\\\/logo\\\/image\\\/\",\"url\":\"https:\\\/\\\/iacrianca.pt\\\/wp-content\\\/uploads\\\/2020\\\/04\\\/logo-iac-SD.jpg\",\"contentUrl\":\"https:\\\/\\\/iacrianca.pt\\\/wp-content\\\/uploads\\\/2020\\\/04\\\/logo-iac-SD.jpg\",\"width\":152,\"height\":73,\"caption\":\"Instituto de Apoio \u00e0 Crian\u00e7a\"},\"image\":{\"@id\":\"https:\\\/\\\/iacrianca.pt\\\/en\\\/#\\\/schema\\\/logo\\\/image\\\/\"},\"sameAs\":[\"https:\\\/\\\/www.facebook.com\\\/iacinstitutodeapoioacrianca\",\"https:\\\/\\\/x.com\\\/iacapoiocrianca\",\"https:\\\/\\\/www.youtube.com\\\/channel\\\/UC0jjfZ_xkN_59gJf_RQ-ZnQ\",\"https:\\\/\\\/www.linkedin.com\\\/company\\\/instituto-de-apoio--criana\\\/\",\"https:\\\/\\\/www.instagram.com\\\/iacinstitutodeapoioacrianca\\\/\",\"https:\\\/\\\/criancasatortoeadireitos.wordpress.com\\\/\"]},{\"@type\":\"Person\",\"@id\":\"https:\\\/\\\/iacrianca.pt\\\/en\\\/#\\\/schema\\\/person\\\/1c48c6e4b70d0dc7360e4b28ceaa5f6b\",\"name\":\"Administra\u00e7\u00e3o IAC\",\"image\":{\"@type\":\"ImageObject\",\"inLanguage\":\"en-US\",\"@id\":\"https:\\\/\\\/secure.gravatar.com\\\/avatar\\\/60b998c71de37dcc1398fc6d48c6b5ed7533e3ceec837c948055f072e3158ff1?s=96&d=mm&r=g\",\"url\":\"https:\\\/\\\/secure.gravatar.com\\\/avatar\\\/60b998c71de37dcc1398fc6d48c6b5ed7533e3ceec837c948055f072e3158ff1?s=96&d=mm&r=g\",\"contentUrl\":\"https:\\\/\\\/secure.gravatar.com\\\/avatar\\\/60b998c71de37dcc1398fc6d48c6b5ed7533e3ceec837c948055f072e3158ff1?s=96&d=mm&r=g\",\"caption\":\"Administra\u00e7\u00e3o IAC\"}}]}<\/script>\n<!-- \/ Yoast SEO plugin. -->","yoast_head_json":{"title":"Alunos do 8.\u00ba ano refletem sobre conviv\u00eancia e bem-estar escolar em sess\u00e3o de sensibiliza\u00e7\u00e3o | Instituto de Apoio \u00e0 Crian\u00e7a","robots":{"index":"index","follow":"follow","max-snippet":"max-snippet:-1","max-image-preview":"max-image-preview:large","max-video-preview":"max-video-preview:-1"},"canonical":"https:\/\/iacrianca.pt\/en\/2026\/01\/alunos-do-8-o-ano-refletem-sobre-convivencia-e-bem-estar-escolar-em-sessao-de-sensibilizacao\/","og_locale":"en_US","og_type":"article","og_title":"Alunos do 8.\u00ba ano refletem sobre conviv\u00eancia e bem-estar escolar em sess\u00e3o de sensibiliza\u00e7\u00e3o | Instituto de Apoio \u00e0 Crian\u00e7a","og_description":"No dia 3 de dezembro, o Agrupamento de Escolas de St. Cruz da Trapa recebeu a t\u00e9cnica Ana Vicente para uma a\u00e7\u00e3o de sensibiliza\u00e7\u00e3o presencial dirigida a duas turmas do 8.\u00ba ano, envolvendo um total de 33 alunos. A sess\u00e3o, intitulada \u201cVamos construir uma escola melhor! Consciencializar para a indisciplina e o conflito\u201d, convidou os&hellip;","og_url":"https:\/\/iacrianca.pt\/en\/2026\/01\/alunos-do-8-o-ano-refletem-sobre-convivencia-e-bem-estar-escolar-em-sessao-de-sensibilizacao\/","og_site_name":"Instituto de Apoio \u00e0 Crian\u00e7a","article_publisher":"https:\/\/www.facebook.com\/iacinstitutodeapoioacrianca","article_published_time":"2026-01-06T11:44:05+00:00","article_modified_time":"2026-01-12T16:31:16+00:00","og_image":[{"width":1600,"height":1200,"url":"https:\/\/iacrianca.pt\/wp-content\/uploads\/st-cruz-da-trapa-1.jpeg","type":"image\/jpeg"}],"author":"Administra\u00e7\u00e3o IAC","twitter_card":"summary_large_image","twitter_creator":"@iacapoiocrianca","twitter_site":"@iacapoiocrianca","twitter_misc":{"Written by":"Administra\u00e7\u00e3o IAC","Est. reading time":"2 minutes"},"schema":{"@context":"https:\/\/schema.org","@graph":[{"@type":"Article","@id":"https:\/\/iacrianca.pt\/en\/2026\/01\/alunos-do-8-o-ano-refletem-sobre-convivencia-e-bem-estar-escolar-em-sessao-de-sensibilizacao\/#article","isPartOf":{"@id":"https:\/\/iacrianca.pt\/en\/2026\/01\/alunos-do-8-o-ano-refletem-sobre-convivencia-e-bem-estar-escolar-em-sessao-de-sensibilizacao\/"},"author":{"name":"Administra\u00e7\u00e3o IAC","@id":"https:\/\/iacrianca.pt\/en\/#\/schema\/person\/1c48c6e4b70d0dc7360e4b28ceaa5f6b"},"headline":"Alunos do 8.\u00ba ano refletem sobre conviv\u00eancia e bem-estar escolar em sess\u00e3o de sensibiliza\u00e7\u00e3o","datePublished":"2026-01-06T11:44:05+00:00","dateModified":"2026-01-12T16:31:16+00:00","mainEntityOfPage":{"@id":"https:\/\/iacrianca.pt\/en\/2026\/01\/alunos-do-8-o-ano-refletem-sobre-convivencia-e-bem-estar-escolar-em-sessao-de-sensibilizacao\/"},"wordCount":246,"publisher":{"@id":"https:\/\/iacrianca.pt\/en\/#organization"},"image":{"@id":"https:\/\/iacrianca.pt\/en\/2026\/01\/alunos-do-8-o-ano-refletem-sobre-convivencia-e-bem-estar-escolar-em-sessao-de-sensibilizacao\/#primaryimage"},"thumbnailUrl":"https:\/\/iacrianca.pt\/wp-content\/uploads\/st-cruz-da-trapa-1.jpeg","articleSection":["Newsletter"],"inLanguage":"en-US"},{"@type":"WebPage","@id":"https:\/\/iacrianca.pt\/en\/2026\/01\/alunos-do-8-o-ano-refletem-sobre-convivencia-e-bem-estar-escolar-em-sessao-de-sensibilizacao\/","url":"https:\/\/iacrianca.pt\/en\/2026\/01\/alunos-do-8-o-ano-refletem-sobre-convivencia-e-bem-estar-escolar-em-sessao-de-sensibilizacao\/","name":"Alunos do 8.\u00ba ano refletem sobre conviv\u00eancia e bem-estar escolar em sess\u00e3o de sensibiliza\u00e7\u00e3o | Instituto de Apoio \u00e0 Crian\u00e7a","isPartOf":{"@id":"https:\/\/iacrianca.pt\/en\/#website"},"primaryImageOfPage":{"@id":"https:\/\/iacrianca.pt\/en\/2026\/01\/alunos-do-8-o-ano-refletem-sobre-convivencia-e-bem-estar-escolar-em-sessao-de-sensibilizacao\/#primaryimage"},"image":{"@id":"https:\/\/iacrianca.pt\/en\/2026\/01\/alunos-do-8-o-ano-refletem-sobre-convivencia-e-bem-estar-escolar-em-sessao-de-sensibilizacao\/#primaryimage"},"thumbnailUrl":"https:\/\/iacrianca.pt\/wp-content\/uploads\/st-cruz-da-trapa-1.jpeg","datePublished":"2026-01-06T11:44:05+00:00","dateModified":"2026-01-12T16:31:16+00:00","breadcrumb":{"@id":"https:\/\/iacrianca.pt\/en\/2026\/01\/alunos-do-8-o-ano-refletem-sobre-convivencia-e-bem-estar-escolar-em-sessao-de-sensibilizacao\/#breadcrumb"},"inLanguage":"en-US","potentialAction":[{"@type":"ReadAction","target":["https:\/\/iacrianca.pt\/en\/2026\/01\/alunos-do-8-o-ano-refletem-sobre-convivencia-e-bem-estar-escolar-em-sessao-de-sensibilizacao\/"]}]},{"@type":"ImageObject","inLanguage":"en-US","@id":"https:\/\/iacrianca.pt\/en\/2026\/01\/alunos-do-8-o-ano-refletem-sobre-convivencia-e-bem-estar-escolar-em-sessao-de-sensibilizacao\/#primaryimage","url":"https:\/\/iacrianca.pt\/wp-content\/uploads\/st-cruz-da-trapa-1.jpeg","contentUrl":"https:\/\/iacrianca.pt\/wp-content\/uploads\/st-cruz-da-trapa-1.jpeg","width":1600,"height":1200},{"@type":"BreadcrumbList","@id":"https:\/\/iacrianca.pt\/en\/2026\/01\/alunos-do-8-o-ano-refletem-sobre-convivencia-e-bem-estar-escolar-em-sessao-de-sensibilizacao\/#breadcrumb","itemListElement":[{"@type":"ListItem","position":1,"name":"In\u00edcio","item":"https:\/\/iacrianca.pt\/en\/"},{"@type":"ListItem","position":2,"name":"Alunos do 8.\u00ba ano refletem sobre conviv\u00eancia e bem-estar escolar em sess\u00e3o de sensibiliza\u00e7\u00e3o"}]},{"@type":"WebSite","@id":"https:\/\/iacrianca.pt\/en\/#website","url":"https:\/\/iacrianca.pt\/en\/","name":"Instituto de Apoio \u00e0 Crian\u00e7a","description":"Desde 1983 na defesa e promo\u00e7\u00e3o dos direitos da crian\u00e7a","publisher":{"@id":"https:\/\/iacrianca.pt\/en\/#organization"},"potentialAction":[{"@type":"SearchAction","target":{"@type":"EntryPoint","urlTemplate":"https:\/\/iacrianca.pt\/en\/?s={search_term_string}"},"query-input":{"@type":"PropertyValueSpecification","valueRequired":true,"valueName":"search_term_string"}}],"inLanguage":"en-US"},{"@type":"Organization","@id":"https:\/\/iacrianca.pt\/en\/#organization","name":"Instituto de Apoio \u00e0 Crian\u00e7a","url":"https:\/\/iacrianca.pt\/en\/","logo":{"@type":"ImageObject","inLanguage":"en-US","@id":"https:\/\/iacrianca.pt\/en\/#\/schema\/logo\/image\/","url":"https:\/\/iacrianca.pt\/wp-content\/uploads\/2020\/04\/logo-iac-SD.jpg","contentUrl":"https:\/\/iacrianca.pt\/wp-content\/uploads\/2020\/04\/logo-iac-SD.jpg","width":152,"height":73,"caption":"Instituto de Apoio \u00e0 Crian\u00e7a"},"image":{"@id":"https:\/\/iacrianca.pt\/en\/#\/schema\/logo\/image\/"},"sameAs":["https:\/\/www.facebook.com\/iacinstitutodeapoioacrianca","https:\/\/x.com\/iacapoiocrianca","https:\/\/www.youtube.com\/channel\/UC0jjfZ_xkN_59gJf_RQ-ZnQ","https:\/\/www.linkedin.com\/company\/instituto-de-apoio--criana\/","https:\/\/www.instagram.com\/iacinstitutodeapoioacrianca\/","https:\/\/criancasatortoeadireitos.wordpress.com\/"]},{"@type":"Person","@id":"https:\/\/iacrianca.pt\/en\/#\/schema\/person\/1c48c6e4b70d0dc7360e4b28ceaa5f6b","name":"Administra\u00e7\u00e3o IAC","image":{"@type":"ImageObject","inLanguage":"en-US","@id":"https:\/\/secure.gravatar.com\/avatar\/60b998c71de37dcc1398fc6d48c6b5ed7533e3ceec837c948055f072e3158ff1?s=96&d=mm&r=g","url":"https:\/\/secure.gravatar.com\/avatar\/60b998c71de37dcc1398fc6d48c6b5ed7533e3ceec837c948055f072e3158ff1?s=96&d=mm&r=g","contentUrl":"https:\/\/secure.gravatar.com\/avatar\/60b998c71de37dcc1398fc6d48c6b5ed7533e3ceec837c948055f072e3158ff1?s=96&d=mm&r=g","caption":"Administra\u00e7\u00e3o IAC"}}]}},"_links":{"self":[{"href":"https:\/\/iacrianca.pt\/en\/wp-json\/wp\/v2\/posts\/27555","targetHints":{"allow":["GET"]}}],"collection":[{"href":"https:\/\/iacrianca.pt\/en\/wp-json\/wp\/v2\/posts"}],"about":[{"href":"https:\/\/iacrianca.pt\/en\/wp-json\/wp\/v2\/types\/post"}],"author":[{"embeddable":true,"href":"https:\/\/iacrianca.pt\/en\/wp-json\/wp\/v2\/users\/2"}],"replies":[{"embeddable":true,"href":"https:\/\/iacrianca.pt\/en\/wp-json\/wp\/v2\/comments?post=27555"}],"version-history":[{"count":0,"href":"https:\/\/iacrianca.pt\/en\/wp-json\/wp\/v2\/posts\/27555\/revisions"}],"wp:featuredmedia":[{"embeddable":true,"href":"https:\/\/iacrianca.pt\/en\/wp-json\/wp\/v2\/media\/27556"}],"wp:attachment":[{"href":"https:\/\/iacrianca.pt\/en\/wp-json\/wp\/v2\/media?parent=27555"}],"wp:term":[{"taxonomy":"category","embeddable":true,"href":"https:\/\/iacrianca.pt\/en\/wp-json\/wp\/v2\/categories?post=27555"},{"taxonomy":"post_tag","embeddable":true,"href":"https:\/\/iacrianca.pt\/en\/wp-json\/wp\/v2\/tags?post=27555"}],"curies":[{"name":"wp","href":"https:\/\/api.w.org\/{rel}","templated":true}]}}