{"id":27582,"date":"2026-01-06T15:15:54","date_gmt":"2026-01-06T15:15:54","guid":{"rendered":"https:\/\/iacrianca.pt\/?p=27582"},"modified":"2026-01-12T16:23:19","modified_gmt":"2026-01-12T16:23:19","slug":"grupos-focais-no-centro-sagrada-familia-no-ambito-do-projeto-eramus-terre-ludique","status":"publish","type":"post","link":"https:\/\/iacrianca.pt\/en\/2026\/01\/grupos-focais-no-centro-sagrada-familia-no-ambito-do-projeto-eramus-terre-ludique\/","title":{"rendered":"Grupos Focais no Centro Sagrada Fam\u00edlia no \u00e2mbito do projeto ERAMUS+ Terre Ludique"},"content":{"rendered":"<p><span data-contrast=\"auto\">No \u00e2mbito do projeto Erasmus+ \u201cRE:create:Int\u00a0\u2013 Recriar la\u00e7os\u00a0intergeracionais\u00a0atrav\u00e9s do Brincar\u201d, financiado pela Uni\u00e3o Europeia,\u00a0demos passos significativas na\u00a0futura\u00a0cria\u00e7\u00e3o\u00a0de\u00a0grupos de\u00a0brincar\u00a0intergeracional\u00a0com parceiros portugueses.\u00a0<\/span><span data-ccp-props=\"{&quot;335551550&quot;:6,&quot;335551620&quot;:6}\">\u00a0<\/span><\/p>\n<p><span data-contrast=\"auto\">No dia 4 de dezembro, visitamos o Centro Sagrada Fam\u00edlia dinamizando grupos focais com dois grupos de crian\u00e7as de 5 anos e dois grupos de idosos,\u00a0auscultando o que era\u00a0brincar\u00a0para cada um dos participantes,\u00a0que atividades\u00a0intergeracionais\u00a0j\u00e1 eram realizadas, e\u00a0o que esperam dos grupos\u00a0intergeracionais\u00a0que ir\u00e3o ser criados num futuro breve.\u00a0Verific\u00e1mos que a maior parte das atividades que decorrem, ainda que assumam um car\u00e1cter pontual, s\u00e3o identificadas pelos participantes como uma mais-valia e ficou evidente a vontade de todos, crian\u00e7as e seniores, em aprofundar estas rela\u00e7\u00f5es\u00a0intergeracionais.<\/span><span data-ccp-props=\"{&quot;335551550&quot;:6,&quot;335551620&quot;:6}\">\u00a0<\/span><\/p>\n<p><span data-contrast=\"auto\">Acreditamos que ouvir os participantes dos projetos que imaginamos em equipa, \u00e9 o ponto de partida chave para uma dinamiza\u00e7\u00e3o adequada das nossas propostas, satisfazendo n\u00e3o s\u00f3 todas as partes envolvidas, mas, tamb\u00e9m, promovendo um processo de co-cria\u00e7\u00e3o que impactar\u00e1 necessariamente o sucesso e sustentabilidade futura do projeto em curso.<\/span><span data-ccp-props=\"{&quot;335551550&quot;:6,&quot;335551620&quot;:6}\">\u00a0<\/span><\/p>\n","protected":false},"excerpt":{"rendered":"<p>No \u00e2mbito do projeto Erasmus+ \u201cRE:create:Int\u00a0\u2013 Recriar la\u00e7os\u00a0intergeracionais\u00a0atrav\u00e9s do Brincar\u201d, financiado pela Uni\u00e3o Europeia,\u00a0demos passos significativas na\u00a0futura\u00a0cria\u00e7\u00e3o\u00a0de\u00a0grupos de\u00a0brincar\u00a0intergeracional\u00a0com parceiros portugueses.\u00a0\u00a0 No dia 4 de dezembro, visitamos o Centro Sagrada Fam\u00edlia dinamizando grupos focais com dois grupos de crian\u00e7as de 5 anos e dois grupos de idosos,\u00a0auscultando o que era\u00a0brincar\u00a0para cada um dos participantes,\u00a0que atividades\u00a0intergeracionais\u00a0j\u00e1 eram&hellip;<\/p>\n","protected":false},"author":2,"featured_media":27583,"comment_status":"closed","ping_status":"closed","sticky":false,"template":"","format":"standard","meta":{"_acf_changed":false,"footnotes":""},"categories":[63],"tags":[],"class_list":["post-27582","post","type-post","status-publish","format-standard","has-post-thumbnail","hentry","category-newsletter","category-63","description-off"],"acf":[],"yoast_head":"<!-- This site is optimized with the Yoast SEO plugin v27.5 - https:\/\/yoast.com\/product\/yoast-seo-wordpress\/ -->\n<title>Grupos Focais no Centro Sagrada Fam\u00edlia no \u00e2mbito do projeto ERAMUS+ Terre Ludique | Instituto de Apoio \u00e0 Crian\u00e7a<\/title>\n<meta name=\"robots\" content=\"index, follow, max-snippet:-1, max-image-preview:large, max-video-preview:-1\" \/>\n<link rel=\"canonical\" href=\"https:\/\/iacrianca.pt\/en\/2026\/01\/grupos-focais-no-centro-sagrada-familia-no-ambito-do-projeto-eramus-terre-ludique\/\" \/>\n<meta property=\"og:locale\" content=\"en_US\" \/>\n<meta property=\"og:type\" content=\"article\" \/>\n<meta property=\"og:title\" content=\"Grupos Focais no Centro Sagrada Fam\u00edlia no \u00e2mbito do projeto ERAMUS+ Terre Ludique | Instituto de Apoio \u00e0 Crian\u00e7a\" \/>\n<meta property=\"og:description\" content=\"No \u00e2mbito do projeto Erasmus+ \u201cRE:create:Int\u00a0\u2013 Recriar la\u00e7os\u00a0intergeracionais\u00a0atrav\u00e9s do Brincar\u201d, financiado pela Uni\u00e3o Europeia,\u00a0demos passos significativas na\u00a0futura\u00a0cria\u00e7\u00e3o\u00a0de\u00a0grupos de\u00a0brincar\u00a0intergeracional\u00a0com parceiros portugueses.\u00a0\u00a0 No dia 4 de dezembro, visitamos o Centro Sagrada Fam\u00edlia dinamizando grupos focais com dois grupos de crian\u00e7as de 5 anos e dois grupos de idosos,\u00a0auscultando o que era\u00a0brincar\u00a0para cada um dos participantes,\u00a0que atividades\u00a0intergeracionais\u00a0j\u00e1 eram&hellip;\" \/>\n<meta property=\"og:url\" content=\"https:\/\/iacrianca.pt\/en\/2026\/01\/grupos-focais-no-centro-sagrada-familia-no-ambito-do-projeto-eramus-terre-ludique\/\" \/>\n<meta property=\"og:site_name\" content=\"Instituto de Apoio \u00e0 Crian\u00e7a\" \/>\n<meta property=\"article:publisher\" content=\"https:\/\/www.facebook.com\/iacinstitutodeapoioacrianca\" \/>\n<meta property=\"article:published_time\" content=\"2026-01-06T15:15:54+00:00\" \/>\n<meta property=\"article:modified_time\" content=\"2026-01-12T16:23:19+00:00\" \/>\n<meta property=\"og:image\" content=\"https:\/\/iacrianca.pt\/wp-content\/uploads\/centro-sagrada-familia-recreate.png\" \/>\n\t<meta property=\"og:image:width\" content=\"1920\" \/>\n\t<meta property=\"og:image:height\" content=\"520\" \/>\n\t<meta property=\"og:image:type\" content=\"image\/png\" \/>\n<meta name=\"author\" content=\"Administra\u00e7\u00e3o IAC\" \/>\n<meta name=\"twitter:card\" content=\"summary_large_image\" \/>\n<meta name=\"twitter:creator\" content=\"@iacapoiocrianca\" \/>\n<meta name=\"twitter:site\" content=\"@iacapoiocrianca\" \/>\n<meta name=\"twitter:label1\" content=\"Written by\" \/>\n\t<meta name=\"twitter:data1\" content=\"Administra\u00e7\u00e3o IAC\" \/>\n\t<meta name=\"twitter:label2\" content=\"Est. reading time\" \/>\n\t<meta name=\"twitter:data2\" content=\"2 minutes\" \/>\n<script type=\"application\/ld+json\" class=\"yoast-schema-graph\">{\"@context\":\"https:\\\/\\\/schema.org\",\"@graph\":[{\"@type\":\"Article\",\"@id\":\"https:\\\/\\\/iacrianca.pt\\\/en\\\/2026\\\/01\\\/grupos-focais-no-centro-sagrada-familia-no-ambito-do-projeto-eramus-terre-ludique\\\/#article\",\"isPartOf\":{\"@id\":\"https:\\\/\\\/iacrianca.pt\\\/en\\\/2026\\\/01\\\/grupos-focais-no-centro-sagrada-familia-no-ambito-do-projeto-eramus-terre-ludique\\\/\"},\"author\":{\"name\":\"Administra\u00e7\u00e3o IAC\",\"@id\":\"https:\\\/\\\/iacrianca.pt\\\/en\\\/#\\\/schema\\\/person\\\/1c48c6e4b70d0dc7360e4b28ceaa5f6b\"},\"headline\":\"Grupos Focais no Centro Sagrada Fam\u00edlia no \u00e2mbito do projeto ERAMUS+ Terre Ludique\",\"datePublished\":\"2026-01-06T15:15:54+00:00\",\"dateModified\":\"2026-01-12T16:23:19+00:00\",\"mainEntityOfPage\":{\"@id\":\"https:\\\/\\\/iacrianca.pt\\\/en\\\/2026\\\/01\\\/grupos-focais-no-centro-sagrada-familia-no-ambito-do-projeto-eramus-terre-ludique\\\/\"},\"wordCount\":202,\"publisher\":{\"@id\":\"https:\\\/\\\/iacrianca.pt\\\/en\\\/#organization\"},\"image\":{\"@id\":\"https:\\\/\\\/iacrianca.pt\\\/en\\\/2026\\\/01\\\/grupos-focais-no-centro-sagrada-familia-no-ambito-do-projeto-eramus-terre-ludique\\\/#primaryimage\"},\"thumbnailUrl\":\"https:\\\/\\\/iacrianca.pt\\\/wp-content\\\/uploads\\\/centro-sagrada-familia-recreate.png\",\"articleSection\":[\"Newsletter\"],\"inLanguage\":\"en-US\"},{\"@type\":\"WebPage\",\"@id\":\"https:\\\/\\\/iacrianca.pt\\\/en\\\/2026\\\/01\\\/grupos-focais-no-centro-sagrada-familia-no-ambito-do-projeto-eramus-terre-ludique\\\/\",\"url\":\"https:\\\/\\\/iacrianca.pt\\\/en\\\/2026\\\/01\\\/grupos-focais-no-centro-sagrada-familia-no-ambito-do-projeto-eramus-terre-ludique\\\/\",\"name\":\"Grupos Focais no Centro Sagrada Fam\u00edlia no \u00e2mbito do projeto ERAMUS+ Terre Ludique | Instituto de Apoio \u00e0 Crian\u00e7a\",\"isPartOf\":{\"@id\":\"https:\\\/\\\/iacrianca.pt\\\/en\\\/#website\"},\"primaryImageOfPage\":{\"@id\":\"https:\\\/\\\/iacrianca.pt\\\/en\\\/2026\\\/01\\\/grupos-focais-no-centro-sagrada-familia-no-ambito-do-projeto-eramus-terre-ludique\\\/#primaryimage\"},\"image\":{\"@id\":\"https:\\\/\\\/iacrianca.pt\\\/en\\\/2026\\\/01\\\/grupos-focais-no-centro-sagrada-familia-no-ambito-do-projeto-eramus-terre-ludique\\\/#primaryimage\"},\"thumbnailUrl\":\"https:\\\/\\\/iacrianca.pt\\\/wp-content\\\/uploads\\\/centro-sagrada-familia-recreate.png\",\"datePublished\":\"2026-01-06T15:15:54+00:00\",\"dateModified\":\"2026-01-12T16:23:19+00:00\",\"breadcrumb\":{\"@id\":\"https:\\\/\\\/iacrianca.pt\\\/en\\\/2026\\\/01\\\/grupos-focais-no-centro-sagrada-familia-no-ambito-do-projeto-eramus-terre-ludique\\\/#breadcrumb\"},\"inLanguage\":\"en-US\",\"potentialAction\":[{\"@type\":\"ReadAction\",\"target\":[\"https:\\\/\\\/iacrianca.pt\\\/en\\\/2026\\\/01\\\/grupos-focais-no-centro-sagrada-familia-no-ambito-do-projeto-eramus-terre-ludique\\\/\"]}]},{\"@type\":\"ImageObject\",\"inLanguage\":\"en-US\",\"@id\":\"https:\\\/\\\/iacrianca.pt\\\/en\\\/2026\\\/01\\\/grupos-focais-no-centro-sagrada-familia-no-ambito-do-projeto-eramus-terre-ludique\\\/#primaryimage\",\"url\":\"https:\\\/\\\/iacrianca.pt\\\/wp-content\\\/uploads\\\/centro-sagrada-familia-recreate.png\",\"contentUrl\":\"https:\\\/\\\/iacrianca.pt\\\/wp-content\\\/uploads\\\/centro-sagrada-familia-recreate.png\",\"width\":1920,\"height\":520},{\"@type\":\"BreadcrumbList\",\"@id\":\"https:\\\/\\\/iacrianca.pt\\\/en\\\/2026\\\/01\\\/grupos-focais-no-centro-sagrada-familia-no-ambito-do-projeto-eramus-terre-ludique\\\/#breadcrumb\",\"itemListElement\":[{\"@type\":\"ListItem\",\"position\":1,\"name\":\"In\u00edcio\",\"item\":\"https:\\\/\\\/iacrianca.pt\\\/en\\\/\"},{\"@type\":\"ListItem\",\"position\":2,\"name\":\"Grupos Focais no Centro Sagrada Fam\u00edlia no \u00e2mbito do projeto ERAMUS+ Terre Ludique\"}]},{\"@type\":\"WebSite\",\"@id\":\"https:\\\/\\\/iacrianca.pt\\\/en\\\/#website\",\"url\":\"https:\\\/\\\/iacrianca.pt\\\/en\\\/\",\"name\":\"Instituto de Apoio \u00e0 Crian\u00e7a\",\"description\":\"Desde 1983 na defesa e promo\u00e7\u00e3o dos direitos da crian\u00e7a\",\"publisher\":{\"@id\":\"https:\\\/\\\/iacrianca.pt\\\/en\\\/#organization\"},\"potentialAction\":[{\"@type\":\"SearchAction\",\"target\":{\"@type\":\"EntryPoint\",\"urlTemplate\":\"https:\\\/\\\/iacrianca.pt\\\/en\\\/?s={search_term_string}\"},\"query-input\":{\"@type\":\"PropertyValueSpecification\",\"valueRequired\":true,\"valueName\":\"search_term_string\"}}],\"inLanguage\":\"en-US\"},{\"@type\":\"Organization\",\"@id\":\"https:\\\/\\\/iacrianca.pt\\\/en\\\/#organization\",\"name\":\"Instituto de Apoio \u00e0 Crian\u00e7a\",\"url\":\"https:\\\/\\\/iacrianca.pt\\\/en\\\/\",\"logo\":{\"@type\":\"ImageObject\",\"inLanguage\":\"en-US\",\"@id\":\"https:\\\/\\\/iacrianca.pt\\\/en\\\/#\\\/schema\\\/logo\\\/image\\\/\",\"url\":\"https:\\\/\\\/iacrianca.pt\\\/wp-content\\\/uploads\\\/2020\\\/04\\\/logo-iac-SD.jpg\",\"contentUrl\":\"https:\\\/\\\/iacrianca.pt\\\/wp-content\\\/uploads\\\/2020\\\/04\\\/logo-iac-SD.jpg\",\"width\":152,\"height\":73,\"caption\":\"Instituto de Apoio \u00e0 Crian\u00e7a\"},\"image\":{\"@id\":\"https:\\\/\\\/iacrianca.pt\\\/en\\\/#\\\/schema\\\/logo\\\/image\\\/\"},\"sameAs\":[\"https:\\\/\\\/www.facebook.com\\\/iacinstitutodeapoioacrianca\",\"https:\\\/\\\/x.com\\\/iacapoiocrianca\",\"https:\\\/\\\/www.youtube.com\\\/channel\\\/UC0jjfZ_xkN_59gJf_RQ-ZnQ\",\"https:\\\/\\\/www.linkedin.com\\\/company\\\/instituto-de-apoio--criana\\\/\",\"https:\\\/\\\/www.instagram.com\\\/iacinstitutodeapoioacrianca\\\/\",\"https:\\\/\\\/criancasatortoeadireitos.wordpress.com\\\/\"]},{\"@type\":\"Person\",\"@id\":\"https:\\\/\\\/iacrianca.pt\\\/en\\\/#\\\/schema\\\/person\\\/1c48c6e4b70d0dc7360e4b28ceaa5f6b\",\"name\":\"Administra\u00e7\u00e3o IAC\",\"image\":{\"@type\":\"ImageObject\",\"inLanguage\":\"en-US\",\"@id\":\"https:\\\/\\\/secure.gravatar.com\\\/avatar\\\/60b998c71de37dcc1398fc6d48c6b5ed7533e3ceec837c948055f072e3158ff1?s=96&d=mm&r=g\",\"url\":\"https:\\\/\\\/secure.gravatar.com\\\/avatar\\\/60b998c71de37dcc1398fc6d48c6b5ed7533e3ceec837c948055f072e3158ff1?s=96&d=mm&r=g\",\"contentUrl\":\"https:\\\/\\\/secure.gravatar.com\\\/avatar\\\/60b998c71de37dcc1398fc6d48c6b5ed7533e3ceec837c948055f072e3158ff1?s=96&d=mm&r=g\",\"caption\":\"Administra\u00e7\u00e3o IAC\"}}]}<\/script>\n<!-- \/ Yoast SEO plugin. -->","yoast_head_json":{"title":"Grupos Focais no Centro Sagrada Fam\u00edlia no \u00e2mbito do projeto ERAMUS+ Terre Ludique | Instituto de Apoio \u00e0 Crian\u00e7a","robots":{"index":"index","follow":"follow","max-snippet":"max-snippet:-1","max-image-preview":"max-image-preview:large","max-video-preview":"max-video-preview:-1"},"canonical":"https:\/\/iacrianca.pt\/en\/2026\/01\/grupos-focais-no-centro-sagrada-familia-no-ambito-do-projeto-eramus-terre-ludique\/","og_locale":"en_US","og_type":"article","og_title":"Grupos Focais no Centro Sagrada Fam\u00edlia no \u00e2mbito do projeto ERAMUS+ Terre Ludique | Instituto de Apoio \u00e0 Crian\u00e7a","og_description":"No \u00e2mbito do projeto Erasmus+ \u201cRE:create:Int\u00a0\u2013 Recriar la\u00e7os\u00a0intergeracionais\u00a0atrav\u00e9s do Brincar\u201d, financiado pela Uni\u00e3o Europeia,\u00a0demos passos significativas na\u00a0futura\u00a0cria\u00e7\u00e3o\u00a0de\u00a0grupos de\u00a0brincar\u00a0intergeracional\u00a0com parceiros portugueses.\u00a0\u00a0 No dia 4 de dezembro, visitamos o Centro Sagrada Fam\u00edlia dinamizando grupos focais com dois grupos de crian\u00e7as de 5 anos e dois grupos de idosos,\u00a0auscultando o que era\u00a0brincar\u00a0para cada um dos participantes,\u00a0que atividades\u00a0intergeracionais\u00a0j\u00e1 eram&hellip;","og_url":"https:\/\/iacrianca.pt\/en\/2026\/01\/grupos-focais-no-centro-sagrada-familia-no-ambito-do-projeto-eramus-terre-ludique\/","og_site_name":"Instituto de Apoio \u00e0 Crian\u00e7a","article_publisher":"https:\/\/www.facebook.com\/iacinstitutodeapoioacrianca","article_published_time":"2026-01-06T15:15:54+00:00","article_modified_time":"2026-01-12T16:23:19+00:00","og_image":[{"width":1920,"height":520,"url":"https:\/\/iacrianca.pt\/wp-content\/uploads\/centro-sagrada-familia-recreate.png","type":"image\/png"}],"author":"Administra\u00e7\u00e3o IAC","twitter_card":"summary_large_image","twitter_creator":"@iacapoiocrianca","twitter_site":"@iacapoiocrianca","twitter_misc":{"Written by":"Administra\u00e7\u00e3o IAC","Est. reading time":"2 minutes"},"schema":{"@context":"https:\/\/schema.org","@graph":[{"@type":"Article","@id":"https:\/\/iacrianca.pt\/en\/2026\/01\/grupos-focais-no-centro-sagrada-familia-no-ambito-do-projeto-eramus-terre-ludique\/#article","isPartOf":{"@id":"https:\/\/iacrianca.pt\/en\/2026\/01\/grupos-focais-no-centro-sagrada-familia-no-ambito-do-projeto-eramus-terre-ludique\/"},"author":{"name":"Administra\u00e7\u00e3o IAC","@id":"https:\/\/iacrianca.pt\/en\/#\/schema\/person\/1c48c6e4b70d0dc7360e4b28ceaa5f6b"},"headline":"Grupos Focais no Centro Sagrada Fam\u00edlia no \u00e2mbito do projeto ERAMUS+ Terre Ludique","datePublished":"2026-01-06T15:15:54+00:00","dateModified":"2026-01-12T16:23:19+00:00","mainEntityOfPage":{"@id":"https:\/\/iacrianca.pt\/en\/2026\/01\/grupos-focais-no-centro-sagrada-familia-no-ambito-do-projeto-eramus-terre-ludique\/"},"wordCount":202,"publisher":{"@id":"https:\/\/iacrianca.pt\/en\/#organization"},"image":{"@id":"https:\/\/iacrianca.pt\/en\/2026\/01\/grupos-focais-no-centro-sagrada-familia-no-ambito-do-projeto-eramus-terre-ludique\/#primaryimage"},"thumbnailUrl":"https:\/\/iacrianca.pt\/wp-content\/uploads\/centro-sagrada-familia-recreate.png","articleSection":["Newsletter"],"inLanguage":"en-US"},{"@type":"WebPage","@id":"https:\/\/iacrianca.pt\/en\/2026\/01\/grupos-focais-no-centro-sagrada-familia-no-ambito-do-projeto-eramus-terre-ludique\/","url":"https:\/\/iacrianca.pt\/en\/2026\/01\/grupos-focais-no-centro-sagrada-familia-no-ambito-do-projeto-eramus-terre-ludique\/","name":"Grupos Focais no Centro Sagrada Fam\u00edlia no \u00e2mbito do projeto ERAMUS+ Terre Ludique | Instituto de Apoio \u00e0 Crian\u00e7a","isPartOf":{"@id":"https:\/\/iacrianca.pt\/en\/#website"},"primaryImageOfPage":{"@id":"https:\/\/iacrianca.pt\/en\/2026\/01\/grupos-focais-no-centro-sagrada-familia-no-ambito-do-projeto-eramus-terre-ludique\/#primaryimage"},"image":{"@id":"https:\/\/iacrianca.pt\/en\/2026\/01\/grupos-focais-no-centro-sagrada-familia-no-ambito-do-projeto-eramus-terre-ludique\/#primaryimage"},"thumbnailUrl":"https:\/\/iacrianca.pt\/wp-content\/uploads\/centro-sagrada-familia-recreate.png","datePublished":"2026-01-06T15:15:54+00:00","dateModified":"2026-01-12T16:23:19+00:00","breadcrumb":{"@id":"https:\/\/iacrianca.pt\/en\/2026\/01\/grupos-focais-no-centro-sagrada-familia-no-ambito-do-projeto-eramus-terre-ludique\/#breadcrumb"},"inLanguage":"en-US","potentialAction":[{"@type":"ReadAction","target":["https:\/\/iacrianca.pt\/en\/2026\/01\/grupos-focais-no-centro-sagrada-familia-no-ambito-do-projeto-eramus-terre-ludique\/"]}]},{"@type":"ImageObject","inLanguage":"en-US","@id":"https:\/\/iacrianca.pt\/en\/2026\/01\/grupos-focais-no-centro-sagrada-familia-no-ambito-do-projeto-eramus-terre-ludique\/#primaryimage","url":"https:\/\/iacrianca.pt\/wp-content\/uploads\/centro-sagrada-familia-recreate.png","contentUrl":"https:\/\/iacrianca.pt\/wp-content\/uploads\/centro-sagrada-familia-recreate.png","width":1920,"height":520},{"@type":"BreadcrumbList","@id":"https:\/\/iacrianca.pt\/en\/2026\/01\/grupos-focais-no-centro-sagrada-familia-no-ambito-do-projeto-eramus-terre-ludique\/#breadcrumb","itemListElement":[{"@type":"ListItem","position":1,"name":"In\u00edcio","item":"https:\/\/iacrianca.pt\/en\/"},{"@type":"ListItem","position":2,"name":"Grupos Focais no Centro Sagrada Fam\u00edlia no \u00e2mbito do projeto ERAMUS+ Terre Ludique"}]},{"@type":"WebSite","@id":"https:\/\/iacrianca.pt\/en\/#website","url":"https:\/\/iacrianca.pt\/en\/","name":"Instituto de Apoio \u00e0 Crian\u00e7a","description":"Desde 1983 na defesa e promo\u00e7\u00e3o dos direitos da crian\u00e7a","publisher":{"@id":"https:\/\/iacrianca.pt\/en\/#organization"},"potentialAction":[{"@type":"SearchAction","target":{"@type":"EntryPoint","urlTemplate":"https:\/\/iacrianca.pt\/en\/?s={search_term_string}"},"query-input":{"@type":"PropertyValueSpecification","valueRequired":true,"valueName":"search_term_string"}}],"inLanguage":"en-US"},{"@type":"Organization","@id":"https:\/\/iacrianca.pt\/en\/#organization","name":"Instituto de Apoio \u00e0 Crian\u00e7a","url":"https:\/\/iacrianca.pt\/en\/","logo":{"@type":"ImageObject","inLanguage":"en-US","@id":"https:\/\/iacrianca.pt\/en\/#\/schema\/logo\/image\/","url":"https:\/\/iacrianca.pt\/wp-content\/uploads\/2020\/04\/logo-iac-SD.jpg","contentUrl":"https:\/\/iacrianca.pt\/wp-content\/uploads\/2020\/04\/logo-iac-SD.jpg","width":152,"height":73,"caption":"Instituto de Apoio \u00e0 Crian\u00e7a"},"image":{"@id":"https:\/\/iacrianca.pt\/en\/#\/schema\/logo\/image\/"},"sameAs":["https:\/\/www.facebook.com\/iacinstitutodeapoioacrianca","https:\/\/x.com\/iacapoiocrianca","https:\/\/www.youtube.com\/channel\/UC0jjfZ_xkN_59gJf_RQ-ZnQ","https:\/\/www.linkedin.com\/company\/instituto-de-apoio--criana\/","https:\/\/www.instagram.com\/iacinstitutodeapoioacrianca\/","https:\/\/criancasatortoeadireitos.wordpress.com\/"]},{"@type":"Person","@id":"https:\/\/iacrianca.pt\/en\/#\/schema\/person\/1c48c6e4b70d0dc7360e4b28ceaa5f6b","name":"Administra\u00e7\u00e3o IAC","image":{"@type":"ImageObject","inLanguage":"en-US","@id":"https:\/\/secure.gravatar.com\/avatar\/60b998c71de37dcc1398fc6d48c6b5ed7533e3ceec837c948055f072e3158ff1?s=96&d=mm&r=g","url":"https:\/\/secure.gravatar.com\/avatar\/60b998c71de37dcc1398fc6d48c6b5ed7533e3ceec837c948055f072e3158ff1?s=96&d=mm&r=g","contentUrl":"https:\/\/secure.gravatar.com\/avatar\/60b998c71de37dcc1398fc6d48c6b5ed7533e3ceec837c948055f072e3158ff1?s=96&d=mm&r=g","caption":"Administra\u00e7\u00e3o IAC"}}]}},"_links":{"self":[{"href":"https:\/\/iacrianca.pt\/en\/wp-json\/wp\/v2\/posts\/27582","targetHints":{"allow":["GET"]}}],"collection":[{"href":"https:\/\/iacrianca.pt\/en\/wp-json\/wp\/v2\/posts"}],"about":[{"href":"https:\/\/iacrianca.pt\/en\/wp-json\/wp\/v2\/types\/post"}],"author":[{"embeddable":true,"href":"https:\/\/iacrianca.pt\/en\/wp-json\/wp\/v2\/users\/2"}],"replies":[{"embeddable":true,"href":"https:\/\/iacrianca.pt\/en\/wp-json\/wp\/v2\/comments?post=27582"}],"version-history":[{"count":0,"href":"https:\/\/iacrianca.pt\/en\/wp-json\/wp\/v2\/posts\/27582\/revisions"}],"wp:featuredmedia":[{"embeddable":true,"href":"https:\/\/iacrianca.pt\/en\/wp-json\/wp\/v2\/media\/27583"}],"wp:attachment":[{"href":"https:\/\/iacrianca.pt\/en\/wp-json\/wp\/v2\/media?parent=27582"}],"wp:term":[{"taxonomy":"category","embeddable":true,"href":"https:\/\/iacrianca.pt\/en\/wp-json\/wp\/v2\/categories?post=27582"},{"taxonomy":"post_tag","embeddable":true,"href":"https:\/\/iacrianca.pt\/en\/wp-json\/wp\/v2\/tags?post=27582"}],"curies":[{"name":"wp","href":"https:\/\/api.w.org\/{rel}","templated":true}]}}