{"id":27586,"date":"2026-01-06T15:51:26","date_gmt":"2026-01-06T15:51:26","guid":{"rendered":"https:\/\/iacrianca.pt\/?p=27586"},"modified":"2026-01-12T16:26:43","modified_gmt":"2026-01-12T16:26:43","slug":"como-o-melhor-fica-para-o-final-eis-que-chegamos-ao-mes-do-natal","status":"publish","type":"post","link":"https:\/\/iacrianca.pt\/en\/2026\/01\/como-o-melhor-fica-para-o-final-eis-que-chegamos-ao-mes-do-natal\/","title":{"rendered":"Como o melhor fica para o final, eis que cheg\u00e1mos ao m\u00eas do Natal!"},"content":{"rendered":"<p data-pm-slice=\"1 1 []\">O m\u00eas de Dezembro, marca o encerramento do ano e \u00e9, por norma, uma \u00e9poca de grandes festejos e momentos vividos intensamente pelas fam\u00edlias. As f\u00e9rias escolares d\u00e3o oportunidade a que crian\u00e7as tenham mais tempo de qualidade com as fam\u00edlias aproveitando melhor os momentos, criando mem\u00f3rias e fortalecendo os la\u00e7os emocionais.<\/p>\n<p><span data-contrast=\"auto\">No Centro de Apoio Comunit\u00e1rio, foi um m\u00eas marcado por\u00a0diferentes\u00a0atividades alusivas ao Natal. \u00c0\u00a0semelhan\u00e7a do ano passado,\u00a0repetimos\u00a0o\u00a0atelier de Natal\u00a0com\u00a0as fam\u00edlias dos nossos jovens\u00a0e foi um momento onde\u00a0a criatividade\u00a0foi posta\u00a0\u00e0 prova,\u00a0resultando em\u00a0pe\u00e7as\u00a0decorativas\u00a0deveras\u00a0originais. Termin\u00e1mos a atividade com um lanche de Natal, onde\u00a0se\u00a0estreitaram\u00a0os la\u00e7os com as fam\u00edlias e se\u00a0trocaram votos de Boas Festas.<\/span><span data-ccp-props=\"{&quot;335551550&quot;:6,&quot;335551620&quot;:6,&quot;335559739&quot;:0}\">\u00a0<\/span><\/p>\n<p><span data-contrast=\"auto\">J\u00e1 nas f\u00e9rias de Natal,\u00a0realiz\u00e1mos\u00a0um atelier\u00a0natal\u00edcio\u00a0com as crian\u00e7as do 1\u00ba ciclo. Inici\u00e1mos\u00a0com um momento\u00a0de conv\u00edvio, depois\u00a0puseram\u00a0m\u00e3os \u00e0 obra\u00a0e\u00a0decoraram\u00a0pais\u00a0natais, ao\u00a0seu gosto.\u00a0\u00a0A atividade terminou\u00a0com\u00a0uma\u00a0miniexposi\u00e7\u00e3o\u00a0das obras-primas e\u00a0para\u00a0aconchegar a barriga,\u00a0contaram\u00a0com\u00a0um lanche de Natal\u00a0preparado pela equipa.<\/span><span data-ccp-props=\"{&quot;335551550&quot;:6,&quot;335551620&quot;:6,&quot;335559739&quot;:0}\">\u00a0<\/span><\/p>\n<p><span data-contrast=\"auto\">Ainda em modo de Natal e tendo em conta o grupo de crian\u00e7as que acompanhamos no apoio ao estudo nas escolas, no \u00e2mbito do Programa\u00a0Proinf\u00e2ncia,\u00a0realiz\u00e1mos uma ida ao Teatro\u00a0Politeama\u00a0para\u00a0assistir\u00a0\u00e0\u00a0pe\u00e7a \u201cH\u00e9rcules\u201d. As crian\u00e7as adoraram e o teatro \u00e9 uma atividade\u00a0que resulta\u00a0sempre\u00a0muito bem, ainda mais na \u00e9poca natal\u00edcia.\u00a0Seguiu-se\u00a0um\u00a0almo\u00e7o\u00a0e,\u00a0para\u00a0surpresa\u00a0das crian\u00e7as, o Pai Natal ofereceu-lhes\u00a0presentes, que\u00a0sem d\u00favida foram\u00a0a cereja no topo do bolo.<\/span><span data-ccp-props=\"{&quot;335551550&quot;:6,&quot;335551620&quot;:6,&quot;335559739&quot;:0}\">\u00a0<\/span><\/p>\n<p><span data-contrast=\"auto\">Seguimos para mais uma aventura, o\u00a0t\u00e3o esperado\u00a0almo\u00e7o de Natal do nosso grupo dos Aventureiros. Este grupo\u00a0conta com cerca de\u00a030 jovens.\u00a0Entre\u00a0v\u00e1rios\u00a0momentos\u00a0de conv\u00edvio,\u00a0puderam rever alguns amigos que durante o per\u00edodo letivo,\u00a0por vezes,\u00a0n\u00e3o conseguem\u00a0ver.\u00a0Cheios de\u00a0energia e boa disposi\u00e7\u00e3o, disfrutaram de um almo\u00e7o natal\u00edcio e receberam presentes, doados por algu\u00e9m\u00a0que,\u00a0conhecendo\u00a0o trabalho que o Instituto de Apoio \u00e0 Crian\u00e7a realiza,\u00a0quis\u00a0contribuir para que as crian\u00e7as e jovens tivessem um Natal mais m\u00e1gico.<\/span><span data-ccp-props=\"{&quot;335551550&quot;:6,&quot;335551620&quot;:6,&quot;335559739&quot;:0}\">\u00a0<\/span><\/p>\n<p><span data-contrast=\"auto\">Para fechar o ano, e como j\u00e1 consideramos ser uma tradi\u00e7\u00e3o nossa, rum\u00e1mos com o grupo do 1\u00ba ciclo ao Teatro Armando Cortez, para assistir \u00e0 pe\u00e7a \u201cEra uma vez&#8230;\u201d. Uma pe\u00e7a divertida, cheia de aventuras e que retrata uma rela\u00e7\u00e3o muito pr\u00f3xima entre um av\u00f4 e os seus netos, em que estes \u00faltimos adoram ouvir as hist\u00f3rias que ele lhes conta. Esta pe\u00e7a fez a del\u00edcia das nossas crian\u00e7as. Ainda com os n\u00edveis de energia no m\u00e1ximo, almo\u00e7aram e receberam presentes de Natal, doados pelos funcion\u00e1rios do Banco Portugu\u00eas de Investimento (BPI), que nos contemplou, mais uma vez, com este nobre gesto.<\/span><span data-ccp-props=\"{&quot;335551550&quot;:6,&quot;335551620&quot;:6,&quot;335559739&quot;:0}\">\u00a0<\/span><\/p>\n<p><span data-contrast=\"auto\">Assim, encerr\u00e1mos as atividades do m\u00eas de dezembro, que sendo um m\u00eas de fecho de ciclos, nos permitiu fazer uma r\u00e1pida an\u00e1lise de tudo o que conseguimos realizar em 2025 e deixou a porta aberta para novas oportunidades e desafios que aguardamos que cheguem com a entrada no Novo Ano de 2026.\u00a0<\/span><span data-ccp-props=\"{&quot;335551550&quot;:6,&quot;335551620&quot;:6,&quot;335559739&quot;:0}\">\u00a0<\/span><\/p>\n<p><img fetchpriority=\"high\" decoding=\"async\" class=\"alignnone wp-image-27589 size-full\" src=\"https:\/\/iacrianca.pt\/wp-content\/uploads\/cac-2.png\" alt=\"\" width=\"676\" height=\"505\" srcset=\"https:\/\/iacrianca.pt\/wp-content\/uploads\/cac-2.png 676w, https:\/\/iacrianca.pt\/wp-content\/uploads\/cac-2-300x224.png 300w\" sizes=\"(max-width: 676px) 100vw, 676px\" \/> <img decoding=\"async\" class=\"alignnone wp-image-27591 size-full\" src=\"https:\/\/iacrianca.pt\/wp-content\/uploads\/cac3-2.png\" alt=\"\" width=\"677\" height=\"506\" srcset=\"https:\/\/iacrianca.pt\/wp-content\/uploads\/cac3-2.png 677w, https:\/\/iacrianca.pt\/wp-content\/uploads\/cac3-2-300x224.png 300w\" sizes=\"(max-width: 677px) 100vw, 677px\" \/> <img decoding=\"async\" class=\"alignnone wp-image-27593 size-full\" src=\"https:\/\/iacrianca.pt\/wp-content\/uploads\/cac4-2.png\" alt=\"\" width=\"680\" height=\"507\" srcset=\"https:\/\/iacrianca.pt\/wp-content\/uploads\/cac4-2.png 680w, https:\/\/iacrianca.pt\/wp-content\/uploads\/cac4-2-300x224.png 300w\" sizes=\"(max-width: 680px) 100vw, 680px\" \/> <img loading=\"lazy\" decoding=\"async\" class=\"alignnone wp-image-27595 size-full\" src=\"https:\/\/iacrianca.pt\/wp-content\/uploads\/cac5.png\" alt=\"\" width=\"671\" height=\"497\" srcset=\"https:\/\/iacrianca.pt\/wp-content\/uploads\/cac5.png 671w, https:\/\/iacrianca.pt\/wp-content\/uploads\/cac5-300x222.png 300w\" sizes=\"(max-width: 671px) 100vw, 671px\" \/> <img loading=\"lazy\" decoding=\"async\" class=\"alignnone wp-image-27597 size-full\" src=\"https:\/\/iacrianca.pt\/wp-content\/uploads\/cac6.png\" alt=\"\" width=\"581\" height=\"636\" srcset=\"https:\/\/iacrianca.pt\/wp-content\/uploads\/cac6.png 581w, https:\/\/iacrianca.pt\/wp-content\/uploads\/cac6-274x300.png 274w\" sizes=\"(max-width: 581px) 100vw, 581px\" \/><\/p>\n","protected":false},"excerpt":{"rendered":"<p>O m\u00eas de Dezembro, marca o encerramento do ano e \u00e9, por norma, uma \u00e9poca de grandes festejos e momentos vividos intensamente pelas fam\u00edlias. As f\u00e9rias escolares d\u00e3o oportunidade a que crian\u00e7as tenham mais tempo de qualidade com as fam\u00edlias aproveitando melhor os momentos, criando mem\u00f3rias e fortalecendo os la\u00e7os emocionais. No Centro de Apoio&hellip;<\/p>\n","protected":false},"author":2,"featured_media":27587,"comment_status":"closed","ping_status":"closed","sticky":false,"template":"","format":"standard","meta":{"_acf_changed":false,"footnotes":""},"categories":[63],"tags":[],"class_list":["post-27586","post","type-post","status-publish","format-standard","has-post-thumbnail","hentry","category-newsletter","category-63","description-off"],"acf":[],"yoast_head":"<!-- This site is optimized with the Yoast SEO plugin v27.5 - https:\/\/yoast.com\/product\/yoast-seo-wordpress\/ -->\n<title>Como o melhor fica para o final, eis que cheg\u00e1mos ao m\u00eas do Natal! | Instituto de Apoio \u00e0 Crian\u00e7a<\/title>\n<meta name=\"robots\" content=\"index, follow, max-snippet:-1, max-image-preview:large, max-video-preview:-1\" \/>\n<link rel=\"canonical\" href=\"https:\/\/iacrianca.pt\/en\/2026\/01\/como-o-melhor-fica-para-o-final-eis-que-chegamos-ao-mes-do-natal\/\" \/>\n<meta property=\"og:locale\" content=\"en_US\" \/>\n<meta property=\"og:type\" content=\"article\" \/>\n<meta property=\"og:title\" content=\"Como o melhor fica para o final, eis que cheg\u00e1mos ao m\u00eas do Natal! | Instituto de Apoio \u00e0 Crian\u00e7a\" \/>\n<meta property=\"og:description\" content=\"O m\u00eas de Dezembro, marca o encerramento do ano e \u00e9, por norma, uma \u00e9poca de grandes festejos e momentos vividos intensamente pelas fam\u00edlias. As f\u00e9rias escolares d\u00e3o oportunidade a que crian\u00e7as tenham mais tempo de qualidade com as fam\u00edlias aproveitando melhor os momentos, criando mem\u00f3rias e fortalecendo os la\u00e7os emocionais. No Centro de Apoio&hellip;\" \/>\n<meta property=\"og:url\" content=\"https:\/\/iacrianca.pt\/en\/2026\/01\/como-o-melhor-fica-para-o-final-eis-que-chegamos-ao-mes-do-natal\/\" \/>\n<meta property=\"og:site_name\" content=\"Instituto de Apoio \u00e0 Crian\u00e7a\" \/>\n<meta property=\"article:publisher\" content=\"https:\/\/www.facebook.com\/iacinstitutodeapoioacrianca\" \/>\n<meta property=\"article:published_time\" content=\"2026-01-06T15:51:26+00:00\" \/>\n<meta property=\"article:modified_time\" content=\"2026-01-12T16:26:43+00:00\" \/>\n<meta property=\"og:image\" content=\"https:\/\/iacrianca.pt\/wp-content\/uploads\/cac2-2.png\" \/>\n\t<meta property=\"og:image:width\" content=\"696\" \/>\n\t<meta property=\"og:image:height\" content=\"429\" \/>\n\t<meta property=\"og:image:type\" content=\"image\/png\" \/>\n<meta name=\"author\" content=\"Administra\u00e7\u00e3o IAC\" \/>\n<meta name=\"twitter:card\" content=\"summary_large_image\" \/>\n<meta name=\"twitter:creator\" content=\"@iacapoiocrianca\" \/>\n<meta name=\"twitter:site\" content=\"@iacapoiocrianca\" \/>\n<meta name=\"twitter:label1\" content=\"Written by\" \/>\n\t<meta name=\"twitter:data1\" content=\"Administra\u00e7\u00e3o IAC\" \/>\n\t<meta name=\"twitter:label2\" content=\"Est. reading time\" \/>\n\t<meta name=\"twitter:data2\" content=\"4 minutes\" \/>\n<script type=\"application\/ld+json\" class=\"yoast-schema-graph\">{\"@context\":\"https:\\\/\\\/schema.org\",\"@graph\":[{\"@type\":\"Article\",\"@id\":\"https:\\\/\\\/iacrianca.pt\\\/en\\\/2026\\\/01\\\/como-o-melhor-fica-para-o-final-eis-que-chegamos-ao-mes-do-natal\\\/#article\",\"isPartOf\":{\"@id\":\"https:\\\/\\\/iacrianca.pt\\\/en\\\/2026\\\/01\\\/como-o-melhor-fica-para-o-final-eis-que-chegamos-ao-mes-do-natal\\\/\"},\"author\":{\"name\":\"Administra\u00e7\u00e3o IAC\",\"@id\":\"https:\\\/\\\/iacrianca.pt\\\/en\\\/#\\\/schema\\\/person\\\/1c48c6e4b70d0dc7360e4b28ceaa5f6b\"},\"headline\":\"Como o melhor fica para o final, eis que cheg\u00e1mos ao m\u00eas do Natal!\",\"datePublished\":\"2026-01-06T15:51:26+00:00\",\"dateModified\":\"2026-01-12T16:26:43+00:00\",\"mainEntityOfPage\":{\"@id\":\"https:\\\/\\\/iacrianca.pt\\\/en\\\/2026\\\/01\\\/como-o-melhor-fica-para-o-final-eis-que-chegamos-ao-mes-do-natal\\\/\"},\"wordCount\":566,\"publisher\":{\"@id\":\"https:\\\/\\\/iacrianca.pt\\\/en\\\/#organization\"},\"image\":{\"@id\":\"https:\\\/\\\/iacrianca.pt\\\/en\\\/2026\\\/01\\\/como-o-melhor-fica-para-o-final-eis-que-chegamos-ao-mes-do-natal\\\/#primaryimage\"},\"thumbnailUrl\":\"https:\\\/\\\/iacrianca.pt\\\/wp-content\\\/uploads\\\/cac2-2.png\",\"articleSection\":[\"Newsletter\"],\"inLanguage\":\"en-US\"},{\"@type\":\"WebPage\",\"@id\":\"https:\\\/\\\/iacrianca.pt\\\/en\\\/2026\\\/01\\\/como-o-melhor-fica-para-o-final-eis-que-chegamos-ao-mes-do-natal\\\/\",\"url\":\"https:\\\/\\\/iacrianca.pt\\\/en\\\/2026\\\/01\\\/como-o-melhor-fica-para-o-final-eis-que-chegamos-ao-mes-do-natal\\\/\",\"name\":\"Como o melhor fica para o final, eis que cheg\u00e1mos ao m\u00eas do Natal! | Instituto de Apoio \u00e0 Crian\u00e7a\",\"isPartOf\":{\"@id\":\"https:\\\/\\\/iacrianca.pt\\\/en\\\/#website\"},\"primaryImageOfPage\":{\"@id\":\"https:\\\/\\\/iacrianca.pt\\\/en\\\/2026\\\/01\\\/como-o-melhor-fica-para-o-final-eis-que-chegamos-ao-mes-do-natal\\\/#primaryimage\"},\"image\":{\"@id\":\"https:\\\/\\\/iacrianca.pt\\\/en\\\/2026\\\/01\\\/como-o-melhor-fica-para-o-final-eis-que-chegamos-ao-mes-do-natal\\\/#primaryimage\"},\"thumbnailUrl\":\"https:\\\/\\\/iacrianca.pt\\\/wp-content\\\/uploads\\\/cac2-2.png\",\"datePublished\":\"2026-01-06T15:51:26+00:00\",\"dateModified\":\"2026-01-12T16:26:43+00:00\",\"breadcrumb\":{\"@id\":\"https:\\\/\\\/iacrianca.pt\\\/en\\\/2026\\\/01\\\/como-o-melhor-fica-para-o-final-eis-que-chegamos-ao-mes-do-natal\\\/#breadcrumb\"},\"inLanguage\":\"en-US\",\"potentialAction\":[{\"@type\":\"ReadAction\",\"target\":[\"https:\\\/\\\/iacrianca.pt\\\/en\\\/2026\\\/01\\\/como-o-melhor-fica-para-o-final-eis-que-chegamos-ao-mes-do-natal\\\/\"]}]},{\"@type\":\"ImageObject\",\"inLanguage\":\"en-US\",\"@id\":\"https:\\\/\\\/iacrianca.pt\\\/en\\\/2026\\\/01\\\/como-o-melhor-fica-para-o-final-eis-que-chegamos-ao-mes-do-natal\\\/#primaryimage\",\"url\":\"https:\\\/\\\/iacrianca.pt\\\/wp-content\\\/uploads\\\/cac2-2.png\",\"contentUrl\":\"https:\\\/\\\/iacrianca.pt\\\/wp-content\\\/uploads\\\/cac2-2.png\",\"width\":696,\"height\":429},{\"@type\":\"BreadcrumbList\",\"@id\":\"https:\\\/\\\/iacrianca.pt\\\/en\\\/2026\\\/01\\\/como-o-melhor-fica-para-o-final-eis-que-chegamos-ao-mes-do-natal\\\/#breadcrumb\",\"itemListElement\":[{\"@type\":\"ListItem\",\"position\":1,\"name\":\"In\u00edcio\",\"item\":\"https:\\\/\\\/iacrianca.pt\\\/en\\\/\"},{\"@type\":\"ListItem\",\"position\":2,\"name\":\"Como o melhor fica para o final, eis que cheg\u00e1mos ao m\u00eas do Natal!\"}]},{\"@type\":\"WebSite\",\"@id\":\"https:\\\/\\\/iacrianca.pt\\\/en\\\/#website\",\"url\":\"https:\\\/\\\/iacrianca.pt\\\/en\\\/\",\"name\":\"Instituto de Apoio \u00e0 Crian\u00e7a\",\"description\":\"Desde 1983 na defesa e promo\u00e7\u00e3o dos direitos da crian\u00e7a\",\"publisher\":{\"@id\":\"https:\\\/\\\/iacrianca.pt\\\/en\\\/#organization\"},\"potentialAction\":[{\"@type\":\"SearchAction\",\"target\":{\"@type\":\"EntryPoint\",\"urlTemplate\":\"https:\\\/\\\/iacrianca.pt\\\/en\\\/?s={search_term_string}\"},\"query-input\":{\"@type\":\"PropertyValueSpecification\",\"valueRequired\":true,\"valueName\":\"search_term_string\"}}],\"inLanguage\":\"en-US\"},{\"@type\":\"Organization\",\"@id\":\"https:\\\/\\\/iacrianca.pt\\\/en\\\/#organization\",\"name\":\"Instituto de Apoio \u00e0 Crian\u00e7a\",\"url\":\"https:\\\/\\\/iacrianca.pt\\\/en\\\/\",\"logo\":{\"@type\":\"ImageObject\",\"inLanguage\":\"en-US\",\"@id\":\"https:\\\/\\\/iacrianca.pt\\\/en\\\/#\\\/schema\\\/logo\\\/image\\\/\",\"url\":\"https:\\\/\\\/iacrianca.pt\\\/wp-content\\\/uploads\\\/2020\\\/04\\\/logo-iac-SD.jpg\",\"contentUrl\":\"https:\\\/\\\/iacrianca.pt\\\/wp-content\\\/uploads\\\/2020\\\/04\\\/logo-iac-SD.jpg\",\"width\":152,\"height\":73,\"caption\":\"Instituto de Apoio \u00e0 Crian\u00e7a\"},\"image\":{\"@id\":\"https:\\\/\\\/iacrianca.pt\\\/en\\\/#\\\/schema\\\/logo\\\/image\\\/\"},\"sameAs\":[\"https:\\\/\\\/www.facebook.com\\\/iacinstitutodeapoioacrianca\",\"https:\\\/\\\/x.com\\\/iacapoiocrianca\",\"https:\\\/\\\/www.youtube.com\\\/channel\\\/UC0jjfZ_xkN_59gJf_RQ-ZnQ\",\"https:\\\/\\\/www.linkedin.com\\\/company\\\/instituto-de-apoio--criana\\\/\",\"https:\\\/\\\/www.instagram.com\\\/iacinstitutodeapoioacrianca\\\/\",\"https:\\\/\\\/criancasatortoeadireitos.wordpress.com\\\/\"]},{\"@type\":\"Person\",\"@id\":\"https:\\\/\\\/iacrianca.pt\\\/en\\\/#\\\/schema\\\/person\\\/1c48c6e4b70d0dc7360e4b28ceaa5f6b\",\"name\":\"Administra\u00e7\u00e3o IAC\",\"image\":{\"@type\":\"ImageObject\",\"inLanguage\":\"en-US\",\"@id\":\"https:\\\/\\\/secure.gravatar.com\\\/avatar\\\/60b998c71de37dcc1398fc6d48c6b5ed7533e3ceec837c948055f072e3158ff1?s=96&d=mm&r=g\",\"url\":\"https:\\\/\\\/secure.gravatar.com\\\/avatar\\\/60b998c71de37dcc1398fc6d48c6b5ed7533e3ceec837c948055f072e3158ff1?s=96&d=mm&r=g\",\"contentUrl\":\"https:\\\/\\\/secure.gravatar.com\\\/avatar\\\/60b998c71de37dcc1398fc6d48c6b5ed7533e3ceec837c948055f072e3158ff1?s=96&d=mm&r=g\",\"caption\":\"Administra\u00e7\u00e3o IAC\"}}]}<\/script>\n<!-- \/ Yoast SEO plugin. -->","yoast_head_json":{"title":"Como o melhor fica para o final, eis que cheg\u00e1mos ao m\u00eas do Natal! | Instituto de Apoio \u00e0 Crian\u00e7a","robots":{"index":"index","follow":"follow","max-snippet":"max-snippet:-1","max-image-preview":"max-image-preview:large","max-video-preview":"max-video-preview:-1"},"canonical":"https:\/\/iacrianca.pt\/en\/2026\/01\/como-o-melhor-fica-para-o-final-eis-que-chegamos-ao-mes-do-natal\/","og_locale":"en_US","og_type":"article","og_title":"Como o melhor fica para o final, eis que cheg\u00e1mos ao m\u00eas do Natal! | Instituto de Apoio \u00e0 Crian\u00e7a","og_description":"O m\u00eas de Dezembro, marca o encerramento do ano e \u00e9, por norma, uma \u00e9poca de grandes festejos e momentos vividos intensamente pelas fam\u00edlias. As f\u00e9rias escolares d\u00e3o oportunidade a que crian\u00e7as tenham mais tempo de qualidade com as fam\u00edlias aproveitando melhor os momentos, criando mem\u00f3rias e fortalecendo os la\u00e7os emocionais. No Centro de Apoio&hellip;","og_url":"https:\/\/iacrianca.pt\/en\/2026\/01\/como-o-melhor-fica-para-o-final-eis-que-chegamos-ao-mes-do-natal\/","og_site_name":"Instituto de Apoio \u00e0 Crian\u00e7a","article_publisher":"https:\/\/www.facebook.com\/iacinstitutodeapoioacrianca","article_published_time":"2026-01-06T15:51:26+00:00","article_modified_time":"2026-01-12T16:26:43+00:00","og_image":[{"width":696,"height":429,"url":"https:\/\/iacrianca.pt\/wp-content\/uploads\/cac2-2.png","type":"image\/png"}],"author":"Administra\u00e7\u00e3o IAC","twitter_card":"summary_large_image","twitter_creator":"@iacapoiocrianca","twitter_site":"@iacapoiocrianca","twitter_misc":{"Written by":"Administra\u00e7\u00e3o IAC","Est. reading time":"4 minutes"},"schema":{"@context":"https:\/\/schema.org","@graph":[{"@type":"Article","@id":"https:\/\/iacrianca.pt\/en\/2026\/01\/como-o-melhor-fica-para-o-final-eis-que-chegamos-ao-mes-do-natal\/#article","isPartOf":{"@id":"https:\/\/iacrianca.pt\/en\/2026\/01\/como-o-melhor-fica-para-o-final-eis-que-chegamos-ao-mes-do-natal\/"},"author":{"name":"Administra\u00e7\u00e3o IAC","@id":"https:\/\/iacrianca.pt\/en\/#\/schema\/person\/1c48c6e4b70d0dc7360e4b28ceaa5f6b"},"headline":"Como o melhor fica para o final, eis que cheg\u00e1mos ao m\u00eas do Natal!","datePublished":"2026-01-06T15:51:26+00:00","dateModified":"2026-01-12T16:26:43+00:00","mainEntityOfPage":{"@id":"https:\/\/iacrianca.pt\/en\/2026\/01\/como-o-melhor-fica-para-o-final-eis-que-chegamos-ao-mes-do-natal\/"},"wordCount":566,"publisher":{"@id":"https:\/\/iacrianca.pt\/en\/#organization"},"image":{"@id":"https:\/\/iacrianca.pt\/en\/2026\/01\/como-o-melhor-fica-para-o-final-eis-que-chegamos-ao-mes-do-natal\/#primaryimage"},"thumbnailUrl":"https:\/\/iacrianca.pt\/wp-content\/uploads\/cac2-2.png","articleSection":["Newsletter"],"inLanguage":"en-US"},{"@type":"WebPage","@id":"https:\/\/iacrianca.pt\/en\/2026\/01\/como-o-melhor-fica-para-o-final-eis-que-chegamos-ao-mes-do-natal\/","url":"https:\/\/iacrianca.pt\/en\/2026\/01\/como-o-melhor-fica-para-o-final-eis-que-chegamos-ao-mes-do-natal\/","name":"Como o melhor fica para o final, eis que cheg\u00e1mos ao m\u00eas do Natal! | Instituto de Apoio \u00e0 Crian\u00e7a","isPartOf":{"@id":"https:\/\/iacrianca.pt\/en\/#website"},"primaryImageOfPage":{"@id":"https:\/\/iacrianca.pt\/en\/2026\/01\/como-o-melhor-fica-para-o-final-eis-que-chegamos-ao-mes-do-natal\/#primaryimage"},"image":{"@id":"https:\/\/iacrianca.pt\/en\/2026\/01\/como-o-melhor-fica-para-o-final-eis-que-chegamos-ao-mes-do-natal\/#primaryimage"},"thumbnailUrl":"https:\/\/iacrianca.pt\/wp-content\/uploads\/cac2-2.png","datePublished":"2026-01-06T15:51:26+00:00","dateModified":"2026-01-12T16:26:43+00:00","breadcrumb":{"@id":"https:\/\/iacrianca.pt\/en\/2026\/01\/como-o-melhor-fica-para-o-final-eis-que-chegamos-ao-mes-do-natal\/#breadcrumb"},"inLanguage":"en-US","potentialAction":[{"@type":"ReadAction","target":["https:\/\/iacrianca.pt\/en\/2026\/01\/como-o-melhor-fica-para-o-final-eis-que-chegamos-ao-mes-do-natal\/"]}]},{"@type":"ImageObject","inLanguage":"en-US","@id":"https:\/\/iacrianca.pt\/en\/2026\/01\/como-o-melhor-fica-para-o-final-eis-que-chegamos-ao-mes-do-natal\/#primaryimage","url":"https:\/\/iacrianca.pt\/wp-content\/uploads\/cac2-2.png","contentUrl":"https:\/\/iacrianca.pt\/wp-content\/uploads\/cac2-2.png","width":696,"height":429},{"@type":"BreadcrumbList","@id":"https:\/\/iacrianca.pt\/en\/2026\/01\/como-o-melhor-fica-para-o-final-eis-que-chegamos-ao-mes-do-natal\/#breadcrumb","itemListElement":[{"@type":"ListItem","position":1,"name":"In\u00edcio","item":"https:\/\/iacrianca.pt\/en\/"},{"@type":"ListItem","position":2,"name":"Como o melhor fica para o final, eis que cheg\u00e1mos ao m\u00eas do Natal!"}]},{"@type":"WebSite","@id":"https:\/\/iacrianca.pt\/en\/#website","url":"https:\/\/iacrianca.pt\/en\/","name":"Instituto de Apoio \u00e0 Crian\u00e7a","description":"Desde 1983 na defesa e promo\u00e7\u00e3o dos direitos da crian\u00e7a","publisher":{"@id":"https:\/\/iacrianca.pt\/en\/#organization"},"potentialAction":[{"@type":"SearchAction","target":{"@type":"EntryPoint","urlTemplate":"https:\/\/iacrianca.pt\/en\/?s={search_term_string}"},"query-input":{"@type":"PropertyValueSpecification","valueRequired":true,"valueName":"search_term_string"}}],"inLanguage":"en-US"},{"@type":"Organization","@id":"https:\/\/iacrianca.pt\/en\/#organization","name":"Instituto de Apoio \u00e0 Crian\u00e7a","url":"https:\/\/iacrianca.pt\/en\/","logo":{"@type":"ImageObject","inLanguage":"en-US","@id":"https:\/\/iacrianca.pt\/en\/#\/schema\/logo\/image\/","url":"https:\/\/iacrianca.pt\/wp-content\/uploads\/2020\/04\/logo-iac-SD.jpg","contentUrl":"https:\/\/iacrianca.pt\/wp-content\/uploads\/2020\/04\/logo-iac-SD.jpg","width":152,"height":73,"caption":"Instituto de Apoio \u00e0 Crian\u00e7a"},"image":{"@id":"https:\/\/iacrianca.pt\/en\/#\/schema\/logo\/image\/"},"sameAs":["https:\/\/www.facebook.com\/iacinstitutodeapoioacrianca","https:\/\/x.com\/iacapoiocrianca","https:\/\/www.youtube.com\/channel\/UC0jjfZ_xkN_59gJf_RQ-ZnQ","https:\/\/www.linkedin.com\/company\/instituto-de-apoio--criana\/","https:\/\/www.instagram.com\/iacinstitutodeapoioacrianca\/","https:\/\/criancasatortoeadireitos.wordpress.com\/"]},{"@type":"Person","@id":"https:\/\/iacrianca.pt\/en\/#\/schema\/person\/1c48c6e4b70d0dc7360e4b28ceaa5f6b","name":"Administra\u00e7\u00e3o IAC","image":{"@type":"ImageObject","inLanguage":"en-US","@id":"https:\/\/secure.gravatar.com\/avatar\/60b998c71de37dcc1398fc6d48c6b5ed7533e3ceec837c948055f072e3158ff1?s=96&d=mm&r=g","url":"https:\/\/secure.gravatar.com\/avatar\/60b998c71de37dcc1398fc6d48c6b5ed7533e3ceec837c948055f072e3158ff1?s=96&d=mm&r=g","contentUrl":"https:\/\/secure.gravatar.com\/avatar\/60b998c71de37dcc1398fc6d48c6b5ed7533e3ceec837c948055f072e3158ff1?s=96&d=mm&r=g","caption":"Administra\u00e7\u00e3o IAC"}}]}},"_links":{"self":[{"href":"https:\/\/iacrianca.pt\/en\/wp-json\/wp\/v2\/posts\/27586","targetHints":{"allow":["GET"]}}],"collection":[{"href":"https:\/\/iacrianca.pt\/en\/wp-json\/wp\/v2\/posts"}],"about":[{"href":"https:\/\/iacrianca.pt\/en\/wp-json\/wp\/v2\/types\/post"}],"author":[{"embeddable":true,"href":"https:\/\/iacrianca.pt\/en\/wp-json\/wp\/v2\/users\/2"}],"replies":[{"embeddable":true,"href":"https:\/\/iacrianca.pt\/en\/wp-json\/wp\/v2\/comments?post=27586"}],"version-history":[{"count":0,"href":"https:\/\/iacrianca.pt\/en\/wp-json\/wp\/v2\/posts\/27586\/revisions"}],"wp:featuredmedia":[{"embeddable":true,"href":"https:\/\/iacrianca.pt\/en\/wp-json\/wp\/v2\/media\/27587"}],"wp:attachment":[{"href":"https:\/\/iacrianca.pt\/en\/wp-json\/wp\/v2\/media?parent=27586"}],"wp:term":[{"taxonomy":"category","embeddable":true,"href":"https:\/\/iacrianca.pt\/en\/wp-json\/wp\/v2\/categories?post=27586"},{"taxonomy":"post_tag","embeddable":true,"href":"https:\/\/iacrianca.pt\/en\/wp-json\/wp\/v2\/tags?post=27586"}],"curies":[{"name":"wp","href":"https:\/\/api.w.org\/{rel}","templated":true}]}}